{"id":19409,"date":"2025-12-29T01:28:00","date_gmt":"2025-12-29T04:28:00","guid":{"rendered":"https:\/\/nuevodigitaldeescobar.com.ar\/?p=19409"},"modified":"2025-12-29T10:25:47","modified_gmt":"2025-12-29T13:25:47","slug":"villa-lugano-la-autopsia-confirmo-que-el-hombre-murio-por-disparos-de-municion-multiple-en-medio-de-un-operativo-policial","status":"publish","type":"post","link":"https:\/\/nuevodigitaldeescobar.com.ar\/?p=19409","title":{"rendered":"Villa Lugano: la autopsia confirm\u00f3 que el hombre muri\u00f3 por disparos de munici\u00f3n m\u00faltiple en medio de un operativo policial"},"content":{"rendered":"\n<p class=\"has-vivid-cyan-blue-color has-text-color has-link-color wp-elements-752f31bb52de138bf12abad5ab75e17e\"><strong><em>La Justicia dio a conocer los resultados preliminares de la autopsia practicada a Juan Gabriel Gonz\u00e1lez, el hombre de 45 a\u00f1os que falleci\u00f3 el pasado jueves tras un enfrentamiento con efectivos de la Polic\u00eda de la Ciudad en el Barrio 20 de Villa Lugano. El informe forense ratific\u00f3 que la causa de muerte fue una hemorragia interna y externa provocada por proyectiles de munici\u00f3n m\u00faltiple (perdigones) que impactaron en la zona del t\u00f3rax y el abdomen.<\/em><\/strong><\/p>\n\n\n\n<!--more-->\n\n\n\n<p>El hecho, que qued\u00f3 registrado en videos que circulan en redes sociales, se desencaden\u00f3 cerca del mediod\u00eda en la intersecci\u00f3n de Chilavert y Araujo. Seg\u00fan las im\u00e1genes, Gonz\u00e1lez se enfrent\u00f3 f\u00edsicamente con los agentes antes de caer herido de muerte.<\/p>\n\n\n\n<figure class=\"wp-block-video aligncenter\"><video controls src=\"https:\/\/nuevodigitaldeescobar.com.ar\/wp-content\/uploads\/2025\/12\/villalugano34.mp4\"><\/video><\/figure>\n\n\n\n<h3 class=\"wp-block-heading has-text-color has-link-color wp-elements-c2bb224458d76e65679a536bc43d0c9c\" style=\"color:#0f26aa\">El estado de la investigaci\u00f3n y los efectivos implicados<\/h3>\n\n\n\n<p>Tras el tr\u00e1gico desenlace, el Ministerio de Seguridad porte\u00f1o dispuso el <strong>pase a disponibilidad de un oficial primero<\/strong> de la Comisar\u00eda 8 A para facilitar el proceso judicial. En total, son <strong>siete los polic\u00edas implicados<\/strong> en el episodio: tres pertenecientes a la Comisar\u00eda Vecinal 8-A y cuatro de la Divisi\u00f3n Unidad T\u00e1ctica de Pacificaci\u00f3n VI.<\/p>\n\n\n\n<p>Hasta el momento, la situaci\u00f3n judicial se desarrolla bajo los siguientes puntos clave:<\/p>\n\n\n\n<ul class=\"wp-block-list\">\n<li><strong>Investigaci\u00f3n delegada:<\/strong> La jueza Laura Bruniard, a cargo del Juzgado Nacional en lo Criminal y Correccional N\u00b020, otorg\u00f3 la investigaci\u00f3n a la Divisi\u00f3n Homicidios de la <strong>Polic\u00eda Federal Argentina (PFA)<\/strong> para garantizar transparencia.<\/li>\n\n\n\n<li><strong>Imputaciones:<\/strong> Inicialmente, un efectivo identificado como L.D.G. ha sido imputado por el presunto delito de <strong>encubrimiento<\/strong>.<\/li>\n\n\n\n<li><strong>Armamento utilizado:<\/strong> Fuentes oficiales de la Ciudad indicaron que los agentes no utilizaron armas de fuego convencionales, sino <strong>\u00abmaterial antidisturbios\u00bb<\/strong> (escopetas con postas), cuyo uso est\u00e1 bajo sumario administrativo por parte de la Oficina de Transparencia y Control Externo.<\/li>\n<\/ul>\n\n\n\n<h3 class=\"wp-block-heading has-text-color has-link-color wp-elements-eec08dbdef9fd3733a0e084f51f86af5\" style=\"color:#0f26aa\">La versi\u00f3n de la familia y el pedido de justicia<\/h3>\n\n\n\n<p>Juan Gabriel Gonz\u00e1lez se desempe\u00f1aba como pintor y trabajador de la construcci\u00f3n. Su familia, representada por la abogada Romina \u00c1vila, rechaza la versi\u00f3n oficial de un conflicto vecinal previo. Seg\u00fan la letrada, el incidente comenz\u00f3 cuando Gonz\u00e1lez intent\u00f3 defender a su hijo de lo que consider\u00f3 un accionar policial prepotente y violento en los pasillos del barrio.<\/p>\n\n\n\n<p>Adem\u00e1s de la muerte de Gonz\u00e1lez, la defensa denunci\u00f3 que la esposa de la v\u00edctima, un amigo y un vecino fueron detenidos, golpeados y amenazados por los efectivos involucrados. El pasado viernes, allegados y vecinos realizaron una marcha exigiendo el esclarecimiento total del caso y la identificaci\u00f3n del autor material del disparo.<\/p>\n\n\n\n<p><\/p>\n","protected":false},"excerpt":{"rendered":"<p>La Justicia dio a conocer los resultados preliminares de la autopsia practicada a Juan Gabriel Gonz\u00e1lez, el hombre de 45 a\u00f1os que falleci\u00f3 el pasado [&hellip;]<\/p>\n","protected":false},"author":1,"featured_media":19414,"comment_status":"open","ping_status":"open","sticky":false,"template":"","format":"standard","meta":{"footnotes":""},"categories":[13],"tags":[],"class_list":["post-19409","post","type-post","status-publish","format-standard","has-post-thumbnail","hentry","category-policiales"],"better_featured_image":{"id":19414,"alt_text":"","caption":"","description":"","media_type":"image","media_details":{"width":535,"height":462,"file":"2025\/12\/villalugano344.png","filesize":313673,"sizes":{"medium":{"file":"villalugano344-300x259.png","width":300,"height":259,"mime-type":"image\/png","filesize":64466,"source_url":"https:\/\/nuevodigitaldeescobar.com.ar\/wp-content\/uploads\/2025\/12\/villalugano344-300x259.png"},"thumbnail":{"file":"villalugano344-150x150.png","width":150,"height":150,"mime-type":"image\/png","filesize":21262,"source_url":"https:\/\/nuevodigitaldeescobar.com.ar\/wp-content\/uploads\/2025\/12\/villalugano344-150x150.png"}},"image_meta":{"aperture":"0","credit":"","camera":"","caption":"","created_timestamp":"0","copyright":"","focal_length":"0","iso":"0","shutter_speed":"0","title":"","orientation":"0","keywords":[]}},"post":19409,"source_url":"https:\/\/nuevodigitaldeescobar.com.ar\/wp-content\/uploads\/2025\/12\/villalugano344.png"},"yoast_head":"<!-- This site is optimized with the Yoast SEO plugin v26.1.1 - https:\/\/yoast.com\/wordpress\/plugins\/seo\/ -->\n<title>Villa Lugano: la autopsia confirm\u00f3 que el hombre muri\u00f3 por disparos de munici\u00f3n m\u00faltiple en medio de un operativo policial - Nuevo Digital de Escobar<\/title>\n<meta name=\"robots\" content=\"index, follow, max-snippet:-1, max-image-preview:large, max-video-preview:-1\" \/>\n<link rel=\"canonical\" href=\"https:\/\/nuevodigitaldeescobar.com.ar\/?p=19409\" \/>\n<meta property=\"og:locale\" content=\"es_ES\" \/>\n<meta property=\"og:type\" content=\"article\" \/>\n<meta property=\"og:title\" content=\"Villa Lugano: la autopsia confirm\u00f3 que el hombre muri\u00f3 por disparos de munici\u00f3n m\u00faltiple en medio de un operativo policial - Nuevo Digital de Escobar\" \/>\n<meta property=\"og:description\" content=\"La Justicia dio a conocer los resultados preliminares de la autopsia practicada a Juan Gabriel Gonz\u00e1lez, el hombre de 45 a\u00f1os que falleci\u00f3 el pasado [&hellip;]\" \/>\n<meta property=\"og:url\" content=\"https:\/\/nuevodigitaldeescobar.com.ar\/?p=19409\" \/>\n<meta property=\"og:site_name\" content=\"Nuevo Digital de Escobar\" \/>\n<meta property=\"article:publisher\" content=\"https:\/\/www.facebook.com\/NUEVODigitalDeEscobar\" \/>\n<meta property=\"article:published_time\" content=\"2025-12-29T04:28:00+00:00\" \/>\n<meta property=\"article:modified_time\" content=\"2025-12-29T13:25:47+00:00\" \/>\n<meta property=\"og:image\" content=\"http:\/\/nuevodigitaldeescobar.com.ar\/wp-content\/uploads\/2025\/12\/villalugano344.png\" \/>\n\t<meta property=\"og:image:width\" content=\"535\" \/>\n\t<meta property=\"og:image:height\" content=\"462\" \/>\n\t<meta property=\"og:image:type\" content=\"image\/png\" \/>\n<meta name=\"author\" content=\"Redacci\u00f3n\" \/>\n<meta name=\"twitter:card\" content=\"summary_large_image\" \/>\n<meta name=\"twitter:creator\" content=\"@nuevodigescobar\" \/>\n<meta name=\"twitter:site\" content=\"@nuevodigescobar\" \/>\n<meta name=\"twitter:label1\" content=\"Escrito por\" \/>\n\t<meta name=\"twitter:data1\" content=\"Redacci\u00f3n\" \/>\n\t<meta name=\"twitter:label2\" content=\"Tiempo de lectura\" \/>\n\t<meta name=\"twitter:data2\" content=\"3 minutos\" \/>\n<script type=\"application\/ld+json\" class=\"yoast-schema-graph\">{\"@context\":\"https:\/\/schema.org\",\"@graph\":[{\"@type\":\"Article\",\"@id\":\"https:\/\/nuevodigitaldeescobar.com.ar\/?p=19409#article\",\"isPartOf\":{\"@id\":\"https:\/\/nuevodigitaldeescobar.com.ar\/?p=19409\"},\"author\":{\"name\":\"Redacci\u00f3n\",\"@id\":\"https:\/\/nuevodigitaldeescobar.com.ar\/#\/schema\/person\/035e90a8efe9a80e6eec22656ad6ea4c\"},\"headline\":\"Villa Lugano: la autopsia confirm\u00f3 que el hombre muri\u00f3 por disparos de munici\u00f3n m\u00faltiple en medio de un operativo policial\",\"datePublished\":\"2025-12-29T04:28:00+00:00\",\"dateModified\":\"2025-12-29T13:25:47+00:00\",\"mainEntityOfPage\":{\"@id\":\"https:\/\/nuevodigitaldeescobar.com.ar\/?p=19409\"},\"wordCount\":458,\"commentCount\":0,\"publisher\":{\"@id\":\"https:\/\/nuevodigitaldeescobar.com.ar\/#organization\"},\"image\":{\"@id\":\"https:\/\/nuevodigitaldeescobar.com.ar\/?p=19409#primaryimage\"},\"thumbnailUrl\":\"https:\/\/nuevodigitaldeescobar.com.ar\/wp-content\/uploads\/2025\/12\/villalugano344.png\",\"articleSection\":[\"Policiales\"],\"inLanguage\":\"es\",\"potentialAction\":[{\"@type\":\"CommentAction\",\"name\":\"Comment\",\"target\":[\"https:\/\/nuevodigitaldeescobar.com.ar\/?p=19409#respond\"]}]},{\"@type\":\"WebPage\",\"@id\":\"https:\/\/nuevodigitaldeescobar.com.ar\/?p=19409\",\"url\":\"https:\/\/nuevodigitaldeescobar.com.ar\/?p=19409\",\"name\":\"Villa Lugano: la autopsia confirm\u00f3 que el hombre muri\u00f3 por disparos de munici\u00f3n m\u00faltiple en medio de un operativo policial - Nuevo Digital de Escobar\",\"isPartOf\":{\"@id\":\"https:\/\/nuevodigitaldeescobar.com.ar\/#website\"},\"primaryImageOfPage\":{\"@id\":\"https:\/\/nuevodigitaldeescobar.com.ar\/?p=19409#primaryimage\"},\"image\":{\"@id\":\"https:\/\/nuevodigitaldeescobar.com.ar\/?p=19409#primaryimage\"},\"thumbnailUrl\":\"https:\/\/nuevodigitaldeescobar.com.ar\/wp-content\/uploads\/2025\/12\/villalugano344.png\",\"datePublished\":\"2025-12-29T04:28:00+00:00\",\"dateModified\":\"2025-12-29T13:25:47+00:00\",\"breadcrumb\":{\"@id\":\"https:\/\/nuevodigitaldeescobar.com.ar\/?p=19409#breadcrumb\"},\"inLanguage\":\"es\",\"potentialAction\":[{\"@type\":\"ReadAction\",\"target\":[\"https:\/\/nuevodigitaldeescobar.com.ar\/?p=19409\"]}]},{\"@type\":\"ImageObject\",\"inLanguage\":\"es\",\"@id\":\"https:\/\/nuevodigitaldeescobar.com.ar\/?p=19409#primaryimage\",\"url\":\"https:\/\/nuevodigitaldeescobar.com.ar\/wp-content\/uploads\/2025\/12\/villalugano344.png\",\"contentUrl\":\"https:\/\/nuevodigitaldeescobar.com.ar\/wp-content\/uploads\/2025\/12\/villalugano344.png\",\"width\":535,\"height\":462},{\"@type\":\"BreadcrumbList\",\"@id\":\"https:\/\/nuevodigitaldeescobar.com.ar\/?p=19409#breadcrumb\",\"itemListElement\":[{\"@type\":\"ListItem\",\"position\":1,\"name\":\"Portada\",\"item\":\"https:\/\/nuevodigitaldeescobar.com.ar\/\"},{\"@type\":\"ListItem\",\"position\":2,\"name\":\"Villa Lugano: la autopsia confirm\u00f3 que el hombre muri\u00f3 por disparos de munici\u00f3n m\u00faltiple en medio de un operativo policial\"}]},{\"@type\":\"WebSite\",\"@id\":\"https:\/\/nuevodigitaldeescobar.com.ar\/#website\",\"url\":\"https:\/\/nuevodigitaldeescobar.com.ar\/\",\"name\":\"Nuevo Digital de Escobar\",\"description\":\"La vida escobarense. Directora: Rosana Brunner\",\"publisher\":{\"@id\":\"https:\/\/nuevodigitaldeescobar.com.ar\/#organization\"},\"potentialAction\":[{\"@type\":\"SearchAction\",\"target\":{\"@type\":\"EntryPoint\",\"urlTemplate\":\"https:\/\/nuevodigitaldeescobar.com.ar\/?s={search_term_string}\"},\"query-input\":{\"@type\":\"PropertyValueSpecification\",\"valueRequired\":true,\"valueName\":\"search_term_string\"}}],\"inLanguage\":\"es\"},{\"@type\":\"Organization\",\"@id\":\"https:\/\/nuevodigitaldeescobar.com.ar\/#organization\",\"name\":\"Nuevo Digital de Escobar\",\"url\":\"https:\/\/nuevodigitaldeescobar.com.ar\/\",\"logo\":{\"@type\":\"ImageObject\",\"inLanguage\":\"es\",\"@id\":\"https:\/\/nuevodigitaldeescobar.com.ar\/#\/schema\/logo\/image\/\",\"url\":\"https:\/\/nuevodigitaldeescobar.com.ar\/wp-content\/uploads\/2025\/05\/cropped-logo-nuevo2.jpg\",\"contentUrl\":\"https:\/\/nuevodigitaldeescobar.com.ar\/wp-content\/uploads\/2025\/05\/cropped-logo-nuevo2.jpg\",\"width\":305,\"height\":305,\"caption\":\"Nuevo Digital de Escobar\"},\"image\":{\"@id\":\"https:\/\/nuevodigitaldeescobar.com.ar\/#\/schema\/logo\/image\/\"},\"sameAs\":[\"https:\/\/www.facebook.com\/NUEVODigitalDeEscobar\",\"https:\/\/x.com\/nuevodigescobar\",\"https:\/\/www.instagram.com\/nuevodigitaldeescobar\"]},{\"@type\":\"Person\",\"@id\":\"https:\/\/nuevodigitaldeescobar.com.ar\/#\/schema\/person\/035e90a8efe9a80e6eec22656ad6ea4c\",\"name\":\"Redacci\u00f3n\",\"image\":{\"@type\":\"ImageObject\",\"inLanguage\":\"es\",\"@id\":\"https:\/\/nuevodigitaldeescobar.com.ar\/#\/schema\/person\/image\/\",\"url\":\"https:\/\/secure.gravatar.com\/avatar\/8af8f40000c24e9eef3034f2be5998a372bb1389e64b1a4a36b3a7979142220d?s=96&d=mm&r=g\",\"contentUrl\":\"https:\/\/secure.gravatar.com\/avatar\/8af8f40000c24e9eef3034f2be5998a372bb1389e64b1a4a36b3a7979142220d?s=96&d=mm&r=g\",\"caption\":\"Redacci\u00f3n\"},\"sameAs\":[\"http:\/\/nuevodigitaldeescobar.com.ar\"],\"url\":\"https:\/\/nuevodigitaldeescobar.com.ar\/?author=1\"}]}<\/script>\n<!-- \/ Yoast SEO plugin. -->","yoast_head_json":{"title":"Villa Lugano: la autopsia confirm\u00f3 que el hombre muri\u00f3 por disparos de munici\u00f3n m\u00faltiple en medio de un operativo policial - Nuevo Digital de Escobar","robots":{"index":"index","follow":"follow","max-snippet":"max-snippet:-1","max-image-preview":"max-image-preview:large","max-video-preview":"max-video-preview:-1"},"canonical":"https:\/\/nuevodigitaldeescobar.com.ar\/?p=19409","og_locale":"es_ES","og_type":"article","og_title":"Villa Lugano: la autopsia confirm\u00f3 que el hombre muri\u00f3 por disparos de munici\u00f3n m\u00faltiple en medio de un operativo policial - Nuevo Digital de Escobar","og_description":"La Justicia dio a conocer los resultados preliminares de la autopsia practicada a Juan Gabriel Gonz\u00e1lez, el hombre de 45 a\u00f1os que falleci\u00f3 el pasado [&hellip;]","og_url":"https:\/\/nuevodigitaldeescobar.com.ar\/?p=19409","og_site_name":"Nuevo Digital de Escobar","article_publisher":"https:\/\/www.facebook.com\/NUEVODigitalDeEscobar","article_published_time":"2025-12-29T04:28:00+00:00","article_modified_time":"2025-12-29T13:25:47+00:00","og_image":[{"width":535,"height":462,"url":"http:\/\/nuevodigitaldeescobar.com.ar\/wp-content\/uploads\/2025\/12\/villalugano344.png","type":"image\/png"}],"author":"Redacci\u00f3n","twitter_card":"summary_large_image","twitter_creator":"@nuevodigescobar","twitter_site":"@nuevodigescobar","twitter_misc":{"Escrito por":"Redacci\u00f3n","Tiempo de lectura":"3 minutos"},"schema":{"@context":"https:\/\/schema.org","@graph":[{"@type":"Article","@id":"https:\/\/nuevodigitaldeescobar.com.ar\/?p=19409#article","isPartOf":{"@id":"https:\/\/nuevodigitaldeescobar.com.ar\/?p=19409"},"author":{"name":"Redacci\u00f3n","@id":"https:\/\/nuevodigitaldeescobar.com.ar\/#\/schema\/person\/035e90a8efe9a80e6eec22656ad6ea4c"},"headline":"Villa Lugano: la autopsia confirm\u00f3 que el hombre muri\u00f3 por disparos de munici\u00f3n m\u00faltiple en medio de un operativo policial","datePublished":"2025-12-29T04:28:00+00:00","dateModified":"2025-12-29T13:25:47+00:00","mainEntityOfPage":{"@id":"https:\/\/nuevodigitaldeescobar.com.ar\/?p=19409"},"wordCount":458,"commentCount":0,"publisher":{"@id":"https:\/\/nuevodigitaldeescobar.com.ar\/#organization"},"image":{"@id":"https:\/\/nuevodigitaldeescobar.com.ar\/?p=19409#primaryimage"},"thumbnailUrl":"https:\/\/nuevodigitaldeescobar.com.ar\/wp-content\/uploads\/2025\/12\/villalugano344.png","articleSection":["Policiales"],"inLanguage":"es","potentialAction":[{"@type":"CommentAction","name":"Comment","target":["https:\/\/nuevodigitaldeescobar.com.ar\/?p=19409#respond"]}]},{"@type":"WebPage","@id":"https:\/\/nuevodigitaldeescobar.com.ar\/?p=19409","url":"https:\/\/nuevodigitaldeescobar.com.ar\/?p=19409","name":"Villa Lugano: la autopsia confirm\u00f3 que el hombre muri\u00f3 por disparos de munici\u00f3n m\u00faltiple en medio de un operativo policial - Nuevo Digital de Escobar","isPartOf":{"@id":"https:\/\/nuevodigitaldeescobar.com.ar\/#website"},"primaryImageOfPage":{"@id":"https:\/\/nuevodigitaldeescobar.com.ar\/?p=19409#primaryimage"},"image":{"@id":"https:\/\/nuevodigitaldeescobar.com.ar\/?p=19409#primaryimage"},"thumbnailUrl":"https:\/\/nuevodigitaldeescobar.com.ar\/wp-content\/uploads\/2025\/12\/villalugano344.png","datePublished":"2025-12-29T04:28:00+00:00","dateModified":"2025-12-29T13:25:47+00:00","breadcrumb":{"@id":"https:\/\/nuevodigitaldeescobar.com.ar\/?p=19409#breadcrumb"},"inLanguage":"es","potentialAction":[{"@type":"ReadAction","target":["https:\/\/nuevodigitaldeescobar.com.ar\/?p=19409"]}]},{"@type":"ImageObject","inLanguage":"es","@id":"https:\/\/nuevodigitaldeescobar.com.ar\/?p=19409#primaryimage","url":"https:\/\/nuevodigitaldeescobar.com.ar\/wp-content\/uploads\/2025\/12\/villalugano344.png","contentUrl":"https:\/\/nuevodigitaldeescobar.com.ar\/wp-content\/uploads\/2025\/12\/villalugano344.png","width":535,"height":462},{"@type":"BreadcrumbList","@id":"https:\/\/nuevodigitaldeescobar.com.ar\/?p=19409#breadcrumb","itemListElement":[{"@type":"ListItem","position":1,"name":"Portada","item":"https:\/\/nuevodigitaldeescobar.com.ar\/"},{"@type":"ListItem","position":2,"name":"Villa Lugano: la autopsia confirm\u00f3 que el hombre muri\u00f3 por disparos de munici\u00f3n m\u00faltiple en medio de un operativo policial"}]},{"@type":"WebSite","@id":"https:\/\/nuevodigitaldeescobar.com.ar\/#website","url":"https:\/\/nuevodigitaldeescobar.com.ar\/","name":"Nuevo Digital de Escobar","description":"La vida escobarense. Directora: Rosana Brunner","publisher":{"@id":"https:\/\/nuevodigitaldeescobar.com.ar\/#organization"},"potentialAction":[{"@type":"SearchAction","target":{"@type":"EntryPoint","urlTemplate":"https:\/\/nuevodigitaldeescobar.com.ar\/?s={search_term_string}"},"query-input":{"@type":"PropertyValueSpecification","valueRequired":true,"valueName":"search_term_string"}}],"inLanguage":"es"},{"@type":"Organization","@id":"https:\/\/nuevodigitaldeescobar.com.ar\/#organization","name":"Nuevo Digital de Escobar","url":"https:\/\/nuevodigitaldeescobar.com.ar\/","logo":{"@type":"ImageObject","inLanguage":"es","@id":"https:\/\/nuevodigitaldeescobar.com.ar\/#\/schema\/logo\/image\/","url":"https:\/\/nuevodigitaldeescobar.com.ar\/wp-content\/uploads\/2025\/05\/cropped-logo-nuevo2.jpg","contentUrl":"https:\/\/nuevodigitaldeescobar.com.ar\/wp-content\/uploads\/2025\/05\/cropped-logo-nuevo2.jpg","width":305,"height":305,"caption":"Nuevo Digital de Escobar"},"image":{"@id":"https:\/\/nuevodigitaldeescobar.com.ar\/#\/schema\/logo\/image\/"},"sameAs":["https:\/\/www.facebook.com\/NUEVODigitalDeEscobar","https:\/\/x.com\/nuevodigescobar","https:\/\/www.instagram.com\/nuevodigitaldeescobar"]},{"@type":"Person","@id":"https:\/\/nuevodigitaldeescobar.com.ar\/#\/schema\/person\/035e90a8efe9a80e6eec22656ad6ea4c","name":"Redacci\u00f3n","image":{"@type":"ImageObject","inLanguage":"es","@id":"https:\/\/nuevodigitaldeescobar.com.ar\/#\/schema\/person\/image\/","url":"https:\/\/secure.gravatar.com\/avatar\/8af8f40000c24e9eef3034f2be5998a372bb1389e64b1a4a36b3a7979142220d?s=96&d=mm&r=g","contentUrl":"https:\/\/secure.gravatar.com\/avatar\/8af8f40000c24e9eef3034f2be5998a372bb1389e64b1a4a36b3a7979142220d?s=96&d=mm&r=g","caption":"Redacci\u00f3n"},"sameAs":["http:\/\/nuevodigitaldeescobar.com.ar"],"url":"https:\/\/nuevodigitaldeescobar.com.ar\/?author=1"}]}},"featured_image_urls":{"full":["https:\/\/nuevodigitaldeescobar.com.ar\/wp-content\/uploads\/2025\/12\/villalugano344.png",535,462,false],"thumbnail":["https:\/\/nuevodigitaldeescobar.com.ar\/wp-content\/uploads\/2025\/12\/villalugano344-150x150.png",150,150,true],"medium":["https:\/\/nuevodigitaldeescobar.com.ar\/wp-content\/uploads\/2025\/12\/villalugano344-300x259.png",300,259,true],"medium_large":["https:\/\/nuevodigitaldeescobar.com.ar\/wp-content\/uploads\/2025\/12\/villalugano344.png",535,462,false],"large":["https:\/\/nuevodigitaldeescobar.com.ar\/wp-content\/uploads\/2025\/12\/villalugano344.png",535,462,false],"1536x1536":["https:\/\/nuevodigitaldeescobar.com.ar\/wp-content\/uploads\/2025\/12\/villalugano344.png",535,462,false],"2048x2048":["https:\/\/nuevodigitaldeescobar.com.ar\/wp-content\/uploads\/2025\/12\/villalugano344.png",535,462,false]},"author_info":{"display_name":"Redacci\u00f3n","author_link":"https:\/\/nuevodigitaldeescobar.com.ar\/?author=1"},"category_info":"<a href=\"https:\/\/nuevodigitaldeescobar.com.ar\/?cat=13\" rel=\"category\">Policiales<\/a>","tag_info":"Policiales","comment_count":"0","_links":{"self":[{"href":"https:\/\/nuevodigitaldeescobar.com.ar\/index.php?rest_route=\/wp\/v2\/posts\/19409","targetHints":{"allow":["GET"]}}],"collection":[{"href":"https:\/\/nuevodigitaldeescobar.com.ar\/index.php?rest_route=\/wp\/v2\/posts"}],"about":[{"href":"https:\/\/nuevodigitaldeescobar.com.ar\/index.php?rest_route=\/wp\/v2\/types\/post"}],"author":[{"embeddable":true,"href":"https:\/\/nuevodigitaldeescobar.com.ar\/index.php?rest_route=\/wp\/v2\/users\/1"}],"replies":[{"embeddable":true,"href":"https:\/\/nuevodigitaldeescobar.com.ar\/index.php?rest_route=%2Fwp%2Fv2%2Fcomments&post=19409"}],"version-history":[{"count":1,"href":"https:\/\/nuevodigitaldeescobar.com.ar\/index.php?rest_route=\/wp\/v2\/posts\/19409\/revisions"}],"predecessor-version":[{"id":19411,"href":"https:\/\/nuevodigitaldeescobar.com.ar\/index.php?rest_route=\/wp\/v2\/posts\/19409\/revisions\/19411"}],"wp:featuredmedia":[{"embeddable":true,"href":"https:\/\/nuevodigitaldeescobar.com.ar\/index.php?rest_route=\/wp\/v2\/media\/19414"}],"wp:attachment":[{"href":"https:\/\/nuevodigitaldeescobar.com.ar\/index.php?rest_route=%2Fwp%2Fv2%2Fmedia&parent=19409"}],"wp:term":[{"taxonomy":"category","embeddable":true,"href":"https:\/\/nuevodigitaldeescobar.com.ar\/index.php?rest_route=%2Fwp%2Fv2%2Fcategories&post=19409"},{"taxonomy":"post_tag","embeddable":true,"href":"https:\/\/nuevodigitaldeescobar.com.ar\/index.php?rest_route=%2Fwp%2Fv2%2Ftags&post=19409"}],"curies":[{"name":"wp","href":"https:\/\/api.w.org\/{rel}","templated":true}]}}