{"id":19412,"date":"2025-12-29T10:21:25","date_gmt":"2025-12-29T13:21:25","guid":{"rendered":"https:\/\/nuevodigitaldeescobar.com.ar\/?p=19412"},"modified":"2025-12-29T10:21:37","modified_gmt":"2025-12-29T13:21:37","slug":"ola-de-calor-en-escobar-el-termometro-rozara-los-40-grados-para-el-cierre-del-ano","status":"publish","type":"post","link":"https:\/\/nuevodigitaldeescobar.com.ar\/?p=19412","title":{"rendered":"Ola de calor en Escobar: el term\u00f3metro rozar\u00e1 los 40 grados para el cierre del a\u00f1o"},"content":{"rendered":"\n<p class=\"has-vivid-cyan-blue-color has-text-color has-link-color wp-elements-2091d5f14f4f613b5db4455e6e4e4342\"><strong><em>El partido de Escobar y el \u00c1rea Metropolitana de Buenos Aires (AMBA) atraviesan la \u00faltima semana del 2025 bajo una intensa masa de aire c\u00e1lido que podr\u00eda consolidarse como la primera ola de calor de la temporada. El Servicio Meteorol\u00f3gico Nacional (SMN) mantiene activa la alerta amarilla por temperaturas extremas, advirtiendo que el pico de calor coincidir\u00e1 precisamente con los preparativos para los festejos de A\u00f1o Nuevo.<\/em><\/strong><\/p>\n\n\n\n<!--more-->\n\n\n\n<h3 class=\"wp-block-heading has-text-color has-link-color wp-elements-7fa85cbe7e93f6e7b64dd6186c6a2075\" style=\"color:#191bca\">Pron\u00f3stico para Escobar y el AMBA: \u00bfSe puede armar la mesa afuera?<\/h3>\n\n\n\n<p>A diferencia de a\u00f1os anteriores, la inestabilidad no ser\u00e1 el factor determinante, sino el calor agobiante. Para quienes planean el brindis, el pron\u00f3stico trae certezas sobre la ausencia de lluvias, pero exige precauciones por las altas temperaturas.<\/p>\n\n\n\n<ul class=\"wp-block-list\">\n<li><strong>Lunes 29\/12 (Hoy):<\/strong> La jornada comenz\u00f3 con una m\u00ednima de 21\u00b0C y se espera una m\u00e1xima de <strong>35\u00b0C<\/strong>. El cielo permanecer\u00e1 ligeramente nublado con vientos leves.<\/li>\n\n\n\n<li><strong>Martes 30\/12:<\/strong> El ascenso t\u00e9rmico contin\u00faa. Se prev\u00e9 una m\u00ednima de 26\u00b0C y una m\u00e1xima de <strong>37\u00b0C<\/strong>. Ser\u00e1 un d\u00eda de calor seco y alta radiaci\u00f3n solar.<\/li>\n\n\n\n<li><strong>Mi\u00e9rcoles 31\/12 (Nochevieja):<\/strong> Ser\u00e1 el d\u00eda m\u00e1s exigente de la semana. Los term\u00f3metros en Escobar podr\u00edan marcar entre <strong>38\u00b0C y 39\u00b0C<\/strong> de m\u00e1xima. Para la hora de la cena, se espera una temperatura cercana a los 30\u00b0C, ideal para la mesa al aire libre, ya que <strong>no se pronostican lluvias<\/strong>. La sensaci\u00f3n t\u00e9rmica, sin embargo, podr\u00eda superar los 40\u00b0C durante la tarde.<\/li>\n\n\n\n<li><strong>Jueves 01\/01 (A\u00f1o Nuevo):<\/strong> El alivio llegar\u00e1 finalmente con el cambio de calendario. Un frente de aire m\u00e1s fresco permitir\u00e1 un descenso de la temperatura, con una m\u00ednima de 19\u00b0C y una m\u00e1xima de <strong>30\u00b0C<\/strong>. Aunque el cielo estar\u00e1 parcialmente nublado, las probabilidades de precipitaciones siguen siendo escasas.<\/li>\n<\/ul>\n\n\n\n<h3 class=\"wp-block-heading has-text-color has-link-color wp-elements-d37fc98b7184193ab4b3be72af045a15\" style=\"color:#191bca\">El panorama en el resto del pa\u00eds<\/h3>\n\n\n\n<p>Mientras el centro del pa\u00eds sufre por la sequ\u00eda y el calor extremo (con alertas vigentes en La Pampa, C\u00f3rdoba y San Luis), el escenario en el Norte es opuesto. Rige una <strong>alerta amarilla por tormentas fuertes<\/strong> para Formosa, Chaco, Corrientes, Misiones y el NOA (Salta, Jujuy, Tucum\u00e1n), donde se esperan lluvias que podr\u00edan aliviar el calor pero complicar los festejos a la intemperie. Por su parte, en el extremo sur, Tierra del Fuego permanece bajo alerta por lluvias intensas.<\/p>\n\n\n\n<h3 class=\"wp-block-heading has-text-color has-link-color wp-elements-831a6fa720db3dfd768b95a99530124f\" style=\"color:#191bca\">Recomendaciones para los vecinos<\/h3>\n\n\n\n<p>Dada la vigencia de la alerta amarilla, las autoridades locales recomiendan:<\/p>\n\n\n\n<ol start=\"1\" class=\"wp-block-list\">\n<li><strong>Hidrataci\u00f3n extrema:<\/strong> Beber agua abundante y evitar bebidas alcoh\u00f3licas durante las horas de mayor calor.<\/li>\n\n\n\n<li><strong>Cuidado de grupos de riesgo:<\/strong> Prestar especial atenci\u00f3n a ni\u00f1os peque\u00f1os y adultos mayores de 65 a\u00f1os.<\/li>\n\n\n\n<li><strong>Prevenci\u00f3n de incendios:<\/strong> Evitar la quema de pastizales o residuos, dado que la combinaci\u00f3n de calor y falta de lluvias aumenta el riesgo de focos \u00edgneos en las zonas rurales de nuestro distrito.<\/li>\n<\/ol>\n","protected":false},"excerpt":{"rendered":"<p>El partido de Escobar y el \u00c1rea Metropolitana de Buenos Aires (AMBA) atraviesan la \u00faltima semana del 2025 bajo una intensa masa de aire c\u00e1lido [&hellip;]<\/p>\n","protected":false},"author":1,"featured_media":1007,"comment_status":"open","ping_status":"open","sticky":false,"template":"","format":"standard","meta":{"footnotes":""},"categories":[14],"tags":[],"class_list":["post-19412","post","type-post","status-publish","format-standard","has-post-thumbnail","hentry","category-clima-medioambiente-y-sostenibilidad"],"better_featured_image":{"id":1007,"alt_text":"","caption":"","description":"","media_type":"image","media_details":{"width":720,"height":468,"file":"2023\/11\/ola-de-calor-1.jpg","filesize":25684,"sizes":{"medium":{"file":"ola-de-calor-1-300x195.jpg","width":300,"height":195,"mime-type":"image\/jpeg","filesize":10229,"source_url":"https:\/\/nuevodigitaldeescobar.com.ar\/wp-content\/uploads\/2023\/11\/ola-de-calor-1-300x195.jpg"},"thumbnail":{"file":"ola-de-calor-1-150x150.jpg","width":150,"height":150,"mime-type":"image\/jpeg","filesize":6802,"source_url":"https:\/\/nuevodigitaldeescobar.com.ar\/wp-content\/uploads\/2023\/11\/ola-de-calor-1-150x150.jpg"},"covernews-medium":{"file":"ola-de-calor-1-540x340.jpg","width":540,"height":340,"mime-type":"image\/jpeg","filesize":18692,"source_url":"https:\/\/nuevodigitaldeescobar.com.ar\/wp-content\/uploads\/2023\/11\/ola-de-calor-1-540x340.jpg"},"covernews-medium-square":{"file":"ola-de-calor-1-400x250.jpg","width":400,"height":250,"mime-type":"image\/jpeg","filesize":13256,"source_url":"https:\/\/nuevodigitaldeescobar.com.ar\/wp-content\/uploads\/2023\/11\/ola-de-calor-1-400x250.jpg"}},"image_meta":{"aperture":"0","credit":"","camera":"","caption":"","created_timestamp":"0","copyright":"","focal_length":"0","iso":"0","shutter_speed":"0","title":"","orientation":"0","keywords":[]}},"post":1001,"source_url":"https:\/\/nuevodigitaldeescobar.com.ar\/wp-content\/uploads\/2023\/11\/ola-de-calor-1.jpg"},"yoast_head":"<!-- This site is optimized with the Yoast SEO plugin v26.1.1 - https:\/\/yoast.com\/wordpress\/plugins\/seo\/ -->\n<title>Ola de calor en Escobar: el term\u00f3metro rozar\u00e1 los 40 grados para el cierre del a\u00f1o - Nuevo Digital de Escobar<\/title>\n<meta name=\"robots\" content=\"index, follow, max-snippet:-1, max-image-preview:large, max-video-preview:-1\" \/>\n<link rel=\"canonical\" href=\"https:\/\/nuevodigitaldeescobar.com.ar\/?p=19412\" \/>\n<meta property=\"og:locale\" content=\"es_ES\" \/>\n<meta property=\"og:type\" content=\"article\" \/>\n<meta property=\"og:title\" content=\"Ola de calor en Escobar: el term\u00f3metro rozar\u00e1 los 40 grados para el cierre del a\u00f1o - Nuevo Digital de Escobar\" \/>\n<meta property=\"og:description\" content=\"El partido de Escobar y el \u00c1rea Metropolitana de Buenos Aires (AMBA) atraviesan la \u00faltima semana del 2025 bajo una intensa masa de aire c\u00e1lido [&hellip;]\" \/>\n<meta property=\"og:url\" content=\"https:\/\/nuevodigitaldeescobar.com.ar\/?p=19412\" \/>\n<meta property=\"og:site_name\" content=\"Nuevo Digital de Escobar\" \/>\n<meta property=\"article:publisher\" content=\"https:\/\/www.facebook.com\/NUEVODigitalDeEscobar\" \/>\n<meta property=\"article:published_time\" content=\"2025-12-29T13:21:25+00:00\" \/>\n<meta property=\"article:modified_time\" content=\"2025-12-29T13:21:37+00:00\" \/>\n<meta property=\"og:image\" content=\"http:\/\/nuevodigitaldeescobar.com.ar\/wp-content\/uploads\/2023\/11\/ola-de-calor-1.jpg\" \/>\n\t<meta property=\"og:image:width\" content=\"720\" \/>\n\t<meta property=\"og:image:height\" content=\"468\" \/>\n\t<meta property=\"og:image:type\" content=\"image\/jpeg\" \/>\n<meta name=\"author\" content=\"Redacci\u00f3n\" \/>\n<meta name=\"twitter:card\" content=\"summary_large_image\" \/>\n<meta name=\"twitter:creator\" content=\"@nuevodigescobar\" \/>\n<meta name=\"twitter:site\" content=\"@nuevodigescobar\" \/>\n<meta name=\"twitter:label1\" content=\"Escrito por\" \/>\n\t<meta name=\"twitter:data1\" content=\"Redacci\u00f3n\" \/>\n\t<meta name=\"twitter:label2\" content=\"Tiempo de lectura\" \/>\n\t<meta name=\"twitter:data2\" content=\"3 minutos\" \/>\n<script type=\"application\/ld+json\" class=\"yoast-schema-graph\">{\"@context\":\"https:\/\/schema.org\",\"@graph\":[{\"@type\":\"Article\",\"@id\":\"https:\/\/nuevodigitaldeescobar.com.ar\/?p=19412#article\",\"isPartOf\":{\"@id\":\"https:\/\/nuevodigitaldeescobar.com.ar\/?p=19412\"},\"author\":{\"name\":\"Redacci\u00f3n\",\"@id\":\"https:\/\/nuevodigitaldeescobar.com.ar\/#\/schema\/person\/035e90a8efe9a80e6eec22656ad6ea4c\"},\"headline\":\"Ola de calor en Escobar: el term\u00f3metro rozar\u00e1 los 40 grados para el cierre del a\u00f1o\",\"datePublished\":\"2025-12-29T13:21:25+00:00\",\"dateModified\":\"2025-12-29T13:21:37+00:00\",\"mainEntityOfPage\":{\"@id\":\"https:\/\/nuevodigitaldeescobar.com.ar\/?p=19412\"},\"wordCount\":499,\"commentCount\":0,\"publisher\":{\"@id\":\"https:\/\/nuevodigitaldeescobar.com.ar\/#organization\"},\"image\":{\"@id\":\"https:\/\/nuevodigitaldeescobar.com.ar\/?p=19412#primaryimage\"},\"thumbnailUrl\":\"https:\/\/nuevodigitaldeescobar.com.ar\/wp-content\/uploads\/2023\/11\/ola-de-calor-1.jpg\",\"articleSection\":[\"Clima, Medioambiente y Sostenibilidad\"],\"inLanguage\":\"es\",\"potentialAction\":[{\"@type\":\"CommentAction\",\"name\":\"Comment\",\"target\":[\"https:\/\/nuevodigitaldeescobar.com.ar\/?p=19412#respond\"]}]},{\"@type\":\"WebPage\",\"@id\":\"https:\/\/nuevodigitaldeescobar.com.ar\/?p=19412\",\"url\":\"https:\/\/nuevodigitaldeescobar.com.ar\/?p=19412\",\"name\":\"Ola de calor en Escobar: el term\u00f3metro rozar\u00e1 los 40 grados para el cierre del a\u00f1o - Nuevo Digital de Escobar\",\"isPartOf\":{\"@id\":\"https:\/\/nuevodigitaldeescobar.com.ar\/#website\"},\"primaryImageOfPage\":{\"@id\":\"https:\/\/nuevodigitaldeescobar.com.ar\/?p=19412#primaryimage\"},\"image\":{\"@id\":\"https:\/\/nuevodigitaldeescobar.com.ar\/?p=19412#primaryimage\"},\"thumbnailUrl\":\"https:\/\/nuevodigitaldeescobar.com.ar\/wp-content\/uploads\/2023\/11\/ola-de-calor-1.jpg\",\"datePublished\":\"2025-12-29T13:21:25+00:00\",\"dateModified\":\"2025-12-29T13:21:37+00:00\",\"breadcrumb\":{\"@id\":\"https:\/\/nuevodigitaldeescobar.com.ar\/?p=19412#breadcrumb\"},\"inLanguage\":\"es\",\"potentialAction\":[{\"@type\":\"ReadAction\",\"target\":[\"https:\/\/nuevodigitaldeescobar.com.ar\/?p=19412\"]}]},{\"@type\":\"ImageObject\",\"inLanguage\":\"es\",\"@id\":\"https:\/\/nuevodigitaldeescobar.com.ar\/?p=19412#primaryimage\",\"url\":\"https:\/\/nuevodigitaldeescobar.com.ar\/wp-content\/uploads\/2023\/11\/ola-de-calor-1.jpg\",\"contentUrl\":\"https:\/\/nuevodigitaldeescobar.com.ar\/wp-content\/uploads\/2023\/11\/ola-de-calor-1.jpg\",\"width\":720,\"height\":468},{\"@type\":\"BreadcrumbList\",\"@id\":\"https:\/\/nuevodigitaldeescobar.com.ar\/?p=19412#breadcrumb\",\"itemListElement\":[{\"@type\":\"ListItem\",\"position\":1,\"name\":\"Portada\",\"item\":\"https:\/\/nuevodigitaldeescobar.com.ar\/\"},{\"@type\":\"ListItem\",\"position\":2,\"name\":\"Ola de calor en Escobar: el term\u00f3metro rozar\u00e1 los 40 grados para el cierre del a\u00f1o\"}]},{\"@type\":\"WebSite\",\"@id\":\"https:\/\/nuevodigitaldeescobar.com.ar\/#website\",\"url\":\"https:\/\/nuevodigitaldeescobar.com.ar\/\",\"name\":\"Nuevo Digital de Escobar\",\"description\":\"La vida escobarense. Directora: Rosana Brunner\",\"publisher\":{\"@id\":\"https:\/\/nuevodigitaldeescobar.com.ar\/#organization\"},\"potentialAction\":[{\"@type\":\"SearchAction\",\"target\":{\"@type\":\"EntryPoint\",\"urlTemplate\":\"https:\/\/nuevodigitaldeescobar.com.ar\/?s={search_term_string}\"},\"query-input\":{\"@type\":\"PropertyValueSpecification\",\"valueRequired\":true,\"valueName\":\"search_term_string\"}}],\"inLanguage\":\"es\"},{\"@type\":\"Organization\",\"@id\":\"https:\/\/nuevodigitaldeescobar.com.ar\/#organization\",\"name\":\"Nuevo Digital de Escobar\",\"url\":\"https:\/\/nuevodigitaldeescobar.com.ar\/\",\"logo\":{\"@type\":\"ImageObject\",\"inLanguage\":\"es\",\"@id\":\"https:\/\/nuevodigitaldeescobar.com.ar\/#\/schema\/logo\/image\/\",\"url\":\"https:\/\/nuevodigitaldeescobar.com.ar\/wp-content\/uploads\/2025\/05\/cropped-logo-nuevo2.jpg\",\"contentUrl\":\"https:\/\/nuevodigitaldeescobar.com.ar\/wp-content\/uploads\/2025\/05\/cropped-logo-nuevo2.jpg\",\"width\":305,\"height\":305,\"caption\":\"Nuevo Digital de Escobar\"},\"image\":{\"@id\":\"https:\/\/nuevodigitaldeescobar.com.ar\/#\/schema\/logo\/image\/\"},\"sameAs\":[\"https:\/\/www.facebook.com\/NUEVODigitalDeEscobar\",\"https:\/\/x.com\/nuevodigescobar\",\"https:\/\/www.instagram.com\/nuevodigitaldeescobar\"]},{\"@type\":\"Person\",\"@id\":\"https:\/\/nuevodigitaldeescobar.com.ar\/#\/schema\/person\/035e90a8efe9a80e6eec22656ad6ea4c\",\"name\":\"Redacci\u00f3n\",\"image\":{\"@type\":\"ImageObject\",\"inLanguage\":\"es\",\"@id\":\"https:\/\/nuevodigitaldeescobar.com.ar\/#\/schema\/person\/image\/\",\"url\":\"https:\/\/secure.gravatar.com\/avatar\/8af8f40000c24e9eef3034f2be5998a372bb1389e64b1a4a36b3a7979142220d?s=96&d=mm&r=g\",\"contentUrl\":\"https:\/\/secure.gravatar.com\/avatar\/8af8f40000c24e9eef3034f2be5998a372bb1389e64b1a4a36b3a7979142220d?s=96&d=mm&r=g\",\"caption\":\"Redacci\u00f3n\"},\"sameAs\":[\"http:\/\/nuevodigitaldeescobar.com.ar\"],\"url\":\"https:\/\/nuevodigitaldeescobar.com.ar\/?author=1\"}]}<\/script>\n<!-- \/ Yoast SEO plugin. -->","yoast_head_json":{"title":"Ola de calor en Escobar: el term\u00f3metro rozar\u00e1 los 40 grados para el cierre del a\u00f1o - Nuevo Digital de Escobar","robots":{"index":"index","follow":"follow","max-snippet":"max-snippet:-1","max-image-preview":"max-image-preview:large","max-video-preview":"max-video-preview:-1"},"canonical":"https:\/\/nuevodigitaldeescobar.com.ar\/?p=19412","og_locale":"es_ES","og_type":"article","og_title":"Ola de calor en Escobar: el term\u00f3metro rozar\u00e1 los 40 grados para el cierre del a\u00f1o - Nuevo Digital de Escobar","og_description":"El partido de Escobar y el \u00c1rea Metropolitana de Buenos Aires (AMBA) atraviesan la \u00faltima semana del 2025 bajo una intensa masa de aire c\u00e1lido [&hellip;]","og_url":"https:\/\/nuevodigitaldeescobar.com.ar\/?p=19412","og_site_name":"Nuevo Digital de Escobar","article_publisher":"https:\/\/www.facebook.com\/NUEVODigitalDeEscobar","article_published_time":"2025-12-29T13:21:25+00:00","article_modified_time":"2025-12-29T13:21:37+00:00","og_image":[{"width":720,"height":468,"url":"http:\/\/nuevodigitaldeescobar.com.ar\/wp-content\/uploads\/2023\/11\/ola-de-calor-1.jpg","type":"image\/jpeg"}],"author":"Redacci\u00f3n","twitter_card":"summary_large_image","twitter_creator":"@nuevodigescobar","twitter_site":"@nuevodigescobar","twitter_misc":{"Escrito por":"Redacci\u00f3n","Tiempo de lectura":"3 minutos"},"schema":{"@context":"https:\/\/schema.org","@graph":[{"@type":"Article","@id":"https:\/\/nuevodigitaldeescobar.com.ar\/?p=19412#article","isPartOf":{"@id":"https:\/\/nuevodigitaldeescobar.com.ar\/?p=19412"},"author":{"name":"Redacci\u00f3n","@id":"https:\/\/nuevodigitaldeescobar.com.ar\/#\/schema\/person\/035e90a8efe9a80e6eec22656ad6ea4c"},"headline":"Ola de calor en Escobar: el term\u00f3metro rozar\u00e1 los 40 grados para el cierre del a\u00f1o","datePublished":"2025-12-29T13:21:25+00:00","dateModified":"2025-12-29T13:21:37+00:00","mainEntityOfPage":{"@id":"https:\/\/nuevodigitaldeescobar.com.ar\/?p=19412"},"wordCount":499,"commentCount":0,"publisher":{"@id":"https:\/\/nuevodigitaldeescobar.com.ar\/#organization"},"image":{"@id":"https:\/\/nuevodigitaldeescobar.com.ar\/?p=19412#primaryimage"},"thumbnailUrl":"https:\/\/nuevodigitaldeescobar.com.ar\/wp-content\/uploads\/2023\/11\/ola-de-calor-1.jpg","articleSection":["Clima, Medioambiente y Sostenibilidad"],"inLanguage":"es","potentialAction":[{"@type":"CommentAction","name":"Comment","target":["https:\/\/nuevodigitaldeescobar.com.ar\/?p=19412#respond"]}]},{"@type":"WebPage","@id":"https:\/\/nuevodigitaldeescobar.com.ar\/?p=19412","url":"https:\/\/nuevodigitaldeescobar.com.ar\/?p=19412","name":"Ola de calor en Escobar: el term\u00f3metro rozar\u00e1 los 40 grados para el cierre del a\u00f1o - Nuevo Digital de Escobar","isPartOf":{"@id":"https:\/\/nuevodigitaldeescobar.com.ar\/#website"},"primaryImageOfPage":{"@id":"https:\/\/nuevodigitaldeescobar.com.ar\/?p=19412#primaryimage"},"image":{"@id":"https:\/\/nuevodigitaldeescobar.com.ar\/?p=19412#primaryimage"},"thumbnailUrl":"https:\/\/nuevodigitaldeescobar.com.ar\/wp-content\/uploads\/2023\/11\/ola-de-calor-1.jpg","datePublished":"2025-12-29T13:21:25+00:00","dateModified":"2025-12-29T13:21:37+00:00","breadcrumb":{"@id":"https:\/\/nuevodigitaldeescobar.com.ar\/?p=19412#breadcrumb"},"inLanguage":"es","potentialAction":[{"@type":"ReadAction","target":["https:\/\/nuevodigitaldeescobar.com.ar\/?p=19412"]}]},{"@type":"ImageObject","inLanguage":"es","@id":"https:\/\/nuevodigitaldeescobar.com.ar\/?p=19412#primaryimage","url":"https:\/\/nuevodigitaldeescobar.com.ar\/wp-content\/uploads\/2023\/11\/ola-de-calor-1.jpg","contentUrl":"https:\/\/nuevodigitaldeescobar.com.ar\/wp-content\/uploads\/2023\/11\/ola-de-calor-1.jpg","width":720,"height":468},{"@type":"BreadcrumbList","@id":"https:\/\/nuevodigitaldeescobar.com.ar\/?p=19412#breadcrumb","itemListElement":[{"@type":"ListItem","position":1,"name":"Portada","item":"https:\/\/nuevodigitaldeescobar.com.ar\/"},{"@type":"ListItem","position":2,"name":"Ola de calor en Escobar: el term\u00f3metro rozar\u00e1 los 40 grados para el cierre del a\u00f1o"}]},{"@type":"WebSite","@id":"https:\/\/nuevodigitaldeescobar.com.ar\/#website","url":"https:\/\/nuevodigitaldeescobar.com.ar\/","name":"Nuevo Digital de Escobar","description":"La vida escobarense. Directora: Rosana Brunner","publisher":{"@id":"https:\/\/nuevodigitaldeescobar.com.ar\/#organization"},"potentialAction":[{"@type":"SearchAction","target":{"@type":"EntryPoint","urlTemplate":"https:\/\/nuevodigitaldeescobar.com.ar\/?s={search_term_string}"},"query-input":{"@type":"PropertyValueSpecification","valueRequired":true,"valueName":"search_term_string"}}],"inLanguage":"es"},{"@type":"Organization","@id":"https:\/\/nuevodigitaldeescobar.com.ar\/#organization","name":"Nuevo Digital de Escobar","url":"https:\/\/nuevodigitaldeescobar.com.ar\/","logo":{"@type":"ImageObject","inLanguage":"es","@id":"https:\/\/nuevodigitaldeescobar.com.ar\/#\/schema\/logo\/image\/","url":"https:\/\/nuevodigitaldeescobar.com.ar\/wp-content\/uploads\/2025\/05\/cropped-logo-nuevo2.jpg","contentUrl":"https:\/\/nuevodigitaldeescobar.com.ar\/wp-content\/uploads\/2025\/05\/cropped-logo-nuevo2.jpg","width":305,"height":305,"caption":"Nuevo Digital de Escobar"},"image":{"@id":"https:\/\/nuevodigitaldeescobar.com.ar\/#\/schema\/logo\/image\/"},"sameAs":["https:\/\/www.facebook.com\/NUEVODigitalDeEscobar","https:\/\/x.com\/nuevodigescobar","https:\/\/www.instagram.com\/nuevodigitaldeescobar"]},{"@type":"Person","@id":"https:\/\/nuevodigitaldeescobar.com.ar\/#\/schema\/person\/035e90a8efe9a80e6eec22656ad6ea4c","name":"Redacci\u00f3n","image":{"@type":"ImageObject","inLanguage":"es","@id":"https:\/\/nuevodigitaldeescobar.com.ar\/#\/schema\/person\/image\/","url":"https:\/\/secure.gravatar.com\/avatar\/8af8f40000c24e9eef3034f2be5998a372bb1389e64b1a4a36b3a7979142220d?s=96&d=mm&r=g","contentUrl":"https:\/\/secure.gravatar.com\/avatar\/8af8f40000c24e9eef3034f2be5998a372bb1389e64b1a4a36b3a7979142220d?s=96&d=mm&r=g","caption":"Redacci\u00f3n"},"sameAs":["http:\/\/nuevodigitaldeescobar.com.ar"],"url":"https:\/\/nuevodigitaldeescobar.com.ar\/?author=1"}]}},"featured_image_urls":{"full":["https:\/\/nuevodigitaldeescobar.com.ar\/wp-content\/uploads\/2023\/11\/ola-de-calor-1.jpg",720,468,false],"thumbnail":["https:\/\/nuevodigitaldeescobar.com.ar\/wp-content\/uploads\/2023\/11\/ola-de-calor-1-150x150.jpg",150,150,true],"medium":["https:\/\/nuevodigitaldeescobar.com.ar\/wp-content\/uploads\/2023\/11\/ola-de-calor-1-300x195.jpg",300,195,true],"medium_large":["https:\/\/nuevodigitaldeescobar.com.ar\/wp-content\/uploads\/2023\/11\/ola-de-calor-1.jpg",640,416,false],"large":["https:\/\/nuevodigitaldeescobar.com.ar\/wp-content\/uploads\/2023\/11\/ola-de-calor-1.jpg",640,416,false],"1536x1536":["https:\/\/nuevodigitaldeescobar.com.ar\/wp-content\/uploads\/2023\/11\/ola-de-calor-1.jpg",720,468,false],"2048x2048":["https:\/\/nuevodigitaldeescobar.com.ar\/wp-content\/uploads\/2023\/11\/ola-de-calor-1.jpg",720,468,false]},"author_info":{"display_name":"Redacci\u00f3n","author_link":"https:\/\/nuevodigitaldeescobar.com.ar\/?author=1"},"category_info":"<a href=\"https:\/\/nuevodigitaldeescobar.com.ar\/?cat=14\" rel=\"category\">Clima, Medioambiente y Sostenibilidad<\/a>","tag_info":"Clima, Medioambiente y Sostenibilidad","comment_count":"0","_links":{"self":[{"href":"https:\/\/nuevodigitaldeescobar.com.ar\/index.php?rest_route=\/wp\/v2\/posts\/19412","targetHints":{"allow":["GET"]}}],"collection":[{"href":"https:\/\/nuevodigitaldeescobar.com.ar\/index.php?rest_route=\/wp\/v2\/posts"}],"about":[{"href":"https:\/\/nuevodigitaldeescobar.com.ar\/index.php?rest_route=\/wp\/v2\/types\/post"}],"author":[{"embeddable":true,"href":"https:\/\/nuevodigitaldeescobar.com.ar\/index.php?rest_route=\/wp\/v2\/users\/1"}],"replies":[{"embeddable":true,"href":"https:\/\/nuevodigitaldeescobar.com.ar\/index.php?rest_route=%2Fwp%2Fv2%2Fcomments&post=19412"}],"version-history":[{"count":1,"href":"https:\/\/nuevodigitaldeescobar.com.ar\/index.php?rest_route=\/wp\/v2\/posts\/19412\/revisions"}],"predecessor-version":[{"id":19413,"href":"https:\/\/nuevodigitaldeescobar.com.ar\/index.php?rest_route=\/wp\/v2\/posts\/19412\/revisions\/19413"}],"wp:featuredmedia":[{"embeddable":true,"href":"https:\/\/nuevodigitaldeescobar.com.ar\/index.php?rest_route=\/wp\/v2\/media\/1007"}],"wp:attachment":[{"href":"https:\/\/nuevodigitaldeescobar.com.ar\/index.php?rest_route=%2Fwp%2Fv2%2Fmedia&parent=19412"}],"wp:term":[{"taxonomy":"category","embeddable":true,"href":"https:\/\/nuevodigitaldeescobar.com.ar\/index.php?rest_route=%2Fwp%2Fv2%2Fcategories&post=19412"},{"taxonomy":"post_tag","embeddable":true,"href":"https:\/\/nuevodigitaldeescobar.com.ar\/index.php?rest_route=%2Fwp%2Fv2%2Ftags&post=19412"}],"curies":[{"name":"wp","href":"https:\/\/api.w.org\/{rel}","templated":true}]}}