{"id":19464,"date":"2026-01-03T13:06:14","date_gmt":"2026-01-03T16:06:14","guid":{"rendered":"https:\/\/nuevodigitaldeescobar.com.ar\/?p=19464"},"modified":"2026-01-03T13:06:45","modified_gmt":"2026-01-03T16:06:45","slug":"donald-trump-confirmo-la-captura-y-extraccion-de-nicolas-maduro-tras-un-masivo-ataque-de-ee-uu-en-venezuela","status":"publish","type":"post","link":"https:\/\/nuevodigitaldeescobar.com.ar\/?p=19464","title":{"rendered":"Donald Trump confirm\u00f3 la captura y extracci\u00f3n de Nicol\u00e1s Maduro tras un masivo ataque de EE. UU. en Venezuela"},"content":{"rendered":"\n<p class=\"has-vivid-cyan-blue-color has-text-color has-link-color wp-elements-438865bad7d10d78a218538ed54dc0bb\"><strong><em>En un giro sin precedentes para la geopol\u00edtica mundial, el presidente de los Estados Unidos, Donald Trump, confirm\u00f3 este s\u00e1bado la captura del mandatario venezolano Nicol\u00e1s Maduro. La operaci\u00f3n, descrita por la Casa Blanca como un \u00abataque a gran escala\u00bb, culmin\u00f3 con la extracci\u00f3n de Maduro y su esposa, Cilia Flores, fuera del territorio venezolano tras una madrugada de intensos bombardeos en centros estrat\u00e9gicos de Caracas.<\/em><\/strong><\/p>\n\n\n\n<!--more-->\n\n\n\n<p>El anuncio se realiz\u00f3 a trav\u00e9s de la red social <em>Truth Social<\/em>, donde Trump calific\u00f3 la maniobra como una <em>\u00aboperaci\u00f3n brillante\u00bb<\/em> llevada a cabo en colaboraci\u00f3n con las fuerzas del orden y militares estadounidenses. <em>\u00abHubo mucha planificaci\u00f3n y gente muy buena involucrada\u00bb<\/em>, se\u00f1al\u00f3 el mandatario desde su residencia en Mar-a-Lago, donde brindar\u00e1 una conferencia de prensa para dar detalles del operativo.<\/p>\n\n\n\n<figure class=\"wp-block-video aligncenter\"><video controls src=\"https:\/\/nuevodigitaldeescobar.com.ar\/wp-content\/uploads\/2026\/01\/ataquetrump33.mp4\"><\/video><\/figure>\n\n\n\n<h3 class=\"wp-block-heading has-text-color has-link-color wp-elements-b546e331bdd287c3739e032805034026\" style=\"color:#0c14bf\">Una madrugada de explosiones y caos en Caracas<\/h3>\n\n\n\n<p>Los reportes de la intervenci\u00f3n comenzaron a circular alrededor de las <strong>02:00 hora local<\/strong>, cuando residentes de la capital venezolana registraron fuertes explosiones y el sobrevuelo de aeronaves militares. Los ataques a\u00e9reos se concentraron en puntos neur\u00e1lgicos del sistema de defensa y control del r\u00e9gimen:<\/p>\n\n\n\n<ul class=\"wp-block-list\">\n<li><strong>Bases Militares:<\/strong> Se reportaron impactos en <strong>La Carlota<\/strong> y <strong>Fuerte Tiuna<\/strong>, el complejo militar m\u00e1s importante del pa\u00eds.<\/li>\n\n\n\n<li><strong>Zonas Costeras:<\/strong> Tambi\u00e9n se registraron detonaciones en <strong>La Guaira<\/strong>, acompa\u00f1adas de apagones masivos en gran parte de la regi\u00f3n central.<\/li>\n\n\n\n<li><strong>Movilizaci\u00f3n A\u00e9rea:<\/strong> Testigos grabaron helic\u00f3pteros <em>Chinook<\/em> sobrevolando la ciudad en medio de cortes de luz y columnas de humo denso que se elevaban desde distintos puntos de la capital.<\/li>\n<\/ul>\n\n\n\n<p>La situaci\u00f3n en las calles fue de extrema tensi\u00f3n, con videos que muestran a cientos de ciudadanos intentando huir de las zonas de conflicto mientras las fuerzas de seguridad locales realizaban detenciones en un intento por contener la situaci\u00f3n.<\/p>\n\n\n\n<h3 class=\"wp-block-heading has-text-color has-link-color wp-elements-ef79677ae12e309e3330b3da8ba00c77\" style=\"color:#0c14bf\">La respuesta del r\u00e9gimen y la tensi\u00f3n regional<\/h3>\n\n\n\n<p>Antes de confirmarse su captura, el gobierno de Maduro emiti\u00f3 un comunicado a trav\u00e9s de la televisi\u00f3n estatal denunciando una <strong>\u00abgrav\u00edsima agresi\u00f3n militar\u00bb<\/strong> por parte de los Estados Unidos y declar\u00f3 el <strong>\u00abestado de conmoci\u00f3n exterior\u00bb<\/strong>, llamando a la poblaci\u00f3n a la lucha armada. En el texto, se calific\u00f3 la intervenci\u00f3n como una violaci\u00f3n flagrante de la soberan\u00eda nacional y de la Carta de las Naciones Unidas.<\/p>\n\n\n\n<p>Por su parte, la regi\u00f3n reaccion\u00f3 de inmediato. El presidente de Colombia, <strong>Gustavo Petro<\/strong>, orden\u00f3 el despliegue de la fuerza p\u00fablica en la frontera con Venezuela. Petro calific\u00f3 la acci\u00f3n de Washington como una \u00abagresi\u00f3n a la soberan\u00eda\u00bb de Am\u00e9rica Latina y advirti\u00f3 sobre una inminente crisis humanitaria, aunque abog\u00f3 por una resoluci\u00f3n mediante el di\u00e1logo.<\/p>\n\n\n\n<p>Este acontecimiento marca el fin de una escalada que se ven\u00eda gestando desde el inicio de la semana, cuando Trump advirti\u00f3 que los d\u00edas de Maduro en el poder estaban \u00abcontados\u00bb. Con la captura confirmada, la comunidad internacional aguarda ahora los pasos a seguir para la transici\u00f3n pol\u00edtica en Venezuela y el impacto que este hecho tendr\u00e1 en el equilibrio de poder en el continente.<\/p>\n","protected":false},"excerpt":{"rendered":"<p>En un giro sin precedentes para la geopol\u00edtica mundial, el presidente de los Estados Unidos, Donald Trump, confirm\u00f3 este s\u00e1bado la captura del mandatario venezolano [&hellip;]<\/p>\n","protected":false},"author":1,"featured_media":19063,"comment_status":"open","ping_status":"open","sticky":false,"template":"","format":"standard","meta":{"footnotes":""},"categories":[285],"tags":[],"class_list":["post-19464","post","type-post","status-publish","format-standard","has-post-thumbnail","hentry","category-internacionales"],"better_featured_image":{"id":19063,"alt_text":"","caption":"","description":"","media_type":"image","media_details":{"width":1920,"height":1080,"file":"2025\/11\/madurotrump33.jpeg","filesize":215180,"sizes":{"medium":{"file":"madurotrump33-300x169.jpeg","width":300,"height":169,"mime-type":"image\/jpeg","filesize":11162,"source_url":"https:\/\/nuevodigitaldeescobar.com.ar\/wp-content\/uploads\/2025\/11\/madurotrump33-300x169.jpeg"},"large":{"file":"madurotrump33-1024x576.jpeg","width":1024,"height":576,"mime-type":"image\/jpeg","filesize":72665,"source_url":"https:\/\/nuevodigitaldeescobar.com.ar\/wp-content\/uploads\/2025\/11\/madurotrump33-1024x576.jpeg"},"thumbnail":{"file":"madurotrump33-150x150.jpeg","width":150,"height":150,"mime-type":"image\/jpeg","filesize":5288,"source_url":"https:\/\/nuevodigitaldeescobar.com.ar\/wp-content\/uploads\/2025\/11\/madurotrump33-150x150.jpeg"},"medium_large":{"file":"madurotrump33-768x432.jpeg","width":768,"height":432,"mime-type":"image\/jpeg","filesize":45866,"source_url":"https:\/\/nuevodigitaldeescobar.com.ar\/wp-content\/uploads\/2025\/11\/madurotrump33-768x432.jpeg"},"1536x1536":{"file":"madurotrump33-1536x864.jpeg","width":1536,"height":864,"mime-type":"image\/jpeg","filesize":144937,"source_url":"https:\/\/nuevodigitaldeescobar.com.ar\/wp-content\/uploads\/2025\/11\/madurotrump33-1536x864.jpeg"}},"image_meta":{"aperture":"0","credit":"","camera":"","caption":"","created_timestamp":"0","copyright":"","focal_length":"0","iso":"0","shutter_speed":"0","title":"","orientation":"0","keywords":[]}},"post":19062,"source_url":"https:\/\/nuevodigitaldeescobar.com.ar\/wp-content\/uploads\/2025\/11\/madurotrump33.jpeg"},"yoast_head":"<!-- This site is optimized with the Yoast SEO plugin v26.1.1 - https:\/\/yoast.com\/wordpress\/plugins\/seo\/ -->\n<title>Donald Trump confirm\u00f3 la captura y extracci\u00f3n de Nicol\u00e1s Maduro tras un masivo ataque de EE. UU. en Venezuela - Nuevo Digital de Escobar<\/title>\n<meta name=\"robots\" content=\"index, follow, max-snippet:-1, max-image-preview:large, max-video-preview:-1\" \/>\n<link rel=\"canonical\" href=\"https:\/\/nuevodigitaldeescobar.com.ar\/?p=19464\" \/>\n<meta property=\"og:locale\" content=\"es_ES\" \/>\n<meta property=\"og:type\" content=\"article\" \/>\n<meta property=\"og:title\" content=\"Donald Trump confirm\u00f3 la captura y extracci\u00f3n de Nicol\u00e1s Maduro tras un masivo ataque de EE. UU. en Venezuela - Nuevo Digital de Escobar\" \/>\n<meta property=\"og:description\" content=\"En un giro sin precedentes para la geopol\u00edtica mundial, el presidente de los Estados Unidos, Donald Trump, confirm\u00f3 este s\u00e1bado la captura del mandatario venezolano [&hellip;]\" \/>\n<meta property=\"og:url\" content=\"https:\/\/nuevodigitaldeescobar.com.ar\/?p=19464\" \/>\n<meta property=\"og:site_name\" content=\"Nuevo Digital de Escobar\" \/>\n<meta property=\"article:publisher\" content=\"https:\/\/www.facebook.com\/NUEVODigitalDeEscobar\" \/>\n<meta property=\"article:published_time\" content=\"2026-01-03T16:06:14+00:00\" \/>\n<meta property=\"article:modified_time\" content=\"2026-01-03T16:06:45+00:00\" \/>\n<meta property=\"og:image\" content=\"http:\/\/nuevodigitaldeescobar.com.ar\/wp-content\/uploads\/2025\/11\/madurotrump33.jpeg\" \/>\n\t<meta property=\"og:image:width\" content=\"1920\" \/>\n\t<meta property=\"og:image:height\" content=\"1080\" \/>\n\t<meta property=\"og:image:type\" content=\"image\/jpeg\" \/>\n<meta name=\"author\" content=\"Redacci\u00f3n\" \/>\n<meta name=\"twitter:card\" content=\"summary_large_image\" \/>\n<meta name=\"twitter:creator\" content=\"@nuevodigescobar\" \/>\n<meta name=\"twitter:site\" content=\"@nuevodigescobar\" \/>\n<meta name=\"twitter:label1\" content=\"Escrito por\" \/>\n\t<meta name=\"twitter:data1\" content=\"Redacci\u00f3n\" \/>\n\t<meta name=\"twitter:label2\" content=\"Tiempo de lectura\" \/>\n\t<meta name=\"twitter:data2\" content=\"3 minutos\" \/>\n<script type=\"application\/ld+json\" class=\"yoast-schema-graph\">{\"@context\":\"https:\/\/schema.org\",\"@graph\":[{\"@type\":\"Article\",\"@id\":\"https:\/\/nuevodigitaldeescobar.com.ar\/?p=19464#article\",\"isPartOf\":{\"@id\":\"https:\/\/nuevodigitaldeescobar.com.ar\/?p=19464\"},\"author\":{\"name\":\"Redacci\u00f3n\",\"@id\":\"https:\/\/nuevodigitaldeescobar.com.ar\/#\/schema\/person\/035e90a8efe9a80e6eec22656ad6ea4c\"},\"headline\":\"Donald Trump confirm\u00f3 la captura y extracci\u00f3n de Nicol\u00e1s Maduro tras un masivo ataque de EE. UU. en Venezuela\",\"datePublished\":\"2026-01-03T16:06:14+00:00\",\"dateModified\":\"2026-01-03T16:06:45+00:00\",\"mainEntityOfPage\":{\"@id\":\"https:\/\/nuevodigitaldeescobar.com.ar\/?p=19464\"},\"wordCount\":551,\"commentCount\":0,\"publisher\":{\"@id\":\"https:\/\/nuevodigitaldeescobar.com.ar\/#organization\"},\"image\":{\"@id\":\"https:\/\/nuevodigitaldeescobar.com.ar\/?p=19464#primaryimage\"},\"thumbnailUrl\":\"https:\/\/nuevodigitaldeescobar.com.ar\/wp-content\/uploads\/2025\/11\/madurotrump33.jpeg\",\"articleSection\":[\"Internacionales\"],\"inLanguage\":\"es\",\"potentialAction\":[{\"@type\":\"CommentAction\",\"name\":\"Comment\",\"target\":[\"https:\/\/nuevodigitaldeescobar.com.ar\/?p=19464#respond\"]}]},{\"@type\":\"WebPage\",\"@id\":\"https:\/\/nuevodigitaldeescobar.com.ar\/?p=19464\",\"url\":\"https:\/\/nuevodigitaldeescobar.com.ar\/?p=19464\",\"name\":\"Donald Trump confirm\u00f3 la captura y extracci\u00f3n de Nicol\u00e1s Maduro tras un masivo ataque de EE. UU. en Venezuela - Nuevo Digital de Escobar\",\"isPartOf\":{\"@id\":\"https:\/\/nuevodigitaldeescobar.com.ar\/#website\"},\"primaryImageOfPage\":{\"@id\":\"https:\/\/nuevodigitaldeescobar.com.ar\/?p=19464#primaryimage\"},\"image\":{\"@id\":\"https:\/\/nuevodigitaldeescobar.com.ar\/?p=19464#primaryimage\"},\"thumbnailUrl\":\"https:\/\/nuevodigitaldeescobar.com.ar\/wp-content\/uploads\/2025\/11\/madurotrump33.jpeg\",\"datePublished\":\"2026-01-03T16:06:14+00:00\",\"dateModified\":\"2026-01-03T16:06:45+00:00\",\"breadcrumb\":{\"@id\":\"https:\/\/nuevodigitaldeescobar.com.ar\/?p=19464#breadcrumb\"},\"inLanguage\":\"es\",\"potentialAction\":[{\"@type\":\"ReadAction\",\"target\":[\"https:\/\/nuevodigitaldeescobar.com.ar\/?p=19464\"]}]},{\"@type\":\"ImageObject\",\"inLanguage\":\"es\",\"@id\":\"https:\/\/nuevodigitaldeescobar.com.ar\/?p=19464#primaryimage\",\"url\":\"https:\/\/nuevodigitaldeescobar.com.ar\/wp-content\/uploads\/2025\/11\/madurotrump33.jpeg\",\"contentUrl\":\"https:\/\/nuevodigitaldeescobar.com.ar\/wp-content\/uploads\/2025\/11\/madurotrump33.jpeg\",\"width\":1920,\"height\":1080},{\"@type\":\"BreadcrumbList\",\"@id\":\"https:\/\/nuevodigitaldeescobar.com.ar\/?p=19464#breadcrumb\",\"itemListElement\":[{\"@type\":\"ListItem\",\"position\":1,\"name\":\"Portada\",\"item\":\"https:\/\/nuevodigitaldeescobar.com.ar\/\"},{\"@type\":\"ListItem\",\"position\":2,\"name\":\"Donald Trump confirm\u00f3 la captura y extracci\u00f3n de Nicol\u00e1s Maduro tras un masivo ataque de EE. UU. en Venezuela\"}]},{\"@type\":\"WebSite\",\"@id\":\"https:\/\/nuevodigitaldeescobar.com.ar\/#website\",\"url\":\"https:\/\/nuevodigitaldeescobar.com.ar\/\",\"name\":\"Nuevo Digital de Escobar\",\"description\":\"La vida escobarense. Directora: Rosana Brunner\",\"publisher\":{\"@id\":\"https:\/\/nuevodigitaldeescobar.com.ar\/#organization\"},\"potentialAction\":[{\"@type\":\"SearchAction\",\"target\":{\"@type\":\"EntryPoint\",\"urlTemplate\":\"https:\/\/nuevodigitaldeescobar.com.ar\/?s={search_term_string}\"},\"query-input\":{\"@type\":\"PropertyValueSpecification\",\"valueRequired\":true,\"valueName\":\"search_term_string\"}}],\"inLanguage\":\"es\"},{\"@type\":\"Organization\",\"@id\":\"https:\/\/nuevodigitaldeescobar.com.ar\/#organization\",\"name\":\"Nuevo Digital de Escobar\",\"url\":\"https:\/\/nuevodigitaldeescobar.com.ar\/\",\"logo\":{\"@type\":\"ImageObject\",\"inLanguage\":\"es\",\"@id\":\"https:\/\/nuevodigitaldeescobar.com.ar\/#\/schema\/logo\/image\/\",\"url\":\"https:\/\/nuevodigitaldeescobar.com.ar\/wp-content\/uploads\/2025\/05\/cropped-logo-nuevo2.jpg\",\"contentUrl\":\"https:\/\/nuevodigitaldeescobar.com.ar\/wp-content\/uploads\/2025\/05\/cropped-logo-nuevo2.jpg\",\"width\":305,\"height\":305,\"caption\":\"Nuevo Digital de Escobar\"},\"image\":{\"@id\":\"https:\/\/nuevodigitaldeescobar.com.ar\/#\/schema\/logo\/image\/\"},\"sameAs\":[\"https:\/\/www.facebook.com\/NUEVODigitalDeEscobar\",\"https:\/\/x.com\/nuevodigescobar\",\"https:\/\/www.instagram.com\/nuevodigitaldeescobar\"]},{\"@type\":\"Person\",\"@id\":\"https:\/\/nuevodigitaldeescobar.com.ar\/#\/schema\/person\/035e90a8efe9a80e6eec22656ad6ea4c\",\"name\":\"Redacci\u00f3n\",\"image\":{\"@type\":\"ImageObject\",\"inLanguage\":\"es\",\"@id\":\"https:\/\/nuevodigitaldeescobar.com.ar\/#\/schema\/person\/image\/\",\"url\":\"https:\/\/secure.gravatar.com\/avatar\/8af8f40000c24e9eef3034f2be5998a372bb1389e64b1a4a36b3a7979142220d?s=96&d=mm&r=g\",\"contentUrl\":\"https:\/\/secure.gravatar.com\/avatar\/8af8f40000c24e9eef3034f2be5998a372bb1389e64b1a4a36b3a7979142220d?s=96&d=mm&r=g\",\"caption\":\"Redacci\u00f3n\"},\"sameAs\":[\"http:\/\/nuevodigitaldeescobar.com.ar\"],\"url\":\"https:\/\/nuevodigitaldeescobar.com.ar\/?author=1\"}]}<\/script>\n<!-- \/ Yoast SEO plugin. -->","yoast_head_json":{"title":"Donald Trump confirm\u00f3 la captura y extracci\u00f3n de Nicol\u00e1s Maduro tras un masivo ataque de EE. UU. en Venezuela - Nuevo Digital de Escobar","robots":{"index":"index","follow":"follow","max-snippet":"max-snippet:-1","max-image-preview":"max-image-preview:large","max-video-preview":"max-video-preview:-1"},"canonical":"https:\/\/nuevodigitaldeescobar.com.ar\/?p=19464","og_locale":"es_ES","og_type":"article","og_title":"Donald Trump confirm\u00f3 la captura y extracci\u00f3n de Nicol\u00e1s Maduro tras un masivo ataque de EE. UU. en Venezuela - Nuevo Digital de Escobar","og_description":"En un giro sin precedentes para la geopol\u00edtica mundial, el presidente de los Estados Unidos, Donald Trump, confirm\u00f3 este s\u00e1bado la captura del mandatario venezolano [&hellip;]","og_url":"https:\/\/nuevodigitaldeescobar.com.ar\/?p=19464","og_site_name":"Nuevo Digital de Escobar","article_publisher":"https:\/\/www.facebook.com\/NUEVODigitalDeEscobar","article_published_time":"2026-01-03T16:06:14+00:00","article_modified_time":"2026-01-03T16:06:45+00:00","og_image":[{"width":1920,"height":1080,"url":"http:\/\/nuevodigitaldeescobar.com.ar\/wp-content\/uploads\/2025\/11\/madurotrump33.jpeg","type":"image\/jpeg"}],"author":"Redacci\u00f3n","twitter_card":"summary_large_image","twitter_creator":"@nuevodigescobar","twitter_site":"@nuevodigescobar","twitter_misc":{"Escrito por":"Redacci\u00f3n","Tiempo de lectura":"3 minutos"},"schema":{"@context":"https:\/\/schema.org","@graph":[{"@type":"Article","@id":"https:\/\/nuevodigitaldeescobar.com.ar\/?p=19464#article","isPartOf":{"@id":"https:\/\/nuevodigitaldeescobar.com.ar\/?p=19464"},"author":{"name":"Redacci\u00f3n","@id":"https:\/\/nuevodigitaldeescobar.com.ar\/#\/schema\/person\/035e90a8efe9a80e6eec22656ad6ea4c"},"headline":"Donald Trump confirm\u00f3 la captura y extracci\u00f3n de Nicol\u00e1s Maduro tras un masivo ataque de EE. UU. en Venezuela","datePublished":"2026-01-03T16:06:14+00:00","dateModified":"2026-01-03T16:06:45+00:00","mainEntityOfPage":{"@id":"https:\/\/nuevodigitaldeescobar.com.ar\/?p=19464"},"wordCount":551,"commentCount":0,"publisher":{"@id":"https:\/\/nuevodigitaldeescobar.com.ar\/#organization"},"image":{"@id":"https:\/\/nuevodigitaldeescobar.com.ar\/?p=19464#primaryimage"},"thumbnailUrl":"https:\/\/nuevodigitaldeescobar.com.ar\/wp-content\/uploads\/2025\/11\/madurotrump33.jpeg","articleSection":["Internacionales"],"inLanguage":"es","potentialAction":[{"@type":"CommentAction","name":"Comment","target":["https:\/\/nuevodigitaldeescobar.com.ar\/?p=19464#respond"]}]},{"@type":"WebPage","@id":"https:\/\/nuevodigitaldeescobar.com.ar\/?p=19464","url":"https:\/\/nuevodigitaldeescobar.com.ar\/?p=19464","name":"Donald Trump confirm\u00f3 la captura y extracci\u00f3n de Nicol\u00e1s Maduro tras un masivo ataque de EE. UU. en Venezuela - Nuevo Digital de Escobar","isPartOf":{"@id":"https:\/\/nuevodigitaldeescobar.com.ar\/#website"},"primaryImageOfPage":{"@id":"https:\/\/nuevodigitaldeescobar.com.ar\/?p=19464#primaryimage"},"image":{"@id":"https:\/\/nuevodigitaldeescobar.com.ar\/?p=19464#primaryimage"},"thumbnailUrl":"https:\/\/nuevodigitaldeescobar.com.ar\/wp-content\/uploads\/2025\/11\/madurotrump33.jpeg","datePublished":"2026-01-03T16:06:14+00:00","dateModified":"2026-01-03T16:06:45+00:00","breadcrumb":{"@id":"https:\/\/nuevodigitaldeescobar.com.ar\/?p=19464#breadcrumb"},"inLanguage":"es","potentialAction":[{"@type":"ReadAction","target":["https:\/\/nuevodigitaldeescobar.com.ar\/?p=19464"]}]},{"@type":"ImageObject","inLanguage":"es","@id":"https:\/\/nuevodigitaldeescobar.com.ar\/?p=19464#primaryimage","url":"https:\/\/nuevodigitaldeescobar.com.ar\/wp-content\/uploads\/2025\/11\/madurotrump33.jpeg","contentUrl":"https:\/\/nuevodigitaldeescobar.com.ar\/wp-content\/uploads\/2025\/11\/madurotrump33.jpeg","width":1920,"height":1080},{"@type":"BreadcrumbList","@id":"https:\/\/nuevodigitaldeescobar.com.ar\/?p=19464#breadcrumb","itemListElement":[{"@type":"ListItem","position":1,"name":"Portada","item":"https:\/\/nuevodigitaldeescobar.com.ar\/"},{"@type":"ListItem","position":2,"name":"Donald Trump confirm\u00f3 la captura y extracci\u00f3n de Nicol\u00e1s Maduro tras un masivo ataque de EE. UU. en Venezuela"}]},{"@type":"WebSite","@id":"https:\/\/nuevodigitaldeescobar.com.ar\/#website","url":"https:\/\/nuevodigitaldeescobar.com.ar\/","name":"Nuevo Digital de Escobar","description":"La vida escobarense. Directora: Rosana Brunner","publisher":{"@id":"https:\/\/nuevodigitaldeescobar.com.ar\/#organization"},"potentialAction":[{"@type":"SearchAction","target":{"@type":"EntryPoint","urlTemplate":"https:\/\/nuevodigitaldeescobar.com.ar\/?s={search_term_string}"},"query-input":{"@type":"PropertyValueSpecification","valueRequired":true,"valueName":"search_term_string"}}],"inLanguage":"es"},{"@type":"Organization","@id":"https:\/\/nuevodigitaldeescobar.com.ar\/#organization","name":"Nuevo Digital de Escobar","url":"https:\/\/nuevodigitaldeescobar.com.ar\/","logo":{"@type":"ImageObject","inLanguage":"es","@id":"https:\/\/nuevodigitaldeescobar.com.ar\/#\/schema\/logo\/image\/","url":"https:\/\/nuevodigitaldeescobar.com.ar\/wp-content\/uploads\/2025\/05\/cropped-logo-nuevo2.jpg","contentUrl":"https:\/\/nuevodigitaldeescobar.com.ar\/wp-content\/uploads\/2025\/05\/cropped-logo-nuevo2.jpg","width":305,"height":305,"caption":"Nuevo Digital de Escobar"},"image":{"@id":"https:\/\/nuevodigitaldeescobar.com.ar\/#\/schema\/logo\/image\/"},"sameAs":["https:\/\/www.facebook.com\/NUEVODigitalDeEscobar","https:\/\/x.com\/nuevodigescobar","https:\/\/www.instagram.com\/nuevodigitaldeescobar"]},{"@type":"Person","@id":"https:\/\/nuevodigitaldeescobar.com.ar\/#\/schema\/person\/035e90a8efe9a80e6eec22656ad6ea4c","name":"Redacci\u00f3n","image":{"@type":"ImageObject","inLanguage":"es","@id":"https:\/\/nuevodigitaldeescobar.com.ar\/#\/schema\/person\/image\/","url":"https:\/\/secure.gravatar.com\/avatar\/8af8f40000c24e9eef3034f2be5998a372bb1389e64b1a4a36b3a7979142220d?s=96&d=mm&r=g","contentUrl":"https:\/\/secure.gravatar.com\/avatar\/8af8f40000c24e9eef3034f2be5998a372bb1389e64b1a4a36b3a7979142220d?s=96&d=mm&r=g","caption":"Redacci\u00f3n"},"sameAs":["http:\/\/nuevodigitaldeescobar.com.ar"],"url":"https:\/\/nuevodigitaldeescobar.com.ar\/?author=1"}]}},"featured_image_urls":{"full":["https:\/\/nuevodigitaldeescobar.com.ar\/wp-content\/uploads\/2025\/11\/madurotrump33.jpeg",1920,1080,false],"thumbnail":["https:\/\/nuevodigitaldeescobar.com.ar\/wp-content\/uploads\/2025\/11\/madurotrump33-150x150.jpeg",150,150,true],"medium":["https:\/\/nuevodigitaldeescobar.com.ar\/wp-content\/uploads\/2025\/11\/madurotrump33-300x169.jpeg",300,169,true],"medium_large":["https:\/\/nuevodigitaldeescobar.com.ar\/wp-content\/uploads\/2025\/11\/madurotrump33-768x432.jpeg",640,360,true],"large":["https:\/\/nuevodigitaldeescobar.com.ar\/wp-content\/uploads\/2025\/11\/madurotrump33-1024x576.jpeg",640,360,true],"1536x1536":["https:\/\/nuevodigitaldeescobar.com.ar\/wp-content\/uploads\/2025\/11\/madurotrump33-1536x864.jpeg",1536,864,true],"2048x2048":["https:\/\/nuevodigitaldeescobar.com.ar\/wp-content\/uploads\/2025\/11\/madurotrump33.jpeg",1920,1080,false]},"author_info":{"display_name":"Redacci\u00f3n","author_link":"https:\/\/nuevodigitaldeescobar.com.ar\/?author=1"},"category_info":"<a href=\"https:\/\/nuevodigitaldeescobar.com.ar\/?cat=285\" rel=\"category\">Internacionales<\/a>","tag_info":"Internacionales","comment_count":"0","_links":{"self":[{"href":"https:\/\/nuevodigitaldeescobar.com.ar\/index.php?rest_route=\/wp\/v2\/posts\/19464","targetHints":{"allow":["GET"]}}],"collection":[{"href":"https:\/\/nuevodigitaldeescobar.com.ar\/index.php?rest_route=\/wp\/v2\/posts"}],"about":[{"href":"https:\/\/nuevodigitaldeescobar.com.ar\/index.php?rest_route=\/wp\/v2\/types\/post"}],"author":[{"embeddable":true,"href":"https:\/\/nuevodigitaldeescobar.com.ar\/index.php?rest_route=\/wp\/v2\/users\/1"}],"replies":[{"embeddable":true,"href":"https:\/\/nuevodigitaldeescobar.com.ar\/index.php?rest_route=%2Fwp%2Fv2%2Fcomments&post=19464"}],"version-history":[{"count":1,"href":"https:\/\/nuevodigitaldeescobar.com.ar\/index.php?rest_route=\/wp\/v2\/posts\/19464\/revisions"}],"predecessor-version":[{"id":19466,"href":"https:\/\/nuevodigitaldeescobar.com.ar\/index.php?rest_route=\/wp\/v2\/posts\/19464\/revisions\/19466"}],"wp:featuredmedia":[{"embeddable":true,"href":"https:\/\/nuevodigitaldeescobar.com.ar\/index.php?rest_route=\/wp\/v2\/media\/19063"}],"wp:attachment":[{"href":"https:\/\/nuevodigitaldeescobar.com.ar\/index.php?rest_route=%2Fwp%2Fv2%2Fmedia&parent=19464"}],"wp:term":[{"taxonomy":"category","embeddable":true,"href":"https:\/\/nuevodigitaldeescobar.com.ar\/index.php?rest_route=%2Fwp%2Fv2%2Fcategories&post=19464"},{"taxonomy":"post_tag","embeddable":true,"href":"https:\/\/nuevodigitaldeescobar.com.ar\/index.php?rest_route=%2Fwp%2Fv2%2Ftags&post=19464"}],"curies":[{"name":"wp","href":"https:\/\/api.w.org\/{rel}","templated":true}]}}