{"id":19471,"date":"2026-01-03T15:44:15","date_gmt":"2026-01-03T18:44:15","guid":{"rendered":"https:\/\/nuevodigitaldeescobar.com.ar\/?p=19471"},"modified":"2026-01-03T15:44:19","modified_gmt":"2026-01-03T18:44:19","slug":"tarifas-2026-el-gobierno-unifica-los-subsidios-de-luz-y-gas-y-define-quienes-pagaran-el-costo-pleno","status":"publish","type":"post","link":"https:\/\/nuevodigitaldeescobar.com.ar\/?p=19471","title":{"rendered":"Tarifas 2026: el Gobierno unifica los subsidios de luz y gas y define qui\u00e9nes pagar\u00e1n el costo pleno"},"content":{"rendered":"\n<p class=\"has-vivid-cyan-blue-color has-text-color has-link-color wp-elements-60aee4992b6b3ae1d32c454f5592d207\"><strong><em>A partir de este mes, los vecinos de Escobar comenzar\u00e1n a notar cambios profundos en la liquidaci\u00f3n de sus facturas de energ\u00eda. Con la entrada en vigencia del R\u00e9gimen de Subsidios Energ\u00e9ticos Focalizados (SEF), oficializado mediante el Decreto 943\/2025, el Estado nacional busca simplificar el sistema de asistencia y concentrar los recursos exclusivamente en los sectores m\u00e1s vulnerables.<\/em><\/strong><\/p>\n\n\n\n<!--more-->\n\n\n\n<p>Este nuevo esquema pone fin a la segmentaci\u00f3n anterior (los conocidos niveles N1, N2 y N3) y establece un criterio \u00fanico para todo el pa\u00eds, eliminando las categor\u00edas intermedias.<\/p>\n\n\n\n<hr class=\"wp-block-separator has-alpha-channel-opacity\"\/>\n\n\n\n<h3 class=\"wp-block-heading has-text-color has-link-color wp-elements-3153959a61196d4bbd381cad1503bd06\" style=\"color:#093ec5\">Las dos nuevas categor\u00edas: \u00bfQui\u00e9nes reciben el beneficio?<\/h3>\n\n\n\n<p>El nuevo sistema es binario. Ya no existen grises: los hogares se dividen \u00fanicamente entre <strong>\u00abcon subsidio\u00bb<\/strong> y <strong>\u00absin subsidio\u00bb<\/strong>.<\/p>\n\n\n\n<p>Para calificar como beneficiario y recibir una bonificaci\u00f3n en el precio de la energ\u00eda, el hogar debe registrar ingresos <strong>menores o iguales a tres Canastas B\u00e1sicas Totales (CBT)<\/strong>, adem\u00e1s de cumplir con ciertos supuestos de vulnerabilidad patrimonial. Aquellos que superen este umbral pasar\u00e1n a abonar la <strong>tarifa plena<\/strong> del servicio.<\/p>\n\n\n\n<hr class=\"wp-block-separator has-alpha-channel-opacity\"\/>\n\n\n\n<h3 class=\"wp-block-heading has-text-color has-link-color wp-elements-0170df8cfdcd3f0e6cc4ff3e338bbe23\" style=\"color:#093ec5\">\u00bfC\u00f3mo impacta en la luz y el gas?<\/h3>\n\n\n\n<p>La asistencia ya no es plana; ahora depende estrictamente del consumo y de la \u00e9poca del a\u00f1o:<\/p>\n\n\n\n<p class=\"has-text-color has-link-color wp-elements-561ba1f74afbb2ea57f596835ee8f5c4\" style=\"color:#0768a3\"><strong><span style=\"text-decoration: underline;\">1. Electricidad:<\/span><\/strong><\/p>\n\n\n\n<ul class=\"wp-block-list\">\n<li><strong>Bonificaci\u00f3n base:<\/strong> 50% sobre el valor de la energ\u00eda.<\/li>\n\n\n\n<li><strong>L\u00edmites de consumo:<\/strong> El subsidio cubre hasta <strong>300 kWh mensuales<\/strong> en meses de alta demanda y baja a <strong>150 kWh<\/strong> en meses templados. Todo lo que se consuma por encima de ese bloque se pagar\u00e1 a precio de mercado.<\/li>\n\n\n\n<li><strong>Extra por 2026:<\/strong> Durante este a\u00f1o, habr\u00e1 un descuento adicional del 25% en enero que ir\u00e1 disminuyendo mes a mes hasta desaparecer en diciembre.<\/li>\n<\/ul>\n\n\n\n<p class=\"has-text-color has-link-color wp-elements-cd4334c11dead8734c33305cadd54706\" style=\"color:#0768a3\"><strong><span style=\"text-decoration: underline;\">2. Gas Natural:<\/span><\/strong><\/p>\n\n\n\n<ul class=\"wp-block-list\">\n<li><strong>Estacionalidad:<\/strong> El subsidio del 50% se aplicar\u00e1 <strong>\u00fanicamente de abril a septiembre<\/strong> (los meses de fr\u00edo).<\/li>\n\n\n\n<li><strong>Verano sin subsidio:<\/strong> Durante los meses de baja demanda, todos los usuarios \u2014incluso los beneficiarios\u2014 pagar\u00e1n el costo total del gas.<\/li>\n<\/ul>\n\n\n\n<hr class=\"wp-block-separator has-alpha-channel-opacity\"\/>\n\n\n\n<h3 class=\"wp-block-heading has-text-color has-link-color wp-elements-d81bcecb528e41ea022ceb9a40f0f3ce\" style=\"color:#093ec5\">\u00bfHay que volver a anotarse?<\/h3>\n\n\n\n<p>Una de las dudas m\u00e1s frecuentes entre los vecinos es si deben realizar un nuevo tr\u00e1mite. La respuesta corta es <strong>no, si ya estabas inscripto<\/strong>.<\/p>\n\n\n\n<p>El antiguo registro (RASE) migrar\u00e1 autom\u00e1ticamente sus datos al nuevo <strong>Registro de Subsidios Energ\u00e9ticos Focalizados (ReSEF)<\/strong>. Sin embargo, es fundamental que cada usuario ingrese a la aplicaci\u00f3n <strong>Mi Argentina<\/strong> para verificar que su Declaraci\u00f3n Jurada est\u00e9 actualizada, especialmente si hubo cambios en los ingresos familiares o en la composici\u00f3n del hogar durante el \u00faltimo a\u00f1o.<\/p>\n\n\n\n<h3 class=\"wp-block-heading has-text-color has-link-color wp-elements-69e540c614073cd5d2d57f3553fd2d71\" style=\"color:#093ec5\">Integraci\u00f3n de garrafas y Programa Hogar<\/h3>\n\n\n\n<p>El nuevo r\u00e9gimen tambi\u00e9n absorbe a los beneficiarios del ex <strong>Programa Hogar<\/strong>. Quienes reciben asistencia para la compra de garrafas de 10 kg tienen un plazo de <strong>seis meses<\/strong> para inscribirse en el sistema unificado. Una vez cumplido este per\u00edodo de transici\u00f3n, el Programa Hogar dejar\u00e1 de existir de forma independiente.<\/p>\n","protected":false},"excerpt":{"rendered":"<p>A partir de este mes, los vecinos de Escobar comenzar\u00e1n a notar cambios profundos en la liquidaci\u00f3n de sus facturas de energ\u00eda. Con la entrada [&hellip;]<\/p>\n","protected":false},"author":1,"featured_media":19473,"comment_status":"open","ping_status":"open","sticky":false,"template":"","format":"standard","meta":{"footnotes":""},"categories":[10],"tags":[],"class_list":["post-19471","post","type-post","status-publish","format-standard","has-post-thumbnail","hentry","category-economia"],"better_featured_image":{"id":19473,"alt_text":"","caption":"","description":"","media_type":"image","media_details":{"width":982,"height":684,"file":"2026\/01\/naturgyedenor49.png","filesize":938912,"sizes":{"medium":{"file":"naturgyedenor49-300x209.png","width":300,"height":209,"mime-type":"image\/png","filesize":45195,"source_url":"https:\/\/nuevodigitaldeescobar.com.ar\/wp-content\/uploads\/2026\/01\/naturgyedenor49-300x209.png"},"thumbnail":{"file":"naturgyedenor49-150x150.png","width":150,"height":150,"mime-type":"image\/png","filesize":18675,"source_url":"https:\/\/nuevodigitaldeescobar.com.ar\/wp-content\/uploads\/2026\/01\/naturgyedenor49-150x150.png"},"medium_large":{"file":"naturgyedenor49-768x535.png","width":768,"height":535,"mime-type":"image\/png","filesize":237625,"source_url":"https:\/\/nuevodigitaldeescobar.com.ar\/wp-content\/uploads\/2026\/01\/naturgyedenor49-768x535.png"}},"image_meta":{"aperture":"0","credit":"","camera":"","caption":"","created_timestamp":"0","copyright":"","focal_length":"0","iso":"0","shutter_speed":"0","title":"","orientation":"0","keywords":[]}},"post":19471,"source_url":"https:\/\/nuevodigitaldeescobar.com.ar\/wp-content\/uploads\/2026\/01\/naturgyedenor49.png"},"yoast_head":"<!-- This site is optimized with the Yoast SEO plugin v26.1.1 - https:\/\/yoast.com\/wordpress\/plugins\/seo\/ -->\n<title>Tarifas 2026: el Gobierno unifica los subsidios de luz y gas y define qui\u00e9nes pagar\u00e1n el costo pleno - Nuevo Digital de Escobar<\/title>\n<meta name=\"robots\" content=\"index, follow, max-snippet:-1, max-image-preview:large, max-video-preview:-1\" \/>\n<link rel=\"canonical\" href=\"https:\/\/nuevodigitaldeescobar.com.ar\/?p=19471\" \/>\n<meta property=\"og:locale\" content=\"es_ES\" \/>\n<meta property=\"og:type\" content=\"article\" \/>\n<meta property=\"og:title\" content=\"Tarifas 2026: el Gobierno unifica los subsidios de luz y gas y define qui\u00e9nes pagar\u00e1n el costo pleno - Nuevo Digital de Escobar\" \/>\n<meta property=\"og:description\" content=\"A partir de este mes, los vecinos de Escobar comenzar\u00e1n a notar cambios profundos en la liquidaci\u00f3n de sus facturas de energ\u00eda. Con la entrada [&hellip;]\" \/>\n<meta property=\"og:url\" content=\"https:\/\/nuevodigitaldeescobar.com.ar\/?p=19471\" \/>\n<meta property=\"og:site_name\" content=\"Nuevo Digital de Escobar\" \/>\n<meta property=\"article:publisher\" content=\"https:\/\/www.facebook.com\/NUEVODigitalDeEscobar\" \/>\n<meta property=\"article:published_time\" content=\"2026-01-03T18:44:15+00:00\" \/>\n<meta property=\"article:modified_time\" content=\"2026-01-03T18:44:19+00:00\" \/>\n<meta property=\"og:image\" content=\"http:\/\/nuevodigitaldeescobar.com.ar\/wp-content\/uploads\/2026\/01\/naturgyedenor49.png\" \/>\n\t<meta property=\"og:image:width\" content=\"982\" \/>\n\t<meta property=\"og:image:height\" content=\"684\" \/>\n\t<meta property=\"og:image:type\" content=\"image\/png\" \/>\n<meta name=\"author\" content=\"Redacci\u00f3n\" \/>\n<meta name=\"twitter:card\" content=\"summary_large_image\" \/>\n<meta name=\"twitter:creator\" content=\"@nuevodigescobar\" \/>\n<meta name=\"twitter:site\" content=\"@nuevodigescobar\" \/>\n<meta name=\"twitter:label1\" content=\"Escrito por\" \/>\n\t<meta name=\"twitter:data1\" content=\"Redacci\u00f3n\" \/>\n\t<meta name=\"twitter:label2\" content=\"Tiempo de lectura\" \/>\n\t<meta name=\"twitter:data2\" content=\"3 minutos\" \/>\n<script type=\"application\/ld+json\" class=\"yoast-schema-graph\">{\"@context\":\"https:\/\/schema.org\",\"@graph\":[{\"@type\":\"Article\",\"@id\":\"https:\/\/nuevodigitaldeescobar.com.ar\/?p=19471#article\",\"isPartOf\":{\"@id\":\"https:\/\/nuevodigitaldeescobar.com.ar\/?p=19471\"},\"author\":{\"name\":\"Redacci\u00f3n\",\"@id\":\"https:\/\/nuevodigitaldeescobar.com.ar\/#\/schema\/person\/035e90a8efe9a80e6eec22656ad6ea4c\"},\"headline\":\"Tarifas 2026: el Gobierno unifica los subsidios de luz y gas y define qui\u00e9nes pagar\u00e1n el costo pleno\",\"datePublished\":\"2026-01-03T18:44:15+00:00\",\"dateModified\":\"2026-01-03T18:44:19+00:00\",\"mainEntityOfPage\":{\"@id\":\"https:\/\/nuevodigitaldeescobar.com.ar\/?p=19471\"},\"wordCount\":492,\"commentCount\":0,\"publisher\":{\"@id\":\"https:\/\/nuevodigitaldeescobar.com.ar\/#organization\"},\"image\":{\"@id\":\"https:\/\/nuevodigitaldeescobar.com.ar\/?p=19471#primaryimage\"},\"thumbnailUrl\":\"https:\/\/nuevodigitaldeescobar.com.ar\/wp-content\/uploads\/2026\/01\/naturgyedenor49.png\",\"articleSection\":[\"Econom\u00eda\"],\"inLanguage\":\"es\",\"potentialAction\":[{\"@type\":\"CommentAction\",\"name\":\"Comment\",\"target\":[\"https:\/\/nuevodigitaldeescobar.com.ar\/?p=19471#respond\"]}]},{\"@type\":\"WebPage\",\"@id\":\"https:\/\/nuevodigitaldeescobar.com.ar\/?p=19471\",\"url\":\"https:\/\/nuevodigitaldeescobar.com.ar\/?p=19471\",\"name\":\"Tarifas 2026: el Gobierno unifica los subsidios de luz y gas y define qui\u00e9nes pagar\u00e1n el costo pleno - Nuevo Digital de Escobar\",\"isPartOf\":{\"@id\":\"https:\/\/nuevodigitaldeescobar.com.ar\/#website\"},\"primaryImageOfPage\":{\"@id\":\"https:\/\/nuevodigitaldeescobar.com.ar\/?p=19471#primaryimage\"},\"image\":{\"@id\":\"https:\/\/nuevodigitaldeescobar.com.ar\/?p=19471#primaryimage\"},\"thumbnailUrl\":\"https:\/\/nuevodigitaldeescobar.com.ar\/wp-content\/uploads\/2026\/01\/naturgyedenor49.png\",\"datePublished\":\"2026-01-03T18:44:15+00:00\",\"dateModified\":\"2026-01-03T18:44:19+00:00\",\"breadcrumb\":{\"@id\":\"https:\/\/nuevodigitaldeescobar.com.ar\/?p=19471#breadcrumb\"},\"inLanguage\":\"es\",\"potentialAction\":[{\"@type\":\"ReadAction\",\"target\":[\"https:\/\/nuevodigitaldeescobar.com.ar\/?p=19471\"]}]},{\"@type\":\"ImageObject\",\"inLanguage\":\"es\",\"@id\":\"https:\/\/nuevodigitaldeescobar.com.ar\/?p=19471#primaryimage\",\"url\":\"https:\/\/nuevodigitaldeescobar.com.ar\/wp-content\/uploads\/2026\/01\/naturgyedenor49.png\",\"contentUrl\":\"https:\/\/nuevodigitaldeescobar.com.ar\/wp-content\/uploads\/2026\/01\/naturgyedenor49.png\",\"width\":982,\"height\":684},{\"@type\":\"BreadcrumbList\",\"@id\":\"https:\/\/nuevodigitaldeescobar.com.ar\/?p=19471#breadcrumb\",\"itemListElement\":[{\"@type\":\"ListItem\",\"position\":1,\"name\":\"Portada\",\"item\":\"https:\/\/nuevodigitaldeescobar.com.ar\/\"},{\"@type\":\"ListItem\",\"position\":2,\"name\":\"Tarifas 2026: el Gobierno unifica los subsidios de luz y gas y define qui\u00e9nes pagar\u00e1n el costo pleno\"}]},{\"@type\":\"WebSite\",\"@id\":\"https:\/\/nuevodigitaldeescobar.com.ar\/#website\",\"url\":\"https:\/\/nuevodigitaldeescobar.com.ar\/\",\"name\":\"Nuevo Digital de Escobar\",\"description\":\"La vida escobarense. Directora: Rosana Brunner\",\"publisher\":{\"@id\":\"https:\/\/nuevodigitaldeescobar.com.ar\/#organization\"},\"potentialAction\":[{\"@type\":\"SearchAction\",\"target\":{\"@type\":\"EntryPoint\",\"urlTemplate\":\"https:\/\/nuevodigitaldeescobar.com.ar\/?s={search_term_string}\"},\"query-input\":{\"@type\":\"PropertyValueSpecification\",\"valueRequired\":true,\"valueName\":\"search_term_string\"}}],\"inLanguage\":\"es\"},{\"@type\":\"Organization\",\"@id\":\"https:\/\/nuevodigitaldeescobar.com.ar\/#organization\",\"name\":\"Nuevo Digital de Escobar\",\"url\":\"https:\/\/nuevodigitaldeescobar.com.ar\/\",\"logo\":{\"@type\":\"ImageObject\",\"inLanguage\":\"es\",\"@id\":\"https:\/\/nuevodigitaldeescobar.com.ar\/#\/schema\/logo\/image\/\",\"url\":\"https:\/\/nuevodigitaldeescobar.com.ar\/wp-content\/uploads\/2025\/05\/cropped-logo-nuevo2.jpg\",\"contentUrl\":\"https:\/\/nuevodigitaldeescobar.com.ar\/wp-content\/uploads\/2025\/05\/cropped-logo-nuevo2.jpg\",\"width\":305,\"height\":305,\"caption\":\"Nuevo Digital de Escobar\"},\"image\":{\"@id\":\"https:\/\/nuevodigitaldeescobar.com.ar\/#\/schema\/logo\/image\/\"},\"sameAs\":[\"https:\/\/www.facebook.com\/NUEVODigitalDeEscobar\",\"https:\/\/x.com\/nuevodigescobar\",\"https:\/\/www.instagram.com\/nuevodigitaldeescobar\"]},{\"@type\":\"Person\",\"@id\":\"https:\/\/nuevodigitaldeescobar.com.ar\/#\/schema\/person\/035e90a8efe9a80e6eec22656ad6ea4c\",\"name\":\"Redacci\u00f3n\",\"image\":{\"@type\":\"ImageObject\",\"inLanguage\":\"es\",\"@id\":\"https:\/\/nuevodigitaldeescobar.com.ar\/#\/schema\/person\/image\/\",\"url\":\"https:\/\/secure.gravatar.com\/avatar\/8af8f40000c24e9eef3034f2be5998a372bb1389e64b1a4a36b3a7979142220d?s=96&d=mm&r=g\",\"contentUrl\":\"https:\/\/secure.gravatar.com\/avatar\/8af8f40000c24e9eef3034f2be5998a372bb1389e64b1a4a36b3a7979142220d?s=96&d=mm&r=g\",\"caption\":\"Redacci\u00f3n\"},\"sameAs\":[\"http:\/\/nuevodigitaldeescobar.com.ar\"],\"url\":\"https:\/\/nuevodigitaldeescobar.com.ar\/?author=1\"}]}<\/script>\n<!-- \/ Yoast SEO plugin. -->","yoast_head_json":{"title":"Tarifas 2026: el Gobierno unifica los subsidios de luz y gas y define qui\u00e9nes pagar\u00e1n el costo pleno - Nuevo Digital de Escobar","robots":{"index":"index","follow":"follow","max-snippet":"max-snippet:-1","max-image-preview":"max-image-preview:large","max-video-preview":"max-video-preview:-1"},"canonical":"https:\/\/nuevodigitaldeescobar.com.ar\/?p=19471","og_locale":"es_ES","og_type":"article","og_title":"Tarifas 2026: el Gobierno unifica los subsidios de luz y gas y define qui\u00e9nes pagar\u00e1n el costo pleno - Nuevo Digital de Escobar","og_description":"A partir de este mes, los vecinos de Escobar comenzar\u00e1n a notar cambios profundos en la liquidaci\u00f3n de sus facturas de energ\u00eda. Con la entrada [&hellip;]","og_url":"https:\/\/nuevodigitaldeescobar.com.ar\/?p=19471","og_site_name":"Nuevo Digital de Escobar","article_publisher":"https:\/\/www.facebook.com\/NUEVODigitalDeEscobar","article_published_time":"2026-01-03T18:44:15+00:00","article_modified_time":"2026-01-03T18:44:19+00:00","og_image":[{"width":982,"height":684,"url":"http:\/\/nuevodigitaldeescobar.com.ar\/wp-content\/uploads\/2026\/01\/naturgyedenor49.png","type":"image\/png"}],"author":"Redacci\u00f3n","twitter_card":"summary_large_image","twitter_creator":"@nuevodigescobar","twitter_site":"@nuevodigescobar","twitter_misc":{"Escrito por":"Redacci\u00f3n","Tiempo de lectura":"3 minutos"},"schema":{"@context":"https:\/\/schema.org","@graph":[{"@type":"Article","@id":"https:\/\/nuevodigitaldeescobar.com.ar\/?p=19471#article","isPartOf":{"@id":"https:\/\/nuevodigitaldeescobar.com.ar\/?p=19471"},"author":{"name":"Redacci\u00f3n","@id":"https:\/\/nuevodigitaldeescobar.com.ar\/#\/schema\/person\/035e90a8efe9a80e6eec22656ad6ea4c"},"headline":"Tarifas 2026: el Gobierno unifica los subsidios de luz y gas y define qui\u00e9nes pagar\u00e1n el costo pleno","datePublished":"2026-01-03T18:44:15+00:00","dateModified":"2026-01-03T18:44:19+00:00","mainEntityOfPage":{"@id":"https:\/\/nuevodigitaldeescobar.com.ar\/?p=19471"},"wordCount":492,"commentCount":0,"publisher":{"@id":"https:\/\/nuevodigitaldeescobar.com.ar\/#organization"},"image":{"@id":"https:\/\/nuevodigitaldeescobar.com.ar\/?p=19471#primaryimage"},"thumbnailUrl":"https:\/\/nuevodigitaldeescobar.com.ar\/wp-content\/uploads\/2026\/01\/naturgyedenor49.png","articleSection":["Econom\u00eda"],"inLanguage":"es","potentialAction":[{"@type":"CommentAction","name":"Comment","target":["https:\/\/nuevodigitaldeescobar.com.ar\/?p=19471#respond"]}]},{"@type":"WebPage","@id":"https:\/\/nuevodigitaldeescobar.com.ar\/?p=19471","url":"https:\/\/nuevodigitaldeescobar.com.ar\/?p=19471","name":"Tarifas 2026: el Gobierno unifica los subsidios de luz y gas y define qui\u00e9nes pagar\u00e1n el costo pleno - Nuevo Digital de Escobar","isPartOf":{"@id":"https:\/\/nuevodigitaldeescobar.com.ar\/#website"},"primaryImageOfPage":{"@id":"https:\/\/nuevodigitaldeescobar.com.ar\/?p=19471#primaryimage"},"image":{"@id":"https:\/\/nuevodigitaldeescobar.com.ar\/?p=19471#primaryimage"},"thumbnailUrl":"https:\/\/nuevodigitaldeescobar.com.ar\/wp-content\/uploads\/2026\/01\/naturgyedenor49.png","datePublished":"2026-01-03T18:44:15+00:00","dateModified":"2026-01-03T18:44:19+00:00","breadcrumb":{"@id":"https:\/\/nuevodigitaldeescobar.com.ar\/?p=19471#breadcrumb"},"inLanguage":"es","potentialAction":[{"@type":"ReadAction","target":["https:\/\/nuevodigitaldeescobar.com.ar\/?p=19471"]}]},{"@type":"ImageObject","inLanguage":"es","@id":"https:\/\/nuevodigitaldeescobar.com.ar\/?p=19471#primaryimage","url":"https:\/\/nuevodigitaldeescobar.com.ar\/wp-content\/uploads\/2026\/01\/naturgyedenor49.png","contentUrl":"https:\/\/nuevodigitaldeescobar.com.ar\/wp-content\/uploads\/2026\/01\/naturgyedenor49.png","width":982,"height":684},{"@type":"BreadcrumbList","@id":"https:\/\/nuevodigitaldeescobar.com.ar\/?p=19471#breadcrumb","itemListElement":[{"@type":"ListItem","position":1,"name":"Portada","item":"https:\/\/nuevodigitaldeescobar.com.ar\/"},{"@type":"ListItem","position":2,"name":"Tarifas 2026: el Gobierno unifica los subsidios de luz y gas y define qui\u00e9nes pagar\u00e1n el costo pleno"}]},{"@type":"WebSite","@id":"https:\/\/nuevodigitaldeescobar.com.ar\/#website","url":"https:\/\/nuevodigitaldeescobar.com.ar\/","name":"Nuevo Digital de Escobar","description":"La vida escobarense. Directora: Rosana Brunner","publisher":{"@id":"https:\/\/nuevodigitaldeescobar.com.ar\/#organization"},"potentialAction":[{"@type":"SearchAction","target":{"@type":"EntryPoint","urlTemplate":"https:\/\/nuevodigitaldeescobar.com.ar\/?s={search_term_string}"},"query-input":{"@type":"PropertyValueSpecification","valueRequired":true,"valueName":"search_term_string"}}],"inLanguage":"es"},{"@type":"Organization","@id":"https:\/\/nuevodigitaldeescobar.com.ar\/#organization","name":"Nuevo Digital de Escobar","url":"https:\/\/nuevodigitaldeescobar.com.ar\/","logo":{"@type":"ImageObject","inLanguage":"es","@id":"https:\/\/nuevodigitaldeescobar.com.ar\/#\/schema\/logo\/image\/","url":"https:\/\/nuevodigitaldeescobar.com.ar\/wp-content\/uploads\/2025\/05\/cropped-logo-nuevo2.jpg","contentUrl":"https:\/\/nuevodigitaldeescobar.com.ar\/wp-content\/uploads\/2025\/05\/cropped-logo-nuevo2.jpg","width":305,"height":305,"caption":"Nuevo Digital de Escobar"},"image":{"@id":"https:\/\/nuevodigitaldeescobar.com.ar\/#\/schema\/logo\/image\/"},"sameAs":["https:\/\/www.facebook.com\/NUEVODigitalDeEscobar","https:\/\/x.com\/nuevodigescobar","https:\/\/www.instagram.com\/nuevodigitaldeescobar"]},{"@type":"Person","@id":"https:\/\/nuevodigitaldeescobar.com.ar\/#\/schema\/person\/035e90a8efe9a80e6eec22656ad6ea4c","name":"Redacci\u00f3n","image":{"@type":"ImageObject","inLanguage":"es","@id":"https:\/\/nuevodigitaldeescobar.com.ar\/#\/schema\/person\/image\/","url":"https:\/\/secure.gravatar.com\/avatar\/8af8f40000c24e9eef3034f2be5998a372bb1389e64b1a4a36b3a7979142220d?s=96&d=mm&r=g","contentUrl":"https:\/\/secure.gravatar.com\/avatar\/8af8f40000c24e9eef3034f2be5998a372bb1389e64b1a4a36b3a7979142220d?s=96&d=mm&r=g","caption":"Redacci\u00f3n"},"sameAs":["http:\/\/nuevodigitaldeescobar.com.ar"],"url":"https:\/\/nuevodigitaldeescobar.com.ar\/?author=1"}]}},"featured_image_urls":{"full":["https:\/\/nuevodigitaldeescobar.com.ar\/wp-content\/uploads\/2026\/01\/naturgyedenor49.png",982,684,false],"thumbnail":["https:\/\/nuevodigitaldeescobar.com.ar\/wp-content\/uploads\/2026\/01\/naturgyedenor49-150x150.png",150,150,true],"medium":["https:\/\/nuevodigitaldeescobar.com.ar\/wp-content\/uploads\/2026\/01\/naturgyedenor49-300x209.png",300,209,true],"medium_large":["https:\/\/nuevodigitaldeescobar.com.ar\/wp-content\/uploads\/2026\/01\/naturgyedenor49-768x535.png",640,446,true],"large":["https:\/\/nuevodigitaldeescobar.com.ar\/wp-content\/uploads\/2026\/01\/naturgyedenor49.png",640,446,false],"1536x1536":["https:\/\/nuevodigitaldeescobar.com.ar\/wp-content\/uploads\/2026\/01\/naturgyedenor49.png",982,684,false],"2048x2048":["https:\/\/nuevodigitaldeescobar.com.ar\/wp-content\/uploads\/2026\/01\/naturgyedenor49.png",982,684,false]},"author_info":{"display_name":"Redacci\u00f3n","author_link":"https:\/\/nuevodigitaldeescobar.com.ar\/?author=1"},"category_info":"<a href=\"https:\/\/nuevodigitaldeescobar.com.ar\/?cat=10\" rel=\"category\">Econom\u00eda<\/a>","tag_info":"Econom\u00eda","comment_count":"0","_links":{"self":[{"href":"https:\/\/nuevodigitaldeescobar.com.ar\/index.php?rest_route=\/wp\/v2\/posts\/19471","targetHints":{"allow":["GET"]}}],"collection":[{"href":"https:\/\/nuevodigitaldeescobar.com.ar\/index.php?rest_route=\/wp\/v2\/posts"}],"about":[{"href":"https:\/\/nuevodigitaldeescobar.com.ar\/index.php?rest_route=\/wp\/v2\/types\/post"}],"author":[{"embeddable":true,"href":"https:\/\/nuevodigitaldeescobar.com.ar\/index.php?rest_route=\/wp\/v2\/users\/1"}],"replies":[{"embeddable":true,"href":"https:\/\/nuevodigitaldeescobar.com.ar\/index.php?rest_route=%2Fwp%2Fv2%2Fcomments&post=19471"}],"version-history":[{"count":1,"href":"https:\/\/nuevodigitaldeescobar.com.ar\/index.php?rest_route=\/wp\/v2\/posts\/19471\/revisions"}],"predecessor-version":[{"id":19474,"href":"https:\/\/nuevodigitaldeescobar.com.ar\/index.php?rest_route=\/wp\/v2\/posts\/19471\/revisions\/19474"}],"wp:featuredmedia":[{"embeddable":true,"href":"https:\/\/nuevodigitaldeescobar.com.ar\/index.php?rest_route=\/wp\/v2\/media\/19473"}],"wp:attachment":[{"href":"https:\/\/nuevodigitaldeescobar.com.ar\/index.php?rest_route=%2Fwp%2Fv2%2Fmedia&parent=19471"}],"wp:term":[{"taxonomy":"category","embeddable":true,"href":"https:\/\/nuevodigitaldeescobar.com.ar\/index.php?rest_route=%2Fwp%2Fv2%2Fcategories&post=19471"},{"taxonomy":"post_tag","embeddable":true,"href":"https:\/\/nuevodigitaldeescobar.com.ar\/index.php?rest_route=%2Fwp%2Fv2%2Ftags&post=19471"}],"curies":[{"name":"wp","href":"https:\/\/api.w.org\/{rel}","templated":true}]}}