{"id":19482,"date":"2026-01-05T10:35:41","date_gmt":"2026-01-05T13:35:41","guid":{"rendered":"https:\/\/nuevodigitaldeescobar.com.ar\/?p=19482"},"modified":"2026-01-05T10:36:54","modified_gmt":"2026-01-05T13:36:54","slug":"armenio-se-quedo-sin-su-historico-capitan","status":"publish","type":"post","link":"https:\/\/nuevodigitaldeescobar.com.ar\/?p=19482","title":{"rendered":"Armenio se qued\u00f3 sin su hist\u00f3rico capit\u00e1n"},"content":{"rendered":"\n<p class=\"has-vivid-cyan-blue-color has-text-color has-link-color wp-elements-aea1ea7846717728fb8966797e049766\"><strong><em>Nahuel Sica cerr\u00f3 su cuarto ciclo en el Deportivo Armenio para continuar jugando un a\u00f1o m\u00e1s el ascenso. Logr\u00f3 clasificar al Tricolor a una nueva edici\u00f3n de la Copa Argentina y fue finalista del reducido por el segundo ascenso.<\/em><\/strong><\/p>\n\n\n\n<!--more-->\n\n\n\n<p><br>Luego de la fallida final frente a Acasusso y la finalizaci\u00f3n de su contrato, Nahuel Sica dio por terminado un nuevo ciclo con la camiseta de Armenio.<\/p>\n\n\n\n<p>El hist\u00f3rico volante de 35 hab\u00eda llegado al conjunto de Maschwitz en la temporada 2023 luego del ascenso con San Miguel. El mediocampista identificado con el Tricolor decidi\u00f3 su salida al vencer su contrato y ser jugador libre.<\/p>\n\n\n\n<p>Ahora el hist\u00f3rico capit\u00e1n del equipo de la Colectividad analiza propuestas de equipos del ascenso para seguir dando batalla en cada partido.<\/p>\n\n\n\n<p>En los logros de Nahuel Sica con la camiseta del Tricolor est\u00e1n la final del 2024 frente a Los Andes, ser finalista del reducido de la temporada 2024, la gran actuaci\u00f3n en la Copa Argentina pasada donde le convirti\u00f3 un gol al Deportivo Riestra.<\/p>\n\n\n\n<p>A pesar de su salida como jugador del club, Nahuel Sica continuar\u00e1 trabajando en las infantiles y el f\u00fatbol Femenino del Tricolor de Maschwitz.<\/p>\n\n\n\n<p><\/p>\n\n\n\n<p><strong>Rodrigo Piera<\/strong><\/p>\n","protected":false},"excerpt":{"rendered":"<p>Nahuel Sica cerr\u00f3 su cuarto ciclo en el Deportivo Armenio para continuar jugando un a\u00f1o m\u00e1s el ascenso. Logr\u00f3 clasificar al Tricolor a una nueva [&hellip;]<\/p>\n","protected":false},"author":1,"featured_media":19483,"comment_status":"open","ping_status":"open","sticky":false,"template":"","format":"standard","meta":{"footnotes":""},"categories":[8],"tags":[196],"class_list":["post-19482","post","type-post","status-publish","format-standard","has-post-thumbnail","hentry","category-deportes","tag-deportivo-armenio"],"better_featured_image":{"id":19483,"alt_text":"","caption":"","description":"","media_type":"image","media_details":{"width":720,"height":605,"file":"2026\/01\/IMG-20250317-WA0032-e1767619990670.jpg","filesize":43423,"sizes":{"medium":{"file":"IMG-20250317-WA0032-e1767619990670-300x252.jpg","width":300,"height":252,"mime-type":"image\/jpeg","filesize":16874,"source_url":"https:\/\/nuevodigitaldeescobar.com.ar\/wp-content\/uploads\/2026\/01\/IMG-20250317-WA0032-e1767619990670-300x252.jpg"},"thumbnail":{"file":"IMG-20250317-WA0032-e1767619990670-150x150.jpg","width":150,"height":150,"mime-type":"image\/jpeg","filesize":6716,"source_url":"https:\/\/nuevodigitaldeescobar.com.ar\/wp-content\/uploads\/2026\/01\/IMG-20250317-WA0032-e1767619990670-150x150.jpg"}},"image_meta":{"aperture":"0","credit":"","camera":"","caption":"","created_timestamp":"0","copyright":"","focal_length":"0","iso":"0","shutter_speed":"0","title":"","orientation":"0","keywords":[]}},"post":19482,"source_url":"https:\/\/nuevodigitaldeescobar.com.ar\/wp-content\/uploads\/2026\/01\/IMG-20250317-WA0032-e1767619990670.jpg"},"yoast_head":"<!-- This site is optimized with the Yoast SEO plugin v26.1.1 - https:\/\/yoast.com\/wordpress\/plugins\/seo\/ -->\n<title>Armenio se qued\u00f3 sin su hist\u00f3rico capit\u00e1n - Nuevo Digital de Escobar<\/title>\n<meta name=\"description\" content=\"El volante cerr\u00f3 su cuarto ciclo en el Deportivo Armenio para continuar jugando un a\u00f1o m\u00e1s el ascenso. Logr\u00f3 clasificar al Tricolor a una nueva edici\u00f3n de la Copa Argentina y fue finalista del reducido por el segundo ascenso.\" \/>\n<meta name=\"robots\" content=\"index, follow, max-snippet:-1, max-image-preview:large, max-video-preview:-1\" \/>\n<link rel=\"canonical\" href=\"https:\/\/nuevodigitaldeescobar.com.ar\/?p=19482\" \/>\n<meta property=\"og:locale\" content=\"es_ES\" \/>\n<meta property=\"og:type\" content=\"article\" \/>\n<meta property=\"og:title\" content=\"Armenio se qued\u00f3 sin su hist\u00f3rico capit\u00e1n\" \/>\n<meta property=\"og:description\" content=\"El volante cerr\u00f3 su cuarto ciclo en el Deportivo Armenio para continuar jugando un a\u00f1o m\u00e1s el ascenso. Logr\u00f3 clasificar al Tricolor a una nueva edici\u00f3n de la Copa Argentina y fue finalista del reducido por el segundo ascenso.\" \/>\n<meta property=\"og:url\" content=\"https:\/\/nuevodigitaldeescobar.com.ar\/?p=19482\" \/>\n<meta property=\"og:site_name\" content=\"Nuevo Digital de Escobar\" \/>\n<meta property=\"article:publisher\" content=\"https:\/\/www.facebook.com\/NUEVODigitalDeEscobar\" \/>\n<meta property=\"article:published_time\" content=\"2026-01-05T13:35:41+00:00\" \/>\n<meta property=\"article:modified_time\" content=\"2026-01-05T13:36:54+00:00\" \/>\n<meta property=\"og:image\" content=\"http:\/\/nuevodigitaldeescobar.com.ar\/wp-content\/uploads\/2026\/01\/IMG-20250317-WA0032-e1767619990670.jpg\" \/>\n\t<meta property=\"og:image:width\" content=\"720\" \/>\n\t<meta property=\"og:image:height\" content=\"605\" \/>\n\t<meta property=\"og:image:type\" content=\"image\/jpeg\" \/>\n<meta name=\"author\" content=\"Redacci\u00f3n\" \/>\n<meta name=\"twitter:card\" content=\"summary_large_image\" \/>\n<meta name=\"twitter:creator\" content=\"@nuevodigescobar\" \/>\n<meta name=\"twitter:site\" content=\"@nuevodigescobar\" \/>\n<meta name=\"twitter:label1\" content=\"Escrito por\" \/>\n\t<meta name=\"twitter:data1\" content=\"Redacci\u00f3n\" \/>\n\t<meta name=\"twitter:label2\" content=\"Tiempo de lectura\" \/>\n\t<meta name=\"twitter:data2\" content=\"2 minutos\" \/>\n<script type=\"application\/ld+json\" class=\"yoast-schema-graph\">{\"@context\":\"https:\/\/schema.org\",\"@graph\":[{\"@type\":\"Article\",\"@id\":\"https:\/\/nuevodigitaldeescobar.com.ar\/?p=19482#article\",\"isPartOf\":{\"@id\":\"https:\/\/nuevodigitaldeescobar.com.ar\/?p=19482\"},\"author\":{\"name\":\"Redacci\u00f3n\",\"@id\":\"https:\/\/nuevodigitaldeescobar.com.ar\/#\/schema\/person\/035e90a8efe9a80e6eec22656ad6ea4c\"},\"headline\":\"Armenio se qued\u00f3 sin su hist\u00f3rico capit\u00e1n\",\"datePublished\":\"2026-01-05T13:35:41+00:00\",\"dateModified\":\"2026-01-05T13:36:54+00:00\",\"mainEntityOfPage\":{\"@id\":\"https:\/\/nuevodigitaldeescobar.com.ar\/?p=19482\"},\"wordCount\":212,\"commentCount\":0,\"publisher\":{\"@id\":\"https:\/\/nuevodigitaldeescobar.com.ar\/#organization\"},\"image\":{\"@id\":\"https:\/\/nuevodigitaldeescobar.com.ar\/?p=19482#primaryimage\"},\"thumbnailUrl\":\"https:\/\/nuevodigitaldeescobar.com.ar\/wp-content\/uploads\/2026\/01\/IMG-20250317-WA0032-e1767619990670.jpg\",\"keywords\":[\"Deportivo Armenio\"],\"articleSection\":[\"Deportes\"],\"inLanguage\":\"es\",\"potentialAction\":[{\"@type\":\"CommentAction\",\"name\":\"Comment\",\"target\":[\"https:\/\/nuevodigitaldeescobar.com.ar\/?p=19482#respond\"]}]},{\"@type\":\"WebPage\",\"@id\":\"https:\/\/nuevodigitaldeescobar.com.ar\/?p=19482\",\"url\":\"https:\/\/nuevodigitaldeescobar.com.ar\/?p=19482\",\"name\":\"Armenio se qued\u00f3 sin su hist\u00f3rico capit\u00e1n - Nuevo Digital de Escobar\",\"isPartOf\":{\"@id\":\"https:\/\/nuevodigitaldeescobar.com.ar\/#website\"},\"primaryImageOfPage\":{\"@id\":\"https:\/\/nuevodigitaldeescobar.com.ar\/?p=19482#primaryimage\"},\"image\":{\"@id\":\"https:\/\/nuevodigitaldeescobar.com.ar\/?p=19482#primaryimage\"},\"thumbnailUrl\":\"https:\/\/nuevodigitaldeescobar.com.ar\/wp-content\/uploads\/2026\/01\/IMG-20250317-WA0032-e1767619990670.jpg\",\"datePublished\":\"2026-01-05T13:35:41+00:00\",\"dateModified\":\"2026-01-05T13:36:54+00:00\",\"description\":\"El volante cerr\u00f3 su cuarto ciclo en el Deportivo Armenio para continuar jugando un a\u00f1o m\u00e1s el ascenso. Logr\u00f3 clasificar al Tricolor a una nueva edici\u00f3n de la Copa Argentina y fue finalista del reducido por el segundo ascenso.\",\"breadcrumb\":{\"@id\":\"https:\/\/nuevodigitaldeescobar.com.ar\/?p=19482#breadcrumb\"},\"inLanguage\":\"es\",\"potentialAction\":[{\"@type\":\"ReadAction\",\"target\":[\"https:\/\/nuevodigitaldeescobar.com.ar\/?p=19482\"]}]},{\"@type\":\"ImageObject\",\"inLanguage\":\"es\",\"@id\":\"https:\/\/nuevodigitaldeescobar.com.ar\/?p=19482#primaryimage\",\"url\":\"https:\/\/nuevodigitaldeescobar.com.ar\/wp-content\/uploads\/2026\/01\/IMG-20250317-WA0032-e1767619990670.jpg\",\"contentUrl\":\"https:\/\/nuevodigitaldeescobar.com.ar\/wp-content\/uploads\/2026\/01\/IMG-20250317-WA0032-e1767619990670.jpg\",\"width\":720,\"height\":605},{\"@type\":\"BreadcrumbList\",\"@id\":\"https:\/\/nuevodigitaldeescobar.com.ar\/?p=19482#breadcrumb\",\"itemListElement\":[{\"@type\":\"ListItem\",\"position\":1,\"name\":\"Portada\",\"item\":\"https:\/\/nuevodigitaldeescobar.com.ar\/\"},{\"@type\":\"ListItem\",\"position\":2,\"name\":\"Armenio se qued\u00f3 sin su hist\u00f3rico capit\u00e1n\"}]},{\"@type\":\"WebSite\",\"@id\":\"https:\/\/nuevodigitaldeescobar.com.ar\/#website\",\"url\":\"https:\/\/nuevodigitaldeescobar.com.ar\/\",\"name\":\"Nuevo Digital de Escobar\",\"description\":\"La vida escobarense. Directora: Rosana Brunner\",\"publisher\":{\"@id\":\"https:\/\/nuevodigitaldeescobar.com.ar\/#organization\"},\"potentialAction\":[{\"@type\":\"SearchAction\",\"target\":{\"@type\":\"EntryPoint\",\"urlTemplate\":\"https:\/\/nuevodigitaldeescobar.com.ar\/?s={search_term_string}\"},\"query-input\":{\"@type\":\"PropertyValueSpecification\",\"valueRequired\":true,\"valueName\":\"search_term_string\"}}],\"inLanguage\":\"es\"},{\"@type\":\"Organization\",\"@id\":\"https:\/\/nuevodigitaldeescobar.com.ar\/#organization\",\"name\":\"Nuevo Digital de Escobar\",\"url\":\"https:\/\/nuevodigitaldeescobar.com.ar\/\",\"logo\":{\"@type\":\"ImageObject\",\"inLanguage\":\"es\",\"@id\":\"https:\/\/nuevodigitaldeescobar.com.ar\/#\/schema\/logo\/image\/\",\"url\":\"https:\/\/nuevodigitaldeescobar.com.ar\/wp-content\/uploads\/2025\/05\/cropped-logo-nuevo2.jpg\",\"contentUrl\":\"https:\/\/nuevodigitaldeescobar.com.ar\/wp-content\/uploads\/2025\/05\/cropped-logo-nuevo2.jpg\",\"width\":305,\"height\":305,\"caption\":\"Nuevo Digital de Escobar\"},\"image\":{\"@id\":\"https:\/\/nuevodigitaldeescobar.com.ar\/#\/schema\/logo\/image\/\"},\"sameAs\":[\"https:\/\/www.facebook.com\/NUEVODigitalDeEscobar\",\"https:\/\/x.com\/nuevodigescobar\",\"https:\/\/www.instagram.com\/nuevodigitaldeescobar\"]},{\"@type\":\"Person\",\"@id\":\"https:\/\/nuevodigitaldeescobar.com.ar\/#\/schema\/person\/035e90a8efe9a80e6eec22656ad6ea4c\",\"name\":\"Redacci\u00f3n\",\"image\":{\"@type\":\"ImageObject\",\"inLanguage\":\"es\",\"@id\":\"https:\/\/nuevodigitaldeescobar.com.ar\/#\/schema\/person\/image\/\",\"url\":\"https:\/\/secure.gravatar.com\/avatar\/8af8f40000c24e9eef3034f2be5998a372bb1389e64b1a4a36b3a7979142220d?s=96&d=mm&r=g\",\"contentUrl\":\"https:\/\/secure.gravatar.com\/avatar\/8af8f40000c24e9eef3034f2be5998a372bb1389e64b1a4a36b3a7979142220d?s=96&d=mm&r=g\",\"caption\":\"Redacci\u00f3n\"},\"sameAs\":[\"http:\/\/nuevodigitaldeescobar.com.ar\"],\"url\":\"https:\/\/nuevodigitaldeescobar.com.ar\/?author=1\"}]}<\/script>\n<!-- \/ Yoast SEO plugin. -->","yoast_head_json":{"title":"Armenio se qued\u00f3 sin su hist\u00f3rico capit\u00e1n - Nuevo Digital de Escobar","description":"El volante cerr\u00f3 su cuarto ciclo en el Deportivo Armenio para continuar jugando un a\u00f1o m\u00e1s el ascenso. Logr\u00f3 clasificar al Tricolor a una nueva edici\u00f3n de la Copa Argentina y fue finalista del reducido por el segundo ascenso.","robots":{"index":"index","follow":"follow","max-snippet":"max-snippet:-1","max-image-preview":"max-image-preview:large","max-video-preview":"max-video-preview:-1"},"canonical":"https:\/\/nuevodigitaldeescobar.com.ar\/?p=19482","og_locale":"es_ES","og_type":"article","og_title":"Armenio se qued\u00f3 sin su hist\u00f3rico capit\u00e1n","og_description":"El volante cerr\u00f3 su cuarto ciclo en el Deportivo Armenio para continuar jugando un a\u00f1o m\u00e1s el ascenso. Logr\u00f3 clasificar al Tricolor a una nueva edici\u00f3n de la Copa Argentina y fue finalista del reducido por el segundo ascenso.","og_url":"https:\/\/nuevodigitaldeescobar.com.ar\/?p=19482","og_site_name":"Nuevo Digital de Escobar","article_publisher":"https:\/\/www.facebook.com\/NUEVODigitalDeEscobar","article_published_time":"2026-01-05T13:35:41+00:00","article_modified_time":"2026-01-05T13:36:54+00:00","og_image":[{"width":720,"height":605,"url":"http:\/\/nuevodigitaldeescobar.com.ar\/wp-content\/uploads\/2026\/01\/IMG-20250317-WA0032-e1767619990670.jpg","type":"image\/jpeg"}],"author":"Redacci\u00f3n","twitter_card":"summary_large_image","twitter_creator":"@nuevodigescobar","twitter_site":"@nuevodigescobar","twitter_misc":{"Escrito por":"Redacci\u00f3n","Tiempo de lectura":"2 minutos"},"schema":{"@context":"https:\/\/schema.org","@graph":[{"@type":"Article","@id":"https:\/\/nuevodigitaldeescobar.com.ar\/?p=19482#article","isPartOf":{"@id":"https:\/\/nuevodigitaldeescobar.com.ar\/?p=19482"},"author":{"name":"Redacci\u00f3n","@id":"https:\/\/nuevodigitaldeescobar.com.ar\/#\/schema\/person\/035e90a8efe9a80e6eec22656ad6ea4c"},"headline":"Armenio se qued\u00f3 sin su hist\u00f3rico capit\u00e1n","datePublished":"2026-01-05T13:35:41+00:00","dateModified":"2026-01-05T13:36:54+00:00","mainEntityOfPage":{"@id":"https:\/\/nuevodigitaldeescobar.com.ar\/?p=19482"},"wordCount":212,"commentCount":0,"publisher":{"@id":"https:\/\/nuevodigitaldeescobar.com.ar\/#organization"},"image":{"@id":"https:\/\/nuevodigitaldeescobar.com.ar\/?p=19482#primaryimage"},"thumbnailUrl":"https:\/\/nuevodigitaldeescobar.com.ar\/wp-content\/uploads\/2026\/01\/IMG-20250317-WA0032-e1767619990670.jpg","keywords":["Deportivo Armenio"],"articleSection":["Deportes"],"inLanguage":"es","potentialAction":[{"@type":"CommentAction","name":"Comment","target":["https:\/\/nuevodigitaldeescobar.com.ar\/?p=19482#respond"]}]},{"@type":"WebPage","@id":"https:\/\/nuevodigitaldeescobar.com.ar\/?p=19482","url":"https:\/\/nuevodigitaldeescobar.com.ar\/?p=19482","name":"Armenio se qued\u00f3 sin su hist\u00f3rico capit\u00e1n - Nuevo Digital de Escobar","isPartOf":{"@id":"https:\/\/nuevodigitaldeescobar.com.ar\/#website"},"primaryImageOfPage":{"@id":"https:\/\/nuevodigitaldeescobar.com.ar\/?p=19482#primaryimage"},"image":{"@id":"https:\/\/nuevodigitaldeescobar.com.ar\/?p=19482#primaryimage"},"thumbnailUrl":"https:\/\/nuevodigitaldeescobar.com.ar\/wp-content\/uploads\/2026\/01\/IMG-20250317-WA0032-e1767619990670.jpg","datePublished":"2026-01-05T13:35:41+00:00","dateModified":"2026-01-05T13:36:54+00:00","description":"El volante cerr\u00f3 su cuarto ciclo en el Deportivo Armenio para continuar jugando un a\u00f1o m\u00e1s el ascenso. Logr\u00f3 clasificar al Tricolor a una nueva edici\u00f3n de la Copa Argentina y fue finalista del reducido por el segundo ascenso.","breadcrumb":{"@id":"https:\/\/nuevodigitaldeescobar.com.ar\/?p=19482#breadcrumb"},"inLanguage":"es","potentialAction":[{"@type":"ReadAction","target":["https:\/\/nuevodigitaldeescobar.com.ar\/?p=19482"]}]},{"@type":"ImageObject","inLanguage":"es","@id":"https:\/\/nuevodigitaldeescobar.com.ar\/?p=19482#primaryimage","url":"https:\/\/nuevodigitaldeescobar.com.ar\/wp-content\/uploads\/2026\/01\/IMG-20250317-WA0032-e1767619990670.jpg","contentUrl":"https:\/\/nuevodigitaldeescobar.com.ar\/wp-content\/uploads\/2026\/01\/IMG-20250317-WA0032-e1767619990670.jpg","width":720,"height":605},{"@type":"BreadcrumbList","@id":"https:\/\/nuevodigitaldeescobar.com.ar\/?p=19482#breadcrumb","itemListElement":[{"@type":"ListItem","position":1,"name":"Portada","item":"https:\/\/nuevodigitaldeescobar.com.ar\/"},{"@type":"ListItem","position":2,"name":"Armenio se qued\u00f3 sin su hist\u00f3rico capit\u00e1n"}]},{"@type":"WebSite","@id":"https:\/\/nuevodigitaldeescobar.com.ar\/#website","url":"https:\/\/nuevodigitaldeescobar.com.ar\/","name":"Nuevo Digital de Escobar","description":"La vida escobarense. Directora: Rosana Brunner","publisher":{"@id":"https:\/\/nuevodigitaldeescobar.com.ar\/#organization"},"potentialAction":[{"@type":"SearchAction","target":{"@type":"EntryPoint","urlTemplate":"https:\/\/nuevodigitaldeescobar.com.ar\/?s={search_term_string}"},"query-input":{"@type":"PropertyValueSpecification","valueRequired":true,"valueName":"search_term_string"}}],"inLanguage":"es"},{"@type":"Organization","@id":"https:\/\/nuevodigitaldeescobar.com.ar\/#organization","name":"Nuevo Digital de Escobar","url":"https:\/\/nuevodigitaldeescobar.com.ar\/","logo":{"@type":"ImageObject","inLanguage":"es","@id":"https:\/\/nuevodigitaldeescobar.com.ar\/#\/schema\/logo\/image\/","url":"https:\/\/nuevodigitaldeescobar.com.ar\/wp-content\/uploads\/2025\/05\/cropped-logo-nuevo2.jpg","contentUrl":"https:\/\/nuevodigitaldeescobar.com.ar\/wp-content\/uploads\/2025\/05\/cropped-logo-nuevo2.jpg","width":305,"height":305,"caption":"Nuevo Digital de Escobar"},"image":{"@id":"https:\/\/nuevodigitaldeescobar.com.ar\/#\/schema\/logo\/image\/"},"sameAs":["https:\/\/www.facebook.com\/NUEVODigitalDeEscobar","https:\/\/x.com\/nuevodigescobar","https:\/\/www.instagram.com\/nuevodigitaldeescobar"]},{"@type":"Person","@id":"https:\/\/nuevodigitaldeescobar.com.ar\/#\/schema\/person\/035e90a8efe9a80e6eec22656ad6ea4c","name":"Redacci\u00f3n","image":{"@type":"ImageObject","inLanguage":"es","@id":"https:\/\/nuevodigitaldeescobar.com.ar\/#\/schema\/person\/image\/","url":"https:\/\/secure.gravatar.com\/avatar\/8af8f40000c24e9eef3034f2be5998a372bb1389e64b1a4a36b3a7979142220d?s=96&d=mm&r=g","contentUrl":"https:\/\/secure.gravatar.com\/avatar\/8af8f40000c24e9eef3034f2be5998a372bb1389e64b1a4a36b3a7979142220d?s=96&d=mm&r=g","caption":"Redacci\u00f3n"},"sameAs":["http:\/\/nuevodigitaldeescobar.com.ar"],"url":"https:\/\/nuevodigitaldeescobar.com.ar\/?author=1"}]}},"featured_image_urls":{"full":["https:\/\/nuevodigitaldeescobar.com.ar\/wp-content\/uploads\/2026\/01\/IMG-20250317-WA0032-e1767619990670.jpg",720,605,false],"thumbnail":["https:\/\/nuevodigitaldeescobar.com.ar\/wp-content\/uploads\/2026\/01\/IMG-20250317-WA0032-e1767619990670-150x150.jpg",150,150,true],"medium":["https:\/\/nuevodigitaldeescobar.com.ar\/wp-content\/uploads\/2026\/01\/IMG-20250317-WA0032-e1767619990670-300x252.jpg",300,252,true],"medium_large":["https:\/\/nuevodigitaldeescobar.com.ar\/wp-content\/uploads\/2026\/01\/IMG-20250317-WA0032-e1767619990670.jpg",640,538,false],"large":["https:\/\/nuevodigitaldeescobar.com.ar\/wp-content\/uploads\/2026\/01\/IMG-20250317-WA0032-e1767619990670.jpg",640,538,false],"1536x1536":["https:\/\/nuevodigitaldeescobar.com.ar\/wp-content\/uploads\/2026\/01\/IMG-20250317-WA0032-e1767619990670.jpg",720,605,false],"2048x2048":["https:\/\/nuevodigitaldeescobar.com.ar\/wp-content\/uploads\/2026\/01\/IMG-20250317-WA0032-e1767619990670.jpg",720,605,false]},"author_info":{"display_name":"Redacci\u00f3n","author_link":"https:\/\/nuevodigitaldeescobar.com.ar\/?author=1"},"category_info":"<a href=\"https:\/\/nuevodigitaldeescobar.com.ar\/?cat=8\" rel=\"category\">Deportes<\/a>","tag_info":"Deportes","comment_count":"0","_links":{"self":[{"href":"https:\/\/nuevodigitaldeescobar.com.ar\/index.php?rest_route=\/wp\/v2\/posts\/19482","targetHints":{"allow":["GET"]}}],"collection":[{"href":"https:\/\/nuevodigitaldeescobar.com.ar\/index.php?rest_route=\/wp\/v2\/posts"}],"about":[{"href":"https:\/\/nuevodigitaldeescobar.com.ar\/index.php?rest_route=\/wp\/v2\/types\/post"}],"author":[{"embeddable":true,"href":"https:\/\/nuevodigitaldeescobar.com.ar\/index.php?rest_route=\/wp\/v2\/users\/1"}],"replies":[{"embeddable":true,"href":"https:\/\/nuevodigitaldeescobar.com.ar\/index.php?rest_route=%2Fwp%2Fv2%2Fcomments&post=19482"}],"version-history":[{"count":1,"href":"https:\/\/nuevodigitaldeescobar.com.ar\/index.php?rest_route=\/wp\/v2\/posts\/19482\/revisions"}],"predecessor-version":[{"id":19484,"href":"https:\/\/nuevodigitaldeescobar.com.ar\/index.php?rest_route=\/wp\/v2\/posts\/19482\/revisions\/19484"}],"wp:featuredmedia":[{"embeddable":true,"href":"https:\/\/nuevodigitaldeescobar.com.ar\/index.php?rest_route=\/wp\/v2\/media\/19483"}],"wp:attachment":[{"href":"https:\/\/nuevodigitaldeescobar.com.ar\/index.php?rest_route=%2Fwp%2Fv2%2Fmedia&parent=19482"}],"wp:term":[{"taxonomy":"category","embeddable":true,"href":"https:\/\/nuevodigitaldeescobar.com.ar\/index.php?rest_route=%2Fwp%2Fv2%2Fcategories&post=19482"},{"taxonomy":"post_tag","embeddable":true,"href":"https:\/\/nuevodigitaldeescobar.com.ar\/index.php?rest_route=%2Fwp%2Fv2%2Ftags&post=19482"}],"curies":[{"name":"wp","href":"https:\/\/api.w.org\/{rel}","templated":true}]}}