{"id":19497,"date":"2026-01-06T14:13:46","date_gmt":"2026-01-06T17:13:46","guid":{"rendered":"https:\/\/nuevodigitaldeescobar.com.ar\/?p=19497"},"modified":"2026-01-06T14:13:58","modified_gmt":"2026-01-06T17:13:58","slug":"alerta-sanitaria-la-super-gripe-h3n2-ya-circula-en-argentina-y-preocupa-su-avance-en-pleno-verano","status":"publish","type":"post","link":"https:\/\/nuevodigitaldeescobar.com.ar\/?p=19497","title":{"rendered":"Alerta sanitaria: la \u00abs\u00faper gripe\u00bb H3N2 ya circula en Argentina y preocupa su avance en pleno verano"},"content":{"rendered":"\n<p class=\"has-vivid-cyan-blue-color has-text-color has-link-color wp-elements-eda16c187ec86fd576d2b67ac6010e27\"><strong><em>Mientras transcurren las primeras semanas de este 2026, las autoridades sanitarias han encendido las alarmas tras confirmarse la presencia de una nueva variante de influenza en el pa\u00eds. El \u00faltimo Bolet\u00edn Epidemiol\u00f3gico Nacional inform\u00f3 la detecci\u00f3n de nueve casos del subclado K del virus H3N2, una versi\u00f3n del virus de la gripe que destaca por su alta capacidad de contagio y que ya est\u00e1 presente en la provincia de Buenos Aires.<\/em><\/strong><\/p>\n\n\n\n<!--more-->\n\n\n\n<p>Lo que m\u00e1s llama la atenci\u00f3n de los especialistas es que la circulaci\u00f3n se est\u00e1 produciendo durante la temporada estival, rompiendo los patrones estacionales habituales. De los casos detectados entre el 18 de diciembre de 2025 y el 4 de enero de 2026, casi la mitad corresponden a personas sin antecedentes de viaje, lo que sugiere una <strong>posible circulaci\u00f3n local<\/strong> de la variante.<\/p>\n\n\n\n<h3 class=\"wp-block-heading has-text-color has-link-color wp-elements-9e381c56cb47b1404ec88033c3bccf49\" style=\"color:#0b4abe\">\u00bfQu\u00e9 hace diferente a esta \u00abs\u00faper gripe\u00bb?<\/h3>\n\n\n\n<p>El subclado K del H3N2 no es una gripe com\u00fan. Seg\u00fan la <strong>Organizaci\u00f3n Panamericana de la Salud (OPS)<\/strong>, esta variante presenta una mutaci\u00f3n que la hace un <strong>56% m\u00e1s contagiosa<\/strong> que las versiones de temporadas anteriores.<\/p>\n\n\n\n<p>En el hemisferio norte, este virus ya provoc\u00f3 r\u00e9cords de internaciones, y en Argentina el panorama preocupa debido a la <strong>baja inmunizaci\u00f3n<\/strong>: el Instituto Malbr\u00e1n revel\u00f3 que 14 de los 18 pacientes analizados recientemente no contaban con la vacuna antigripal. Hasta el momento, si bien cinco personas requirieron internaci\u00f3n, no se han registrado v\u00edctimas fatales en el pa\u00eds.<\/p>\n\n\n\n<h3 class=\"wp-block-heading has-text-color has-link-color wp-elements-caf95b57e08a4330d520c8d0e4453f4e\" style=\"color:#0b4abe\">El an\u00e1lisis de los expertos<\/h3>\n\n\n\n<p>El infect\u00f3logo <strong>Roberto Debbag<\/strong> advirti\u00f3 que las cifras oficiales podr\u00edan ser apenas \u00abla punta del iceberg\u00bb. Seg\u00fan el especialista, el movimiento masivo de personas durante las fiestas y el turismo internacional han acelerado la llegada de esta cepa. <em>\u00abNo hay dudas de que va a ser lo mismo que en el hemisferio norte y va a ser antes de lo esperado\u00bb<\/em>, se\u00f1al\u00f3 respecto a la presi\u00f3n que podr\u00eda sufrir el sistema de salud en los pr\u00f3ximos meses.<\/p>\n\n\n\n<h3 class=\"wp-block-heading has-text-color has-link-color wp-elements-59f0621181b3669acf02fd3fe6be8a26\" style=\"color:#0b4abe\">Medidas de prevenci\u00f3n para los vecinos de Escobar<\/h3>\n\n\n\n<p>Ante la detecci\u00f3n de casos en la provincia, es fundamental reforzar los cuidados b\u00e1sicos para evitar la propagaci\u00f3n en nuestra comunidad:<\/p>\n\n\n\n<ul class=\"wp-block-list\">\n<li><strong>Vacunaci\u00f3n:<\/strong> Es la herramienta principal, especialmente para grupos de riesgo (mayores de 65 a\u00f1os, embarazadas, ni\u00f1os y personas con enfermedades cr\u00f3nicas).<\/li>\n\n\n\n<li><strong>Higiene:<\/strong> Lavado frecuente de manos con agua y jab\u00f3n o uso de alcohol en gel.<\/li>\n\n\n\n<li><strong>Ventilaci\u00f3n:<\/strong> Mantener los ambientes aireados, incluso si se utiliza aire acondicionado.<\/li>\n\n\n\n<li><strong>Responsabilidad:<\/strong> Ante la aparici\u00f3n de s\u00edntomas como fiebre alta, tos o malestar general, se recomienda el uso de barbijo, evitar lugares concurridos y realizar la consulta m\u00e9dica pertinente.<\/li>\n<\/ul>\n\n\n\n<p>El sistema de salud nacional ya trabaja para anticipar la campa\u00f1a de vacunaci\u00f3n de este a\u00f1o, buscando mitigar el impacto de esta variante antes de la llegada del invierno.<\/p>\n","protected":false},"excerpt":{"rendered":"<p>Mientras transcurren las primeras semanas de este 2026, las autoridades sanitarias han encendido las alarmas tras confirmarse la presencia de una nueva variante de influenza [&hellip;]<\/p>\n","protected":false},"author":1,"featured_media":19498,"comment_status":"open","ping_status":"open","sticky":false,"template":"","format":"standard","meta":{"footnotes":""},"categories":[3],"tags":[],"class_list":["post-19497","post","type-post","status-publish","format-standard","has-post-thumbnail","hentry","category-nutricion"],"better_featured_image":{"id":19498,"alt_text":"","caption":"","description":"","media_type":"image","media_details":{"width":980,"height":891,"file":"2026\/01\/gripe37.png","filesize":1546967,"sizes":{"medium":{"file":"gripe37-300x273.png","width":300,"height":273,"mime-type":"image\/png","filesize":60791,"source_url":"https:\/\/nuevodigitaldeescobar.com.ar\/wp-content\/uploads\/2026\/01\/gripe37-300x273.png"},"thumbnail":{"file":"gripe37-150x150.png","width":150,"height":150,"mime-type":"image\/png","filesize":19295,"source_url":"https:\/\/nuevodigitaldeescobar.com.ar\/wp-content\/uploads\/2026\/01\/gripe37-150x150.png"},"medium_large":{"file":"gripe37-768x698.png","width":768,"height":698,"mime-type":"image\/png","filesize":344586,"source_url":"https:\/\/nuevodigitaldeescobar.com.ar\/wp-content\/uploads\/2026\/01\/gripe37-768x698.png"}},"image_meta":{"aperture":"0","credit":"","camera":"","caption":"","created_timestamp":"0","copyright":"","focal_length":"0","iso":"0","shutter_speed":"0","title":"","orientation":"0","keywords":[]}},"post":19497,"source_url":"https:\/\/nuevodigitaldeescobar.com.ar\/wp-content\/uploads\/2026\/01\/gripe37.png"},"yoast_head":"<!-- This site is optimized with the Yoast SEO plugin v26.1.1 - https:\/\/yoast.com\/wordpress\/plugins\/seo\/ -->\n<title>Alerta sanitaria: la &quot;s\u00faper gripe&quot; H3N2 ya circula en Argentina y preocupa su avance en pleno verano - Nuevo Digital de Escobar<\/title>\n<meta name=\"robots\" content=\"index, follow, max-snippet:-1, max-image-preview:large, max-video-preview:-1\" \/>\n<link rel=\"canonical\" href=\"https:\/\/nuevodigitaldeescobar.com.ar\/?p=19497\" \/>\n<meta property=\"og:locale\" content=\"es_ES\" \/>\n<meta property=\"og:type\" content=\"article\" \/>\n<meta property=\"og:title\" content=\"Alerta sanitaria: la &quot;s\u00faper gripe&quot; H3N2 ya circula en Argentina y preocupa su avance en pleno verano - Nuevo Digital de Escobar\" \/>\n<meta property=\"og:description\" content=\"Mientras transcurren las primeras semanas de este 2026, las autoridades sanitarias han encendido las alarmas tras confirmarse la presencia de una nueva variante de influenza [&hellip;]\" \/>\n<meta property=\"og:url\" content=\"https:\/\/nuevodigitaldeescobar.com.ar\/?p=19497\" \/>\n<meta property=\"og:site_name\" content=\"Nuevo Digital de Escobar\" \/>\n<meta property=\"article:publisher\" content=\"https:\/\/www.facebook.com\/NUEVODigitalDeEscobar\" \/>\n<meta property=\"article:published_time\" content=\"2026-01-06T17:13:46+00:00\" \/>\n<meta property=\"article:modified_time\" content=\"2026-01-06T17:13:58+00:00\" \/>\n<meta property=\"og:image\" content=\"http:\/\/nuevodigitaldeescobar.com.ar\/wp-content\/uploads\/2026\/01\/gripe37.png\" \/>\n\t<meta property=\"og:image:width\" content=\"980\" \/>\n\t<meta property=\"og:image:height\" content=\"891\" \/>\n\t<meta property=\"og:image:type\" content=\"image\/png\" \/>\n<meta name=\"author\" content=\"Redacci\u00f3n\" \/>\n<meta name=\"twitter:card\" content=\"summary_large_image\" \/>\n<meta name=\"twitter:creator\" content=\"@nuevodigescobar\" \/>\n<meta name=\"twitter:site\" content=\"@nuevodigescobar\" \/>\n<meta name=\"twitter:label1\" content=\"Escrito por\" \/>\n\t<meta name=\"twitter:data1\" content=\"Redacci\u00f3n\" \/>\n\t<meta name=\"twitter:label2\" content=\"Tiempo de lectura\" \/>\n\t<meta name=\"twitter:data2\" content=\"3 minutos\" \/>\n<script type=\"application\/ld+json\" class=\"yoast-schema-graph\">{\"@context\":\"https:\/\/schema.org\",\"@graph\":[{\"@type\":\"Article\",\"@id\":\"https:\/\/nuevodigitaldeescobar.com.ar\/?p=19497#article\",\"isPartOf\":{\"@id\":\"https:\/\/nuevodigitaldeescobar.com.ar\/?p=19497\"},\"author\":{\"name\":\"Redacci\u00f3n\",\"@id\":\"https:\/\/nuevodigitaldeescobar.com.ar\/#\/schema\/person\/035e90a8efe9a80e6eec22656ad6ea4c\"},\"headline\":\"Alerta sanitaria: la \u00abs\u00faper gripe\u00bb H3N2 ya circula en Argentina y preocupa su avance en pleno verano\",\"datePublished\":\"2026-01-06T17:13:46+00:00\",\"dateModified\":\"2026-01-06T17:13:58+00:00\",\"mainEntityOfPage\":{\"@id\":\"https:\/\/nuevodigitaldeescobar.com.ar\/?p=19497\"},\"wordCount\":507,\"commentCount\":0,\"publisher\":{\"@id\":\"https:\/\/nuevodigitaldeescobar.com.ar\/#organization\"},\"image\":{\"@id\":\"https:\/\/nuevodigitaldeescobar.com.ar\/?p=19497#primaryimage\"},\"thumbnailUrl\":\"https:\/\/nuevodigitaldeescobar.com.ar\/wp-content\/uploads\/2026\/01\/gripe37.png\",\"articleSection\":[\"Salud y Nutrici\u00f3n\"],\"inLanguage\":\"es\",\"potentialAction\":[{\"@type\":\"CommentAction\",\"name\":\"Comment\",\"target\":[\"https:\/\/nuevodigitaldeescobar.com.ar\/?p=19497#respond\"]}]},{\"@type\":\"WebPage\",\"@id\":\"https:\/\/nuevodigitaldeescobar.com.ar\/?p=19497\",\"url\":\"https:\/\/nuevodigitaldeescobar.com.ar\/?p=19497\",\"name\":\"Alerta sanitaria: la \\\"s\u00faper gripe\\\" H3N2 ya circula en Argentina y preocupa su avance en pleno verano - Nuevo Digital de Escobar\",\"isPartOf\":{\"@id\":\"https:\/\/nuevodigitaldeescobar.com.ar\/#website\"},\"primaryImageOfPage\":{\"@id\":\"https:\/\/nuevodigitaldeescobar.com.ar\/?p=19497#primaryimage\"},\"image\":{\"@id\":\"https:\/\/nuevodigitaldeescobar.com.ar\/?p=19497#primaryimage\"},\"thumbnailUrl\":\"https:\/\/nuevodigitaldeescobar.com.ar\/wp-content\/uploads\/2026\/01\/gripe37.png\",\"datePublished\":\"2026-01-06T17:13:46+00:00\",\"dateModified\":\"2026-01-06T17:13:58+00:00\",\"breadcrumb\":{\"@id\":\"https:\/\/nuevodigitaldeescobar.com.ar\/?p=19497#breadcrumb\"},\"inLanguage\":\"es\",\"potentialAction\":[{\"@type\":\"ReadAction\",\"target\":[\"https:\/\/nuevodigitaldeescobar.com.ar\/?p=19497\"]}]},{\"@type\":\"ImageObject\",\"inLanguage\":\"es\",\"@id\":\"https:\/\/nuevodigitaldeescobar.com.ar\/?p=19497#primaryimage\",\"url\":\"https:\/\/nuevodigitaldeescobar.com.ar\/wp-content\/uploads\/2026\/01\/gripe37.png\",\"contentUrl\":\"https:\/\/nuevodigitaldeescobar.com.ar\/wp-content\/uploads\/2026\/01\/gripe37.png\",\"width\":980,\"height\":891},{\"@type\":\"BreadcrumbList\",\"@id\":\"https:\/\/nuevodigitaldeescobar.com.ar\/?p=19497#breadcrumb\",\"itemListElement\":[{\"@type\":\"ListItem\",\"position\":1,\"name\":\"Portada\",\"item\":\"https:\/\/nuevodigitaldeescobar.com.ar\/\"},{\"@type\":\"ListItem\",\"position\":2,\"name\":\"Alerta sanitaria: la \u00abs\u00faper gripe\u00bb H3N2 ya circula en Argentina y preocupa su avance en pleno verano\"}]},{\"@type\":\"WebSite\",\"@id\":\"https:\/\/nuevodigitaldeescobar.com.ar\/#website\",\"url\":\"https:\/\/nuevodigitaldeescobar.com.ar\/\",\"name\":\"Nuevo Digital de Escobar\",\"description\":\"La vida escobarense. Directora: Rosana Brunner\",\"publisher\":{\"@id\":\"https:\/\/nuevodigitaldeescobar.com.ar\/#organization\"},\"potentialAction\":[{\"@type\":\"SearchAction\",\"target\":{\"@type\":\"EntryPoint\",\"urlTemplate\":\"https:\/\/nuevodigitaldeescobar.com.ar\/?s={search_term_string}\"},\"query-input\":{\"@type\":\"PropertyValueSpecification\",\"valueRequired\":true,\"valueName\":\"search_term_string\"}}],\"inLanguage\":\"es\"},{\"@type\":\"Organization\",\"@id\":\"https:\/\/nuevodigitaldeescobar.com.ar\/#organization\",\"name\":\"Nuevo Digital de Escobar\",\"url\":\"https:\/\/nuevodigitaldeescobar.com.ar\/\",\"logo\":{\"@type\":\"ImageObject\",\"inLanguage\":\"es\",\"@id\":\"https:\/\/nuevodigitaldeescobar.com.ar\/#\/schema\/logo\/image\/\",\"url\":\"https:\/\/nuevodigitaldeescobar.com.ar\/wp-content\/uploads\/2025\/05\/cropped-logo-nuevo2.jpg\",\"contentUrl\":\"https:\/\/nuevodigitaldeescobar.com.ar\/wp-content\/uploads\/2025\/05\/cropped-logo-nuevo2.jpg\",\"width\":305,\"height\":305,\"caption\":\"Nuevo Digital de Escobar\"},\"image\":{\"@id\":\"https:\/\/nuevodigitaldeescobar.com.ar\/#\/schema\/logo\/image\/\"},\"sameAs\":[\"https:\/\/www.facebook.com\/NUEVODigitalDeEscobar\",\"https:\/\/x.com\/nuevodigescobar\",\"https:\/\/www.instagram.com\/nuevodigitaldeescobar\"]},{\"@type\":\"Person\",\"@id\":\"https:\/\/nuevodigitaldeescobar.com.ar\/#\/schema\/person\/035e90a8efe9a80e6eec22656ad6ea4c\",\"name\":\"Redacci\u00f3n\",\"image\":{\"@type\":\"ImageObject\",\"inLanguage\":\"es\",\"@id\":\"https:\/\/nuevodigitaldeescobar.com.ar\/#\/schema\/person\/image\/\",\"url\":\"https:\/\/secure.gravatar.com\/avatar\/8af8f40000c24e9eef3034f2be5998a372bb1389e64b1a4a36b3a7979142220d?s=96&d=mm&r=g\",\"contentUrl\":\"https:\/\/secure.gravatar.com\/avatar\/8af8f40000c24e9eef3034f2be5998a372bb1389e64b1a4a36b3a7979142220d?s=96&d=mm&r=g\",\"caption\":\"Redacci\u00f3n\"},\"sameAs\":[\"http:\/\/nuevodigitaldeescobar.com.ar\"],\"url\":\"https:\/\/nuevodigitaldeescobar.com.ar\/?author=1\"}]}<\/script>\n<!-- \/ Yoast SEO plugin. -->","yoast_head_json":{"title":"Alerta sanitaria: la \"s\u00faper gripe\" H3N2 ya circula en Argentina y preocupa su avance en pleno verano - Nuevo Digital de Escobar","robots":{"index":"index","follow":"follow","max-snippet":"max-snippet:-1","max-image-preview":"max-image-preview:large","max-video-preview":"max-video-preview:-1"},"canonical":"https:\/\/nuevodigitaldeescobar.com.ar\/?p=19497","og_locale":"es_ES","og_type":"article","og_title":"Alerta sanitaria: la \"s\u00faper gripe\" H3N2 ya circula en Argentina y preocupa su avance en pleno verano - Nuevo Digital de Escobar","og_description":"Mientras transcurren las primeras semanas de este 2026, las autoridades sanitarias han encendido las alarmas tras confirmarse la presencia de una nueva variante de influenza [&hellip;]","og_url":"https:\/\/nuevodigitaldeescobar.com.ar\/?p=19497","og_site_name":"Nuevo Digital de Escobar","article_publisher":"https:\/\/www.facebook.com\/NUEVODigitalDeEscobar","article_published_time":"2026-01-06T17:13:46+00:00","article_modified_time":"2026-01-06T17:13:58+00:00","og_image":[{"width":980,"height":891,"url":"http:\/\/nuevodigitaldeescobar.com.ar\/wp-content\/uploads\/2026\/01\/gripe37.png","type":"image\/png"}],"author":"Redacci\u00f3n","twitter_card":"summary_large_image","twitter_creator":"@nuevodigescobar","twitter_site":"@nuevodigescobar","twitter_misc":{"Escrito por":"Redacci\u00f3n","Tiempo de lectura":"3 minutos"},"schema":{"@context":"https:\/\/schema.org","@graph":[{"@type":"Article","@id":"https:\/\/nuevodigitaldeescobar.com.ar\/?p=19497#article","isPartOf":{"@id":"https:\/\/nuevodigitaldeescobar.com.ar\/?p=19497"},"author":{"name":"Redacci\u00f3n","@id":"https:\/\/nuevodigitaldeescobar.com.ar\/#\/schema\/person\/035e90a8efe9a80e6eec22656ad6ea4c"},"headline":"Alerta sanitaria: la \u00abs\u00faper gripe\u00bb H3N2 ya circula en Argentina y preocupa su avance en pleno verano","datePublished":"2026-01-06T17:13:46+00:00","dateModified":"2026-01-06T17:13:58+00:00","mainEntityOfPage":{"@id":"https:\/\/nuevodigitaldeescobar.com.ar\/?p=19497"},"wordCount":507,"commentCount":0,"publisher":{"@id":"https:\/\/nuevodigitaldeescobar.com.ar\/#organization"},"image":{"@id":"https:\/\/nuevodigitaldeescobar.com.ar\/?p=19497#primaryimage"},"thumbnailUrl":"https:\/\/nuevodigitaldeescobar.com.ar\/wp-content\/uploads\/2026\/01\/gripe37.png","articleSection":["Salud y Nutrici\u00f3n"],"inLanguage":"es","potentialAction":[{"@type":"CommentAction","name":"Comment","target":["https:\/\/nuevodigitaldeescobar.com.ar\/?p=19497#respond"]}]},{"@type":"WebPage","@id":"https:\/\/nuevodigitaldeescobar.com.ar\/?p=19497","url":"https:\/\/nuevodigitaldeescobar.com.ar\/?p=19497","name":"Alerta sanitaria: la \"s\u00faper gripe\" H3N2 ya circula en Argentina y preocupa su avance en pleno verano - Nuevo Digital de Escobar","isPartOf":{"@id":"https:\/\/nuevodigitaldeescobar.com.ar\/#website"},"primaryImageOfPage":{"@id":"https:\/\/nuevodigitaldeescobar.com.ar\/?p=19497#primaryimage"},"image":{"@id":"https:\/\/nuevodigitaldeescobar.com.ar\/?p=19497#primaryimage"},"thumbnailUrl":"https:\/\/nuevodigitaldeescobar.com.ar\/wp-content\/uploads\/2026\/01\/gripe37.png","datePublished":"2026-01-06T17:13:46+00:00","dateModified":"2026-01-06T17:13:58+00:00","breadcrumb":{"@id":"https:\/\/nuevodigitaldeescobar.com.ar\/?p=19497#breadcrumb"},"inLanguage":"es","potentialAction":[{"@type":"ReadAction","target":["https:\/\/nuevodigitaldeescobar.com.ar\/?p=19497"]}]},{"@type":"ImageObject","inLanguage":"es","@id":"https:\/\/nuevodigitaldeescobar.com.ar\/?p=19497#primaryimage","url":"https:\/\/nuevodigitaldeescobar.com.ar\/wp-content\/uploads\/2026\/01\/gripe37.png","contentUrl":"https:\/\/nuevodigitaldeescobar.com.ar\/wp-content\/uploads\/2026\/01\/gripe37.png","width":980,"height":891},{"@type":"BreadcrumbList","@id":"https:\/\/nuevodigitaldeescobar.com.ar\/?p=19497#breadcrumb","itemListElement":[{"@type":"ListItem","position":1,"name":"Portada","item":"https:\/\/nuevodigitaldeescobar.com.ar\/"},{"@type":"ListItem","position":2,"name":"Alerta sanitaria: la \u00abs\u00faper gripe\u00bb H3N2 ya circula en Argentina y preocupa su avance en pleno verano"}]},{"@type":"WebSite","@id":"https:\/\/nuevodigitaldeescobar.com.ar\/#website","url":"https:\/\/nuevodigitaldeescobar.com.ar\/","name":"Nuevo Digital de Escobar","description":"La vida escobarense. Directora: Rosana Brunner","publisher":{"@id":"https:\/\/nuevodigitaldeescobar.com.ar\/#organization"},"potentialAction":[{"@type":"SearchAction","target":{"@type":"EntryPoint","urlTemplate":"https:\/\/nuevodigitaldeescobar.com.ar\/?s={search_term_string}"},"query-input":{"@type":"PropertyValueSpecification","valueRequired":true,"valueName":"search_term_string"}}],"inLanguage":"es"},{"@type":"Organization","@id":"https:\/\/nuevodigitaldeescobar.com.ar\/#organization","name":"Nuevo Digital de Escobar","url":"https:\/\/nuevodigitaldeescobar.com.ar\/","logo":{"@type":"ImageObject","inLanguage":"es","@id":"https:\/\/nuevodigitaldeescobar.com.ar\/#\/schema\/logo\/image\/","url":"https:\/\/nuevodigitaldeescobar.com.ar\/wp-content\/uploads\/2025\/05\/cropped-logo-nuevo2.jpg","contentUrl":"https:\/\/nuevodigitaldeescobar.com.ar\/wp-content\/uploads\/2025\/05\/cropped-logo-nuevo2.jpg","width":305,"height":305,"caption":"Nuevo Digital de Escobar"},"image":{"@id":"https:\/\/nuevodigitaldeescobar.com.ar\/#\/schema\/logo\/image\/"},"sameAs":["https:\/\/www.facebook.com\/NUEVODigitalDeEscobar","https:\/\/x.com\/nuevodigescobar","https:\/\/www.instagram.com\/nuevodigitaldeescobar"]},{"@type":"Person","@id":"https:\/\/nuevodigitaldeescobar.com.ar\/#\/schema\/person\/035e90a8efe9a80e6eec22656ad6ea4c","name":"Redacci\u00f3n","image":{"@type":"ImageObject","inLanguage":"es","@id":"https:\/\/nuevodigitaldeescobar.com.ar\/#\/schema\/person\/image\/","url":"https:\/\/secure.gravatar.com\/avatar\/8af8f40000c24e9eef3034f2be5998a372bb1389e64b1a4a36b3a7979142220d?s=96&d=mm&r=g","contentUrl":"https:\/\/secure.gravatar.com\/avatar\/8af8f40000c24e9eef3034f2be5998a372bb1389e64b1a4a36b3a7979142220d?s=96&d=mm&r=g","caption":"Redacci\u00f3n"},"sameAs":["http:\/\/nuevodigitaldeescobar.com.ar"],"url":"https:\/\/nuevodigitaldeescobar.com.ar\/?author=1"}]}},"featured_image_urls":{"full":["https:\/\/nuevodigitaldeescobar.com.ar\/wp-content\/uploads\/2026\/01\/gripe37.png",980,891,false],"thumbnail":["https:\/\/nuevodigitaldeescobar.com.ar\/wp-content\/uploads\/2026\/01\/gripe37-150x150.png",150,150,true],"medium":["https:\/\/nuevodigitaldeescobar.com.ar\/wp-content\/uploads\/2026\/01\/gripe37-300x273.png",300,273,true],"medium_large":["https:\/\/nuevodigitaldeescobar.com.ar\/wp-content\/uploads\/2026\/01\/gripe37-768x698.png",640,582,true],"large":["https:\/\/nuevodigitaldeescobar.com.ar\/wp-content\/uploads\/2026\/01\/gripe37.png",640,582,false],"1536x1536":["https:\/\/nuevodigitaldeescobar.com.ar\/wp-content\/uploads\/2026\/01\/gripe37.png",980,891,false],"2048x2048":["https:\/\/nuevodigitaldeescobar.com.ar\/wp-content\/uploads\/2026\/01\/gripe37.png",980,891,false]},"author_info":{"display_name":"Redacci\u00f3n","author_link":"https:\/\/nuevodigitaldeescobar.com.ar\/?author=1"},"category_info":"<a href=\"https:\/\/nuevodigitaldeescobar.com.ar\/?cat=3\" rel=\"category\">Salud y Nutrici\u00f3n<\/a>","tag_info":"Salud y Nutrici\u00f3n","comment_count":"0","_links":{"self":[{"href":"https:\/\/nuevodigitaldeescobar.com.ar\/index.php?rest_route=\/wp\/v2\/posts\/19497","targetHints":{"allow":["GET"]}}],"collection":[{"href":"https:\/\/nuevodigitaldeescobar.com.ar\/index.php?rest_route=\/wp\/v2\/posts"}],"about":[{"href":"https:\/\/nuevodigitaldeescobar.com.ar\/index.php?rest_route=\/wp\/v2\/types\/post"}],"author":[{"embeddable":true,"href":"https:\/\/nuevodigitaldeescobar.com.ar\/index.php?rest_route=\/wp\/v2\/users\/1"}],"replies":[{"embeddable":true,"href":"https:\/\/nuevodigitaldeescobar.com.ar\/index.php?rest_route=%2Fwp%2Fv2%2Fcomments&post=19497"}],"version-history":[{"count":1,"href":"https:\/\/nuevodigitaldeescobar.com.ar\/index.php?rest_route=\/wp\/v2\/posts\/19497\/revisions"}],"predecessor-version":[{"id":19499,"href":"https:\/\/nuevodigitaldeescobar.com.ar\/index.php?rest_route=\/wp\/v2\/posts\/19497\/revisions\/19499"}],"wp:featuredmedia":[{"embeddable":true,"href":"https:\/\/nuevodigitaldeescobar.com.ar\/index.php?rest_route=\/wp\/v2\/media\/19498"}],"wp:attachment":[{"href":"https:\/\/nuevodigitaldeescobar.com.ar\/index.php?rest_route=%2Fwp%2Fv2%2Fmedia&parent=19497"}],"wp:term":[{"taxonomy":"category","embeddable":true,"href":"https:\/\/nuevodigitaldeescobar.com.ar\/index.php?rest_route=%2Fwp%2Fv2%2Fcategories&post=19497"},{"taxonomy":"post_tag","embeddable":true,"href":"https:\/\/nuevodigitaldeescobar.com.ar\/index.php?rest_route=%2Fwp%2Fv2%2Ftags&post=19497"}],"curies":[{"name":"wp","href":"https:\/\/api.w.org\/{rel}","templated":true}]}}