{"id":19500,"date":"2026-01-06T14:18:07","date_gmt":"2026-01-06T17:18:07","guid":{"rendered":"https:\/\/nuevodigitaldeescobar.com.ar\/?p=19500"},"modified":"2026-01-06T14:18:12","modified_gmt":"2026-01-06T17:18:12","slug":"jubilaciones-como-quedan-los-haberes-en-enero-con-el-nuevo-aumento-y-el-bono-de-anses","status":"publish","type":"post","link":"https:\/\/nuevodigitaldeescobar.com.ar\/?p=19500","title":{"rendered":"Jubilaciones: c\u00f3mo quedan los haberes en enero con el nuevo aumento y el bono de ANSES"},"content":{"rendered":"\n<p class=\"has-vivid-cyan-blue-color has-text-color has-link-color wp-elements-a9c03ce85acbc75c408ae40ff0368404\"><strong><em>Con el inicio de 2026, la Administraci\u00f3n Nacional de la Seguridad Social (ANSES) oficializ\u00f3 el nuevo esquema de haberes para jubilados y pensionados. Este mes, las prestaciones reciben un incremento del 2,47%, porcentaje que surge de la aplicaci\u00f3n de la f\u00f3rmula de movilidad vigente, la cual toma como referencia el \u00cdndice de Precios al Consumidor (IPC) de noviembre de 2025.<\/em><\/strong><\/p>\n\n\n\n<!--more-->\n\n\n\n<p>Adem\u00e1s del ajuste por inflaci\u00f3n, el Gobierno confirm\u00f3 la continuidad del <strong>bono de $70.000<\/strong> para los sectores de menores ingresos, una medida clave para sostener el poder adquisitivo de los adultos mayores de nuestro distrito ante la suba de precios.<\/p>\n\n\n\n<h3 class=\"wp-block-heading has-text-color has-link-color wp-elements-aea73c7436cc6ad7a6f0fd760b1c20ef\" style=\"color:#0e38b5\">Los nuevos montos para enero 2026<\/h3>\n\n\n\n<p>Para mayor claridad de los vecinos de Escobar, presentamos a continuaci\u00f3n c\u00f3mo se componen los ingresos seg\u00fan cada categor\u00eda de prestaci\u00f3n:<\/p>\n\n\n\n<figure class=\"wp-block-table is-style-stripes\"><table class=\"has-light-green-cyan-to-vivid-green-cyan-gradient-background has-background has-fixed-layout\"><thead><tr><td><strong>Prestaci\u00f3n<\/strong><\/td><td><strong>Haber Base<\/strong><\/td><td><strong>Bono<\/strong><\/td><td><strong>Total a Cobrar<\/strong><\/td><\/tr><\/thead><tbody><tr><td><strong>Jubilaci\u00f3n M\u00ednima<\/strong><\/td><td>$349.299,32<\/td><td>$70.000,00<\/td><td><strong>$419.299,32<\/strong><\/td><\/tr><tr><td><strong>PUAM<\/strong><\/td><td>$279.439,46<\/td><td>$70.000,00<\/td><td><strong>$349.439,46<\/strong><\/td><\/tr><tr><td><strong>PNC (Invalidez\/Vejez)<\/strong><\/td><td>$244.509,52<\/td><td>$70.000,00<\/td><td><strong>$314.509,52<\/strong><\/td><\/tr><tr><td><strong>Pensi\u00f3n Madre 7 Hijos<\/strong><\/td><td>$349.299,32<\/td><td>$70.000,00<\/td><td><strong>$419.299,32<\/strong><\/td><\/tr><tr><td><strong>Jubilaci\u00f3n M\u00e1xima<\/strong><\/td><td>$2.350.453,71<\/td><td>No aplica<\/td><td><strong>$2.350.453,71<\/strong><\/td><\/tr><\/tbody><\/table><\/figure>\n\n\n\n<blockquote class=\"wp-block-quote is-layout-flow wp-block-quote-is-layout-flow\">\n<p><strong>Nota:<\/strong> Aquellos beneficiarios que perciban un haber superior a la m\u00ednima, pero inferior a los $419.299,32, recibir\u00e1n un bono proporcional hasta alcanzar esa cifra.<\/p>\n<\/blockquote>\n\n\n\n<hr class=\"wp-block-separator has-alpha-channel-opacity\"\/>\n\n\n\n<h3 class=\"wp-block-heading has-text-color has-link-color wp-elements-f00607eb26bd71234ba440b3eeb6c0fb\" style=\"color:#0e38b5\">Calendario de Pagos: \u00bfCu\u00e1ndo cobro?<\/h3>\n\n\n\n<p>El cronograma de pagos ya est\u00e1 en marcha y se divide seg\u00fan el \u00faltimo n\u00famero del DNI.<\/p>\n\n\n\n<p class=\"has-text-color has-link-color wp-elements-9b7cd68d6b8fa669b257672a1bd6d52a\" style=\"color:#0e38b5\"><strong><span style=\"text-decoration: underline;\">Jubilados con el haber m\u00ednimo:<\/span><\/strong><\/p>\n\n\n\n<ul class=\"wp-block-list\">\n<li><strong>DNI terminado en 0:<\/strong> Viernes 9 de enero<\/li>\n\n\n\n<li><strong>DNI terminado en 1:<\/strong> Lunes 12 de enero<\/li>\n\n\n\n<li><strong>DNI terminado en 2:<\/strong> Martes 13 de enero<\/li>\n\n\n\n<li><strong>DNI terminado en 3:<\/strong> Mi\u00e9rcoles 14 de enero<\/li>\n\n\n\n<li><strong>DNI terminado en 4:<\/strong> Jueves 15 de enero<\/li>\n\n\n\n<li><strong>DNI terminado en 5:<\/strong> Viernes 16 de enero<\/li>\n\n\n\n<li><strong>DNI terminado en 6:<\/strong> Lunes 19 de enero<\/li>\n\n\n\n<li><strong>DNI terminado en 7:<\/strong> Martes 20 de enero<\/li>\n\n\n\n<li><strong>DNI terminado en 8:<\/strong> Mi\u00e9rcoles 21 de enero<\/li>\n\n\n\n<li><strong>DNI terminado en 9:<\/strong> Jueves 22 de enero<\/li>\n<\/ul>\n\n\n\n<p class=\"has-text-color has-link-color wp-elements-e6e3ac1af726efc06ddfb899156fcdab\" style=\"color:#0e38b5\"><strong><span style=\"text-decoration: underline;\">Jubilaciones que superan el haber m\u00ednimo:<\/span><\/strong><\/p>\n\n\n\n<ul class=\"wp-block-list\">\n<li><strong>DNI 0 y 1:<\/strong> Viernes 23 de enero<\/li>\n\n\n\n<li><strong>DNI 2 y 3:<\/strong> Lunes 26 de enero<\/li>\n\n\n\n<li><strong>DNI 4 y 5:<\/strong> Martes 27 de enero<\/li>\n\n\n\n<li><strong>DNI 6 y 7:<\/strong> Mi\u00e9rcoles 28 de enero<\/li>\n\n\n\n<li><strong>DNI 8 y 9:<\/strong> Jueves 29 de enero<\/li>\n<\/ul>\n\n\n\n<p>Es importante recordar que los haberes se acreditan autom\u00e1ticamente en las cuentas bancarias de los beneficiarios y pueden retirarse por cajero autom\u00e1tico o utilizarse mediante tarjeta de d\u00e9bito en comercios.<\/p>\n","protected":false},"excerpt":{"rendered":"<p>Con el inicio de 2026, la Administraci\u00f3n Nacional de la Seguridad Social (ANSES) oficializ\u00f3 el nuevo esquema de haberes para jubilados y pensionados. Este mes, [&hellip;]<\/p>\n","protected":false},"author":1,"featured_media":6660,"comment_status":"open","ping_status":"open","sticky":false,"template":"","format":"standard","meta":{"footnotes":""},"categories":[10],"tags":[],"class_list":["post-19500","post","type-post","status-publish","format-standard","has-post-thumbnail","hentry","category-economia"],"better_featured_image":{"id":6660,"alt_text":"","caption":"","description":"","media_type":"image","media_details":{"width":720,"height":405,"file":"2024\/07\/anses-jubilados-1-e1720452548751.jpg","filesize":87940,"sizes":{"medium":{"file":"anses-jubilados-1-300x169.jpg","width":300,"height":169,"mime-type":"image\/jpeg","filesize":14203,"source_url":"https:\/\/nuevodigitaldeescobar.com.ar\/wp-content\/uploads\/2024\/07\/anses-jubilados-1-300x169.jpg"},"thumbnail":{"file":"anses-jubilados-1-150x150.jpg","width":150,"height":150,"mime-type":"image\/jpeg","filesize":6982,"source_url":"https:\/\/nuevodigitaldeescobar.com.ar\/wp-content\/uploads\/2024\/07\/anses-jubilados-1-150x150.jpg"}},"image_meta":{"aperture":"0","credit":"","camera":"","caption":"","created_timestamp":"0","copyright":"","focal_length":"0","iso":"0","shutter_speed":"0","title":"","orientation":"0","keywords":[]}},"post":6659,"source_url":"https:\/\/nuevodigitaldeescobar.com.ar\/wp-content\/uploads\/2024\/07\/anses-jubilados-1-e1720452548751.jpg"},"yoast_head":"<!-- This site is optimized with the Yoast SEO plugin v26.1.1 - https:\/\/yoast.com\/wordpress\/plugins\/seo\/ -->\n<title>Jubilaciones: c\u00f3mo quedan los haberes en enero con el nuevo aumento y el bono de ANSES - Nuevo Digital de Escobar<\/title>\n<meta name=\"robots\" content=\"index, follow, max-snippet:-1, max-image-preview:large, max-video-preview:-1\" \/>\n<link rel=\"canonical\" href=\"https:\/\/nuevodigitaldeescobar.com.ar\/?p=19500\" \/>\n<meta property=\"og:locale\" content=\"es_ES\" \/>\n<meta property=\"og:type\" content=\"article\" \/>\n<meta property=\"og:title\" content=\"Jubilaciones: c\u00f3mo quedan los haberes en enero con el nuevo aumento y el bono de ANSES - Nuevo Digital de Escobar\" \/>\n<meta property=\"og:description\" content=\"Con el inicio de 2026, la Administraci\u00f3n Nacional de la Seguridad Social (ANSES) oficializ\u00f3 el nuevo esquema de haberes para jubilados y pensionados. Este mes, [&hellip;]\" \/>\n<meta property=\"og:url\" content=\"https:\/\/nuevodigitaldeescobar.com.ar\/?p=19500\" \/>\n<meta property=\"og:site_name\" content=\"Nuevo Digital de Escobar\" \/>\n<meta property=\"article:publisher\" content=\"https:\/\/www.facebook.com\/NUEVODigitalDeEscobar\" \/>\n<meta property=\"article:published_time\" content=\"2026-01-06T17:18:07+00:00\" \/>\n<meta property=\"article:modified_time\" content=\"2026-01-06T17:18:12+00:00\" \/>\n<meta property=\"og:image\" content=\"http:\/\/nuevodigitaldeescobar.com.ar\/wp-content\/uploads\/2024\/07\/anses-jubilados-1-e1720452548751.jpg\" \/>\n\t<meta property=\"og:image:width\" content=\"720\" \/>\n\t<meta property=\"og:image:height\" content=\"405\" \/>\n\t<meta property=\"og:image:type\" content=\"image\/jpeg\" \/>\n<meta name=\"author\" content=\"Redacci\u00f3n\" \/>\n<meta name=\"twitter:card\" content=\"summary_large_image\" \/>\n<meta name=\"twitter:creator\" content=\"@nuevodigescobar\" \/>\n<meta name=\"twitter:site\" content=\"@nuevodigescobar\" \/>\n<meta name=\"twitter:label1\" content=\"Escrito por\" \/>\n\t<meta name=\"twitter:data1\" content=\"Redacci\u00f3n\" \/>\n\t<meta name=\"twitter:label2\" content=\"Tiempo de lectura\" \/>\n\t<meta name=\"twitter:data2\" content=\"2 minutos\" \/>\n<script type=\"application\/ld+json\" class=\"yoast-schema-graph\">{\"@context\":\"https:\/\/schema.org\",\"@graph\":[{\"@type\":\"Article\",\"@id\":\"https:\/\/nuevodigitaldeescobar.com.ar\/?p=19500#article\",\"isPartOf\":{\"@id\":\"https:\/\/nuevodigitaldeescobar.com.ar\/?p=19500\"},\"author\":{\"name\":\"Redacci\u00f3n\",\"@id\":\"https:\/\/nuevodigitaldeescobar.com.ar\/#\/schema\/person\/035e90a8efe9a80e6eec22656ad6ea4c\"},\"headline\":\"Jubilaciones: c\u00f3mo quedan los haberes en enero con el nuevo aumento y el bono de ANSES\",\"datePublished\":\"2026-01-06T17:18:07+00:00\",\"dateModified\":\"2026-01-06T17:18:12+00:00\",\"mainEntityOfPage\":{\"@id\":\"https:\/\/nuevodigitaldeescobar.com.ar\/?p=19500\"},\"wordCount\":359,\"commentCount\":0,\"publisher\":{\"@id\":\"https:\/\/nuevodigitaldeescobar.com.ar\/#organization\"},\"image\":{\"@id\":\"https:\/\/nuevodigitaldeescobar.com.ar\/?p=19500#primaryimage\"},\"thumbnailUrl\":\"https:\/\/nuevodigitaldeescobar.com.ar\/wp-content\/uploads\/2024\/07\/anses-jubilados-1-e1720452548751.jpg\",\"articleSection\":[\"Econom\u00eda\"],\"inLanguage\":\"es\",\"potentialAction\":[{\"@type\":\"CommentAction\",\"name\":\"Comment\",\"target\":[\"https:\/\/nuevodigitaldeescobar.com.ar\/?p=19500#respond\"]}]},{\"@type\":\"WebPage\",\"@id\":\"https:\/\/nuevodigitaldeescobar.com.ar\/?p=19500\",\"url\":\"https:\/\/nuevodigitaldeescobar.com.ar\/?p=19500\",\"name\":\"Jubilaciones: c\u00f3mo quedan los haberes en enero con el nuevo aumento y el bono de ANSES - Nuevo Digital de Escobar\",\"isPartOf\":{\"@id\":\"https:\/\/nuevodigitaldeescobar.com.ar\/#website\"},\"primaryImageOfPage\":{\"@id\":\"https:\/\/nuevodigitaldeescobar.com.ar\/?p=19500#primaryimage\"},\"image\":{\"@id\":\"https:\/\/nuevodigitaldeescobar.com.ar\/?p=19500#primaryimage\"},\"thumbnailUrl\":\"https:\/\/nuevodigitaldeescobar.com.ar\/wp-content\/uploads\/2024\/07\/anses-jubilados-1-e1720452548751.jpg\",\"datePublished\":\"2026-01-06T17:18:07+00:00\",\"dateModified\":\"2026-01-06T17:18:12+00:00\",\"breadcrumb\":{\"@id\":\"https:\/\/nuevodigitaldeescobar.com.ar\/?p=19500#breadcrumb\"},\"inLanguage\":\"es\",\"potentialAction\":[{\"@type\":\"ReadAction\",\"target\":[\"https:\/\/nuevodigitaldeescobar.com.ar\/?p=19500\"]}]},{\"@type\":\"ImageObject\",\"inLanguage\":\"es\",\"@id\":\"https:\/\/nuevodigitaldeescobar.com.ar\/?p=19500#primaryimage\",\"url\":\"https:\/\/nuevodigitaldeescobar.com.ar\/wp-content\/uploads\/2024\/07\/anses-jubilados-1-e1720452548751.jpg\",\"contentUrl\":\"https:\/\/nuevodigitaldeescobar.com.ar\/wp-content\/uploads\/2024\/07\/anses-jubilados-1-e1720452548751.jpg\",\"width\":720,\"height\":405},{\"@type\":\"BreadcrumbList\",\"@id\":\"https:\/\/nuevodigitaldeescobar.com.ar\/?p=19500#breadcrumb\",\"itemListElement\":[{\"@type\":\"ListItem\",\"position\":1,\"name\":\"Portada\",\"item\":\"https:\/\/nuevodigitaldeescobar.com.ar\/\"},{\"@type\":\"ListItem\",\"position\":2,\"name\":\"Jubilaciones: c\u00f3mo quedan los haberes en enero con el nuevo aumento y el bono de ANSES\"}]},{\"@type\":\"WebSite\",\"@id\":\"https:\/\/nuevodigitaldeescobar.com.ar\/#website\",\"url\":\"https:\/\/nuevodigitaldeescobar.com.ar\/\",\"name\":\"Nuevo Digital de Escobar\",\"description\":\"La vida escobarense. Directora: Rosana Brunner\",\"publisher\":{\"@id\":\"https:\/\/nuevodigitaldeescobar.com.ar\/#organization\"},\"potentialAction\":[{\"@type\":\"SearchAction\",\"target\":{\"@type\":\"EntryPoint\",\"urlTemplate\":\"https:\/\/nuevodigitaldeescobar.com.ar\/?s={search_term_string}\"},\"query-input\":{\"@type\":\"PropertyValueSpecification\",\"valueRequired\":true,\"valueName\":\"search_term_string\"}}],\"inLanguage\":\"es\"},{\"@type\":\"Organization\",\"@id\":\"https:\/\/nuevodigitaldeescobar.com.ar\/#organization\",\"name\":\"Nuevo Digital de Escobar\",\"url\":\"https:\/\/nuevodigitaldeescobar.com.ar\/\",\"logo\":{\"@type\":\"ImageObject\",\"inLanguage\":\"es\",\"@id\":\"https:\/\/nuevodigitaldeescobar.com.ar\/#\/schema\/logo\/image\/\",\"url\":\"https:\/\/nuevodigitaldeescobar.com.ar\/wp-content\/uploads\/2025\/05\/cropped-logo-nuevo2.jpg\",\"contentUrl\":\"https:\/\/nuevodigitaldeescobar.com.ar\/wp-content\/uploads\/2025\/05\/cropped-logo-nuevo2.jpg\",\"width\":305,\"height\":305,\"caption\":\"Nuevo Digital de Escobar\"},\"image\":{\"@id\":\"https:\/\/nuevodigitaldeescobar.com.ar\/#\/schema\/logo\/image\/\"},\"sameAs\":[\"https:\/\/www.facebook.com\/NUEVODigitalDeEscobar\",\"https:\/\/x.com\/nuevodigescobar\",\"https:\/\/www.instagram.com\/nuevodigitaldeescobar\"]},{\"@type\":\"Person\",\"@id\":\"https:\/\/nuevodigitaldeescobar.com.ar\/#\/schema\/person\/035e90a8efe9a80e6eec22656ad6ea4c\",\"name\":\"Redacci\u00f3n\",\"image\":{\"@type\":\"ImageObject\",\"inLanguage\":\"es\",\"@id\":\"https:\/\/nuevodigitaldeescobar.com.ar\/#\/schema\/person\/image\/\",\"url\":\"https:\/\/secure.gravatar.com\/avatar\/8af8f40000c24e9eef3034f2be5998a372bb1389e64b1a4a36b3a7979142220d?s=96&d=mm&r=g\",\"contentUrl\":\"https:\/\/secure.gravatar.com\/avatar\/8af8f40000c24e9eef3034f2be5998a372bb1389e64b1a4a36b3a7979142220d?s=96&d=mm&r=g\",\"caption\":\"Redacci\u00f3n\"},\"sameAs\":[\"http:\/\/nuevodigitaldeescobar.com.ar\"],\"url\":\"https:\/\/nuevodigitaldeescobar.com.ar\/?author=1\"}]}<\/script>\n<!-- \/ Yoast SEO plugin. -->","yoast_head_json":{"title":"Jubilaciones: c\u00f3mo quedan los haberes en enero con el nuevo aumento y el bono de ANSES - Nuevo Digital de Escobar","robots":{"index":"index","follow":"follow","max-snippet":"max-snippet:-1","max-image-preview":"max-image-preview:large","max-video-preview":"max-video-preview:-1"},"canonical":"https:\/\/nuevodigitaldeescobar.com.ar\/?p=19500","og_locale":"es_ES","og_type":"article","og_title":"Jubilaciones: c\u00f3mo quedan los haberes en enero con el nuevo aumento y el bono de ANSES - Nuevo Digital de Escobar","og_description":"Con el inicio de 2026, la Administraci\u00f3n Nacional de la Seguridad Social (ANSES) oficializ\u00f3 el nuevo esquema de haberes para jubilados y pensionados. Este mes, [&hellip;]","og_url":"https:\/\/nuevodigitaldeescobar.com.ar\/?p=19500","og_site_name":"Nuevo Digital de Escobar","article_publisher":"https:\/\/www.facebook.com\/NUEVODigitalDeEscobar","article_published_time":"2026-01-06T17:18:07+00:00","article_modified_time":"2026-01-06T17:18:12+00:00","og_image":[{"width":720,"height":405,"url":"http:\/\/nuevodigitaldeescobar.com.ar\/wp-content\/uploads\/2024\/07\/anses-jubilados-1-e1720452548751.jpg","type":"image\/jpeg"}],"author":"Redacci\u00f3n","twitter_card":"summary_large_image","twitter_creator":"@nuevodigescobar","twitter_site":"@nuevodigescobar","twitter_misc":{"Escrito por":"Redacci\u00f3n","Tiempo de lectura":"2 minutos"},"schema":{"@context":"https:\/\/schema.org","@graph":[{"@type":"Article","@id":"https:\/\/nuevodigitaldeescobar.com.ar\/?p=19500#article","isPartOf":{"@id":"https:\/\/nuevodigitaldeescobar.com.ar\/?p=19500"},"author":{"name":"Redacci\u00f3n","@id":"https:\/\/nuevodigitaldeescobar.com.ar\/#\/schema\/person\/035e90a8efe9a80e6eec22656ad6ea4c"},"headline":"Jubilaciones: c\u00f3mo quedan los haberes en enero con el nuevo aumento y el bono de ANSES","datePublished":"2026-01-06T17:18:07+00:00","dateModified":"2026-01-06T17:18:12+00:00","mainEntityOfPage":{"@id":"https:\/\/nuevodigitaldeescobar.com.ar\/?p=19500"},"wordCount":359,"commentCount":0,"publisher":{"@id":"https:\/\/nuevodigitaldeescobar.com.ar\/#organization"},"image":{"@id":"https:\/\/nuevodigitaldeescobar.com.ar\/?p=19500#primaryimage"},"thumbnailUrl":"https:\/\/nuevodigitaldeescobar.com.ar\/wp-content\/uploads\/2024\/07\/anses-jubilados-1-e1720452548751.jpg","articleSection":["Econom\u00eda"],"inLanguage":"es","potentialAction":[{"@type":"CommentAction","name":"Comment","target":["https:\/\/nuevodigitaldeescobar.com.ar\/?p=19500#respond"]}]},{"@type":"WebPage","@id":"https:\/\/nuevodigitaldeescobar.com.ar\/?p=19500","url":"https:\/\/nuevodigitaldeescobar.com.ar\/?p=19500","name":"Jubilaciones: c\u00f3mo quedan los haberes en enero con el nuevo aumento y el bono de ANSES - Nuevo Digital de Escobar","isPartOf":{"@id":"https:\/\/nuevodigitaldeescobar.com.ar\/#website"},"primaryImageOfPage":{"@id":"https:\/\/nuevodigitaldeescobar.com.ar\/?p=19500#primaryimage"},"image":{"@id":"https:\/\/nuevodigitaldeescobar.com.ar\/?p=19500#primaryimage"},"thumbnailUrl":"https:\/\/nuevodigitaldeescobar.com.ar\/wp-content\/uploads\/2024\/07\/anses-jubilados-1-e1720452548751.jpg","datePublished":"2026-01-06T17:18:07+00:00","dateModified":"2026-01-06T17:18:12+00:00","breadcrumb":{"@id":"https:\/\/nuevodigitaldeescobar.com.ar\/?p=19500#breadcrumb"},"inLanguage":"es","potentialAction":[{"@type":"ReadAction","target":["https:\/\/nuevodigitaldeescobar.com.ar\/?p=19500"]}]},{"@type":"ImageObject","inLanguage":"es","@id":"https:\/\/nuevodigitaldeescobar.com.ar\/?p=19500#primaryimage","url":"https:\/\/nuevodigitaldeescobar.com.ar\/wp-content\/uploads\/2024\/07\/anses-jubilados-1-e1720452548751.jpg","contentUrl":"https:\/\/nuevodigitaldeescobar.com.ar\/wp-content\/uploads\/2024\/07\/anses-jubilados-1-e1720452548751.jpg","width":720,"height":405},{"@type":"BreadcrumbList","@id":"https:\/\/nuevodigitaldeescobar.com.ar\/?p=19500#breadcrumb","itemListElement":[{"@type":"ListItem","position":1,"name":"Portada","item":"https:\/\/nuevodigitaldeescobar.com.ar\/"},{"@type":"ListItem","position":2,"name":"Jubilaciones: c\u00f3mo quedan los haberes en enero con el nuevo aumento y el bono de ANSES"}]},{"@type":"WebSite","@id":"https:\/\/nuevodigitaldeescobar.com.ar\/#website","url":"https:\/\/nuevodigitaldeescobar.com.ar\/","name":"Nuevo Digital de Escobar","description":"La vida escobarense. Directora: Rosana Brunner","publisher":{"@id":"https:\/\/nuevodigitaldeescobar.com.ar\/#organization"},"potentialAction":[{"@type":"SearchAction","target":{"@type":"EntryPoint","urlTemplate":"https:\/\/nuevodigitaldeescobar.com.ar\/?s={search_term_string}"},"query-input":{"@type":"PropertyValueSpecification","valueRequired":true,"valueName":"search_term_string"}}],"inLanguage":"es"},{"@type":"Organization","@id":"https:\/\/nuevodigitaldeescobar.com.ar\/#organization","name":"Nuevo Digital de Escobar","url":"https:\/\/nuevodigitaldeescobar.com.ar\/","logo":{"@type":"ImageObject","inLanguage":"es","@id":"https:\/\/nuevodigitaldeescobar.com.ar\/#\/schema\/logo\/image\/","url":"https:\/\/nuevodigitaldeescobar.com.ar\/wp-content\/uploads\/2025\/05\/cropped-logo-nuevo2.jpg","contentUrl":"https:\/\/nuevodigitaldeescobar.com.ar\/wp-content\/uploads\/2025\/05\/cropped-logo-nuevo2.jpg","width":305,"height":305,"caption":"Nuevo Digital de Escobar"},"image":{"@id":"https:\/\/nuevodigitaldeescobar.com.ar\/#\/schema\/logo\/image\/"},"sameAs":["https:\/\/www.facebook.com\/NUEVODigitalDeEscobar","https:\/\/x.com\/nuevodigescobar","https:\/\/www.instagram.com\/nuevodigitaldeescobar"]},{"@type":"Person","@id":"https:\/\/nuevodigitaldeescobar.com.ar\/#\/schema\/person\/035e90a8efe9a80e6eec22656ad6ea4c","name":"Redacci\u00f3n","image":{"@type":"ImageObject","inLanguage":"es","@id":"https:\/\/nuevodigitaldeescobar.com.ar\/#\/schema\/person\/image\/","url":"https:\/\/secure.gravatar.com\/avatar\/8af8f40000c24e9eef3034f2be5998a372bb1389e64b1a4a36b3a7979142220d?s=96&d=mm&r=g","contentUrl":"https:\/\/secure.gravatar.com\/avatar\/8af8f40000c24e9eef3034f2be5998a372bb1389e64b1a4a36b3a7979142220d?s=96&d=mm&r=g","caption":"Redacci\u00f3n"},"sameAs":["http:\/\/nuevodigitaldeescobar.com.ar"],"url":"https:\/\/nuevodigitaldeescobar.com.ar\/?author=1"}]}},"featured_image_urls":{"full":["https:\/\/nuevodigitaldeescobar.com.ar\/wp-content\/uploads\/2024\/07\/anses-jubilados-1-e1720452548751.jpg",720,405,false],"thumbnail":["https:\/\/nuevodigitaldeescobar.com.ar\/wp-content\/uploads\/2024\/07\/anses-jubilados-1-150x150.jpg",150,150,true],"medium":["https:\/\/nuevodigitaldeescobar.com.ar\/wp-content\/uploads\/2024\/07\/anses-jubilados-1-300x169.jpg",300,169,true],"medium_large":["https:\/\/nuevodigitaldeescobar.com.ar\/wp-content\/uploads\/2024\/07\/anses-jubilados-1-e1720452548751.jpg",640,360,false],"large":["https:\/\/nuevodigitaldeescobar.com.ar\/wp-content\/uploads\/2024\/07\/anses-jubilados-1-e1720452548751.jpg",640,360,false],"1536x1536":["https:\/\/nuevodigitaldeescobar.com.ar\/wp-content\/uploads\/2024\/07\/anses-jubilados-1-e1720452548751.jpg",720,405,false],"2048x2048":["https:\/\/nuevodigitaldeescobar.com.ar\/wp-content\/uploads\/2024\/07\/anses-jubilados-1-e1720452548751.jpg",720,405,false]},"author_info":{"display_name":"Redacci\u00f3n","author_link":"https:\/\/nuevodigitaldeescobar.com.ar\/?author=1"},"category_info":"<a href=\"https:\/\/nuevodigitaldeescobar.com.ar\/?cat=10\" rel=\"category\">Econom\u00eda<\/a>","tag_info":"Econom\u00eda","comment_count":"0","_links":{"self":[{"href":"https:\/\/nuevodigitaldeescobar.com.ar\/index.php?rest_route=\/wp\/v2\/posts\/19500","targetHints":{"allow":["GET"]}}],"collection":[{"href":"https:\/\/nuevodigitaldeescobar.com.ar\/index.php?rest_route=\/wp\/v2\/posts"}],"about":[{"href":"https:\/\/nuevodigitaldeescobar.com.ar\/index.php?rest_route=\/wp\/v2\/types\/post"}],"author":[{"embeddable":true,"href":"https:\/\/nuevodigitaldeescobar.com.ar\/index.php?rest_route=\/wp\/v2\/users\/1"}],"replies":[{"embeddable":true,"href":"https:\/\/nuevodigitaldeescobar.com.ar\/index.php?rest_route=%2Fwp%2Fv2%2Fcomments&post=19500"}],"version-history":[{"count":1,"href":"https:\/\/nuevodigitaldeescobar.com.ar\/index.php?rest_route=\/wp\/v2\/posts\/19500\/revisions"}],"predecessor-version":[{"id":19501,"href":"https:\/\/nuevodigitaldeescobar.com.ar\/index.php?rest_route=\/wp\/v2\/posts\/19500\/revisions\/19501"}],"wp:featuredmedia":[{"embeddable":true,"href":"https:\/\/nuevodigitaldeescobar.com.ar\/index.php?rest_route=\/wp\/v2\/media\/6660"}],"wp:attachment":[{"href":"https:\/\/nuevodigitaldeescobar.com.ar\/index.php?rest_route=%2Fwp%2Fv2%2Fmedia&parent=19500"}],"wp:term":[{"taxonomy":"category","embeddable":true,"href":"https:\/\/nuevodigitaldeescobar.com.ar\/index.php?rest_route=%2Fwp%2Fv2%2Fcategories&post=19500"},{"taxonomy":"post_tag","embeddable":true,"href":"https:\/\/nuevodigitaldeescobar.com.ar\/index.php?rest_route=%2Fwp%2Fv2%2Ftags&post=19500"}],"curies":[{"name":"wp","href":"https:\/\/api.w.org\/{rel}","templated":true}]}}