{"id":19511,"date":"2026-01-07T01:01:00","date_gmt":"2026-01-07T04:01:00","guid":{"rendered":"https:\/\/nuevodigitaldeescobar.com.ar\/?p=19511"},"modified":"2026-01-06T15:04:35","modified_gmt":"2026-01-06T18:04:35","slug":"pronostico-extendido-frente-frio-y-regreso-de-las-lluvias-para-escobar-y-el-amba","status":"publish","type":"post","link":"https:\/\/nuevodigitaldeescobar.com.ar\/?p=19511","title":{"rendered":"Pron\u00f3stico extendido: frente fr\u00edo y regreso de las lluvias para Escobar y el AMBA"},"content":{"rendered":"\n<p class=\"has-vivid-cyan-blue-color has-text-color has-link-color wp-elements-da92f605cfaf3f6aeaec065a7214d25d\"><strong><em>Tras un inicio de semana con temperaturas que rozaron los 31\u00b0C, el escenario meteorol\u00f3gico en el norte del conurbano y el resto del \u00c1rea Metropolitana de Buenos Aires (AMBA) se prepara para un cambio significativo. El ingreso de un frente fr\u00edo proveniente del sur marcar\u00e1 el pulso de los pr\u00f3ximos d\u00edas, trayendo un respiro al calor veraniego pero tambi\u00e9n inestabilidad.<\/em><\/strong><\/p>\n\n\n\n<!--more-->\n\n\n\n<p>A continuaci\u00f3n, el detalle del pron\u00f3stico para <strong>Escobar y alrededores<\/strong> desde este mi\u00e9rcoles 7 hasta el domingo 11 de enero:<\/p>\n\n\n\n<hr class=\"wp-block-separator has-alpha-channel-opacity\"\/>\n\n\n\n<h3 class=\"wp-block-heading has-text-color has-link-color wp-elements-3edcc9202c677357763c870a1bfdeddd\" style=\"color:#1435cb\">Hoja de ruta meteorol\u00f3gica para Escobar y el AMBA<\/h3>\n\n\n\n<p><strong><span style=\"text-decoration: underline;\">Mi\u00e9rcoles 7 de enero:<\/span> El cambio de tiempo<\/strong> El avance del sistema frontal se har\u00e1 sentir con fuerza. Se espera una jornada inestable con <strong>lluvias aisladas y chaparrones<\/strong> durante la ma\u00f1ana, que podr\u00edan derivar en tormentas aisladas hacia la tarde.<\/p>\n\n\n\n<ul class=\"wp-block-list\">\n<li><strong>Temperaturas:<\/strong> M\u00e1xima de 28\u00b0C y m\u00ednima de 19\u00b0C.<\/li>\n\n\n\n<li><strong>Viento:<\/strong> Rotar\u00e1 del sur al sudeste con r\u00e1fagas hacia el atardecer, acentuando el descenso t\u00e9rmico.<\/li>\n<\/ul>\n\n\n\n<p><strong><span style=\"text-decoration: underline;\">Jueves 8 de enero:<\/span> Frescura y nubosidad<\/strong> Ser\u00e1 el d\u00eda m\u00e1s fresco de la semana laboral. El aire fr\u00edo del este se afianzar\u00e1, manteniendo el cielo de mayormente nublado a cubierto, aunque sin previsi\u00f3n de lluvias.<\/p>\n\n\n\n<ul class=\"wp-block-list\">\n<li><strong>Temperaturas:<\/strong> M\u00e1xima de <strong>25\u00b0C<\/strong> y una m\u00ednima notable de <strong>16\u00b0C<\/strong>. Ideal para quienes buscan un descanso del aire acondicionado.<\/li>\n<\/ul>\n\n\n\n<p><strong><span style=\"text-decoration: underline;\">Viernes 9 de enero:<\/span> Humedad en aumento<\/strong> Las condiciones de nubosidad persistir\u00e1n. Los vientos rotar\u00e1n del noreste al sudeste, aportando mayor humedad al ambiente pero sin picos de calor.<\/p>\n\n\n\n<ul class=\"wp-block-list\">\n<li><strong>Temperaturas:<\/strong> M\u00e1xima de 25\u00b0C y m\u00ednima de 19\u00b0C.<\/li>\n\n\n\n<li><strong>Alerta:<\/strong> Hacia el final de la noche y la madrugada del s\u00e1bado, regresan las probabilidades de precipitaciones.<\/li>\n<\/ul>\n\n\n\n<p><strong><span style=\"text-decoration: underline;\">S\u00e1bado 10 de enero:<\/span> Inestabilidad residual<\/strong> Un s\u00e1bado gris para Escobar. El SMN prev\u00e9 <strong>lluvias d\u00e9biles y aisladas<\/strong> durante gran parte del d\u00eda. La amplitud t\u00e9rmica ser\u00e1 muy corta, lo que dar\u00e1 una sensaci\u00f3n de d\u00eda oto\u00f1al en pleno enero.<\/p>\n\n\n\n<ul class=\"wp-block-list\">\n<li><strong>Temperaturas:<\/strong> M\u00e1xima de apenas <strong>22\u00b0C<\/strong>.<\/li>\n<\/ul>\n\n\n\n<p><strong><span style=\"text-decoration: underline;\">Domingo 11 de enero:<\/span> Regreso del sol<\/strong> El cierre del fin de semana traer\u00e1 la estabilidad definitiva. Se espera un cielo m\u00e1s despejado y un paulatino ascenso de las marcas t\u00e9rmicas, recuperando el clima veraniego pero sin extremos.<\/p>\n\n\n\n<ul class=\"wp-block-list\">\n<li><strong>Temperaturas:<\/strong> M\u00e1xima de <strong>28\u00b0C<\/strong>.<\/li>\n<\/ul>\n\n\n\n<hr class=\"wp-block-separator has-alpha-channel-opacity\"\/>\n\n\n\n<h3 class=\"wp-block-heading has-text-color has-link-color wp-elements-9f78e4bfcb5279a3911d85abe5e98447\" style=\"color:#1435cb\">Panorama Nacional: Alertas por tormentas<\/h3>\n\n\n\n<p>Mientras el AMBA recibe un frente fr\u00edo moderado, otras regiones del pa\u00eds enfrentan condiciones m\u00e1s severas. El Servicio Meteorol\u00f3gico Nacional mantiene alertas por <strong>tormentas fuertes<\/strong> para:<\/p>\n\n\n\n<ul class=\"wp-block-list\">\n<li>Noroeste de Buenos Aires, norte de La Pampa, sur de Santa Fe y C\u00f3rdoba.<\/li>\n\n\n\n<li>Sectores de San Luis, Mendoza y Catamarca.<\/li>\n<\/ul>\n\n\n\n<blockquote class=\"wp-block-quote is-layout-flow wp-block-quote-is-layout-flow\">\n<p><strong>Recomendaciones oficiales ante tormentas:<\/strong> No sacar la basura, asegurar objetos que puedan volarse, evitar circular por calles anegadas y desenchufar aparatos el\u00e9ctricos si hay actividad el\u00e9ctrica fuerte.<\/p>\n<\/blockquote>\n","protected":false},"excerpt":{"rendered":"<p>Tras un inicio de semana con temperaturas que rozaron los 31\u00b0C, el escenario meteorol\u00f3gico en el norte del conurbano y el resto del \u00c1rea Metropolitana [&hellip;]<\/p>\n","protected":false},"author":1,"featured_media":19512,"comment_status":"open","ping_status":"open","sticky":false,"template":"","format":"standard","meta":{"footnotes":""},"categories":[14],"tags":[],"class_list":["post-19511","post","type-post","status-publish","format-standard","has-post-thumbnail","hentry","category-clima-medioambiente-y-sostenibilidad"],"better_featured_image":{"id":19512,"alt_text":"","caption":"","description":"","media_type":"image","media_details":{"width":790,"height":658,"file":"2026\/01\/nubesoscuras34.png","filesize":622954,"sizes":{"medium":{"file":"nubesoscuras34-300x250.png","width":300,"height":250,"mime-type":"image\/png","filesize":49223,"source_url":"https:\/\/nuevodigitaldeescobar.com.ar\/wp-content\/uploads\/2026\/01\/nubesoscuras34-300x250.png"},"thumbnail":{"file":"nubesoscuras34-150x150.png","width":150,"height":150,"mime-type":"image\/png","filesize":17716,"source_url":"https:\/\/nuevodigitaldeescobar.com.ar\/wp-content\/uploads\/2026\/01\/nubesoscuras34-150x150.png"},"medium_large":{"file":"nubesoscuras34-768x640.png","width":768,"height":640,"mime-type":"image\/png","filesize":264394,"source_url":"https:\/\/nuevodigitaldeescobar.com.ar\/wp-content\/uploads\/2026\/01\/nubesoscuras34-768x640.png"}},"image_meta":{"aperture":"0","credit":"","camera":"","caption":"","created_timestamp":"0","copyright":"","focal_length":"0","iso":"0","shutter_speed":"0","title":"","orientation":"0","keywords":[]}},"post":19511,"source_url":"https:\/\/nuevodigitaldeescobar.com.ar\/wp-content\/uploads\/2026\/01\/nubesoscuras34.png"},"yoast_head":"<!-- This site is optimized with the Yoast SEO plugin v26.1.1 - https:\/\/yoast.com\/wordpress\/plugins\/seo\/ -->\n<title>Pron\u00f3stico extendido: frente fr\u00edo y regreso de las lluvias para Escobar y el AMBA - Nuevo Digital de Escobar<\/title>\n<meta name=\"robots\" content=\"index, follow, max-snippet:-1, max-image-preview:large, max-video-preview:-1\" \/>\n<link rel=\"canonical\" href=\"https:\/\/nuevodigitaldeescobar.com.ar\/?p=19511\" \/>\n<meta property=\"og:locale\" content=\"es_ES\" \/>\n<meta property=\"og:type\" content=\"article\" \/>\n<meta property=\"og:title\" content=\"Pron\u00f3stico extendido: frente fr\u00edo y regreso de las lluvias para Escobar y el AMBA - Nuevo Digital de Escobar\" \/>\n<meta property=\"og:description\" content=\"Tras un inicio de semana con temperaturas que rozaron los 31\u00b0C, el escenario meteorol\u00f3gico en el norte del conurbano y el resto del \u00c1rea Metropolitana [&hellip;]\" \/>\n<meta property=\"og:url\" content=\"https:\/\/nuevodigitaldeescobar.com.ar\/?p=19511\" \/>\n<meta property=\"og:site_name\" content=\"Nuevo Digital de Escobar\" \/>\n<meta property=\"article:publisher\" content=\"https:\/\/www.facebook.com\/NUEVODigitalDeEscobar\" \/>\n<meta property=\"article:published_time\" content=\"2026-01-07T04:01:00+00:00\" \/>\n<meta property=\"og:image\" content=\"https:\/\/nuevodigitaldeescobar.com.ar\/wp-content\/uploads\/2026\/01\/nubesoscuras34.png\" \/>\n\t<meta property=\"og:image:width\" content=\"790\" \/>\n\t<meta property=\"og:image:height\" content=\"658\" \/>\n\t<meta property=\"og:image:type\" content=\"image\/png\" \/>\n<meta name=\"author\" content=\"Redacci\u00f3n\" \/>\n<meta name=\"twitter:card\" content=\"summary_large_image\" \/>\n<meta name=\"twitter:creator\" content=\"@nuevodigescobar\" \/>\n<meta name=\"twitter:site\" content=\"@nuevodigescobar\" \/>\n<meta name=\"twitter:label1\" content=\"Escrito por\" \/>\n\t<meta name=\"twitter:data1\" content=\"Redacci\u00f3n\" \/>\n\t<meta name=\"twitter:label2\" content=\"Tiempo de lectura\" \/>\n\t<meta name=\"twitter:data2\" content=\"3 minutos\" \/>\n<script type=\"application\/ld+json\" class=\"yoast-schema-graph\">{\"@context\":\"https:\/\/schema.org\",\"@graph\":[{\"@type\":\"Article\",\"@id\":\"https:\/\/nuevodigitaldeescobar.com.ar\/?p=19511#article\",\"isPartOf\":{\"@id\":\"https:\/\/nuevodigitaldeescobar.com.ar\/?p=19511\"},\"author\":{\"name\":\"Redacci\u00f3n\",\"@id\":\"https:\/\/nuevodigitaldeescobar.com.ar\/#\/schema\/person\/035e90a8efe9a80e6eec22656ad6ea4c\"},\"headline\":\"Pron\u00f3stico extendido: frente fr\u00edo y regreso de las lluvias para Escobar y el AMBA\",\"datePublished\":\"2026-01-07T04:01:00+00:00\",\"mainEntityOfPage\":{\"@id\":\"https:\/\/nuevodigitaldeescobar.com.ar\/?p=19511\"},\"wordCount\":482,\"commentCount\":0,\"publisher\":{\"@id\":\"https:\/\/nuevodigitaldeescobar.com.ar\/#organization\"},\"image\":{\"@id\":\"https:\/\/nuevodigitaldeescobar.com.ar\/?p=19511#primaryimage\"},\"thumbnailUrl\":\"https:\/\/nuevodigitaldeescobar.com.ar\/wp-content\/uploads\/2026\/01\/nubesoscuras34.png\",\"articleSection\":[\"Clima, Medioambiente y Sostenibilidad\"],\"inLanguage\":\"es\",\"potentialAction\":[{\"@type\":\"CommentAction\",\"name\":\"Comment\",\"target\":[\"https:\/\/nuevodigitaldeescobar.com.ar\/?p=19511#respond\"]}]},{\"@type\":\"WebPage\",\"@id\":\"https:\/\/nuevodigitaldeescobar.com.ar\/?p=19511\",\"url\":\"https:\/\/nuevodigitaldeescobar.com.ar\/?p=19511\",\"name\":\"Pron\u00f3stico extendido: frente fr\u00edo y regreso de las lluvias para Escobar y el AMBA - Nuevo Digital de Escobar\",\"isPartOf\":{\"@id\":\"https:\/\/nuevodigitaldeescobar.com.ar\/#website\"},\"primaryImageOfPage\":{\"@id\":\"https:\/\/nuevodigitaldeescobar.com.ar\/?p=19511#primaryimage\"},\"image\":{\"@id\":\"https:\/\/nuevodigitaldeescobar.com.ar\/?p=19511#primaryimage\"},\"thumbnailUrl\":\"https:\/\/nuevodigitaldeescobar.com.ar\/wp-content\/uploads\/2026\/01\/nubesoscuras34.png\",\"datePublished\":\"2026-01-07T04:01:00+00:00\",\"breadcrumb\":{\"@id\":\"https:\/\/nuevodigitaldeescobar.com.ar\/?p=19511#breadcrumb\"},\"inLanguage\":\"es\",\"potentialAction\":[{\"@type\":\"ReadAction\",\"target\":[\"https:\/\/nuevodigitaldeescobar.com.ar\/?p=19511\"]}]},{\"@type\":\"ImageObject\",\"inLanguage\":\"es\",\"@id\":\"https:\/\/nuevodigitaldeescobar.com.ar\/?p=19511#primaryimage\",\"url\":\"https:\/\/nuevodigitaldeescobar.com.ar\/wp-content\/uploads\/2026\/01\/nubesoscuras34.png\",\"contentUrl\":\"https:\/\/nuevodigitaldeescobar.com.ar\/wp-content\/uploads\/2026\/01\/nubesoscuras34.png\",\"width\":790,\"height\":658},{\"@type\":\"BreadcrumbList\",\"@id\":\"https:\/\/nuevodigitaldeescobar.com.ar\/?p=19511#breadcrumb\",\"itemListElement\":[{\"@type\":\"ListItem\",\"position\":1,\"name\":\"Portada\",\"item\":\"https:\/\/nuevodigitaldeescobar.com.ar\/\"},{\"@type\":\"ListItem\",\"position\":2,\"name\":\"Pron\u00f3stico extendido: frente fr\u00edo y regreso de las lluvias para Escobar y el AMBA\"}]},{\"@type\":\"WebSite\",\"@id\":\"https:\/\/nuevodigitaldeescobar.com.ar\/#website\",\"url\":\"https:\/\/nuevodigitaldeescobar.com.ar\/\",\"name\":\"Nuevo Digital de Escobar\",\"description\":\"La vida escobarense. Directora: Rosana Brunner\",\"publisher\":{\"@id\":\"https:\/\/nuevodigitaldeescobar.com.ar\/#organization\"},\"potentialAction\":[{\"@type\":\"SearchAction\",\"target\":{\"@type\":\"EntryPoint\",\"urlTemplate\":\"https:\/\/nuevodigitaldeescobar.com.ar\/?s={search_term_string}\"},\"query-input\":{\"@type\":\"PropertyValueSpecification\",\"valueRequired\":true,\"valueName\":\"search_term_string\"}}],\"inLanguage\":\"es\"},{\"@type\":\"Organization\",\"@id\":\"https:\/\/nuevodigitaldeescobar.com.ar\/#organization\",\"name\":\"Nuevo Digital de Escobar\",\"url\":\"https:\/\/nuevodigitaldeescobar.com.ar\/\",\"logo\":{\"@type\":\"ImageObject\",\"inLanguage\":\"es\",\"@id\":\"https:\/\/nuevodigitaldeescobar.com.ar\/#\/schema\/logo\/image\/\",\"url\":\"https:\/\/nuevodigitaldeescobar.com.ar\/wp-content\/uploads\/2025\/05\/cropped-logo-nuevo2.jpg\",\"contentUrl\":\"https:\/\/nuevodigitaldeescobar.com.ar\/wp-content\/uploads\/2025\/05\/cropped-logo-nuevo2.jpg\",\"width\":305,\"height\":305,\"caption\":\"Nuevo Digital de Escobar\"},\"image\":{\"@id\":\"https:\/\/nuevodigitaldeescobar.com.ar\/#\/schema\/logo\/image\/\"},\"sameAs\":[\"https:\/\/www.facebook.com\/NUEVODigitalDeEscobar\",\"https:\/\/x.com\/nuevodigescobar\",\"https:\/\/www.instagram.com\/nuevodigitaldeescobar\"]},{\"@type\":\"Person\",\"@id\":\"https:\/\/nuevodigitaldeescobar.com.ar\/#\/schema\/person\/035e90a8efe9a80e6eec22656ad6ea4c\",\"name\":\"Redacci\u00f3n\",\"image\":{\"@type\":\"ImageObject\",\"inLanguage\":\"es\",\"@id\":\"https:\/\/nuevodigitaldeescobar.com.ar\/#\/schema\/person\/image\/\",\"url\":\"https:\/\/secure.gravatar.com\/avatar\/8af8f40000c24e9eef3034f2be5998a372bb1389e64b1a4a36b3a7979142220d?s=96&d=mm&r=g\",\"contentUrl\":\"https:\/\/secure.gravatar.com\/avatar\/8af8f40000c24e9eef3034f2be5998a372bb1389e64b1a4a36b3a7979142220d?s=96&d=mm&r=g\",\"caption\":\"Redacci\u00f3n\"},\"sameAs\":[\"http:\/\/nuevodigitaldeescobar.com.ar\"],\"url\":\"https:\/\/nuevodigitaldeescobar.com.ar\/?author=1\"}]}<\/script>\n<!-- \/ Yoast SEO plugin. -->","yoast_head_json":{"title":"Pron\u00f3stico extendido: frente fr\u00edo y regreso de las lluvias para Escobar y el AMBA - Nuevo Digital de Escobar","robots":{"index":"index","follow":"follow","max-snippet":"max-snippet:-1","max-image-preview":"max-image-preview:large","max-video-preview":"max-video-preview:-1"},"canonical":"https:\/\/nuevodigitaldeescobar.com.ar\/?p=19511","og_locale":"es_ES","og_type":"article","og_title":"Pron\u00f3stico extendido: frente fr\u00edo y regreso de las lluvias para Escobar y el AMBA - Nuevo Digital de Escobar","og_description":"Tras un inicio de semana con temperaturas que rozaron los 31\u00b0C, el escenario meteorol\u00f3gico en el norte del conurbano y el resto del \u00c1rea Metropolitana [&hellip;]","og_url":"https:\/\/nuevodigitaldeescobar.com.ar\/?p=19511","og_site_name":"Nuevo Digital de Escobar","article_publisher":"https:\/\/www.facebook.com\/NUEVODigitalDeEscobar","article_published_time":"2026-01-07T04:01:00+00:00","og_image":[{"width":790,"height":658,"url":"https:\/\/nuevodigitaldeescobar.com.ar\/wp-content\/uploads\/2026\/01\/nubesoscuras34.png","type":"image\/png"}],"author":"Redacci\u00f3n","twitter_card":"summary_large_image","twitter_creator":"@nuevodigescobar","twitter_site":"@nuevodigescobar","twitter_misc":{"Escrito por":"Redacci\u00f3n","Tiempo de lectura":"3 minutos"},"schema":{"@context":"https:\/\/schema.org","@graph":[{"@type":"Article","@id":"https:\/\/nuevodigitaldeescobar.com.ar\/?p=19511#article","isPartOf":{"@id":"https:\/\/nuevodigitaldeescobar.com.ar\/?p=19511"},"author":{"name":"Redacci\u00f3n","@id":"https:\/\/nuevodigitaldeescobar.com.ar\/#\/schema\/person\/035e90a8efe9a80e6eec22656ad6ea4c"},"headline":"Pron\u00f3stico extendido: frente fr\u00edo y regreso de las lluvias para Escobar y el AMBA","datePublished":"2026-01-07T04:01:00+00:00","mainEntityOfPage":{"@id":"https:\/\/nuevodigitaldeescobar.com.ar\/?p=19511"},"wordCount":482,"commentCount":0,"publisher":{"@id":"https:\/\/nuevodigitaldeescobar.com.ar\/#organization"},"image":{"@id":"https:\/\/nuevodigitaldeescobar.com.ar\/?p=19511#primaryimage"},"thumbnailUrl":"https:\/\/nuevodigitaldeescobar.com.ar\/wp-content\/uploads\/2026\/01\/nubesoscuras34.png","articleSection":["Clima, Medioambiente y Sostenibilidad"],"inLanguage":"es","potentialAction":[{"@type":"CommentAction","name":"Comment","target":["https:\/\/nuevodigitaldeescobar.com.ar\/?p=19511#respond"]}]},{"@type":"WebPage","@id":"https:\/\/nuevodigitaldeescobar.com.ar\/?p=19511","url":"https:\/\/nuevodigitaldeescobar.com.ar\/?p=19511","name":"Pron\u00f3stico extendido: frente fr\u00edo y regreso de las lluvias para Escobar y el AMBA - Nuevo Digital de Escobar","isPartOf":{"@id":"https:\/\/nuevodigitaldeescobar.com.ar\/#website"},"primaryImageOfPage":{"@id":"https:\/\/nuevodigitaldeescobar.com.ar\/?p=19511#primaryimage"},"image":{"@id":"https:\/\/nuevodigitaldeescobar.com.ar\/?p=19511#primaryimage"},"thumbnailUrl":"https:\/\/nuevodigitaldeescobar.com.ar\/wp-content\/uploads\/2026\/01\/nubesoscuras34.png","datePublished":"2026-01-07T04:01:00+00:00","breadcrumb":{"@id":"https:\/\/nuevodigitaldeescobar.com.ar\/?p=19511#breadcrumb"},"inLanguage":"es","potentialAction":[{"@type":"ReadAction","target":["https:\/\/nuevodigitaldeescobar.com.ar\/?p=19511"]}]},{"@type":"ImageObject","inLanguage":"es","@id":"https:\/\/nuevodigitaldeescobar.com.ar\/?p=19511#primaryimage","url":"https:\/\/nuevodigitaldeescobar.com.ar\/wp-content\/uploads\/2026\/01\/nubesoscuras34.png","contentUrl":"https:\/\/nuevodigitaldeescobar.com.ar\/wp-content\/uploads\/2026\/01\/nubesoscuras34.png","width":790,"height":658},{"@type":"BreadcrumbList","@id":"https:\/\/nuevodigitaldeescobar.com.ar\/?p=19511#breadcrumb","itemListElement":[{"@type":"ListItem","position":1,"name":"Portada","item":"https:\/\/nuevodigitaldeescobar.com.ar\/"},{"@type":"ListItem","position":2,"name":"Pron\u00f3stico extendido: frente fr\u00edo y regreso de las lluvias para Escobar y el AMBA"}]},{"@type":"WebSite","@id":"https:\/\/nuevodigitaldeescobar.com.ar\/#website","url":"https:\/\/nuevodigitaldeescobar.com.ar\/","name":"Nuevo Digital de Escobar","description":"La vida escobarense. Directora: Rosana Brunner","publisher":{"@id":"https:\/\/nuevodigitaldeescobar.com.ar\/#organization"},"potentialAction":[{"@type":"SearchAction","target":{"@type":"EntryPoint","urlTemplate":"https:\/\/nuevodigitaldeescobar.com.ar\/?s={search_term_string}"},"query-input":{"@type":"PropertyValueSpecification","valueRequired":true,"valueName":"search_term_string"}}],"inLanguage":"es"},{"@type":"Organization","@id":"https:\/\/nuevodigitaldeescobar.com.ar\/#organization","name":"Nuevo Digital de Escobar","url":"https:\/\/nuevodigitaldeescobar.com.ar\/","logo":{"@type":"ImageObject","inLanguage":"es","@id":"https:\/\/nuevodigitaldeescobar.com.ar\/#\/schema\/logo\/image\/","url":"https:\/\/nuevodigitaldeescobar.com.ar\/wp-content\/uploads\/2025\/05\/cropped-logo-nuevo2.jpg","contentUrl":"https:\/\/nuevodigitaldeescobar.com.ar\/wp-content\/uploads\/2025\/05\/cropped-logo-nuevo2.jpg","width":305,"height":305,"caption":"Nuevo Digital de Escobar"},"image":{"@id":"https:\/\/nuevodigitaldeescobar.com.ar\/#\/schema\/logo\/image\/"},"sameAs":["https:\/\/www.facebook.com\/NUEVODigitalDeEscobar","https:\/\/x.com\/nuevodigescobar","https:\/\/www.instagram.com\/nuevodigitaldeescobar"]},{"@type":"Person","@id":"https:\/\/nuevodigitaldeescobar.com.ar\/#\/schema\/person\/035e90a8efe9a80e6eec22656ad6ea4c","name":"Redacci\u00f3n","image":{"@type":"ImageObject","inLanguage":"es","@id":"https:\/\/nuevodigitaldeescobar.com.ar\/#\/schema\/person\/image\/","url":"https:\/\/secure.gravatar.com\/avatar\/8af8f40000c24e9eef3034f2be5998a372bb1389e64b1a4a36b3a7979142220d?s=96&d=mm&r=g","contentUrl":"https:\/\/secure.gravatar.com\/avatar\/8af8f40000c24e9eef3034f2be5998a372bb1389e64b1a4a36b3a7979142220d?s=96&d=mm&r=g","caption":"Redacci\u00f3n"},"sameAs":["http:\/\/nuevodigitaldeescobar.com.ar"],"url":"https:\/\/nuevodigitaldeescobar.com.ar\/?author=1"}]}},"featured_image_urls":{"full":["https:\/\/nuevodigitaldeescobar.com.ar\/wp-content\/uploads\/2026\/01\/nubesoscuras34.png",790,658,false],"thumbnail":["https:\/\/nuevodigitaldeescobar.com.ar\/wp-content\/uploads\/2026\/01\/nubesoscuras34-150x150.png",150,150,true],"medium":["https:\/\/nuevodigitaldeescobar.com.ar\/wp-content\/uploads\/2026\/01\/nubesoscuras34-300x250.png",300,250,true],"medium_large":["https:\/\/nuevodigitaldeescobar.com.ar\/wp-content\/uploads\/2026\/01\/nubesoscuras34-768x640.png",640,533,true],"large":["https:\/\/nuevodigitaldeescobar.com.ar\/wp-content\/uploads\/2026\/01\/nubesoscuras34.png",640,533,false],"1536x1536":["https:\/\/nuevodigitaldeescobar.com.ar\/wp-content\/uploads\/2026\/01\/nubesoscuras34.png",790,658,false],"2048x2048":["https:\/\/nuevodigitaldeescobar.com.ar\/wp-content\/uploads\/2026\/01\/nubesoscuras34.png",790,658,false]},"author_info":{"display_name":"Redacci\u00f3n","author_link":"https:\/\/nuevodigitaldeescobar.com.ar\/?author=1"},"category_info":"<a href=\"https:\/\/nuevodigitaldeescobar.com.ar\/?cat=14\" rel=\"category\">Clima, Medioambiente y Sostenibilidad<\/a>","tag_info":"Clima, Medioambiente y Sostenibilidad","comment_count":"0","_links":{"self":[{"href":"https:\/\/nuevodigitaldeescobar.com.ar\/index.php?rest_route=\/wp\/v2\/posts\/19511","targetHints":{"allow":["GET"]}}],"collection":[{"href":"https:\/\/nuevodigitaldeescobar.com.ar\/index.php?rest_route=\/wp\/v2\/posts"}],"about":[{"href":"https:\/\/nuevodigitaldeescobar.com.ar\/index.php?rest_route=\/wp\/v2\/types\/post"}],"author":[{"embeddable":true,"href":"https:\/\/nuevodigitaldeescobar.com.ar\/index.php?rest_route=\/wp\/v2\/users\/1"}],"replies":[{"embeddable":true,"href":"https:\/\/nuevodigitaldeescobar.com.ar\/index.php?rest_route=%2Fwp%2Fv2%2Fcomments&post=19511"}],"version-history":[{"count":1,"href":"https:\/\/nuevodigitaldeescobar.com.ar\/index.php?rest_route=\/wp\/v2\/posts\/19511\/revisions"}],"predecessor-version":[{"id":19513,"href":"https:\/\/nuevodigitaldeescobar.com.ar\/index.php?rest_route=\/wp\/v2\/posts\/19511\/revisions\/19513"}],"wp:featuredmedia":[{"embeddable":true,"href":"https:\/\/nuevodigitaldeescobar.com.ar\/index.php?rest_route=\/wp\/v2\/media\/19512"}],"wp:attachment":[{"href":"https:\/\/nuevodigitaldeescobar.com.ar\/index.php?rest_route=%2Fwp%2Fv2%2Fmedia&parent=19511"}],"wp:term":[{"taxonomy":"category","embeddable":true,"href":"https:\/\/nuevodigitaldeescobar.com.ar\/index.php?rest_route=%2Fwp%2Fv2%2Fcategories&post=19511"},{"taxonomy":"post_tag","embeddable":true,"href":"https:\/\/nuevodigitaldeescobar.com.ar\/index.php?rest_route=%2Fwp%2Fv2%2Ftags&post=19511"}],"curies":[{"name":"wp","href":"https:\/\/api.w.org\/{rel}","templated":true}]}}