{"id":19518,"date":"2026-01-06T16:16:37","date_gmt":"2026-01-06T19:16:37","guid":{"rendered":"https:\/\/nuevodigitaldeescobar.com.ar\/?p=19518"},"modified":"2026-01-06T16:17:01","modified_gmt":"2026-01-06T19:17:01","slug":"con-muchas-ausencias-y-algunos-regresos-armenio-comenzo-la-pretemporada","status":"publish","type":"post","link":"https:\/\/nuevodigitaldeescobar.com.ar\/?p=19518","title":{"rendered":"Con muchas ausencias y algunos regresos, Armenio comenz\u00f3 la pretemporada"},"content":{"rendered":"\n<p class=\"has-vivid-cyan-blue-color has-text-color has-link-color wp-elements-b8959fd3bed77268ffbd16e5b6c62b42\"><strong><em>El Deportivo Armenio volvi\u00f3 al trabajo despu\u00e9s del receso con el flamante entrenador y con varias ausencias de peso. En unos d\u00edas comenzar\u00e1 la pretemporada de cara al inicio del campeonato en la primera semana de febrero.<\/em><\/strong><\/p>\n\n\n\n<!--more-->\n\n\n\n<p><br>El plantel del Deportivo regres\u00f3 a los entrenamientos con el debut como director T\u00e9cnico de Ezequiel Giaccaglia. El entrenador fue presentado ante los jugadores con el presidente Luciano Nakis y el director Deportivo Fernando Ruiz.<\/p>\n\n\n\n<p>Luego el plantel realiz\u00f3 trabajos en el gimnasio y minutos m\u00e1s tarde un trabajo en el c\u00e9sped del Rep\u00fablica de Armenia.<\/p>\n\n\n\n<p>Entre las ausencias estaban las de Thiago Ghergo, Valentino Venetucci y Gonzalo Maldonado que rescindieron sus contratos. Tambi\u00e9n no estuvieron en la pr\u00e1ctica los siguientes jugadores: Ian Perez, Nahuel Sica, Lucas Medina, Julian Echeverria y Tomas Jerez Sayago.<\/p>\n\n\n\n<p>Entre los jugadores que regresaron al club de Maschwitz est\u00e1n Rom\u00e1n Ramos (volvi\u00f3 de Chile), Federico Lopez ( libre de Talleres RE) y Nicolas Sanchez (viene de Racing de Cba) que estuvo en kineseolog\u00eda.<br>Entrenaron diferenciados Luciano Villalva, Diego Nakache y el Juvenil Mateo Balceda. Tambi\u00e9n fue promovido al plantel profesional el arquero Garcia que trabajo junto a Nahuel Nistal.<\/p>\n\n\n\n<p>El plantel que entreno bajo la mirada de Giaccaglia fue Nistal, Garcia, Federico Lopez, Ivan Cardozo, Nahuel Troxler, Santino Lagomarcino, Franco Almanza, Orellana, Maxi Gerez, Jonathan Herrera, Figueroa, Barrionuevo, Nicolas Benitez, Simon Avalos, Sebastian Gomez , Luciano Villalva, Nakache, Balceda y Cristian Rodriguez. <\/p>\n\n\n\n<p><\/p>\n\n\n\n<p><strong>Rodrigo Piera<\/strong><\/p>\n\n\n\n<p><strong>Foto: Rub\u00e9n Roma<\/strong><\/p>\n","protected":false},"excerpt":{"rendered":"<p>El Deportivo Armenio volvi\u00f3 al trabajo despu\u00e9s del receso con el flamante entrenador y con varias ausencias de peso. En unos d\u00edas comenzar\u00e1 la pretemporada [&hellip;]<\/p>\n","protected":false},"author":1,"featured_media":19519,"comment_status":"open","ping_status":"open","sticky":false,"template":"","format":"standard","meta":{"footnotes":""},"categories":[8],"tags":[196],"class_list":["post-19518","post","type-post","status-publish","format-standard","has-post-thumbnail","hentry","category-deportes","tag-deportivo-armenio"],"better_featured_image":{"id":19519,"alt_text":"","caption":"","description":"","media_type":"image","media_details":{"width":1440,"height":840,"file":"2026\/01\/611669397_18370023367092403_9113692183106512747_n.jpg","filesize":509517,"sizes":{"medium":{"file":"611669397_18370023367092403_9113692183106512747_n-300x175.jpg","width":300,"height":175,"mime-type":"image\/jpeg","filesize":17388,"source_url":"https:\/\/nuevodigitaldeescobar.com.ar\/wp-content\/uploads\/2026\/01\/611669397_18370023367092403_9113692183106512747_n-300x175.jpg"},"large":{"file":"611669397_18370023367092403_9113692183106512747_n-1024x597.jpg","width":1024,"height":597,"mime-type":"image\/jpeg","filesize":151249,"source_url":"https:\/\/nuevodigitaldeescobar.com.ar\/wp-content\/uploads\/2026\/01\/611669397_18370023367092403_9113692183106512747_n-1024x597.jpg"},"thumbnail":{"file":"611669397_18370023367092403_9113692183106512747_n-150x150.jpg","width":150,"height":150,"mime-type":"image\/jpeg","filesize":8720,"source_url":"https:\/\/nuevodigitaldeescobar.com.ar\/wp-content\/uploads\/2026\/01\/611669397_18370023367092403_9113692183106512747_n-150x150.jpg"},"medium_large":{"file":"611669397_18370023367092403_9113692183106512747_n-768x448.jpg","width":768,"height":448,"mime-type":"image\/jpeg","filesize":90318,"source_url":"https:\/\/nuevodigitaldeescobar.com.ar\/wp-content\/uploads\/2026\/01\/611669397_18370023367092403_9113692183106512747_n-768x448.jpg"}},"image_meta":{"aperture":"0","credit":"","camera":"","caption":"","created_timestamp":"0","copyright":"","focal_length":"0","iso":"0","shutter_speed":"0","title":"","orientation":"0","keywords":[]}},"post":19518,"source_url":"https:\/\/nuevodigitaldeescobar.com.ar\/wp-content\/uploads\/2026\/01\/611669397_18370023367092403_9113692183106512747_n.jpg"},"yoast_head":"<!-- This site is optimized with the Yoast SEO plugin v26.1.1 - https:\/\/yoast.com\/wordpress\/plugins\/seo\/ -->\n<title>Con muchas ausencias y algunos regresos, Armenio comenz\u00f3 la pretemporada - Nuevo Digital de Escobar<\/title>\n<meta name=\"description\" content=\"El Deportivo Armenio volvi\u00f3 al trabajo despu\u00e9s del receso con el flamante entrenador y con varias ausencias de peso. En unos d\u00edas comenzar\u00e1 la pretemporada de cara al inicio del campeonato en la primera semana de febrero.\" \/>\n<meta name=\"robots\" content=\"index, follow, max-snippet:-1, max-image-preview:large, max-video-preview:-1\" \/>\n<link rel=\"canonical\" href=\"https:\/\/nuevodigitaldeescobar.com.ar\/?p=19518\" \/>\n<meta property=\"og:locale\" content=\"es_ES\" \/>\n<meta property=\"og:type\" content=\"article\" \/>\n<meta property=\"og:title\" content=\"Con muchas ausencias y algunos regresos, Armenio comenz\u00f3 la pretemporada\" \/>\n<meta property=\"og:description\" content=\"El Deportivo Armenio volvi\u00f3 al trabajo despu\u00e9s del receso con el flamante entrenador y con varias ausencias de peso. En unos d\u00edas comenzar\u00e1 la pretemporada de cara al inicio del campeonato en la primera semana de febrero.\" \/>\n<meta property=\"og:url\" content=\"https:\/\/nuevodigitaldeescobar.com.ar\/?p=19518\" \/>\n<meta property=\"og:site_name\" content=\"Nuevo Digital de Escobar\" \/>\n<meta property=\"article:publisher\" content=\"https:\/\/www.facebook.com\/NUEVODigitalDeEscobar\" \/>\n<meta property=\"article:published_time\" content=\"2026-01-06T19:16:37+00:00\" \/>\n<meta property=\"article:modified_time\" content=\"2026-01-06T19:17:01+00:00\" \/>\n<meta property=\"og:image\" content=\"http:\/\/nuevodigitaldeescobar.com.ar\/wp-content\/uploads\/2026\/01\/611669397_18370023367092403_9113692183106512747_n.jpg\" \/>\n\t<meta property=\"og:image:width\" content=\"1440\" \/>\n\t<meta property=\"og:image:height\" content=\"840\" \/>\n\t<meta property=\"og:image:type\" content=\"image\/jpeg\" \/>\n<meta name=\"author\" content=\"Redacci\u00f3n\" \/>\n<meta name=\"twitter:card\" content=\"summary_large_image\" \/>\n<meta name=\"twitter:creator\" content=\"@nuevodigescobar\" \/>\n<meta name=\"twitter:site\" content=\"@nuevodigescobar\" \/>\n<meta name=\"twitter:label1\" content=\"Escrito por\" \/>\n\t<meta name=\"twitter:data1\" content=\"Redacci\u00f3n\" \/>\n\t<meta name=\"twitter:label2\" content=\"Tiempo de lectura\" \/>\n\t<meta name=\"twitter:data2\" content=\"2 minutos\" \/>\n<script type=\"application\/ld+json\" class=\"yoast-schema-graph\">{\"@context\":\"https:\/\/schema.org\",\"@graph\":[{\"@type\":\"Article\",\"@id\":\"https:\/\/nuevodigitaldeescobar.com.ar\/?p=19518#article\",\"isPartOf\":{\"@id\":\"https:\/\/nuevodigitaldeescobar.com.ar\/?p=19518\"},\"author\":{\"name\":\"Redacci\u00f3n\",\"@id\":\"https:\/\/nuevodigitaldeescobar.com.ar\/#\/schema\/person\/035e90a8efe9a80e6eec22656ad6ea4c\"},\"headline\":\"Con muchas ausencias y algunos regresos, Armenio comenz\u00f3 la pretemporada\",\"datePublished\":\"2026-01-06T19:16:37+00:00\",\"dateModified\":\"2026-01-06T19:17:01+00:00\",\"mainEntityOfPage\":{\"@id\":\"https:\/\/nuevodigitaldeescobar.com.ar\/?p=19518\"},\"wordCount\":260,\"commentCount\":0,\"publisher\":{\"@id\":\"https:\/\/nuevodigitaldeescobar.com.ar\/#organization\"},\"image\":{\"@id\":\"https:\/\/nuevodigitaldeescobar.com.ar\/?p=19518#primaryimage\"},\"thumbnailUrl\":\"https:\/\/nuevodigitaldeescobar.com.ar\/wp-content\/uploads\/2026\/01\/611669397_18370023367092403_9113692183106512747_n.jpg\",\"keywords\":[\"Deportivo Armenio\"],\"articleSection\":[\"Deportes\"],\"inLanguage\":\"es\",\"potentialAction\":[{\"@type\":\"CommentAction\",\"name\":\"Comment\",\"target\":[\"https:\/\/nuevodigitaldeescobar.com.ar\/?p=19518#respond\"]}]},{\"@type\":\"WebPage\",\"@id\":\"https:\/\/nuevodigitaldeescobar.com.ar\/?p=19518\",\"url\":\"https:\/\/nuevodigitaldeescobar.com.ar\/?p=19518\",\"name\":\"Con muchas ausencias y algunos regresos, Armenio comenz\u00f3 la pretemporada - Nuevo Digital de Escobar\",\"isPartOf\":{\"@id\":\"https:\/\/nuevodigitaldeescobar.com.ar\/#website\"},\"primaryImageOfPage\":{\"@id\":\"https:\/\/nuevodigitaldeescobar.com.ar\/?p=19518#primaryimage\"},\"image\":{\"@id\":\"https:\/\/nuevodigitaldeescobar.com.ar\/?p=19518#primaryimage\"},\"thumbnailUrl\":\"https:\/\/nuevodigitaldeescobar.com.ar\/wp-content\/uploads\/2026\/01\/611669397_18370023367092403_9113692183106512747_n.jpg\",\"datePublished\":\"2026-01-06T19:16:37+00:00\",\"dateModified\":\"2026-01-06T19:17:01+00:00\",\"description\":\"El Deportivo Armenio volvi\u00f3 al trabajo despu\u00e9s del receso con el flamante entrenador y con varias ausencias de peso. En unos d\u00edas comenzar\u00e1 la pretemporada de cara al inicio del campeonato en la primera semana de febrero.\",\"breadcrumb\":{\"@id\":\"https:\/\/nuevodigitaldeescobar.com.ar\/?p=19518#breadcrumb\"},\"inLanguage\":\"es\",\"potentialAction\":[{\"@type\":\"ReadAction\",\"target\":[\"https:\/\/nuevodigitaldeescobar.com.ar\/?p=19518\"]}]},{\"@type\":\"ImageObject\",\"inLanguage\":\"es\",\"@id\":\"https:\/\/nuevodigitaldeescobar.com.ar\/?p=19518#primaryimage\",\"url\":\"https:\/\/nuevodigitaldeescobar.com.ar\/wp-content\/uploads\/2026\/01\/611669397_18370023367092403_9113692183106512747_n.jpg\",\"contentUrl\":\"https:\/\/nuevodigitaldeescobar.com.ar\/wp-content\/uploads\/2026\/01\/611669397_18370023367092403_9113692183106512747_n.jpg\",\"width\":1440,\"height\":840},{\"@type\":\"BreadcrumbList\",\"@id\":\"https:\/\/nuevodigitaldeescobar.com.ar\/?p=19518#breadcrumb\",\"itemListElement\":[{\"@type\":\"ListItem\",\"position\":1,\"name\":\"Portada\",\"item\":\"https:\/\/nuevodigitaldeescobar.com.ar\/\"},{\"@type\":\"ListItem\",\"position\":2,\"name\":\"Con muchas ausencias y algunos regresos, Armenio comenz\u00f3 la pretemporada\"}]},{\"@type\":\"WebSite\",\"@id\":\"https:\/\/nuevodigitaldeescobar.com.ar\/#website\",\"url\":\"https:\/\/nuevodigitaldeescobar.com.ar\/\",\"name\":\"Nuevo Digital de Escobar\",\"description\":\"La vida escobarense. Directora: Rosana Brunner\",\"publisher\":{\"@id\":\"https:\/\/nuevodigitaldeescobar.com.ar\/#organization\"},\"potentialAction\":[{\"@type\":\"SearchAction\",\"target\":{\"@type\":\"EntryPoint\",\"urlTemplate\":\"https:\/\/nuevodigitaldeescobar.com.ar\/?s={search_term_string}\"},\"query-input\":{\"@type\":\"PropertyValueSpecification\",\"valueRequired\":true,\"valueName\":\"search_term_string\"}}],\"inLanguage\":\"es\"},{\"@type\":\"Organization\",\"@id\":\"https:\/\/nuevodigitaldeescobar.com.ar\/#organization\",\"name\":\"Nuevo Digital de Escobar\",\"url\":\"https:\/\/nuevodigitaldeescobar.com.ar\/\",\"logo\":{\"@type\":\"ImageObject\",\"inLanguage\":\"es\",\"@id\":\"https:\/\/nuevodigitaldeescobar.com.ar\/#\/schema\/logo\/image\/\",\"url\":\"https:\/\/nuevodigitaldeescobar.com.ar\/wp-content\/uploads\/2025\/05\/cropped-logo-nuevo2.jpg\",\"contentUrl\":\"https:\/\/nuevodigitaldeescobar.com.ar\/wp-content\/uploads\/2025\/05\/cropped-logo-nuevo2.jpg\",\"width\":305,\"height\":305,\"caption\":\"Nuevo Digital de Escobar\"},\"image\":{\"@id\":\"https:\/\/nuevodigitaldeescobar.com.ar\/#\/schema\/logo\/image\/\"},\"sameAs\":[\"https:\/\/www.facebook.com\/NUEVODigitalDeEscobar\",\"https:\/\/x.com\/nuevodigescobar\",\"https:\/\/www.instagram.com\/nuevodigitaldeescobar\"]},{\"@type\":\"Person\",\"@id\":\"https:\/\/nuevodigitaldeescobar.com.ar\/#\/schema\/person\/035e90a8efe9a80e6eec22656ad6ea4c\",\"name\":\"Redacci\u00f3n\",\"image\":{\"@type\":\"ImageObject\",\"inLanguage\":\"es\",\"@id\":\"https:\/\/nuevodigitaldeescobar.com.ar\/#\/schema\/person\/image\/\",\"url\":\"https:\/\/secure.gravatar.com\/avatar\/8af8f40000c24e9eef3034f2be5998a372bb1389e64b1a4a36b3a7979142220d?s=96&d=mm&r=g\",\"contentUrl\":\"https:\/\/secure.gravatar.com\/avatar\/8af8f40000c24e9eef3034f2be5998a372bb1389e64b1a4a36b3a7979142220d?s=96&d=mm&r=g\",\"caption\":\"Redacci\u00f3n\"},\"sameAs\":[\"http:\/\/nuevodigitaldeescobar.com.ar\"],\"url\":\"https:\/\/nuevodigitaldeescobar.com.ar\/?author=1\"}]}<\/script>\n<!-- \/ Yoast SEO plugin. -->","yoast_head_json":{"title":"Con muchas ausencias y algunos regresos, Armenio comenz\u00f3 la pretemporada - Nuevo Digital de Escobar","description":"El Deportivo Armenio volvi\u00f3 al trabajo despu\u00e9s del receso con el flamante entrenador y con varias ausencias de peso. En unos d\u00edas comenzar\u00e1 la pretemporada de cara al inicio del campeonato en la primera semana de febrero.","robots":{"index":"index","follow":"follow","max-snippet":"max-snippet:-1","max-image-preview":"max-image-preview:large","max-video-preview":"max-video-preview:-1"},"canonical":"https:\/\/nuevodigitaldeescobar.com.ar\/?p=19518","og_locale":"es_ES","og_type":"article","og_title":"Con muchas ausencias y algunos regresos, Armenio comenz\u00f3 la pretemporada","og_description":"El Deportivo Armenio volvi\u00f3 al trabajo despu\u00e9s del receso con el flamante entrenador y con varias ausencias de peso. En unos d\u00edas comenzar\u00e1 la pretemporada de cara al inicio del campeonato en la primera semana de febrero.","og_url":"https:\/\/nuevodigitaldeescobar.com.ar\/?p=19518","og_site_name":"Nuevo Digital de Escobar","article_publisher":"https:\/\/www.facebook.com\/NUEVODigitalDeEscobar","article_published_time":"2026-01-06T19:16:37+00:00","article_modified_time":"2026-01-06T19:17:01+00:00","og_image":[{"width":1440,"height":840,"url":"http:\/\/nuevodigitaldeescobar.com.ar\/wp-content\/uploads\/2026\/01\/611669397_18370023367092403_9113692183106512747_n.jpg","type":"image\/jpeg"}],"author":"Redacci\u00f3n","twitter_card":"summary_large_image","twitter_creator":"@nuevodigescobar","twitter_site":"@nuevodigescobar","twitter_misc":{"Escrito por":"Redacci\u00f3n","Tiempo de lectura":"2 minutos"},"schema":{"@context":"https:\/\/schema.org","@graph":[{"@type":"Article","@id":"https:\/\/nuevodigitaldeescobar.com.ar\/?p=19518#article","isPartOf":{"@id":"https:\/\/nuevodigitaldeescobar.com.ar\/?p=19518"},"author":{"name":"Redacci\u00f3n","@id":"https:\/\/nuevodigitaldeescobar.com.ar\/#\/schema\/person\/035e90a8efe9a80e6eec22656ad6ea4c"},"headline":"Con muchas ausencias y algunos regresos, Armenio comenz\u00f3 la pretemporada","datePublished":"2026-01-06T19:16:37+00:00","dateModified":"2026-01-06T19:17:01+00:00","mainEntityOfPage":{"@id":"https:\/\/nuevodigitaldeescobar.com.ar\/?p=19518"},"wordCount":260,"commentCount":0,"publisher":{"@id":"https:\/\/nuevodigitaldeescobar.com.ar\/#organization"},"image":{"@id":"https:\/\/nuevodigitaldeescobar.com.ar\/?p=19518#primaryimage"},"thumbnailUrl":"https:\/\/nuevodigitaldeescobar.com.ar\/wp-content\/uploads\/2026\/01\/611669397_18370023367092403_9113692183106512747_n.jpg","keywords":["Deportivo Armenio"],"articleSection":["Deportes"],"inLanguage":"es","potentialAction":[{"@type":"CommentAction","name":"Comment","target":["https:\/\/nuevodigitaldeescobar.com.ar\/?p=19518#respond"]}]},{"@type":"WebPage","@id":"https:\/\/nuevodigitaldeescobar.com.ar\/?p=19518","url":"https:\/\/nuevodigitaldeescobar.com.ar\/?p=19518","name":"Con muchas ausencias y algunos regresos, Armenio comenz\u00f3 la pretemporada - Nuevo Digital de Escobar","isPartOf":{"@id":"https:\/\/nuevodigitaldeescobar.com.ar\/#website"},"primaryImageOfPage":{"@id":"https:\/\/nuevodigitaldeescobar.com.ar\/?p=19518#primaryimage"},"image":{"@id":"https:\/\/nuevodigitaldeescobar.com.ar\/?p=19518#primaryimage"},"thumbnailUrl":"https:\/\/nuevodigitaldeescobar.com.ar\/wp-content\/uploads\/2026\/01\/611669397_18370023367092403_9113692183106512747_n.jpg","datePublished":"2026-01-06T19:16:37+00:00","dateModified":"2026-01-06T19:17:01+00:00","description":"El Deportivo Armenio volvi\u00f3 al trabajo despu\u00e9s del receso con el flamante entrenador y con varias ausencias de peso. En unos d\u00edas comenzar\u00e1 la pretemporada de cara al inicio del campeonato en la primera semana de febrero.","breadcrumb":{"@id":"https:\/\/nuevodigitaldeescobar.com.ar\/?p=19518#breadcrumb"},"inLanguage":"es","potentialAction":[{"@type":"ReadAction","target":["https:\/\/nuevodigitaldeescobar.com.ar\/?p=19518"]}]},{"@type":"ImageObject","inLanguage":"es","@id":"https:\/\/nuevodigitaldeescobar.com.ar\/?p=19518#primaryimage","url":"https:\/\/nuevodigitaldeescobar.com.ar\/wp-content\/uploads\/2026\/01\/611669397_18370023367092403_9113692183106512747_n.jpg","contentUrl":"https:\/\/nuevodigitaldeescobar.com.ar\/wp-content\/uploads\/2026\/01\/611669397_18370023367092403_9113692183106512747_n.jpg","width":1440,"height":840},{"@type":"BreadcrumbList","@id":"https:\/\/nuevodigitaldeescobar.com.ar\/?p=19518#breadcrumb","itemListElement":[{"@type":"ListItem","position":1,"name":"Portada","item":"https:\/\/nuevodigitaldeescobar.com.ar\/"},{"@type":"ListItem","position":2,"name":"Con muchas ausencias y algunos regresos, Armenio comenz\u00f3 la pretemporada"}]},{"@type":"WebSite","@id":"https:\/\/nuevodigitaldeescobar.com.ar\/#website","url":"https:\/\/nuevodigitaldeescobar.com.ar\/","name":"Nuevo Digital de Escobar","description":"La vida escobarense. Directora: Rosana Brunner","publisher":{"@id":"https:\/\/nuevodigitaldeescobar.com.ar\/#organization"},"potentialAction":[{"@type":"SearchAction","target":{"@type":"EntryPoint","urlTemplate":"https:\/\/nuevodigitaldeescobar.com.ar\/?s={search_term_string}"},"query-input":{"@type":"PropertyValueSpecification","valueRequired":true,"valueName":"search_term_string"}}],"inLanguage":"es"},{"@type":"Organization","@id":"https:\/\/nuevodigitaldeescobar.com.ar\/#organization","name":"Nuevo Digital de Escobar","url":"https:\/\/nuevodigitaldeescobar.com.ar\/","logo":{"@type":"ImageObject","inLanguage":"es","@id":"https:\/\/nuevodigitaldeescobar.com.ar\/#\/schema\/logo\/image\/","url":"https:\/\/nuevodigitaldeescobar.com.ar\/wp-content\/uploads\/2025\/05\/cropped-logo-nuevo2.jpg","contentUrl":"https:\/\/nuevodigitaldeescobar.com.ar\/wp-content\/uploads\/2025\/05\/cropped-logo-nuevo2.jpg","width":305,"height":305,"caption":"Nuevo Digital de Escobar"},"image":{"@id":"https:\/\/nuevodigitaldeescobar.com.ar\/#\/schema\/logo\/image\/"},"sameAs":["https:\/\/www.facebook.com\/NUEVODigitalDeEscobar","https:\/\/x.com\/nuevodigescobar","https:\/\/www.instagram.com\/nuevodigitaldeescobar"]},{"@type":"Person","@id":"https:\/\/nuevodigitaldeescobar.com.ar\/#\/schema\/person\/035e90a8efe9a80e6eec22656ad6ea4c","name":"Redacci\u00f3n","image":{"@type":"ImageObject","inLanguage":"es","@id":"https:\/\/nuevodigitaldeescobar.com.ar\/#\/schema\/person\/image\/","url":"https:\/\/secure.gravatar.com\/avatar\/8af8f40000c24e9eef3034f2be5998a372bb1389e64b1a4a36b3a7979142220d?s=96&d=mm&r=g","contentUrl":"https:\/\/secure.gravatar.com\/avatar\/8af8f40000c24e9eef3034f2be5998a372bb1389e64b1a4a36b3a7979142220d?s=96&d=mm&r=g","caption":"Redacci\u00f3n"},"sameAs":["http:\/\/nuevodigitaldeescobar.com.ar"],"url":"https:\/\/nuevodigitaldeescobar.com.ar\/?author=1"}]}},"featured_image_urls":{"full":["https:\/\/nuevodigitaldeescobar.com.ar\/wp-content\/uploads\/2026\/01\/611669397_18370023367092403_9113692183106512747_n.jpg",1440,840,false],"thumbnail":["https:\/\/nuevodigitaldeescobar.com.ar\/wp-content\/uploads\/2026\/01\/611669397_18370023367092403_9113692183106512747_n-150x150.jpg",150,150,true],"medium":["https:\/\/nuevodigitaldeescobar.com.ar\/wp-content\/uploads\/2026\/01\/611669397_18370023367092403_9113692183106512747_n-300x175.jpg",300,175,true],"medium_large":["https:\/\/nuevodigitaldeescobar.com.ar\/wp-content\/uploads\/2026\/01\/611669397_18370023367092403_9113692183106512747_n-768x448.jpg",640,373,true],"large":["https:\/\/nuevodigitaldeescobar.com.ar\/wp-content\/uploads\/2026\/01\/611669397_18370023367092403_9113692183106512747_n-1024x597.jpg",640,373,true],"1536x1536":["https:\/\/nuevodigitaldeescobar.com.ar\/wp-content\/uploads\/2026\/01\/611669397_18370023367092403_9113692183106512747_n.jpg",1440,840,false],"2048x2048":["https:\/\/nuevodigitaldeescobar.com.ar\/wp-content\/uploads\/2026\/01\/611669397_18370023367092403_9113692183106512747_n.jpg",1440,840,false]},"author_info":{"display_name":"Redacci\u00f3n","author_link":"https:\/\/nuevodigitaldeescobar.com.ar\/?author=1"},"category_info":"<a href=\"https:\/\/nuevodigitaldeescobar.com.ar\/?cat=8\" rel=\"category\">Deportes<\/a>","tag_info":"Deportes","comment_count":"0","_links":{"self":[{"href":"https:\/\/nuevodigitaldeescobar.com.ar\/index.php?rest_route=\/wp\/v2\/posts\/19518","targetHints":{"allow":["GET"]}}],"collection":[{"href":"https:\/\/nuevodigitaldeescobar.com.ar\/index.php?rest_route=\/wp\/v2\/posts"}],"about":[{"href":"https:\/\/nuevodigitaldeescobar.com.ar\/index.php?rest_route=\/wp\/v2\/types\/post"}],"author":[{"embeddable":true,"href":"https:\/\/nuevodigitaldeescobar.com.ar\/index.php?rest_route=\/wp\/v2\/users\/1"}],"replies":[{"embeddable":true,"href":"https:\/\/nuevodigitaldeescobar.com.ar\/index.php?rest_route=%2Fwp%2Fv2%2Fcomments&post=19518"}],"version-history":[{"count":1,"href":"https:\/\/nuevodigitaldeescobar.com.ar\/index.php?rest_route=\/wp\/v2\/posts\/19518\/revisions"}],"predecessor-version":[{"id":19520,"href":"https:\/\/nuevodigitaldeescobar.com.ar\/index.php?rest_route=\/wp\/v2\/posts\/19518\/revisions\/19520"}],"wp:featuredmedia":[{"embeddable":true,"href":"https:\/\/nuevodigitaldeescobar.com.ar\/index.php?rest_route=\/wp\/v2\/media\/19519"}],"wp:attachment":[{"href":"https:\/\/nuevodigitaldeescobar.com.ar\/index.php?rest_route=%2Fwp%2Fv2%2Fmedia&parent=19518"}],"wp:term":[{"taxonomy":"category","embeddable":true,"href":"https:\/\/nuevodigitaldeescobar.com.ar\/index.php?rest_route=%2Fwp%2Fv2%2Fcategories&post=19518"},{"taxonomy":"post_tag","embeddable":true,"href":"https:\/\/nuevodigitaldeescobar.com.ar\/index.php?rest_route=%2Fwp%2Fv2%2Ftags&post=19518"}],"curies":[{"name":"wp","href":"https:\/\/api.w.org\/{rel}","templated":true}]}}