{"id":19538,"date":"2026-01-09T08:47:48","date_gmt":"2026-01-09T11:47:48","guid":{"rendered":"https:\/\/nuevodigitaldeescobar.com.ar\/?p=19538"},"modified":"2026-01-09T08:48:00","modified_gmt":"2026-01-09T11:48:00","slug":"desastre-ambiental-en-la-patagonia-el-fuego-no-da-tregua-en-chubut-y-la-ruta-40-permanece-cortada","status":"publish","type":"post","link":"https:\/\/nuevodigitaldeescobar.com.ar\/?p=19538","title":{"rendered":"Desastre ambiental en la Patagonia: el fuego no da tregua en Chubut y la Ruta 40 permanece cortada"},"content":{"rendered":"\n<p class=\"has-vivid-cyan-blue-color has-text-color has-link-color wp-elements-99dbb0b8f918c0afbe659ab98bf25ff6\"><strong><em>La Comarca Andina atraviesa una de sus crisis clim\u00e1ticas y ambientales m\u00e1s graves de los \u00faltimos a\u00f1os. Lo que comenz\u00f3 hace un mes como focos aislados se ha transformado en un incendio forestal fuera de control que ya consumi\u00f3 miles de hect\u00e1reas de bosque nativo y vegetaci\u00f3n resinosa. En las \u00faltimas horas, la situaci\u00f3n escal\u00f3 a un nivel cr\u00edtico: las autoridades debieron interrumpir totalmente el tr\u00e1nsito en la Ruta Nacional 40, en el tramo que conecta El Hoyo con Epuy\u00e9n, debido a que las llamas llegaron a la vera de la calzada y el humo anul\u00f3 la visibilidad.<\/em><\/strong><\/p>\n\n\n\n<!--more-->\n\n\n\n<p>El panorama humano es igual de desolador. Hasta el momento, se contabilizan <strong>m\u00e1s de 3.000 personas evacuadas<\/strong>, entre residentes y turistas, mientras que los pobladores rurales lamentan la p\u00e9rdida de una cantidad a\u00fan no determinada de ganado. Toda la regi\u00f3n se mantiene en estado de alerta permanente, con el fuego avanzando sobre puntos sensibles como el <strong>cerro Pirque<\/strong> y las cercan\u00edas de la <strong>Escuela 81<\/strong>.<\/p>\n\n\n\n<h3 class=\"wp-block-heading has-text-color has-link-color wp-elements-2e6342a4e48309456d3b70b56166c811\" style=\"color:#1e1bbe\">La sequ\u00eda: el \u00abcombustible explosivo\u00bb<\/h3>\n\n\n\n<p>El jefe de operaciones del Servicio de Prevenci\u00f3n y Lucha contra Incendios Forestales (SPLIF), Ariel Ruiz, fue tajante al describir la situaci\u00f3n: <em>\u00abCuando el fuego es muy grande, no hay recursos que alcancen\u00bb<\/em>. La clave del desastre reside en un factor clim\u00e1tico acumulado: un invierno con escasas nevadas y una primavera extremadamente seca.<\/p>\n\n\n\n<p>Sin reservorios de agua naturales en la cordillera, los bosques de pino \u2014altamente resinosos\u2014 se han convertido en una <strong>trampa de fuego<\/strong>. El mi\u00e9rcoles, las llamas lograron \u00abtrepar\u00bb las monta\u00f1as y el viento las condujo directamente hacia las zonas bajas, afectando el trazado de la ruta y obligando al despliegue de emergencia.<\/p>\n\n\n\n<h3 class=\"wp-block-heading has-text-color has-link-color wp-elements-a2956c9540be4382fd6e9178536bf47a\" style=\"color:#1e1bbe\">Un operativo federal de m\u00e1xima escala<\/h3>\n\n\n\n<p>Para combatir un siniestro de estas dimensiones, se ha coordinado un esfuerzo conjunto entre el Gobierno Nacional, distintas provincias y los municipios locales. El despliegue incluye tecnolog\u00eda de punta y cientos de hombres y mujeres en la l\u00ednea de fuego:<\/p>\n\n\n\n<ul class=\"wp-block-list\">\n<li><strong>Poder a\u00e9reo:<\/strong> Se destaca la llegada del <strong>Boeing 737 Fireliner<\/strong>, perteneciente a la provincia de <strong>Santiago del Estero<\/strong>. Este avi\u00f3n hidrante, el m\u00e1s grande de Latinoam\u00e9rica, tiene capacidad para lanzar <strong>15.000 litros de agua<\/strong> por descarga. Junto a \u00e9l, operan helic\u00f3pteros Bell 407 y 412, y aviones anfibios del <strong>Servicio Nacional de Manejo del Fuego (SNMF)<\/strong>.<\/li>\n\n\n\n<li><strong>Brigadistas y log\u00edstica:<\/strong> M\u00e1s de <strong>350 efectivos<\/strong> integran el comando de incidentes. Participan brigadistas forestales del SPLIF, bomberos voluntarios de la regi\u00f3n, y personal de la <strong>Gendarmer\u00eda Nacional<\/strong> y el <strong>Ej\u00e9rcito Argentino<\/strong>.<\/li>\n\n\n\n<li><strong>Seguridad y Salud:<\/strong> La <strong>Agencia Nacional de Seguridad Vial (ANSV)<\/strong> y la Polic\u00eda del Chubut coordinan los cortes de ruta, mientras que los ministerios de Salud y Educaci\u00f3n provincial trabajan en la contenci\u00f3n de los evacuados, utilizando gimnasios municipales como centros de refugio.<\/li>\n<\/ul>\n\n\n\n<h3 class=\"wp-block-heading has-text-color has-link-color wp-elements-1ced85080866a98961d1c9d45c89e0ac\" style=\"color:#1e1bbe\">El riesgo de las tormentas el\u00e9ctricas<\/h3>\n\n\n\n<p>La esperanza de que las lluvias traigan alivio es agridulce. El <strong>Servicio Meteorol\u00f3gico Nacional (SMN)<\/strong> anunci\u00f3 tormentas aisladas para la zona de Epuy\u00e9n. Sin embargo, los brigadistas temen la <strong>actividad el\u00e9ctrica<\/strong>: en un suelo tan seco, la ca\u00edda de rayos sin una lluvia torrencial que los acompa\u00f1e podr\u00eda generar nuevos focos de incendio en zonas de dif\u00edcil acceso, agravando la dispersi\u00f3n de las llamas.<\/p>\n\n\n\n<p>Por el momento, el \u00edndice de peligrosidad se mantiene en niveles <strong>\u00abextremos\u00bb<\/strong> para localidades como El Bols\u00f3n, Viedma y R\u00edo Colorado, lo que obliga a mantener todos los recursos en guardia m\u00e1xima.<\/p>\n\n\n\n<p><\/p>\n","protected":false},"excerpt":{"rendered":"<p>La Comarca Andina atraviesa una de sus crisis clim\u00e1ticas y ambientales m\u00e1s graves de los \u00faltimos a\u00f1os. Lo que comenz\u00f3 hace un mes como focos [&hellip;]<\/p>\n","protected":false},"author":1,"featured_media":19539,"comment_status":"open","ping_status":"open","sticky":false,"template":"","format":"standard","meta":{"footnotes":""},"categories":[61],"tags":[],"class_list":["post-19538","post","type-post","status-publish","format-standard","has-post-thumbnail","hentry","category-nacionales"],"better_featured_image":{"id":19539,"alt_text":"","caption":"","description":"","media_type":"image","media_details":{"width":660,"height":568,"file":"2026\/01\/incendiosur31.png","filesize":457933,"sizes":{"medium":{"file":"incendiosur31-300x258.png","width":300,"height":258,"mime-type":"image\/png","filesize":63428,"source_url":"https:\/\/nuevodigitaldeescobar.com.ar\/wp-content\/uploads\/2026\/01\/incendiosur31-300x258.png"},"thumbnail":{"file":"incendiosur31-150x150.png","width":150,"height":150,"mime-type":"image\/png","filesize":21725,"source_url":"https:\/\/nuevodigitaldeescobar.com.ar\/wp-content\/uploads\/2026\/01\/incendiosur31-150x150.png"}},"image_meta":{"aperture":"0","credit":"","camera":"","caption":"","created_timestamp":"0","copyright":"","focal_length":"0","iso":"0","shutter_speed":"0","title":"","orientation":"0","keywords":[]}},"post":19538,"source_url":"https:\/\/nuevodigitaldeescobar.com.ar\/wp-content\/uploads\/2026\/01\/incendiosur31.png"},"yoast_head":"<!-- This site is optimized with the Yoast SEO plugin v26.1.1 - https:\/\/yoast.com\/wordpress\/plugins\/seo\/ -->\n<title>Desastre ambiental en la Patagonia: el fuego no da tregua en Chubut y la Ruta 40 permanece cortada - Nuevo Digital de Escobar<\/title>\n<meta name=\"robots\" content=\"index, follow, max-snippet:-1, max-image-preview:large, max-video-preview:-1\" \/>\n<link rel=\"canonical\" href=\"https:\/\/nuevodigitaldeescobar.com.ar\/?p=19538\" \/>\n<meta property=\"og:locale\" content=\"es_ES\" \/>\n<meta property=\"og:type\" content=\"article\" \/>\n<meta property=\"og:title\" content=\"Desastre ambiental en la Patagonia: el fuego no da tregua en Chubut y la Ruta 40 permanece cortada - Nuevo Digital de Escobar\" \/>\n<meta property=\"og:description\" content=\"La Comarca Andina atraviesa una de sus crisis clim\u00e1ticas y ambientales m\u00e1s graves de los \u00faltimos a\u00f1os. Lo que comenz\u00f3 hace un mes como focos [&hellip;]\" \/>\n<meta property=\"og:url\" content=\"https:\/\/nuevodigitaldeescobar.com.ar\/?p=19538\" \/>\n<meta property=\"og:site_name\" content=\"Nuevo Digital de Escobar\" \/>\n<meta property=\"article:publisher\" content=\"https:\/\/www.facebook.com\/NUEVODigitalDeEscobar\" \/>\n<meta property=\"article:published_time\" content=\"2026-01-09T11:47:48+00:00\" \/>\n<meta property=\"article:modified_time\" content=\"2026-01-09T11:48:00+00:00\" \/>\n<meta property=\"og:image\" content=\"http:\/\/nuevodigitaldeescobar.com.ar\/wp-content\/uploads\/2026\/01\/incendiosur31.png\" \/>\n\t<meta property=\"og:image:width\" content=\"660\" \/>\n\t<meta property=\"og:image:height\" content=\"568\" \/>\n\t<meta property=\"og:image:type\" content=\"image\/png\" \/>\n<meta name=\"author\" content=\"Redacci\u00f3n\" \/>\n<meta name=\"twitter:card\" content=\"summary_large_image\" \/>\n<meta name=\"twitter:creator\" content=\"@nuevodigescobar\" \/>\n<meta name=\"twitter:site\" content=\"@nuevodigescobar\" \/>\n<meta name=\"twitter:label1\" content=\"Escrito por\" \/>\n\t<meta name=\"twitter:data1\" content=\"Redacci\u00f3n\" \/>\n\t<meta name=\"twitter:label2\" content=\"Tiempo de lectura\" \/>\n\t<meta name=\"twitter:data2\" content=\"3 minutos\" \/>\n<script type=\"application\/ld+json\" class=\"yoast-schema-graph\">{\"@context\":\"https:\/\/schema.org\",\"@graph\":[{\"@type\":\"Article\",\"@id\":\"https:\/\/nuevodigitaldeescobar.com.ar\/?p=19538#article\",\"isPartOf\":{\"@id\":\"https:\/\/nuevodigitaldeescobar.com.ar\/?p=19538\"},\"author\":{\"name\":\"Redacci\u00f3n\",\"@id\":\"https:\/\/nuevodigitaldeescobar.com.ar\/#\/schema\/person\/035e90a8efe9a80e6eec22656ad6ea4c\"},\"headline\":\"Desastre ambiental en la Patagonia: el fuego no da tregua en Chubut y la Ruta 40 permanece cortada\",\"datePublished\":\"2026-01-09T11:47:48+00:00\",\"dateModified\":\"2026-01-09T11:48:00+00:00\",\"mainEntityOfPage\":{\"@id\":\"https:\/\/nuevodigitaldeescobar.com.ar\/?p=19538\"},\"wordCount\":609,\"commentCount\":0,\"publisher\":{\"@id\":\"https:\/\/nuevodigitaldeescobar.com.ar\/#organization\"},\"image\":{\"@id\":\"https:\/\/nuevodigitaldeescobar.com.ar\/?p=19538#primaryimage\"},\"thumbnailUrl\":\"https:\/\/nuevodigitaldeescobar.com.ar\/wp-content\/uploads\/2026\/01\/incendiosur31.png\",\"articleSection\":[\"Nacionales\"],\"inLanguage\":\"es\",\"potentialAction\":[{\"@type\":\"CommentAction\",\"name\":\"Comment\",\"target\":[\"https:\/\/nuevodigitaldeescobar.com.ar\/?p=19538#respond\"]}]},{\"@type\":\"WebPage\",\"@id\":\"https:\/\/nuevodigitaldeescobar.com.ar\/?p=19538\",\"url\":\"https:\/\/nuevodigitaldeescobar.com.ar\/?p=19538\",\"name\":\"Desastre ambiental en la Patagonia: el fuego no da tregua en Chubut y la Ruta 40 permanece cortada - Nuevo Digital de Escobar\",\"isPartOf\":{\"@id\":\"https:\/\/nuevodigitaldeescobar.com.ar\/#website\"},\"primaryImageOfPage\":{\"@id\":\"https:\/\/nuevodigitaldeescobar.com.ar\/?p=19538#primaryimage\"},\"image\":{\"@id\":\"https:\/\/nuevodigitaldeescobar.com.ar\/?p=19538#primaryimage\"},\"thumbnailUrl\":\"https:\/\/nuevodigitaldeescobar.com.ar\/wp-content\/uploads\/2026\/01\/incendiosur31.png\",\"datePublished\":\"2026-01-09T11:47:48+00:00\",\"dateModified\":\"2026-01-09T11:48:00+00:00\",\"breadcrumb\":{\"@id\":\"https:\/\/nuevodigitaldeescobar.com.ar\/?p=19538#breadcrumb\"},\"inLanguage\":\"es\",\"potentialAction\":[{\"@type\":\"ReadAction\",\"target\":[\"https:\/\/nuevodigitaldeescobar.com.ar\/?p=19538\"]}]},{\"@type\":\"ImageObject\",\"inLanguage\":\"es\",\"@id\":\"https:\/\/nuevodigitaldeescobar.com.ar\/?p=19538#primaryimage\",\"url\":\"https:\/\/nuevodigitaldeescobar.com.ar\/wp-content\/uploads\/2026\/01\/incendiosur31.png\",\"contentUrl\":\"https:\/\/nuevodigitaldeescobar.com.ar\/wp-content\/uploads\/2026\/01\/incendiosur31.png\",\"width\":660,\"height\":568},{\"@type\":\"BreadcrumbList\",\"@id\":\"https:\/\/nuevodigitaldeescobar.com.ar\/?p=19538#breadcrumb\",\"itemListElement\":[{\"@type\":\"ListItem\",\"position\":1,\"name\":\"Portada\",\"item\":\"https:\/\/nuevodigitaldeescobar.com.ar\/\"},{\"@type\":\"ListItem\",\"position\":2,\"name\":\"Desastre ambiental en la Patagonia: el fuego no da tregua en Chubut y la Ruta 40 permanece cortada\"}]},{\"@type\":\"WebSite\",\"@id\":\"https:\/\/nuevodigitaldeescobar.com.ar\/#website\",\"url\":\"https:\/\/nuevodigitaldeescobar.com.ar\/\",\"name\":\"Nuevo Digital de Escobar\",\"description\":\"La vida escobarense. Directora: Rosana Brunner\",\"publisher\":{\"@id\":\"https:\/\/nuevodigitaldeescobar.com.ar\/#organization\"},\"potentialAction\":[{\"@type\":\"SearchAction\",\"target\":{\"@type\":\"EntryPoint\",\"urlTemplate\":\"https:\/\/nuevodigitaldeescobar.com.ar\/?s={search_term_string}\"},\"query-input\":{\"@type\":\"PropertyValueSpecification\",\"valueRequired\":true,\"valueName\":\"search_term_string\"}}],\"inLanguage\":\"es\"},{\"@type\":\"Organization\",\"@id\":\"https:\/\/nuevodigitaldeescobar.com.ar\/#organization\",\"name\":\"Nuevo Digital de Escobar\",\"url\":\"https:\/\/nuevodigitaldeescobar.com.ar\/\",\"logo\":{\"@type\":\"ImageObject\",\"inLanguage\":\"es\",\"@id\":\"https:\/\/nuevodigitaldeescobar.com.ar\/#\/schema\/logo\/image\/\",\"url\":\"https:\/\/nuevodigitaldeescobar.com.ar\/wp-content\/uploads\/2025\/05\/cropped-logo-nuevo2.jpg\",\"contentUrl\":\"https:\/\/nuevodigitaldeescobar.com.ar\/wp-content\/uploads\/2025\/05\/cropped-logo-nuevo2.jpg\",\"width\":305,\"height\":305,\"caption\":\"Nuevo Digital de Escobar\"},\"image\":{\"@id\":\"https:\/\/nuevodigitaldeescobar.com.ar\/#\/schema\/logo\/image\/\"},\"sameAs\":[\"https:\/\/www.facebook.com\/NUEVODigitalDeEscobar\",\"https:\/\/x.com\/nuevodigescobar\",\"https:\/\/www.instagram.com\/nuevodigitaldeescobar\"]},{\"@type\":\"Person\",\"@id\":\"https:\/\/nuevodigitaldeescobar.com.ar\/#\/schema\/person\/035e90a8efe9a80e6eec22656ad6ea4c\",\"name\":\"Redacci\u00f3n\",\"image\":{\"@type\":\"ImageObject\",\"inLanguage\":\"es\",\"@id\":\"https:\/\/nuevodigitaldeescobar.com.ar\/#\/schema\/person\/image\/\",\"url\":\"https:\/\/secure.gravatar.com\/avatar\/8af8f40000c24e9eef3034f2be5998a372bb1389e64b1a4a36b3a7979142220d?s=96&d=mm&r=g\",\"contentUrl\":\"https:\/\/secure.gravatar.com\/avatar\/8af8f40000c24e9eef3034f2be5998a372bb1389e64b1a4a36b3a7979142220d?s=96&d=mm&r=g\",\"caption\":\"Redacci\u00f3n\"},\"sameAs\":[\"http:\/\/nuevodigitaldeescobar.com.ar\"],\"url\":\"https:\/\/nuevodigitaldeescobar.com.ar\/?author=1\"}]}<\/script>\n<!-- \/ Yoast SEO plugin. -->","yoast_head_json":{"title":"Desastre ambiental en la Patagonia: el fuego no da tregua en Chubut y la Ruta 40 permanece cortada - Nuevo Digital de Escobar","robots":{"index":"index","follow":"follow","max-snippet":"max-snippet:-1","max-image-preview":"max-image-preview:large","max-video-preview":"max-video-preview:-1"},"canonical":"https:\/\/nuevodigitaldeescobar.com.ar\/?p=19538","og_locale":"es_ES","og_type":"article","og_title":"Desastre ambiental en la Patagonia: el fuego no da tregua en Chubut y la Ruta 40 permanece cortada - Nuevo Digital de Escobar","og_description":"La Comarca Andina atraviesa una de sus crisis clim\u00e1ticas y ambientales m\u00e1s graves de los \u00faltimos a\u00f1os. Lo que comenz\u00f3 hace un mes como focos [&hellip;]","og_url":"https:\/\/nuevodigitaldeescobar.com.ar\/?p=19538","og_site_name":"Nuevo Digital de Escobar","article_publisher":"https:\/\/www.facebook.com\/NUEVODigitalDeEscobar","article_published_time":"2026-01-09T11:47:48+00:00","article_modified_time":"2026-01-09T11:48:00+00:00","og_image":[{"width":660,"height":568,"url":"http:\/\/nuevodigitaldeescobar.com.ar\/wp-content\/uploads\/2026\/01\/incendiosur31.png","type":"image\/png"}],"author":"Redacci\u00f3n","twitter_card":"summary_large_image","twitter_creator":"@nuevodigescobar","twitter_site":"@nuevodigescobar","twitter_misc":{"Escrito por":"Redacci\u00f3n","Tiempo de lectura":"3 minutos"},"schema":{"@context":"https:\/\/schema.org","@graph":[{"@type":"Article","@id":"https:\/\/nuevodigitaldeescobar.com.ar\/?p=19538#article","isPartOf":{"@id":"https:\/\/nuevodigitaldeescobar.com.ar\/?p=19538"},"author":{"name":"Redacci\u00f3n","@id":"https:\/\/nuevodigitaldeescobar.com.ar\/#\/schema\/person\/035e90a8efe9a80e6eec22656ad6ea4c"},"headline":"Desastre ambiental en la Patagonia: el fuego no da tregua en Chubut y la Ruta 40 permanece cortada","datePublished":"2026-01-09T11:47:48+00:00","dateModified":"2026-01-09T11:48:00+00:00","mainEntityOfPage":{"@id":"https:\/\/nuevodigitaldeescobar.com.ar\/?p=19538"},"wordCount":609,"commentCount":0,"publisher":{"@id":"https:\/\/nuevodigitaldeescobar.com.ar\/#organization"},"image":{"@id":"https:\/\/nuevodigitaldeescobar.com.ar\/?p=19538#primaryimage"},"thumbnailUrl":"https:\/\/nuevodigitaldeescobar.com.ar\/wp-content\/uploads\/2026\/01\/incendiosur31.png","articleSection":["Nacionales"],"inLanguage":"es","potentialAction":[{"@type":"CommentAction","name":"Comment","target":["https:\/\/nuevodigitaldeescobar.com.ar\/?p=19538#respond"]}]},{"@type":"WebPage","@id":"https:\/\/nuevodigitaldeescobar.com.ar\/?p=19538","url":"https:\/\/nuevodigitaldeescobar.com.ar\/?p=19538","name":"Desastre ambiental en la Patagonia: el fuego no da tregua en Chubut y la Ruta 40 permanece cortada - Nuevo Digital de Escobar","isPartOf":{"@id":"https:\/\/nuevodigitaldeescobar.com.ar\/#website"},"primaryImageOfPage":{"@id":"https:\/\/nuevodigitaldeescobar.com.ar\/?p=19538#primaryimage"},"image":{"@id":"https:\/\/nuevodigitaldeescobar.com.ar\/?p=19538#primaryimage"},"thumbnailUrl":"https:\/\/nuevodigitaldeescobar.com.ar\/wp-content\/uploads\/2026\/01\/incendiosur31.png","datePublished":"2026-01-09T11:47:48+00:00","dateModified":"2026-01-09T11:48:00+00:00","breadcrumb":{"@id":"https:\/\/nuevodigitaldeescobar.com.ar\/?p=19538#breadcrumb"},"inLanguage":"es","potentialAction":[{"@type":"ReadAction","target":["https:\/\/nuevodigitaldeescobar.com.ar\/?p=19538"]}]},{"@type":"ImageObject","inLanguage":"es","@id":"https:\/\/nuevodigitaldeescobar.com.ar\/?p=19538#primaryimage","url":"https:\/\/nuevodigitaldeescobar.com.ar\/wp-content\/uploads\/2026\/01\/incendiosur31.png","contentUrl":"https:\/\/nuevodigitaldeescobar.com.ar\/wp-content\/uploads\/2026\/01\/incendiosur31.png","width":660,"height":568},{"@type":"BreadcrumbList","@id":"https:\/\/nuevodigitaldeescobar.com.ar\/?p=19538#breadcrumb","itemListElement":[{"@type":"ListItem","position":1,"name":"Portada","item":"https:\/\/nuevodigitaldeescobar.com.ar\/"},{"@type":"ListItem","position":2,"name":"Desastre ambiental en la Patagonia: el fuego no da tregua en Chubut y la Ruta 40 permanece cortada"}]},{"@type":"WebSite","@id":"https:\/\/nuevodigitaldeescobar.com.ar\/#website","url":"https:\/\/nuevodigitaldeescobar.com.ar\/","name":"Nuevo Digital de Escobar","description":"La vida escobarense. Directora: Rosana Brunner","publisher":{"@id":"https:\/\/nuevodigitaldeescobar.com.ar\/#organization"},"potentialAction":[{"@type":"SearchAction","target":{"@type":"EntryPoint","urlTemplate":"https:\/\/nuevodigitaldeescobar.com.ar\/?s={search_term_string}"},"query-input":{"@type":"PropertyValueSpecification","valueRequired":true,"valueName":"search_term_string"}}],"inLanguage":"es"},{"@type":"Organization","@id":"https:\/\/nuevodigitaldeescobar.com.ar\/#organization","name":"Nuevo Digital de Escobar","url":"https:\/\/nuevodigitaldeescobar.com.ar\/","logo":{"@type":"ImageObject","inLanguage":"es","@id":"https:\/\/nuevodigitaldeescobar.com.ar\/#\/schema\/logo\/image\/","url":"https:\/\/nuevodigitaldeescobar.com.ar\/wp-content\/uploads\/2025\/05\/cropped-logo-nuevo2.jpg","contentUrl":"https:\/\/nuevodigitaldeescobar.com.ar\/wp-content\/uploads\/2025\/05\/cropped-logo-nuevo2.jpg","width":305,"height":305,"caption":"Nuevo Digital de Escobar"},"image":{"@id":"https:\/\/nuevodigitaldeescobar.com.ar\/#\/schema\/logo\/image\/"},"sameAs":["https:\/\/www.facebook.com\/NUEVODigitalDeEscobar","https:\/\/x.com\/nuevodigescobar","https:\/\/www.instagram.com\/nuevodigitaldeescobar"]},{"@type":"Person","@id":"https:\/\/nuevodigitaldeescobar.com.ar\/#\/schema\/person\/035e90a8efe9a80e6eec22656ad6ea4c","name":"Redacci\u00f3n","image":{"@type":"ImageObject","inLanguage":"es","@id":"https:\/\/nuevodigitaldeescobar.com.ar\/#\/schema\/person\/image\/","url":"https:\/\/secure.gravatar.com\/avatar\/8af8f40000c24e9eef3034f2be5998a372bb1389e64b1a4a36b3a7979142220d?s=96&d=mm&r=g","contentUrl":"https:\/\/secure.gravatar.com\/avatar\/8af8f40000c24e9eef3034f2be5998a372bb1389e64b1a4a36b3a7979142220d?s=96&d=mm&r=g","caption":"Redacci\u00f3n"},"sameAs":["http:\/\/nuevodigitaldeescobar.com.ar"],"url":"https:\/\/nuevodigitaldeescobar.com.ar\/?author=1"}]}},"featured_image_urls":{"full":["https:\/\/nuevodigitaldeescobar.com.ar\/wp-content\/uploads\/2026\/01\/incendiosur31.png",660,568,false],"thumbnail":["https:\/\/nuevodigitaldeescobar.com.ar\/wp-content\/uploads\/2026\/01\/incendiosur31-150x150.png",150,150,true],"medium":["https:\/\/nuevodigitaldeescobar.com.ar\/wp-content\/uploads\/2026\/01\/incendiosur31-300x258.png",300,258,true],"medium_large":["https:\/\/nuevodigitaldeescobar.com.ar\/wp-content\/uploads\/2026\/01\/incendiosur31.png",640,551,false],"large":["https:\/\/nuevodigitaldeescobar.com.ar\/wp-content\/uploads\/2026\/01\/incendiosur31.png",640,551,false],"1536x1536":["https:\/\/nuevodigitaldeescobar.com.ar\/wp-content\/uploads\/2026\/01\/incendiosur31.png",660,568,false],"2048x2048":["https:\/\/nuevodigitaldeescobar.com.ar\/wp-content\/uploads\/2026\/01\/incendiosur31.png",660,568,false]},"author_info":{"display_name":"Redacci\u00f3n","author_link":"https:\/\/nuevodigitaldeescobar.com.ar\/?author=1"},"category_info":"<a href=\"https:\/\/nuevodigitaldeescobar.com.ar\/?cat=61\" rel=\"category\">Nacionales<\/a>","tag_info":"Nacionales","comment_count":"0","_links":{"self":[{"href":"https:\/\/nuevodigitaldeescobar.com.ar\/index.php?rest_route=\/wp\/v2\/posts\/19538","targetHints":{"allow":["GET"]}}],"collection":[{"href":"https:\/\/nuevodigitaldeescobar.com.ar\/index.php?rest_route=\/wp\/v2\/posts"}],"about":[{"href":"https:\/\/nuevodigitaldeescobar.com.ar\/index.php?rest_route=\/wp\/v2\/types\/post"}],"author":[{"embeddable":true,"href":"https:\/\/nuevodigitaldeescobar.com.ar\/index.php?rest_route=\/wp\/v2\/users\/1"}],"replies":[{"embeddable":true,"href":"https:\/\/nuevodigitaldeescobar.com.ar\/index.php?rest_route=%2Fwp%2Fv2%2Fcomments&post=19538"}],"version-history":[{"count":1,"href":"https:\/\/nuevodigitaldeescobar.com.ar\/index.php?rest_route=\/wp\/v2\/posts\/19538\/revisions"}],"predecessor-version":[{"id":19540,"href":"https:\/\/nuevodigitaldeescobar.com.ar\/index.php?rest_route=\/wp\/v2\/posts\/19538\/revisions\/19540"}],"wp:featuredmedia":[{"embeddable":true,"href":"https:\/\/nuevodigitaldeescobar.com.ar\/index.php?rest_route=\/wp\/v2\/media\/19539"}],"wp:attachment":[{"href":"https:\/\/nuevodigitaldeescobar.com.ar\/index.php?rest_route=%2Fwp%2Fv2%2Fmedia&parent=19538"}],"wp:term":[{"taxonomy":"category","embeddable":true,"href":"https:\/\/nuevodigitaldeescobar.com.ar\/index.php?rest_route=%2Fwp%2Fv2%2Fcategories&post=19538"},{"taxonomy":"post_tag","embeddable":true,"href":"https:\/\/nuevodigitaldeescobar.com.ar\/index.php?rest_route=%2Fwp%2Fv2%2Ftags&post=19538"}],"curies":[{"name":"wp","href":"https:\/\/api.w.org\/{rel}","templated":true}]}}