{"id":1955,"date":"2023-12-19T07:00:00","date_gmt":"2023-12-19T10:00:00","guid":{"rendered":"https:\/\/nuevodigitaldeescobar.com.ar\/?p=1955"},"modified":"2023-12-18T19:57:52","modified_gmt":"2023-12-18T22:57:52","slug":"bajan-a-cero-retenciones-para-economias-regionales","status":"publish","type":"post","link":"https:\/\/nuevodigitaldeescobar.com.ar\/?p=1955","title":{"rendered":"Bajan a cero retenciones para econom\u00edas regionales"},"content":{"rendered":"<p><span style=\"color: #003366;\"><strong><em>Adem\u00e1s, la retenci\u00f3n a la vitivinicultura se reduce a 8%. En ese marco, se aumenta al\u00edcuota a subproductos de soja a modo de compensaci\u00f3n.<\/em><\/strong><\/span><\/p>\n<p><!--more--><\/p>\n<p>El secretario de Bioeconom\u00eda, Fernando Villela, anunci\u00f3 el lunes que veinte econom\u00edas regionales quedar\u00e1n exceptuadas de la generalizaci\u00f3n de retenciones, una reducci\u00f3n de la al\u00edcuota a 8% para el caso de la vitivinicultura, y un alza para los subproductos de la soja para compensar la ca\u00edda de ingresos.<\/p>\n<p>As\u00ed lo inform\u00f3 el funcionario luego de una reuni\u00f3n que mantuvo ayer a la ma\u00f1ana con representantes de la Mesa de Enlace en la sede de la cartera.<\/p>\n<p>La decisi\u00f3n se acompa\u00f1\u00f3 con un alza del 31% al 33% para los subproductos de la soja, que caus\u00f3 r\u00e1pido rechazo entre las cerealeras.<\/p>\n<p><em>\u201cEs una muy mala noticia para la econom\u00eda del pa\u00eds\u201d<\/em>, dijeron tras el anuncio desde la C\u00e1mara de la Industria Aceitera de la Rep\u00fablica Argentina.<\/p>\n<p><em>\u201cLa principal industria exportadora se ser\u00e1 castigada por la suba de impuestos y eso va a limitar severamente el flujo de divisas y atentar\u00e1 contra el empleo industrial de la soja\u201d<\/em>, agregaron desde Ciara. <em>\u00abLa industria pidi\u00f3 igualdad tributaria y esos dos puntos eran un reconocimiento de esa condici\u00f3n fiscal que ahora el gobierno rompe\u201d<\/em>.<\/p>\n<p>Por su parte, desde El Consejo Agroindustrial Argentino expresaron que <em>\u201cm\u00e1s all\u00e1 de la comprensi\u00f3n por la delicada situaci\u00f3n de las cuentas p\u00fablicas reiteramos la necesidad de adoptar una pol\u00edtica exportadora que contemple un esquema impositivo que fomente la producci\u00f3n y el agregado de valor, para lo cual es necesario desarrollar un cronograma de eliminaci\u00f3n de DEX a los complejos Oleaginoso y Cerealero, como as\u00ed tambi\u00e9n considerar la delicada situaci\u00f3n de las EE.RR\u201d<\/em>.<\/p>\n<p>Las cadenas que quedan afuera de la suba de retenciones que se implementar\u00e1n desde el 1\u00b0 de enero son: arrocera, oliv\u00edcola, cueros, l\u00e1cteos, bovinos, frut\u00edcola (excluido lim\u00f3n), porotos, hort\u00edcola, papa, ajo, garbanzo, arveja, lenteja, az\u00facar, miel, yerba mate, t\u00e9, equinos y lana. A su vez, a la vitivinicultura se le reduce la al\u00edcuota a 8% y se incluye al mosto.<\/p>\n<p>Villela tambi\u00e9n indic\u00f3 que para compensar los ingresos que se preve\u00eda por esta v\u00eda se impulsar\u00e1 en el Congreso Nacional la suba de la al\u00edcuota del 31% al 33% para los subproductos de la soja.<\/p>\n<p>De esta forma se compensa la reducci\u00f3n a cero de las retenciones de los otros sectores, con una recaudaci\u00f3n de alrededor de U$S 400 millones.<\/p>\n<p>La medida hab\u00eda sido anunciada por el ministro de Econom\u00eda, Luis Caputo en el marco del paquete de <em>\u201curgencia\u201d<\/em> lanzado el martes pasado y que tiene como objetivo cerrar la brecha fiscal.<\/p>\n<p><em>(NA)<\/em><\/p>\n","protected":false},"excerpt":{"rendered":"<p>Adem\u00e1s, la retenci\u00f3n a la vitivinicultura se reduce a 8%. En ese marco, se aumenta al\u00edcuota a subproductos de soja a modo de compensaci\u00f3n.<\/p>\n","protected":false},"author":1,"featured_media":1956,"comment_status":"open","ping_status":"closed","sticky":false,"template":"","format":"standard","meta":{"footnotes":""},"categories":[10],"tags":[],"class_list":["post-1955","post","type-post","status-publish","format-standard","has-post-thumbnail","hentry","category-economia"],"better_featured_image":{"id":1956,"alt_text":"","caption":"","description":"","media_type":"image","media_details":{"width":720,"height":360,"file":"2023\/12\/fernando-villella-bioeconomia-e1702939650240.jpg","filesize":85622,"sizes":{"medium":{"file":"fernando-villella-bioeconomia-300x150.jpg","width":300,"height":150,"mime-type":"image\/jpeg","filesize":7638,"source_url":"https:\/\/nuevodigitaldeescobar.com.ar\/wp-content\/uploads\/2023\/12\/fernando-villella-bioeconomia-300x150.jpg"},"large":{"file":"fernando-villella-bioeconomia-1024x512.jpg","width":1024,"height":512,"mime-type":"image\/jpeg","filesize":43228,"source_url":"https:\/\/nuevodigitaldeescobar.com.ar\/wp-content\/uploads\/2023\/12\/fernando-villella-bioeconomia-1024x512.jpg"},"thumbnail":{"file":"fernando-villella-bioeconomia-150x150.jpg","width":150,"height":150,"mime-type":"image\/jpeg","filesize":4765,"source_url":"https:\/\/nuevodigitaldeescobar.com.ar\/wp-content\/uploads\/2023\/12\/fernando-villella-bioeconomia-150x150.jpg"},"medium_large":{"file":"fernando-villella-bioeconomia-768x384.jpg","width":768,"height":384,"mime-type":"image\/jpeg","filesize":28899,"source_url":"https:\/\/nuevodigitaldeescobar.com.ar\/wp-content\/uploads\/2023\/12\/fernando-villella-bioeconomia-768x384.jpg"},"covernews-slider-full":{"file":"fernando-villella-bioeconomia-1115x640.jpg","width":1115,"height":640,"mime-type":"image\/jpeg","filesize":57190,"source_url":"https:\/\/nuevodigitaldeescobar.com.ar\/wp-content\/uploads\/2023\/12\/fernando-villella-bioeconomia-1115x640.jpg"},"covernews-slider-center":{"file":"fernando-villella-bioeconomia-800x500.jpg","width":800,"height":500,"mime-type":"image\/jpeg","filesize":36352,"source_url":"https:\/\/nuevodigitaldeescobar.com.ar\/wp-content\/uploads\/2023\/12\/fernando-villella-bioeconomia-800x500.jpg"},"covernews-featured":{"file":"fernando-villella-bioeconomia-1024x512.jpg","width":1024,"height":512,"mime-type":"image\/jpeg","filesize":43228,"source_url":"https:\/\/nuevodigitaldeescobar.com.ar\/wp-content\/uploads\/2023\/12\/fernando-villella-bioeconomia-1024x512.jpg"},"covernews-medium":{"file":"fernando-villella-bioeconomia-540x340.jpg","width":540,"height":340,"mime-type":"image\/jpeg","filesize":20930,"source_url":"https:\/\/nuevodigitaldeescobar.com.ar\/wp-content\/uploads\/2023\/12\/fernando-villella-bioeconomia-540x340.jpg"},"covernews-medium-square":{"file":"fernando-villella-bioeconomia-400x250.jpg","width":400,"height":250,"mime-type":"image\/jpeg","filesize":13436,"source_url":"https:\/\/nuevodigitaldeescobar.com.ar\/wp-content\/uploads\/2023\/12\/fernando-villella-bioeconomia-400x250.jpg"}},"image_meta":{"aperture":"0","credit":"","camera":"","caption":"","created_timestamp":"0","copyright":"","focal_length":"0","iso":"0","shutter_speed":"0","title":"","orientation":"0","keywords":[]}},"post":1955,"source_url":"https:\/\/nuevodigitaldeescobar.com.ar\/wp-content\/uploads\/2023\/12\/fernando-villella-bioeconomia-e1702939650240.jpg"},"yoast_head":"<!-- This site is optimized with the Yoast SEO plugin v26.1.1 - https:\/\/yoast.com\/wordpress\/plugins\/seo\/ -->\n<title>Bajan a cero retenciones para econom\u00edas regionales - Nuevo Digital de Escobar<\/title>\n<meta name=\"robots\" content=\"index, follow, max-snippet:-1, max-image-preview:large, max-video-preview:-1\" \/>\n<link rel=\"canonical\" href=\"https:\/\/nuevodigitaldeescobar.com.ar\/?p=1955\" \/>\n<meta property=\"og:locale\" content=\"es_ES\" \/>\n<meta property=\"og:type\" content=\"article\" \/>\n<meta property=\"og:title\" content=\"Bajan a cero retenciones para econom\u00edas regionales - Nuevo Digital de Escobar\" \/>\n<meta property=\"og:description\" content=\"Adem\u00e1s, la retenci\u00f3n a la vitivinicultura se reduce a 8%. En ese marco, se aumenta al\u00edcuota a subproductos de soja a modo de compensaci\u00f3n.\" \/>\n<meta property=\"og:url\" content=\"https:\/\/nuevodigitaldeescobar.com.ar\/?p=1955\" \/>\n<meta property=\"og:site_name\" content=\"Nuevo Digital de Escobar\" \/>\n<meta property=\"article:publisher\" content=\"https:\/\/www.facebook.com\/NUEVODigitalDeEscobar\" \/>\n<meta property=\"article:published_time\" content=\"2023-12-19T10:00:00+00:00\" \/>\n<meta property=\"og:image\" content=\"https:\/\/nuevodigitaldeescobar.com.ar\/wp-content\/uploads\/2023\/12\/fernando-villella-bioeconomia-e1702939650240.jpg\" \/>\n\t<meta property=\"og:image:width\" content=\"720\" \/>\n\t<meta property=\"og:image:height\" content=\"360\" \/>\n\t<meta property=\"og:image:type\" content=\"image\/jpeg\" \/>\n<meta name=\"author\" content=\"Redacci\u00f3n\" \/>\n<meta name=\"twitter:card\" content=\"summary_large_image\" \/>\n<meta name=\"twitter:creator\" content=\"@nuevodigescobar\" \/>\n<meta name=\"twitter:site\" content=\"@nuevodigescobar\" \/>\n<meta name=\"twitter:label1\" content=\"Escrito por\" \/>\n\t<meta name=\"twitter:data1\" content=\"Redacci\u00f3n\" \/>\n\t<meta name=\"twitter:label2\" content=\"Tiempo de lectura\" \/>\n\t<meta name=\"twitter:data2\" content=\"2 minutos\" \/>\n<script type=\"application\/ld+json\" class=\"yoast-schema-graph\">{\"@context\":\"https:\/\/schema.org\",\"@graph\":[{\"@type\":\"Article\",\"@id\":\"https:\/\/nuevodigitaldeescobar.com.ar\/?p=1955#article\",\"isPartOf\":{\"@id\":\"https:\/\/nuevodigitaldeescobar.com.ar\/?p=1955\"},\"author\":{\"name\":\"Redacci\u00f3n\",\"@id\":\"https:\/\/nuevodigitaldeescobar.com.ar\/#\/schema\/person\/035e90a8efe9a80e6eec22656ad6ea4c\"},\"headline\":\"Bajan a cero retenciones para econom\u00edas regionales\",\"datePublished\":\"2023-12-19T10:00:00+00:00\",\"mainEntityOfPage\":{\"@id\":\"https:\/\/nuevodigitaldeescobar.com.ar\/?p=1955\"},\"wordCount\":476,\"commentCount\":0,\"publisher\":{\"@id\":\"https:\/\/nuevodigitaldeescobar.com.ar\/#organization\"},\"image\":{\"@id\":\"https:\/\/nuevodigitaldeescobar.com.ar\/?p=1955#primaryimage\"},\"thumbnailUrl\":\"https:\/\/nuevodigitaldeescobar.com.ar\/wp-content\/uploads\/2023\/12\/fernando-villella-bioeconomia-e1702939650240.jpg\",\"articleSection\":[\"Econom\u00eda\"],\"inLanguage\":\"es\",\"potentialAction\":[{\"@type\":\"CommentAction\",\"name\":\"Comment\",\"target\":[\"https:\/\/nuevodigitaldeescobar.com.ar\/?p=1955#respond\"]}]},{\"@type\":\"WebPage\",\"@id\":\"https:\/\/nuevodigitaldeescobar.com.ar\/?p=1955\",\"url\":\"https:\/\/nuevodigitaldeescobar.com.ar\/?p=1955\",\"name\":\"Bajan a cero retenciones para econom\u00edas regionales - Nuevo Digital de Escobar\",\"isPartOf\":{\"@id\":\"https:\/\/nuevodigitaldeescobar.com.ar\/#website\"},\"primaryImageOfPage\":{\"@id\":\"https:\/\/nuevodigitaldeescobar.com.ar\/?p=1955#primaryimage\"},\"image\":{\"@id\":\"https:\/\/nuevodigitaldeescobar.com.ar\/?p=1955#primaryimage\"},\"thumbnailUrl\":\"https:\/\/nuevodigitaldeescobar.com.ar\/wp-content\/uploads\/2023\/12\/fernando-villella-bioeconomia-e1702939650240.jpg\",\"datePublished\":\"2023-12-19T10:00:00+00:00\",\"breadcrumb\":{\"@id\":\"https:\/\/nuevodigitaldeescobar.com.ar\/?p=1955#breadcrumb\"},\"inLanguage\":\"es\",\"potentialAction\":[{\"@type\":\"ReadAction\",\"target\":[\"https:\/\/nuevodigitaldeescobar.com.ar\/?p=1955\"]}]},{\"@type\":\"ImageObject\",\"inLanguage\":\"es\",\"@id\":\"https:\/\/nuevodigitaldeescobar.com.ar\/?p=1955#primaryimage\",\"url\":\"https:\/\/nuevodigitaldeescobar.com.ar\/wp-content\/uploads\/2023\/12\/fernando-villella-bioeconomia-e1702939650240.jpg\",\"contentUrl\":\"https:\/\/nuevodigitaldeescobar.com.ar\/wp-content\/uploads\/2023\/12\/fernando-villella-bioeconomia-e1702939650240.jpg\",\"width\":720,\"height\":360},{\"@type\":\"BreadcrumbList\",\"@id\":\"https:\/\/nuevodigitaldeescobar.com.ar\/?p=1955#breadcrumb\",\"itemListElement\":[{\"@type\":\"ListItem\",\"position\":1,\"name\":\"Portada\",\"item\":\"https:\/\/nuevodigitaldeescobar.com.ar\/\"},{\"@type\":\"ListItem\",\"position\":2,\"name\":\"Bajan a cero retenciones para econom\u00edas regionales\"}]},{\"@type\":\"WebSite\",\"@id\":\"https:\/\/nuevodigitaldeescobar.com.ar\/#website\",\"url\":\"https:\/\/nuevodigitaldeescobar.com.ar\/\",\"name\":\"Nuevo Digital de Escobar\",\"description\":\"La vida escobarense. Directora: Rosana Brunner\",\"publisher\":{\"@id\":\"https:\/\/nuevodigitaldeescobar.com.ar\/#organization\"},\"potentialAction\":[{\"@type\":\"SearchAction\",\"target\":{\"@type\":\"EntryPoint\",\"urlTemplate\":\"https:\/\/nuevodigitaldeescobar.com.ar\/?s={search_term_string}\"},\"query-input\":{\"@type\":\"PropertyValueSpecification\",\"valueRequired\":true,\"valueName\":\"search_term_string\"}}],\"inLanguage\":\"es\"},{\"@type\":\"Organization\",\"@id\":\"https:\/\/nuevodigitaldeescobar.com.ar\/#organization\",\"name\":\"Nuevo Digital de Escobar\",\"url\":\"https:\/\/nuevodigitaldeescobar.com.ar\/\",\"logo\":{\"@type\":\"ImageObject\",\"inLanguage\":\"es\",\"@id\":\"https:\/\/nuevodigitaldeescobar.com.ar\/#\/schema\/logo\/image\/\",\"url\":\"https:\/\/nuevodigitaldeescobar.com.ar\/wp-content\/uploads\/2025\/05\/cropped-logo-nuevo2.jpg\",\"contentUrl\":\"https:\/\/nuevodigitaldeescobar.com.ar\/wp-content\/uploads\/2025\/05\/cropped-logo-nuevo2.jpg\",\"width\":305,\"height\":305,\"caption\":\"Nuevo Digital de Escobar\"},\"image\":{\"@id\":\"https:\/\/nuevodigitaldeescobar.com.ar\/#\/schema\/logo\/image\/\"},\"sameAs\":[\"https:\/\/www.facebook.com\/NUEVODigitalDeEscobar\",\"https:\/\/x.com\/nuevodigescobar\",\"https:\/\/www.instagram.com\/nuevodigitaldeescobar\"]},{\"@type\":\"Person\",\"@id\":\"https:\/\/nuevodigitaldeescobar.com.ar\/#\/schema\/person\/035e90a8efe9a80e6eec22656ad6ea4c\",\"name\":\"Redacci\u00f3n\",\"image\":{\"@type\":\"ImageObject\",\"inLanguage\":\"es\",\"@id\":\"https:\/\/nuevodigitaldeescobar.com.ar\/#\/schema\/person\/image\/\",\"url\":\"https:\/\/secure.gravatar.com\/avatar\/8af8f40000c24e9eef3034f2be5998a372bb1389e64b1a4a36b3a7979142220d?s=96&d=mm&r=g\",\"contentUrl\":\"https:\/\/secure.gravatar.com\/avatar\/8af8f40000c24e9eef3034f2be5998a372bb1389e64b1a4a36b3a7979142220d?s=96&d=mm&r=g\",\"caption\":\"Redacci\u00f3n\"},\"sameAs\":[\"http:\/\/nuevodigitaldeescobar.com.ar\"],\"url\":\"https:\/\/nuevodigitaldeescobar.com.ar\/?author=1\"}]}<\/script>\n<!-- \/ Yoast SEO plugin. -->","yoast_head_json":{"title":"Bajan a cero retenciones para econom\u00edas regionales - Nuevo Digital de Escobar","robots":{"index":"index","follow":"follow","max-snippet":"max-snippet:-1","max-image-preview":"max-image-preview:large","max-video-preview":"max-video-preview:-1"},"canonical":"https:\/\/nuevodigitaldeescobar.com.ar\/?p=1955","og_locale":"es_ES","og_type":"article","og_title":"Bajan a cero retenciones para econom\u00edas regionales - Nuevo Digital de Escobar","og_description":"Adem\u00e1s, la retenci\u00f3n a la vitivinicultura se reduce a 8%. En ese marco, se aumenta al\u00edcuota a subproductos de soja a modo de compensaci\u00f3n.","og_url":"https:\/\/nuevodigitaldeescobar.com.ar\/?p=1955","og_site_name":"Nuevo Digital de Escobar","article_publisher":"https:\/\/www.facebook.com\/NUEVODigitalDeEscobar","article_published_time":"2023-12-19T10:00:00+00:00","og_image":[{"width":720,"height":360,"url":"https:\/\/nuevodigitaldeescobar.com.ar\/wp-content\/uploads\/2023\/12\/fernando-villella-bioeconomia-e1702939650240.jpg","type":"image\/jpeg"}],"author":"Redacci\u00f3n","twitter_card":"summary_large_image","twitter_creator":"@nuevodigescobar","twitter_site":"@nuevodigescobar","twitter_misc":{"Escrito por":"Redacci\u00f3n","Tiempo de lectura":"2 minutos"},"schema":{"@context":"https:\/\/schema.org","@graph":[{"@type":"Article","@id":"https:\/\/nuevodigitaldeescobar.com.ar\/?p=1955#article","isPartOf":{"@id":"https:\/\/nuevodigitaldeescobar.com.ar\/?p=1955"},"author":{"name":"Redacci\u00f3n","@id":"https:\/\/nuevodigitaldeescobar.com.ar\/#\/schema\/person\/035e90a8efe9a80e6eec22656ad6ea4c"},"headline":"Bajan a cero retenciones para econom\u00edas regionales","datePublished":"2023-12-19T10:00:00+00:00","mainEntityOfPage":{"@id":"https:\/\/nuevodigitaldeescobar.com.ar\/?p=1955"},"wordCount":476,"commentCount":0,"publisher":{"@id":"https:\/\/nuevodigitaldeescobar.com.ar\/#organization"},"image":{"@id":"https:\/\/nuevodigitaldeescobar.com.ar\/?p=1955#primaryimage"},"thumbnailUrl":"https:\/\/nuevodigitaldeescobar.com.ar\/wp-content\/uploads\/2023\/12\/fernando-villella-bioeconomia-e1702939650240.jpg","articleSection":["Econom\u00eda"],"inLanguage":"es","potentialAction":[{"@type":"CommentAction","name":"Comment","target":["https:\/\/nuevodigitaldeescobar.com.ar\/?p=1955#respond"]}]},{"@type":"WebPage","@id":"https:\/\/nuevodigitaldeescobar.com.ar\/?p=1955","url":"https:\/\/nuevodigitaldeescobar.com.ar\/?p=1955","name":"Bajan a cero retenciones para econom\u00edas regionales - Nuevo Digital de Escobar","isPartOf":{"@id":"https:\/\/nuevodigitaldeescobar.com.ar\/#website"},"primaryImageOfPage":{"@id":"https:\/\/nuevodigitaldeescobar.com.ar\/?p=1955#primaryimage"},"image":{"@id":"https:\/\/nuevodigitaldeescobar.com.ar\/?p=1955#primaryimage"},"thumbnailUrl":"https:\/\/nuevodigitaldeescobar.com.ar\/wp-content\/uploads\/2023\/12\/fernando-villella-bioeconomia-e1702939650240.jpg","datePublished":"2023-12-19T10:00:00+00:00","breadcrumb":{"@id":"https:\/\/nuevodigitaldeescobar.com.ar\/?p=1955#breadcrumb"},"inLanguage":"es","potentialAction":[{"@type":"ReadAction","target":["https:\/\/nuevodigitaldeescobar.com.ar\/?p=1955"]}]},{"@type":"ImageObject","inLanguage":"es","@id":"https:\/\/nuevodigitaldeescobar.com.ar\/?p=1955#primaryimage","url":"https:\/\/nuevodigitaldeescobar.com.ar\/wp-content\/uploads\/2023\/12\/fernando-villella-bioeconomia-e1702939650240.jpg","contentUrl":"https:\/\/nuevodigitaldeescobar.com.ar\/wp-content\/uploads\/2023\/12\/fernando-villella-bioeconomia-e1702939650240.jpg","width":720,"height":360},{"@type":"BreadcrumbList","@id":"https:\/\/nuevodigitaldeescobar.com.ar\/?p=1955#breadcrumb","itemListElement":[{"@type":"ListItem","position":1,"name":"Portada","item":"https:\/\/nuevodigitaldeescobar.com.ar\/"},{"@type":"ListItem","position":2,"name":"Bajan a cero retenciones para econom\u00edas regionales"}]},{"@type":"WebSite","@id":"https:\/\/nuevodigitaldeescobar.com.ar\/#website","url":"https:\/\/nuevodigitaldeescobar.com.ar\/","name":"Nuevo Digital de Escobar","description":"La vida escobarense. Directora: Rosana Brunner","publisher":{"@id":"https:\/\/nuevodigitaldeescobar.com.ar\/#organization"},"potentialAction":[{"@type":"SearchAction","target":{"@type":"EntryPoint","urlTemplate":"https:\/\/nuevodigitaldeescobar.com.ar\/?s={search_term_string}"},"query-input":{"@type":"PropertyValueSpecification","valueRequired":true,"valueName":"search_term_string"}}],"inLanguage":"es"},{"@type":"Organization","@id":"https:\/\/nuevodigitaldeescobar.com.ar\/#organization","name":"Nuevo Digital de Escobar","url":"https:\/\/nuevodigitaldeescobar.com.ar\/","logo":{"@type":"ImageObject","inLanguage":"es","@id":"https:\/\/nuevodigitaldeescobar.com.ar\/#\/schema\/logo\/image\/","url":"https:\/\/nuevodigitaldeescobar.com.ar\/wp-content\/uploads\/2025\/05\/cropped-logo-nuevo2.jpg","contentUrl":"https:\/\/nuevodigitaldeescobar.com.ar\/wp-content\/uploads\/2025\/05\/cropped-logo-nuevo2.jpg","width":305,"height":305,"caption":"Nuevo Digital de Escobar"},"image":{"@id":"https:\/\/nuevodigitaldeescobar.com.ar\/#\/schema\/logo\/image\/"},"sameAs":["https:\/\/www.facebook.com\/NUEVODigitalDeEscobar","https:\/\/x.com\/nuevodigescobar","https:\/\/www.instagram.com\/nuevodigitaldeescobar"]},{"@type":"Person","@id":"https:\/\/nuevodigitaldeescobar.com.ar\/#\/schema\/person\/035e90a8efe9a80e6eec22656ad6ea4c","name":"Redacci\u00f3n","image":{"@type":"ImageObject","inLanguage":"es","@id":"https:\/\/nuevodigitaldeescobar.com.ar\/#\/schema\/person\/image\/","url":"https:\/\/secure.gravatar.com\/avatar\/8af8f40000c24e9eef3034f2be5998a372bb1389e64b1a4a36b3a7979142220d?s=96&d=mm&r=g","contentUrl":"https:\/\/secure.gravatar.com\/avatar\/8af8f40000c24e9eef3034f2be5998a372bb1389e64b1a4a36b3a7979142220d?s=96&d=mm&r=g","caption":"Redacci\u00f3n"},"sameAs":["http:\/\/nuevodigitaldeescobar.com.ar"],"url":"https:\/\/nuevodigitaldeescobar.com.ar\/?author=1"}]}},"featured_image_urls":{"full":["https:\/\/nuevodigitaldeescobar.com.ar\/wp-content\/uploads\/2023\/12\/fernando-villella-bioeconomia-e1702939650240.jpg",720,360,false],"thumbnail":["https:\/\/nuevodigitaldeescobar.com.ar\/wp-content\/uploads\/2023\/12\/fernando-villella-bioeconomia-150x150.jpg",150,150,true],"medium":["https:\/\/nuevodigitaldeescobar.com.ar\/wp-content\/uploads\/2023\/12\/fernando-villella-bioeconomia-300x150.jpg",300,150,true],"medium_large":["https:\/\/nuevodigitaldeescobar.com.ar\/wp-content\/uploads\/2023\/12\/fernando-villella-bioeconomia-768x384.jpg",640,320,true],"large":["https:\/\/nuevodigitaldeescobar.com.ar\/wp-content\/uploads\/2023\/12\/fernando-villella-bioeconomia-1024x512.jpg",640,320,true],"1536x1536":["https:\/\/nuevodigitaldeescobar.com.ar\/wp-content\/uploads\/2023\/12\/fernando-villella-bioeconomia-e1702939650240.jpg",720,360,false],"2048x2048":["https:\/\/nuevodigitaldeescobar.com.ar\/wp-content\/uploads\/2023\/12\/fernando-villella-bioeconomia-e1702939650240.jpg",720,360,false]},"author_info":{"display_name":"Redacci\u00f3n","author_link":"https:\/\/nuevodigitaldeescobar.com.ar\/?author=1"},"category_info":"<a href=\"https:\/\/nuevodigitaldeescobar.com.ar\/?cat=10\" rel=\"category\">Econom\u00eda<\/a>","tag_info":"Econom\u00eda","comment_count":"0","_links":{"self":[{"href":"https:\/\/nuevodigitaldeescobar.com.ar\/index.php?rest_route=\/wp\/v2\/posts\/1955","targetHints":{"allow":["GET"]}}],"collection":[{"href":"https:\/\/nuevodigitaldeescobar.com.ar\/index.php?rest_route=\/wp\/v2\/posts"}],"about":[{"href":"https:\/\/nuevodigitaldeescobar.com.ar\/index.php?rest_route=\/wp\/v2\/types\/post"}],"author":[{"embeddable":true,"href":"https:\/\/nuevodigitaldeescobar.com.ar\/index.php?rest_route=\/wp\/v2\/users\/1"}],"replies":[{"embeddable":true,"href":"https:\/\/nuevodigitaldeescobar.com.ar\/index.php?rest_route=%2Fwp%2Fv2%2Fcomments&post=1955"}],"version-history":[{"count":1,"href":"https:\/\/nuevodigitaldeescobar.com.ar\/index.php?rest_route=\/wp\/v2\/posts\/1955\/revisions"}],"predecessor-version":[{"id":1957,"href":"https:\/\/nuevodigitaldeescobar.com.ar\/index.php?rest_route=\/wp\/v2\/posts\/1955\/revisions\/1957"}],"wp:featuredmedia":[{"embeddable":true,"href":"https:\/\/nuevodigitaldeescobar.com.ar\/index.php?rest_route=\/wp\/v2\/media\/1956"}],"wp:attachment":[{"href":"https:\/\/nuevodigitaldeescobar.com.ar\/index.php?rest_route=%2Fwp%2Fv2%2Fmedia&parent=1955"}],"wp:term":[{"taxonomy":"category","embeddable":true,"href":"https:\/\/nuevodigitaldeescobar.com.ar\/index.php?rest_route=%2Fwp%2Fv2%2Fcategories&post=1955"},{"taxonomy":"post_tag","embeddable":true,"href":"https:\/\/nuevodigitaldeescobar.com.ar\/index.php?rest_route=%2Fwp%2Fv2%2Ftags&post=1955"}],"curies":[{"name":"wp","href":"https:\/\/api.w.org\/{rel}","templated":true}]}}