{"id":19556,"date":"2026-01-12T08:12:37","date_gmt":"2026-01-12T11:12:37","guid":{"rendered":"https:\/\/nuevodigitaldeescobar.com.ar\/?p=19556"},"modified":"2026-01-13T08:53:45","modified_gmt":"2026-01-13T11:53:45","slug":"golpe-al-bolsillo-tras-la-suba-de-tasas-ahora-tambien-aumento-el-estacionamiento-medido-en-escobar","status":"publish","type":"post","link":"https:\/\/nuevodigitaldeescobar.com.ar\/?p=19556","title":{"rendered":"Golpe al bolsillo: tras la suba de tasas, ahora tambi\u00e9n aument\u00f3 el estacionamiento medido en Escobar"},"content":{"rendered":"\n<p class=\"has-vivid-cyan-blue-color has-text-color has-link-color wp-elements-60b055770e6a5b01a2a020305e2fd19b\"><strong><em>En sinton\u00eda con el fuerte incremento en los impuestos y tasas municipales que marc\u00f3 el inicio de este 2026, la Municipalidad de Escobar oficializ\u00f3 un nuevo esquema tarifario para el estacionamiento medido en el centro de la ciudad. Los nuevos valores, que ya rigen desde esta semana, representan un incremento de hasta el 20% respecto a los precios de diciembre pasado.<\/em><\/strong><\/p>\n\n\n\n<!--more-->\n\n\n\n<p>Este ajuste no es un hecho aislado: se suma a la presi\u00f3n fiscal que los vecinos y comerciantes de Bel\u00e9n de Escobar vienen percibiendo en los \u00faltimos d\u00edas. En t\u00e9rminos interanuales, el servicio de parking municipal ha escalado de manera estrepitosa, llegando a duplicar su valor en algunas de sus fracciones de tiempo respecto a enero de 2025.<\/p>\n\n\n\n<hr class=\"wp-block-separator has-alpha-channel-opacity\"\/>\n\n\n\n<h3 class=\"wp-block-heading has-text-color has-link-color wp-elements-8f833bb4e36a7d34e129506ed9368962\" style=\"color:#171fc5\">Las nuevas tarifas de enero 2026<\/h3>\n\n\n\n<p>A continuaci\u00f3n, detallamos c\u00f3mo quedaron los valores que deber\u00e1n abonar quienes circulen por el casco c\u00e9ntrico de la ciudad:<\/p>\n\n\n\n<figure class=\"wp-block-table is-style-stripes\"><table class=\"has-vivid-cyan-blue-to-vivid-purple-gradient-background has-background has-fixed-layout\"><thead><tr><td><strong>Concepto<\/strong><\/td><td><strong>Valor Anterior (Dic 2025)<\/strong><\/td><td><strong>Nuevo Valor (Enero 2026)<\/strong><\/td><td><strong>Incremento<\/strong><\/td><\/tr><\/thead><tbody><tr><td><strong>Media hora<\/strong><\/td><td>$250,00<\/td><td><strong>$300,00<\/strong><\/td><td>20%<\/td><\/tr><tr><td><strong>Una hora<\/strong><\/td><td>$350,00<\/td><td><strong>$400,00<\/strong><\/td><td>15%<\/td><\/tr><tr><td><strong>Abono Mensual<\/strong><\/td><td>$19.400,00<\/td><td><strong>$23.300,00<\/strong><\/td><td>19,5%<\/td><\/tr><\/tbody><\/table><\/figure>\n\n\n\n<p>Si bien el monto de las infracciones se mantuvo sin cambios en esta oportunidad, cabe recordar que durante el a\u00f1o pasado el costo de la multa por no pagar el estacionamiento <strong>se triplic\u00f3<\/strong>, pasando de los $8.000 que costaba a principios de 2025 a los <strong>$24.000<\/strong> actuales ($12.000 por pago voluntario).<\/p>\n\n\n\n<h3 class=\"wp-block-heading has-text-color has-link-color wp-elements-06038613311886ce6b44fb7279530cd0\" style=\"color:#171fc5\">Expansi\u00f3n del \u00e1rea y marco legal<\/h3>\n\n\n\n<p>Adem\u00e1s del aumento en el costo, los usuarios deben estar alertas a la expansi\u00f3n de la zona de cobro. A partir de este a\u00f1o, se incorpor\u00f3 formalmente al sistema la manzana delimitada por las calles <strong>C\u00e9sar D\u00edaz, Col\u00f3n, Estrada y Mitre<\/strong>.<\/p>\n\n\n\n<p>El ajuste tarifario se desprende de las ordenanzas Fiscal y Tributaria aprobadas a fines de noviembre por el Concejo Deliberante. Aunque las tarifas actuales se encuentran por debajo del tope m\u00e1ximo autorizado por la norma (que permite llevar la hora hasta los $820 y el abono mensual a los $51.000), las autoridades municipales ya prev\u00e9n <strong>nuevas actualizaciones<\/strong> durante el transcurso del a\u00f1o, siguiendo el ritmo inflacionario y las necesidades recaudatorias de la comuna.<\/p>\n\n\n\n<h3 class=\"wp-block-heading has-text-color has-link-color wp-elements-b7150ae1712a916eb3ef9a193786137e\" style=\"color:#171fc5\">Informaci\u00f3n \u00fatil para el conductor<\/h3>\n\n\n\n<ul class=\"wp-block-list\">\n<li><strong>Horario:<\/strong> El sistema funciona de lunes a viernes, de <strong>08:00 a 20:00 horas<\/strong>. Cabe destacar que, desde el a\u00f1o pasado, se elimin\u00f3 el cobro durante los d\u00edas s\u00e1bados.<\/li>\n\n\n\n<li><strong>M\u00e9todos de pago:<\/strong> Se puede abonar mediante la aplicaci\u00f3n para dispositivos m\u00f3viles <strong>\u00abSEM Escobar\u00bb<\/strong> (asociando tarjetas de cr\u00e9dito o d\u00e9bito) o de manera presencial en los comercios adheridos.<\/li>\n\n\n\n<li><strong>L\u00edmites geogr\u00e1ficos:<\/strong> El cuadrante principal se mantiene entre la Av. Belgrano, Alberdi, 25 de Mayo y C\u00e9sar D\u00edaz, con extensiones espec\u00edficas en las calles Col\u00f3n, Rivadavia y Sarmiento.<\/li>\n<\/ul>\n","protected":false},"excerpt":{"rendered":"<p>En sinton\u00eda con el fuerte incremento en los impuestos y tasas municipales que marc\u00f3 el inicio de este 2026, la Municipalidad de Escobar oficializ\u00f3 un [&hellip;]<\/p>\n","protected":false},"author":1,"featured_media":5935,"comment_status":"open","ping_status":"open","sticky":false,"template":"","format":"standard","meta":{"footnotes":""},"categories":[10],"tags":[],"class_list":["post-19556","post","type-post","status-publish","format-standard","has-post-thumbnail","hentry","category-economia"],"better_featured_image":{"id":5935,"alt_text":"","caption":"","description":"","media_type":"image","media_details":{"width":720,"height":410,"file":"2024\/06\/estacionamiento-medido-escobar-e1717469469604.jpg","filesize":893477,"sizes":{"medium":{"file":"estacionamiento-medido-escobar-e1717469469604-300x171.jpg","width":300,"height":171,"mime-type":"image\/jpeg","filesize":25690,"source_url":"https:\/\/nuevodigitaldeescobar.com.ar\/wp-content\/uploads\/2024\/06\/estacionamiento-medido-escobar-e1717469469604-300x171.jpg"},"large":{"file":"estacionamiento-medido-escobar-1024x682.jpg","width":1024,"height":682,"mime-type":"image\/jpeg","filesize":191295,"source_url":"https:\/\/nuevodigitaldeescobar.com.ar\/wp-content\/uploads\/2024\/06\/estacionamiento-medido-escobar-1024x682.jpg"},"thumbnail":{"file":"estacionamiento-medido-escobar-e1717469469604-150x150.jpg","width":150,"height":150,"mime-type":"image\/jpeg","filesize":13968,"source_url":"https:\/\/nuevodigitaldeescobar.com.ar\/wp-content\/uploads\/2024\/06\/estacionamiento-medido-escobar-e1717469469604-150x150.jpg"},"medium_large":{"file":"estacionamiento-medido-escobar-768x512.jpg","width":768,"height":512,"mime-type":"image\/jpeg","filesize":124714,"source_url":"https:\/\/nuevodigitaldeescobar.com.ar\/wp-content\/uploads\/2024\/06\/estacionamiento-medido-escobar-768x512.jpg"},"1536x1536":{"file":"estacionamiento-medido-escobar-1536x1024.jpg","width":1536,"height":1024,"mime-type":"image\/jpeg","filesize":345181,"source_url":"https:\/\/nuevodigitaldeescobar.com.ar\/wp-content\/uploads\/2024\/06\/estacionamiento-medido-escobar-1536x1024.jpg"},"2048x2048":{"file":"estacionamiento-medido-escobar-2048x1365.jpg","width":2048,"height":1365,"mime-type":"image\/jpeg","filesize":522826,"source_url":"https:\/\/nuevodigitaldeescobar.com.ar\/wp-content\/uploads\/2024\/06\/estacionamiento-medido-escobar-2048x1365.jpg"}},"image_meta":{"aperture":"0","credit":"","camera":"","caption":"","created_timestamp":"0","copyright":"","focal_length":"0","iso":"0","shutter_speed":"0","title":"","orientation":"0","keywords":[]}},"post":5934,"source_url":"https:\/\/nuevodigitaldeescobar.com.ar\/wp-content\/uploads\/2024\/06\/estacionamiento-medido-escobar-e1717469469604.jpg"},"yoast_head":"<!-- This site is optimized with the Yoast SEO plugin v26.1.1 - https:\/\/yoast.com\/wordpress\/plugins\/seo\/ -->\n<title>Golpe al bolsillo: tras la suba de tasas, ahora tambi\u00e9n aument\u00f3 el estacionamiento medido en Escobar - Nuevo Digital de Escobar<\/title>\n<meta name=\"robots\" content=\"index, follow, max-snippet:-1, max-image-preview:large, max-video-preview:-1\" \/>\n<link rel=\"canonical\" href=\"https:\/\/nuevodigitaldeescobar.com.ar\/?p=19556\" \/>\n<meta property=\"og:locale\" content=\"es_ES\" \/>\n<meta property=\"og:type\" content=\"article\" \/>\n<meta property=\"og:title\" content=\"Golpe al bolsillo: tras la suba de tasas, ahora tambi\u00e9n aument\u00f3 el estacionamiento medido en Escobar - Nuevo Digital de Escobar\" \/>\n<meta property=\"og:description\" content=\"En sinton\u00eda con el fuerte incremento en los impuestos y tasas municipales que marc\u00f3 el inicio de este 2026, la Municipalidad de Escobar oficializ\u00f3 un [&hellip;]\" \/>\n<meta property=\"og:url\" content=\"https:\/\/nuevodigitaldeescobar.com.ar\/?p=19556\" \/>\n<meta property=\"og:site_name\" content=\"Nuevo Digital de Escobar\" \/>\n<meta property=\"article:publisher\" content=\"https:\/\/www.facebook.com\/NUEVODigitalDeEscobar\" \/>\n<meta property=\"article:published_time\" content=\"2026-01-12T11:12:37+00:00\" \/>\n<meta property=\"article:modified_time\" content=\"2026-01-13T11:53:45+00:00\" \/>\n<meta property=\"og:image\" content=\"http:\/\/nuevodigitaldeescobar.com.ar\/wp-content\/uploads\/2024\/06\/estacionamiento-medido-escobar-e1717469469604.jpg\" \/>\n\t<meta property=\"og:image:width\" content=\"720\" \/>\n\t<meta property=\"og:image:height\" content=\"410\" \/>\n\t<meta property=\"og:image:type\" content=\"image\/jpeg\" \/>\n<meta name=\"author\" content=\"Redacci\u00f3n\" \/>\n<meta name=\"twitter:card\" content=\"summary_large_image\" \/>\n<meta name=\"twitter:creator\" content=\"@nuevodigescobar\" \/>\n<meta name=\"twitter:site\" content=\"@nuevodigescobar\" \/>\n<meta name=\"twitter:label1\" content=\"Escrito por\" \/>\n\t<meta name=\"twitter:data1\" content=\"Redacci\u00f3n\" \/>\n\t<meta name=\"twitter:label2\" content=\"Tiempo de lectura\" \/>\n\t<meta name=\"twitter:data2\" content=\"3 minutos\" \/>\n<script type=\"application\/ld+json\" class=\"yoast-schema-graph\">{\"@context\":\"https:\/\/schema.org\",\"@graph\":[{\"@type\":\"Article\",\"@id\":\"https:\/\/nuevodigitaldeescobar.com.ar\/?p=19556#article\",\"isPartOf\":{\"@id\":\"https:\/\/nuevodigitaldeescobar.com.ar\/?p=19556\"},\"author\":{\"name\":\"Redacci\u00f3n\",\"@id\":\"https:\/\/nuevodigitaldeescobar.com.ar\/#\/schema\/person\/035e90a8efe9a80e6eec22656ad6ea4c\"},\"headline\":\"Golpe al bolsillo: tras la suba de tasas, ahora tambi\u00e9n aument\u00f3 el estacionamiento medido en Escobar\",\"datePublished\":\"2026-01-12T11:12:37+00:00\",\"dateModified\":\"2026-01-13T11:53:45+00:00\",\"mainEntityOfPage\":{\"@id\":\"https:\/\/nuevodigitaldeescobar.com.ar\/?p=19556\"},\"wordCount\":457,\"commentCount\":0,\"publisher\":{\"@id\":\"https:\/\/nuevodigitaldeescobar.com.ar\/#organization\"},\"image\":{\"@id\":\"https:\/\/nuevodigitaldeescobar.com.ar\/?p=19556#primaryimage\"},\"thumbnailUrl\":\"https:\/\/nuevodigitaldeescobar.com.ar\/wp-content\/uploads\/2024\/06\/estacionamiento-medido-escobar-e1717469469604.jpg\",\"articleSection\":[\"Econom\u00eda\"],\"inLanguage\":\"es\",\"potentialAction\":[{\"@type\":\"CommentAction\",\"name\":\"Comment\",\"target\":[\"https:\/\/nuevodigitaldeescobar.com.ar\/?p=19556#respond\"]}]},{\"@type\":\"WebPage\",\"@id\":\"https:\/\/nuevodigitaldeescobar.com.ar\/?p=19556\",\"url\":\"https:\/\/nuevodigitaldeescobar.com.ar\/?p=19556\",\"name\":\"Golpe al bolsillo: tras la suba de tasas, ahora tambi\u00e9n aument\u00f3 el estacionamiento medido en Escobar - Nuevo Digital de Escobar\",\"isPartOf\":{\"@id\":\"https:\/\/nuevodigitaldeescobar.com.ar\/#website\"},\"primaryImageOfPage\":{\"@id\":\"https:\/\/nuevodigitaldeescobar.com.ar\/?p=19556#primaryimage\"},\"image\":{\"@id\":\"https:\/\/nuevodigitaldeescobar.com.ar\/?p=19556#primaryimage\"},\"thumbnailUrl\":\"https:\/\/nuevodigitaldeescobar.com.ar\/wp-content\/uploads\/2024\/06\/estacionamiento-medido-escobar-e1717469469604.jpg\",\"datePublished\":\"2026-01-12T11:12:37+00:00\",\"dateModified\":\"2026-01-13T11:53:45+00:00\",\"breadcrumb\":{\"@id\":\"https:\/\/nuevodigitaldeescobar.com.ar\/?p=19556#breadcrumb\"},\"inLanguage\":\"es\",\"potentialAction\":[{\"@type\":\"ReadAction\",\"target\":[\"https:\/\/nuevodigitaldeescobar.com.ar\/?p=19556\"]}]},{\"@type\":\"ImageObject\",\"inLanguage\":\"es\",\"@id\":\"https:\/\/nuevodigitaldeescobar.com.ar\/?p=19556#primaryimage\",\"url\":\"https:\/\/nuevodigitaldeescobar.com.ar\/wp-content\/uploads\/2024\/06\/estacionamiento-medido-escobar-e1717469469604.jpg\",\"contentUrl\":\"https:\/\/nuevodigitaldeescobar.com.ar\/wp-content\/uploads\/2024\/06\/estacionamiento-medido-escobar-e1717469469604.jpg\",\"width\":720,\"height\":410},{\"@type\":\"BreadcrumbList\",\"@id\":\"https:\/\/nuevodigitaldeescobar.com.ar\/?p=19556#breadcrumb\",\"itemListElement\":[{\"@type\":\"ListItem\",\"position\":1,\"name\":\"Portada\",\"item\":\"https:\/\/nuevodigitaldeescobar.com.ar\/\"},{\"@type\":\"ListItem\",\"position\":2,\"name\":\"Golpe al bolsillo: tras la suba de tasas, ahora tambi\u00e9n aument\u00f3 el estacionamiento medido en Escobar\"}]},{\"@type\":\"WebSite\",\"@id\":\"https:\/\/nuevodigitaldeescobar.com.ar\/#website\",\"url\":\"https:\/\/nuevodigitaldeescobar.com.ar\/\",\"name\":\"Nuevo Digital de Escobar\",\"description\":\"La vida escobarense. Directora: Rosana Brunner\",\"publisher\":{\"@id\":\"https:\/\/nuevodigitaldeescobar.com.ar\/#organization\"},\"potentialAction\":[{\"@type\":\"SearchAction\",\"target\":{\"@type\":\"EntryPoint\",\"urlTemplate\":\"https:\/\/nuevodigitaldeescobar.com.ar\/?s={search_term_string}\"},\"query-input\":{\"@type\":\"PropertyValueSpecification\",\"valueRequired\":true,\"valueName\":\"search_term_string\"}}],\"inLanguage\":\"es\"},{\"@type\":\"Organization\",\"@id\":\"https:\/\/nuevodigitaldeescobar.com.ar\/#organization\",\"name\":\"Nuevo Digital de Escobar\",\"url\":\"https:\/\/nuevodigitaldeescobar.com.ar\/\",\"logo\":{\"@type\":\"ImageObject\",\"inLanguage\":\"es\",\"@id\":\"https:\/\/nuevodigitaldeescobar.com.ar\/#\/schema\/logo\/image\/\",\"url\":\"https:\/\/nuevodigitaldeescobar.com.ar\/wp-content\/uploads\/2025\/05\/cropped-logo-nuevo2.jpg\",\"contentUrl\":\"https:\/\/nuevodigitaldeescobar.com.ar\/wp-content\/uploads\/2025\/05\/cropped-logo-nuevo2.jpg\",\"width\":305,\"height\":305,\"caption\":\"Nuevo Digital de Escobar\"},\"image\":{\"@id\":\"https:\/\/nuevodigitaldeescobar.com.ar\/#\/schema\/logo\/image\/\"},\"sameAs\":[\"https:\/\/www.facebook.com\/NUEVODigitalDeEscobar\",\"https:\/\/x.com\/nuevodigescobar\",\"https:\/\/www.instagram.com\/nuevodigitaldeescobar\"]},{\"@type\":\"Person\",\"@id\":\"https:\/\/nuevodigitaldeescobar.com.ar\/#\/schema\/person\/035e90a8efe9a80e6eec22656ad6ea4c\",\"name\":\"Redacci\u00f3n\",\"image\":{\"@type\":\"ImageObject\",\"inLanguage\":\"es\",\"@id\":\"https:\/\/nuevodigitaldeescobar.com.ar\/#\/schema\/person\/image\/\",\"url\":\"https:\/\/secure.gravatar.com\/avatar\/8af8f40000c24e9eef3034f2be5998a372bb1389e64b1a4a36b3a7979142220d?s=96&d=mm&r=g\",\"contentUrl\":\"https:\/\/secure.gravatar.com\/avatar\/8af8f40000c24e9eef3034f2be5998a372bb1389e64b1a4a36b3a7979142220d?s=96&d=mm&r=g\",\"caption\":\"Redacci\u00f3n\"},\"sameAs\":[\"http:\/\/nuevodigitaldeescobar.com.ar\"],\"url\":\"https:\/\/nuevodigitaldeescobar.com.ar\/?author=1\"}]}<\/script>\n<!-- \/ Yoast SEO plugin. -->","yoast_head_json":{"title":"Golpe al bolsillo: tras la suba de tasas, ahora tambi\u00e9n aument\u00f3 el estacionamiento medido en Escobar - Nuevo Digital de Escobar","robots":{"index":"index","follow":"follow","max-snippet":"max-snippet:-1","max-image-preview":"max-image-preview:large","max-video-preview":"max-video-preview:-1"},"canonical":"https:\/\/nuevodigitaldeescobar.com.ar\/?p=19556","og_locale":"es_ES","og_type":"article","og_title":"Golpe al bolsillo: tras la suba de tasas, ahora tambi\u00e9n aument\u00f3 el estacionamiento medido en Escobar - Nuevo Digital de Escobar","og_description":"En sinton\u00eda con el fuerte incremento en los impuestos y tasas municipales que marc\u00f3 el inicio de este 2026, la Municipalidad de Escobar oficializ\u00f3 un [&hellip;]","og_url":"https:\/\/nuevodigitaldeescobar.com.ar\/?p=19556","og_site_name":"Nuevo Digital de Escobar","article_publisher":"https:\/\/www.facebook.com\/NUEVODigitalDeEscobar","article_published_time":"2026-01-12T11:12:37+00:00","article_modified_time":"2026-01-13T11:53:45+00:00","og_image":[{"width":720,"height":410,"url":"http:\/\/nuevodigitaldeescobar.com.ar\/wp-content\/uploads\/2024\/06\/estacionamiento-medido-escobar-e1717469469604.jpg","type":"image\/jpeg"}],"author":"Redacci\u00f3n","twitter_card":"summary_large_image","twitter_creator":"@nuevodigescobar","twitter_site":"@nuevodigescobar","twitter_misc":{"Escrito por":"Redacci\u00f3n","Tiempo de lectura":"3 minutos"},"schema":{"@context":"https:\/\/schema.org","@graph":[{"@type":"Article","@id":"https:\/\/nuevodigitaldeescobar.com.ar\/?p=19556#article","isPartOf":{"@id":"https:\/\/nuevodigitaldeescobar.com.ar\/?p=19556"},"author":{"name":"Redacci\u00f3n","@id":"https:\/\/nuevodigitaldeescobar.com.ar\/#\/schema\/person\/035e90a8efe9a80e6eec22656ad6ea4c"},"headline":"Golpe al bolsillo: tras la suba de tasas, ahora tambi\u00e9n aument\u00f3 el estacionamiento medido en Escobar","datePublished":"2026-01-12T11:12:37+00:00","dateModified":"2026-01-13T11:53:45+00:00","mainEntityOfPage":{"@id":"https:\/\/nuevodigitaldeescobar.com.ar\/?p=19556"},"wordCount":457,"commentCount":0,"publisher":{"@id":"https:\/\/nuevodigitaldeescobar.com.ar\/#organization"},"image":{"@id":"https:\/\/nuevodigitaldeescobar.com.ar\/?p=19556#primaryimage"},"thumbnailUrl":"https:\/\/nuevodigitaldeescobar.com.ar\/wp-content\/uploads\/2024\/06\/estacionamiento-medido-escobar-e1717469469604.jpg","articleSection":["Econom\u00eda"],"inLanguage":"es","potentialAction":[{"@type":"CommentAction","name":"Comment","target":["https:\/\/nuevodigitaldeescobar.com.ar\/?p=19556#respond"]}]},{"@type":"WebPage","@id":"https:\/\/nuevodigitaldeescobar.com.ar\/?p=19556","url":"https:\/\/nuevodigitaldeescobar.com.ar\/?p=19556","name":"Golpe al bolsillo: tras la suba de tasas, ahora tambi\u00e9n aument\u00f3 el estacionamiento medido en Escobar - Nuevo Digital de Escobar","isPartOf":{"@id":"https:\/\/nuevodigitaldeescobar.com.ar\/#website"},"primaryImageOfPage":{"@id":"https:\/\/nuevodigitaldeescobar.com.ar\/?p=19556#primaryimage"},"image":{"@id":"https:\/\/nuevodigitaldeescobar.com.ar\/?p=19556#primaryimage"},"thumbnailUrl":"https:\/\/nuevodigitaldeescobar.com.ar\/wp-content\/uploads\/2024\/06\/estacionamiento-medido-escobar-e1717469469604.jpg","datePublished":"2026-01-12T11:12:37+00:00","dateModified":"2026-01-13T11:53:45+00:00","breadcrumb":{"@id":"https:\/\/nuevodigitaldeescobar.com.ar\/?p=19556#breadcrumb"},"inLanguage":"es","potentialAction":[{"@type":"ReadAction","target":["https:\/\/nuevodigitaldeescobar.com.ar\/?p=19556"]}]},{"@type":"ImageObject","inLanguage":"es","@id":"https:\/\/nuevodigitaldeescobar.com.ar\/?p=19556#primaryimage","url":"https:\/\/nuevodigitaldeescobar.com.ar\/wp-content\/uploads\/2024\/06\/estacionamiento-medido-escobar-e1717469469604.jpg","contentUrl":"https:\/\/nuevodigitaldeescobar.com.ar\/wp-content\/uploads\/2024\/06\/estacionamiento-medido-escobar-e1717469469604.jpg","width":720,"height":410},{"@type":"BreadcrumbList","@id":"https:\/\/nuevodigitaldeescobar.com.ar\/?p=19556#breadcrumb","itemListElement":[{"@type":"ListItem","position":1,"name":"Portada","item":"https:\/\/nuevodigitaldeescobar.com.ar\/"},{"@type":"ListItem","position":2,"name":"Golpe al bolsillo: tras la suba de tasas, ahora tambi\u00e9n aument\u00f3 el estacionamiento medido en Escobar"}]},{"@type":"WebSite","@id":"https:\/\/nuevodigitaldeescobar.com.ar\/#website","url":"https:\/\/nuevodigitaldeescobar.com.ar\/","name":"Nuevo Digital de Escobar","description":"La vida escobarense. Directora: Rosana Brunner","publisher":{"@id":"https:\/\/nuevodigitaldeescobar.com.ar\/#organization"},"potentialAction":[{"@type":"SearchAction","target":{"@type":"EntryPoint","urlTemplate":"https:\/\/nuevodigitaldeescobar.com.ar\/?s={search_term_string}"},"query-input":{"@type":"PropertyValueSpecification","valueRequired":true,"valueName":"search_term_string"}}],"inLanguage":"es"},{"@type":"Organization","@id":"https:\/\/nuevodigitaldeescobar.com.ar\/#organization","name":"Nuevo Digital de Escobar","url":"https:\/\/nuevodigitaldeescobar.com.ar\/","logo":{"@type":"ImageObject","inLanguage":"es","@id":"https:\/\/nuevodigitaldeescobar.com.ar\/#\/schema\/logo\/image\/","url":"https:\/\/nuevodigitaldeescobar.com.ar\/wp-content\/uploads\/2025\/05\/cropped-logo-nuevo2.jpg","contentUrl":"https:\/\/nuevodigitaldeescobar.com.ar\/wp-content\/uploads\/2025\/05\/cropped-logo-nuevo2.jpg","width":305,"height":305,"caption":"Nuevo Digital de Escobar"},"image":{"@id":"https:\/\/nuevodigitaldeescobar.com.ar\/#\/schema\/logo\/image\/"},"sameAs":["https:\/\/www.facebook.com\/NUEVODigitalDeEscobar","https:\/\/x.com\/nuevodigescobar","https:\/\/www.instagram.com\/nuevodigitaldeescobar"]},{"@type":"Person","@id":"https:\/\/nuevodigitaldeescobar.com.ar\/#\/schema\/person\/035e90a8efe9a80e6eec22656ad6ea4c","name":"Redacci\u00f3n","image":{"@type":"ImageObject","inLanguage":"es","@id":"https:\/\/nuevodigitaldeescobar.com.ar\/#\/schema\/person\/image\/","url":"https:\/\/secure.gravatar.com\/avatar\/8af8f40000c24e9eef3034f2be5998a372bb1389e64b1a4a36b3a7979142220d?s=96&d=mm&r=g","contentUrl":"https:\/\/secure.gravatar.com\/avatar\/8af8f40000c24e9eef3034f2be5998a372bb1389e64b1a4a36b3a7979142220d?s=96&d=mm&r=g","caption":"Redacci\u00f3n"},"sameAs":["http:\/\/nuevodigitaldeescobar.com.ar"],"url":"https:\/\/nuevodigitaldeescobar.com.ar\/?author=1"}]}},"featured_image_urls":{"full":["https:\/\/nuevodigitaldeescobar.com.ar\/wp-content\/uploads\/2024\/06\/estacionamiento-medido-escobar-e1717469469604.jpg",720,410,false],"thumbnail":["https:\/\/nuevodigitaldeescobar.com.ar\/wp-content\/uploads\/2024\/06\/estacionamiento-medido-escobar-e1717469469604-150x150.jpg",150,150,true],"medium":["https:\/\/nuevodigitaldeescobar.com.ar\/wp-content\/uploads\/2024\/06\/estacionamiento-medido-escobar-e1717469469604-300x171.jpg",300,171,true],"medium_large":["https:\/\/nuevodigitaldeescobar.com.ar\/wp-content\/uploads\/2024\/06\/estacionamiento-medido-escobar-768x512.jpg",640,427,true],"large":["https:\/\/nuevodigitaldeescobar.com.ar\/wp-content\/uploads\/2024\/06\/estacionamiento-medido-escobar-1024x682.jpg",640,426,true],"1536x1536":["https:\/\/nuevodigitaldeescobar.com.ar\/wp-content\/uploads\/2024\/06\/estacionamiento-medido-escobar-1536x1024.jpg",1536,1024,true],"2048x2048":["https:\/\/nuevodigitaldeescobar.com.ar\/wp-content\/uploads\/2024\/06\/estacionamiento-medido-escobar-2048x1365.jpg",2048,1365,true]},"author_info":{"display_name":"Redacci\u00f3n","author_link":"https:\/\/nuevodigitaldeescobar.com.ar\/?author=1"},"category_info":"<a href=\"https:\/\/nuevodigitaldeescobar.com.ar\/?cat=10\" rel=\"category\">Econom\u00eda<\/a>","tag_info":"Econom\u00eda","comment_count":"0","_links":{"self":[{"href":"https:\/\/nuevodigitaldeescobar.com.ar\/index.php?rest_route=\/wp\/v2\/posts\/19556","targetHints":{"allow":["GET"]}}],"collection":[{"href":"https:\/\/nuevodigitaldeescobar.com.ar\/index.php?rest_route=\/wp\/v2\/posts"}],"about":[{"href":"https:\/\/nuevodigitaldeescobar.com.ar\/index.php?rest_route=\/wp\/v2\/types\/post"}],"author":[{"embeddable":true,"href":"https:\/\/nuevodigitaldeescobar.com.ar\/index.php?rest_route=\/wp\/v2\/users\/1"}],"replies":[{"embeddable":true,"href":"https:\/\/nuevodigitaldeescobar.com.ar\/index.php?rest_route=%2Fwp%2Fv2%2Fcomments&post=19556"}],"version-history":[{"count":2,"href":"https:\/\/nuevodigitaldeescobar.com.ar\/index.php?rest_route=\/wp\/v2\/posts\/19556\/revisions"}],"predecessor-version":[{"id":19573,"href":"https:\/\/nuevodigitaldeescobar.com.ar\/index.php?rest_route=\/wp\/v2\/posts\/19556\/revisions\/19573"}],"wp:featuredmedia":[{"embeddable":true,"href":"https:\/\/nuevodigitaldeescobar.com.ar\/index.php?rest_route=\/wp\/v2\/media\/5935"}],"wp:attachment":[{"href":"https:\/\/nuevodigitaldeescobar.com.ar\/index.php?rest_route=%2Fwp%2Fv2%2Fmedia&parent=19556"}],"wp:term":[{"taxonomy":"category","embeddable":true,"href":"https:\/\/nuevodigitaldeescobar.com.ar\/index.php?rest_route=%2Fwp%2Fv2%2Fcategories&post=19556"},{"taxonomy":"post_tag","embeddable":true,"href":"https:\/\/nuevodigitaldeescobar.com.ar\/index.php?rest_route=%2Fwp%2Fv2%2Ftags&post=19556"}],"curies":[{"name":"wp","href":"https:\/\/api.w.org\/{rel}","templated":true}]}}