{"id":19565,"date":"2026-01-13T07:59:16","date_gmt":"2026-01-13T10:59:16","guid":{"rendered":"https:\/\/nuevodigitaldeescobar.com.ar\/?p=19565"},"modified":"2026-01-13T07:59:19","modified_gmt":"2026-01-13T10:59:19","slug":"arranco-la-campana-de-vacunacion-contra-el-vsr-para-proteger-a-los-recien-nacidos","status":"publish","type":"post","link":"https:\/\/nuevodigitaldeescobar.com.ar\/?p=19565","title":{"rendered":"Arranc\u00f3 la campa\u00f1a de vacunaci\u00f3n contra el VSR para proteger a los reci\u00e9n nacidos"},"content":{"rendered":"\n<p class=\"has-vivid-cyan-blue-color has-text-color has-link-color wp-elements-599d2300a9b120dbe9cfed2ebeba108b\"><strong><em>En un paso clave para la salud p\u00fablica y la prevenci\u00f3n de enfermedades respiratorias infantiles, el Ministerio de Salud de la Naci\u00f3n dio inicio a la campa\u00f1a de vacunaci\u00f3n contra el Virus Sincicial Respiratorio (VSR) en todo el pa\u00eds. Esta estrategia, que ya se replica en los centros de salud y vacunatorios del partido de Escobar, tiene como objetivo principal proteger a los beb\u00e9s durante sus primeros meses de vida, el periodo de mayor vulnerabilidad.<\/em><\/strong><\/p>\n\n\n\n<!--more-->\n\n\n\n<p>La campa\u00f1a est\u00e1 dirigida espec\u00edficamente a <strong>personas gestantes que se encuentren entre las semanas 32 y 36 inclusive<\/strong>. Al vacunarse en este periodo, la madre transfiere anticuerpos al feto, asegurando que el reci\u00e9n nacido cuente con defensas propias desde el primer d\u00eda frente a cuadros graves de bronquiolitis y neumon\u00eda.<\/p>\n\n\n\n<hr class=\"wp-block-separator has-alpha-channel-opacity\"\/>\n\n\n\n<h3 class=\"wp-block-heading has-text-color has-link-color wp-elements-3c9ca6ccf234859c13f06f238e9656d1\" style=\"color:#1724bd\">\u00bfPor qu\u00e9 es importante vacunarse ahora?<\/h3>\n\n\n\n<p>El VSR es el principal causante de infecciones respiratorias bajas en lactantes y la mayor causa de internaci\u00f3n en menores de un a\u00f1o en Argentina. El inicio de la campa\u00f1a en enero no es casual: busca anticiparse al pico estacional de circulaci\u00f3n del virus, que suele registrarse entre los meses de <strong>marzo y abril<\/strong>.<\/p>\n\n\n\n<p class=\"has-text-color has-link-color wp-elements-c0c7394a56d881919204a104c74de6c5\" style=\"color:#1724bd\"><strong><span style=\"text-decoration: underline;\">Requisitos para acceder a la dosis:<\/span><\/strong><\/p>\n\n\n\n<ul class=\"wp-block-list\">\n<li><strong>Poblaci\u00f3n objetivo:<\/strong> Embarazadas en la semana 32 a 36 de gestaci\u00f3n.<\/li>\n\n\n\n<li><strong>Sin orden m\u00e9dica:<\/strong> No es necesario contar con una receta. Solo se debe presentar una constancia (ecograf\u00eda o carnet de control) que acredite la semana de embarazo.<\/li>\n\n\n\n<li><strong>Gratuidad:<\/strong> La vacuna est\u00e1 incluida en el Calendario Nacional y es gratuita en todos los efectores p\u00fablicos de salud.<\/li>\n<\/ul>\n\n\n\n<hr class=\"wp-block-separator has-alpha-channel-opacity\"\/>\n\n\n\n<h3 class=\"wp-block-heading has-text-color has-link-color wp-elements-62c7ff3424bceb4b504bb0c0ea409479\" style=\"color:#1724bd\">El \u00e9xito de la campa\u00f1a 2025 como respaldo<\/h3>\n\n\n\n<p>Los datos de la temporada anterior refuerzan la importancia de esta inmunizaci\u00f3n. Seg\u00fan estad\u00edsticas oficiales, durante 2025 la cobertura alcanz\u00f3 al 65% de la poblaci\u00f3n objetivo, lo que deriv\u00f3 en resultados contundentes:<\/p>\n\n\n\n<ul class=\"wp-block-list\">\n<li>Las hospitalizaciones por infecciones respiratorias graves en beb\u00e9s menores de seis meses <strong>se redujeron un 62%<\/strong>.<\/li>\n\n\n\n<li>Los ingresos a unidades de terapia intensiva pedi\u00e1trica por esta causa <strong>descendieron un 70%<\/strong>.<\/li>\n<\/ul>\n\n\n\n<h3 class=\"wp-block-heading has-text-color has-link-color wp-elements-0aa1fee7c8837baf742a1a58732afd28\" style=\"color:#1724bd\">Alerta de s\u00edntomas: \u00bfCu\u00e1ndo consultar al pediatra?<\/h3>\n\n\n\n<p>Mientras que en adultos el VSR se manifiesta como un resfriado com\u00fan (tos, fiebre leve y secreci\u00f3n nasal), en los beb\u00e9s los signos pueden ser m\u00e1s cr\u00edticos. Se recomienda a los padres y cuidadores de Escobar estar atentos a:<\/p>\n\n\n\n<ul class=\"wp-block-list\">\n<li>Irritabilidad o disminuci\u00f3n de la actividad.<\/li>\n\n\n\n<li>Rechazo al alimento o dificultad para succionar.<\/li>\n\n\n\n<li><strong>Dificultad respiratoria:<\/strong> Respiraci\u00f3n agitada, aleteo de la nariz o hundimiento de las costillas al inhalar.<\/li>\n\n\n\n<li>Coloraci\u00f3n azulada en la piel (cianosis) por falta de ox\u00edgeno.<\/li>\n<\/ul>\n\n\n\n<p>La vacunaci\u00f3n materna es hoy la herramienta m\u00e1s eficaz para evitar que los m\u00e1s peque\u00f1os lleguen a estas instancias de gravedad, reduciendo dr\u00e1sticamente la presi\u00f3n sobre el sistema de salud pedi\u00e1trico durante los meses de invierno.<\/p>\n","protected":false},"excerpt":{"rendered":"<p>En un paso clave para la salud p\u00fablica y la prevenci\u00f3n de enfermedades respiratorias infantiles, el Ministerio de Salud de la Naci\u00f3n dio inicio a [&hellip;]<\/p>\n","protected":false},"author":1,"featured_media":8697,"comment_status":"open","ping_status":"open","sticky":false,"template":"","format":"standard","meta":{"footnotes":""},"categories":[3],"tags":[],"class_list":["post-19565","post","type-post","status-publish","format-standard","has-post-thumbnail","hentry","category-nutricion"],"better_featured_image":{"id":8697,"alt_text":"","caption":"","description":"","media_type":"image","media_details":{"width":720,"height":480,"file":"2024\/10\/vacunacion-dengue-e1729087895346.jpg","filesize":148944,"sizes":{"medium":{"file":"vacunacion-dengue-300x200.jpg","width":300,"height":200,"mime-type":"image\/jpeg","filesize":14470,"source_url":"https:\/\/nuevodigitaldeescobar.com.ar\/wp-content\/uploads\/2024\/10\/vacunacion-dengue-300x200.jpg"},"thumbnail":{"file":"vacunacion-dengue-150x150.jpg","width":150,"height":150,"mime-type":"image\/jpeg","filesize":7857,"source_url":"https:\/\/nuevodigitaldeescobar.com.ar\/wp-content\/uploads\/2024\/10\/vacunacion-dengue-150x150.jpg"},"medium_large":{"file":"vacunacion-dengue-768x512.jpg","width":768,"height":512,"mime-type":"image\/jpeg","filesize":70903,"source_url":"https:\/\/nuevodigitaldeescobar.com.ar\/wp-content\/uploads\/2024\/10\/vacunacion-dengue-768x512.jpg"}},"image_meta":{"aperture":"0","credit":"","camera":"","caption":"","created_timestamp":"0","copyright":"","focal_length":"0","iso":"0","shutter_speed":"0","title":"","orientation":"0","keywords":[]}},"post":8696,"source_url":"https:\/\/nuevodigitaldeescobar.com.ar\/wp-content\/uploads\/2024\/10\/vacunacion-dengue-e1729087895346.jpg"},"yoast_head":"<!-- This site is optimized with the Yoast SEO plugin v26.1.1 - https:\/\/yoast.com\/wordpress\/plugins\/seo\/ -->\n<title>Arranc\u00f3 la campa\u00f1a de vacunaci\u00f3n contra el VSR para proteger a los reci\u00e9n nacidos - Nuevo Digital de Escobar<\/title>\n<meta name=\"robots\" content=\"index, follow, max-snippet:-1, max-image-preview:large, max-video-preview:-1\" \/>\n<link rel=\"canonical\" href=\"https:\/\/nuevodigitaldeescobar.com.ar\/?p=19565\" \/>\n<meta property=\"og:locale\" content=\"es_ES\" \/>\n<meta property=\"og:type\" content=\"article\" \/>\n<meta property=\"og:title\" content=\"Arranc\u00f3 la campa\u00f1a de vacunaci\u00f3n contra el VSR para proteger a los reci\u00e9n nacidos - Nuevo Digital de Escobar\" \/>\n<meta property=\"og:description\" content=\"En un paso clave para la salud p\u00fablica y la prevenci\u00f3n de enfermedades respiratorias infantiles, el Ministerio de Salud de la Naci\u00f3n dio inicio a [&hellip;]\" \/>\n<meta property=\"og:url\" content=\"https:\/\/nuevodigitaldeescobar.com.ar\/?p=19565\" \/>\n<meta property=\"og:site_name\" content=\"Nuevo Digital de Escobar\" \/>\n<meta property=\"article:publisher\" content=\"https:\/\/www.facebook.com\/NUEVODigitalDeEscobar\" \/>\n<meta property=\"article:published_time\" content=\"2026-01-13T10:59:16+00:00\" \/>\n<meta property=\"article:modified_time\" content=\"2026-01-13T10:59:19+00:00\" \/>\n<meta property=\"og:image\" content=\"http:\/\/nuevodigitaldeescobar.com.ar\/wp-content\/uploads\/2024\/10\/vacunacion-dengue-e1729087895346.jpg\" \/>\n\t<meta property=\"og:image:width\" content=\"720\" \/>\n\t<meta property=\"og:image:height\" content=\"480\" \/>\n\t<meta property=\"og:image:type\" content=\"image\/jpeg\" \/>\n<meta name=\"author\" content=\"Redacci\u00f3n\" \/>\n<meta name=\"twitter:card\" content=\"summary_large_image\" \/>\n<meta name=\"twitter:creator\" content=\"@nuevodigescobar\" \/>\n<meta name=\"twitter:site\" content=\"@nuevodigescobar\" \/>\n<meta name=\"twitter:label1\" content=\"Escrito por\" \/>\n\t<meta name=\"twitter:data1\" content=\"Redacci\u00f3n\" \/>\n\t<meta name=\"twitter:label2\" content=\"Tiempo de lectura\" \/>\n\t<meta name=\"twitter:data2\" content=\"3 minutos\" \/>\n<script type=\"application\/ld+json\" class=\"yoast-schema-graph\">{\"@context\":\"https:\/\/schema.org\",\"@graph\":[{\"@type\":\"Article\",\"@id\":\"https:\/\/nuevodigitaldeescobar.com.ar\/?p=19565#article\",\"isPartOf\":{\"@id\":\"https:\/\/nuevodigitaldeescobar.com.ar\/?p=19565\"},\"author\":{\"name\":\"Redacci\u00f3n\",\"@id\":\"https:\/\/nuevodigitaldeescobar.com.ar\/#\/schema\/person\/035e90a8efe9a80e6eec22656ad6ea4c\"},\"headline\":\"Arranc\u00f3 la campa\u00f1a de vacunaci\u00f3n contra el VSR para proteger a los reci\u00e9n nacidos\",\"datePublished\":\"2026-01-13T10:59:16+00:00\",\"dateModified\":\"2026-01-13T10:59:19+00:00\",\"mainEntityOfPage\":{\"@id\":\"https:\/\/nuevodigitaldeescobar.com.ar\/?p=19565\"},\"wordCount\":492,\"commentCount\":0,\"publisher\":{\"@id\":\"https:\/\/nuevodigitaldeescobar.com.ar\/#organization\"},\"image\":{\"@id\":\"https:\/\/nuevodigitaldeescobar.com.ar\/?p=19565#primaryimage\"},\"thumbnailUrl\":\"https:\/\/nuevodigitaldeescobar.com.ar\/wp-content\/uploads\/2024\/10\/vacunacion-dengue-e1729087895346.jpg\",\"articleSection\":[\"Salud y Nutrici\u00f3n\"],\"inLanguage\":\"es\",\"potentialAction\":[{\"@type\":\"CommentAction\",\"name\":\"Comment\",\"target\":[\"https:\/\/nuevodigitaldeescobar.com.ar\/?p=19565#respond\"]}]},{\"@type\":\"WebPage\",\"@id\":\"https:\/\/nuevodigitaldeescobar.com.ar\/?p=19565\",\"url\":\"https:\/\/nuevodigitaldeescobar.com.ar\/?p=19565\",\"name\":\"Arranc\u00f3 la campa\u00f1a de vacunaci\u00f3n contra el VSR para proteger a los reci\u00e9n nacidos - Nuevo Digital de Escobar\",\"isPartOf\":{\"@id\":\"https:\/\/nuevodigitaldeescobar.com.ar\/#website\"},\"primaryImageOfPage\":{\"@id\":\"https:\/\/nuevodigitaldeescobar.com.ar\/?p=19565#primaryimage\"},\"image\":{\"@id\":\"https:\/\/nuevodigitaldeescobar.com.ar\/?p=19565#primaryimage\"},\"thumbnailUrl\":\"https:\/\/nuevodigitaldeescobar.com.ar\/wp-content\/uploads\/2024\/10\/vacunacion-dengue-e1729087895346.jpg\",\"datePublished\":\"2026-01-13T10:59:16+00:00\",\"dateModified\":\"2026-01-13T10:59:19+00:00\",\"breadcrumb\":{\"@id\":\"https:\/\/nuevodigitaldeescobar.com.ar\/?p=19565#breadcrumb\"},\"inLanguage\":\"es\",\"potentialAction\":[{\"@type\":\"ReadAction\",\"target\":[\"https:\/\/nuevodigitaldeescobar.com.ar\/?p=19565\"]}]},{\"@type\":\"ImageObject\",\"inLanguage\":\"es\",\"@id\":\"https:\/\/nuevodigitaldeescobar.com.ar\/?p=19565#primaryimage\",\"url\":\"https:\/\/nuevodigitaldeescobar.com.ar\/wp-content\/uploads\/2024\/10\/vacunacion-dengue-e1729087895346.jpg\",\"contentUrl\":\"https:\/\/nuevodigitaldeescobar.com.ar\/wp-content\/uploads\/2024\/10\/vacunacion-dengue-e1729087895346.jpg\",\"width\":720,\"height\":480},{\"@type\":\"BreadcrumbList\",\"@id\":\"https:\/\/nuevodigitaldeescobar.com.ar\/?p=19565#breadcrumb\",\"itemListElement\":[{\"@type\":\"ListItem\",\"position\":1,\"name\":\"Portada\",\"item\":\"https:\/\/nuevodigitaldeescobar.com.ar\/\"},{\"@type\":\"ListItem\",\"position\":2,\"name\":\"Arranc\u00f3 la campa\u00f1a de vacunaci\u00f3n contra el VSR para proteger a los reci\u00e9n nacidos\"}]},{\"@type\":\"WebSite\",\"@id\":\"https:\/\/nuevodigitaldeescobar.com.ar\/#website\",\"url\":\"https:\/\/nuevodigitaldeescobar.com.ar\/\",\"name\":\"Nuevo Digital de Escobar\",\"description\":\"La vida escobarense. Directora: Rosana Brunner\",\"publisher\":{\"@id\":\"https:\/\/nuevodigitaldeescobar.com.ar\/#organization\"},\"potentialAction\":[{\"@type\":\"SearchAction\",\"target\":{\"@type\":\"EntryPoint\",\"urlTemplate\":\"https:\/\/nuevodigitaldeescobar.com.ar\/?s={search_term_string}\"},\"query-input\":{\"@type\":\"PropertyValueSpecification\",\"valueRequired\":true,\"valueName\":\"search_term_string\"}}],\"inLanguage\":\"es\"},{\"@type\":\"Organization\",\"@id\":\"https:\/\/nuevodigitaldeescobar.com.ar\/#organization\",\"name\":\"Nuevo Digital de Escobar\",\"url\":\"https:\/\/nuevodigitaldeescobar.com.ar\/\",\"logo\":{\"@type\":\"ImageObject\",\"inLanguage\":\"es\",\"@id\":\"https:\/\/nuevodigitaldeescobar.com.ar\/#\/schema\/logo\/image\/\",\"url\":\"https:\/\/nuevodigitaldeescobar.com.ar\/wp-content\/uploads\/2025\/05\/cropped-logo-nuevo2.jpg\",\"contentUrl\":\"https:\/\/nuevodigitaldeescobar.com.ar\/wp-content\/uploads\/2025\/05\/cropped-logo-nuevo2.jpg\",\"width\":305,\"height\":305,\"caption\":\"Nuevo Digital de Escobar\"},\"image\":{\"@id\":\"https:\/\/nuevodigitaldeescobar.com.ar\/#\/schema\/logo\/image\/\"},\"sameAs\":[\"https:\/\/www.facebook.com\/NUEVODigitalDeEscobar\",\"https:\/\/x.com\/nuevodigescobar\",\"https:\/\/www.instagram.com\/nuevodigitaldeescobar\"]},{\"@type\":\"Person\",\"@id\":\"https:\/\/nuevodigitaldeescobar.com.ar\/#\/schema\/person\/035e90a8efe9a80e6eec22656ad6ea4c\",\"name\":\"Redacci\u00f3n\",\"image\":{\"@type\":\"ImageObject\",\"inLanguage\":\"es\",\"@id\":\"https:\/\/nuevodigitaldeescobar.com.ar\/#\/schema\/person\/image\/\",\"url\":\"https:\/\/secure.gravatar.com\/avatar\/8af8f40000c24e9eef3034f2be5998a372bb1389e64b1a4a36b3a7979142220d?s=96&d=mm&r=g\",\"contentUrl\":\"https:\/\/secure.gravatar.com\/avatar\/8af8f40000c24e9eef3034f2be5998a372bb1389e64b1a4a36b3a7979142220d?s=96&d=mm&r=g\",\"caption\":\"Redacci\u00f3n\"},\"sameAs\":[\"http:\/\/nuevodigitaldeescobar.com.ar\"],\"url\":\"https:\/\/nuevodigitaldeescobar.com.ar\/?author=1\"}]}<\/script>\n<!-- \/ Yoast SEO plugin. -->","yoast_head_json":{"title":"Arranc\u00f3 la campa\u00f1a de vacunaci\u00f3n contra el VSR para proteger a los reci\u00e9n nacidos - Nuevo Digital de Escobar","robots":{"index":"index","follow":"follow","max-snippet":"max-snippet:-1","max-image-preview":"max-image-preview:large","max-video-preview":"max-video-preview:-1"},"canonical":"https:\/\/nuevodigitaldeescobar.com.ar\/?p=19565","og_locale":"es_ES","og_type":"article","og_title":"Arranc\u00f3 la campa\u00f1a de vacunaci\u00f3n contra el VSR para proteger a los reci\u00e9n nacidos - Nuevo Digital de Escobar","og_description":"En un paso clave para la salud p\u00fablica y la prevenci\u00f3n de enfermedades respiratorias infantiles, el Ministerio de Salud de la Naci\u00f3n dio inicio a [&hellip;]","og_url":"https:\/\/nuevodigitaldeescobar.com.ar\/?p=19565","og_site_name":"Nuevo Digital de Escobar","article_publisher":"https:\/\/www.facebook.com\/NUEVODigitalDeEscobar","article_published_time":"2026-01-13T10:59:16+00:00","article_modified_time":"2026-01-13T10:59:19+00:00","og_image":[{"width":720,"height":480,"url":"http:\/\/nuevodigitaldeescobar.com.ar\/wp-content\/uploads\/2024\/10\/vacunacion-dengue-e1729087895346.jpg","type":"image\/jpeg"}],"author":"Redacci\u00f3n","twitter_card":"summary_large_image","twitter_creator":"@nuevodigescobar","twitter_site":"@nuevodigescobar","twitter_misc":{"Escrito por":"Redacci\u00f3n","Tiempo de lectura":"3 minutos"},"schema":{"@context":"https:\/\/schema.org","@graph":[{"@type":"Article","@id":"https:\/\/nuevodigitaldeescobar.com.ar\/?p=19565#article","isPartOf":{"@id":"https:\/\/nuevodigitaldeescobar.com.ar\/?p=19565"},"author":{"name":"Redacci\u00f3n","@id":"https:\/\/nuevodigitaldeescobar.com.ar\/#\/schema\/person\/035e90a8efe9a80e6eec22656ad6ea4c"},"headline":"Arranc\u00f3 la campa\u00f1a de vacunaci\u00f3n contra el VSR para proteger a los reci\u00e9n nacidos","datePublished":"2026-01-13T10:59:16+00:00","dateModified":"2026-01-13T10:59:19+00:00","mainEntityOfPage":{"@id":"https:\/\/nuevodigitaldeescobar.com.ar\/?p=19565"},"wordCount":492,"commentCount":0,"publisher":{"@id":"https:\/\/nuevodigitaldeescobar.com.ar\/#organization"},"image":{"@id":"https:\/\/nuevodigitaldeescobar.com.ar\/?p=19565#primaryimage"},"thumbnailUrl":"https:\/\/nuevodigitaldeescobar.com.ar\/wp-content\/uploads\/2024\/10\/vacunacion-dengue-e1729087895346.jpg","articleSection":["Salud y Nutrici\u00f3n"],"inLanguage":"es","potentialAction":[{"@type":"CommentAction","name":"Comment","target":["https:\/\/nuevodigitaldeescobar.com.ar\/?p=19565#respond"]}]},{"@type":"WebPage","@id":"https:\/\/nuevodigitaldeescobar.com.ar\/?p=19565","url":"https:\/\/nuevodigitaldeescobar.com.ar\/?p=19565","name":"Arranc\u00f3 la campa\u00f1a de vacunaci\u00f3n contra el VSR para proteger a los reci\u00e9n nacidos - Nuevo Digital de Escobar","isPartOf":{"@id":"https:\/\/nuevodigitaldeescobar.com.ar\/#website"},"primaryImageOfPage":{"@id":"https:\/\/nuevodigitaldeescobar.com.ar\/?p=19565#primaryimage"},"image":{"@id":"https:\/\/nuevodigitaldeescobar.com.ar\/?p=19565#primaryimage"},"thumbnailUrl":"https:\/\/nuevodigitaldeescobar.com.ar\/wp-content\/uploads\/2024\/10\/vacunacion-dengue-e1729087895346.jpg","datePublished":"2026-01-13T10:59:16+00:00","dateModified":"2026-01-13T10:59:19+00:00","breadcrumb":{"@id":"https:\/\/nuevodigitaldeescobar.com.ar\/?p=19565#breadcrumb"},"inLanguage":"es","potentialAction":[{"@type":"ReadAction","target":["https:\/\/nuevodigitaldeescobar.com.ar\/?p=19565"]}]},{"@type":"ImageObject","inLanguage":"es","@id":"https:\/\/nuevodigitaldeescobar.com.ar\/?p=19565#primaryimage","url":"https:\/\/nuevodigitaldeescobar.com.ar\/wp-content\/uploads\/2024\/10\/vacunacion-dengue-e1729087895346.jpg","contentUrl":"https:\/\/nuevodigitaldeescobar.com.ar\/wp-content\/uploads\/2024\/10\/vacunacion-dengue-e1729087895346.jpg","width":720,"height":480},{"@type":"BreadcrumbList","@id":"https:\/\/nuevodigitaldeescobar.com.ar\/?p=19565#breadcrumb","itemListElement":[{"@type":"ListItem","position":1,"name":"Portada","item":"https:\/\/nuevodigitaldeescobar.com.ar\/"},{"@type":"ListItem","position":2,"name":"Arranc\u00f3 la campa\u00f1a de vacunaci\u00f3n contra el VSR para proteger a los reci\u00e9n nacidos"}]},{"@type":"WebSite","@id":"https:\/\/nuevodigitaldeescobar.com.ar\/#website","url":"https:\/\/nuevodigitaldeescobar.com.ar\/","name":"Nuevo Digital de Escobar","description":"La vida escobarense. Directora: Rosana Brunner","publisher":{"@id":"https:\/\/nuevodigitaldeescobar.com.ar\/#organization"},"potentialAction":[{"@type":"SearchAction","target":{"@type":"EntryPoint","urlTemplate":"https:\/\/nuevodigitaldeescobar.com.ar\/?s={search_term_string}"},"query-input":{"@type":"PropertyValueSpecification","valueRequired":true,"valueName":"search_term_string"}}],"inLanguage":"es"},{"@type":"Organization","@id":"https:\/\/nuevodigitaldeescobar.com.ar\/#organization","name":"Nuevo Digital de Escobar","url":"https:\/\/nuevodigitaldeescobar.com.ar\/","logo":{"@type":"ImageObject","inLanguage":"es","@id":"https:\/\/nuevodigitaldeescobar.com.ar\/#\/schema\/logo\/image\/","url":"https:\/\/nuevodigitaldeescobar.com.ar\/wp-content\/uploads\/2025\/05\/cropped-logo-nuevo2.jpg","contentUrl":"https:\/\/nuevodigitaldeescobar.com.ar\/wp-content\/uploads\/2025\/05\/cropped-logo-nuevo2.jpg","width":305,"height":305,"caption":"Nuevo Digital de Escobar"},"image":{"@id":"https:\/\/nuevodigitaldeescobar.com.ar\/#\/schema\/logo\/image\/"},"sameAs":["https:\/\/www.facebook.com\/NUEVODigitalDeEscobar","https:\/\/x.com\/nuevodigescobar","https:\/\/www.instagram.com\/nuevodigitaldeescobar"]},{"@type":"Person","@id":"https:\/\/nuevodigitaldeescobar.com.ar\/#\/schema\/person\/035e90a8efe9a80e6eec22656ad6ea4c","name":"Redacci\u00f3n","image":{"@type":"ImageObject","inLanguage":"es","@id":"https:\/\/nuevodigitaldeescobar.com.ar\/#\/schema\/person\/image\/","url":"https:\/\/secure.gravatar.com\/avatar\/8af8f40000c24e9eef3034f2be5998a372bb1389e64b1a4a36b3a7979142220d?s=96&d=mm&r=g","contentUrl":"https:\/\/secure.gravatar.com\/avatar\/8af8f40000c24e9eef3034f2be5998a372bb1389e64b1a4a36b3a7979142220d?s=96&d=mm&r=g","caption":"Redacci\u00f3n"},"sameAs":["http:\/\/nuevodigitaldeescobar.com.ar"],"url":"https:\/\/nuevodigitaldeescobar.com.ar\/?author=1"}]}},"featured_image_urls":{"full":["https:\/\/nuevodigitaldeescobar.com.ar\/wp-content\/uploads\/2024\/10\/vacunacion-dengue-e1729087895346.jpg",720,480,false],"thumbnail":["https:\/\/nuevodigitaldeescobar.com.ar\/wp-content\/uploads\/2024\/10\/vacunacion-dengue-150x150.jpg",150,150,true],"medium":["https:\/\/nuevodigitaldeescobar.com.ar\/wp-content\/uploads\/2024\/10\/vacunacion-dengue-300x200.jpg",300,200,true],"medium_large":["https:\/\/nuevodigitaldeescobar.com.ar\/wp-content\/uploads\/2024\/10\/vacunacion-dengue-768x512.jpg",640,427,true],"large":["https:\/\/nuevodigitaldeescobar.com.ar\/wp-content\/uploads\/2024\/10\/vacunacion-dengue-e1729087895346.jpg",640,427,false],"1536x1536":["https:\/\/nuevodigitaldeescobar.com.ar\/wp-content\/uploads\/2024\/10\/vacunacion-dengue-e1729087895346.jpg",720,480,false],"2048x2048":["https:\/\/nuevodigitaldeescobar.com.ar\/wp-content\/uploads\/2024\/10\/vacunacion-dengue-e1729087895346.jpg",720,480,false]},"author_info":{"display_name":"Redacci\u00f3n","author_link":"https:\/\/nuevodigitaldeescobar.com.ar\/?author=1"},"category_info":"<a href=\"https:\/\/nuevodigitaldeescobar.com.ar\/?cat=3\" rel=\"category\">Salud y Nutrici\u00f3n<\/a>","tag_info":"Salud y Nutrici\u00f3n","comment_count":"0","_links":{"self":[{"href":"https:\/\/nuevodigitaldeescobar.com.ar\/index.php?rest_route=\/wp\/v2\/posts\/19565","targetHints":{"allow":["GET"]}}],"collection":[{"href":"https:\/\/nuevodigitaldeescobar.com.ar\/index.php?rest_route=\/wp\/v2\/posts"}],"about":[{"href":"https:\/\/nuevodigitaldeescobar.com.ar\/index.php?rest_route=\/wp\/v2\/types\/post"}],"author":[{"embeddable":true,"href":"https:\/\/nuevodigitaldeescobar.com.ar\/index.php?rest_route=\/wp\/v2\/users\/1"}],"replies":[{"embeddable":true,"href":"https:\/\/nuevodigitaldeescobar.com.ar\/index.php?rest_route=%2Fwp%2Fv2%2Fcomments&post=19565"}],"version-history":[{"count":1,"href":"https:\/\/nuevodigitaldeescobar.com.ar\/index.php?rest_route=\/wp\/v2\/posts\/19565\/revisions"}],"predecessor-version":[{"id":19566,"href":"https:\/\/nuevodigitaldeescobar.com.ar\/index.php?rest_route=\/wp\/v2\/posts\/19565\/revisions\/19566"}],"wp:featuredmedia":[{"embeddable":true,"href":"https:\/\/nuevodigitaldeescobar.com.ar\/index.php?rest_route=\/wp\/v2\/media\/8697"}],"wp:attachment":[{"href":"https:\/\/nuevodigitaldeescobar.com.ar\/index.php?rest_route=%2Fwp%2Fv2%2Fmedia&parent=19565"}],"wp:term":[{"taxonomy":"category","embeddable":true,"href":"https:\/\/nuevodigitaldeescobar.com.ar\/index.php?rest_route=%2Fwp%2Fv2%2Fcategories&post=19565"},{"taxonomy":"post_tag","embeddable":true,"href":"https:\/\/nuevodigitaldeescobar.com.ar\/index.php?rest_route=%2Fwp%2Fv2%2Ftags&post=19565"}],"curies":[{"name":"wp","href":"https:\/\/api.w.org\/{rel}","templated":true}]}}