{"id":19567,"date":"2026-01-13T08:05:44","date_gmt":"2026-01-13T11:05:44","guid":{"rendered":"https:\/\/nuevodigitaldeescobar.com.ar\/?p=19567"},"modified":"2026-01-13T08:05:49","modified_gmt":"2026-01-13T11:05:49","slug":"tragedia-en-la-costa-un-muerto-y-decenas-de-heridos-tras-el-impacto-de-un-meteotsunami-en-santa-clara-y-mar-chiquita","status":"publish","type":"post","link":"https:\/\/nuevodigitaldeescobar.com.ar\/?p=19567","title":{"rendered":"Tragedia en la Costa: un muerto y decenas de heridos tras el impacto de un \u00abmeteotsunami\u00bb en Santa Clara y Mar Chiquita"},"content":{"rendered":"\n<p class=\"has-vivid-cyan-blue-color has-text-color has-link-color wp-elements-fa19caf5120955e736ecc2ae5681e1b4\"><strong><em>Lo que comenz\u00f3 como una jornada de descanso bajo el sol se transform\u00f3 en una pesadilla en cuesti\u00f3n de segundos. Este lunes, un fen\u00f3meno meteorol\u00f3gico extremo, t\u00e9cnicamente conocido como meteotsunami, golpe\u00f3 las costas de Santa Clara del Mar, Mar Chiquita y Mar del Plata, dejando un saldo de un joven fallecido, un hombre internado por un infarto y al menos 35 heridos.<\/em><\/strong><\/p>\n\n\n\n<!--more-->\n\n\n\n<p>La v\u00edctima fatal fue identificada como <strong>Yair Amir Manno N\u00fa\u00f1ez<\/strong>, un jinete de 29 a\u00f1os oriundo de Mar del Plata que resid\u00eda en Francia y se encontraba en el pa\u00eds visitando a su familia. Seg\u00fan el relato de testigos y autoridades, el joven fue arrastrado por la fuerza del agua y golpe\u00f3 su cabeza contra las rocas en la zona de Santa Clara. A pesar de los esfuerzos de reanimaci\u00f3n de los guardavidas, no pudo ser salvado.<\/p>\n\n\n\n<hr class=\"wp-block-separator has-alpha-channel-opacity\"\/>\n\n\n\n<h3 class=\"wp-block-heading has-text-color has-link-color wp-elements-47094f0b0a422f7e27c8b16a8bf3aed1\" style=\"color:#0f23be\">Un fen\u00f3meno \u00abimprevisible\u00bb y aterrador<\/h3>\n\n\n\n<p>El titular de Defensa Civil de la Provincia, <strong>Fabi\u00e1n Garc\u00eda<\/strong>, calific\u00f3 el evento como algo <em>\u00abaleatorio e imprevisible\u00bb<\/em>. Lo que vivieron los turistas fue una secuencia digna de una pel\u00edcula de cat\u00e1strofe: el mar se retir\u00f3 repentinamente entre 70 y 80 metros para luego regresar con una <strong>ola gigante que alcanz\u00f3 los cinco metros de altura.<\/strong><\/p>\n\n\n\n<p><strong>Maximiliano Prensky<\/strong>, uno de los guardavidas que particip\u00f3 en los rescates, describi\u00f3 el momento con crudeza en di\u00e1logo con la prensa: <em>\u00abEmpezamos a tocar silbatos, pero con el calor que hac\u00eda la gente no sal\u00eda del agua. Se produjo un remolino negro, fue horrible\u00bb<\/em>. La marea subi\u00f3 de forma tan incisiva que personas que ten\u00edan el agua por la cintura, de un momento a otro, se vieron sumergidas hasta el cuello.<\/p>\n\n\n\n<h3 class=\"wp-block-heading has-text-color has-link-color wp-elements-fb00a59128ddb9d46e6b439497c3ac07\" style=\"color:#0f23be\">\u00bfQu\u00e9 es un meteotsunami?<\/h3>\n\n\n\n<p>A diferencia de los tsunamis provocados por movimientos s\u00edsmicos, un meteotsunami (u \u00abolas vagabundas\u00bb) tiene un origen atmosf\u00e9rico. El ingeniero <strong>Fernando Oreiro<\/strong> explic\u00f3 que estos eventos se producen por cambios bruscos en la presi\u00f3n atmosf\u00e9rica que se propagan sobre el mar, generando ondas que ganan magnitud al llegar a la costa.<\/p>\n\n\n\n<ul class=\"wp-block-list\">\n<li><strong>Alcance:<\/strong> El foco principal fue en Mar Chiquita, pero se sinti\u00f3 con fuerza en el norte de Mar del Plata.<\/li>\n\n\n\n<li><strong>Da\u00f1os materiales:<\/strong> El agua barri\u00f3 con sombrillas, reposeras y pertenencias personales de miles de turistas.<\/li>\n\n\n\n<li><strong>Heridos:<\/strong> Adem\u00e1s de los 35 lesionados por golpes, un hombre sufri\u00f3 un infarto durante el caos y permanece bajo observaci\u00f3n m\u00e9dica.<\/li>\n<\/ul>\n\n\n\n<h3 class=\"wp-block-heading has-text-color has-link-color wp-elements-ee6cc442c0f7a39eac98688d75e47e21\" style=\"color:#0f23be\">Evacuaci\u00f3n y prevenci\u00f3n<\/h3>\n\n\n\n<p>Tras el evento, Defensa Civil dispuso la <strong>evacuaci\u00f3n preventiva<\/strong> de todas las playas afectadas para relevar la situaci\u00f3n sanitaria. Si bien el fen\u00f3meno ya ces\u00f3, las autoridades mantienen el monitoreo constante, dado que la ciencia a\u00fan no puede predecir con exactitud cu\u00e1ndo o d\u00f3nde podr\u00eda repetirse un evento de estas caracter\u00edsticas.<\/p>\n","protected":false},"excerpt":{"rendered":"<p>Lo que comenz\u00f3 como una jornada de descanso bajo el sol se transform\u00f3 en una pesadilla en cuesti\u00f3n de segundos. Este lunes, un fen\u00f3meno meteorol\u00f3gico [&hellip;]<\/p>\n","protected":false},"author":1,"featured_media":19568,"comment_status":"open","ping_status":"open","sticky":false,"template":"","format":"standard","meta":{"footnotes":""},"categories":[15],"tags":[],"class_list":["post-19567","post","type-post","status-publish","format-standard","has-post-thumbnail","hentry","category-sociedad"],"better_featured_image":{"id":19568,"alt_text":"","caption":"","description":"","media_type":"image","media_details":{"width":992,"height":558,"file":"2026\/01\/marchiq32.png","filesize":827256,"sizes":{"medium":{"file":"marchiq32-300x169.png","width":300,"height":169,"mime-type":"image\/png","filesize":38106,"source_url":"https:\/\/nuevodigitaldeescobar.com.ar\/wp-content\/uploads\/2026\/01\/marchiq32-300x169.png"},"thumbnail":{"file":"marchiq32-150x150.png","width":150,"height":150,"mime-type":"image\/png","filesize":18412,"source_url":"https:\/\/nuevodigitaldeescobar.com.ar\/wp-content\/uploads\/2026\/01\/marchiq32-150x150.png"},"medium_large":{"file":"marchiq32-768x432.png","width":768,"height":432,"mime-type":"image\/png","filesize":188577,"source_url":"https:\/\/nuevodigitaldeescobar.com.ar\/wp-content\/uploads\/2026\/01\/marchiq32-768x432.png"}},"image_meta":{"aperture":"0","credit":"","camera":"","caption":"","created_timestamp":"0","copyright":"","focal_length":"0","iso":"0","shutter_speed":"0","title":"","orientation":"0","keywords":[]}},"post":19567,"source_url":"https:\/\/nuevodigitaldeescobar.com.ar\/wp-content\/uploads\/2026\/01\/marchiq32.png"},"yoast_head":"<!-- This site is optimized with the Yoast SEO plugin v26.1.1 - https:\/\/yoast.com\/wordpress\/plugins\/seo\/ -->\n<title>Tragedia en la Costa: un muerto y decenas de heridos tras el impacto de un &quot;meteotsunami&quot; en Santa Clara y Mar Chiquita - Nuevo Digital de Escobar<\/title>\n<meta name=\"robots\" content=\"index, follow, max-snippet:-1, max-image-preview:large, max-video-preview:-1\" \/>\n<link rel=\"canonical\" href=\"https:\/\/nuevodigitaldeescobar.com.ar\/?p=19567\" \/>\n<meta property=\"og:locale\" content=\"es_ES\" \/>\n<meta property=\"og:type\" content=\"article\" \/>\n<meta property=\"og:title\" content=\"Tragedia en la Costa: un muerto y decenas de heridos tras el impacto de un &quot;meteotsunami&quot; en Santa Clara y Mar Chiquita - Nuevo Digital de Escobar\" \/>\n<meta property=\"og:description\" content=\"Lo que comenz\u00f3 como una jornada de descanso bajo el sol se transform\u00f3 en una pesadilla en cuesti\u00f3n de segundos. Este lunes, un fen\u00f3meno meteorol\u00f3gico [&hellip;]\" \/>\n<meta property=\"og:url\" content=\"https:\/\/nuevodigitaldeescobar.com.ar\/?p=19567\" \/>\n<meta property=\"og:site_name\" content=\"Nuevo Digital de Escobar\" \/>\n<meta property=\"article:publisher\" content=\"https:\/\/www.facebook.com\/NUEVODigitalDeEscobar\" \/>\n<meta property=\"article:published_time\" content=\"2026-01-13T11:05:44+00:00\" \/>\n<meta property=\"article:modified_time\" content=\"2026-01-13T11:05:49+00:00\" \/>\n<meta property=\"og:image\" content=\"http:\/\/nuevodigitaldeescobar.com.ar\/wp-content\/uploads\/2026\/01\/marchiq32.png\" \/>\n\t<meta property=\"og:image:width\" content=\"992\" \/>\n\t<meta property=\"og:image:height\" content=\"558\" \/>\n\t<meta property=\"og:image:type\" content=\"image\/png\" \/>\n<meta name=\"author\" content=\"Redacci\u00f3n\" \/>\n<meta name=\"twitter:card\" content=\"summary_large_image\" \/>\n<meta name=\"twitter:creator\" content=\"@nuevodigescobar\" \/>\n<meta name=\"twitter:site\" content=\"@nuevodigescobar\" \/>\n<meta name=\"twitter:label1\" content=\"Escrito por\" \/>\n\t<meta name=\"twitter:data1\" content=\"Redacci\u00f3n\" \/>\n\t<meta name=\"twitter:label2\" content=\"Tiempo de lectura\" \/>\n\t<meta name=\"twitter:data2\" content=\"3 minutos\" \/>\n<script type=\"application\/ld+json\" class=\"yoast-schema-graph\">{\"@context\":\"https:\/\/schema.org\",\"@graph\":[{\"@type\":\"Article\",\"@id\":\"https:\/\/nuevodigitaldeescobar.com.ar\/?p=19567#article\",\"isPartOf\":{\"@id\":\"https:\/\/nuevodigitaldeescobar.com.ar\/?p=19567\"},\"author\":{\"name\":\"Redacci\u00f3n\",\"@id\":\"https:\/\/nuevodigitaldeescobar.com.ar\/#\/schema\/person\/035e90a8efe9a80e6eec22656ad6ea4c\"},\"headline\":\"Tragedia en la Costa: un muerto y decenas de heridos tras el impacto de un \u00abmeteotsunami\u00bb en Santa Clara y Mar Chiquita\",\"datePublished\":\"2026-01-13T11:05:44+00:00\",\"dateModified\":\"2026-01-13T11:05:49+00:00\",\"mainEntityOfPage\":{\"@id\":\"https:\/\/nuevodigitaldeescobar.com.ar\/?p=19567\"},\"wordCount\":491,\"commentCount\":0,\"publisher\":{\"@id\":\"https:\/\/nuevodigitaldeescobar.com.ar\/#organization\"},\"image\":{\"@id\":\"https:\/\/nuevodigitaldeescobar.com.ar\/?p=19567#primaryimage\"},\"thumbnailUrl\":\"https:\/\/nuevodigitaldeescobar.com.ar\/wp-content\/uploads\/2026\/01\/marchiq32.png\",\"articleSection\":[\"Sociedad\"],\"inLanguage\":\"es\",\"potentialAction\":[{\"@type\":\"CommentAction\",\"name\":\"Comment\",\"target\":[\"https:\/\/nuevodigitaldeescobar.com.ar\/?p=19567#respond\"]}]},{\"@type\":\"WebPage\",\"@id\":\"https:\/\/nuevodigitaldeescobar.com.ar\/?p=19567\",\"url\":\"https:\/\/nuevodigitaldeescobar.com.ar\/?p=19567\",\"name\":\"Tragedia en la Costa: un muerto y decenas de heridos tras el impacto de un \\\"meteotsunami\\\" en Santa Clara y Mar Chiquita - Nuevo Digital de Escobar\",\"isPartOf\":{\"@id\":\"https:\/\/nuevodigitaldeescobar.com.ar\/#website\"},\"primaryImageOfPage\":{\"@id\":\"https:\/\/nuevodigitaldeescobar.com.ar\/?p=19567#primaryimage\"},\"image\":{\"@id\":\"https:\/\/nuevodigitaldeescobar.com.ar\/?p=19567#primaryimage\"},\"thumbnailUrl\":\"https:\/\/nuevodigitaldeescobar.com.ar\/wp-content\/uploads\/2026\/01\/marchiq32.png\",\"datePublished\":\"2026-01-13T11:05:44+00:00\",\"dateModified\":\"2026-01-13T11:05:49+00:00\",\"breadcrumb\":{\"@id\":\"https:\/\/nuevodigitaldeescobar.com.ar\/?p=19567#breadcrumb\"},\"inLanguage\":\"es\",\"potentialAction\":[{\"@type\":\"ReadAction\",\"target\":[\"https:\/\/nuevodigitaldeescobar.com.ar\/?p=19567\"]}]},{\"@type\":\"ImageObject\",\"inLanguage\":\"es\",\"@id\":\"https:\/\/nuevodigitaldeescobar.com.ar\/?p=19567#primaryimage\",\"url\":\"https:\/\/nuevodigitaldeescobar.com.ar\/wp-content\/uploads\/2026\/01\/marchiq32.png\",\"contentUrl\":\"https:\/\/nuevodigitaldeescobar.com.ar\/wp-content\/uploads\/2026\/01\/marchiq32.png\",\"width\":992,\"height\":558},{\"@type\":\"BreadcrumbList\",\"@id\":\"https:\/\/nuevodigitaldeescobar.com.ar\/?p=19567#breadcrumb\",\"itemListElement\":[{\"@type\":\"ListItem\",\"position\":1,\"name\":\"Portada\",\"item\":\"https:\/\/nuevodigitaldeescobar.com.ar\/\"},{\"@type\":\"ListItem\",\"position\":2,\"name\":\"Tragedia en la Costa: un muerto y decenas de heridos tras el impacto de un \u00abmeteotsunami\u00bb en Santa Clara y Mar Chiquita\"}]},{\"@type\":\"WebSite\",\"@id\":\"https:\/\/nuevodigitaldeescobar.com.ar\/#website\",\"url\":\"https:\/\/nuevodigitaldeescobar.com.ar\/\",\"name\":\"Nuevo Digital de Escobar\",\"description\":\"La vida escobarense. Directora: Rosana Brunner\",\"publisher\":{\"@id\":\"https:\/\/nuevodigitaldeescobar.com.ar\/#organization\"},\"potentialAction\":[{\"@type\":\"SearchAction\",\"target\":{\"@type\":\"EntryPoint\",\"urlTemplate\":\"https:\/\/nuevodigitaldeescobar.com.ar\/?s={search_term_string}\"},\"query-input\":{\"@type\":\"PropertyValueSpecification\",\"valueRequired\":true,\"valueName\":\"search_term_string\"}}],\"inLanguage\":\"es\"},{\"@type\":\"Organization\",\"@id\":\"https:\/\/nuevodigitaldeescobar.com.ar\/#organization\",\"name\":\"Nuevo Digital de Escobar\",\"url\":\"https:\/\/nuevodigitaldeescobar.com.ar\/\",\"logo\":{\"@type\":\"ImageObject\",\"inLanguage\":\"es\",\"@id\":\"https:\/\/nuevodigitaldeescobar.com.ar\/#\/schema\/logo\/image\/\",\"url\":\"https:\/\/nuevodigitaldeescobar.com.ar\/wp-content\/uploads\/2025\/05\/cropped-logo-nuevo2.jpg\",\"contentUrl\":\"https:\/\/nuevodigitaldeescobar.com.ar\/wp-content\/uploads\/2025\/05\/cropped-logo-nuevo2.jpg\",\"width\":305,\"height\":305,\"caption\":\"Nuevo Digital de Escobar\"},\"image\":{\"@id\":\"https:\/\/nuevodigitaldeescobar.com.ar\/#\/schema\/logo\/image\/\"},\"sameAs\":[\"https:\/\/www.facebook.com\/NUEVODigitalDeEscobar\",\"https:\/\/x.com\/nuevodigescobar\",\"https:\/\/www.instagram.com\/nuevodigitaldeescobar\"]},{\"@type\":\"Person\",\"@id\":\"https:\/\/nuevodigitaldeescobar.com.ar\/#\/schema\/person\/035e90a8efe9a80e6eec22656ad6ea4c\",\"name\":\"Redacci\u00f3n\",\"image\":{\"@type\":\"ImageObject\",\"inLanguage\":\"es\",\"@id\":\"https:\/\/nuevodigitaldeescobar.com.ar\/#\/schema\/person\/image\/\",\"url\":\"https:\/\/secure.gravatar.com\/avatar\/8af8f40000c24e9eef3034f2be5998a372bb1389e64b1a4a36b3a7979142220d?s=96&d=mm&r=g\",\"contentUrl\":\"https:\/\/secure.gravatar.com\/avatar\/8af8f40000c24e9eef3034f2be5998a372bb1389e64b1a4a36b3a7979142220d?s=96&d=mm&r=g\",\"caption\":\"Redacci\u00f3n\"},\"sameAs\":[\"http:\/\/nuevodigitaldeescobar.com.ar\"],\"url\":\"https:\/\/nuevodigitaldeescobar.com.ar\/?author=1\"}]}<\/script>\n<!-- \/ Yoast SEO plugin. -->","yoast_head_json":{"title":"Tragedia en la Costa: un muerto y decenas de heridos tras el impacto de un \"meteotsunami\" en Santa Clara y Mar Chiquita - Nuevo Digital de Escobar","robots":{"index":"index","follow":"follow","max-snippet":"max-snippet:-1","max-image-preview":"max-image-preview:large","max-video-preview":"max-video-preview:-1"},"canonical":"https:\/\/nuevodigitaldeescobar.com.ar\/?p=19567","og_locale":"es_ES","og_type":"article","og_title":"Tragedia en la Costa: un muerto y decenas de heridos tras el impacto de un \"meteotsunami\" en Santa Clara y Mar Chiquita - Nuevo Digital de Escobar","og_description":"Lo que comenz\u00f3 como una jornada de descanso bajo el sol se transform\u00f3 en una pesadilla en cuesti\u00f3n de segundos. Este lunes, un fen\u00f3meno meteorol\u00f3gico [&hellip;]","og_url":"https:\/\/nuevodigitaldeescobar.com.ar\/?p=19567","og_site_name":"Nuevo Digital de Escobar","article_publisher":"https:\/\/www.facebook.com\/NUEVODigitalDeEscobar","article_published_time":"2026-01-13T11:05:44+00:00","article_modified_time":"2026-01-13T11:05:49+00:00","og_image":[{"width":992,"height":558,"url":"http:\/\/nuevodigitaldeescobar.com.ar\/wp-content\/uploads\/2026\/01\/marchiq32.png","type":"image\/png"}],"author":"Redacci\u00f3n","twitter_card":"summary_large_image","twitter_creator":"@nuevodigescobar","twitter_site":"@nuevodigescobar","twitter_misc":{"Escrito por":"Redacci\u00f3n","Tiempo de lectura":"3 minutos"},"schema":{"@context":"https:\/\/schema.org","@graph":[{"@type":"Article","@id":"https:\/\/nuevodigitaldeescobar.com.ar\/?p=19567#article","isPartOf":{"@id":"https:\/\/nuevodigitaldeescobar.com.ar\/?p=19567"},"author":{"name":"Redacci\u00f3n","@id":"https:\/\/nuevodigitaldeescobar.com.ar\/#\/schema\/person\/035e90a8efe9a80e6eec22656ad6ea4c"},"headline":"Tragedia en la Costa: un muerto y decenas de heridos tras el impacto de un \u00abmeteotsunami\u00bb en Santa Clara y Mar Chiquita","datePublished":"2026-01-13T11:05:44+00:00","dateModified":"2026-01-13T11:05:49+00:00","mainEntityOfPage":{"@id":"https:\/\/nuevodigitaldeescobar.com.ar\/?p=19567"},"wordCount":491,"commentCount":0,"publisher":{"@id":"https:\/\/nuevodigitaldeescobar.com.ar\/#organization"},"image":{"@id":"https:\/\/nuevodigitaldeescobar.com.ar\/?p=19567#primaryimage"},"thumbnailUrl":"https:\/\/nuevodigitaldeescobar.com.ar\/wp-content\/uploads\/2026\/01\/marchiq32.png","articleSection":["Sociedad"],"inLanguage":"es","potentialAction":[{"@type":"CommentAction","name":"Comment","target":["https:\/\/nuevodigitaldeescobar.com.ar\/?p=19567#respond"]}]},{"@type":"WebPage","@id":"https:\/\/nuevodigitaldeescobar.com.ar\/?p=19567","url":"https:\/\/nuevodigitaldeescobar.com.ar\/?p=19567","name":"Tragedia en la Costa: un muerto y decenas de heridos tras el impacto de un \"meteotsunami\" en Santa Clara y Mar Chiquita - Nuevo Digital de Escobar","isPartOf":{"@id":"https:\/\/nuevodigitaldeescobar.com.ar\/#website"},"primaryImageOfPage":{"@id":"https:\/\/nuevodigitaldeescobar.com.ar\/?p=19567#primaryimage"},"image":{"@id":"https:\/\/nuevodigitaldeescobar.com.ar\/?p=19567#primaryimage"},"thumbnailUrl":"https:\/\/nuevodigitaldeescobar.com.ar\/wp-content\/uploads\/2026\/01\/marchiq32.png","datePublished":"2026-01-13T11:05:44+00:00","dateModified":"2026-01-13T11:05:49+00:00","breadcrumb":{"@id":"https:\/\/nuevodigitaldeescobar.com.ar\/?p=19567#breadcrumb"},"inLanguage":"es","potentialAction":[{"@type":"ReadAction","target":["https:\/\/nuevodigitaldeescobar.com.ar\/?p=19567"]}]},{"@type":"ImageObject","inLanguage":"es","@id":"https:\/\/nuevodigitaldeescobar.com.ar\/?p=19567#primaryimage","url":"https:\/\/nuevodigitaldeescobar.com.ar\/wp-content\/uploads\/2026\/01\/marchiq32.png","contentUrl":"https:\/\/nuevodigitaldeescobar.com.ar\/wp-content\/uploads\/2026\/01\/marchiq32.png","width":992,"height":558},{"@type":"BreadcrumbList","@id":"https:\/\/nuevodigitaldeescobar.com.ar\/?p=19567#breadcrumb","itemListElement":[{"@type":"ListItem","position":1,"name":"Portada","item":"https:\/\/nuevodigitaldeescobar.com.ar\/"},{"@type":"ListItem","position":2,"name":"Tragedia en la Costa: un muerto y decenas de heridos tras el impacto de un \u00abmeteotsunami\u00bb en Santa Clara y Mar Chiquita"}]},{"@type":"WebSite","@id":"https:\/\/nuevodigitaldeescobar.com.ar\/#website","url":"https:\/\/nuevodigitaldeescobar.com.ar\/","name":"Nuevo Digital de Escobar","description":"La vida escobarense. Directora: Rosana Brunner","publisher":{"@id":"https:\/\/nuevodigitaldeescobar.com.ar\/#organization"},"potentialAction":[{"@type":"SearchAction","target":{"@type":"EntryPoint","urlTemplate":"https:\/\/nuevodigitaldeescobar.com.ar\/?s={search_term_string}"},"query-input":{"@type":"PropertyValueSpecification","valueRequired":true,"valueName":"search_term_string"}}],"inLanguage":"es"},{"@type":"Organization","@id":"https:\/\/nuevodigitaldeescobar.com.ar\/#organization","name":"Nuevo Digital de Escobar","url":"https:\/\/nuevodigitaldeescobar.com.ar\/","logo":{"@type":"ImageObject","inLanguage":"es","@id":"https:\/\/nuevodigitaldeescobar.com.ar\/#\/schema\/logo\/image\/","url":"https:\/\/nuevodigitaldeescobar.com.ar\/wp-content\/uploads\/2025\/05\/cropped-logo-nuevo2.jpg","contentUrl":"https:\/\/nuevodigitaldeescobar.com.ar\/wp-content\/uploads\/2025\/05\/cropped-logo-nuevo2.jpg","width":305,"height":305,"caption":"Nuevo Digital de Escobar"},"image":{"@id":"https:\/\/nuevodigitaldeescobar.com.ar\/#\/schema\/logo\/image\/"},"sameAs":["https:\/\/www.facebook.com\/NUEVODigitalDeEscobar","https:\/\/x.com\/nuevodigescobar","https:\/\/www.instagram.com\/nuevodigitaldeescobar"]},{"@type":"Person","@id":"https:\/\/nuevodigitaldeescobar.com.ar\/#\/schema\/person\/035e90a8efe9a80e6eec22656ad6ea4c","name":"Redacci\u00f3n","image":{"@type":"ImageObject","inLanguage":"es","@id":"https:\/\/nuevodigitaldeescobar.com.ar\/#\/schema\/person\/image\/","url":"https:\/\/secure.gravatar.com\/avatar\/8af8f40000c24e9eef3034f2be5998a372bb1389e64b1a4a36b3a7979142220d?s=96&d=mm&r=g","contentUrl":"https:\/\/secure.gravatar.com\/avatar\/8af8f40000c24e9eef3034f2be5998a372bb1389e64b1a4a36b3a7979142220d?s=96&d=mm&r=g","caption":"Redacci\u00f3n"},"sameAs":["http:\/\/nuevodigitaldeescobar.com.ar"],"url":"https:\/\/nuevodigitaldeescobar.com.ar\/?author=1"}]}},"featured_image_urls":{"full":["https:\/\/nuevodigitaldeescobar.com.ar\/wp-content\/uploads\/2026\/01\/marchiq32.png",992,558,false],"thumbnail":["https:\/\/nuevodigitaldeescobar.com.ar\/wp-content\/uploads\/2026\/01\/marchiq32-150x150.png",150,150,true],"medium":["https:\/\/nuevodigitaldeescobar.com.ar\/wp-content\/uploads\/2026\/01\/marchiq32-300x169.png",300,169,true],"medium_large":["https:\/\/nuevodigitaldeescobar.com.ar\/wp-content\/uploads\/2026\/01\/marchiq32-768x432.png",640,360,true],"large":["https:\/\/nuevodigitaldeescobar.com.ar\/wp-content\/uploads\/2026\/01\/marchiq32.png",640,360,false],"1536x1536":["https:\/\/nuevodigitaldeescobar.com.ar\/wp-content\/uploads\/2026\/01\/marchiq32.png",992,558,false],"2048x2048":["https:\/\/nuevodigitaldeescobar.com.ar\/wp-content\/uploads\/2026\/01\/marchiq32.png",992,558,false]},"author_info":{"display_name":"Redacci\u00f3n","author_link":"https:\/\/nuevodigitaldeescobar.com.ar\/?author=1"},"category_info":"<a href=\"https:\/\/nuevodigitaldeescobar.com.ar\/?cat=15\" rel=\"category\">Sociedad<\/a>","tag_info":"Sociedad","comment_count":"0","_links":{"self":[{"href":"https:\/\/nuevodigitaldeescobar.com.ar\/index.php?rest_route=\/wp\/v2\/posts\/19567","targetHints":{"allow":["GET"]}}],"collection":[{"href":"https:\/\/nuevodigitaldeescobar.com.ar\/index.php?rest_route=\/wp\/v2\/posts"}],"about":[{"href":"https:\/\/nuevodigitaldeescobar.com.ar\/index.php?rest_route=\/wp\/v2\/types\/post"}],"author":[{"embeddable":true,"href":"https:\/\/nuevodigitaldeescobar.com.ar\/index.php?rest_route=\/wp\/v2\/users\/1"}],"replies":[{"embeddable":true,"href":"https:\/\/nuevodigitaldeescobar.com.ar\/index.php?rest_route=%2Fwp%2Fv2%2Fcomments&post=19567"}],"version-history":[{"count":1,"href":"https:\/\/nuevodigitaldeescobar.com.ar\/index.php?rest_route=\/wp\/v2\/posts\/19567\/revisions"}],"predecessor-version":[{"id":19569,"href":"https:\/\/nuevodigitaldeescobar.com.ar\/index.php?rest_route=\/wp\/v2\/posts\/19567\/revisions\/19569"}],"wp:featuredmedia":[{"embeddable":true,"href":"https:\/\/nuevodigitaldeescobar.com.ar\/index.php?rest_route=\/wp\/v2\/media\/19568"}],"wp:attachment":[{"href":"https:\/\/nuevodigitaldeescobar.com.ar\/index.php?rest_route=%2Fwp%2Fv2%2Fmedia&parent=19567"}],"wp:term":[{"taxonomy":"category","embeddable":true,"href":"https:\/\/nuevodigitaldeescobar.com.ar\/index.php?rest_route=%2Fwp%2Fv2%2Fcategories&post=19567"},{"taxonomy":"post_tag","embeddable":true,"href":"https:\/\/nuevodigitaldeescobar.com.ar\/index.php?rest_route=%2Fwp%2Fv2%2Ftags&post=19567"}],"curies":[{"name":"wp","href":"https:\/\/api.w.org\/{rel}","templated":true}]}}