{"id":19570,"date":"2026-01-13T08:10:15","date_gmt":"2026-01-13T11:10:15","guid":{"rendered":"https:\/\/nuevodigitaldeescobar.com.ar\/?p=19570"},"modified":"2026-01-13T08:10:18","modified_gmt":"2026-01-13T11:10:18","slug":"pronostico-en-escobar-alerta-amarilla-por-calor-y-la-llegada-del-esperado-alivio-hacia-el-fin-de-semana","status":"publish","type":"post","link":"https:\/\/nuevodigitaldeescobar.com.ar\/?p=19570","title":{"rendered":"Pron\u00f3stico en Escobar: alerta amarilla por calor y la llegada del esperado alivio hacia el fin de semana"},"content":{"rendered":"\n<p class=\"has-vivid-cyan-blue-color has-text-color has-link-color wp-elements-e01247bb2a692c33720e9112a1b52f49\"><strong><em>El verano no da tregua en el norte del conurbano. El Servicio Meteorol\u00f3gico Nacional (SMN) mantiene al \u00c1rea Metropolitana de Buenos Aires (AMBA), incluyendo al partido de Escobar, bajo alerta amarilla por temperaturas extremas. Se espera que el term\u00f3metro supere los 33\u00b0C de forma sostenida hasta el jueves, lo que representa un riesgo leve a moderado para la salud, especialmente en ni\u00f1os, adultos mayores y personas con enfermedades cr\u00f3nicas.<\/em><\/strong><\/p>\n\n\n\n<!--more-->\n\n\n\n<p>Sin embargo, el panorama comenzar\u00e1 a cambiar a partir del jueves con la llegada de tormentas y un posterior descenso t\u00e9rmico que traer\u00e1 el ansiado respiro para los vecinos.<\/p>\n\n\n\n<hr class=\"wp-block-separator has-alpha-channel-opacity\"\/>\n\n\n\n<h3 class=\"wp-block-heading has-text-color has-link-color wp-elements-8a61b8ee966b4a070c21455f851a57d7\" style=\"color:#1732ae\">Cronograma del tiempo: del calor agobiante al alivio<\/h3>\n\n\n\n<p>A continuaci\u00f3n, presentamos el detalle del clima para <strong>Escobar y el AMBA<\/strong> desde hoy hasta el cierre de la semana:<\/p>\n\n\n\n<figure class=\"wp-block-table is-style-stripes\"><table class=\"has-luminous-vivid-orange-to-vivid-red-gradient-background has-background has-fixed-layout\"><thead><tr><td><strong>D\u00eda<\/strong><\/td><td><strong>Estado del cielo<\/strong><\/td><td><strong>M\u00ednima<\/strong><\/td><td><strong>M\u00e1xima<\/strong><\/td><\/tr><\/thead><tbody><tr><td><strong>Martes 13\/01<\/strong><\/td><td>Algo nublado. Tormentas aisladas y r\u00e1fagas por la noche.<\/td><td>25\u00b0C<\/td><td><strong>33\u00b0C<\/strong><\/td><\/tr><tr><td><strong>Mi\u00e9rcoles 14\/01<\/strong><\/td><td>Parcialmente nublado. \u00daltimo d\u00eda de calor intenso.<\/td><td>23\u00b0C<\/td><td><strong>33\u00b0C<\/strong><\/td><\/tr><tr><td><strong>Jueves 15\/01<\/strong><\/td><td>Inestable. Chaparrones y tormentas aisladas.<\/td><td>23\u00b0C<\/td><td><strong>30\u00b0C<\/strong><\/td><\/tr><tr><td><strong>Viernes 16\/01<\/strong><\/td><td><strong>Alivio<\/strong>. Soleado con viento del sur.<\/td><td><strong>18\u00b0C<\/strong><\/td><td>28\u00b0C<\/td><\/tr><tr><td><strong>S\u00e1bado 17\/01<\/strong><\/td><td>Despejado. Ascenso paulatino de temperatura.<\/td><td>20\u00b0C<\/td><td><strong>32\u00b0C<\/strong><\/td><\/tr><tr><td><strong>Domingo 18\/01<\/strong><\/td><td>Despejado. Ingreso de aire fr\u00edo y descenso t\u00e9rmico.<\/td><td>19\u00b0C<\/td><td>28\u00b0C<\/td><\/tr><\/tbody><\/table><\/figure>\n\n\n\n<hr class=\"wp-block-separator has-alpha-channel-opacity\"\/>\n\n\n\n<h3 class=\"wp-block-heading has-text-color has-link-color wp-elements-c8f2b19abf053437de849d1a33581ae9\" style=\"color:#1732ae\">An\u00e1lisis de la semana<\/h3>\n\n\n\n<p>Para este <strong>martes<\/strong>, la nubosidad alta funcionar\u00e1 como una \u00abmedia sombra\u00bb natural durante la tarde, evitando que el term\u00f3metro trepe por encima de los 33\u00b0C, aunque la sensaci\u00f3n de pesadez ser\u00e1 alta. Hacia la noche, se espera una rotaci\u00f3n del viento con r\u00e1fagas que podr\u00edan alcanzar los <strong>50 km\/h<\/strong>.<\/p>\n\n\n\n<p>El <strong>jueves<\/strong> ser\u00e1 el d\u00eda de quiebre. El ingreso de un frente fr\u00edo desde el sur provocar\u00e1 chaparrones matutinos y tormentas aisladas hacia la tarde, marcando el fin de la racha de calor extremo. Esto abrir\u00e1 la puerta a un <strong>viernes ideal<\/strong>, con una m\u00ednima de apenas 18\u00b0C y una tarde sumamente agradable.<\/p>\n\n\n\n<p>Hacia el <strong>fin de semana<\/strong>, el s\u00e1bado volver\u00e1 a sentirse el rigor del sol, pero el domingo se espera un nuevo ingreso de aire fresco que estabilizar\u00e1 las m\u00e1ximas en los 28\u00b0C, cerrando la semana con condiciones mucho m\u00e1s amigables para los habitantes del distrito.<\/p>\n","protected":false},"excerpt":{"rendered":"<p>El verano no da tregua en el norte del conurbano. El Servicio Meteorol\u00f3gico Nacional (SMN) mantiene al \u00c1rea Metropolitana de Buenos Aires (AMBA), incluyendo al [&hellip;]<\/p>\n","protected":false},"author":1,"featured_media":1004,"comment_status":"open","ping_status":"open","sticky":false,"template":"","format":"standard","meta":{"footnotes":""},"categories":[14],"tags":[],"class_list":["post-19570","post","type-post","status-publish","format-standard","has-post-thumbnail","hentry","category-clima-medioambiente-y-sostenibilidad"],"better_featured_image":{"id":1004,"alt_text":"","caption":"Habr\u00eda temperaturas m\u00e1s altas que el promedio en el Noroeste argentino en noviembre, diciembre y enero. (NA)","description":"","media_type":"image","media_details":{"width":720,"height":410,"file":"2023\/11\/ola-de-calor-epi-3.jpg","filesize":43701,"sizes":{"medium":{"file":"ola-de-calor-epi-3-300x171.jpg","width":300,"height":171,"mime-type":"image\/jpeg","filesize":14832,"source_url":"https:\/\/nuevodigitaldeescobar.com.ar\/wp-content\/uploads\/2023\/11\/ola-de-calor-epi-3-300x171.jpg"},"thumbnail":{"file":"ola-de-calor-epi-3-150x150.jpg","width":150,"height":150,"mime-type":"image\/jpeg","filesize":9185,"source_url":"https:\/\/nuevodigitaldeescobar.com.ar\/wp-content\/uploads\/2023\/11\/ola-de-calor-epi-3-150x150.jpg"},"covernews-medium":{"file":"ola-de-calor-epi-3-540x340.jpg","width":540,"height":340,"mime-type":"image\/jpeg","filesize":32460,"source_url":"https:\/\/nuevodigitaldeescobar.com.ar\/wp-content\/uploads\/2023\/11\/ola-de-calor-epi-3-540x340.jpg"},"covernews-medium-square":{"file":"ola-de-calor-epi-3-400x250.jpg","width":400,"height":250,"mime-type":"image\/jpeg","filesize":21689,"source_url":"https:\/\/nuevodigitaldeescobar.com.ar\/wp-content\/uploads\/2023\/11\/ola-de-calor-epi-3-400x250.jpg"}},"image_meta":{"aperture":"0","credit":"","camera":"","caption":"","created_timestamp":"0","copyright":"","focal_length":"0","iso":"0","shutter_speed":"0","title":"","orientation":"0","keywords":[]}},"post":1001,"source_url":"https:\/\/nuevodigitaldeescobar.com.ar\/wp-content\/uploads\/2023\/11\/ola-de-calor-epi-3.jpg"},"yoast_head":"<!-- This site is optimized with the Yoast SEO plugin v26.1.1 - https:\/\/yoast.com\/wordpress\/plugins\/seo\/ -->\n<title>Pron\u00f3stico en Escobar: alerta amarilla por calor y la llegada del esperado alivio hacia el fin de semana - Nuevo Digital de Escobar<\/title>\n<meta name=\"robots\" content=\"index, follow, max-snippet:-1, max-image-preview:large, max-video-preview:-1\" \/>\n<link rel=\"canonical\" href=\"https:\/\/nuevodigitaldeescobar.com.ar\/?p=19570\" \/>\n<meta property=\"og:locale\" content=\"es_ES\" \/>\n<meta property=\"og:type\" content=\"article\" \/>\n<meta property=\"og:title\" content=\"Pron\u00f3stico en Escobar: alerta amarilla por calor y la llegada del esperado alivio hacia el fin de semana - Nuevo Digital de Escobar\" \/>\n<meta property=\"og:description\" content=\"El verano no da tregua en el norte del conurbano. El Servicio Meteorol\u00f3gico Nacional (SMN) mantiene al \u00c1rea Metropolitana de Buenos Aires (AMBA), incluyendo al [&hellip;]\" \/>\n<meta property=\"og:url\" content=\"https:\/\/nuevodigitaldeescobar.com.ar\/?p=19570\" \/>\n<meta property=\"og:site_name\" content=\"Nuevo Digital de Escobar\" \/>\n<meta property=\"article:publisher\" content=\"https:\/\/www.facebook.com\/NUEVODigitalDeEscobar\" \/>\n<meta property=\"article:published_time\" content=\"2026-01-13T11:10:15+00:00\" \/>\n<meta property=\"article:modified_time\" content=\"2026-01-13T11:10:18+00:00\" \/>\n<meta property=\"og:image\" content=\"http:\/\/nuevodigitaldeescobar.com.ar\/wp-content\/uploads\/2023\/11\/ola-de-calor-epi-3.jpg\" \/>\n\t<meta property=\"og:image:width\" content=\"720\" \/>\n\t<meta property=\"og:image:height\" content=\"410\" \/>\n\t<meta property=\"og:image:type\" content=\"image\/jpeg\" \/>\n<meta name=\"author\" content=\"Redacci\u00f3n\" \/>\n<meta name=\"twitter:card\" content=\"summary_large_image\" \/>\n<meta name=\"twitter:creator\" content=\"@nuevodigescobar\" \/>\n<meta name=\"twitter:site\" content=\"@nuevodigescobar\" \/>\n<meta name=\"twitter:label1\" content=\"Escrito por\" \/>\n\t<meta name=\"twitter:data1\" content=\"Redacci\u00f3n\" \/>\n\t<meta name=\"twitter:label2\" content=\"Tiempo de lectura\" \/>\n\t<meta name=\"twitter:data2\" content=\"2 minutos\" \/>\n<script type=\"application\/ld+json\" class=\"yoast-schema-graph\">{\"@context\":\"https:\/\/schema.org\",\"@graph\":[{\"@type\":\"Article\",\"@id\":\"https:\/\/nuevodigitaldeescobar.com.ar\/?p=19570#article\",\"isPartOf\":{\"@id\":\"https:\/\/nuevodigitaldeescobar.com.ar\/?p=19570\"},\"author\":{\"name\":\"Redacci\u00f3n\",\"@id\":\"https:\/\/nuevodigitaldeescobar.com.ar\/#\/schema\/person\/035e90a8efe9a80e6eec22656ad6ea4c\"},\"headline\":\"Pron\u00f3stico en Escobar: alerta amarilla por calor y la llegada del esperado alivio hacia el fin de semana\",\"datePublished\":\"2026-01-13T11:10:15+00:00\",\"dateModified\":\"2026-01-13T11:10:18+00:00\",\"mainEntityOfPage\":{\"@id\":\"https:\/\/nuevodigitaldeescobar.com.ar\/?p=19570\"},\"wordCount\":387,\"commentCount\":0,\"publisher\":{\"@id\":\"https:\/\/nuevodigitaldeescobar.com.ar\/#organization\"},\"image\":{\"@id\":\"https:\/\/nuevodigitaldeescobar.com.ar\/?p=19570#primaryimage\"},\"thumbnailUrl\":\"https:\/\/nuevodigitaldeescobar.com.ar\/wp-content\/uploads\/2023\/11\/ola-de-calor-epi-3.jpg\",\"articleSection\":[\"Clima, Medioambiente y Sostenibilidad\"],\"inLanguage\":\"es\",\"potentialAction\":[{\"@type\":\"CommentAction\",\"name\":\"Comment\",\"target\":[\"https:\/\/nuevodigitaldeescobar.com.ar\/?p=19570#respond\"]}]},{\"@type\":\"WebPage\",\"@id\":\"https:\/\/nuevodigitaldeescobar.com.ar\/?p=19570\",\"url\":\"https:\/\/nuevodigitaldeescobar.com.ar\/?p=19570\",\"name\":\"Pron\u00f3stico en Escobar: alerta amarilla por calor y la llegada del esperado alivio hacia el fin de semana - Nuevo Digital de Escobar\",\"isPartOf\":{\"@id\":\"https:\/\/nuevodigitaldeescobar.com.ar\/#website\"},\"primaryImageOfPage\":{\"@id\":\"https:\/\/nuevodigitaldeescobar.com.ar\/?p=19570#primaryimage\"},\"image\":{\"@id\":\"https:\/\/nuevodigitaldeescobar.com.ar\/?p=19570#primaryimage\"},\"thumbnailUrl\":\"https:\/\/nuevodigitaldeescobar.com.ar\/wp-content\/uploads\/2023\/11\/ola-de-calor-epi-3.jpg\",\"datePublished\":\"2026-01-13T11:10:15+00:00\",\"dateModified\":\"2026-01-13T11:10:18+00:00\",\"breadcrumb\":{\"@id\":\"https:\/\/nuevodigitaldeescobar.com.ar\/?p=19570#breadcrumb\"},\"inLanguage\":\"es\",\"potentialAction\":[{\"@type\":\"ReadAction\",\"target\":[\"https:\/\/nuevodigitaldeescobar.com.ar\/?p=19570\"]}]},{\"@type\":\"ImageObject\",\"inLanguage\":\"es\",\"@id\":\"https:\/\/nuevodigitaldeescobar.com.ar\/?p=19570#primaryimage\",\"url\":\"https:\/\/nuevodigitaldeescobar.com.ar\/wp-content\/uploads\/2023\/11\/ola-de-calor-epi-3.jpg\",\"contentUrl\":\"https:\/\/nuevodigitaldeescobar.com.ar\/wp-content\/uploads\/2023\/11\/ola-de-calor-epi-3.jpg\",\"width\":720,\"height\":410,\"caption\":\"Habr\u00eda temperaturas m\u00e1s altas que el promedio en el Noroeste argentino en noviembre, diciembre y enero. (NA)\"},{\"@type\":\"BreadcrumbList\",\"@id\":\"https:\/\/nuevodigitaldeescobar.com.ar\/?p=19570#breadcrumb\",\"itemListElement\":[{\"@type\":\"ListItem\",\"position\":1,\"name\":\"Portada\",\"item\":\"https:\/\/nuevodigitaldeescobar.com.ar\/\"},{\"@type\":\"ListItem\",\"position\":2,\"name\":\"Pron\u00f3stico en Escobar: alerta amarilla por calor y la llegada del esperado alivio hacia el fin de semana\"}]},{\"@type\":\"WebSite\",\"@id\":\"https:\/\/nuevodigitaldeescobar.com.ar\/#website\",\"url\":\"https:\/\/nuevodigitaldeescobar.com.ar\/\",\"name\":\"Nuevo Digital de Escobar\",\"description\":\"La vida escobarense. Directora: Rosana Brunner\",\"publisher\":{\"@id\":\"https:\/\/nuevodigitaldeescobar.com.ar\/#organization\"},\"potentialAction\":[{\"@type\":\"SearchAction\",\"target\":{\"@type\":\"EntryPoint\",\"urlTemplate\":\"https:\/\/nuevodigitaldeescobar.com.ar\/?s={search_term_string}\"},\"query-input\":{\"@type\":\"PropertyValueSpecification\",\"valueRequired\":true,\"valueName\":\"search_term_string\"}}],\"inLanguage\":\"es\"},{\"@type\":\"Organization\",\"@id\":\"https:\/\/nuevodigitaldeescobar.com.ar\/#organization\",\"name\":\"Nuevo Digital de Escobar\",\"url\":\"https:\/\/nuevodigitaldeescobar.com.ar\/\",\"logo\":{\"@type\":\"ImageObject\",\"inLanguage\":\"es\",\"@id\":\"https:\/\/nuevodigitaldeescobar.com.ar\/#\/schema\/logo\/image\/\",\"url\":\"https:\/\/nuevodigitaldeescobar.com.ar\/wp-content\/uploads\/2025\/05\/cropped-logo-nuevo2.jpg\",\"contentUrl\":\"https:\/\/nuevodigitaldeescobar.com.ar\/wp-content\/uploads\/2025\/05\/cropped-logo-nuevo2.jpg\",\"width\":305,\"height\":305,\"caption\":\"Nuevo Digital de Escobar\"},\"image\":{\"@id\":\"https:\/\/nuevodigitaldeescobar.com.ar\/#\/schema\/logo\/image\/\"},\"sameAs\":[\"https:\/\/www.facebook.com\/NUEVODigitalDeEscobar\",\"https:\/\/x.com\/nuevodigescobar\",\"https:\/\/www.instagram.com\/nuevodigitaldeescobar\"]},{\"@type\":\"Person\",\"@id\":\"https:\/\/nuevodigitaldeescobar.com.ar\/#\/schema\/person\/035e90a8efe9a80e6eec22656ad6ea4c\",\"name\":\"Redacci\u00f3n\",\"image\":{\"@type\":\"ImageObject\",\"inLanguage\":\"es\",\"@id\":\"https:\/\/nuevodigitaldeescobar.com.ar\/#\/schema\/person\/image\/\",\"url\":\"https:\/\/secure.gravatar.com\/avatar\/8af8f40000c24e9eef3034f2be5998a372bb1389e64b1a4a36b3a7979142220d?s=96&d=mm&r=g\",\"contentUrl\":\"https:\/\/secure.gravatar.com\/avatar\/8af8f40000c24e9eef3034f2be5998a372bb1389e64b1a4a36b3a7979142220d?s=96&d=mm&r=g\",\"caption\":\"Redacci\u00f3n\"},\"sameAs\":[\"http:\/\/nuevodigitaldeescobar.com.ar\"],\"url\":\"https:\/\/nuevodigitaldeescobar.com.ar\/?author=1\"}]}<\/script>\n<!-- \/ Yoast SEO plugin. -->","yoast_head_json":{"title":"Pron\u00f3stico en Escobar: alerta amarilla por calor y la llegada del esperado alivio hacia el fin de semana - Nuevo Digital de Escobar","robots":{"index":"index","follow":"follow","max-snippet":"max-snippet:-1","max-image-preview":"max-image-preview:large","max-video-preview":"max-video-preview:-1"},"canonical":"https:\/\/nuevodigitaldeescobar.com.ar\/?p=19570","og_locale":"es_ES","og_type":"article","og_title":"Pron\u00f3stico en Escobar: alerta amarilla por calor y la llegada del esperado alivio hacia el fin de semana - Nuevo Digital de Escobar","og_description":"El verano no da tregua en el norte del conurbano. El Servicio Meteorol\u00f3gico Nacional (SMN) mantiene al \u00c1rea Metropolitana de Buenos Aires (AMBA), incluyendo al [&hellip;]","og_url":"https:\/\/nuevodigitaldeescobar.com.ar\/?p=19570","og_site_name":"Nuevo Digital de Escobar","article_publisher":"https:\/\/www.facebook.com\/NUEVODigitalDeEscobar","article_published_time":"2026-01-13T11:10:15+00:00","article_modified_time":"2026-01-13T11:10:18+00:00","og_image":[{"width":720,"height":410,"url":"http:\/\/nuevodigitaldeescobar.com.ar\/wp-content\/uploads\/2023\/11\/ola-de-calor-epi-3.jpg","type":"image\/jpeg"}],"author":"Redacci\u00f3n","twitter_card":"summary_large_image","twitter_creator":"@nuevodigescobar","twitter_site":"@nuevodigescobar","twitter_misc":{"Escrito por":"Redacci\u00f3n","Tiempo de lectura":"2 minutos"},"schema":{"@context":"https:\/\/schema.org","@graph":[{"@type":"Article","@id":"https:\/\/nuevodigitaldeescobar.com.ar\/?p=19570#article","isPartOf":{"@id":"https:\/\/nuevodigitaldeescobar.com.ar\/?p=19570"},"author":{"name":"Redacci\u00f3n","@id":"https:\/\/nuevodigitaldeescobar.com.ar\/#\/schema\/person\/035e90a8efe9a80e6eec22656ad6ea4c"},"headline":"Pron\u00f3stico en Escobar: alerta amarilla por calor y la llegada del esperado alivio hacia el fin de semana","datePublished":"2026-01-13T11:10:15+00:00","dateModified":"2026-01-13T11:10:18+00:00","mainEntityOfPage":{"@id":"https:\/\/nuevodigitaldeescobar.com.ar\/?p=19570"},"wordCount":387,"commentCount":0,"publisher":{"@id":"https:\/\/nuevodigitaldeescobar.com.ar\/#organization"},"image":{"@id":"https:\/\/nuevodigitaldeescobar.com.ar\/?p=19570#primaryimage"},"thumbnailUrl":"https:\/\/nuevodigitaldeescobar.com.ar\/wp-content\/uploads\/2023\/11\/ola-de-calor-epi-3.jpg","articleSection":["Clima, Medioambiente y Sostenibilidad"],"inLanguage":"es","potentialAction":[{"@type":"CommentAction","name":"Comment","target":["https:\/\/nuevodigitaldeescobar.com.ar\/?p=19570#respond"]}]},{"@type":"WebPage","@id":"https:\/\/nuevodigitaldeescobar.com.ar\/?p=19570","url":"https:\/\/nuevodigitaldeescobar.com.ar\/?p=19570","name":"Pron\u00f3stico en Escobar: alerta amarilla por calor y la llegada del esperado alivio hacia el fin de semana - Nuevo Digital de Escobar","isPartOf":{"@id":"https:\/\/nuevodigitaldeescobar.com.ar\/#website"},"primaryImageOfPage":{"@id":"https:\/\/nuevodigitaldeescobar.com.ar\/?p=19570#primaryimage"},"image":{"@id":"https:\/\/nuevodigitaldeescobar.com.ar\/?p=19570#primaryimage"},"thumbnailUrl":"https:\/\/nuevodigitaldeescobar.com.ar\/wp-content\/uploads\/2023\/11\/ola-de-calor-epi-3.jpg","datePublished":"2026-01-13T11:10:15+00:00","dateModified":"2026-01-13T11:10:18+00:00","breadcrumb":{"@id":"https:\/\/nuevodigitaldeescobar.com.ar\/?p=19570#breadcrumb"},"inLanguage":"es","potentialAction":[{"@type":"ReadAction","target":["https:\/\/nuevodigitaldeescobar.com.ar\/?p=19570"]}]},{"@type":"ImageObject","inLanguage":"es","@id":"https:\/\/nuevodigitaldeescobar.com.ar\/?p=19570#primaryimage","url":"https:\/\/nuevodigitaldeescobar.com.ar\/wp-content\/uploads\/2023\/11\/ola-de-calor-epi-3.jpg","contentUrl":"https:\/\/nuevodigitaldeescobar.com.ar\/wp-content\/uploads\/2023\/11\/ola-de-calor-epi-3.jpg","width":720,"height":410,"caption":"Habr\u00eda temperaturas m\u00e1s altas que el promedio en el Noroeste argentino en noviembre, diciembre y enero. (NA)"},{"@type":"BreadcrumbList","@id":"https:\/\/nuevodigitaldeescobar.com.ar\/?p=19570#breadcrumb","itemListElement":[{"@type":"ListItem","position":1,"name":"Portada","item":"https:\/\/nuevodigitaldeescobar.com.ar\/"},{"@type":"ListItem","position":2,"name":"Pron\u00f3stico en Escobar: alerta amarilla por calor y la llegada del esperado alivio hacia el fin de semana"}]},{"@type":"WebSite","@id":"https:\/\/nuevodigitaldeescobar.com.ar\/#website","url":"https:\/\/nuevodigitaldeescobar.com.ar\/","name":"Nuevo Digital de Escobar","description":"La vida escobarense. Directora: Rosana Brunner","publisher":{"@id":"https:\/\/nuevodigitaldeescobar.com.ar\/#organization"},"potentialAction":[{"@type":"SearchAction","target":{"@type":"EntryPoint","urlTemplate":"https:\/\/nuevodigitaldeescobar.com.ar\/?s={search_term_string}"},"query-input":{"@type":"PropertyValueSpecification","valueRequired":true,"valueName":"search_term_string"}}],"inLanguage":"es"},{"@type":"Organization","@id":"https:\/\/nuevodigitaldeescobar.com.ar\/#organization","name":"Nuevo Digital de Escobar","url":"https:\/\/nuevodigitaldeescobar.com.ar\/","logo":{"@type":"ImageObject","inLanguage":"es","@id":"https:\/\/nuevodigitaldeescobar.com.ar\/#\/schema\/logo\/image\/","url":"https:\/\/nuevodigitaldeescobar.com.ar\/wp-content\/uploads\/2025\/05\/cropped-logo-nuevo2.jpg","contentUrl":"https:\/\/nuevodigitaldeescobar.com.ar\/wp-content\/uploads\/2025\/05\/cropped-logo-nuevo2.jpg","width":305,"height":305,"caption":"Nuevo Digital de Escobar"},"image":{"@id":"https:\/\/nuevodigitaldeescobar.com.ar\/#\/schema\/logo\/image\/"},"sameAs":["https:\/\/www.facebook.com\/NUEVODigitalDeEscobar","https:\/\/x.com\/nuevodigescobar","https:\/\/www.instagram.com\/nuevodigitaldeescobar"]},{"@type":"Person","@id":"https:\/\/nuevodigitaldeescobar.com.ar\/#\/schema\/person\/035e90a8efe9a80e6eec22656ad6ea4c","name":"Redacci\u00f3n","image":{"@type":"ImageObject","inLanguage":"es","@id":"https:\/\/nuevodigitaldeescobar.com.ar\/#\/schema\/person\/image\/","url":"https:\/\/secure.gravatar.com\/avatar\/8af8f40000c24e9eef3034f2be5998a372bb1389e64b1a4a36b3a7979142220d?s=96&d=mm&r=g","contentUrl":"https:\/\/secure.gravatar.com\/avatar\/8af8f40000c24e9eef3034f2be5998a372bb1389e64b1a4a36b3a7979142220d?s=96&d=mm&r=g","caption":"Redacci\u00f3n"},"sameAs":["http:\/\/nuevodigitaldeescobar.com.ar"],"url":"https:\/\/nuevodigitaldeescobar.com.ar\/?author=1"}]}},"featured_image_urls":{"full":["https:\/\/nuevodigitaldeescobar.com.ar\/wp-content\/uploads\/2023\/11\/ola-de-calor-epi-3.jpg",720,410,false],"thumbnail":["https:\/\/nuevodigitaldeescobar.com.ar\/wp-content\/uploads\/2023\/11\/ola-de-calor-epi-3-150x150.jpg",150,150,true],"medium":["https:\/\/nuevodigitaldeescobar.com.ar\/wp-content\/uploads\/2023\/11\/ola-de-calor-epi-3-300x171.jpg",300,171,true],"medium_large":["https:\/\/nuevodigitaldeescobar.com.ar\/wp-content\/uploads\/2023\/11\/ola-de-calor-epi-3.jpg",640,364,false],"large":["https:\/\/nuevodigitaldeescobar.com.ar\/wp-content\/uploads\/2023\/11\/ola-de-calor-epi-3.jpg",640,364,false],"1536x1536":["https:\/\/nuevodigitaldeescobar.com.ar\/wp-content\/uploads\/2023\/11\/ola-de-calor-epi-3.jpg",720,410,false],"2048x2048":["https:\/\/nuevodigitaldeescobar.com.ar\/wp-content\/uploads\/2023\/11\/ola-de-calor-epi-3.jpg",720,410,false]},"author_info":{"display_name":"Redacci\u00f3n","author_link":"https:\/\/nuevodigitaldeescobar.com.ar\/?author=1"},"category_info":"<a href=\"https:\/\/nuevodigitaldeescobar.com.ar\/?cat=14\" rel=\"category\">Clima, Medioambiente y Sostenibilidad<\/a>","tag_info":"Clima, Medioambiente y Sostenibilidad","comment_count":"0","_links":{"self":[{"href":"https:\/\/nuevodigitaldeescobar.com.ar\/index.php?rest_route=\/wp\/v2\/posts\/19570","targetHints":{"allow":["GET"]}}],"collection":[{"href":"https:\/\/nuevodigitaldeescobar.com.ar\/index.php?rest_route=\/wp\/v2\/posts"}],"about":[{"href":"https:\/\/nuevodigitaldeescobar.com.ar\/index.php?rest_route=\/wp\/v2\/types\/post"}],"author":[{"embeddable":true,"href":"https:\/\/nuevodigitaldeescobar.com.ar\/index.php?rest_route=\/wp\/v2\/users\/1"}],"replies":[{"embeddable":true,"href":"https:\/\/nuevodigitaldeescobar.com.ar\/index.php?rest_route=%2Fwp%2Fv2%2Fcomments&post=19570"}],"version-history":[{"count":1,"href":"https:\/\/nuevodigitaldeescobar.com.ar\/index.php?rest_route=\/wp\/v2\/posts\/19570\/revisions"}],"predecessor-version":[{"id":19571,"href":"https:\/\/nuevodigitaldeescobar.com.ar\/index.php?rest_route=\/wp\/v2\/posts\/19570\/revisions\/19571"}],"wp:featuredmedia":[{"embeddable":true,"href":"https:\/\/nuevodigitaldeescobar.com.ar\/index.php?rest_route=\/wp\/v2\/media\/1004"}],"wp:attachment":[{"href":"https:\/\/nuevodigitaldeescobar.com.ar\/index.php?rest_route=%2Fwp%2Fv2%2Fmedia&parent=19570"}],"wp:term":[{"taxonomy":"category","embeddable":true,"href":"https:\/\/nuevodigitaldeescobar.com.ar\/index.php?rest_route=%2Fwp%2Fv2%2Fcategories&post=19570"},{"taxonomy":"post_tag","embeddable":true,"href":"https:\/\/nuevodigitaldeescobar.com.ar\/index.php?rest_route=%2Fwp%2Fv2%2Ftags&post=19570"}],"curies":[{"name":"wp","href":"https:\/\/api.w.org\/{rel}","templated":true}]}}