{"id":19574,"date":"2026-01-13T10:40:03","date_gmt":"2026-01-13T13:40:03","guid":{"rendered":"https:\/\/nuevodigitaldeescobar.com.ar\/?p=19574"},"modified":"2026-01-13T10:40:14","modified_gmt":"2026-01-13T13:40:14","slug":"el-tricolor-arranco-la-pretemporada-con-dos-nuevos-refuerzos","status":"publish","type":"post","link":"https:\/\/nuevodigitaldeescobar.com.ar\/?p=19574","title":{"rendered":"El Tricolor arranc\u00f3 la pretemporada con dos nuevos refuerzos"},"content":{"rendered":"\n<p class=\"has-vivid-cyan-blue-color has-text-color has-link-color wp-elements-faa992a07cc9d7425561831fc4d239b4\"><strong><em>El Deportivo Armenio comenz\u00f3 la semana dura de trabajos f\u00edsicos con dos caras nuevas: el lateral Nicolas Mosca y el delantero Lucas Palma. La dirigencia sigue movi\u00e9ndose para buscar m\u00e1s refuerzos.<\/em><\/strong><\/p>\n\n\n\n<!--more-->\n\n\n\n<p><br>El Deportivo Armenio comenz\u00f3 la pretemporada en su estadio bajo la \u00f3rdenes del entrenador Ezequiel Giaccaglia y su cuerpo t\u00e9cnico.<\/p>\n\n\n\n<p>En la \u00faltimas horas y con el aval de la dirigencia y el Director Deportivo Fernando Ruiz llegaron dos jugadores para seguir reforzando el plantel para esta temporada.<\/p>\n\n\n\n<p>Uno de los que se sum\u00f3 es el lateral izquierdo Nicolas Mosca proveniente de Atlanta. El defensor de 22 a\u00f1os que hizo inferiores en el Bohemio y tuvo un breve paso por Excursionistas llega para cubrir el lugar que dejo Ian Perez que fue cedido a Defensores de Belgrano.<\/p>\n\n\n\n<p>El otro refuerzo es un delantero que llega de la B Nacional y que visti\u00f3 la camiseta del Deportivo Maip\u00fa. Se trata de Lucas Palma, punta de 22 a\u00f1os y 1,80 metros de altura que hizo inferiores en Boca, debut\u00f3 con Maip\u00fa y tuvo pasos por Hurac\u00e1n Las Heras, la CAI de Comodoro Rivadavia.<\/p>\n\n\n\n<p>A estos dos jugadores que llegaron hay que sumarle al arquero Juan Pablo Dom\u00ednguez y al volante Gabriel Chocobar m\u00e1s los regresos de Nicolas S\u00e1nchez (Racing Cba) y Rom\u00e1n Ramos (Chile).<\/p>\n\n\n\n<p>El mediocampista Federico Motta comenz\u00f3 la rehabilitaci\u00f3n de su rodilla izquierda luego que en noviembre sufriera la rotura de ligamentos.<\/p>\n\n\n\n<p>El plantel contin\u00faa la pretemporada en triple turno en las instalaciones del Rep\u00fablica de Armenia con el objetivo de llegar de la mejor manera al arranque del 7 de febrero.<\/p>\n","protected":false},"excerpt":{"rendered":"<p>El Deportivo Armenio comenz\u00f3 la semana dura de trabajos f\u00edsicos con dos caras nuevas: el lateral Nicolas Mosca y el delantero Lucas Palma. La dirigencia [&hellip;]<\/p>\n","protected":false},"author":1,"featured_media":19575,"comment_status":"open","ping_status":"open","sticky":false,"template":"","format":"standard","meta":{"footnotes":""},"categories":[8],"tags":[196],"class_list":["post-19574","post","type-post","status-publish","format-standard","has-post-thumbnail","hentry","category-deportes","tag-deportivo-armenio"],"better_featured_image":{"id":19575,"alt_text":"","caption":"","description":"","media_type":"image","media_details":{"width":1440,"height":840,"file":"2026\/01\/b8c96024-c018-4a42-a65b-86f6be0e44db.jpg","filesize":164459,"sizes":{"medium":{"file":"b8c96024-c018-4a42-a65b-86f6be0e44db-300x175.jpg","width":300,"height":175,"mime-type":"image\/jpeg","filesize":16877,"source_url":"https:\/\/nuevodigitaldeescobar.com.ar\/wp-content\/uploads\/2026\/01\/b8c96024-c018-4a42-a65b-86f6be0e44db-300x175.jpg"},"large":{"file":"b8c96024-c018-4a42-a65b-86f6be0e44db-1024x597.jpg","width":1024,"height":597,"mime-type":"image\/jpeg","filesize":143341,"source_url":"https:\/\/nuevodigitaldeescobar.com.ar\/wp-content\/uploads\/2026\/01\/b8c96024-c018-4a42-a65b-86f6be0e44db-1024x597.jpg"},"thumbnail":{"file":"b8c96024-c018-4a42-a65b-86f6be0e44db-150x150.jpg","width":150,"height":150,"mime-type":"image\/jpeg","filesize":8210,"source_url":"https:\/\/nuevodigitaldeescobar.com.ar\/wp-content\/uploads\/2026\/01\/b8c96024-c018-4a42-a65b-86f6be0e44db-150x150.jpg"},"medium_large":{"file":"b8c96024-c018-4a42-a65b-86f6be0e44db-768x448.jpg","width":768,"height":448,"mime-type":"image\/jpeg","filesize":87428,"source_url":"https:\/\/nuevodigitaldeescobar.com.ar\/wp-content\/uploads\/2026\/01\/b8c96024-c018-4a42-a65b-86f6be0e44db-768x448.jpg"}},"image_meta":{"aperture":"0","credit":"","camera":"","caption":"","created_timestamp":"0","copyright":"","focal_length":"0","iso":"0","shutter_speed":"0","title":"","orientation":"0","keywords":[]}},"post":19574,"source_url":"https:\/\/nuevodigitaldeescobar.com.ar\/wp-content\/uploads\/2026\/01\/b8c96024-c018-4a42-a65b-86f6be0e44db.jpg"},"yoast_head":"<!-- This site is optimized with the Yoast SEO plugin v26.1.1 - https:\/\/yoast.com\/wordpress\/plugins\/seo\/ -->\n<title>El Tricolor arranc\u00f3 la pretemporada con dos nuevos refuerzos - Nuevo Digital de Escobar<\/title>\n<meta name=\"description\" content=\"El Deportivo Armenio comenz\u00f3 la semana dura de trabajos f\u00edsicos con dos caras nuevas: el lateral Nicolas Mosca y el delantero Lucas Palma. La dirigencia sigue movi\u00e9ndose para buscar m\u00e1s refuerzos.\" \/>\n<meta name=\"robots\" content=\"index, follow, max-snippet:-1, max-image-preview:large, max-video-preview:-1\" \/>\n<link rel=\"canonical\" href=\"https:\/\/nuevodigitaldeescobar.com.ar\/?p=19574\" \/>\n<meta property=\"og:locale\" content=\"es_ES\" \/>\n<meta property=\"og:type\" content=\"article\" \/>\n<meta property=\"og:title\" content=\"El Tricolor arranc\u00f3 la pretemporada con dos nuevos refuerzos\" \/>\n<meta property=\"og:description\" content=\"El Deportivo Armenio comenz\u00f3 la semana dura de trabajos f\u00edsicos con dos caras nuevas: el lateral Nicolas Mosca y el delantero Lucas Palma. La dirigencia sigue movi\u00e9ndose para buscar m\u00e1s refuerzos.\" \/>\n<meta property=\"og:url\" content=\"https:\/\/nuevodigitaldeescobar.com.ar\/?p=19574\" \/>\n<meta property=\"og:site_name\" content=\"Nuevo Digital de Escobar\" \/>\n<meta property=\"article:publisher\" content=\"https:\/\/www.facebook.com\/NUEVODigitalDeEscobar\" \/>\n<meta property=\"article:published_time\" content=\"2026-01-13T13:40:03+00:00\" \/>\n<meta property=\"article:modified_time\" content=\"2026-01-13T13:40:14+00:00\" \/>\n<meta property=\"og:image\" content=\"http:\/\/nuevodigitaldeescobar.com.ar\/wp-content\/uploads\/2026\/01\/b8c96024-c018-4a42-a65b-86f6be0e44db.jpg\" \/>\n\t<meta property=\"og:image:width\" content=\"1440\" \/>\n\t<meta property=\"og:image:height\" content=\"840\" \/>\n\t<meta property=\"og:image:type\" content=\"image\/jpeg\" \/>\n<meta name=\"author\" content=\"Redacci\u00f3n\" \/>\n<meta name=\"twitter:card\" content=\"summary_large_image\" \/>\n<meta name=\"twitter:creator\" content=\"@nuevodigescobar\" \/>\n<meta name=\"twitter:site\" content=\"@nuevodigescobar\" \/>\n<meta name=\"twitter:label1\" content=\"Escrito por\" \/>\n\t<meta name=\"twitter:data1\" content=\"Redacci\u00f3n\" \/>\n\t<meta name=\"twitter:label2\" content=\"Tiempo de lectura\" \/>\n\t<meta name=\"twitter:data2\" content=\"2 minutos\" \/>\n<script type=\"application\/ld+json\" class=\"yoast-schema-graph\">{\"@context\":\"https:\/\/schema.org\",\"@graph\":[{\"@type\":\"Article\",\"@id\":\"https:\/\/nuevodigitaldeescobar.com.ar\/?p=19574#article\",\"isPartOf\":{\"@id\":\"https:\/\/nuevodigitaldeescobar.com.ar\/?p=19574\"},\"author\":{\"name\":\"Redacci\u00f3n\",\"@id\":\"https:\/\/nuevodigitaldeescobar.com.ar\/#\/schema\/person\/035e90a8efe9a80e6eec22656ad6ea4c\"},\"headline\":\"El Tricolor arranc\u00f3 la pretemporada con dos nuevos refuerzos\",\"datePublished\":\"2026-01-13T13:40:03+00:00\",\"dateModified\":\"2026-01-13T13:40:14+00:00\",\"mainEntityOfPage\":{\"@id\":\"https:\/\/nuevodigitaldeescobar.com.ar\/?p=19574\"},\"wordCount\":282,\"commentCount\":0,\"publisher\":{\"@id\":\"https:\/\/nuevodigitaldeescobar.com.ar\/#organization\"},\"image\":{\"@id\":\"https:\/\/nuevodigitaldeescobar.com.ar\/?p=19574#primaryimage\"},\"thumbnailUrl\":\"https:\/\/nuevodigitaldeescobar.com.ar\/wp-content\/uploads\/2026\/01\/b8c96024-c018-4a42-a65b-86f6be0e44db.jpg\",\"keywords\":[\"Deportivo Armenio\"],\"articleSection\":[\"Deportes\"],\"inLanguage\":\"es\",\"potentialAction\":[{\"@type\":\"CommentAction\",\"name\":\"Comment\",\"target\":[\"https:\/\/nuevodigitaldeescobar.com.ar\/?p=19574#respond\"]}]},{\"@type\":\"WebPage\",\"@id\":\"https:\/\/nuevodigitaldeescobar.com.ar\/?p=19574\",\"url\":\"https:\/\/nuevodigitaldeescobar.com.ar\/?p=19574\",\"name\":\"El Tricolor arranc\u00f3 la pretemporada con dos nuevos refuerzos - Nuevo Digital de Escobar\",\"isPartOf\":{\"@id\":\"https:\/\/nuevodigitaldeescobar.com.ar\/#website\"},\"primaryImageOfPage\":{\"@id\":\"https:\/\/nuevodigitaldeescobar.com.ar\/?p=19574#primaryimage\"},\"image\":{\"@id\":\"https:\/\/nuevodigitaldeescobar.com.ar\/?p=19574#primaryimage\"},\"thumbnailUrl\":\"https:\/\/nuevodigitaldeescobar.com.ar\/wp-content\/uploads\/2026\/01\/b8c96024-c018-4a42-a65b-86f6be0e44db.jpg\",\"datePublished\":\"2026-01-13T13:40:03+00:00\",\"dateModified\":\"2026-01-13T13:40:14+00:00\",\"description\":\"El Deportivo Armenio comenz\u00f3 la semana dura de trabajos f\u00edsicos con dos caras nuevas: el lateral Nicolas Mosca y el delantero Lucas Palma. La dirigencia sigue movi\u00e9ndose para buscar m\u00e1s refuerzos.\",\"breadcrumb\":{\"@id\":\"https:\/\/nuevodigitaldeescobar.com.ar\/?p=19574#breadcrumb\"},\"inLanguage\":\"es\",\"potentialAction\":[{\"@type\":\"ReadAction\",\"target\":[\"https:\/\/nuevodigitaldeescobar.com.ar\/?p=19574\"]}]},{\"@type\":\"ImageObject\",\"inLanguage\":\"es\",\"@id\":\"https:\/\/nuevodigitaldeescobar.com.ar\/?p=19574#primaryimage\",\"url\":\"https:\/\/nuevodigitaldeescobar.com.ar\/wp-content\/uploads\/2026\/01\/b8c96024-c018-4a42-a65b-86f6be0e44db.jpg\",\"contentUrl\":\"https:\/\/nuevodigitaldeescobar.com.ar\/wp-content\/uploads\/2026\/01\/b8c96024-c018-4a42-a65b-86f6be0e44db.jpg\",\"width\":1440,\"height\":840},{\"@type\":\"BreadcrumbList\",\"@id\":\"https:\/\/nuevodigitaldeescobar.com.ar\/?p=19574#breadcrumb\",\"itemListElement\":[{\"@type\":\"ListItem\",\"position\":1,\"name\":\"Portada\",\"item\":\"https:\/\/nuevodigitaldeescobar.com.ar\/\"},{\"@type\":\"ListItem\",\"position\":2,\"name\":\"El Tricolor arranc\u00f3 la pretemporada con dos nuevos refuerzos\"}]},{\"@type\":\"WebSite\",\"@id\":\"https:\/\/nuevodigitaldeescobar.com.ar\/#website\",\"url\":\"https:\/\/nuevodigitaldeescobar.com.ar\/\",\"name\":\"Nuevo Digital de Escobar\",\"description\":\"La vida escobarense. Directora: Rosana Brunner\",\"publisher\":{\"@id\":\"https:\/\/nuevodigitaldeescobar.com.ar\/#organization\"},\"potentialAction\":[{\"@type\":\"SearchAction\",\"target\":{\"@type\":\"EntryPoint\",\"urlTemplate\":\"https:\/\/nuevodigitaldeescobar.com.ar\/?s={search_term_string}\"},\"query-input\":{\"@type\":\"PropertyValueSpecification\",\"valueRequired\":true,\"valueName\":\"search_term_string\"}}],\"inLanguage\":\"es\"},{\"@type\":\"Organization\",\"@id\":\"https:\/\/nuevodigitaldeescobar.com.ar\/#organization\",\"name\":\"Nuevo Digital de Escobar\",\"url\":\"https:\/\/nuevodigitaldeescobar.com.ar\/\",\"logo\":{\"@type\":\"ImageObject\",\"inLanguage\":\"es\",\"@id\":\"https:\/\/nuevodigitaldeescobar.com.ar\/#\/schema\/logo\/image\/\",\"url\":\"https:\/\/nuevodigitaldeescobar.com.ar\/wp-content\/uploads\/2025\/05\/cropped-logo-nuevo2.jpg\",\"contentUrl\":\"https:\/\/nuevodigitaldeescobar.com.ar\/wp-content\/uploads\/2025\/05\/cropped-logo-nuevo2.jpg\",\"width\":305,\"height\":305,\"caption\":\"Nuevo Digital de Escobar\"},\"image\":{\"@id\":\"https:\/\/nuevodigitaldeescobar.com.ar\/#\/schema\/logo\/image\/\"},\"sameAs\":[\"https:\/\/www.facebook.com\/NUEVODigitalDeEscobar\",\"https:\/\/x.com\/nuevodigescobar\",\"https:\/\/www.instagram.com\/nuevodigitaldeescobar\"]},{\"@type\":\"Person\",\"@id\":\"https:\/\/nuevodigitaldeescobar.com.ar\/#\/schema\/person\/035e90a8efe9a80e6eec22656ad6ea4c\",\"name\":\"Redacci\u00f3n\",\"image\":{\"@type\":\"ImageObject\",\"inLanguage\":\"es\",\"@id\":\"https:\/\/nuevodigitaldeescobar.com.ar\/#\/schema\/person\/image\/\",\"url\":\"https:\/\/secure.gravatar.com\/avatar\/8af8f40000c24e9eef3034f2be5998a372bb1389e64b1a4a36b3a7979142220d?s=96&d=mm&r=g\",\"contentUrl\":\"https:\/\/secure.gravatar.com\/avatar\/8af8f40000c24e9eef3034f2be5998a372bb1389e64b1a4a36b3a7979142220d?s=96&d=mm&r=g\",\"caption\":\"Redacci\u00f3n\"},\"sameAs\":[\"http:\/\/nuevodigitaldeescobar.com.ar\"],\"url\":\"https:\/\/nuevodigitaldeescobar.com.ar\/?author=1\"}]}<\/script>\n<!-- \/ Yoast SEO plugin. -->","yoast_head_json":{"title":"El Tricolor arranc\u00f3 la pretemporada con dos nuevos refuerzos - Nuevo Digital de Escobar","description":"El Deportivo Armenio comenz\u00f3 la semana dura de trabajos f\u00edsicos con dos caras nuevas: el lateral Nicolas Mosca y el delantero Lucas Palma. La dirigencia sigue movi\u00e9ndose para buscar m\u00e1s refuerzos.","robots":{"index":"index","follow":"follow","max-snippet":"max-snippet:-1","max-image-preview":"max-image-preview:large","max-video-preview":"max-video-preview:-1"},"canonical":"https:\/\/nuevodigitaldeescobar.com.ar\/?p=19574","og_locale":"es_ES","og_type":"article","og_title":"El Tricolor arranc\u00f3 la pretemporada con dos nuevos refuerzos","og_description":"El Deportivo Armenio comenz\u00f3 la semana dura de trabajos f\u00edsicos con dos caras nuevas: el lateral Nicolas Mosca y el delantero Lucas Palma. La dirigencia sigue movi\u00e9ndose para buscar m\u00e1s refuerzos.","og_url":"https:\/\/nuevodigitaldeescobar.com.ar\/?p=19574","og_site_name":"Nuevo Digital de Escobar","article_publisher":"https:\/\/www.facebook.com\/NUEVODigitalDeEscobar","article_published_time":"2026-01-13T13:40:03+00:00","article_modified_time":"2026-01-13T13:40:14+00:00","og_image":[{"width":1440,"height":840,"url":"http:\/\/nuevodigitaldeescobar.com.ar\/wp-content\/uploads\/2026\/01\/b8c96024-c018-4a42-a65b-86f6be0e44db.jpg","type":"image\/jpeg"}],"author":"Redacci\u00f3n","twitter_card":"summary_large_image","twitter_creator":"@nuevodigescobar","twitter_site":"@nuevodigescobar","twitter_misc":{"Escrito por":"Redacci\u00f3n","Tiempo de lectura":"2 minutos"},"schema":{"@context":"https:\/\/schema.org","@graph":[{"@type":"Article","@id":"https:\/\/nuevodigitaldeescobar.com.ar\/?p=19574#article","isPartOf":{"@id":"https:\/\/nuevodigitaldeescobar.com.ar\/?p=19574"},"author":{"name":"Redacci\u00f3n","@id":"https:\/\/nuevodigitaldeescobar.com.ar\/#\/schema\/person\/035e90a8efe9a80e6eec22656ad6ea4c"},"headline":"El Tricolor arranc\u00f3 la pretemporada con dos nuevos refuerzos","datePublished":"2026-01-13T13:40:03+00:00","dateModified":"2026-01-13T13:40:14+00:00","mainEntityOfPage":{"@id":"https:\/\/nuevodigitaldeescobar.com.ar\/?p=19574"},"wordCount":282,"commentCount":0,"publisher":{"@id":"https:\/\/nuevodigitaldeescobar.com.ar\/#organization"},"image":{"@id":"https:\/\/nuevodigitaldeescobar.com.ar\/?p=19574#primaryimage"},"thumbnailUrl":"https:\/\/nuevodigitaldeescobar.com.ar\/wp-content\/uploads\/2026\/01\/b8c96024-c018-4a42-a65b-86f6be0e44db.jpg","keywords":["Deportivo Armenio"],"articleSection":["Deportes"],"inLanguage":"es","potentialAction":[{"@type":"CommentAction","name":"Comment","target":["https:\/\/nuevodigitaldeescobar.com.ar\/?p=19574#respond"]}]},{"@type":"WebPage","@id":"https:\/\/nuevodigitaldeescobar.com.ar\/?p=19574","url":"https:\/\/nuevodigitaldeescobar.com.ar\/?p=19574","name":"El Tricolor arranc\u00f3 la pretemporada con dos nuevos refuerzos - Nuevo Digital de Escobar","isPartOf":{"@id":"https:\/\/nuevodigitaldeescobar.com.ar\/#website"},"primaryImageOfPage":{"@id":"https:\/\/nuevodigitaldeescobar.com.ar\/?p=19574#primaryimage"},"image":{"@id":"https:\/\/nuevodigitaldeescobar.com.ar\/?p=19574#primaryimage"},"thumbnailUrl":"https:\/\/nuevodigitaldeescobar.com.ar\/wp-content\/uploads\/2026\/01\/b8c96024-c018-4a42-a65b-86f6be0e44db.jpg","datePublished":"2026-01-13T13:40:03+00:00","dateModified":"2026-01-13T13:40:14+00:00","description":"El Deportivo Armenio comenz\u00f3 la semana dura de trabajos f\u00edsicos con dos caras nuevas: el lateral Nicolas Mosca y el delantero Lucas Palma. La dirigencia sigue movi\u00e9ndose para buscar m\u00e1s refuerzos.","breadcrumb":{"@id":"https:\/\/nuevodigitaldeescobar.com.ar\/?p=19574#breadcrumb"},"inLanguage":"es","potentialAction":[{"@type":"ReadAction","target":["https:\/\/nuevodigitaldeescobar.com.ar\/?p=19574"]}]},{"@type":"ImageObject","inLanguage":"es","@id":"https:\/\/nuevodigitaldeescobar.com.ar\/?p=19574#primaryimage","url":"https:\/\/nuevodigitaldeescobar.com.ar\/wp-content\/uploads\/2026\/01\/b8c96024-c018-4a42-a65b-86f6be0e44db.jpg","contentUrl":"https:\/\/nuevodigitaldeescobar.com.ar\/wp-content\/uploads\/2026\/01\/b8c96024-c018-4a42-a65b-86f6be0e44db.jpg","width":1440,"height":840},{"@type":"BreadcrumbList","@id":"https:\/\/nuevodigitaldeescobar.com.ar\/?p=19574#breadcrumb","itemListElement":[{"@type":"ListItem","position":1,"name":"Portada","item":"https:\/\/nuevodigitaldeescobar.com.ar\/"},{"@type":"ListItem","position":2,"name":"El Tricolor arranc\u00f3 la pretemporada con dos nuevos refuerzos"}]},{"@type":"WebSite","@id":"https:\/\/nuevodigitaldeescobar.com.ar\/#website","url":"https:\/\/nuevodigitaldeescobar.com.ar\/","name":"Nuevo Digital de Escobar","description":"La vida escobarense. Directora: Rosana Brunner","publisher":{"@id":"https:\/\/nuevodigitaldeescobar.com.ar\/#organization"},"potentialAction":[{"@type":"SearchAction","target":{"@type":"EntryPoint","urlTemplate":"https:\/\/nuevodigitaldeescobar.com.ar\/?s={search_term_string}"},"query-input":{"@type":"PropertyValueSpecification","valueRequired":true,"valueName":"search_term_string"}}],"inLanguage":"es"},{"@type":"Organization","@id":"https:\/\/nuevodigitaldeescobar.com.ar\/#organization","name":"Nuevo Digital de Escobar","url":"https:\/\/nuevodigitaldeescobar.com.ar\/","logo":{"@type":"ImageObject","inLanguage":"es","@id":"https:\/\/nuevodigitaldeescobar.com.ar\/#\/schema\/logo\/image\/","url":"https:\/\/nuevodigitaldeescobar.com.ar\/wp-content\/uploads\/2025\/05\/cropped-logo-nuevo2.jpg","contentUrl":"https:\/\/nuevodigitaldeescobar.com.ar\/wp-content\/uploads\/2025\/05\/cropped-logo-nuevo2.jpg","width":305,"height":305,"caption":"Nuevo Digital de Escobar"},"image":{"@id":"https:\/\/nuevodigitaldeescobar.com.ar\/#\/schema\/logo\/image\/"},"sameAs":["https:\/\/www.facebook.com\/NUEVODigitalDeEscobar","https:\/\/x.com\/nuevodigescobar","https:\/\/www.instagram.com\/nuevodigitaldeescobar"]},{"@type":"Person","@id":"https:\/\/nuevodigitaldeescobar.com.ar\/#\/schema\/person\/035e90a8efe9a80e6eec22656ad6ea4c","name":"Redacci\u00f3n","image":{"@type":"ImageObject","inLanguage":"es","@id":"https:\/\/nuevodigitaldeescobar.com.ar\/#\/schema\/person\/image\/","url":"https:\/\/secure.gravatar.com\/avatar\/8af8f40000c24e9eef3034f2be5998a372bb1389e64b1a4a36b3a7979142220d?s=96&d=mm&r=g","contentUrl":"https:\/\/secure.gravatar.com\/avatar\/8af8f40000c24e9eef3034f2be5998a372bb1389e64b1a4a36b3a7979142220d?s=96&d=mm&r=g","caption":"Redacci\u00f3n"},"sameAs":["http:\/\/nuevodigitaldeescobar.com.ar"],"url":"https:\/\/nuevodigitaldeescobar.com.ar\/?author=1"}]}},"featured_image_urls":{"full":["https:\/\/nuevodigitaldeescobar.com.ar\/wp-content\/uploads\/2026\/01\/b8c96024-c018-4a42-a65b-86f6be0e44db.jpg",1440,840,false],"thumbnail":["https:\/\/nuevodigitaldeescobar.com.ar\/wp-content\/uploads\/2026\/01\/b8c96024-c018-4a42-a65b-86f6be0e44db-150x150.jpg",150,150,true],"medium":["https:\/\/nuevodigitaldeescobar.com.ar\/wp-content\/uploads\/2026\/01\/b8c96024-c018-4a42-a65b-86f6be0e44db-300x175.jpg",300,175,true],"medium_large":["https:\/\/nuevodigitaldeescobar.com.ar\/wp-content\/uploads\/2026\/01\/b8c96024-c018-4a42-a65b-86f6be0e44db-768x448.jpg",640,373,true],"large":["https:\/\/nuevodigitaldeescobar.com.ar\/wp-content\/uploads\/2026\/01\/b8c96024-c018-4a42-a65b-86f6be0e44db-1024x597.jpg",640,373,true],"1536x1536":["https:\/\/nuevodigitaldeescobar.com.ar\/wp-content\/uploads\/2026\/01\/b8c96024-c018-4a42-a65b-86f6be0e44db.jpg",1440,840,false],"2048x2048":["https:\/\/nuevodigitaldeescobar.com.ar\/wp-content\/uploads\/2026\/01\/b8c96024-c018-4a42-a65b-86f6be0e44db.jpg",1440,840,false]},"author_info":{"display_name":"Redacci\u00f3n","author_link":"https:\/\/nuevodigitaldeescobar.com.ar\/?author=1"},"category_info":"<a href=\"https:\/\/nuevodigitaldeescobar.com.ar\/?cat=8\" rel=\"category\">Deportes<\/a>","tag_info":"Deportes","comment_count":"0","_links":{"self":[{"href":"https:\/\/nuevodigitaldeescobar.com.ar\/index.php?rest_route=\/wp\/v2\/posts\/19574","targetHints":{"allow":["GET"]}}],"collection":[{"href":"https:\/\/nuevodigitaldeescobar.com.ar\/index.php?rest_route=\/wp\/v2\/posts"}],"about":[{"href":"https:\/\/nuevodigitaldeescobar.com.ar\/index.php?rest_route=\/wp\/v2\/types\/post"}],"author":[{"embeddable":true,"href":"https:\/\/nuevodigitaldeescobar.com.ar\/index.php?rest_route=\/wp\/v2\/users\/1"}],"replies":[{"embeddable":true,"href":"https:\/\/nuevodigitaldeescobar.com.ar\/index.php?rest_route=%2Fwp%2Fv2%2Fcomments&post=19574"}],"version-history":[{"count":1,"href":"https:\/\/nuevodigitaldeescobar.com.ar\/index.php?rest_route=\/wp\/v2\/posts\/19574\/revisions"}],"predecessor-version":[{"id":19576,"href":"https:\/\/nuevodigitaldeescobar.com.ar\/index.php?rest_route=\/wp\/v2\/posts\/19574\/revisions\/19576"}],"wp:featuredmedia":[{"embeddable":true,"href":"https:\/\/nuevodigitaldeescobar.com.ar\/index.php?rest_route=\/wp\/v2\/media\/19575"}],"wp:attachment":[{"href":"https:\/\/nuevodigitaldeescobar.com.ar\/index.php?rest_route=%2Fwp%2Fv2%2Fmedia&parent=19574"}],"wp:term":[{"taxonomy":"category","embeddable":true,"href":"https:\/\/nuevodigitaldeescobar.com.ar\/index.php?rest_route=%2Fwp%2Fv2%2Fcategories&post=19574"},{"taxonomy":"post_tag","embeddable":true,"href":"https:\/\/nuevodigitaldeescobar.com.ar\/index.php?rest_route=%2Fwp%2Fv2%2Ftags&post=19574"}],"curies":[{"name":"wp","href":"https:\/\/api.w.org\/{rel}","templated":true}]}}