{"id":19601,"date":"2026-01-15T20:14:53","date_gmt":"2026-01-15T23:14:53","guid":{"rendered":"https:\/\/nuevodigitaldeescobar.com.ar\/?p=19601"},"modified":"2026-01-15T20:14:56","modified_gmt":"2026-01-15T23:14:56","slug":"36-anos-de-la-colectividad-boliviana-de-escobar-el-corazon-productivo-de-lambertuchi-celebra-un-nuevo-aniversario","status":"publish","type":"post","link":"https:\/\/nuevodigitaldeescobar.com.ar\/?p=19601","title":{"rendered":"36 a\u00f1os de la Colectividad Boliviana de Escobar: el coraz\u00f3n productivo de Lambertuchi celebra un nuevo aniversario"},"content":{"rendered":"\n<p class=\"has-vivid-cyan-blue-color has-text-color has-link-color wp-elements-f7c61a7912c4ce1a7c16595a6aef4f9c\"><strong><em>Cada 14 de enero, el partido de Escobar se viste de gala para celebrar un hito fundamental en su tejido social y econ\u00f3mico: el aniversario de la Colectividad Boliviana de Escobar (CBE). Al cumplirse 36 a\u00f1os de su fundaci\u00f3n, la entidad no solo se consolida como la organizaci\u00f3n de ciudadanos bolivianos m\u00e1s importante de Argentina, sino como el motor indiscutido de la horticultura regional.<\/em><\/strong><\/p>\n\n\n\n<!--more-->\n\n\n\n<p>Lo que hoy es un complejo modelo con proyecci\u00f3n internacional, naci\u00f3 en 1990 de una necesidad imperiosa: agrupar a los productores hort\u00edcolas del <strong>barrio Lambertuchi<\/strong> para defender su trabajo y potenciar su inserci\u00f3n social.<\/p>\n\n\n\n<hr class=\"wp-block-separator has-alpha-channel-opacity\"\/>\n\n\n\n<h3 class=\"wp-block-heading has-text-color has-link-color wp-elements-9cce4292343e9f2c8db7b91a67e8efb5\" style=\"color:#1634bc\">Los pioneros: el sue\u00f1o de la primera comisi\u00f3n<\/h3>\n\n\n\n<p>La historia de la CBE se escribi\u00f3 con el esfuerzo de hombres que llegaron con el sue\u00f1o de la tierra propia y la voluntad de construir comunidad. La primera comisi\u00f3n directiva (1990-1996) fue la encargada de sentar las bases de lo que hoy conocemos. Entre sus nombres hist\u00f3ricos se destacan:<\/p>\n\n\n\n<ul class=\"wp-block-list\">\n<li><strong>Presidente:<\/strong> Benjam\u00edn Villafuerte.<\/li>\n\n\n\n<li><strong>Vicepresidente:<\/strong> Domingo Acchura Cruz.<\/li>\n\n\n\n<li><strong>Secretario:<\/strong> Orlando Nina Guti\u00e9rrez.<\/li>\n<\/ul>\n\n\n\n<p>Aquel grupo de visionarios transform\u00f3 una agrupaci\u00f3n de productores en un centro de uni\u00f3n y promoci\u00f3n social que hoy es referencia en todo el pa\u00eds.<\/p>\n\n\n\n<h3 class=\"wp-block-heading has-text-color has-link-color wp-elements-3cd3d9068d41907528a0277d0d890311\" style=\"color:#1634bc\">De la huerta al Mercado Concentrador<\/h3>\n\n\n\n<p>Ubicada en la calle <strong>Las Rosas 3051<\/strong>, la sede de la Colectividad es mucho m\u00e1s que un mercado. Con el correr de las d\u00e9cadas, el predio creci\u00f3 exponencialmente, convirti\u00e9ndose en el <strong>Mercado Concentrador de Productores Bolivianos de Zona Norte<\/strong>, un punto estrat\u00e9gico para el abastecimiento de frutas y verduras en todo el AMBA.<\/p>\n\n\n\n<p>Pero la grandeza de la CBE no es solo econ\u00f3mica. Sus instalaciones cuentan con:<\/p>\n\n\n\n<ul class=\"wp-block-list\">\n<li><strong>Infraestructura moderna:<\/strong> Oficinas administrativas, restaurante de cocina tradicional y un inmenso sal\u00f3n de eventos con escenario.<\/li>\n\n\n\n<li><strong>Deporte y cultura:<\/strong> Amplios campos deportivos y canchas de f\u00fatbol donde se vive la pasi\u00f3n de la comunidad cada fin de semana.<\/li>\n\n\n\n<li><strong>Comunicaci\u00f3n propia:<\/strong> La colectividad mantiene su identidad viva a trav\u00e9s de <strong>Radio CBE (92.5 MHz)<\/strong> y su plataforma de TV web, donde difunden sus costumbres, noticias y servicios.<\/li>\n<\/ul>\n\n\n\n<h3 class=\"wp-block-heading has-text-color has-link-color wp-elements-f26bcee34b0d1bba324a7c3d8a97959d\" style=\"color:#1634bc\">Un puente entre dos naciones<\/h3>\n\n\n\n<p>Escobar es hoy la regi\u00f3n con mayor concentraci\u00f3n de ciudadanos bolivianos en Argentina. Su integraci\u00f3n ha sido un proceso de enriquecimiento mutuo: la colectividad aport\u00f3 su cultura de trabajo y su sabidur\u00eda en la tierra, mientras que el distrito les brind\u00f3 el espacio para desarrollarse y progresar.<\/p>\n\n\n\n<p>Este aniversario es una oportunidad para reconocer a quienes, hace m\u00e1s de tres d\u00e9cadas, decidieron unirse para transformar la horticultura en un estilo de vida y un ejemplo de organizaci\u00f3n civil que trasciende fronteras.<\/p>\n","protected":false},"excerpt":{"rendered":"<p>Cada 14 de enero, el partido de Escobar se viste de gala para celebrar un hito fundamental en su tejido social y econ\u00f3mico: el aniversario [&hellip;]<\/p>\n","protected":false},"author":1,"featured_media":19602,"comment_status":"open","ping_status":"open","sticky":false,"template":"","format":"standard","meta":{"footnotes":""},"categories":[7],"tags":[],"class_list":["post-19601","post","type-post","status-publish","format-standard","has-post-thumbnail","hentry","category-interes-general"],"better_featured_image":{"id":19602,"alt_text":"","caption":"","description":"","media_type":"image","media_details":{"width":535,"height":589,"file":"2026\/01\/colectbol22.png","filesize":577831,"sizes":{"medium":{"file":"colectbol22-272x300.png","width":272,"height":300,"mime-type":"image\/png","filesize":51588,"source_url":"https:\/\/nuevodigitaldeescobar.com.ar\/wp-content\/uploads\/2026\/01\/colectbol22-272x300.png"},"thumbnail":{"file":"colectbol22-150x150.png","width":150,"height":150,"mime-type":"image\/png","filesize":16962,"source_url":"https:\/\/nuevodigitaldeescobar.com.ar\/wp-content\/uploads\/2026\/01\/colectbol22-150x150.png"}},"image_meta":{"aperture":"0","credit":"","camera":"","caption":"","created_timestamp":"0","copyright":"","focal_length":"0","iso":"0","shutter_speed":"0","title":"","orientation":"0","keywords":[]}},"post":19601,"source_url":"https:\/\/nuevodigitaldeescobar.com.ar\/wp-content\/uploads\/2026\/01\/colectbol22.png"},"yoast_head":"<!-- This site is optimized with the Yoast SEO plugin v26.1.1 - https:\/\/yoast.com\/wordpress\/plugins\/seo\/ -->\n<title>36 a\u00f1os de la Colectividad Boliviana de Escobar: el coraz\u00f3n productivo de Lambertuchi celebra un nuevo aniversario - Nuevo Digital de Escobar<\/title>\n<meta name=\"robots\" content=\"index, follow, max-snippet:-1, max-image-preview:large, max-video-preview:-1\" \/>\n<link rel=\"canonical\" href=\"https:\/\/nuevodigitaldeescobar.com.ar\/?p=19601\" \/>\n<meta property=\"og:locale\" content=\"es_ES\" \/>\n<meta property=\"og:type\" content=\"article\" \/>\n<meta property=\"og:title\" content=\"36 a\u00f1os de la Colectividad Boliviana de Escobar: el coraz\u00f3n productivo de Lambertuchi celebra un nuevo aniversario - Nuevo Digital de Escobar\" \/>\n<meta property=\"og:description\" content=\"Cada 14 de enero, el partido de Escobar se viste de gala para celebrar un hito fundamental en su tejido social y econ\u00f3mico: el aniversario [&hellip;]\" \/>\n<meta property=\"og:url\" content=\"https:\/\/nuevodigitaldeescobar.com.ar\/?p=19601\" \/>\n<meta property=\"og:site_name\" content=\"Nuevo Digital de Escobar\" \/>\n<meta property=\"article:publisher\" content=\"https:\/\/www.facebook.com\/NUEVODigitalDeEscobar\" \/>\n<meta property=\"article:published_time\" content=\"2026-01-15T23:14:53+00:00\" \/>\n<meta property=\"article:modified_time\" content=\"2026-01-15T23:14:56+00:00\" \/>\n<meta property=\"og:image\" content=\"http:\/\/nuevodigitaldeescobar.com.ar\/wp-content\/uploads\/2026\/01\/colectbol22.png\" \/>\n\t<meta property=\"og:image:width\" content=\"535\" \/>\n\t<meta property=\"og:image:height\" content=\"589\" \/>\n\t<meta property=\"og:image:type\" content=\"image\/png\" \/>\n<meta name=\"author\" content=\"Redacci\u00f3n\" \/>\n<meta name=\"twitter:card\" content=\"summary_large_image\" \/>\n<meta name=\"twitter:creator\" content=\"@nuevodigescobar\" \/>\n<meta name=\"twitter:site\" content=\"@nuevodigescobar\" \/>\n<meta name=\"twitter:label1\" content=\"Escrito por\" \/>\n\t<meta name=\"twitter:data1\" content=\"Redacci\u00f3n\" \/>\n\t<meta name=\"twitter:label2\" content=\"Tiempo de lectura\" \/>\n\t<meta name=\"twitter:data2\" content=\"3 minutos\" \/>\n<script type=\"application\/ld+json\" class=\"yoast-schema-graph\">{\"@context\":\"https:\/\/schema.org\",\"@graph\":[{\"@type\":\"Article\",\"@id\":\"https:\/\/nuevodigitaldeescobar.com.ar\/?p=19601#article\",\"isPartOf\":{\"@id\":\"https:\/\/nuevodigitaldeescobar.com.ar\/?p=19601\"},\"author\":{\"name\":\"Redacci\u00f3n\",\"@id\":\"https:\/\/nuevodigitaldeescobar.com.ar\/#\/schema\/person\/035e90a8efe9a80e6eec22656ad6ea4c\"},\"headline\":\"36 a\u00f1os de la Colectividad Boliviana de Escobar: el coraz\u00f3n productivo de Lambertuchi celebra un nuevo aniversario\",\"datePublished\":\"2026-01-15T23:14:53+00:00\",\"dateModified\":\"2026-01-15T23:14:56+00:00\",\"mainEntityOfPage\":{\"@id\":\"https:\/\/nuevodigitaldeescobar.com.ar\/?p=19601\"},\"wordCount\":466,\"commentCount\":0,\"publisher\":{\"@id\":\"https:\/\/nuevodigitaldeescobar.com.ar\/#organization\"},\"image\":{\"@id\":\"https:\/\/nuevodigitaldeescobar.com.ar\/?p=19601#primaryimage\"},\"thumbnailUrl\":\"https:\/\/nuevodigitaldeescobar.com.ar\/wp-content\/uploads\/2026\/01\/colectbol22.png\",\"articleSection\":[\"Inter\u00e9s general\"],\"inLanguage\":\"es\",\"potentialAction\":[{\"@type\":\"CommentAction\",\"name\":\"Comment\",\"target\":[\"https:\/\/nuevodigitaldeescobar.com.ar\/?p=19601#respond\"]}]},{\"@type\":\"WebPage\",\"@id\":\"https:\/\/nuevodigitaldeescobar.com.ar\/?p=19601\",\"url\":\"https:\/\/nuevodigitaldeescobar.com.ar\/?p=19601\",\"name\":\"36 a\u00f1os de la Colectividad Boliviana de Escobar: el coraz\u00f3n productivo de Lambertuchi celebra un nuevo aniversario - Nuevo Digital de Escobar\",\"isPartOf\":{\"@id\":\"https:\/\/nuevodigitaldeescobar.com.ar\/#website\"},\"primaryImageOfPage\":{\"@id\":\"https:\/\/nuevodigitaldeescobar.com.ar\/?p=19601#primaryimage\"},\"image\":{\"@id\":\"https:\/\/nuevodigitaldeescobar.com.ar\/?p=19601#primaryimage\"},\"thumbnailUrl\":\"https:\/\/nuevodigitaldeescobar.com.ar\/wp-content\/uploads\/2026\/01\/colectbol22.png\",\"datePublished\":\"2026-01-15T23:14:53+00:00\",\"dateModified\":\"2026-01-15T23:14:56+00:00\",\"breadcrumb\":{\"@id\":\"https:\/\/nuevodigitaldeescobar.com.ar\/?p=19601#breadcrumb\"},\"inLanguage\":\"es\",\"potentialAction\":[{\"@type\":\"ReadAction\",\"target\":[\"https:\/\/nuevodigitaldeescobar.com.ar\/?p=19601\"]}]},{\"@type\":\"ImageObject\",\"inLanguage\":\"es\",\"@id\":\"https:\/\/nuevodigitaldeescobar.com.ar\/?p=19601#primaryimage\",\"url\":\"https:\/\/nuevodigitaldeescobar.com.ar\/wp-content\/uploads\/2026\/01\/colectbol22.png\",\"contentUrl\":\"https:\/\/nuevodigitaldeescobar.com.ar\/wp-content\/uploads\/2026\/01\/colectbol22.png\",\"width\":535,\"height\":589},{\"@type\":\"BreadcrumbList\",\"@id\":\"https:\/\/nuevodigitaldeescobar.com.ar\/?p=19601#breadcrumb\",\"itemListElement\":[{\"@type\":\"ListItem\",\"position\":1,\"name\":\"Portada\",\"item\":\"https:\/\/nuevodigitaldeescobar.com.ar\/\"},{\"@type\":\"ListItem\",\"position\":2,\"name\":\"36 a\u00f1os de la Colectividad Boliviana de Escobar: el coraz\u00f3n productivo de Lambertuchi celebra un nuevo aniversario\"}]},{\"@type\":\"WebSite\",\"@id\":\"https:\/\/nuevodigitaldeescobar.com.ar\/#website\",\"url\":\"https:\/\/nuevodigitaldeescobar.com.ar\/\",\"name\":\"Nuevo Digital de Escobar\",\"description\":\"La vida escobarense. Directora: Rosana Brunner\",\"publisher\":{\"@id\":\"https:\/\/nuevodigitaldeescobar.com.ar\/#organization\"},\"potentialAction\":[{\"@type\":\"SearchAction\",\"target\":{\"@type\":\"EntryPoint\",\"urlTemplate\":\"https:\/\/nuevodigitaldeescobar.com.ar\/?s={search_term_string}\"},\"query-input\":{\"@type\":\"PropertyValueSpecification\",\"valueRequired\":true,\"valueName\":\"search_term_string\"}}],\"inLanguage\":\"es\"},{\"@type\":\"Organization\",\"@id\":\"https:\/\/nuevodigitaldeescobar.com.ar\/#organization\",\"name\":\"Nuevo Digital de Escobar\",\"url\":\"https:\/\/nuevodigitaldeescobar.com.ar\/\",\"logo\":{\"@type\":\"ImageObject\",\"inLanguage\":\"es\",\"@id\":\"https:\/\/nuevodigitaldeescobar.com.ar\/#\/schema\/logo\/image\/\",\"url\":\"https:\/\/nuevodigitaldeescobar.com.ar\/wp-content\/uploads\/2025\/05\/cropped-logo-nuevo2.jpg\",\"contentUrl\":\"https:\/\/nuevodigitaldeescobar.com.ar\/wp-content\/uploads\/2025\/05\/cropped-logo-nuevo2.jpg\",\"width\":305,\"height\":305,\"caption\":\"Nuevo Digital de Escobar\"},\"image\":{\"@id\":\"https:\/\/nuevodigitaldeescobar.com.ar\/#\/schema\/logo\/image\/\"},\"sameAs\":[\"https:\/\/www.facebook.com\/NUEVODigitalDeEscobar\",\"https:\/\/x.com\/nuevodigescobar\",\"https:\/\/www.instagram.com\/nuevodigitaldeescobar\"]},{\"@type\":\"Person\",\"@id\":\"https:\/\/nuevodigitaldeescobar.com.ar\/#\/schema\/person\/035e90a8efe9a80e6eec22656ad6ea4c\",\"name\":\"Redacci\u00f3n\",\"image\":{\"@type\":\"ImageObject\",\"inLanguage\":\"es\",\"@id\":\"https:\/\/nuevodigitaldeescobar.com.ar\/#\/schema\/person\/image\/\",\"url\":\"https:\/\/secure.gravatar.com\/avatar\/8af8f40000c24e9eef3034f2be5998a372bb1389e64b1a4a36b3a7979142220d?s=96&d=mm&r=g\",\"contentUrl\":\"https:\/\/secure.gravatar.com\/avatar\/8af8f40000c24e9eef3034f2be5998a372bb1389e64b1a4a36b3a7979142220d?s=96&d=mm&r=g\",\"caption\":\"Redacci\u00f3n\"},\"sameAs\":[\"http:\/\/nuevodigitaldeescobar.com.ar\"],\"url\":\"https:\/\/nuevodigitaldeescobar.com.ar\/?author=1\"}]}<\/script>\n<!-- \/ Yoast SEO plugin. -->","yoast_head_json":{"title":"36 a\u00f1os de la Colectividad Boliviana de Escobar: el coraz\u00f3n productivo de Lambertuchi celebra un nuevo aniversario - Nuevo Digital de Escobar","robots":{"index":"index","follow":"follow","max-snippet":"max-snippet:-1","max-image-preview":"max-image-preview:large","max-video-preview":"max-video-preview:-1"},"canonical":"https:\/\/nuevodigitaldeescobar.com.ar\/?p=19601","og_locale":"es_ES","og_type":"article","og_title":"36 a\u00f1os de la Colectividad Boliviana de Escobar: el coraz\u00f3n productivo de Lambertuchi celebra un nuevo aniversario - Nuevo Digital de Escobar","og_description":"Cada 14 de enero, el partido de Escobar se viste de gala para celebrar un hito fundamental en su tejido social y econ\u00f3mico: el aniversario [&hellip;]","og_url":"https:\/\/nuevodigitaldeescobar.com.ar\/?p=19601","og_site_name":"Nuevo Digital de Escobar","article_publisher":"https:\/\/www.facebook.com\/NUEVODigitalDeEscobar","article_published_time":"2026-01-15T23:14:53+00:00","article_modified_time":"2026-01-15T23:14:56+00:00","og_image":[{"width":535,"height":589,"url":"http:\/\/nuevodigitaldeescobar.com.ar\/wp-content\/uploads\/2026\/01\/colectbol22.png","type":"image\/png"}],"author":"Redacci\u00f3n","twitter_card":"summary_large_image","twitter_creator":"@nuevodigescobar","twitter_site":"@nuevodigescobar","twitter_misc":{"Escrito por":"Redacci\u00f3n","Tiempo de lectura":"3 minutos"},"schema":{"@context":"https:\/\/schema.org","@graph":[{"@type":"Article","@id":"https:\/\/nuevodigitaldeescobar.com.ar\/?p=19601#article","isPartOf":{"@id":"https:\/\/nuevodigitaldeescobar.com.ar\/?p=19601"},"author":{"name":"Redacci\u00f3n","@id":"https:\/\/nuevodigitaldeescobar.com.ar\/#\/schema\/person\/035e90a8efe9a80e6eec22656ad6ea4c"},"headline":"36 a\u00f1os de la Colectividad Boliviana de Escobar: el coraz\u00f3n productivo de Lambertuchi celebra un nuevo aniversario","datePublished":"2026-01-15T23:14:53+00:00","dateModified":"2026-01-15T23:14:56+00:00","mainEntityOfPage":{"@id":"https:\/\/nuevodigitaldeescobar.com.ar\/?p=19601"},"wordCount":466,"commentCount":0,"publisher":{"@id":"https:\/\/nuevodigitaldeescobar.com.ar\/#organization"},"image":{"@id":"https:\/\/nuevodigitaldeescobar.com.ar\/?p=19601#primaryimage"},"thumbnailUrl":"https:\/\/nuevodigitaldeescobar.com.ar\/wp-content\/uploads\/2026\/01\/colectbol22.png","articleSection":["Inter\u00e9s general"],"inLanguage":"es","potentialAction":[{"@type":"CommentAction","name":"Comment","target":["https:\/\/nuevodigitaldeescobar.com.ar\/?p=19601#respond"]}]},{"@type":"WebPage","@id":"https:\/\/nuevodigitaldeescobar.com.ar\/?p=19601","url":"https:\/\/nuevodigitaldeescobar.com.ar\/?p=19601","name":"36 a\u00f1os de la Colectividad Boliviana de Escobar: el coraz\u00f3n productivo de Lambertuchi celebra un nuevo aniversario - Nuevo Digital de Escobar","isPartOf":{"@id":"https:\/\/nuevodigitaldeescobar.com.ar\/#website"},"primaryImageOfPage":{"@id":"https:\/\/nuevodigitaldeescobar.com.ar\/?p=19601#primaryimage"},"image":{"@id":"https:\/\/nuevodigitaldeescobar.com.ar\/?p=19601#primaryimage"},"thumbnailUrl":"https:\/\/nuevodigitaldeescobar.com.ar\/wp-content\/uploads\/2026\/01\/colectbol22.png","datePublished":"2026-01-15T23:14:53+00:00","dateModified":"2026-01-15T23:14:56+00:00","breadcrumb":{"@id":"https:\/\/nuevodigitaldeescobar.com.ar\/?p=19601#breadcrumb"},"inLanguage":"es","potentialAction":[{"@type":"ReadAction","target":["https:\/\/nuevodigitaldeescobar.com.ar\/?p=19601"]}]},{"@type":"ImageObject","inLanguage":"es","@id":"https:\/\/nuevodigitaldeescobar.com.ar\/?p=19601#primaryimage","url":"https:\/\/nuevodigitaldeescobar.com.ar\/wp-content\/uploads\/2026\/01\/colectbol22.png","contentUrl":"https:\/\/nuevodigitaldeescobar.com.ar\/wp-content\/uploads\/2026\/01\/colectbol22.png","width":535,"height":589},{"@type":"BreadcrumbList","@id":"https:\/\/nuevodigitaldeescobar.com.ar\/?p=19601#breadcrumb","itemListElement":[{"@type":"ListItem","position":1,"name":"Portada","item":"https:\/\/nuevodigitaldeescobar.com.ar\/"},{"@type":"ListItem","position":2,"name":"36 a\u00f1os de la Colectividad Boliviana de Escobar: el coraz\u00f3n productivo de Lambertuchi celebra un nuevo aniversario"}]},{"@type":"WebSite","@id":"https:\/\/nuevodigitaldeescobar.com.ar\/#website","url":"https:\/\/nuevodigitaldeescobar.com.ar\/","name":"Nuevo Digital de Escobar","description":"La vida escobarense. Directora: Rosana Brunner","publisher":{"@id":"https:\/\/nuevodigitaldeescobar.com.ar\/#organization"},"potentialAction":[{"@type":"SearchAction","target":{"@type":"EntryPoint","urlTemplate":"https:\/\/nuevodigitaldeescobar.com.ar\/?s={search_term_string}"},"query-input":{"@type":"PropertyValueSpecification","valueRequired":true,"valueName":"search_term_string"}}],"inLanguage":"es"},{"@type":"Organization","@id":"https:\/\/nuevodigitaldeescobar.com.ar\/#organization","name":"Nuevo Digital de Escobar","url":"https:\/\/nuevodigitaldeescobar.com.ar\/","logo":{"@type":"ImageObject","inLanguage":"es","@id":"https:\/\/nuevodigitaldeescobar.com.ar\/#\/schema\/logo\/image\/","url":"https:\/\/nuevodigitaldeescobar.com.ar\/wp-content\/uploads\/2025\/05\/cropped-logo-nuevo2.jpg","contentUrl":"https:\/\/nuevodigitaldeescobar.com.ar\/wp-content\/uploads\/2025\/05\/cropped-logo-nuevo2.jpg","width":305,"height":305,"caption":"Nuevo Digital de Escobar"},"image":{"@id":"https:\/\/nuevodigitaldeescobar.com.ar\/#\/schema\/logo\/image\/"},"sameAs":["https:\/\/www.facebook.com\/NUEVODigitalDeEscobar","https:\/\/x.com\/nuevodigescobar","https:\/\/www.instagram.com\/nuevodigitaldeescobar"]},{"@type":"Person","@id":"https:\/\/nuevodigitaldeescobar.com.ar\/#\/schema\/person\/035e90a8efe9a80e6eec22656ad6ea4c","name":"Redacci\u00f3n","image":{"@type":"ImageObject","inLanguage":"es","@id":"https:\/\/nuevodigitaldeescobar.com.ar\/#\/schema\/person\/image\/","url":"https:\/\/secure.gravatar.com\/avatar\/8af8f40000c24e9eef3034f2be5998a372bb1389e64b1a4a36b3a7979142220d?s=96&d=mm&r=g","contentUrl":"https:\/\/secure.gravatar.com\/avatar\/8af8f40000c24e9eef3034f2be5998a372bb1389e64b1a4a36b3a7979142220d?s=96&d=mm&r=g","caption":"Redacci\u00f3n"},"sameAs":["http:\/\/nuevodigitaldeescobar.com.ar"],"url":"https:\/\/nuevodigitaldeescobar.com.ar\/?author=1"}]}},"featured_image_urls":{"full":["https:\/\/nuevodigitaldeescobar.com.ar\/wp-content\/uploads\/2026\/01\/colectbol22.png",535,589,false],"thumbnail":["https:\/\/nuevodigitaldeescobar.com.ar\/wp-content\/uploads\/2026\/01\/colectbol22-150x150.png",150,150,true],"medium":["https:\/\/nuevodigitaldeescobar.com.ar\/wp-content\/uploads\/2026\/01\/colectbol22-272x300.png",272,300,true],"medium_large":["https:\/\/nuevodigitaldeescobar.com.ar\/wp-content\/uploads\/2026\/01\/colectbol22.png",535,589,false],"large":["https:\/\/nuevodigitaldeescobar.com.ar\/wp-content\/uploads\/2026\/01\/colectbol22.png",535,589,false],"1536x1536":["https:\/\/nuevodigitaldeescobar.com.ar\/wp-content\/uploads\/2026\/01\/colectbol22.png",535,589,false],"2048x2048":["https:\/\/nuevodigitaldeescobar.com.ar\/wp-content\/uploads\/2026\/01\/colectbol22.png",535,589,false]},"author_info":{"display_name":"Redacci\u00f3n","author_link":"https:\/\/nuevodigitaldeescobar.com.ar\/?author=1"},"category_info":"<a href=\"https:\/\/nuevodigitaldeescobar.com.ar\/?cat=7\" rel=\"category\">Inter\u00e9s general<\/a>","tag_info":"Inter\u00e9s general","comment_count":"0","_links":{"self":[{"href":"https:\/\/nuevodigitaldeescobar.com.ar\/index.php?rest_route=\/wp\/v2\/posts\/19601","targetHints":{"allow":["GET"]}}],"collection":[{"href":"https:\/\/nuevodigitaldeescobar.com.ar\/index.php?rest_route=\/wp\/v2\/posts"}],"about":[{"href":"https:\/\/nuevodigitaldeescobar.com.ar\/index.php?rest_route=\/wp\/v2\/types\/post"}],"author":[{"embeddable":true,"href":"https:\/\/nuevodigitaldeescobar.com.ar\/index.php?rest_route=\/wp\/v2\/users\/1"}],"replies":[{"embeddable":true,"href":"https:\/\/nuevodigitaldeescobar.com.ar\/index.php?rest_route=%2Fwp%2Fv2%2Fcomments&post=19601"}],"version-history":[{"count":1,"href":"https:\/\/nuevodigitaldeescobar.com.ar\/index.php?rest_route=\/wp\/v2\/posts\/19601\/revisions"}],"predecessor-version":[{"id":19603,"href":"https:\/\/nuevodigitaldeescobar.com.ar\/index.php?rest_route=\/wp\/v2\/posts\/19601\/revisions\/19603"}],"wp:featuredmedia":[{"embeddable":true,"href":"https:\/\/nuevodigitaldeescobar.com.ar\/index.php?rest_route=\/wp\/v2\/media\/19602"}],"wp:attachment":[{"href":"https:\/\/nuevodigitaldeescobar.com.ar\/index.php?rest_route=%2Fwp%2Fv2%2Fmedia&parent=19601"}],"wp:term":[{"taxonomy":"category","embeddable":true,"href":"https:\/\/nuevodigitaldeescobar.com.ar\/index.php?rest_route=%2Fwp%2Fv2%2Fcategories&post=19601"},{"taxonomy":"post_tag","embeddable":true,"href":"https:\/\/nuevodigitaldeescobar.com.ar\/index.php?rest_route=%2Fwp%2Fv2%2Ftags&post=19601"}],"curies":[{"name":"wp","href":"https:\/\/api.w.org\/{rel}","templated":true}]}}