{"id":19604,"date":"2026-01-16T08:49:40","date_gmt":"2026-01-16T11:49:40","guid":{"rendered":"https:\/\/nuevodigitaldeescobar.com.ar\/?p=19604"},"modified":"2026-01-16T08:49:43","modified_gmt":"2026-01-16T11:49:43","slug":"depuracion-en-el-sistema-de-salud-el-gobierno-dio-de-baja-otras-24-prepagas-que-estaban-inactivas","status":"publish","type":"post","link":"https:\/\/nuevodigitaldeescobar.com.ar\/?p=19604","title":{"rendered":"Depuraci\u00f3n en el sistema de salud: el Gobierno dio de baja otras 24 prepagas que estaban inactivas"},"content":{"rendered":"\n<p class=\"has-vivid-cyan-blue-color has-text-color has-link-color wp-elements-9f96a45a0da0a27aadf35f8f0a174a3d\"><strong><em>En un nuevo paso hacia el reordenamiento del sistema de salud privada, la Superintendencia de Servicios de Salud (SSS) oficializ\u00f3 este jueves la baja de 24 empresas de medicina prepaga. Con esta medida, ya suman 139 las entidades eliminadas del registro nacional desde el inicio de la actual gesti\u00f3n, todas bajo un denominador com\u00fan: la falta de actividad real y el incumplimiento de normativas b\u00e1sicas.<\/em><\/strong><\/p>\n\n\n\n<!--more-->\n\n\n\n<p>A trav\u00e9s de una serie de auditor\u00edas integrales, el organismo detect\u00f3 que estas firmas operaban como \u00abempresas fantasma\u00bb o sellos de goma, ya que <strong>no contaban con afiliados registrados, no brindaban prestaciones m\u00e9dicas ni presentaban la documentaci\u00f3n respaldatoria<\/strong> exigida por ley.<\/p>\n\n\n\n<h3 class=\"wp-block-heading has-text-color has-link-color wp-elements-072d70b1c26cc6a4ce2508d7cded916b\" style=\"color:#1d2abe\">Un registro m\u00e1s transparente y sin impacto en los usuarios<\/h3>\n\n\n\n<p>La principal preocupaci\u00f3n de los vecinos ante este tipo de noticias es la continuidad de su cobertura m\u00e9dica. Al respecto, desde la Superintendencia fueron taxativos: <strong>esta medida no afecta a los usuarios del sistema de salud<\/strong>. Al tratarse de empresas sin beneficiarios ni estructura operativa, la depuraci\u00f3n del padr\u00f3n no genera ning\u00fan tipo de traspaso forzoso ni p\u00e9rdida de servicio para los ciudadanos.<\/p>\n\n\n\n<p><em>\u00abEl objetivo es contar con un registro transparente y depurar el padr\u00f3n para quedarnos con los agentes que efectivamente operan y cumplen con los requisitos m\u00ednimos\u00bb<\/em>, explicaron fuentes oficiales tras la publicaci\u00f3n del edicto en el Bolet\u00edn Oficial.<\/p>\n\n\n\n<hr class=\"wp-block-separator has-alpha-channel-opacity\"\/>\n\n\n\n<h3 class=\"wp-block-heading has-text-color has-link-color wp-elements-2141c9e70f8c40508f76a91c39a6ca42\" style=\"color:#1d2abe\">Listado completo: Las 24 prepagas dadas de baja<\/h3>\n\n\n\n<p>A continuaci\u00f3n, detallamos las entidades que dejaron de formar parte del registro oficial de Agentes del Seguro de Salud:<\/p>\n\n\n\n<figure class=\"wp-block-table is-style-stripes\"><table class=\"has-electric-grass-gradient-background has-background has-fixed-layout\"><thead><tr><td><strong>Nombre de la Entidad \/ Empresa<\/strong><\/td><td><strong>Tipo de Organizaci\u00f3n<\/strong><\/td><\/tr><\/thead><tbody><tr><td><strong>John Deere Argentina<\/strong><\/td><td>Mutual de Personal<\/td><\/tr><tr><td><strong>IMA (Instituto M\u00e9dico Asistencial)<\/strong><\/td><td>Instituto M\u00e9dico<\/td><\/tr><tr><td><strong>Centro M\u00e9dico Mar del Plata<\/strong><\/td><td>Asociaci\u00f3n Civil<\/td><\/tr><tr><td><strong>C\u00e1mara de la Industria Curtidora Argentina<\/strong><\/td><td>Obra Social<\/td><\/tr><tr><td><strong>Asistencia Mutual Aeronavegante<\/strong><\/td><td>Mutual<\/td><\/tr><tr><td><strong>Medicina y Servicios (Staff)<\/strong><\/td><td>Asociaci\u00f3n Mutual<\/td><\/tr><tr><td><strong>C\u00e1mara de Tabaco de Misiones<\/strong><\/td><td>C\u00e1mara Empresarial<\/td><\/tr><tr><td><strong>IE Emergencias M\u00e9dicas Bolivar S.A.<\/strong><\/td><td>Sociedad An\u00f3nima<\/td><\/tr><tr><td><strong>Plan Odontol\u00f3gico Integral S.A.<\/strong><\/td><td>Sociedad An\u00f3nima<\/td><\/tr><tr><td><strong>Austral Organizaci\u00f3n M\u00e9dica Integral<\/strong><\/td><td>Organizaci\u00f3n M\u00e9dica<\/td><\/tr><tr><td><strong>Cardio S.A.<\/strong><\/td><td>Sociedad An\u00f3nima<\/td><\/tr><tr><td><strong>Asoc. Mutual Trabajadores Reposter\u00eda<\/strong><\/td><td>Mutual<\/td><\/tr><tr><td><strong>Mutual Integral de Consumos y Servicios<\/strong><\/td><td>Asociaci\u00f3n Mutual<\/td><\/tr><tr><td><strong>Mutual de Comerciantes Bartolom\u00e9 Mitre<\/strong><\/td><td>Asociaci\u00f3n Mutual<\/td><\/tr><tr><td><strong>Gran Cooperativa de Cr\u00e9dito y Vivienda<\/strong><\/td><td>Cooperativa<\/td><\/tr><tr><td><strong>Asociaci\u00f3n Mutual Intercooperativa<\/strong><\/td><td>Asociaci\u00f3n Mutual<\/td><\/tr><tr><td><strong>Coop. de Electricidad Villa Ca\u00f1\u00e1s<\/strong><\/td><td>Cooperativa<\/td><\/tr><tr><td><strong>Instituto Materno Infantil S.A.<\/strong><\/td><td>Sociedad An\u00f3nima<\/td><\/tr><tr><td><strong>Empy SRL<\/strong><\/td><td>Sociedad de Resp. Limitada<\/td><\/tr><tr><td><strong>Mutual Pers. Min. Educaci\u00f3n y Justicia<\/strong><\/td><td>Asociaci\u00f3n Mutual<\/td><\/tr><tr><td><strong>Coop. Cuenca del Salado Ltda.<\/strong><\/td><td>Cooperativa<\/td><\/tr><tr><td><strong>Plural Coop. de Cr\u00e9dito y Consumo<\/strong><\/td><td>Cooperativa<\/td><\/tr><tr><td><strong>Sanatorio Garay (Prof. Arte de Curar)<\/strong><\/td><td>Mutual<\/td><\/tr><tr><td><strong>Mutual Mercantil Empleados Comercio CBA<\/strong><\/td><td>Asociaci\u00f3n Mutual<\/td><\/tr><\/tbody><\/table><\/figure>\n\n\n\n<hr class=\"wp-block-separator has-alpha-channel-opacity\"\/>\n\n\n\n<h3 class=\"wp-block-heading has-text-color has-link-color wp-elements-10d15b8818e158799a9a2e47618d4f39\" style=\"color:#1d2abe\">Continuidad del proceso<\/h3>\n\n\n\n<p>Desde el Gobierno se\u00f1alaron que este proceso de \u00ablimpieza\u00bb administrativa continuar\u00e1 en los pr\u00f3ximos meses. Las auditor\u00edas actuales no solo verifican la cantidad de afiliados, sino tambi\u00e9n la solvencia econ\u00f3mica y la capacidad prestacional de las empresas. El fin \u00faltimo es fortalecer la supervisi\u00f3n del sistema para garantizar que aquellas prepagas que s\u00ed tienen afiliados cumplan con el <strong>Programa M\u00e9dico Obligatorio (PMO)<\/strong> y los est\u00e1ndares de calidad que los usuarios pagan mes a mes.<\/p>\n","protected":false},"excerpt":{"rendered":"<p>En un nuevo paso hacia el reordenamiento del sistema de salud privada, la Superintendencia de Servicios de Salud (SSS) oficializ\u00f3 este jueves la baja de [&hellip;]<\/p>\n","protected":false},"author":1,"featured_media":10328,"comment_status":"open","ping_status":"open","sticky":false,"template":"","format":"standard","meta":{"footnotes":""},"categories":[10],"tags":[],"class_list":["post-19604","post","type-post","status-publish","format-standard","has-post-thumbnail","hentry","category-economia"],"better_featured_image":{"id":10328,"alt_text":"","caption":"","description":"","media_type":"image","media_details":{"width":655,"height":368,"file":"2024\/12\/prepagascart123.png","filesize":394675,"sizes":{"medium":{"file":"prepagascart123-300x169.png","width":300,"height":169,"mime-type":"image\/png","filesize":76925,"source_url":"https:\/\/nuevodigitaldeescobar.com.ar\/wp-content\/uploads\/2024\/12\/prepagascart123-300x169.png"},"thumbnail":{"file":"prepagascart123-150x150.png","width":150,"height":150,"mime-type":"image\/png","filesize":40633,"source_url":"https:\/\/nuevodigitaldeescobar.com.ar\/wp-content\/uploads\/2024\/12\/prepagascart123-150x150.png"}},"image_meta":{"aperture":"0","credit":"","camera":"","caption":"","created_timestamp":"0","copyright":"","focal_length":"0","iso":"0","shutter_speed":"0","title":"","orientation":"0","keywords":[]}},"post":10326,"source_url":"https:\/\/nuevodigitaldeescobar.com.ar\/wp-content\/uploads\/2024\/12\/prepagascart123.png"},"yoast_head":"<!-- This site is optimized with the Yoast SEO plugin v26.1.1 - https:\/\/yoast.com\/wordpress\/plugins\/seo\/ -->\n<title>Depuraci\u00f3n en el sistema de salud: el Gobierno dio de baja otras 24 prepagas que estaban inactivas - Nuevo Digital de Escobar<\/title>\n<meta name=\"robots\" content=\"index, follow, max-snippet:-1, max-image-preview:large, max-video-preview:-1\" \/>\n<link rel=\"canonical\" href=\"https:\/\/nuevodigitaldeescobar.com.ar\/?p=19604\" \/>\n<meta property=\"og:locale\" content=\"es_ES\" \/>\n<meta property=\"og:type\" content=\"article\" \/>\n<meta property=\"og:title\" content=\"Depuraci\u00f3n en el sistema de salud: el Gobierno dio de baja otras 24 prepagas que estaban inactivas - Nuevo Digital de Escobar\" \/>\n<meta property=\"og:description\" content=\"En un nuevo paso hacia el reordenamiento del sistema de salud privada, la Superintendencia de Servicios de Salud (SSS) oficializ\u00f3 este jueves la baja de [&hellip;]\" \/>\n<meta property=\"og:url\" content=\"https:\/\/nuevodigitaldeescobar.com.ar\/?p=19604\" \/>\n<meta property=\"og:site_name\" content=\"Nuevo Digital de Escobar\" \/>\n<meta property=\"article:publisher\" content=\"https:\/\/www.facebook.com\/NUEVODigitalDeEscobar\" \/>\n<meta property=\"article:published_time\" content=\"2026-01-16T11:49:40+00:00\" \/>\n<meta property=\"article:modified_time\" content=\"2026-01-16T11:49:43+00:00\" \/>\n<meta property=\"og:image\" content=\"http:\/\/nuevodigitaldeescobar.com.ar\/wp-content\/uploads\/2024\/12\/prepagascart123.png\" \/>\n\t<meta property=\"og:image:width\" content=\"655\" \/>\n\t<meta property=\"og:image:height\" content=\"368\" \/>\n\t<meta property=\"og:image:type\" content=\"image\/png\" \/>\n<meta name=\"author\" content=\"Redacci\u00f3n\" \/>\n<meta name=\"twitter:card\" content=\"summary_large_image\" \/>\n<meta name=\"twitter:creator\" content=\"@nuevodigescobar\" \/>\n<meta name=\"twitter:site\" content=\"@nuevodigescobar\" \/>\n<meta name=\"twitter:label1\" content=\"Escrito por\" \/>\n\t<meta name=\"twitter:data1\" content=\"Redacci\u00f3n\" \/>\n\t<meta name=\"twitter:label2\" content=\"Tiempo de lectura\" \/>\n\t<meta name=\"twitter:data2\" content=\"3 minutos\" \/>\n<script type=\"application\/ld+json\" class=\"yoast-schema-graph\">{\"@context\":\"https:\/\/schema.org\",\"@graph\":[{\"@type\":\"Article\",\"@id\":\"https:\/\/nuevodigitaldeescobar.com.ar\/?p=19604#article\",\"isPartOf\":{\"@id\":\"https:\/\/nuevodigitaldeescobar.com.ar\/?p=19604\"},\"author\":{\"name\":\"Redacci\u00f3n\",\"@id\":\"https:\/\/nuevodigitaldeescobar.com.ar\/#\/schema\/person\/035e90a8efe9a80e6eec22656ad6ea4c\"},\"headline\":\"Depuraci\u00f3n en el sistema de salud: el Gobierno dio de baja otras 24 prepagas que estaban inactivas\",\"datePublished\":\"2026-01-16T11:49:40+00:00\",\"dateModified\":\"2026-01-16T11:49:43+00:00\",\"mainEntityOfPage\":{\"@id\":\"https:\/\/nuevodigitaldeescobar.com.ar\/?p=19604\"},\"wordCount\":556,\"commentCount\":0,\"publisher\":{\"@id\":\"https:\/\/nuevodigitaldeescobar.com.ar\/#organization\"},\"image\":{\"@id\":\"https:\/\/nuevodigitaldeescobar.com.ar\/?p=19604#primaryimage\"},\"thumbnailUrl\":\"https:\/\/nuevodigitaldeescobar.com.ar\/wp-content\/uploads\/2024\/12\/prepagascart123.png\",\"articleSection\":[\"Econom\u00eda\"],\"inLanguage\":\"es\",\"potentialAction\":[{\"@type\":\"CommentAction\",\"name\":\"Comment\",\"target\":[\"https:\/\/nuevodigitaldeescobar.com.ar\/?p=19604#respond\"]}]},{\"@type\":\"WebPage\",\"@id\":\"https:\/\/nuevodigitaldeescobar.com.ar\/?p=19604\",\"url\":\"https:\/\/nuevodigitaldeescobar.com.ar\/?p=19604\",\"name\":\"Depuraci\u00f3n en el sistema de salud: el Gobierno dio de baja otras 24 prepagas que estaban inactivas - Nuevo Digital de Escobar\",\"isPartOf\":{\"@id\":\"https:\/\/nuevodigitaldeescobar.com.ar\/#website\"},\"primaryImageOfPage\":{\"@id\":\"https:\/\/nuevodigitaldeescobar.com.ar\/?p=19604#primaryimage\"},\"image\":{\"@id\":\"https:\/\/nuevodigitaldeescobar.com.ar\/?p=19604#primaryimage\"},\"thumbnailUrl\":\"https:\/\/nuevodigitaldeescobar.com.ar\/wp-content\/uploads\/2024\/12\/prepagascart123.png\",\"datePublished\":\"2026-01-16T11:49:40+00:00\",\"dateModified\":\"2026-01-16T11:49:43+00:00\",\"breadcrumb\":{\"@id\":\"https:\/\/nuevodigitaldeescobar.com.ar\/?p=19604#breadcrumb\"},\"inLanguage\":\"es\",\"potentialAction\":[{\"@type\":\"ReadAction\",\"target\":[\"https:\/\/nuevodigitaldeescobar.com.ar\/?p=19604\"]}]},{\"@type\":\"ImageObject\",\"inLanguage\":\"es\",\"@id\":\"https:\/\/nuevodigitaldeescobar.com.ar\/?p=19604#primaryimage\",\"url\":\"https:\/\/nuevodigitaldeescobar.com.ar\/wp-content\/uploads\/2024\/12\/prepagascart123.png\",\"contentUrl\":\"https:\/\/nuevodigitaldeescobar.com.ar\/wp-content\/uploads\/2024\/12\/prepagascart123.png\",\"width\":655,\"height\":368},{\"@type\":\"BreadcrumbList\",\"@id\":\"https:\/\/nuevodigitaldeescobar.com.ar\/?p=19604#breadcrumb\",\"itemListElement\":[{\"@type\":\"ListItem\",\"position\":1,\"name\":\"Portada\",\"item\":\"https:\/\/nuevodigitaldeescobar.com.ar\/\"},{\"@type\":\"ListItem\",\"position\":2,\"name\":\"Depuraci\u00f3n en el sistema de salud: el Gobierno dio de baja otras 24 prepagas que estaban inactivas\"}]},{\"@type\":\"WebSite\",\"@id\":\"https:\/\/nuevodigitaldeescobar.com.ar\/#website\",\"url\":\"https:\/\/nuevodigitaldeescobar.com.ar\/\",\"name\":\"Nuevo Digital de Escobar\",\"description\":\"La vida escobarense. Directora: Rosana Brunner\",\"publisher\":{\"@id\":\"https:\/\/nuevodigitaldeescobar.com.ar\/#organization\"},\"potentialAction\":[{\"@type\":\"SearchAction\",\"target\":{\"@type\":\"EntryPoint\",\"urlTemplate\":\"https:\/\/nuevodigitaldeescobar.com.ar\/?s={search_term_string}\"},\"query-input\":{\"@type\":\"PropertyValueSpecification\",\"valueRequired\":true,\"valueName\":\"search_term_string\"}}],\"inLanguage\":\"es\"},{\"@type\":\"Organization\",\"@id\":\"https:\/\/nuevodigitaldeescobar.com.ar\/#organization\",\"name\":\"Nuevo Digital de Escobar\",\"url\":\"https:\/\/nuevodigitaldeescobar.com.ar\/\",\"logo\":{\"@type\":\"ImageObject\",\"inLanguage\":\"es\",\"@id\":\"https:\/\/nuevodigitaldeescobar.com.ar\/#\/schema\/logo\/image\/\",\"url\":\"https:\/\/nuevodigitaldeescobar.com.ar\/wp-content\/uploads\/2025\/05\/cropped-logo-nuevo2.jpg\",\"contentUrl\":\"https:\/\/nuevodigitaldeescobar.com.ar\/wp-content\/uploads\/2025\/05\/cropped-logo-nuevo2.jpg\",\"width\":305,\"height\":305,\"caption\":\"Nuevo Digital de Escobar\"},\"image\":{\"@id\":\"https:\/\/nuevodigitaldeescobar.com.ar\/#\/schema\/logo\/image\/\"},\"sameAs\":[\"https:\/\/www.facebook.com\/NUEVODigitalDeEscobar\",\"https:\/\/x.com\/nuevodigescobar\",\"https:\/\/www.instagram.com\/nuevodigitaldeescobar\"]},{\"@type\":\"Person\",\"@id\":\"https:\/\/nuevodigitaldeescobar.com.ar\/#\/schema\/person\/035e90a8efe9a80e6eec22656ad6ea4c\",\"name\":\"Redacci\u00f3n\",\"image\":{\"@type\":\"ImageObject\",\"inLanguage\":\"es\",\"@id\":\"https:\/\/nuevodigitaldeescobar.com.ar\/#\/schema\/person\/image\/\",\"url\":\"https:\/\/secure.gravatar.com\/avatar\/8af8f40000c24e9eef3034f2be5998a372bb1389e64b1a4a36b3a7979142220d?s=96&d=mm&r=g\",\"contentUrl\":\"https:\/\/secure.gravatar.com\/avatar\/8af8f40000c24e9eef3034f2be5998a372bb1389e64b1a4a36b3a7979142220d?s=96&d=mm&r=g\",\"caption\":\"Redacci\u00f3n\"},\"sameAs\":[\"http:\/\/nuevodigitaldeescobar.com.ar\"],\"url\":\"https:\/\/nuevodigitaldeescobar.com.ar\/?author=1\"}]}<\/script>\n<!-- \/ Yoast SEO plugin. -->","yoast_head_json":{"title":"Depuraci\u00f3n en el sistema de salud: el Gobierno dio de baja otras 24 prepagas que estaban inactivas - Nuevo Digital de Escobar","robots":{"index":"index","follow":"follow","max-snippet":"max-snippet:-1","max-image-preview":"max-image-preview:large","max-video-preview":"max-video-preview:-1"},"canonical":"https:\/\/nuevodigitaldeescobar.com.ar\/?p=19604","og_locale":"es_ES","og_type":"article","og_title":"Depuraci\u00f3n en el sistema de salud: el Gobierno dio de baja otras 24 prepagas que estaban inactivas - Nuevo Digital de Escobar","og_description":"En un nuevo paso hacia el reordenamiento del sistema de salud privada, la Superintendencia de Servicios de Salud (SSS) oficializ\u00f3 este jueves la baja de [&hellip;]","og_url":"https:\/\/nuevodigitaldeescobar.com.ar\/?p=19604","og_site_name":"Nuevo Digital de Escobar","article_publisher":"https:\/\/www.facebook.com\/NUEVODigitalDeEscobar","article_published_time":"2026-01-16T11:49:40+00:00","article_modified_time":"2026-01-16T11:49:43+00:00","og_image":[{"width":655,"height":368,"url":"http:\/\/nuevodigitaldeescobar.com.ar\/wp-content\/uploads\/2024\/12\/prepagascart123.png","type":"image\/png"}],"author":"Redacci\u00f3n","twitter_card":"summary_large_image","twitter_creator":"@nuevodigescobar","twitter_site":"@nuevodigescobar","twitter_misc":{"Escrito por":"Redacci\u00f3n","Tiempo de lectura":"3 minutos"},"schema":{"@context":"https:\/\/schema.org","@graph":[{"@type":"Article","@id":"https:\/\/nuevodigitaldeescobar.com.ar\/?p=19604#article","isPartOf":{"@id":"https:\/\/nuevodigitaldeescobar.com.ar\/?p=19604"},"author":{"name":"Redacci\u00f3n","@id":"https:\/\/nuevodigitaldeescobar.com.ar\/#\/schema\/person\/035e90a8efe9a80e6eec22656ad6ea4c"},"headline":"Depuraci\u00f3n en el sistema de salud: el Gobierno dio de baja otras 24 prepagas que estaban inactivas","datePublished":"2026-01-16T11:49:40+00:00","dateModified":"2026-01-16T11:49:43+00:00","mainEntityOfPage":{"@id":"https:\/\/nuevodigitaldeescobar.com.ar\/?p=19604"},"wordCount":556,"commentCount":0,"publisher":{"@id":"https:\/\/nuevodigitaldeescobar.com.ar\/#organization"},"image":{"@id":"https:\/\/nuevodigitaldeescobar.com.ar\/?p=19604#primaryimage"},"thumbnailUrl":"https:\/\/nuevodigitaldeescobar.com.ar\/wp-content\/uploads\/2024\/12\/prepagascart123.png","articleSection":["Econom\u00eda"],"inLanguage":"es","potentialAction":[{"@type":"CommentAction","name":"Comment","target":["https:\/\/nuevodigitaldeescobar.com.ar\/?p=19604#respond"]}]},{"@type":"WebPage","@id":"https:\/\/nuevodigitaldeescobar.com.ar\/?p=19604","url":"https:\/\/nuevodigitaldeescobar.com.ar\/?p=19604","name":"Depuraci\u00f3n en el sistema de salud: el Gobierno dio de baja otras 24 prepagas que estaban inactivas - Nuevo Digital de Escobar","isPartOf":{"@id":"https:\/\/nuevodigitaldeescobar.com.ar\/#website"},"primaryImageOfPage":{"@id":"https:\/\/nuevodigitaldeescobar.com.ar\/?p=19604#primaryimage"},"image":{"@id":"https:\/\/nuevodigitaldeescobar.com.ar\/?p=19604#primaryimage"},"thumbnailUrl":"https:\/\/nuevodigitaldeescobar.com.ar\/wp-content\/uploads\/2024\/12\/prepagascart123.png","datePublished":"2026-01-16T11:49:40+00:00","dateModified":"2026-01-16T11:49:43+00:00","breadcrumb":{"@id":"https:\/\/nuevodigitaldeescobar.com.ar\/?p=19604#breadcrumb"},"inLanguage":"es","potentialAction":[{"@type":"ReadAction","target":["https:\/\/nuevodigitaldeescobar.com.ar\/?p=19604"]}]},{"@type":"ImageObject","inLanguage":"es","@id":"https:\/\/nuevodigitaldeescobar.com.ar\/?p=19604#primaryimage","url":"https:\/\/nuevodigitaldeescobar.com.ar\/wp-content\/uploads\/2024\/12\/prepagascart123.png","contentUrl":"https:\/\/nuevodigitaldeescobar.com.ar\/wp-content\/uploads\/2024\/12\/prepagascart123.png","width":655,"height":368},{"@type":"BreadcrumbList","@id":"https:\/\/nuevodigitaldeescobar.com.ar\/?p=19604#breadcrumb","itemListElement":[{"@type":"ListItem","position":1,"name":"Portada","item":"https:\/\/nuevodigitaldeescobar.com.ar\/"},{"@type":"ListItem","position":2,"name":"Depuraci\u00f3n en el sistema de salud: el Gobierno dio de baja otras 24 prepagas que estaban inactivas"}]},{"@type":"WebSite","@id":"https:\/\/nuevodigitaldeescobar.com.ar\/#website","url":"https:\/\/nuevodigitaldeescobar.com.ar\/","name":"Nuevo Digital de Escobar","description":"La vida escobarense. Directora: Rosana Brunner","publisher":{"@id":"https:\/\/nuevodigitaldeescobar.com.ar\/#organization"},"potentialAction":[{"@type":"SearchAction","target":{"@type":"EntryPoint","urlTemplate":"https:\/\/nuevodigitaldeescobar.com.ar\/?s={search_term_string}"},"query-input":{"@type":"PropertyValueSpecification","valueRequired":true,"valueName":"search_term_string"}}],"inLanguage":"es"},{"@type":"Organization","@id":"https:\/\/nuevodigitaldeescobar.com.ar\/#organization","name":"Nuevo Digital de Escobar","url":"https:\/\/nuevodigitaldeescobar.com.ar\/","logo":{"@type":"ImageObject","inLanguage":"es","@id":"https:\/\/nuevodigitaldeescobar.com.ar\/#\/schema\/logo\/image\/","url":"https:\/\/nuevodigitaldeescobar.com.ar\/wp-content\/uploads\/2025\/05\/cropped-logo-nuevo2.jpg","contentUrl":"https:\/\/nuevodigitaldeescobar.com.ar\/wp-content\/uploads\/2025\/05\/cropped-logo-nuevo2.jpg","width":305,"height":305,"caption":"Nuevo Digital de Escobar"},"image":{"@id":"https:\/\/nuevodigitaldeescobar.com.ar\/#\/schema\/logo\/image\/"},"sameAs":["https:\/\/www.facebook.com\/NUEVODigitalDeEscobar","https:\/\/x.com\/nuevodigescobar","https:\/\/www.instagram.com\/nuevodigitaldeescobar"]},{"@type":"Person","@id":"https:\/\/nuevodigitaldeescobar.com.ar\/#\/schema\/person\/035e90a8efe9a80e6eec22656ad6ea4c","name":"Redacci\u00f3n","image":{"@type":"ImageObject","inLanguage":"es","@id":"https:\/\/nuevodigitaldeescobar.com.ar\/#\/schema\/person\/image\/","url":"https:\/\/secure.gravatar.com\/avatar\/8af8f40000c24e9eef3034f2be5998a372bb1389e64b1a4a36b3a7979142220d?s=96&d=mm&r=g","contentUrl":"https:\/\/secure.gravatar.com\/avatar\/8af8f40000c24e9eef3034f2be5998a372bb1389e64b1a4a36b3a7979142220d?s=96&d=mm&r=g","caption":"Redacci\u00f3n"},"sameAs":["http:\/\/nuevodigitaldeescobar.com.ar"],"url":"https:\/\/nuevodigitaldeescobar.com.ar\/?author=1"}]}},"featured_image_urls":{"full":["https:\/\/nuevodigitaldeescobar.com.ar\/wp-content\/uploads\/2024\/12\/prepagascart123.png",655,368,false],"thumbnail":["https:\/\/nuevodigitaldeescobar.com.ar\/wp-content\/uploads\/2024\/12\/prepagascart123-150x150.png",150,150,true],"medium":["https:\/\/nuevodigitaldeescobar.com.ar\/wp-content\/uploads\/2024\/12\/prepagascart123-300x169.png",300,169,true],"medium_large":["https:\/\/nuevodigitaldeescobar.com.ar\/wp-content\/uploads\/2024\/12\/prepagascart123.png",640,360,false],"large":["https:\/\/nuevodigitaldeescobar.com.ar\/wp-content\/uploads\/2024\/12\/prepagascart123.png",640,360,false],"1536x1536":["https:\/\/nuevodigitaldeescobar.com.ar\/wp-content\/uploads\/2024\/12\/prepagascart123.png",655,368,false],"2048x2048":["https:\/\/nuevodigitaldeescobar.com.ar\/wp-content\/uploads\/2024\/12\/prepagascart123.png",655,368,false]},"author_info":{"display_name":"Redacci\u00f3n","author_link":"https:\/\/nuevodigitaldeescobar.com.ar\/?author=1"},"category_info":"<a href=\"https:\/\/nuevodigitaldeescobar.com.ar\/?cat=10\" rel=\"category\">Econom\u00eda<\/a>","tag_info":"Econom\u00eda","comment_count":"0","_links":{"self":[{"href":"https:\/\/nuevodigitaldeescobar.com.ar\/index.php?rest_route=\/wp\/v2\/posts\/19604","targetHints":{"allow":["GET"]}}],"collection":[{"href":"https:\/\/nuevodigitaldeescobar.com.ar\/index.php?rest_route=\/wp\/v2\/posts"}],"about":[{"href":"https:\/\/nuevodigitaldeescobar.com.ar\/index.php?rest_route=\/wp\/v2\/types\/post"}],"author":[{"embeddable":true,"href":"https:\/\/nuevodigitaldeescobar.com.ar\/index.php?rest_route=\/wp\/v2\/users\/1"}],"replies":[{"embeddable":true,"href":"https:\/\/nuevodigitaldeescobar.com.ar\/index.php?rest_route=%2Fwp%2Fv2%2Fcomments&post=19604"}],"version-history":[{"count":1,"href":"https:\/\/nuevodigitaldeescobar.com.ar\/index.php?rest_route=\/wp\/v2\/posts\/19604\/revisions"}],"predecessor-version":[{"id":19605,"href":"https:\/\/nuevodigitaldeescobar.com.ar\/index.php?rest_route=\/wp\/v2\/posts\/19604\/revisions\/19605"}],"wp:featuredmedia":[{"embeddable":true,"href":"https:\/\/nuevodigitaldeescobar.com.ar\/index.php?rest_route=\/wp\/v2\/media\/10328"}],"wp:attachment":[{"href":"https:\/\/nuevodigitaldeescobar.com.ar\/index.php?rest_route=%2Fwp%2Fv2%2Fmedia&parent=19604"}],"wp:term":[{"taxonomy":"category","embeddable":true,"href":"https:\/\/nuevodigitaldeescobar.com.ar\/index.php?rest_route=%2Fwp%2Fv2%2Fcategories&post=19604"},{"taxonomy":"post_tag","embeddable":true,"href":"https:\/\/nuevodigitaldeescobar.com.ar\/index.php?rest_route=%2Fwp%2Fv2%2Ftags&post=19604"}],"curies":[{"name":"wp","href":"https:\/\/api.w.org\/{rel}","templated":true}]}}