{"id":19624,"date":"2026-01-18T10:36:00","date_gmt":"2026-01-18T13:36:00","guid":{"rendered":"https:\/\/nuevodigitaldeescobar.com.ar\/?p=19624"},"modified":"2026-01-18T21:38:23","modified_gmt":"2026-01-19T00:38:23","slug":"desastre-en-comodoro-el-cerro-hermitte-se-desplazo-y-dejo-a-mas-de-90-familias-en-la-calle","status":"publish","type":"post","link":"https:\/\/nuevodigitaldeescobar.com.ar\/?p=19624","title":{"rendered":"Desastre en Comodoro: el cerro Hermitte se desplaz\u00f3 y dej\u00f3 a m\u00e1s de 90 familias en la calle"},"content":{"rendered":"\n<p class=\"has-vivid-cyan-blue-color has-text-color has-link-color wp-elements-852675973b0e5485487a243781099478\"><strong><em>Lo que comenz\u00f3 con crujidos y vibraciones profundas termin\u00f3 en una de las mayores cat\u00e1strofes habitacionales de los \u00faltimos a\u00f1os en Chubut. Durante las primeras horas de este domingo 18 de enero, los barrios Sismogr\u00e1fica y El Marquesado fueron testigos del avance implacable de la tierra.<\/em><\/strong><\/p>\n\n\n\n<!--more-->\n\n\n\n<p><strong><em>\u201cMi casa se abri\u00f3 a la mitad\u201d<\/em><\/strong>, relat\u00f3 uno de los vecinos damnificados, reflejando el horror de ver c\u00f3mo las estructuras de material ced\u00edan ante el movimiento del talud, que alcanz\u00f3 una extensi\u00f3n de <strong>1.500 metros<\/strong>.<\/p>\n\n\n<div class=\"wp-block-image is-style-rounded\">\n<figure class=\"aligncenter size-full\"><img fetchpriority=\"high\" decoding=\"async\" width=\"842\" height=\"651\" src=\"http:\/\/nuevodigitaldeescobar.com.ar\/wp-content\/uploads\/2026\/01\/comodoro32.png\" alt=\"\" class=\"wp-image-19626\" srcset=\"https:\/\/nuevodigitaldeescobar.com.ar\/wp-content\/uploads\/2026\/01\/comodoro32.png 842w, https:\/\/nuevodigitaldeescobar.com.ar\/wp-content\/uploads\/2026\/01\/comodoro32-300x232.png 300w, https:\/\/nuevodigitaldeescobar.com.ar\/wp-content\/uploads\/2026\/01\/comodoro32-768x594.png 768w\" sizes=\"(max-width: 842px) 100vw, 842px\" \/><\/figure><\/div>\n\n\n<h3 class=\"wp-block-heading has-text-color has-link-color wp-elements-fbbc5869f464c5f3690e767d1eff10bb\" style=\"color:#0d30b1\">Operativo de emergencia y evacuaci\u00f3n<\/h3>\n\n\n\n<p>Ante el riesgo inminente de derrumbe masivo, personal de Defensa Civil, Bomberos Voluntarios y la Polic\u00eda desplegaron un operativo para evacuar a los residentes. Muchas familias debieron abandonar sus hogares \u00fanicamente con lo puesto y sus mascotas.<\/p>\n\n\n\n<figure class=\"wp-block-table\"><table class=\"has-fixed-layout\"><thead><tr><td><strong>Datos clave de la emergencia<\/strong><\/td><td><strong>Detalle<\/strong><\/td><\/tr><\/thead><tbody><tr><td><strong>Familias evacuadas<\/strong><\/td><td>M\u00e1s de 90<\/td><\/tr><tr><td><strong>Zonas m\u00e1s afectadas<\/strong><\/td><td>Barrios Sismogr\u00e1fica y El Marquesado<\/td><\/tr><tr><td><strong>Centros de asistencia<\/strong><\/td><td>Club Talleres y Hotel Deportivo<\/td><\/tr><tr><td><strong>Extensi\u00f3n del talud<\/strong><\/td><td>1.500 metros aproximadamente<\/td><\/tr><tr><td><strong>Servicios afectados<\/strong><\/td><td>Rotura de ca\u00f1er\u00edas de gas y agua<\/td><\/tr><\/tbody><\/table><\/figure>\n\n\n\n<h3 class=\"wp-block-heading has-text-color has-link-color wp-elements-8cc81648e268702c92c6a84d0fe75dcd\" style=\"color:#0d30b1\">Infraestructura en peligro y seguridad<\/h3>\n\n\n\n<p>El desplazamiento no solo destruy\u00f3 paredes y techos, sino que tambi\u00e9n comprometi\u00f3 servicios vitales. Se registraron <strong>roturas en ca\u00f1er\u00edas de gas y agua<\/strong>, lo que oblig\u00f3 a Camuzzi y a la cooperativa local a instalar sensores de monitoreo las 24 horas con corte autom\u00e1tico para evitar explosiones.<\/p>\n\n\n\n<p>A pesar del peligro, un grupo de vecinos se resisti\u00f3 inicialmente a dejar sus casas por temor a los robos. Ante esto, la polic\u00eda reforz\u00f3 la custodia en las zonas evacuadas para garantizar que las pertenencias de los damnificados est\u00e9n protegidas mientras se define el futuro de sus hogares.<\/p>\n\n\n\n<h3 class=\"wp-block-heading has-text-color has-link-color wp-elements-8c304d0026276adb0e481c38ed8d7f31\" style=\"color:#0d30b1\">Estudios t\u00e9cnicos y el camino a la relocalizaci\u00f3n<\/h3>\n\n\n\n<p>El intendente Othar Macharashvili se reuni\u00f3 de urgencia con los vecinos para coordinar la asistencia. Seg\u00fan el secretario de Infraestructura, Fernando Ostoich, no habr\u00e1 soluciones generales: cada caso ser\u00e1 evaluado individualmente.<\/p>\n\n\n\n<p>El municipio ha firmado convenios con el <strong>SEGEMAR<\/strong> y la <strong>Universidad Nacional de la Patagonia San Juan Bosco<\/strong> para realizar estudios geol\u00f3gicos profundos. El objetivo es determinar si estas tierras volver\u00e1n a ser habitables o si se debe avanzar en un plan de relocalizaci\u00f3n definitiva para las familias que hoy se encuentran en refugios transitorios.<\/p>\n","protected":false},"excerpt":{"rendered":"<p>Lo que comenz\u00f3 con crujidos y vibraciones profundas termin\u00f3 en una de las mayores cat\u00e1strofes habitacionales de los \u00faltimos a\u00f1os en Chubut. Durante las primeras [&hellip;]<\/p>\n","protected":false},"author":1,"featured_media":19625,"comment_status":"open","ping_status":"open","sticky":false,"template":"","format":"standard","meta":{"footnotes":""},"categories":[61],"tags":[],"class_list":["post-19624","post","type-post","status-publish","format-standard","has-post-thumbnail","hentry","category-nacionales"],"better_featured_image":{"id":19625,"alt_text":"","caption":"","description":"","media_type":"image","media_details":{"width":829,"height":514,"file":"2026\/01\/comodoro33.png","filesize":1014661,"sizes":{"medium":{"file":"comodoro33-300x186.png","width":300,"height":186,"mime-type":"image\/png","filesize":50466,"source_url":"https:\/\/nuevodigitaldeescobar.com.ar\/wp-content\/uploads\/2026\/01\/comodoro33-300x186.png"},"thumbnail":{"file":"comodoro33-150x150.png","width":150,"height":150,"mime-type":"image\/png","filesize":21346,"source_url":"https:\/\/nuevodigitaldeescobar.com.ar\/wp-content\/uploads\/2026\/01\/comodoro33-150x150.png"},"medium_large":{"file":"comodoro33-768x476.png","width":768,"height":476,"mime-type":"image\/png","filesize":292024,"source_url":"https:\/\/nuevodigitaldeescobar.com.ar\/wp-content\/uploads\/2026\/01\/comodoro33-768x476.png"}},"image_meta":{"aperture":"0","credit":"","camera":"","caption":"","created_timestamp":"0","copyright":"","focal_length":"0","iso":"0","shutter_speed":"0","title":"","orientation":"0","keywords":[]}},"post":19624,"source_url":"https:\/\/nuevodigitaldeescobar.com.ar\/wp-content\/uploads\/2026\/01\/comodoro33.png"},"yoast_head":"<!-- This site is optimized with the Yoast SEO plugin v26.1.1 - https:\/\/yoast.com\/wordpress\/plugins\/seo\/ -->\n<title>Desastre en Comodoro: el cerro Hermitte se desplaz\u00f3 y dej\u00f3 a m\u00e1s de 90 familias en la calle - Nuevo Digital de Escobar<\/title>\n<meta name=\"robots\" content=\"index, follow, max-snippet:-1, max-image-preview:large, max-video-preview:-1\" \/>\n<link rel=\"canonical\" href=\"https:\/\/nuevodigitaldeescobar.com.ar\/?p=19624\" \/>\n<meta property=\"og:locale\" content=\"es_ES\" \/>\n<meta property=\"og:type\" content=\"article\" \/>\n<meta property=\"og:title\" content=\"Desastre en Comodoro: el cerro Hermitte se desplaz\u00f3 y dej\u00f3 a m\u00e1s de 90 familias en la calle - Nuevo Digital de Escobar\" \/>\n<meta property=\"og:description\" content=\"Lo que comenz\u00f3 con crujidos y vibraciones profundas termin\u00f3 en una de las mayores cat\u00e1strofes habitacionales de los \u00faltimos a\u00f1os en Chubut. Durante las primeras [&hellip;]\" \/>\n<meta property=\"og:url\" content=\"https:\/\/nuevodigitaldeescobar.com.ar\/?p=19624\" \/>\n<meta property=\"og:site_name\" content=\"Nuevo Digital de Escobar\" \/>\n<meta property=\"article:publisher\" content=\"https:\/\/www.facebook.com\/NUEVODigitalDeEscobar\" \/>\n<meta property=\"article:published_time\" content=\"2026-01-18T13:36:00+00:00\" \/>\n<meta property=\"article:modified_time\" content=\"2026-01-19T00:38:23+00:00\" \/>\n<meta property=\"og:image\" content=\"http:\/\/nuevodigitaldeescobar.com.ar\/wp-content\/uploads\/2026\/01\/comodoro33.png\" \/>\n\t<meta property=\"og:image:width\" content=\"829\" \/>\n\t<meta property=\"og:image:height\" content=\"514\" \/>\n\t<meta property=\"og:image:type\" content=\"image\/png\" \/>\n<meta name=\"author\" content=\"Redacci\u00f3n\" \/>\n<meta name=\"twitter:card\" content=\"summary_large_image\" \/>\n<meta name=\"twitter:creator\" content=\"@nuevodigescobar\" \/>\n<meta name=\"twitter:site\" content=\"@nuevodigescobar\" \/>\n<meta name=\"twitter:label1\" content=\"Escrito por\" \/>\n\t<meta name=\"twitter:data1\" content=\"Redacci\u00f3n\" \/>\n\t<meta name=\"twitter:label2\" content=\"Tiempo de lectura\" \/>\n\t<meta name=\"twitter:data2\" content=\"3 minutos\" \/>\n<script type=\"application\/ld+json\" class=\"yoast-schema-graph\">{\"@context\":\"https:\/\/schema.org\",\"@graph\":[{\"@type\":\"Article\",\"@id\":\"https:\/\/nuevodigitaldeescobar.com.ar\/?p=19624#article\",\"isPartOf\":{\"@id\":\"https:\/\/nuevodigitaldeescobar.com.ar\/?p=19624\"},\"author\":{\"name\":\"Redacci\u00f3n\",\"@id\":\"https:\/\/nuevodigitaldeescobar.com.ar\/#\/schema\/person\/035e90a8efe9a80e6eec22656ad6ea4c\"},\"headline\":\"Desastre en Comodoro: el cerro Hermitte se desplaz\u00f3 y dej\u00f3 a m\u00e1s de 90 familias en la calle\",\"datePublished\":\"2026-01-18T13:36:00+00:00\",\"dateModified\":\"2026-01-19T00:38:23+00:00\",\"mainEntityOfPage\":{\"@id\":\"https:\/\/nuevodigitaldeescobar.com.ar\/?p=19624\"},\"wordCount\":400,\"commentCount\":0,\"publisher\":{\"@id\":\"https:\/\/nuevodigitaldeescobar.com.ar\/#organization\"},\"image\":{\"@id\":\"https:\/\/nuevodigitaldeescobar.com.ar\/?p=19624#primaryimage\"},\"thumbnailUrl\":\"https:\/\/nuevodigitaldeescobar.com.ar\/wp-content\/uploads\/2026\/01\/comodoro33.png\",\"articleSection\":[\"Nacionales\"],\"inLanguage\":\"es\",\"potentialAction\":[{\"@type\":\"CommentAction\",\"name\":\"Comment\",\"target\":[\"https:\/\/nuevodigitaldeescobar.com.ar\/?p=19624#respond\"]}]},{\"@type\":\"WebPage\",\"@id\":\"https:\/\/nuevodigitaldeescobar.com.ar\/?p=19624\",\"url\":\"https:\/\/nuevodigitaldeescobar.com.ar\/?p=19624\",\"name\":\"Desastre en Comodoro: el cerro Hermitte se desplaz\u00f3 y dej\u00f3 a m\u00e1s de 90 familias en la calle - Nuevo Digital de Escobar\",\"isPartOf\":{\"@id\":\"https:\/\/nuevodigitaldeescobar.com.ar\/#website\"},\"primaryImageOfPage\":{\"@id\":\"https:\/\/nuevodigitaldeescobar.com.ar\/?p=19624#primaryimage\"},\"image\":{\"@id\":\"https:\/\/nuevodigitaldeescobar.com.ar\/?p=19624#primaryimage\"},\"thumbnailUrl\":\"https:\/\/nuevodigitaldeescobar.com.ar\/wp-content\/uploads\/2026\/01\/comodoro33.png\",\"datePublished\":\"2026-01-18T13:36:00+00:00\",\"dateModified\":\"2026-01-19T00:38:23+00:00\",\"breadcrumb\":{\"@id\":\"https:\/\/nuevodigitaldeescobar.com.ar\/?p=19624#breadcrumb\"},\"inLanguage\":\"es\",\"potentialAction\":[{\"@type\":\"ReadAction\",\"target\":[\"https:\/\/nuevodigitaldeescobar.com.ar\/?p=19624\"]}]},{\"@type\":\"ImageObject\",\"inLanguage\":\"es\",\"@id\":\"https:\/\/nuevodigitaldeescobar.com.ar\/?p=19624#primaryimage\",\"url\":\"https:\/\/nuevodigitaldeescobar.com.ar\/wp-content\/uploads\/2026\/01\/comodoro33.png\",\"contentUrl\":\"https:\/\/nuevodigitaldeescobar.com.ar\/wp-content\/uploads\/2026\/01\/comodoro33.png\",\"width\":829,\"height\":514},{\"@type\":\"BreadcrumbList\",\"@id\":\"https:\/\/nuevodigitaldeescobar.com.ar\/?p=19624#breadcrumb\",\"itemListElement\":[{\"@type\":\"ListItem\",\"position\":1,\"name\":\"Portada\",\"item\":\"https:\/\/nuevodigitaldeescobar.com.ar\/\"},{\"@type\":\"ListItem\",\"position\":2,\"name\":\"Desastre en Comodoro: el cerro Hermitte se desplaz\u00f3 y dej\u00f3 a m\u00e1s de 90 familias en la calle\"}]},{\"@type\":\"WebSite\",\"@id\":\"https:\/\/nuevodigitaldeescobar.com.ar\/#website\",\"url\":\"https:\/\/nuevodigitaldeescobar.com.ar\/\",\"name\":\"Nuevo Digital de Escobar\",\"description\":\"La vida escobarense. Directora: Rosana Brunner\",\"publisher\":{\"@id\":\"https:\/\/nuevodigitaldeescobar.com.ar\/#organization\"},\"potentialAction\":[{\"@type\":\"SearchAction\",\"target\":{\"@type\":\"EntryPoint\",\"urlTemplate\":\"https:\/\/nuevodigitaldeescobar.com.ar\/?s={search_term_string}\"},\"query-input\":{\"@type\":\"PropertyValueSpecification\",\"valueRequired\":true,\"valueName\":\"search_term_string\"}}],\"inLanguage\":\"es\"},{\"@type\":\"Organization\",\"@id\":\"https:\/\/nuevodigitaldeescobar.com.ar\/#organization\",\"name\":\"Nuevo Digital de Escobar\",\"url\":\"https:\/\/nuevodigitaldeescobar.com.ar\/\",\"logo\":{\"@type\":\"ImageObject\",\"inLanguage\":\"es\",\"@id\":\"https:\/\/nuevodigitaldeescobar.com.ar\/#\/schema\/logo\/image\/\",\"url\":\"https:\/\/nuevodigitaldeescobar.com.ar\/wp-content\/uploads\/2025\/05\/cropped-logo-nuevo2.jpg\",\"contentUrl\":\"https:\/\/nuevodigitaldeescobar.com.ar\/wp-content\/uploads\/2025\/05\/cropped-logo-nuevo2.jpg\",\"width\":305,\"height\":305,\"caption\":\"Nuevo Digital de Escobar\"},\"image\":{\"@id\":\"https:\/\/nuevodigitaldeescobar.com.ar\/#\/schema\/logo\/image\/\"},\"sameAs\":[\"https:\/\/www.facebook.com\/NUEVODigitalDeEscobar\",\"https:\/\/x.com\/nuevodigescobar\",\"https:\/\/www.instagram.com\/nuevodigitaldeescobar\"]},{\"@type\":\"Person\",\"@id\":\"https:\/\/nuevodigitaldeescobar.com.ar\/#\/schema\/person\/035e90a8efe9a80e6eec22656ad6ea4c\",\"name\":\"Redacci\u00f3n\",\"image\":{\"@type\":\"ImageObject\",\"inLanguage\":\"es\",\"@id\":\"https:\/\/nuevodigitaldeescobar.com.ar\/#\/schema\/person\/image\/\",\"url\":\"https:\/\/secure.gravatar.com\/avatar\/8af8f40000c24e9eef3034f2be5998a372bb1389e64b1a4a36b3a7979142220d?s=96&d=mm&r=g\",\"contentUrl\":\"https:\/\/secure.gravatar.com\/avatar\/8af8f40000c24e9eef3034f2be5998a372bb1389e64b1a4a36b3a7979142220d?s=96&d=mm&r=g\",\"caption\":\"Redacci\u00f3n\"},\"sameAs\":[\"http:\/\/nuevodigitaldeescobar.com.ar\"],\"url\":\"https:\/\/nuevodigitaldeescobar.com.ar\/?author=1\"}]}<\/script>\n<!-- \/ Yoast SEO plugin. -->","yoast_head_json":{"title":"Desastre en Comodoro: el cerro Hermitte se desplaz\u00f3 y dej\u00f3 a m\u00e1s de 90 familias en la calle - Nuevo Digital de Escobar","robots":{"index":"index","follow":"follow","max-snippet":"max-snippet:-1","max-image-preview":"max-image-preview:large","max-video-preview":"max-video-preview:-1"},"canonical":"https:\/\/nuevodigitaldeescobar.com.ar\/?p=19624","og_locale":"es_ES","og_type":"article","og_title":"Desastre en Comodoro: el cerro Hermitte se desplaz\u00f3 y dej\u00f3 a m\u00e1s de 90 familias en la calle - Nuevo Digital de Escobar","og_description":"Lo que comenz\u00f3 con crujidos y vibraciones profundas termin\u00f3 en una de las mayores cat\u00e1strofes habitacionales de los \u00faltimos a\u00f1os en Chubut. Durante las primeras [&hellip;]","og_url":"https:\/\/nuevodigitaldeescobar.com.ar\/?p=19624","og_site_name":"Nuevo Digital de Escobar","article_publisher":"https:\/\/www.facebook.com\/NUEVODigitalDeEscobar","article_published_time":"2026-01-18T13:36:00+00:00","article_modified_time":"2026-01-19T00:38:23+00:00","og_image":[{"width":829,"height":514,"url":"http:\/\/nuevodigitaldeescobar.com.ar\/wp-content\/uploads\/2026\/01\/comodoro33.png","type":"image\/png"}],"author":"Redacci\u00f3n","twitter_card":"summary_large_image","twitter_creator":"@nuevodigescobar","twitter_site":"@nuevodigescobar","twitter_misc":{"Escrito por":"Redacci\u00f3n","Tiempo de lectura":"3 minutos"},"schema":{"@context":"https:\/\/schema.org","@graph":[{"@type":"Article","@id":"https:\/\/nuevodigitaldeescobar.com.ar\/?p=19624#article","isPartOf":{"@id":"https:\/\/nuevodigitaldeescobar.com.ar\/?p=19624"},"author":{"name":"Redacci\u00f3n","@id":"https:\/\/nuevodigitaldeescobar.com.ar\/#\/schema\/person\/035e90a8efe9a80e6eec22656ad6ea4c"},"headline":"Desastre en Comodoro: el cerro Hermitte se desplaz\u00f3 y dej\u00f3 a m\u00e1s de 90 familias en la calle","datePublished":"2026-01-18T13:36:00+00:00","dateModified":"2026-01-19T00:38:23+00:00","mainEntityOfPage":{"@id":"https:\/\/nuevodigitaldeescobar.com.ar\/?p=19624"},"wordCount":400,"commentCount":0,"publisher":{"@id":"https:\/\/nuevodigitaldeescobar.com.ar\/#organization"},"image":{"@id":"https:\/\/nuevodigitaldeescobar.com.ar\/?p=19624#primaryimage"},"thumbnailUrl":"https:\/\/nuevodigitaldeescobar.com.ar\/wp-content\/uploads\/2026\/01\/comodoro33.png","articleSection":["Nacionales"],"inLanguage":"es","potentialAction":[{"@type":"CommentAction","name":"Comment","target":["https:\/\/nuevodigitaldeescobar.com.ar\/?p=19624#respond"]}]},{"@type":"WebPage","@id":"https:\/\/nuevodigitaldeescobar.com.ar\/?p=19624","url":"https:\/\/nuevodigitaldeescobar.com.ar\/?p=19624","name":"Desastre en Comodoro: el cerro Hermitte se desplaz\u00f3 y dej\u00f3 a m\u00e1s de 90 familias en la calle - Nuevo Digital de Escobar","isPartOf":{"@id":"https:\/\/nuevodigitaldeescobar.com.ar\/#website"},"primaryImageOfPage":{"@id":"https:\/\/nuevodigitaldeescobar.com.ar\/?p=19624#primaryimage"},"image":{"@id":"https:\/\/nuevodigitaldeescobar.com.ar\/?p=19624#primaryimage"},"thumbnailUrl":"https:\/\/nuevodigitaldeescobar.com.ar\/wp-content\/uploads\/2026\/01\/comodoro33.png","datePublished":"2026-01-18T13:36:00+00:00","dateModified":"2026-01-19T00:38:23+00:00","breadcrumb":{"@id":"https:\/\/nuevodigitaldeescobar.com.ar\/?p=19624#breadcrumb"},"inLanguage":"es","potentialAction":[{"@type":"ReadAction","target":["https:\/\/nuevodigitaldeescobar.com.ar\/?p=19624"]}]},{"@type":"ImageObject","inLanguage":"es","@id":"https:\/\/nuevodigitaldeescobar.com.ar\/?p=19624#primaryimage","url":"https:\/\/nuevodigitaldeescobar.com.ar\/wp-content\/uploads\/2026\/01\/comodoro33.png","contentUrl":"https:\/\/nuevodigitaldeescobar.com.ar\/wp-content\/uploads\/2026\/01\/comodoro33.png","width":829,"height":514},{"@type":"BreadcrumbList","@id":"https:\/\/nuevodigitaldeescobar.com.ar\/?p=19624#breadcrumb","itemListElement":[{"@type":"ListItem","position":1,"name":"Portada","item":"https:\/\/nuevodigitaldeescobar.com.ar\/"},{"@type":"ListItem","position":2,"name":"Desastre en Comodoro: el cerro Hermitte se desplaz\u00f3 y dej\u00f3 a m\u00e1s de 90 familias en la calle"}]},{"@type":"WebSite","@id":"https:\/\/nuevodigitaldeescobar.com.ar\/#website","url":"https:\/\/nuevodigitaldeescobar.com.ar\/","name":"Nuevo Digital de Escobar","description":"La vida escobarense. Directora: Rosana Brunner","publisher":{"@id":"https:\/\/nuevodigitaldeescobar.com.ar\/#organization"},"potentialAction":[{"@type":"SearchAction","target":{"@type":"EntryPoint","urlTemplate":"https:\/\/nuevodigitaldeescobar.com.ar\/?s={search_term_string}"},"query-input":{"@type":"PropertyValueSpecification","valueRequired":true,"valueName":"search_term_string"}}],"inLanguage":"es"},{"@type":"Organization","@id":"https:\/\/nuevodigitaldeescobar.com.ar\/#organization","name":"Nuevo Digital de Escobar","url":"https:\/\/nuevodigitaldeescobar.com.ar\/","logo":{"@type":"ImageObject","inLanguage":"es","@id":"https:\/\/nuevodigitaldeescobar.com.ar\/#\/schema\/logo\/image\/","url":"https:\/\/nuevodigitaldeescobar.com.ar\/wp-content\/uploads\/2025\/05\/cropped-logo-nuevo2.jpg","contentUrl":"https:\/\/nuevodigitaldeescobar.com.ar\/wp-content\/uploads\/2025\/05\/cropped-logo-nuevo2.jpg","width":305,"height":305,"caption":"Nuevo Digital de Escobar"},"image":{"@id":"https:\/\/nuevodigitaldeescobar.com.ar\/#\/schema\/logo\/image\/"},"sameAs":["https:\/\/www.facebook.com\/NUEVODigitalDeEscobar","https:\/\/x.com\/nuevodigescobar","https:\/\/www.instagram.com\/nuevodigitaldeescobar"]},{"@type":"Person","@id":"https:\/\/nuevodigitaldeescobar.com.ar\/#\/schema\/person\/035e90a8efe9a80e6eec22656ad6ea4c","name":"Redacci\u00f3n","image":{"@type":"ImageObject","inLanguage":"es","@id":"https:\/\/nuevodigitaldeescobar.com.ar\/#\/schema\/person\/image\/","url":"https:\/\/secure.gravatar.com\/avatar\/8af8f40000c24e9eef3034f2be5998a372bb1389e64b1a4a36b3a7979142220d?s=96&d=mm&r=g","contentUrl":"https:\/\/secure.gravatar.com\/avatar\/8af8f40000c24e9eef3034f2be5998a372bb1389e64b1a4a36b3a7979142220d?s=96&d=mm&r=g","caption":"Redacci\u00f3n"},"sameAs":["http:\/\/nuevodigitaldeescobar.com.ar"],"url":"https:\/\/nuevodigitaldeescobar.com.ar\/?author=1"}]}},"featured_image_urls":{"full":["https:\/\/nuevodigitaldeescobar.com.ar\/wp-content\/uploads\/2026\/01\/comodoro33.png",829,514,false],"thumbnail":["https:\/\/nuevodigitaldeescobar.com.ar\/wp-content\/uploads\/2026\/01\/comodoro33-150x150.png",150,150,true],"medium":["https:\/\/nuevodigitaldeescobar.com.ar\/wp-content\/uploads\/2026\/01\/comodoro33-300x186.png",300,186,true],"medium_large":["https:\/\/nuevodigitaldeescobar.com.ar\/wp-content\/uploads\/2026\/01\/comodoro33-768x476.png",640,397,true],"large":["https:\/\/nuevodigitaldeescobar.com.ar\/wp-content\/uploads\/2026\/01\/comodoro33.png",640,397,false],"1536x1536":["https:\/\/nuevodigitaldeescobar.com.ar\/wp-content\/uploads\/2026\/01\/comodoro33.png",829,514,false],"2048x2048":["https:\/\/nuevodigitaldeescobar.com.ar\/wp-content\/uploads\/2026\/01\/comodoro33.png",829,514,false]},"author_info":{"display_name":"Redacci\u00f3n","author_link":"https:\/\/nuevodigitaldeescobar.com.ar\/?author=1"},"category_info":"<a href=\"https:\/\/nuevodigitaldeescobar.com.ar\/?cat=61\" rel=\"category\">Nacionales<\/a>","tag_info":"Nacionales","comment_count":"0","_links":{"self":[{"href":"https:\/\/nuevodigitaldeescobar.com.ar\/index.php?rest_route=\/wp\/v2\/posts\/19624","targetHints":{"allow":["GET"]}}],"collection":[{"href":"https:\/\/nuevodigitaldeescobar.com.ar\/index.php?rest_route=\/wp\/v2\/posts"}],"about":[{"href":"https:\/\/nuevodigitaldeescobar.com.ar\/index.php?rest_route=\/wp\/v2\/types\/post"}],"author":[{"embeddable":true,"href":"https:\/\/nuevodigitaldeescobar.com.ar\/index.php?rest_route=\/wp\/v2\/users\/1"}],"replies":[{"embeddable":true,"href":"https:\/\/nuevodigitaldeescobar.com.ar\/index.php?rest_route=%2Fwp%2Fv2%2Fcomments&post=19624"}],"version-history":[{"count":1,"href":"https:\/\/nuevodigitaldeescobar.com.ar\/index.php?rest_route=\/wp\/v2\/posts\/19624\/revisions"}],"predecessor-version":[{"id":19627,"href":"https:\/\/nuevodigitaldeescobar.com.ar\/index.php?rest_route=\/wp\/v2\/posts\/19624\/revisions\/19627"}],"wp:featuredmedia":[{"embeddable":true,"href":"https:\/\/nuevodigitaldeescobar.com.ar\/index.php?rest_route=\/wp\/v2\/media\/19625"}],"wp:attachment":[{"href":"https:\/\/nuevodigitaldeescobar.com.ar\/index.php?rest_route=%2Fwp%2Fv2%2Fmedia&parent=19624"}],"wp:term":[{"taxonomy":"category","embeddable":true,"href":"https:\/\/nuevodigitaldeescobar.com.ar\/index.php?rest_route=%2Fwp%2Fv2%2Fcategories&post=19624"},{"taxonomy":"post_tag","embeddable":true,"href":"https:\/\/nuevodigitaldeescobar.com.ar\/index.php?rest_route=%2Fwp%2Fv2%2Ftags&post=19624"}],"curies":[{"name":"wp","href":"https:\/\/api.w.org\/{rel}","templated":true}]}}