{"id":19634,"date":"2026-01-19T09:36:11","date_gmt":"2026-01-19T12:36:11","guid":{"rendered":"https:\/\/nuevodigitaldeescobar.com.ar\/?p=19634"},"modified":"2026-01-19T09:36:17","modified_gmt":"2026-01-19T12:36:17","slug":"luto-en-espana-39-muertos-y-decenas-de-heridos-tras-un-choque-de-trenes-de-alta-velocidad-en-cordoba","status":"publish","type":"post","link":"https:\/\/nuevodigitaldeescobar.com.ar\/?p=19634","title":{"rendered":"Luto en Espa\u00f1a: 39 muertos y decenas de heridos tras un choque de trenes de alta velocidad en C\u00f3rdoba"},"content":{"rendered":"\n<p class=\"has-vivid-cyan-blue-color has-text-color has-link-color wp-elements-5225cccc48c711385d2a977d767af82c\"><strong><em>Lo que deb\u00eda ser un trayecto de rutina en el sistema ferroviario m\u00e1s moderno de Europa se transform\u00f3 en una tragedia sin precedentes. Al menos 39 personas fallecieron y decenas resultaron heridas de gravedad tras la colisi\u00f3n y descarrilamiento de dos formaciones en la localidad de Adamuz, C\u00f3rdoba, al sur de Espa\u00f1a.<\/em><\/strong><\/p>\n\n\n\n<!--more-->\n\n\n\n<p>El siniestro se produjo cuando una formaci\u00f3n de la empresa privada <strong>Iryo<\/strong>, que cubr\u00eda la ruta M\u00e1laga-Madrid con m\u00e1s de 300 pasajeros, descarril\u00f3 e invadi\u00f3 la v\u00eda contigua. En ese instante, un tren <strong>Alvia de la estatal Renfe<\/strong>, que realizaba el trayecto Madrid-Huelva, colision\u00f3 contra los vagones descarrilados, provocando un desastre de proporciones devastadoras.<\/p>\n\n\n\n<hr class=\"wp-block-separator has-alpha-channel-opacity\"\/>\n\n\n\n<h3 class=\"wp-block-heading has-text-color has-link-color wp-elements-39b392ea08d751dc8f46c05fe3cf8d44\" style=\"color:#262dc6\">Un rescate entre \u00abamasijos de hierro\u00bb<\/h3>\n\n\n\n<p>Las escenas en el lugar del accidente son desgarradoras. Francisco Carmona, jefe de bomberos de C\u00f3rdoba, describi\u00f3 la complejidad de las tareas de rescate ante los medios locales:<\/p>\n\n\n\n<blockquote class=\"wp-block-quote is-layout-flow wp-block-quote-is-layout-flow\">\n<p><em>\u00abEl problema es que los vagones est\u00e1n retorcidos con las personas dentro. Es un amasijo de hierros y asientos. Hemos tenido que retirar fallecidos incluso para poder acceder a los sobrevivientes\u00bb<\/em>.<\/p>\n<\/blockquote>\n\n\n\n<p>Salvador Jim\u00e9nez, un periodista que viajaba en el tren de Iryo, compar\u00f3 el impacto con un desastre natural: <strong><em>\u201cSentimos como un terremoto. Las cosas volaban y las bandejas se ca\u00edan. Tuvimos que romper las ventanillas con los martillos de emergencia para salir\u201d<\/em><\/strong>, relat\u00f3 conmovido tras ser evacuado.<\/p>\n\n\n\n<h3 class=\"wp-block-heading\">Datos clave de la tragedia<\/h3>\n\n\n\n<figure class=\"wp-block-table is-style-stripes\"><table class=\"has-luminous-vivid-orange-to-vivid-red-gradient-background has-background has-fixed-layout\"><thead><tr><td><strong>Informaci\u00f3n<\/strong><\/td><td><strong>Detalle<\/strong><\/td><\/tr><\/thead><tbody><tr><td><strong>Ubicaci\u00f3n<\/strong><\/td><td>Apeadero de Adamuz, C\u00f3rdoba (Espa\u00f1a)<\/td><\/tr><tr><td><strong>Empresas involucradas<\/strong><\/td><td>Iryo (Privada) y Renfe (Estatal)<\/td><\/tr><tr><td><strong>V\u00edctimas fatales<\/strong><\/td><td>39 confirmadas (cifra en ascenso)<\/td><\/tr><tr><td><strong>Pasajeros totales<\/strong><\/td><td>M\u00e1s de 417 personas entre ambos trenes<\/td><\/tr><tr><td><strong>Estado del servicio<\/strong><\/td><td>Alta velocidad Madrid-Andaluc\u00eda totalmente cortada<\/td><\/tr><\/tbody><\/table><\/figure>\n\n\n\n<hr class=\"wp-block-separator has-alpha-channel-opacity\"\/>\n\n\n\n<h3 class=\"wp-block-heading has-text-color has-link-color wp-elements-c5c5a756c82014599d9077e47d6eea8b\" style=\"color:#262dc6\">Repercusi\u00f3n pol\u00edtica y ayuda humanitaria<\/h3>\n\n\n\n<p>El presidente del Gobierno espa\u00f1ol, <strong>Pedro S\u00e1nchez<\/strong>, y el ministro de Transportes, <strong>\u00d3scar Puente<\/strong>, se encuentran monitoreando la situaci\u00f3n desde los centros de control en Madrid. Por su parte, la presidenta de la Comunidad de Madrid, Isabel D\u00edaz Ayuso, puso a disposici\u00f3n los servicios de emergencia del SUMMA 112 y despleg\u00f3 equipos de apoyo psicol\u00f3gico en la estaci\u00f3n de <strong>Atocha<\/strong> para recibir a los familiares de las v\u00edctimas.<\/p>\n\n\n\n<p>Las autoridades ferroviarias (Adif) han iniciado una investigaci\u00f3n pericial para determinar por qu\u00e9 los \u00faltimos tres vagones del tren de Iryo se salieron de la v\u00eda, invadiendo el carril contrario en un tramo de alta velocidad. Mientras tanto, el servicio hacia el sur de Espa\u00f1a permanece suspendido por tiempo indeterminado.<\/p>\n","protected":false},"excerpt":{"rendered":"<p>Lo que deb\u00eda ser un trayecto de rutina en el sistema ferroviario m\u00e1s moderno de Europa se transform\u00f3 en una tragedia sin precedentes. Al menos [&hellip;]<\/p>\n","protected":false},"author":1,"featured_media":19635,"comment_status":"open","ping_status":"open","sticky":false,"template":"","format":"standard","meta":{"footnotes":""},"categories":[285],"tags":[],"class_list":["post-19634","post","type-post","status-publish","format-standard","has-post-thumbnail","hentry","category-internacionales"],"better_featured_image":{"id":19635,"alt_text":"","caption":"","description":"","media_type":"image","media_details":{"width":804,"height":489,"file":"2026\/01\/trenespana54.png","filesize":800779,"sizes":{"medium":{"file":"trenespana54-300x182.png","width":300,"height":182,"mime-type":"image\/png","filesize":50282,"source_url":"https:\/\/nuevodigitaldeescobar.com.ar\/wp-content\/uploads\/2026\/01\/trenespana54-300x182.png"},"thumbnail":{"file":"trenespana54-150x150.png","width":150,"height":150,"mime-type":"image\/png","filesize":22236,"source_url":"https:\/\/nuevodigitaldeescobar.com.ar\/wp-content\/uploads\/2026\/01\/trenespana54-150x150.png"},"medium_large":{"file":"trenespana54-768x467.png","width":768,"height":467,"mime-type":"image\/png","filesize":294104,"source_url":"https:\/\/nuevodigitaldeescobar.com.ar\/wp-content\/uploads\/2026\/01\/trenespana54-768x467.png"}},"image_meta":{"aperture":"0","credit":"","camera":"","caption":"","created_timestamp":"0","copyright":"","focal_length":"0","iso":"0","shutter_speed":"0","title":"","orientation":"0","keywords":[]}},"post":19634,"source_url":"https:\/\/nuevodigitaldeescobar.com.ar\/wp-content\/uploads\/2026\/01\/trenespana54.png"},"yoast_head":"<!-- This site is optimized with the Yoast SEO plugin v26.1.1 - https:\/\/yoast.com\/wordpress\/plugins\/seo\/ -->\n<title>Luto en Espa\u00f1a: 39 muertos y decenas de heridos tras un choque de trenes de alta velocidad en C\u00f3rdoba - Nuevo Digital de Escobar<\/title>\n<meta name=\"robots\" content=\"index, follow, max-snippet:-1, max-image-preview:large, max-video-preview:-1\" \/>\n<link rel=\"canonical\" href=\"https:\/\/nuevodigitaldeescobar.com.ar\/?p=19634\" \/>\n<meta property=\"og:locale\" content=\"es_ES\" \/>\n<meta property=\"og:type\" content=\"article\" \/>\n<meta property=\"og:title\" content=\"Luto en Espa\u00f1a: 39 muertos y decenas de heridos tras un choque de trenes de alta velocidad en C\u00f3rdoba - Nuevo Digital de Escobar\" \/>\n<meta property=\"og:description\" content=\"Lo que deb\u00eda ser un trayecto de rutina en el sistema ferroviario m\u00e1s moderno de Europa se transform\u00f3 en una tragedia sin precedentes. Al menos [&hellip;]\" \/>\n<meta property=\"og:url\" content=\"https:\/\/nuevodigitaldeescobar.com.ar\/?p=19634\" \/>\n<meta property=\"og:site_name\" content=\"Nuevo Digital de Escobar\" \/>\n<meta property=\"article:publisher\" content=\"https:\/\/www.facebook.com\/NUEVODigitalDeEscobar\" \/>\n<meta property=\"article:published_time\" content=\"2026-01-19T12:36:11+00:00\" \/>\n<meta property=\"article:modified_time\" content=\"2026-01-19T12:36:17+00:00\" \/>\n<meta property=\"og:image\" content=\"http:\/\/nuevodigitaldeescobar.com.ar\/wp-content\/uploads\/2026\/01\/trenespana54.png\" \/>\n\t<meta property=\"og:image:width\" content=\"804\" \/>\n\t<meta property=\"og:image:height\" content=\"489\" \/>\n\t<meta property=\"og:image:type\" content=\"image\/png\" \/>\n<meta name=\"author\" content=\"Redacci\u00f3n\" \/>\n<meta name=\"twitter:card\" content=\"summary_large_image\" \/>\n<meta name=\"twitter:creator\" content=\"@nuevodigescobar\" \/>\n<meta name=\"twitter:site\" content=\"@nuevodigescobar\" \/>\n<meta name=\"twitter:label1\" content=\"Escrito por\" \/>\n\t<meta name=\"twitter:data1\" content=\"Redacci\u00f3n\" \/>\n\t<meta name=\"twitter:label2\" content=\"Tiempo de lectura\" \/>\n\t<meta name=\"twitter:data2\" content=\"2 minutos\" \/>\n<script type=\"application\/ld+json\" class=\"yoast-schema-graph\">{\"@context\":\"https:\/\/schema.org\",\"@graph\":[{\"@type\":\"Article\",\"@id\":\"https:\/\/nuevodigitaldeescobar.com.ar\/?p=19634#article\",\"isPartOf\":{\"@id\":\"https:\/\/nuevodigitaldeescobar.com.ar\/?p=19634\"},\"author\":{\"name\":\"Redacci\u00f3n\",\"@id\":\"https:\/\/nuevodigitaldeescobar.com.ar\/#\/schema\/person\/035e90a8efe9a80e6eec22656ad6ea4c\"},\"headline\":\"Luto en Espa\u00f1a: 39 muertos y decenas de heridos tras un choque de trenes de alta velocidad en C\u00f3rdoba\",\"datePublished\":\"2026-01-19T12:36:11+00:00\",\"dateModified\":\"2026-01-19T12:36:17+00:00\",\"mainEntityOfPage\":{\"@id\":\"https:\/\/nuevodigitaldeescobar.com.ar\/?p=19634\"},\"wordCount\":434,\"commentCount\":0,\"publisher\":{\"@id\":\"https:\/\/nuevodigitaldeescobar.com.ar\/#organization\"},\"image\":{\"@id\":\"https:\/\/nuevodigitaldeescobar.com.ar\/?p=19634#primaryimage\"},\"thumbnailUrl\":\"https:\/\/nuevodigitaldeescobar.com.ar\/wp-content\/uploads\/2026\/01\/trenespana54.png\",\"articleSection\":[\"Internacionales\"],\"inLanguage\":\"es\",\"potentialAction\":[{\"@type\":\"CommentAction\",\"name\":\"Comment\",\"target\":[\"https:\/\/nuevodigitaldeescobar.com.ar\/?p=19634#respond\"]}]},{\"@type\":\"WebPage\",\"@id\":\"https:\/\/nuevodigitaldeescobar.com.ar\/?p=19634\",\"url\":\"https:\/\/nuevodigitaldeescobar.com.ar\/?p=19634\",\"name\":\"Luto en Espa\u00f1a: 39 muertos y decenas de heridos tras un choque de trenes de alta velocidad en C\u00f3rdoba - Nuevo Digital de Escobar\",\"isPartOf\":{\"@id\":\"https:\/\/nuevodigitaldeescobar.com.ar\/#website\"},\"primaryImageOfPage\":{\"@id\":\"https:\/\/nuevodigitaldeescobar.com.ar\/?p=19634#primaryimage\"},\"image\":{\"@id\":\"https:\/\/nuevodigitaldeescobar.com.ar\/?p=19634#primaryimage\"},\"thumbnailUrl\":\"https:\/\/nuevodigitaldeescobar.com.ar\/wp-content\/uploads\/2026\/01\/trenespana54.png\",\"datePublished\":\"2026-01-19T12:36:11+00:00\",\"dateModified\":\"2026-01-19T12:36:17+00:00\",\"breadcrumb\":{\"@id\":\"https:\/\/nuevodigitaldeescobar.com.ar\/?p=19634#breadcrumb\"},\"inLanguage\":\"es\",\"potentialAction\":[{\"@type\":\"ReadAction\",\"target\":[\"https:\/\/nuevodigitaldeescobar.com.ar\/?p=19634\"]}]},{\"@type\":\"ImageObject\",\"inLanguage\":\"es\",\"@id\":\"https:\/\/nuevodigitaldeescobar.com.ar\/?p=19634#primaryimage\",\"url\":\"https:\/\/nuevodigitaldeescobar.com.ar\/wp-content\/uploads\/2026\/01\/trenespana54.png\",\"contentUrl\":\"https:\/\/nuevodigitaldeescobar.com.ar\/wp-content\/uploads\/2026\/01\/trenespana54.png\",\"width\":804,\"height\":489},{\"@type\":\"BreadcrumbList\",\"@id\":\"https:\/\/nuevodigitaldeescobar.com.ar\/?p=19634#breadcrumb\",\"itemListElement\":[{\"@type\":\"ListItem\",\"position\":1,\"name\":\"Portada\",\"item\":\"https:\/\/nuevodigitaldeescobar.com.ar\/\"},{\"@type\":\"ListItem\",\"position\":2,\"name\":\"Luto en Espa\u00f1a: 39 muertos y decenas de heridos tras un choque de trenes de alta velocidad en C\u00f3rdoba\"}]},{\"@type\":\"WebSite\",\"@id\":\"https:\/\/nuevodigitaldeescobar.com.ar\/#website\",\"url\":\"https:\/\/nuevodigitaldeescobar.com.ar\/\",\"name\":\"Nuevo Digital de Escobar\",\"description\":\"La vida escobarense. Directora: Rosana Brunner\",\"publisher\":{\"@id\":\"https:\/\/nuevodigitaldeescobar.com.ar\/#organization\"},\"potentialAction\":[{\"@type\":\"SearchAction\",\"target\":{\"@type\":\"EntryPoint\",\"urlTemplate\":\"https:\/\/nuevodigitaldeescobar.com.ar\/?s={search_term_string}\"},\"query-input\":{\"@type\":\"PropertyValueSpecification\",\"valueRequired\":true,\"valueName\":\"search_term_string\"}}],\"inLanguage\":\"es\"},{\"@type\":\"Organization\",\"@id\":\"https:\/\/nuevodigitaldeescobar.com.ar\/#organization\",\"name\":\"Nuevo Digital de Escobar\",\"url\":\"https:\/\/nuevodigitaldeescobar.com.ar\/\",\"logo\":{\"@type\":\"ImageObject\",\"inLanguage\":\"es\",\"@id\":\"https:\/\/nuevodigitaldeescobar.com.ar\/#\/schema\/logo\/image\/\",\"url\":\"https:\/\/nuevodigitaldeescobar.com.ar\/wp-content\/uploads\/2025\/05\/cropped-logo-nuevo2.jpg\",\"contentUrl\":\"https:\/\/nuevodigitaldeescobar.com.ar\/wp-content\/uploads\/2025\/05\/cropped-logo-nuevo2.jpg\",\"width\":305,\"height\":305,\"caption\":\"Nuevo Digital de Escobar\"},\"image\":{\"@id\":\"https:\/\/nuevodigitaldeescobar.com.ar\/#\/schema\/logo\/image\/\"},\"sameAs\":[\"https:\/\/www.facebook.com\/NUEVODigitalDeEscobar\",\"https:\/\/x.com\/nuevodigescobar\",\"https:\/\/www.instagram.com\/nuevodigitaldeescobar\"]},{\"@type\":\"Person\",\"@id\":\"https:\/\/nuevodigitaldeescobar.com.ar\/#\/schema\/person\/035e90a8efe9a80e6eec22656ad6ea4c\",\"name\":\"Redacci\u00f3n\",\"image\":{\"@type\":\"ImageObject\",\"inLanguage\":\"es\",\"@id\":\"https:\/\/nuevodigitaldeescobar.com.ar\/#\/schema\/person\/image\/\",\"url\":\"https:\/\/secure.gravatar.com\/avatar\/8af8f40000c24e9eef3034f2be5998a372bb1389e64b1a4a36b3a7979142220d?s=96&d=mm&r=g\",\"contentUrl\":\"https:\/\/secure.gravatar.com\/avatar\/8af8f40000c24e9eef3034f2be5998a372bb1389e64b1a4a36b3a7979142220d?s=96&d=mm&r=g\",\"caption\":\"Redacci\u00f3n\"},\"sameAs\":[\"http:\/\/nuevodigitaldeescobar.com.ar\"],\"url\":\"https:\/\/nuevodigitaldeescobar.com.ar\/?author=1\"}]}<\/script>\n<!-- \/ Yoast SEO plugin. -->","yoast_head_json":{"title":"Luto en Espa\u00f1a: 39 muertos y decenas de heridos tras un choque de trenes de alta velocidad en C\u00f3rdoba - Nuevo Digital de Escobar","robots":{"index":"index","follow":"follow","max-snippet":"max-snippet:-1","max-image-preview":"max-image-preview:large","max-video-preview":"max-video-preview:-1"},"canonical":"https:\/\/nuevodigitaldeescobar.com.ar\/?p=19634","og_locale":"es_ES","og_type":"article","og_title":"Luto en Espa\u00f1a: 39 muertos y decenas de heridos tras un choque de trenes de alta velocidad en C\u00f3rdoba - Nuevo Digital de Escobar","og_description":"Lo que deb\u00eda ser un trayecto de rutina en el sistema ferroviario m\u00e1s moderno de Europa se transform\u00f3 en una tragedia sin precedentes. Al menos [&hellip;]","og_url":"https:\/\/nuevodigitaldeescobar.com.ar\/?p=19634","og_site_name":"Nuevo Digital de Escobar","article_publisher":"https:\/\/www.facebook.com\/NUEVODigitalDeEscobar","article_published_time":"2026-01-19T12:36:11+00:00","article_modified_time":"2026-01-19T12:36:17+00:00","og_image":[{"width":804,"height":489,"url":"http:\/\/nuevodigitaldeescobar.com.ar\/wp-content\/uploads\/2026\/01\/trenespana54.png","type":"image\/png"}],"author":"Redacci\u00f3n","twitter_card":"summary_large_image","twitter_creator":"@nuevodigescobar","twitter_site":"@nuevodigescobar","twitter_misc":{"Escrito por":"Redacci\u00f3n","Tiempo de lectura":"2 minutos"},"schema":{"@context":"https:\/\/schema.org","@graph":[{"@type":"Article","@id":"https:\/\/nuevodigitaldeescobar.com.ar\/?p=19634#article","isPartOf":{"@id":"https:\/\/nuevodigitaldeescobar.com.ar\/?p=19634"},"author":{"name":"Redacci\u00f3n","@id":"https:\/\/nuevodigitaldeescobar.com.ar\/#\/schema\/person\/035e90a8efe9a80e6eec22656ad6ea4c"},"headline":"Luto en Espa\u00f1a: 39 muertos y decenas de heridos tras un choque de trenes de alta velocidad en C\u00f3rdoba","datePublished":"2026-01-19T12:36:11+00:00","dateModified":"2026-01-19T12:36:17+00:00","mainEntityOfPage":{"@id":"https:\/\/nuevodigitaldeescobar.com.ar\/?p=19634"},"wordCount":434,"commentCount":0,"publisher":{"@id":"https:\/\/nuevodigitaldeescobar.com.ar\/#organization"},"image":{"@id":"https:\/\/nuevodigitaldeescobar.com.ar\/?p=19634#primaryimage"},"thumbnailUrl":"https:\/\/nuevodigitaldeescobar.com.ar\/wp-content\/uploads\/2026\/01\/trenespana54.png","articleSection":["Internacionales"],"inLanguage":"es","potentialAction":[{"@type":"CommentAction","name":"Comment","target":["https:\/\/nuevodigitaldeescobar.com.ar\/?p=19634#respond"]}]},{"@type":"WebPage","@id":"https:\/\/nuevodigitaldeescobar.com.ar\/?p=19634","url":"https:\/\/nuevodigitaldeescobar.com.ar\/?p=19634","name":"Luto en Espa\u00f1a: 39 muertos y decenas de heridos tras un choque de trenes de alta velocidad en C\u00f3rdoba - Nuevo Digital de Escobar","isPartOf":{"@id":"https:\/\/nuevodigitaldeescobar.com.ar\/#website"},"primaryImageOfPage":{"@id":"https:\/\/nuevodigitaldeescobar.com.ar\/?p=19634#primaryimage"},"image":{"@id":"https:\/\/nuevodigitaldeescobar.com.ar\/?p=19634#primaryimage"},"thumbnailUrl":"https:\/\/nuevodigitaldeescobar.com.ar\/wp-content\/uploads\/2026\/01\/trenespana54.png","datePublished":"2026-01-19T12:36:11+00:00","dateModified":"2026-01-19T12:36:17+00:00","breadcrumb":{"@id":"https:\/\/nuevodigitaldeescobar.com.ar\/?p=19634#breadcrumb"},"inLanguage":"es","potentialAction":[{"@type":"ReadAction","target":["https:\/\/nuevodigitaldeescobar.com.ar\/?p=19634"]}]},{"@type":"ImageObject","inLanguage":"es","@id":"https:\/\/nuevodigitaldeescobar.com.ar\/?p=19634#primaryimage","url":"https:\/\/nuevodigitaldeescobar.com.ar\/wp-content\/uploads\/2026\/01\/trenespana54.png","contentUrl":"https:\/\/nuevodigitaldeescobar.com.ar\/wp-content\/uploads\/2026\/01\/trenespana54.png","width":804,"height":489},{"@type":"BreadcrumbList","@id":"https:\/\/nuevodigitaldeescobar.com.ar\/?p=19634#breadcrumb","itemListElement":[{"@type":"ListItem","position":1,"name":"Portada","item":"https:\/\/nuevodigitaldeescobar.com.ar\/"},{"@type":"ListItem","position":2,"name":"Luto en Espa\u00f1a: 39 muertos y decenas de heridos tras un choque de trenes de alta velocidad en C\u00f3rdoba"}]},{"@type":"WebSite","@id":"https:\/\/nuevodigitaldeescobar.com.ar\/#website","url":"https:\/\/nuevodigitaldeescobar.com.ar\/","name":"Nuevo Digital de Escobar","description":"La vida escobarense. Directora: Rosana Brunner","publisher":{"@id":"https:\/\/nuevodigitaldeescobar.com.ar\/#organization"},"potentialAction":[{"@type":"SearchAction","target":{"@type":"EntryPoint","urlTemplate":"https:\/\/nuevodigitaldeescobar.com.ar\/?s={search_term_string}"},"query-input":{"@type":"PropertyValueSpecification","valueRequired":true,"valueName":"search_term_string"}}],"inLanguage":"es"},{"@type":"Organization","@id":"https:\/\/nuevodigitaldeescobar.com.ar\/#organization","name":"Nuevo Digital de Escobar","url":"https:\/\/nuevodigitaldeescobar.com.ar\/","logo":{"@type":"ImageObject","inLanguage":"es","@id":"https:\/\/nuevodigitaldeescobar.com.ar\/#\/schema\/logo\/image\/","url":"https:\/\/nuevodigitaldeescobar.com.ar\/wp-content\/uploads\/2025\/05\/cropped-logo-nuevo2.jpg","contentUrl":"https:\/\/nuevodigitaldeescobar.com.ar\/wp-content\/uploads\/2025\/05\/cropped-logo-nuevo2.jpg","width":305,"height":305,"caption":"Nuevo Digital de Escobar"},"image":{"@id":"https:\/\/nuevodigitaldeescobar.com.ar\/#\/schema\/logo\/image\/"},"sameAs":["https:\/\/www.facebook.com\/NUEVODigitalDeEscobar","https:\/\/x.com\/nuevodigescobar","https:\/\/www.instagram.com\/nuevodigitaldeescobar"]},{"@type":"Person","@id":"https:\/\/nuevodigitaldeescobar.com.ar\/#\/schema\/person\/035e90a8efe9a80e6eec22656ad6ea4c","name":"Redacci\u00f3n","image":{"@type":"ImageObject","inLanguage":"es","@id":"https:\/\/nuevodigitaldeescobar.com.ar\/#\/schema\/person\/image\/","url":"https:\/\/secure.gravatar.com\/avatar\/8af8f40000c24e9eef3034f2be5998a372bb1389e64b1a4a36b3a7979142220d?s=96&d=mm&r=g","contentUrl":"https:\/\/secure.gravatar.com\/avatar\/8af8f40000c24e9eef3034f2be5998a372bb1389e64b1a4a36b3a7979142220d?s=96&d=mm&r=g","caption":"Redacci\u00f3n"},"sameAs":["http:\/\/nuevodigitaldeescobar.com.ar"],"url":"https:\/\/nuevodigitaldeescobar.com.ar\/?author=1"}]}},"featured_image_urls":{"full":["https:\/\/nuevodigitaldeescobar.com.ar\/wp-content\/uploads\/2026\/01\/trenespana54.png",804,489,false],"thumbnail":["https:\/\/nuevodigitaldeescobar.com.ar\/wp-content\/uploads\/2026\/01\/trenespana54-150x150.png",150,150,true],"medium":["https:\/\/nuevodigitaldeescobar.com.ar\/wp-content\/uploads\/2026\/01\/trenespana54-300x182.png",300,182,true],"medium_large":["https:\/\/nuevodigitaldeescobar.com.ar\/wp-content\/uploads\/2026\/01\/trenespana54-768x467.png",640,389,true],"large":["https:\/\/nuevodigitaldeescobar.com.ar\/wp-content\/uploads\/2026\/01\/trenespana54.png",640,389,false],"1536x1536":["https:\/\/nuevodigitaldeescobar.com.ar\/wp-content\/uploads\/2026\/01\/trenespana54.png",804,489,false],"2048x2048":["https:\/\/nuevodigitaldeescobar.com.ar\/wp-content\/uploads\/2026\/01\/trenespana54.png",804,489,false]},"author_info":{"display_name":"Redacci\u00f3n","author_link":"https:\/\/nuevodigitaldeescobar.com.ar\/?author=1"},"category_info":"<a href=\"https:\/\/nuevodigitaldeescobar.com.ar\/?cat=285\" rel=\"category\">Internacionales<\/a>","tag_info":"Internacionales","comment_count":"0","_links":{"self":[{"href":"https:\/\/nuevodigitaldeescobar.com.ar\/index.php?rest_route=\/wp\/v2\/posts\/19634","targetHints":{"allow":["GET"]}}],"collection":[{"href":"https:\/\/nuevodigitaldeescobar.com.ar\/index.php?rest_route=\/wp\/v2\/posts"}],"about":[{"href":"https:\/\/nuevodigitaldeescobar.com.ar\/index.php?rest_route=\/wp\/v2\/types\/post"}],"author":[{"embeddable":true,"href":"https:\/\/nuevodigitaldeescobar.com.ar\/index.php?rest_route=\/wp\/v2\/users\/1"}],"replies":[{"embeddable":true,"href":"https:\/\/nuevodigitaldeescobar.com.ar\/index.php?rest_route=%2Fwp%2Fv2%2Fcomments&post=19634"}],"version-history":[{"count":1,"href":"https:\/\/nuevodigitaldeescobar.com.ar\/index.php?rest_route=\/wp\/v2\/posts\/19634\/revisions"}],"predecessor-version":[{"id":19636,"href":"https:\/\/nuevodigitaldeescobar.com.ar\/index.php?rest_route=\/wp\/v2\/posts\/19634\/revisions\/19636"}],"wp:featuredmedia":[{"embeddable":true,"href":"https:\/\/nuevodigitaldeescobar.com.ar\/index.php?rest_route=\/wp\/v2\/media\/19635"}],"wp:attachment":[{"href":"https:\/\/nuevodigitaldeescobar.com.ar\/index.php?rest_route=%2Fwp%2Fv2%2Fmedia&parent=19634"}],"wp:term":[{"taxonomy":"category","embeddable":true,"href":"https:\/\/nuevodigitaldeescobar.com.ar\/index.php?rest_route=%2Fwp%2Fv2%2Fcategories&post=19634"},{"taxonomy":"post_tag","embeddable":true,"href":"https:\/\/nuevodigitaldeescobar.com.ar\/index.php?rest_route=%2Fwp%2Fv2%2Ftags&post=19634"}],"curies":[{"name":"wp","href":"https:\/\/api.w.org\/{rel}","templated":true}]}}