{"id":19644,"date":"2026-01-19T10:22:43","date_gmt":"2026-01-19T13:22:43","guid":{"rendered":"https:\/\/nuevodigitaldeescobar.com.ar\/?p=19644"},"modified":"2026-01-19T10:25:55","modified_gmt":"2026-01-19T13:25:55","slug":"impactante-sudestada-en-escobar-el-rio-se-retiro-mas-de-dos-metros-y-vecinos-caminaron-por-la-costanera","status":"publish","type":"post","link":"https:\/\/nuevodigitaldeescobar.com.ar\/?p=19644","title":{"rendered":"Impactante sudestada en Escobar: el r\u00edo se retir\u00f3 m\u00e1s de dos metros y vecinos caminaron por la costanera"},"content":{"rendered":"\n<p>Una marcada sudestada se registr\u00f3 este domingo en el Paran\u00e1 de las Palmas, a la altura de Escobar, dejando im\u00e1genes tan llamativas como inusuales para quienes transitan la zona ribere\u00f1a.<\/p>\n\n\n\n<!--more-->\n\n\n\n<figure class=\"wp-block-image size-large\"><img fetchpriority=\"high\" decoding=\"async\" width=\"768\" height=\"1024\" src=\"https:\/\/nuevodigitaldeescobar.com.ar\/wp-content\/uploads\/2026\/01\/1000321561-768x1024.jpg\" alt=\"\" class=\"wp-image-19646\" srcset=\"https:\/\/nuevodigitaldeescobar.com.ar\/wp-content\/uploads\/2026\/01\/1000321561-768x1024.jpg 768w, https:\/\/nuevodigitaldeescobar.com.ar\/wp-content\/uploads\/2026\/01\/1000321561-225x300.jpg 225w, https:\/\/nuevodigitaldeescobar.com.ar\/wp-content\/uploads\/2026\/01\/1000321561-1152x1536.jpg 1152w, https:\/\/nuevodigitaldeescobar.com.ar\/wp-content\/uploads\/2026\/01\/1000321561.jpg 1200w\" sizes=\"(max-width: 768px) 100vw, 768px\" \/><\/figure>\n\n\n\n<p>Un video que comenz\u00f3 a circular en las \u00faltimas horas \u2014y que incluso fue difundido por canales oficiales\u2014 muestra una escena pocas veces vista: la calle lindera al Paran\u00e1 de las Palmas convertida en un paseo peatonal improvisado, con vecinos caminando tranquilamente y chicos jugando sobre sectores que habitualmente permanecen cubiertos por el agua.<\/p>\n\n\n\n<p>En las im\u00e1genes se observa la costanera de Escobar pr\u00e1cticamente sin agua en su frente ribere\u00f1o, con el r\u00edo visiblemente replegado varios metros hacia adentro, dejando al descubierto una amplia franja de barro, arena y vegetaci\u00f3n ribere\u00f1a.<\/p>\n\n\n<div class=\"wp-block-image\">\n<figure class=\"aligncenter size-large\"><img decoding=\"async\" width=\"1024\" height=\"768\" src=\"http:\/\/nuevodigitaldeescobar.com.ar\/wp-content\/uploads\/2026\/01\/IMG-20260119-WA0006-1024x768.jpg\" alt=\"\" class=\"wp-image-19650\" srcset=\"https:\/\/nuevodigitaldeescobar.com.ar\/wp-content\/uploads\/2026\/01\/IMG-20260119-WA0006-1024x768.jpg 1024w, https:\/\/nuevodigitaldeescobar.com.ar\/wp-content\/uploads\/2026\/01\/IMG-20260119-WA0006-300x225.jpg 300w, https:\/\/nuevodigitaldeescobar.com.ar\/wp-content\/uploads\/2026\/01\/IMG-20260119-WA0006-768x576.jpg 768w, https:\/\/nuevodigitaldeescobar.com.ar\/wp-content\/uploads\/2026\/01\/IMG-20260119-WA0006-1536x1152.jpg 1536w, https:\/\/nuevodigitaldeescobar.com.ar\/wp-content\/uploads\/2026\/01\/IMG-20260119-WA0006.jpg 1600w\" sizes=\"(max-width: 1024px) 100vw, 1024px\" \/><\/figure><\/div>\n\n\n<p><\/p>\n\n\n\n<p>La bajante fue tan marcada que permiti\u00f3 a los vecinos transitar y recrearse sobre terrenos que, en condiciones normales, estar\u00edan sumergidos.<\/p>\n\n\n\n<p>Seg\u00fan informaci\u00f3n publicada por el propio Gobierno, la sudestada super\u00f3 los dos metros, un nivel que explica por qu\u00e9 amplias zonas de la costanera quedaron moment\u00e1neamente al descubierto y generaron estas postales at\u00edpicas.<\/p>\n\n\n\n<p>Este tipo de fen\u00f3menos, conocidos como \u201csudestadas\u201d (en su fase de retirada del agua), se producen por la combinaci\u00f3n de vientos persistentes y variaciones en el caudal del Paran\u00e1, y suelen modificar de manera visible el paisaje ribere\u00f1o.Si bien la escena fue tomada con tono distendido por muchos vecinos \u2014que aprovecharon para recorrer, fotografiar y filmar el lugar\u2014, las sudestadas pueden afectar la navegaci\u00f3n, la actividad de lanchas y el funcionamiento de muelles y guarder\u00edas n\u00e1uticas.<\/p>\n\n\n\n<p>Hasta el momento no se reportaron inconvenientes mayores ni situaciones de riesgo, aunque Prefectura Naval Argentina mantiene su habitual monitoreo de los niveles del r\u00edo en el Delta.<\/p>\n","protected":false},"excerpt":{"rendered":"<p>Una marcada sudestada se registr\u00f3 este domingo en el Paran\u00e1 de las Palmas, a la altura de Escobar, dejando im\u00e1genes tan llamativas como inusuales para [&hellip;]<\/p>\n","protected":false},"author":1,"featured_media":19645,"comment_status":"open","ping_status":"open","sticky":false,"template":"","format":"standard","meta":{"footnotes":""},"categories":[7],"tags":[480,479],"class_list":["post-19644","post","type-post","status-publish","format-standard","has-post-thumbnail","hentry","category-interes-general","tag-parana-de-las-palmas","tag-sudestada"],"better_featured_image":{"id":19645,"alt_text":"","caption":"","description":"","media_type":"image","media_details":{"width":1200,"height":1600,"file":"2026\/01\/IMG-20260119-WA0009.jpg","filesize":221109,"sizes":{"medium":{"file":"IMG-20260119-WA0009-225x300.jpg","width":225,"height":300,"mime-type":"image\/jpeg","filesize":12773,"source_url":"https:\/\/nuevodigitaldeescobar.com.ar\/wp-content\/uploads\/2026\/01\/IMG-20260119-WA0009-225x300.jpg"},"large":{"file":"IMG-20260119-WA0009-768x1024.jpg","width":768,"height":1024,"mime-type":"image\/jpeg","filesize":106031,"source_url":"https:\/\/nuevodigitaldeescobar.com.ar\/wp-content\/uploads\/2026\/01\/IMG-20260119-WA0009-768x1024.jpg"},"thumbnail":{"file":"IMG-20260119-WA0009-150x150.jpg","width":150,"height":150,"mime-type":"image\/jpeg","filesize":5842,"source_url":"https:\/\/nuevodigitaldeescobar.com.ar\/wp-content\/uploads\/2026\/01\/IMG-20260119-WA0009-150x150.jpg"},"medium_large":{"file":"IMG-20260119-WA0009-768x1024.jpg","width":768,"height":1024,"mime-type":"image\/jpeg","filesize":106031,"source_url":"https:\/\/nuevodigitaldeescobar.com.ar\/wp-content\/uploads\/2026\/01\/IMG-20260119-WA0009-768x1024.jpg"},"1536x1536":{"file":"IMG-20260119-WA0009-1152x1536.jpg","width":1152,"height":1536,"mime-type":"image\/jpeg","filesize":207960,"source_url":"https:\/\/nuevodigitaldeescobar.com.ar\/wp-content\/uploads\/2026\/01\/IMG-20260119-WA0009-1152x1536.jpg"}},"image_meta":{"aperture":"0","credit":"","camera":"","caption":"","created_timestamp":"0","copyright":"","focal_length":"0","iso":"0","shutter_speed":"0","title":"","orientation":"0","keywords":[]}},"post":19644,"source_url":"https:\/\/nuevodigitaldeescobar.com.ar\/wp-content\/uploads\/2026\/01\/IMG-20260119-WA0009.jpg"},"yoast_head":"<!-- This site is optimized with the Yoast SEO plugin v26.1.1 - https:\/\/yoast.com\/wordpress\/plugins\/seo\/ -->\n<title>Impactante sudestada en Escobar: el r\u00edo se retir\u00f3 m\u00e1s de dos metros y vecinos caminaron por la costanera - Nuevo Digital de Escobar<\/title>\n<meta name=\"description\" content=\"Una marcada sudestada se registr\u00f3 este domingo en el Paran\u00e1 de las Palmas, a la altura de Escobar, dejando im\u00e1genes tan llamativas como inusuales para quienes transitan la zona ribere\u00f1a.\" \/>\n<meta name=\"robots\" content=\"index, follow, max-snippet:-1, max-image-preview:large, max-video-preview:-1\" \/>\n<link rel=\"canonical\" href=\"https:\/\/nuevodigitaldeescobar.com.ar\/?p=19644\" \/>\n<meta property=\"og:locale\" content=\"es_ES\" \/>\n<meta property=\"og:type\" content=\"article\" \/>\n<meta property=\"og:title\" content=\"Impactante sudestada en Escobar: el r\u00edo se retir\u00f3 m\u00e1s de dos metros y vecinos caminaron por la costanera\" \/>\n<meta property=\"og:description\" content=\"Una marcada sudestada se registr\u00f3 este domingo en el Paran\u00e1 de las Palmas, a la altura de Escobar, dejando im\u00e1genes tan llamativas como inusuales para quienes transitan la zona ribere\u00f1a.\" \/>\n<meta property=\"og:url\" content=\"https:\/\/nuevodigitaldeescobar.com.ar\/?p=19644\" \/>\n<meta property=\"og:site_name\" content=\"Nuevo Digital de Escobar\" \/>\n<meta property=\"article:publisher\" content=\"https:\/\/www.facebook.com\/NUEVODigitalDeEscobar\" \/>\n<meta property=\"article:published_time\" content=\"2026-01-19T13:22:43+00:00\" \/>\n<meta property=\"article:modified_time\" content=\"2026-01-19T13:25:55+00:00\" \/>\n<meta property=\"og:image\" content=\"http:\/\/nuevodigitaldeescobar.com.ar\/wp-content\/uploads\/2026\/01\/IMG-20260119-WA0006.jpg\" \/>\n\t<meta property=\"og:image:width\" content=\"1600\" \/>\n\t<meta property=\"og:image:height\" content=\"1200\" \/>\n\t<meta property=\"og:image:type\" content=\"image\/jpeg\" \/>\n<meta name=\"author\" content=\"Redacci\u00f3n\" \/>\n<meta name=\"twitter:card\" content=\"summary_large_image\" \/>\n<meta name=\"twitter:creator\" content=\"@nuevodigescobar\" \/>\n<meta name=\"twitter:site\" content=\"@nuevodigescobar\" \/>\n<meta name=\"twitter:label1\" content=\"Escrito por\" \/>\n\t<meta name=\"twitter:data1\" content=\"Redacci\u00f3n\" \/>\n\t<meta name=\"twitter:label2\" content=\"Tiempo de lectura\" \/>\n\t<meta name=\"twitter:data2\" content=\"2 minutos\" \/>\n<script type=\"application\/ld+json\" class=\"yoast-schema-graph\">{\"@context\":\"https:\/\/schema.org\",\"@graph\":[{\"@type\":\"Article\",\"@id\":\"https:\/\/nuevodigitaldeescobar.com.ar\/?p=19644#article\",\"isPartOf\":{\"@id\":\"https:\/\/nuevodigitaldeescobar.com.ar\/?p=19644\"},\"author\":{\"name\":\"Redacci\u00f3n\",\"@id\":\"https:\/\/nuevodigitaldeescobar.com.ar\/#\/schema\/person\/035e90a8efe9a80e6eec22656ad6ea4c\"},\"headline\":\"Impactante sudestada en Escobar: el r\u00edo se retir\u00f3 m\u00e1s de dos metros y vecinos caminaron por la costanera\",\"datePublished\":\"2026-01-19T13:22:43+00:00\",\"dateModified\":\"2026-01-19T13:25:55+00:00\",\"mainEntityOfPage\":{\"@id\":\"https:\/\/nuevodigitaldeescobar.com.ar\/?p=19644\"},\"wordCount\":320,\"commentCount\":0,\"publisher\":{\"@id\":\"https:\/\/nuevodigitaldeescobar.com.ar\/#organization\"},\"image\":{\"@id\":\"https:\/\/nuevodigitaldeescobar.com.ar\/?p=19644#primaryimage\"},\"thumbnailUrl\":\"https:\/\/nuevodigitaldeescobar.com.ar\/wp-content\/uploads\/2026\/01\/IMG-20260119-WA0009.jpg\",\"keywords\":[\"Paran\u00e1 de las Palmas\",\"Sudestada\"],\"articleSection\":[\"Inter\u00e9s general\"],\"inLanguage\":\"es\",\"potentialAction\":[{\"@type\":\"CommentAction\",\"name\":\"Comment\",\"target\":[\"https:\/\/nuevodigitaldeescobar.com.ar\/?p=19644#respond\"]}]},{\"@type\":\"WebPage\",\"@id\":\"https:\/\/nuevodigitaldeescobar.com.ar\/?p=19644\",\"url\":\"https:\/\/nuevodigitaldeescobar.com.ar\/?p=19644\",\"name\":\"Impactante sudestada en Escobar: el r\u00edo se retir\u00f3 m\u00e1s de dos metros y vecinos caminaron por la costanera - Nuevo Digital de Escobar\",\"isPartOf\":{\"@id\":\"https:\/\/nuevodigitaldeescobar.com.ar\/#website\"},\"primaryImageOfPage\":{\"@id\":\"https:\/\/nuevodigitaldeescobar.com.ar\/?p=19644#primaryimage\"},\"image\":{\"@id\":\"https:\/\/nuevodigitaldeescobar.com.ar\/?p=19644#primaryimage\"},\"thumbnailUrl\":\"https:\/\/nuevodigitaldeescobar.com.ar\/wp-content\/uploads\/2026\/01\/IMG-20260119-WA0009.jpg\",\"datePublished\":\"2026-01-19T13:22:43+00:00\",\"dateModified\":\"2026-01-19T13:25:55+00:00\",\"description\":\"Una marcada sudestada se registr\u00f3 este domingo en el Paran\u00e1 de las Palmas, a la altura de Escobar, dejando im\u00e1genes tan llamativas como inusuales para quienes transitan la zona ribere\u00f1a.\",\"breadcrumb\":{\"@id\":\"https:\/\/nuevodigitaldeescobar.com.ar\/?p=19644#breadcrumb\"},\"inLanguage\":\"es\",\"potentialAction\":[{\"@type\":\"ReadAction\",\"target\":[\"https:\/\/nuevodigitaldeescobar.com.ar\/?p=19644\"]}]},{\"@type\":\"ImageObject\",\"inLanguage\":\"es\",\"@id\":\"https:\/\/nuevodigitaldeescobar.com.ar\/?p=19644#primaryimage\",\"url\":\"https:\/\/nuevodigitaldeescobar.com.ar\/wp-content\/uploads\/2026\/01\/IMG-20260119-WA0009.jpg\",\"contentUrl\":\"https:\/\/nuevodigitaldeescobar.com.ar\/wp-content\/uploads\/2026\/01\/IMG-20260119-WA0009.jpg\",\"width\":1200,\"height\":1600},{\"@type\":\"BreadcrumbList\",\"@id\":\"https:\/\/nuevodigitaldeescobar.com.ar\/?p=19644#breadcrumb\",\"itemListElement\":[{\"@type\":\"ListItem\",\"position\":1,\"name\":\"Portada\",\"item\":\"https:\/\/nuevodigitaldeescobar.com.ar\/\"},{\"@type\":\"ListItem\",\"position\":2,\"name\":\"Impactante sudestada en Escobar: el r\u00edo se retir\u00f3 m\u00e1s de dos metros y vecinos caminaron por la costanera\"}]},{\"@type\":\"WebSite\",\"@id\":\"https:\/\/nuevodigitaldeescobar.com.ar\/#website\",\"url\":\"https:\/\/nuevodigitaldeescobar.com.ar\/\",\"name\":\"Nuevo Digital de Escobar\",\"description\":\"La vida escobarense. Directora: Rosana Brunner\",\"publisher\":{\"@id\":\"https:\/\/nuevodigitaldeescobar.com.ar\/#organization\"},\"potentialAction\":[{\"@type\":\"SearchAction\",\"target\":{\"@type\":\"EntryPoint\",\"urlTemplate\":\"https:\/\/nuevodigitaldeescobar.com.ar\/?s={search_term_string}\"},\"query-input\":{\"@type\":\"PropertyValueSpecification\",\"valueRequired\":true,\"valueName\":\"search_term_string\"}}],\"inLanguage\":\"es\"},{\"@type\":\"Organization\",\"@id\":\"https:\/\/nuevodigitaldeescobar.com.ar\/#organization\",\"name\":\"Nuevo Digital de Escobar\",\"url\":\"https:\/\/nuevodigitaldeescobar.com.ar\/\",\"logo\":{\"@type\":\"ImageObject\",\"inLanguage\":\"es\",\"@id\":\"https:\/\/nuevodigitaldeescobar.com.ar\/#\/schema\/logo\/image\/\",\"url\":\"https:\/\/nuevodigitaldeescobar.com.ar\/wp-content\/uploads\/2025\/05\/cropped-logo-nuevo2.jpg\",\"contentUrl\":\"https:\/\/nuevodigitaldeescobar.com.ar\/wp-content\/uploads\/2025\/05\/cropped-logo-nuevo2.jpg\",\"width\":305,\"height\":305,\"caption\":\"Nuevo Digital de Escobar\"},\"image\":{\"@id\":\"https:\/\/nuevodigitaldeescobar.com.ar\/#\/schema\/logo\/image\/\"},\"sameAs\":[\"https:\/\/www.facebook.com\/NUEVODigitalDeEscobar\",\"https:\/\/x.com\/nuevodigescobar\",\"https:\/\/www.instagram.com\/nuevodigitaldeescobar\"]},{\"@type\":\"Person\",\"@id\":\"https:\/\/nuevodigitaldeescobar.com.ar\/#\/schema\/person\/035e90a8efe9a80e6eec22656ad6ea4c\",\"name\":\"Redacci\u00f3n\",\"image\":{\"@type\":\"ImageObject\",\"inLanguage\":\"es\",\"@id\":\"https:\/\/nuevodigitaldeescobar.com.ar\/#\/schema\/person\/image\/\",\"url\":\"https:\/\/secure.gravatar.com\/avatar\/8af8f40000c24e9eef3034f2be5998a372bb1389e64b1a4a36b3a7979142220d?s=96&d=mm&r=g\",\"contentUrl\":\"https:\/\/secure.gravatar.com\/avatar\/8af8f40000c24e9eef3034f2be5998a372bb1389e64b1a4a36b3a7979142220d?s=96&d=mm&r=g\",\"caption\":\"Redacci\u00f3n\"},\"sameAs\":[\"http:\/\/nuevodigitaldeescobar.com.ar\"],\"url\":\"https:\/\/nuevodigitaldeescobar.com.ar\/?author=1\"}]}<\/script>\n<!-- \/ Yoast SEO plugin. -->","yoast_head_json":{"title":"Impactante sudestada en Escobar: el r\u00edo se retir\u00f3 m\u00e1s de dos metros y vecinos caminaron por la costanera - Nuevo Digital de Escobar","description":"Una marcada sudestada se registr\u00f3 este domingo en el Paran\u00e1 de las Palmas, a la altura de Escobar, dejando im\u00e1genes tan llamativas como inusuales para quienes transitan la zona ribere\u00f1a.","robots":{"index":"index","follow":"follow","max-snippet":"max-snippet:-1","max-image-preview":"max-image-preview:large","max-video-preview":"max-video-preview:-1"},"canonical":"https:\/\/nuevodigitaldeescobar.com.ar\/?p=19644","og_locale":"es_ES","og_type":"article","og_title":"Impactante sudestada en Escobar: el r\u00edo se retir\u00f3 m\u00e1s de dos metros y vecinos caminaron por la costanera","og_description":"Una marcada sudestada se registr\u00f3 este domingo en el Paran\u00e1 de las Palmas, a la altura de Escobar, dejando im\u00e1genes tan llamativas como inusuales para quienes transitan la zona ribere\u00f1a.","og_url":"https:\/\/nuevodigitaldeescobar.com.ar\/?p=19644","og_site_name":"Nuevo Digital de Escobar","article_publisher":"https:\/\/www.facebook.com\/NUEVODigitalDeEscobar","article_published_time":"2026-01-19T13:22:43+00:00","article_modified_time":"2026-01-19T13:25:55+00:00","og_image":[{"width":1600,"height":1200,"url":"http:\/\/nuevodigitaldeescobar.com.ar\/wp-content\/uploads\/2026\/01\/IMG-20260119-WA0006.jpg","type":"image\/jpeg"}],"author":"Redacci\u00f3n","twitter_card":"summary_large_image","twitter_creator":"@nuevodigescobar","twitter_site":"@nuevodigescobar","twitter_misc":{"Escrito por":"Redacci\u00f3n","Tiempo de lectura":"2 minutos"},"schema":{"@context":"https:\/\/schema.org","@graph":[{"@type":"Article","@id":"https:\/\/nuevodigitaldeescobar.com.ar\/?p=19644#article","isPartOf":{"@id":"https:\/\/nuevodigitaldeescobar.com.ar\/?p=19644"},"author":{"name":"Redacci\u00f3n","@id":"https:\/\/nuevodigitaldeescobar.com.ar\/#\/schema\/person\/035e90a8efe9a80e6eec22656ad6ea4c"},"headline":"Impactante sudestada en Escobar: el r\u00edo se retir\u00f3 m\u00e1s de dos metros y vecinos caminaron por la costanera","datePublished":"2026-01-19T13:22:43+00:00","dateModified":"2026-01-19T13:25:55+00:00","mainEntityOfPage":{"@id":"https:\/\/nuevodigitaldeescobar.com.ar\/?p=19644"},"wordCount":320,"commentCount":0,"publisher":{"@id":"https:\/\/nuevodigitaldeescobar.com.ar\/#organization"},"image":{"@id":"https:\/\/nuevodigitaldeescobar.com.ar\/?p=19644#primaryimage"},"thumbnailUrl":"https:\/\/nuevodigitaldeescobar.com.ar\/wp-content\/uploads\/2026\/01\/IMG-20260119-WA0009.jpg","keywords":["Paran\u00e1 de las Palmas","Sudestada"],"articleSection":["Inter\u00e9s general"],"inLanguage":"es","potentialAction":[{"@type":"CommentAction","name":"Comment","target":["https:\/\/nuevodigitaldeescobar.com.ar\/?p=19644#respond"]}]},{"@type":"WebPage","@id":"https:\/\/nuevodigitaldeescobar.com.ar\/?p=19644","url":"https:\/\/nuevodigitaldeescobar.com.ar\/?p=19644","name":"Impactante sudestada en Escobar: el r\u00edo se retir\u00f3 m\u00e1s de dos metros y vecinos caminaron por la costanera - Nuevo Digital de Escobar","isPartOf":{"@id":"https:\/\/nuevodigitaldeescobar.com.ar\/#website"},"primaryImageOfPage":{"@id":"https:\/\/nuevodigitaldeescobar.com.ar\/?p=19644#primaryimage"},"image":{"@id":"https:\/\/nuevodigitaldeescobar.com.ar\/?p=19644#primaryimage"},"thumbnailUrl":"https:\/\/nuevodigitaldeescobar.com.ar\/wp-content\/uploads\/2026\/01\/IMG-20260119-WA0009.jpg","datePublished":"2026-01-19T13:22:43+00:00","dateModified":"2026-01-19T13:25:55+00:00","description":"Una marcada sudestada se registr\u00f3 este domingo en el Paran\u00e1 de las Palmas, a la altura de Escobar, dejando im\u00e1genes tan llamativas como inusuales para quienes transitan la zona ribere\u00f1a.","breadcrumb":{"@id":"https:\/\/nuevodigitaldeescobar.com.ar\/?p=19644#breadcrumb"},"inLanguage":"es","potentialAction":[{"@type":"ReadAction","target":["https:\/\/nuevodigitaldeescobar.com.ar\/?p=19644"]}]},{"@type":"ImageObject","inLanguage":"es","@id":"https:\/\/nuevodigitaldeescobar.com.ar\/?p=19644#primaryimage","url":"https:\/\/nuevodigitaldeescobar.com.ar\/wp-content\/uploads\/2026\/01\/IMG-20260119-WA0009.jpg","contentUrl":"https:\/\/nuevodigitaldeescobar.com.ar\/wp-content\/uploads\/2026\/01\/IMG-20260119-WA0009.jpg","width":1200,"height":1600},{"@type":"BreadcrumbList","@id":"https:\/\/nuevodigitaldeescobar.com.ar\/?p=19644#breadcrumb","itemListElement":[{"@type":"ListItem","position":1,"name":"Portada","item":"https:\/\/nuevodigitaldeescobar.com.ar\/"},{"@type":"ListItem","position":2,"name":"Impactante sudestada en Escobar: el r\u00edo se retir\u00f3 m\u00e1s de dos metros y vecinos caminaron por la costanera"}]},{"@type":"WebSite","@id":"https:\/\/nuevodigitaldeescobar.com.ar\/#website","url":"https:\/\/nuevodigitaldeescobar.com.ar\/","name":"Nuevo Digital de Escobar","description":"La vida escobarense. Directora: Rosana Brunner","publisher":{"@id":"https:\/\/nuevodigitaldeescobar.com.ar\/#organization"},"potentialAction":[{"@type":"SearchAction","target":{"@type":"EntryPoint","urlTemplate":"https:\/\/nuevodigitaldeescobar.com.ar\/?s={search_term_string}"},"query-input":{"@type":"PropertyValueSpecification","valueRequired":true,"valueName":"search_term_string"}}],"inLanguage":"es"},{"@type":"Organization","@id":"https:\/\/nuevodigitaldeescobar.com.ar\/#organization","name":"Nuevo Digital de Escobar","url":"https:\/\/nuevodigitaldeescobar.com.ar\/","logo":{"@type":"ImageObject","inLanguage":"es","@id":"https:\/\/nuevodigitaldeescobar.com.ar\/#\/schema\/logo\/image\/","url":"https:\/\/nuevodigitaldeescobar.com.ar\/wp-content\/uploads\/2025\/05\/cropped-logo-nuevo2.jpg","contentUrl":"https:\/\/nuevodigitaldeescobar.com.ar\/wp-content\/uploads\/2025\/05\/cropped-logo-nuevo2.jpg","width":305,"height":305,"caption":"Nuevo Digital de Escobar"},"image":{"@id":"https:\/\/nuevodigitaldeescobar.com.ar\/#\/schema\/logo\/image\/"},"sameAs":["https:\/\/www.facebook.com\/NUEVODigitalDeEscobar","https:\/\/x.com\/nuevodigescobar","https:\/\/www.instagram.com\/nuevodigitaldeescobar"]},{"@type":"Person","@id":"https:\/\/nuevodigitaldeescobar.com.ar\/#\/schema\/person\/035e90a8efe9a80e6eec22656ad6ea4c","name":"Redacci\u00f3n","image":{"@type":"ImageObject","inLanguage":"es","@id":"https:\/\/nuevodigitaldeescobar.com.ar\/#\/schema\/person\/image\/","url":"https:\/\/secure.gravatar.com\/avatar\/8af8f40000c24e9eef3034f2be5998a372bb1389e64b1a4a36b3a7979142220d?s=96&d=mm&r=g","contentUrl":"https:\/\/secure.gravatar.com\/avatar\/8af8f40000c24e9eef3034f2be5998a372bb1389e64b1a4a36b3a7979142220d?s=96&d=mm&r=g","caption":"Redacci\u00f3n"},"sameAs":["http:\/\/nuevodigitaldeescobar.com.ar"],"url":"https:\/\/nuevodigitaldeescobar.com.ar\/?author=1"}]}},"featured_image_urls":{"full":["https:\/\/nuevodigitaldeescobar.com.ar\/wp-content\/uploads\/2026\/01\/IMG-20260119-WA0009.jpg",1200,1600,false],"thumbnail":["https:\/\/nuevodigitaldeescobar.com.ar\/wp-content\/uploads\/2026\/01\/IMG-20260119-WA0009-150x150.jpg",150,150,true],"medium":["https:\/\/nuevodigitaldeescobar.com.ar\/wp-content\/uploads\/2026\/01\/IMG-20260119-WA0009-225x300.jpg",225,300,true],"medium_large":["https:\/\/nuevodigitaldeescobar.com.ar\/wp-content\/uploads\/2026\/01\/IMG-20260119-WA0009-768x1024.jpg",640,853,true],"large":["https:\/\/nuevodigitaldeescobar.com.ar\/wp-content\/uploads\/2026\/01\/IMG-20260119-WA0009-768x1024.jpg",640,853,true],"1536x1536":["https:\/\/nuevodigitaldeescobar.com.ar\/wp-content\/uploads\/2026\/01\/IMG-20260119-WA0009-1152x1536.jpg",1152,1536,true],"2048x2048":["https:\/\/nuevodigitaldeescobar.com.ar\/wp-content\/uploads\/2026\/01\/IMG-20260119-WA0009.jpg",1200,1600,false]},"author_info":{"display_name":"Redacci\u00f3n","author_link":"https:\/\/nuevodigitaldeescobar.com.ar\/?author=1"},"category_info":"<a href=\"https:\/\/nuevodigitaldeescobar.com.ar\/?cat=7\" rel=\"category\">Inter\u00e9s general<\/a>","tag_info":"Inter\u00e9s general","comment_count":"0","_links":{"self":[{"href":"https:\/\/nuevodigitaldeescobar.com.ar\/index.php?rest_route=\/wp\/v2\/posts\/19644","targetHints":{"allow":["GET"]}}],"collection":[{"href":"https:\/\/nuevodigitaldeescobar.com.ar\/index.php?rest_route=\/wp\/v2\/posts"}],"about":[{"href":"https:\/\/nuevodigitaldeescobar.com.ar\/index.php?rest_route=\/wp\/v2\/types\/post"}],"author":[{"embeddable":true,"href":"https:\/\/nuevodigitaldeescobar.com.ar\/index.php?rest_route=\/wp\/v2\/users\/1"}],"replies":[{"embeddable":true,"href":"https:\/\/nuevodigitaldeescobar.com.ar\/index.php?rest_route=%2Fwp%2Fv2%2Fcomments&post=19644"}],"version-history":[{"count":3,"href":"https:\/\/nuevodigitaldeescobar.com.ar\/index.php?rest_route=\/wp\/v2\/posts\/19644\/revisions"}],"predecessor-version":[{"id":19652,"href":"https:\/\/nuevodigitaldeescobar.com.ar\/index.php?rest_route=\/wp\/v2\/posts\/19644\/revisions\/19652"}],"wp:featuredmedia":[{"embeddable":true,"href":"https:\/\/nuevodigitaldeescobar.com.ar\/index.php?rest_route=\/wp\/v2\/media\/19645"}],"wp:attachment":[{"href":"https:\/\/nuevodigitaldeescobar.com.ar\/index.php?rest_route=%2Fwp%2Fv2%2Fmedia&parent=19644"}],"wp:term":[{"taxonomy":"category","embeddable":true,"href":"https:\/\/nuevodigitaldeescobar.com.ar\/index.php?rest_route=%2Fwp%2Fv2%2Fcategories&post=19644"},{"taxonomy":"post_tag","embeddable":true,"href":"https:\/\/nuevodigitaldeescobar.com.ar\/index.php?rest_route=%2Fwp%2Fv2%2Ftags&post=19644"}],"curies":[{"name":"wp","href":"https:\/\/api.w.org\/{rel}","templated":true}]}}