{"id":19659,"date":"2026-01-19T13:59:09","date_gmt":"2026-01-19T16:59:09","guid":{"rendered":"https:\/\/nuevodigitaldeescobar.com.ar\/?p=19659"},"modified":"2026-01-19T14:45:38","modified_gmt":"2026-01-19T17:45:38","slug":"crimen-en-maquinista-savio-un-adolescente-fue-asesinado-por-su-padrastro-en-medio-de-una-discusion","status":"publish","type":"post","link":"https:\/\/nuevodigitaldeescobar.com.ar\/?p=19659","title":{"rendered":"Crimen en Maquinista Savio: un adolescente fue asesinado por su padrastro en medio de una discusi\u00f3n"},"content":{"rendered":"\n<p>La localidad del partido de Escobar volvi\u00f3 a vivir un fin de semana tr\u00e1gico cuando <strong>un joven de 16 a\u00f1os fue asesinado por su propio padrastro en una vivienda del barrio<\/strong>, en hechos ocurridos este <strong>viernes 16 de enero de 2026<\/strong> y que conmocionaron a los vecinos de la zona.<\/p>\n\n\n\n<!--more-->\n\n\n\n<h3 class=\"wp-block-heading\"><strong>Un hecho violento tras una discusi\u00f3n familiar<\/strong><\/h3>\n\n\n\n<p>Seg\u00fan fuentes policiales y medios locales, el episodio se desat\u00f3 <strong>en una casa de la calle Orqu\u00eddeas<\/strong>, donde la v\u00edctima, identificada como <strong>J.C., de 16 a\u00f1os<\/strong>, mantuvo una discusi\u00f3n con su padrastro, identificado como <strong>IC<\/strong>. La discusi\u00f3n escal\u00f3 y termin\u00f3 con el adolescente <strong>apu\u00f1alado a muerte en el patio de la vivienda<\/strong>.<\/p>\n\n\n\n<p>La polic\u00eda fue alertada a trav\u00e9s de un llamado al <strong>911 por un conflicto familiar<\/strong> y, al arribar al lugar, encontr\u00f3 al joven sin vida, con m\u00faltiples heridas de arma blanca, y al agresor con cortes, aparentemente producto del forcejeo.<\/p>\n\n\n\n<h3 class=\"wp-block-heading\"><strong>Detenci\u00f3n e intento de linchamiento<\/strong><\/h3>\n\n\n\n<p>Casta\u00f1eira fue detenido en el lugar por efectivos del Comando de Patrullas de Escobar, pero el clima entre los vecinos era de extrema tensi\u00f3n. La comunidad se congreg\u00f3 en las inmediaciones de la vivienda y, <strong>en un momento, intentaron linchar al sospechoso<\/strong>, bloqueando la salida de los patrulleros y lanzando piedras y objetos contundentes contra la polic\u00eda. Fue necesario el refuerzo de personal policial para poder trasladar al detenido y garantizar su custodia.<\/p>\n\n\n\n<p>El acusado fue <strong>imputado por el delito de homicidio calificado<\/strong>, mientras que la causa qued\u00f3 bajo la investigaci\u00f3n de la <strong>Fiscal\u00eda de Escobar<\/strong>, que continuar\u00e1 con las diligencias para esclarecer los detalles y establecer las responsabilidades legales correspondientes.<\/p>\n\n\n\n<h3 class=\"wp-block-heading\"><strong>Conmoci\u00f3n en la comunidad<\/strong><\/h3>\n\n\n\n<p>La violencia del hecho y el v\u00ednculo familiar entre la v\u00edctima y el agresor impactaron fuertemente en los residentes de Maquinista Savio, que expresaron su indignaci\u00f3n y dolor por la p\u00e9rdida de un adolescente en circunstancias que, para ellos, reflejan la necesidad de abordar con mayor seriedad los conflictos intrafamiliares y la violencia de g\u00e9nero o familiar.<\/p>\n\n\n\n<p>Las autoridades judiciales y policiales continuar\u00e1n con las pericias y testimonios para profundizar en las causas del homicidio y determinar c\u00f3mo se produjo la escalada de violencia que termin\u00f3 con la vida de un joven y con un vecindario en estado de shock.<\/p>\n","protected":false},"excerpt":{"rendered":"<p>La localidad del partido de Escobar volvi\u00f3 a vivir un fin de semana tr\u00e1gico cuando un joven de 16 a\u00f1os fue asesinado por su propio [&hellip;]<\/p>\n","protected":false},"author":1,"featured_media":14821,"comment_status":"open","ping_status":"open","sticky":false,"template":"","format":"standard","meta":{"footnotes":""},"categories":[13],"tags":[],"class_list":["post-19659","post","type-post","status-publish","format-standard","has-post-thumbnail","hentry","category-policiales"],"better_featured_image":{"id":14821,"alt_text":"","caption":"","description":"","media_type":"image","media_details":{"width":780,"height":405,"file":"2025\/05\/5-Comisaria-Savio-780x405-1.jpg","filesize":58696,"sizes":{"medium":{"file":"5-Comisaria-Savio-780x405-1-300x156.jpg","width":300,"height":156,"mime-type":"image\/jpeg","filesize":12197,"source_url":"https:\/\/nuevodigitaldeescobar.com.ar\/wp-content\/uploads\/2025\/05\/5-Comisaria-Savio-780x405-1-300x156.jpg"},"thumbnail":{"file":"5-Comisaria-Savio-780x405-1-150x150.jpg","width":150,"height":150,"mime-type":"image\/jpeg","filesize":5694,"source_url":"https:\/\/nuevodigitaldeescobar.com.ar\/wp-content\/uploads\/2025\/05\/5-Comisaria-Savio-780x405-1-150x150.jpg"},"medium_large":{"file":"5-Comisaria-Savio-780x405-1-768x399.jpg","width":768,"height":399,"mime-type":"image\/jpeg","filesize":52721,"source_url":"https:\/\/nuevodigitaldeescobar.com.ar\/wp-content\/uploads\/2025\/05\/5-Comisaria-Savio-780x405-1-768x399.jpg"}},"image_meta":{"aperture":"0","credit":"","camera":"","caption":"","created_timestamp":"0","copyright":"","focal_length":"0","iso":"0","shutter_speed":"0","title":"","orientation":"0","keywords":[]}},"post":14820,"source_url":"https:\/\/nuevodigitaldeescobar.com.ar\/wp-content\/uploads\/2025\/05\/5-Comisaria-Savio-780x405-1.jpg"},"yoast_head":"<!-- This site is optimized with the Yoast SEO plugin v26.1.1 - https:\/\/yoast.com\/wordpress\/plugins\/seo\/ -->\n<title>Crimen en Maquinista Savio: un adolescente fue asesinado por su padrastro en medio de una discusi\u00f3n - Nuevo Digital de Escobar<\/title>\n<meta name=\"robots\" content=\"index, follow, max-snippet:-1, max-image-preview:large, max-video-preview:-1\" \/>\n<link rel=\"canonical\" href=\"https:\/\/nuevodigitaldeescobar.com.ar\/?p=19659\" \/>\n<meta property=\"og:locale\" content=\"es_ES\" \/>\n<meta property=\"og:type\" content=\"article\" \/>\n<meta property=\"og:title\" content=\"Crimen en Maquinista Savio: un adolescente fue asesinado por su padrastro en medio de una discusi\u00f3n\" \/>\n<meta property=\"og:description\" content=\"La localidad del partido de Escobar volvi\u00f3 a vivir un fin de semana tr\u00e1gico cuando un joven de 16 a\u00f1os fue asesinado por su propio [&hellip;]\" \/>\n<meta property=\"og:url\" content=\"https:\/\/nuevodigitaldeescobar.com.ar\/?p=19659\" \/>\n<meta property=\"og:site_name\" content=\"Nuevo Digital de Escobar\" \/>\n<meta property=\"article:publisher\" content=\"https:\/\/www.facebook.com\/NUEVODigitalDeEscobar\" \/>\n<meta property=\"article:published_time\" content=\"2026-01-19T16:59:09+00:00\" \/>\n<meta property=\"article:modified_time\" content=\"2026-01-19T17:45:38+00:00\" \/>\n<meta property=\"og:image\" content=\"http:\/\/nuevodigitaldeescobar.com.ar\/wp-content\/uploads\/2025\/05\/5-Comisaria-Savio-780x405-1.jpg\" \/>\n\t<meta property=\"og:image:width\" content=\"780\" \/>\n\t<meta property=\"og:image:height\" content=\"405\" \/>\n\t<meta property=\"og:image:type\" content=\"image\/jpeg\" \/>\n<meta name=\"author\" content=\"Redacci\u00f3n\" \/>\n<meta name=\"twitter:card\" content=\"summary_large_image\" \/>\n<meta name=\"twitter:creator\" content=\"@nuevodigescobar\" \/>\n<meta name=\"twitter:site\" content=\"@nuevodigescobar\" \/>\n<meta name=\"twitter:label1\" content=\"Escrito por\" \/>\n\t<meta name=\"twitter:data1\" content=\"Redacci\u00f3n\" \/>\n\t<meta name=\"twitter:label2\" content=\"Tiempo de lectura\" \/>\n\t<meta name=\"twitter:data2\" content=\"2 minutos\" \/>\n<script type=\"application\/ld+json\" class=\"yoast-schema-graph\">{\"@context\":\"https:\/\/schema.org\",\"@graph\":[{\"@type\":\"Article\",\"@id\":\"https:\/\/nuevodigitaldeescobar.com.ar\/?p=19659#article\",\"isPartOf\":{\"@id\":\"https:\/\/nuevodigitaldeescobar.com.ar\/?p=19659\"},\"author\":{\"name\":\"Redacci\u00f3n\",\"@id\":\"https:\/\/nuevodigitaldeescobar.com.ar\/#\/schema\/person\/035e90a8efe9a80e6eec22656ad6ea4c\"},\"headline\":\"Crimen en Maquinista Savio: un adolescente fue asesinado por su padrastro en medio de una discusi\u00f3n\",\"datePublished\":\"2026-01-19T16:59:09+00:00\",\"dateModified\":\"2026-01-19T17:45:38+00:00\",\"mainEntityOfPage\":{\"@id\":\"https:\/\/nuevodigitaldeescobar.com.ar\/?p=19659\"},\"wordCount\":409,\"commentCount\":0,\"publisher\":{\"@id\":\"https:\/\/nuevodigitaldeescobar.com.ar\/#organization\"},\"image\":{\"@id\":\"https:\/\/nuevodigitaldeescobar.com.ar\/?p=19659#primaryimage\"},\"thumbnailUrl\":\"https:\/\/nuevodigitaldeescobar.com.ar\/wp-content\/uploads\/2025\/05\/5-Comisaria-Savio-780x405-1.jpg\",\"articleSection\":[\"Policiales\"],\"inLanguage\":\"es\",\"potentialAction\":[{\"@type\":\"CommentAction\",\"name\":\"Comment\",\"target\":[\"https:\/\/nuevodigitaldeescobar.com.ar\/?p=19659#respond\"]}]},{\"@type\":\"WebPage\",\"@id\":\"https:\/\/nuevodigitaldeescobar.com.ar\/?p=19659\",\"url\":\"https:\/\/nuevodigitaldeescobar.com.ar\/?p=19659\",\"name\":\"Crimen en Maquinista Savio: un adolescente fue asesinado por su padrastro en medio de una discusi\u00f3n - Nuevo Digital de Escobar\",\"isPartOf\":{\"@id\":\"https:\/\/nuevodigitaldeescobar.com.ar\/#website\"},\"primaryImageOfPage\":{\"@id\":\"https:\/\/nuevodigitaldeescobar.com.ar\/?p=19659#primaryimage\"},\"image\":{\"@id\":\"https:\/\/nuevodigitaldeescobar.com.ar\/?p=19659#primaryimage\"},\"thumbnailUrl\":\"https:\/\/nuevodigitaldeescobar.com.ar\/wp-content\/uploads\/2025\/05\/5-Comisaria-Savio-780x405-1.jpg\",\"datePublished\":\"2026-01-19T16:59:09+00:00\",\"dateModified\":\"2026-01-19T17:45:38+00:00\",\"breadcrumb\":{\"@id\":\"https:\/\/nuevodigitaldeescobar.com.ar\/?p=19659#breadcrumb\"},\"inLanguage\":\"es\",\"potentialAction\":[{\"@type\":\"ReadAction\",\"target\":[\"https:\/\/nuevodigitaldeescobar.com.ar\/?p=19659\"]}]},{\"@type\":\"ImageObject\",\"inLanguage\":\"es\",\"@id\":\"https:\/\/nuevodigitaldeescobar.com.ar\/?p=19659#primaryimage\",\"url\":\"https:\/\/nuevodigitaldeescobar.com.ar\/wp-content\/uploads\/2025\/05\/5-Comisaria-Savio-780x405-1.jpg\",\"contentUrl\":\"https:\/\/nuevodigitaldeescobar.com.ar\/wp-content\/uploads\/2025\/05\/5-Comisaria-Savio-780x405-1.jpg\",\"width\":780,\"height\":405},{\"@type\":\"BreadcrumbList\",\"@id\":\"https:\/\/nuevodigitaldeescobar.com.ar\/?p=19659#breadcrumb\",\"itemListElement\":[{\"@type\":\"ListItem\",\"position\":1,\"name\":\"Portada\",\"item\":\"https:\/\/nuevodigitaldeescobar.com.ar\/\"},{\"@type\":\"ListItem\",\"position\":2,\"name\":\"Crimen en Maquinista Savio: un adolescente fue asesinado por su padrastro en medio de una discusi\u00f3n\"}]},{\"@type\":\"WebSite\",\"@id\":\"https:\/\/nuevodigitaldeescobar.com.ar\/#website\",\"url\":\"https:\/\/nuevodigitaldeescobar.com.ar\/\",\"name\":\"Nuevo Digital de Escobar\",\"description\":\"La vida escobarense. Directora: Rosana Brunner\",\"publisher\":{\"@id\":\"https:\/\/nuevodigitaldeescobar.com.ar\/#organization\"},\"potentialAction\":[{\"@type\":\"SearchAction\",\"target\":{\"@type\":\"EntryPoint\",\"urlTemplate\":\"https:\/\/nuevodigitaldeescobar.com.ar\/?s={search_term_string}\"},\"query-input\":{\"@type\":\"PropertyValueSpecification\",\"valueRequired\":true,\"valueName\":\"search_term_string\"}}],\"inLanguage\":\"es\"},{\"@type\":\"Organization\",\"@id\":\"https:\/\/nuevodigitaldeescobar.com.ar\/#organization\",\"name\":\"Nuevo Digital de Escobar\",\"url\":\"https:\/\/nuevodigitaldeescobar.com.ar\/\",\"logo\":{\"@type\":\"ImageObject\",\"inLanguage\":\"es\",\"@id\":\"https:\/\/nuevodigitaldeescobar.com.ar\/#\/schema\/logo\/image\/\",\"url\":\"https:\/\/nuevodigitaldeescobar.com.ar\/wp-content\/uploads\/2025\/05\/cropped-logo-nuevo2.jpg\",\"contentUrl\":\"https:\/\/nuevodigitaldeescobar.com.ar\/wp-content\/uploads\/2025\/05\/cropped-logo-nuevo2.jpg\",\"width\":305,\"height\":305,\"caption\":\"Nuevo Digital de Escobar\"},\"image\":{\"@id\":\"https:\/\/nuevodigitaldeescobar.com.ar\/#\/schema\/logo\/image\/\"},\"sameAs\":[\"https:\/\/www.facebook.com\/NUEVODigitalDeEscobar\",\"https:\/\/x.com\/nuevodigescobar\",\"https:\/\/www.instagram.com\/nuevodigitaldeescobar\"]},{\"@type\":\"Person\",\"@id\":\"https:\/\/nuevodigitaldeescobar.com.ar\/#\/schema\/person\/035e90a8efe9a80e6eec22656ad6ea4c\",\"name\":\"Redacci\u00f3n\",\"image\":{\"@type\":\"ImageObject\",\"inLanguage\":\"es\",\"@id\":\"https:\/\/nuevodigitaldeescobar.com.ar\/#\/schema\/person\/image\/\",\"url\":\"https:\/\/secure.gravatar.com\/avatar\/8af8f40000c24e9eef3034f2be5998a372bb1389e64b1a4a36b3a7979142220d?s=96&d=mm&r=g\",\"contentUrl\":\"https:\/\/secure.gravatar.com\/avatar\/8af8f40000c24e9eef3034f2be5998a372bb1389e64b1a4a36b3a7979142220d?s=96&d=mm&r=g\",\"caption\":\"Redacci\u00f3n\"},\"sameAs\":[\"http:\/\/nuevodigitaldeescobar.com.ar\"],\"url\":\"https:\/\/nuevodigitaldeescobar.com.ar\/?author=1\"}]}<\/script>\n<!-- \/ Yoast SEO plugin. -->","yoast_head_json":{"title":"Crimen en Maquinista Savio: un adolescente fue asesinado por su padrastro en medio de una discusi\u00f3n - Nuevo Digital de Escobar","robots":{"index":"index","follow":"follow","max-snippet":"max-snippet:-1","max-image-preview":"max-image-preview:large","max-video-preview":"max-video-preview:-1"},"canonical":"https:\/\/nuevodigitaldeescobar.com.ar\/?p=19659","og_locale":"es_ES","og_type":"article","og_title":"Crimen en Maquinista Savio: un adolescente fue asesinado por su padrastro en medio de una discusi\u00f3n","og_description":"La localidad del partido de Escobar volvi\u00f3 a vivir un fin de semana tr\u00e1gico cuando un joven de 16 a\u00f1os fue asesinado por su propio [&hellip;]","og_url":"https:\/\/nuevodigitaldeescobar.com.ar\/?p=19659","og_site_name":"Nuevo Digital de Escobar","article_publisher":"https:\/\/www.facebook.com\/NUEVODigitalDeEscobar","article_published_time":"2026-01-19T16:59:09+00:00","article_modified_time":"2026-01-19T17:45:38+00:00","og_image":[{"width":780,"height":405,"url":"http:\/\/nuevodigitaldeescobar.com.ar\/wp-content\/uploads\/2025\/05\/5-Comisaria-Savio-780x405-1.jpg","type":"image\/jpeg"}],"author":"Redacci\u00f3n","twitter_card":"summary_large_image","twitter_creator":"@nuevodigescobar","twitter_site":"@nuevodigescobar","twitter_misc":{"Escrito por":"Redacci\u00f3n","Tiempo de lectura":"2 minutos"},"schema":{"@context":"https:\/\/schema.org","@graph":[{"@type":"Article","@id":"https:\/\/nuevodigitaldeescobar.com.ar\/?p=19659#article","isPartOf":{"@id":"https:\/\/nuevodigitaldeescobar.com.ar\/?p=19659"},"author":{"name":"Redacci\u00f3n","@id":"https:\/\/nuevodigitaldeescobar.com.ar\/#\/schema\/person\/035e90a8efe9a80e6eec22656ad6ea4c"},"headline":"Crimen en Maquinista Savio: un adolescente fue asesinado por su padrastro en medio de una discusi\u00f3n","datePublished":"2026-01-19T16:59:09+00:00","dateModified":"2026-01-19T17:45:38+00:00","mainEntityOfPage":{"@id":"https:\/\/nuevodigitaldeescobar.com.ar\/?p=19659"},"wordCount":409,"commentCount":0,"publisher":{"@id":"https:\/\/nuevodigitaldeescobar.com.ar\/#organization"},"image":{"@id":"https:\/\/nuevodigitaldeescobar.com.ar\/?p=19659#primaryimage"},"thumbnailUrl":"https:\/\/nuevodigitaldeescobar.com.ar\/wp-content\/uploads\/2025\/05\/5-Comisaria-Savio-780x405-1.jpg","articleSection":["Policiales"],"inLanguage":"es","potentialAction":[{"@type":"CommentAction","name":"Comment","target":["https:\/\/nuevodigitaldeescobar.com.ar\/?p=19659#respond"]}]},{"@type":"WebPage","@id":"https:\/\/nuevodigitaldeescobar.com.ar\/?p=19659","url":"https:\/\/nuevodigitaldeescobar.com.ar\/?p=19659","name":"Crimen en Maquinista Savio: un adolescente fue asesinado por su padrastro en medio de una discusi\u00f3n - Nuevo Digital de Escobar","isPartOf":{"@id":"https:\/\/nuevodigitaldeescobar.com.ar\/#website"},"primaryImageOfPage":{"@id":"https:\/\/nuevodigitaldeescobar.com.ar\/?p=19659#primaryimage"},"image":{"@id":"https:\/\/nuevodigitaldeescobar.com.ar\/?p=19659#primaryimage"},"thumbnailUrl":"https:\/\/nuevodigitaldeescobar.com.ar\/wp-content\/uploads\/2025\/05\/5-Comisaria-Savio-780x405-1.jpg","datePublished":"2026-01-19T16:59:09+00:00","dateModified":"2026-01-19T17:45:38+00:00","breadcrumb":{"@id":"https:\/\/nuevodigitaldeescobar.com.ar\/?p=19659#breadcrumb"},"inLanguage":"es","potentialAction":[{"@type":"ReadAction","target":["https:\/\/nuevodigitaldeescobar.com.ar\/?p=19659"]}]},{"@type":"ImageObject","inLanguage":"es","@id":"https:\/\/nuevodigitaldeescobar.com.ar\/?p=19659#primaryimage","url":"https:\/\/nuevodigitaldeescobar.com.ar\/wp-content\/uploads\/2025\/05\/5-Comisaria-Savio-780x405-1.jpg","contentUrl":"https:\/\/nuevodigitaldeescobar.com.ar\/wp-content\/uploads\/2025\/05\/5-Comisaria-Savio-780x405-1.jpg","width":780,"height":405},{"@type":"BreadcrumbList","@id":"https:\/\/nuevodigitaldeescobar.com.ar\/?p=19659#breadcrumb","itemListElement":[{"@type":"ListItem","position":1,"name":"Portada","item":"https:\/\/nuevodigitaldeescobar.com.ar\/"},{"@type":"ListItem","position":2,"name":"Crimen en Maquinista Savio: un adolescente fue asesinado por su padrastro en medio de una discusi\u00f3n"}]},{"@type":"WebSite","@id":"https:\/\/nuevodigitaldeescobar.com.ar\/#website","url":"https:\/\/nuevodigitaldeescobar.com.ar\/","name":"Nuevo Digital de Escobar","description":"La vida escobarense. Directora: Rosana Brunner","publisher":{"@id":"https:\/\/nuevodigitaldeescobar.com.ar\/#organization"},"potentialAction":[{"@type":"SearchAction","target":{"@type":"EntryPoint","urlTemplate":"https:\/\/nuevodigitaldeescobar.com.ar\/?s={search_term_string}"},"query-input":{"@type":"PropertyValueSpecification","valueRequired":true,"valueName":"search_term_string"}}],"inLanguage":"es"},{"@type":"Organization","@id":"https:\/\/nuevodigitaldeescobar.com.ar\/#organization","name":"Nuevo Digital de Escobar","url":"https:\/\/nuevodigitaldeescobar.com.ar\/","logo":{"@type":"ImageObject","inLanguage":"es","@id":"https:\/\/nuevodigitaldeescobar.com.ar\/#\/schema\/logo\/image\/","url":"https:\/\/nuevodigitaldeescobar.com.ar\/wp-content\/uploads\/2025\/05\/cropped-logo-nuevo2.jpg","contentUrl":"https:\/\/nuevodigitaldeescobar.com.ar\/wp-content\/uploads\/2025\/05\/cropped-logo-nuevo2.jpg","width":305,"height":305,"caption":"Nuevo Digital de Escobar"},"image":{"@id":"https:\/\/nuevodigitaldeescobar.com.ar\/#\/schema\/logo\/image\/"},"sameAs":["https:\/\/www.facebook.com\/NUEVODigitalDeEscobar","https:\/\/x.com\/nuevodigescobar","https:\/\/www.instagram.com\/nuevodigitaldeescobar"]},{"@type":"Person","@id":"https:\/\/nuevodigitaldeescobar.com.ar\/#\/schema\/person\/035e90a8efe9a80e6eec22656ad6ea4c","name":"Redacci\u00f3n","image":{"@type":"ImageObject","inLanguage":"es","@id":"https:\/\/nuevodigitaldeescobar.com.ar\/#\/schema\/person\/image\/","url":"https:\/\/secure.gravatar.com\/avatar\/8af8f40000c24e9eef3034f2be5998a372bb1389e64b1a4a36b3a7979142220d?s=96&d=mm&r=g","contentUrl":"https:\/\/secure.gravatar.com\/avatar\/8af8f40000c24e9eef3034f2be5998a372bb1389e64b1a4a36b3a7979142220d?s=96&d=mm&r=g","caption":"Redacci\u00f3n"},"sameAs":["http:\/\/nuevodigitaldeescobar.com.ar"],"url":"https:\/\/nuevodigitaldeescobar.com.ar\/?author=1"}]}},"featured_image_urls":{"full":["https:\/\/nuevodigitaldeescobar.com.ar\/wp-content\/uploads\/2025\/05\/5-Comisaria-Savio-780x405-1.jpg",780,405,false],"thumbnail":["https:\/\/nuevodigitaldeescobar.com.ar\/wp-content\/uploads\/2025\/05\/5-Comisaria-Savio-780x405-1-150x150.jpg",150,150,true],"medium":["https:\/\/nuevodigitaldeescobar.com.ar\/wp-content\/uploads\/2025\/05\/5-Comisaria-Savio-780x405-1-300x156.jpg",300,156,true],"medium_large":["https:\/\/nuevodigitaldeescobar.com.ar\/wp-content\/uploads\/2025\/05\/5-Comisaria-Savio-780x405-1-768x399.jpg",640,333,true],"large":["https:\/\/nuevodigitaldeescobar.com.ar\/wp-content\/uploads\/2025\/05\/5-Comisaria-Savio-780x405-1.jpg",640,332,false],"1536x1536":["https:\/\/nuevodigitaldeescobar.com.ar\/wp-content\/uploads\/2025\/05\/5-Comisaria-Savio-780x405-1.jpg",780,405,false],"2048x2048":["https:\/\/nuevodigitaldeescobar.com.ar\/wp-content\/uploads\/2025\/05\/5-Comisaria-Savio-780x405-1.jpg",780,405,false]},"author_info":{"display_name":"Redacci\u00f3n","author_link":"https:\/\/nuevodigitaldeescobar.com.ar\/?author=1"},"category_info":"<a href=\"https:\/\/nuevodigitaldeescobar.com.ar\/?cat=13\" rel=\"category\">Policiales<\/a>","tag_info":"Policiales","comment_count":"0","_links":{"self":[{"href":"https:\/\/nuevodigitaldeescobar.com.ar\/index.php?rest_route=\/wp\/v2\/posts\/19659","targetHints":{"allow":["GET"]}}],"collection":[{"href":"https:\/\/nuevodigitaldeescobar.com.ar\/index.php?rest_route=\/wp\/v2\/posts"}],"about":[{"href":"https:\/\/nuevodigitaldeescobar.com.ar\/index.php?rest_route=\/wp\/v2\/types\/post"}],"author":[{"embeddable":true,"href":"https:\/\/nuevodigitaldeescobar.com.ar\/index.php?rest_route=\/wp\/v2\/users\/1"}],"replies":[{"embeddable":true,"href":"https:\/\/nuevodigitaldeescobar.com.ar\/index.php?rest_route=%2Fwp%2Fv2%2Fcomments&post=19659"}],"version-history":[{"count":2,"href":"https:\/\/nuevodigitaldeescobar.com.ar\/index.php?rest_route=\/wp\/v2\/posts\/19659\/revisions"}],"predecessor-version":[{"id":19661,"href":"https:\/\/nuevodigitaldeescobar.com.ar\/index.php?rest_route=\/wp\/v2\/posts\/19659\/revisions\/19661"}],"wp:featuredmedia":[{"embeddable":true,"href":"https:\/\/nuevodigitaldeescobar.com.ar\/index.php?rest_route=\/wp\/v2\/media\/14821"}],"wp:attachment":[{"href":"https:\/\/nuevodigitaldeescobar.com.ar\/index.php?rest_route=%2Fwp%2Fv2%2Fmedia&parent=19659"}],"wp:term":[{"taxonomy":"category","embeddable":true,"href":"https:\/\/nuevodigitaldeescobar.com.ar\/index.php?rest_route=%2Fwp%2Fv2%2Fcategories&post=19659"},{"taxonomy":"post_tag","embeddable":true,"href":"https:\/\/nuevodigitaldeescobar.com.ar\/index.php?rest_route=%2Fwp%2Fv2%2Ftags&post=19659"}],"curies":[{"name":"wp","href":"https:\/\/api.w.org\/{rel}","templated":true}]}}