{"id":19662,"date":"2026-01-20T11:54:38","date_gmt":"2026-01-20T14:54:38","guid":{"rendered":"https:\/\/nuevodigitaldeescobar.com.ar\/?p=19662"},"modified":"2026-01-20T12:51:02","modified_gmt":"2026-01-20T15:51:02","slug":"abren-las-inscripciones-para-sumarse-a-los-bomberos-voluntarios-de-escobar","status":"publish","type":"post","link":"https:\/\/nuevodigitaldeescobar.com.ar\/?p=19662","title":{"rendered":"Abren las inscripciones para sumarse a los Bomberos Voluntarios de Escobar"},"content":{"rendered":"\n<p>El cuartel de Bomberos Voluntarios de Escobar anunci\u00f3 la apertura de inscripciones para incorporar nuevos aspirantes a su cuerpo activo, en una convocatoria dirigida a j\u00f3venes y adultos que sientan la vocaci\u00f3n de servicio y el compromiso con la comunidad.<\/p>\n\n\n\n<!--more-->\n\n\n\n<p>Seg\u00fan informaron desde la instituci\u00f3n, la convocatoria est\u00e1 destinada a personas de entre <strong>14 y 37 a\u00f1os<\/strong>, de <strong>nacionalidad argentina<\/strong> y que <strong>no cuenten con antecedentes penales<\/strong>. Quienes cumplan con estos requisitos podr\u00e1n iniciar el proceso a trav\u00e9s del link de <strong>preinscripci\u00f3n<\/strong>: <a href=\"https:\/\/l.facebook.com\/l.php?u=https%3A%2F%2Fforms.gle%2F7MorFo1sc5DC2VAr8%3Ffbclid%3DIwZXh0bgNhZW0CMTAAYnJpZBExazJoZWR0V3ZWdkE3UklzRnNydGMGYXBwX2lkEDIyMjAzOTE3ODgyMDA4OTIAAR7fJdzlWDeCbbdppQaiE8qEuwKsMOzMc8lE5zIWGCn-22jr1ZYKnUMrazHi5g_aem_zaNn-D2eVAj4u3Nk0F7sNQ&amp;h=AT2Tt-7cusip2X8TU4fE2E_zL6FpQNiDen4dHBDJtxYf1Zvh74RHHYTgzBtVFMAH_YGSOmNIWFqEvYxsr5BUrzjbjuowgx_ViFjiAaEXDf6hAnWUbKfu3oz0axmw_X28sfNGHgMYKnlABSfgD433gzDHA08tRA&amp;__tn__=-UK-R&amp;c[0]=AT2Dr1s-oxpL5vhySgKRxDuROlSnRiz2TL5LK36H8sgpfS4eXaDCsf_njB4SAvTEfgLFtjyK0zmvRjrAixYeRqWDbQ6XPiCTjaNB_kt_7Z9vF7xe7EQRFP1VCACYIPeB6kX5MRHLY6QYxdoun8k0O4D47tNpmT_F0QifmizfFRvSqQg6tDEhoEHzHpiCGqPUBs-DopdjMAWij1jSux_TFzia\" target=\"_blank\" rel=\"noreferrer noopener\">https:\/\/forms.gle\/7MorFo1sc5DC2VAr8<\/a><\/p>\n\n\n\n<p>Desde el cuartel destacaron que ser bombero voluntario implica mucho m\u00e1s que una tarea operativa. Se trata de asumir un rol clave en la sociedad, estar presente en situaciones de emergencia, brindar auxilio en momentos cr\u00edticos y trabajar de manera coordinada con un \u00fanico objetivo: <strong>proteger vidas y bienes<\/strong>.<\/p>\n\n\n\n<p>\u201cEs una vocaci\u00f3n que requiere compromiso, solidaridad y coraje, pero que tambi\u00e9n ofrece aprendizaje, crecimiento personal y un fuerte sentido de pertenencia\u201d, se\u00f1alaron desde la instituci\u00f3n, que desde hace d\u00e9cadas cumple un rol fundamental en la seguridad y la asistencia en el partido de Escobar.<\/p>\n\n\n\n<p>La apertura de esta inscripci\u00f3n representa una oportunidad para quienes alguna vez pensaron en ayudar, capacitarse y formar parte de una de las organizaciones m\u00e1s valoradas por la comunidad. Con su tradicional llamado a la acci\u00f3n, los Bomberos Voluntarios invitan a los interesados a dar el primer paso y sumarse a un servicio donde cada acci\u00f3n puede marcar la diferencia.<\/p>\n","protected":false},"excerpt":{"rendered":"<p>El cuartel de Bomberos Voluntarios de Escobar anunci\u00f3 la apertura de inscripciones para incorporar nuevos aspirantes a su cuerpo activo, en una convocatoria dirigida a [&hellip;]<\/p>\n","protected":false},"author":1,"featured_media":19663,"comment_status":"open","ping_status":"open","sticky":false,"template":"","format":"standard","meta":{"footnotes":""},"categories":[7],"tags":[394,481],"class_list":["post-19662","post","type-post","status-publish","format-standard","has-post-thumbnail","hentry","category-interes-general","tag-bomberos-de-escobar","tag-inscripcion"],"better_featured_image":{"id":19663,"alt_text":"","caption":"","description":"","media_type":"image","media_details":{"width":1440,"height":807,"file":"2026\/01\/614260448_902764849075076_6030967522734999852_n.jpg","filesize":214694,"sizes":{"medium":{"file":"614260448_902764849075076_6030967522734999852_n-300x168.jpg","width":300,"height":168,"mime-type":"image\/jpeg","filesize":17940,"source_url":"https:\/\/nuevodigitaldeescobar.com.ar\/wp-content\/uploads\/2026\/01\/614260448_902764849075076_6030967522734999852_n-300x168.jpg"},"large":{"file":"614260448_902764849075076_6030967522734999852_n-1024x574.jpg","width":1024,"height":574,"mime-type":"image\/jpeg","filesize":155032,"source_url":"https:\/\/nuevodigitaldeescobar.com.ar\/wp-content\/uploads\/2026\/01\/614260448_902764849075076_6030967522734999852_n-1024x574.jpg"},"thumbnail":{"file":"614260448_902764849075076_6030967522734999852_n-150x150.jpg","width":150,"height":150,"mime-type":"image\/jpeg","filesize":8821,"source_url":"https:\/\/nuevodigitaldeescobar.com.ar\/wp-content\/uploads\/2026\/01\/614260448_902764849075076_6030967522734999852_n-150x150.jpg"},"medium_large":{"file":"614260448_902764849075076_6030967522734999852_n-768x430.jpg","width":768,"height":430,"mime-type":"image\/jpeg","filesize":96886,"source_url":"https:\/\/nuevodigitaldeescobar.com.ar\/wp-content\/uploads\/2026\/01\/614260448_902764849075076_6030967522734999852_n-768x430.jpg"}},"image_meta":{"aperture":"0","credit":"","camera":"","caption":"","created_timestamp":"0","copyright":"","focal_length":"0","iso":"0","shutter_speed":"0","title":"","orientation":"0","keywords":[]}},"post":19662,"source_url":"https:\/\/nuevodigitaldeescobar.com.ar\/wp-content\/uploads\/2026\/01\/614260448_902764849075076_6030967522734999852_n.jpg"},"yoast_head":"<!-- This site is optimized with the Yoast SEO plugin v26.1.1 - https:\/\/yoast.com\/wordpress\/plugins\/seo\/ -->\n<title>Abren las inscripciones para sumarse a los Bomberos Voluntarios de Escobar - Nuevo Digital de Escobar<\/title>\n<meta name=\"description\" content=\"El cuartel de Bomberos Voluntarios de Escobar anunci\u00f3 la apertura de inscripciones para incorporar nuevos aspirantes a su cuerpo activo, en una convocatoria dirigida a j\u00f3venes y adultos que sientan la vocaci\u00f3n de servicio y el compromiso con la comunidad.\" \/>\n<meta name=\"robots\" content=\"index, follow, max-snippet:-1, max-image-preview:large, max-video-preview:-1\" \/>\n<link rel=\"canonical\" href=\"https:\/\/nuevodigitaldeescobar.com.ar\/?p=19662\" \/>\n<meta property=\"og:locale\" content=\"es_ES\" \/>\n<meta property=\"og:type\" content=\"article\" \/>\n<meta property=\"og:title\" content=\"Abren las inscripciones para sumarse a los Bomberos Voluntarios de Escobar\" \/>\n<meta property=\"og:description\" content=\"El cuartel de Bomberos Voluntarios de Escobar anunci\u00f3 la apertura de inscripciones para incorporar nuevos aspirantes a su cuerpo activo, en una convocatoria dirigida a j\u00f3venes y adultos que sientan la vocaci\u00f3n de servicio y el compromiso con la comunidad.\" \/>\n<meta property=\"og:url\" content=\"https:\/\/nuevodigitaldeescobar.com.ar\/?p=19662\" \/>\n<meta property=\"og:site_name\" content=\"Nuevo Digital de Escobar\" \/>\n<meta property=\"article:publisher\" content=\"https:\/\/www.facebook.com\/NUEVODigitalDeEscobar\" \/>\n<meta property=\"article:published_time\" content=\"2026-01-20T14:54:38+00:00\" \/>\n<meta property=\"article:modified_time\" content=\"2026-01-20T15:51:02+00:00\" \/>\n<meta property=\"og:image\" content=\"http:\/\/nuevodigitaldeescobar.com.ar\/wp-content\/uploads\/2026\/01\/614260448_902764849075076_6030967522734999852_n.jpg\" \/>\n\t<meta property=\"og:image:width\" content=\"1440\" \/>\n\t<meta property=\"og:image:height\" content=\"807\" \/>\n\t<meta property=\"og:image:type\" content=\"image\/jpeg\" \/>\n<meta name=\"author\" content=\"Redacci\u00f3n\" \/>\n<meta name=\"twitter:card\" content=\"summary_large_image\" \/>\n<meta name=\"twitter:creator\" content=\"@nuevodigescobar\" \/>\n<meta name=\"twitter:site\" content=\"@nuevodigescobar\" \/>\n<meta name=\"twitter:label1\" content=\"Escrito por\" \/>\n\t<meta name=\"twitter:data1\" content=\"Redacci\u00f3n\" \/>\n\t<meta name=\"twitter:label2\" content=\"Tiempo de lectura\" \/>\n\t<meta name=\"twitter:data2\" content=\"2 minutos\" \/>\n<script type=\"application\/ld+json\" class=\"yoast-schema-graph\">{\"@context\":\"https:\/\/schema.org\",\"@graph\":[{\"@type\":\"Article\",\"@id\":\"https:\/\/nuevodigitaldeescobar.com.ar\/?p=19662#article\",\"isPartOf\":{\"@id\":\"https:\/\/nuevodigitaldeescobar.com.ar\/?p=19662\"},\"author\":{\"name\":\"Redacci\u00f3n\",\"@id\":\"https:\/\/nuevodigitaldeescobar.com.ar\/#\/schema\/person\/035e90a8efe9a80e6eec22656ad6ea4c\"},\"headline\":\"Abren las inscripciones para sumarse a los Bomberos Voluntarios de Escobar\",\"datePublished\":\"2026-01-20T14:54:38+00:00\",\"dateModified\":\"2026-01-20T15:51:02+00:00\",\"mainEntityOfPage\":{\"@id\":\"https:\/\/nuevodigitaldeescobar.com.ar\/?p=19662\"},\"wordCount\":271,\"commentCount\":0,\"publisher\":{\"@id\":\"https:\/\/nuevodigitaldeescobar.com.ar\/#organization\"},\"image\":{\"@id\":\"https:\/\/nuevodigitaldeescobar.com.ar\/?p=19662#primaryimage\"},\"thumbnailUrl\":\"https:\/\/nuevodigitaldeescobar.com.ar\/wp-content\/uploads\/2026\/01\/614260448_902764849075076_6030967522734999852_n.jpg\",\"keywords\":[\"Bomberos de Escobar\",\"inscripci\u00f3n\"],\"articleSection\":[\"Inter\u00e9s general\"],\"inLanguage\":\"es\",\"potentialAction\":[{\"@type\":\"CommentAction\",\"name\":\"Comment\",\"target\":[\"https:\/\/nuevodigitaldeescobar.com.ar\/?p=19662#respond\"]}]},{\"@type\":\"WebPage\",\"@id\":\"https:\/\/nuevodigitaldeescobar.com.ar\/?p=19662\",\"url\":\"https:\/\/nuevodigitaldeescobar.com.ar\/?p=19662\",\"name\":\"Abren las inscripciones para sumarse a los Bomberos Voluntarios de Escobar - Nuevo Digital de Escobar\",\"isPartOf\":{\"@id\":\"https:\/\/nuevodigitaldeescobar.com.ar\/#website\"},\"primaryImageOfPage\":{\"@id\":\"https:\/\/nuevodigitaldeescobar.com.ar\/?p=19662#primaryimage\"},\"image\":{\"@id\":\"https:\/\/nuevodigitaldeescobar.com.ar\/?p=19662#primaryimage\"},\"thumbnailUrl\":\"https:\/\/nuevodigitaldeescobar.com.ar\/wp-content\/uploads\/2026\/01\/614260448_902764849075076_6030967522734999852_n.jpg\",\"datePublished\":\"2026-01-20T14:54:38+00:00\",\"dateModified\":\"2026-01-20T15:51:02+00:00\",\"description\":\"El cuartel de Bomberos Voluntarios de Escobar anunci\u00f3 la apertura de inscripciones para incorporar nuevos aspirantes a su cuerpo activo, en una convocatoria dirigida a j\u00f3venes y adultos que sientan la vocaci\u00f3n de servicio y el compromiso con la comunidad.\",\"breadcrumb\":{\"@id\":\"https:\/\/nuevodigitaldeescobar.com.ar\/?p=19662#breadcrumb\"},\"inLanguage\":\"es\",\"potentialAction\":[{\"@type\":\"ReadAction\",\"target\":[\"https:\/\/nuevodigitaldeescobar.com.ar\/?p=19662\"]}]},{\"@type\":\"ImageObject\",\"inLanguage\":\"es\",\"@id\":\"https:\/\/nuevodigitaldeescobar.com.ar\/?p=19662#primaryimage\",\"url\":\"https:\/\/nuevodigitaldeescobar.com.ar\/wp-content\/uploads\/2026\/01\/614260448_902764849075076_6030967522734999852_n.jpg\",\"contentUrl\":\"https:\/\/nuevodigitaldeescobar.com.ar\/wp-content\/uploads\/2026\/01\/614260448_902764849075076_6030967522734999852_n.jpg\",\"width\":1440,\"height\":807},{\"@type\":\"BreadcrumbList\",\"@id\":\"https:\/\/nuevodigitaldeescobar.com.ar\/?p=19662#breadcrumb\",\"itemListElement\":[{\"@type\":\"ListItem\",\"position\":1,\"name\":\"Portada\",\"item\":\"https:\/\/nuevodigitaldeescobar.com.ar\/\"},{\"@type\":\"ListItem\",\"position\":2,\"name\":\"Abren las inscripciones para sumarse a los Bomberos Voluntarios de Escobar\"}]},{\"@type\":\"WebSite\",\"@id\":\"https:\/\/nuevodigitaldeescobar.com.ar\/#website\",\"url\":\"https:\/\/nuevodigitaldeescobar.com.ar\/\",\"name\":\"Nuevo Digital de Escobar\",\"description\":\"La vida escobarense. Directora: Rosana Brunner\",\"publisher\":{\"@id\":\"https:\/\/nuevodigitaldeescobar.com.ar\/#organization\"},\"potentialAction\":[{\"@type\":\"SearchAction\",\"target\":{\"@type\":\"EntryPoint\",\"urlTemplate\":\"https:\/\/nuevodigitaldeescobar.com.ar\/?s={search_term_string}\"},\"query-input\":{\"@type\":\"PropertyValueSpecification\",\"valueRequired\":true,\"valueName\":\"search_term_string\"}}],\"inLanguage\":\"es\"},{\"@type\":\"Organization\",\"@id\":\"https:\/\/nuevodigitaldeescobar.com.ar\/#organization\",\"name\":\"Nuevo Digital de Escobar\",\"url\":\"https:\/\/nuevodigitaldeescobar.com.ar\/\",\"logo\":{\"@type\":\"ImageObject\",\"inLanguage\":\"es\",\"@id\":\"https:\/\/nuevodigitaldeescobar.com.ar\/#\/schema\/logo\/image\/\",\"url\":\"https:\/\/nuevodigitaldeescobar.com.ar\/wp-content\/uploads\/2025\/05\/cropped-logo-nuevo2.jpg\",\"contentUrl\":\"https:\/\/nuevodigitaldeescobar.com.ar\/wp-content\/uploads\/2025\/05\/cropped-logo-nuevo2.jpg\",\"width\":305,\"height\":305,\"caption\":\"Nuevo Digital de Escobar\"},\"image\":{\"@id\":\"https:\/\/nuevodigitaldeescobar.com.ar\/#\/schema\/logo\/image\/\"},\"sameAs\":[\"https:\/\/www.facebook.com\/NUEVODigitalDeEscobar\",\"https:\/\/x.com\/nuevodigescobar\",\"https:\/\/www.instagram.com\/nuevodigitaldeescobar\"]},{\"@type\":\"Person\",\"@id\":\"https:\/\/nuevodigitaldeescobar.com.ar\/#\/schema\/person\/035e90a8efe9a80e6eec22656ad6ea4c\",\"name\":\"Redacci\u00f3n\",\"image\":{\"@type\":\"ImageObject\",\"inLanguage\":\"es\",\"@id\":\"https:\/\/nuevodigitaldeescobar.com.ar\/#\/schema\/person\/image\/\",\"url\":\"https:\/\/secure.gravatar.com\/avatar\/8af8f40000c24e9eef3034f2be5998a372bb1389e64b1a4a36b3a7979142220d?s=96&d=mm&r=g\",\"contentUrl\":\"https:\/\/secure.gravatar.com\/avatar\/8af8f40000c24e9eef3034f2be5998a372bb1389e64b1a4a36b3a7979142220d?s=96&d=mm&r=g\",\"caption\":\"Redacci\u00f3n\"},\"sameAs\":[\"http:\/\/nuevodigitaldeescobar.com.ar\"],\"url\":\"https:\/\/nuevodigitaldeescobar.com.ar\/?author=1\"}]}<\/script>\n<!-- \/ Yoast SEO plugin. -->","yoast_head_json":{"title":"Abren las inscripciones para sumarse a los Bomberos Voluntarios de Escobar - Nuevo Digital de Escobar","description":"El cuartel de Bomberos Voluntarios de Escobar anunci\u00f3 la apertura de inscripciones para incorporar nuevos aspirantes a su cuerpo activo, en una convocatoria dirigida a j\u00f3venes y adultos que sientan la vocaci\u00f3n de servicio y el compromiso con la comunidad.","robots":{"index":"index","follow":"follow","max-snippet":"max-snippet:-1","max-image-preview":"max-image-preview:large","max-video-preview":"max-video-preview:-1"},"canonical":"https:\/\/nuevodigitaldeescobar.com.ar\/?p=19662","og_locale":"es_ES","og_type":"article","og_title":"Abren las inscripciones para sumarse a los Bomberos Voluntarios de Escobar","og_description":"El cuartel de Bomberos Voluntarios de Escobar anunci\u00f3 la apertura de inscripciones para incorporar nuevos aspirantes a su cuerpo activo, en una convocatoria dirigida a j\u00f3venes y adultos que sientan la vocaci\u00f3n de servicio y el compromiso con la comunidad.","og_url":"https:\/\/nuevodigitaldeescobar.com.ar\/?p=19662","og_site_name":"Nuevo Digital de Escobar","article_publisher":"https:\/\/www.facebook.com\/NUEVODigitalDeEscobar","article_published_time":"2026-01-20T14:54:38+00:00","article_modified_time":"2026-01-20T15:51:02+00:00","og_image":[{"width":1440,"height":807,"url":"http:\/\/nuevodigitaldeescobar.com.ar\/wp-content\/uploads\/2026\/01\/614260448_902764849075076_6030967522734999852_n.jpg","type":"image\/jpeg"}],"author":"Redacci\u00f3n","twitter_card":"summary_large_image","twitter_creator":"@nuevodigescobar","twitter_site":"@nuevodigescobar","twitter_misc":{"Escrito por":"Redacci\u00f3n","Tiempo de lectura":"2 minutos"},"schema":{"@context":"https:\/\/schema.org","@graph":[{"@type":"Article","@id":"https:\/\/nuevodigitaldeescobar.com.ar\/?p=19662#article","isPartOf":{"@id":"https:\/\/nuevodigitaldeescobar.com.ar\/?p=19662"},"author":{"name":"Redacci\u00f3n","@id":"https:\/\/nuevodigitaldeescobar.com.ar\/#\/schema\/person\/035e90a8efe9a80e6eec22656ad6ea4c"},"headline":"Abren las inscripciones para sumarse a los Bomberos Voluntarios de Escobar","datePublished":"2026-01-20T14:54:38+00:00","dateModified":"2026-01-20T15:51:02+00:00","mainEntityOfPage":{"@id":"https:\/\/nuevodigitaldeescobar.com.ar\/?p=19662"},"wordCount":271,"commentCount":0,"publisher":{"@id":"https:\/\/nuevodigitaldeescobar.com.ar\/#organization"},"image":{"@id":"https:\/\/nuevodigitaldeescobar.com.ar\/?p=19662#primaryimage"},"thumbnailUrl":"https:\/\/nuevodigitaldeescobar.com.ar\/wp-content\/uploads\/2026\/01\/614260448_902764849075076_6030967522734999852_n.jpg","keywords":["Bomberos de Escobar","inscripci\u00f3n"],"articleSection":["Inter\u00e9s general"],"inLanguage":"es","potentialAction":[{"@type":"CommentAction","name":"Comment","target":["https:\/\/nuevodigitaldeescobar.com.ar\/?p=19662#respond"]}]},{"@type":"WebPage","@id":"https:\/\/nuevodigitaldeescobar.com.ar\/?p=19662","url":"https:\/\/nuevodigitaldeescobar.com.ar\/?p=19662","name":"Abren las inscripciones para sumarse a los Bomberos Voluntarios de Escobar - Nuevo Digital de Escobar","isPartOf":{"@id":"https:\/\/nuevodigitaldeescobar.com.ar\/#website"},"primaryImageOfPage":{"@id":"https:\/\/nuevodigitaldeescobar.com.ar\/?p=19662#primaryimage"},"image":{"@id":"https:\/\/nuevodigitaldeescobar.com.ar\/?p=19662#primaryimage"},"thumbnailUrl":"https:\/\/nuevodigitaldeescobar.com.ar\/wp-content\/uploads\/2026\/01\/614260448_902764849075076_6030967522734999852_n.jpg","datePublished":"2026-01-20T14:54:38+00:00","dateModified":"2026-01-20T15:51:02+00:00","description":"El cuartel de Bomberos Voluntarios de Escobar anunci\u00f3 la apertura de inscripciones para incorporar nuevos aspirantes a su cuerpo activo, en una convocatoria dirigida a j\u00f3venes y adultos que sientan la vocaci\u00f3n de servicio y el compromiso con la comunidad.","breadcrumb":{"@id":"https:\/\/nuevodigitaldeescobar.com.ar\/?p=19662#breadcrumb"},"inLanguage":"es","potentialAction":[{"@type":"ReadAction","target":["https:\/\/nuevodigitaldeescobar.com.ar\/?p=19662"]}]},{"@type":"ImageObject","inLanguage":"es","@id":"https:\/\/nuevodigitaldeescobar.com.ar\/?p=19662#primaryimage","url":"https:\/\/nuevodigitaldeescobar.com.ar\/wp-content\/uploads\/2026\/01\/614260448_902764849075076_6030967522734999852_n.jpg","contentUrl":"https:\/\/nuevodigitaldeescobar.com.ar\/wp-content\/uploads\/2026\/01\/614260448_902764849075076_6030967522734999852_n.jpg","width":1440,"height":807},{"@type":"BreadcrumbList","@id":"https:\/\/nuevodigitaldeescobar.com.ar\/?p=19662#breadcrumb","itemListElement":[{"@type":"ListItem","position":1,"name":"Portada","item":"https:\/\/nuevodigitaldeescobar.com.ar\/"},{"@type":"ListItem","position":2,"name":"Abren las inscripciones para sumarse a los Bomberos Voluntarios de Escobar"}]},{"@type":"WebSite","@id":"https:\/\/nuevodigitaldeescobar.com.ar\/#website","url":"https:\/\/nuevodigitaldeescobar.com.ar\/","name":"Nuevo Digital de Escobar","description":"La vida escobarense. Directora: Rosana Brunner","publisher":{"@id":"https:\/\/nuevodigitaldeescobar.com.ar\/#organization"},"potentialAction":[{"@type":"SearchAction","target":{"@type":"EntryPoint","urlTemplate":"https:\/\/nuevodigitaldeescobar.com.ar\/?s={search_term_string}"},"query-input":{"@type":"PropertyValueSpecification","valueRequired":true,"valueName":"search_term_string"}}],"inLanguage":"es"},{"@type":"Organization","@id":"https:\/\/nuevodigitaldeescobar.com.ar\/#organization","name":"Nuevo Digital de Escobar","url":"https:\/\/nuevodigitaldeescobar.com.ar\/","logo":{"@type":"ImageObject","inLanguage":"es","@id":"https:\/\/nuevodigitaldeescobar.com.ar\/#\/schema\/logo\/image\/","url":"https:\/\/nuevodigitaldeescobar.com.ar\/wp-content\/uploads\/2025\/05\/cropped-logo-nuevo2.jpg","contentUrl":"https:\/\/nuevodigitaldeescobar.com.ar\/wp-content\/uploads\/2025\/05\/cropped-logo-nuevo2.jpg","width":305,"height":305,"caption":"Nuevo Digital de Escobar"},"image":{"@id":"https:\/\/nuevodigitaldeescobar.com.ar\/#\/schema\/logo\/image\/"},"sameAs":["https:\/\/www.facebook.com\/NUEVODigitalDeEscobar","https:\/\/x.com\/nuevodigescobar","https:\/\/www.instagram.com\/nuevodigitaldeescobar"]},{"@type":"Person","@id":"https:\/\/nuevodigitaldeescobar.com.ar\/#\/schema\/person\/035e90a8efe9a80e6eec22656ad6ea4c","name":"Redacci\u00f3n","image":{"@type":"ImageObject","inLanguage":"es","@id":"https:\/\/nuevodigitaldeescobar.com.ar\/#\/schema\/person\/image\/","url":"https:\/\/secure.gravatar.com\/avatar\/8af8f40000c24e9eef3034f2be5998a372bb1389e64b1a4a36b3a7979142220d?s=96&d=mm&r=g","contentUrl":"https:\/\/secure.gravatar.com\/avatar\/8af8f40000c24e9eef3034f2be5998a372bb1389e64b1a4a36b3a7979142220d?s=96&d=mm&r=g","caption":"Redacci\u00f3n"},"sameAs":["http:\/\/nuevodigitaldeescobar.com.ar"],"url":"https:\/\/nuevodigitaldeescobar.com.ar\/?author=1"}]}},"featured_image_urls":{"full":["https:\/\/nuevodigitaldeescobar.com.ar\/wp-content\/uploads\/2026\/01\/614260448_902764849075076_6030967522734999852_n.jpg",1440,807,false],"thumbnail":["https:\/\/nuevodigitaldeescobar.com.ar\/wp-content\/uploads\/2026\/01\/614260448_902764849075076_6030967522734999852_n-150x150.jpg",150,150,true],"medium":["https:\/\/nuevodigitaldeescobar.com.ar\/wp-content\/uploads\/2026\/01\/614260448_902764849075076_6030967522734999852_n-300x168.jpg",300,168,true],"medium_large":["https:\/\/nuevodigitaldeescobar.com.ar\/wp-content\/uploads\/2026\/01\/614260448_902764849075076_6030967522734999852_n-768x430.jpg",640,358,true],"large":["https:\/\/nuevodigitaldeescobar.com.ar\/wp-content\/uploads\/2026\/01\/614260448_902764849075076_6030967522734999852_n-1024x574.jpg",640,359,true],"1536x1536":["https:\/\/nuevodigitaldeescobar.com.ar\/wp-content\/uploads\/2026\/01\/614260448_902764849075076_6030967522734999852_n.jpg",1440,807,false],"2048x2048":["https:\/\/nuevodigitaldeescobar.com.ar\/wp-content\/uploads\/2026\/01\/614260448_902764849075076_6030967522734999852_n.jpg",1440,807,false]},"author_info":{"display_name":"Redacci\u00f3n","author_link":"https:\/\/nuevodigitaldeescobar.com.ar\/?author=1"},"category_info":"<a href=\"https:\/\/nuevodigitaldeescobar.com.ar\/?cat=7\" rel=\"category\">Inter\u00e9s general<\/a>","tag_info":"Inter\u00e9s general","comment_count":"0","_links":{"self":[{"href":"https:\/\/nuevodigitaldeescobar.com.ar\/index.php?rest_route=\/wp\/v2\/posts\/19662","targetHints":{"allow":["GET"]}}],"collection":[{"href":"https:\/\/nuevodigitaldeescobar.com.ar\/index.php?rest_route=\/wp\/v2\/posts"}],"about":[{"href":"https:\/\/nuevodigitaldeescobar.com.ar\/index.php?rest_route=\/wp\/v2\/types\/post"}],"author":[{"embeddable":true,"href":"https:\/\/nuevodigitaldeescobar.com.ar\/index.php?rest_route=\/wp\/v2\/users\/1"}],"replies":[{"embeddable":true,"href":"https:\/\/nuevodigitaldeescobar.com.ar\/index.php?rest_route=%2Fwp%2Fv2%2Fcomments&post=19662"}],"version-history":[{"count":2,"href":"https:\/\/nuevodigitaldeescobar.com.ar\/index.php?rest_route=\/wp\/v2\/posts\/19662\/revisions"}],"predecessor-version":[{"id":19668,"href":"https:\/\/nuevodigitaldeescobar.com.ar\/index.php?rest_route=\/wp\/v2\/posts\/19662\/revisions\/19668"}],"wp:featuredmedia":[{"embeddable":true,"href":"https:\/\/nuevodigitaldeescobar.com.ar\/index.php?rest_route=\/wp\/v2\/media\/19663"}],"wp:attachment":[{"href":"https:\/\/nuevodigitaldeescobar.com.ar\/index.php?rest_route=%2Fwp%2Fv2%2Fmedia&parent=19662"}],"wp:term":[{"taxonomy":"category","embeddable":true,"href":"https:\/\/nuevodigitaldeescobar.com.ar\/index.php?rest_route=%2Fwp%2Fv2%2Fcategories&post=19662"},{"taxonomy":"post_tag","embeddable":true,"href":"https:\/\/nuevodigitaldeescobar.com.ar\/index.php?rest_route=%2Fwp%2Fv2%2Ftags&post=19662"}],"curies":[{"name":"wp","href":"https:\/\/api.w.org\/{rel}","templated":true}]}}