{"id":19669,"date":"2026-01-21T08:54:47","date_gmt":"2026-01-21T11:54:47","guid":{"rendered":"https:\/\/nuevodigitaldeescobar.com.ar\/?p=19669"},"modified":"2026-01-21T09:05:24","modified_gmt":"2026-01-21T12:05:24","slug":"fundacion-empujar-abrio-la-inscripcion-al-programa-tu-empleo-con-50-becas-gratuitas-para-jovenes-de-escobar","status":"publish","type":"post","link":"https:\/\/nuevodigitaldeescobar.com.ar\/?p=19669","title":{"rendered":"Fundaci\u00f3n EMPUJAR abri\u00f3 la inscripci\u00f3n al programa TU EMPLEO con 50 becas gratuitas para j\u00f3venes de Escobar"},"content":{"rendered":"\n<p>En un contexto donde el acceso al primer empleo formal contin\u00faa siendo una de las principales barreras para los j\u00f3venes de contextos vulnerables, la Fundaci\u00f3n EMPUJAR abri\u00f3 la inscripci\u00f3n al programa TU EMPLEO, con 50 becas gratuitas destinadas a j\u00f3venes de entre 18 y 24 a\u00f1os del partido de Escobar, como parte de una convocatoria nacional que alcanza las 500 vacantes.<\/p>\n\n\n\n<!--more-->\n\n\n\n<p>La capacitaci\u00f3n busca brindar herramientas y acompa\u00f1amiento para facilitar la inserci\u00f3n en el mercado laboral formal, con impacto directo en el desarrollo profesional y personal de los participantes.<\/p>\n\n\n\n<p>Las inscripciones se realizan a trav\u00e9s del sitio web oficial de la Fundaci\u00f3n (<a href=\"http:\/\/www.fundacionempujar.org\/tu-empleo\">www.fundacionempujar.org\/tu-empleo<\/a>) y la capacitaci\u00f3n comienza el 27 de febrero de 2026, tiene una duraci\u00f3n de cinco meses y contempla tres clases semanales. L\u00f1<\/p>\n\n\n\n<p>Los postulantes deben tener entre 18 y 24 a\u00f1os, residir en las cercan\u00edas de la sede de Escobar y completar todas las etapas del proceso de inscripci\u00f3n.<\/p>\n\n\n\n<p>Desde 2021, la Fundaci\u00f3n EMPUJAR desarrolla el programa TU EMPLEO en Escobar, con sede en la empresa Faen, y ya acompa\u00f1\u00f3 a m\u00e1s de 200 j\u00f3venes del distrito. En articulaci\u00f3n con empresas locales y con la participaci\u00f3n estrat\u00e9gica de la Asociaci\u00f3n Vecinal Puertos del Lago, a trav\u00e9s de su oficina de Desarrollo Comunitario, los j\u00f3venes no solo fortalecen sus habilidades laborales, sino que tambi\u00e9n se vinculan con empresas de la zona, accediendo a oportunidades reales de empleo.<\/p>\n\n\n<div class=\"wp-block-image\">\n<figure class=\"aligncenter size-large\"><img fetchpriority=\"high\" decoding=\"async\" width=\"1024\" height=\"768\" src=\"http:\/\/nuevodigitaldeescobar.com.ar\/wp-content\/uploads\/2026\/01\/Jovenes-en-EMPRESA-SEDE-1024x768.jpeg\" alt=\"\" class=\"wp-image-19672\" srcset=\"https:\/\/nuevodigitaldeescobar.com.ar\/wp-content\/uploads\/2026\/01\/Jovenes-en-EMPRESA-SEDE-1024x768.jpeg 1024w, https:\/\/nuevodigitaldeescobar.com.ar\/wp-content\/uploads\/2026\/01\/Jovenes-en-EMPRESA-SEDE-300x225.jpeg 300w, https:\/\/nuevodigitaldeescobar.com.ar\/wp-content\/uploads\/2026\/01\/Jovenes-en-EMPRESA-SEDE-768x576.jpeg 768w, https:\/\/nuevodigitaldeescobar.com.ar\/wp-content\/uploads\/2026\/01\/Jovenes-en-EMPRESA-SEDE-1536x1152.jpeg 1536w, https:\/\/nuevodigitaldeescobar.com.ar\/wp-content\/uploads\/2026\/01\/Jovenes-en-EMPRESA-SEDE.jpeg 1600w\" sizes=\"(max-width: 1024px) 100vw, 1024px\" \/><\/figure><\/div>\n\n\n<p>Durante los cinco meses de capacitaci\u00f3n, los j\u00f3venes reciben formaci\u00f3n integral en habilidades blandas clave para el \u00e1mbito laboral. Los contenidos incluyen el armado de curr\u00edculum, simulacros de entrevistas liderados por profesionales de Recursos Humanos, visitas a empresas y m\u00f3dulos de autoconocimiento. <\/p>\n\n\n\n<p>Adem\u00e1s, el programa cubre los vi\u00e1ticos de transporte, facilitando la asistencia a la empresa sede.<\/p>\n\n\n\n<p>Al finalizar el programa, los egresados acceden al portal de empleos exclusivo de la Fundaci\u00f3n EMPUJAR, donde se publican vacantes de trabajo formal de empresas que integran la red, y contin\u00faan siendo acompa\u00f1ados por el \u00e1rea de Empleos durante 12 meses m\u00e1s.<\/p>\n\n\n\n<p>Desde la Fundaci\u00f3n EMPUJAR, junto a empresas de Escobar, se impulsa el acceso al primer empleo como un motor de transformaci\u00f3n social y desarrollo local.\u201cCada joven que logra ingresar a un empleo formal no solo transforma su calidad de vida, sino tambi\u00e9n la de su familia y su comunidad. Nuestro objetivo es ser siempre un puente hacia esas oportunidades\u201d, afirm\u00f3 Germ\u00e1n Lojk, director ejecutivo de EMPUJAR.<\/p>\n","protected":false},"excerpt":{"rendered":"<p>En un contexto donde el acceso al primer empleo formal contin\u00faa siendo una de las principales barreras para los j\u00f3venes de contextos vulnerables, la Fundaci\u00f3n [&hellip;]<\/p>\n","protected":false},"author":1,"featured_media":19671,"comment_status":"open","ping_status":"open","sticky":false,"template":"","format":"standard","meta":{"footnotes":""},"categories":[7],"tags":[482,340],"class_list":["post-19669","post","type-post","status-publish","format-standard","has-post-thumbnail","hentry","category-interes-general","tag-empleos","tag-fundacion-empujar"],"better_featured_image":{"id":19671,"alt_text":"","caption":"","description":"","media_type":"image","media_details":{"width":1600,"height":1200,"file":"2026\/01\/Jovenes-en-Capacitacion-ESCOBAR3.jpeg","filesize":230842,"sizes":{"medium":{"file":"Jovenes-en-Capacitacion-ESCOBAR3-300x225.jpeg","width":300,"height":225,"mime-type":"image\/jpeg","filesize":18933,"source_url":"https:\/\/nuevodigitaldeescobar.com.ar\/wp-content\/uploads\/2026\/01\/Jovenes-en-Capacitacion-ESCOBAR3-300x225.jpeg"},"large":{"file":"Jovenes-en-Capacitacion-ESCOBAR3-1024x768.jpeg","width":1024,"height":768,"mime-type":"image\/jpeg","filesize":133500,"source_url":"https:\/\/nuevodigitaldeescobar.com.ar\/wp-content\/uploads\/2026\/01\/Jovenes-en-Capacitacion-ESCOBAR3-1024x768.jpeg"},"thumbnail":{"file":"Jovenes-en-Capacitacion-ESCOBAR3-150x150.jpeg","width":150,"height":150,"mime-type":"image\/jpeg","filesize":7484,"source_url":"https:\/\/nuevodigitaldeescobar.com.ar\/wp-content\/uploads\/2026\/01\/Jovenes-en-Capacitacion-ESCOBAR3-150x150.jpeg"},"medium_large":{"file":"Jovenes-en-Capacitacion-ESCOBAR3-768x576.jpeg","width":768,"height":576,"mime-type":"image\/jpeg","filesize":84699,"source_url":"https:\/\/nuevodigitaldeescobar.com.ar\/wp-content\/uploads\/2026\/01\/Jovenes-en-Capacitacion-ESCOBAR3-768x576.jpeg"},"1536x1536":{"file":"Jovenes-en-Capacitacion-ESCOBAR3-1536x1152.jpeg","width":1536,"height":1152,"mime-type":"image\/jpeg","filesize":246607,"source_url":"https:\/\/nuevodigitaldeescobar.com.ar\/wp-content\/uploads\/2026\/01\/Jovenes-en-Capacitacion-ESCOBAR3-1536x1152.jpeg"}},"image_meta":{"aperture":"0","credit":"","camera":"","caption":"","created_timestamp":"0","copyright":"","focal_length":"0","iso":"0","shutter_speed":"0","title":"","orientation":"0","keywords":[]}},"post":19669,"source_url":"https:\/\/nuevodigitaldeescobar.com.ar\/wp-content\/uploads\/2026\/01\/Jovenes-en-Capacitacion-ESCOBAR3.jpeg"},"yoast_head":"<!-- This site is optimized with the Yoast SEO plugin v26.1.1 - https:\/\/yoast.com\/wordpress\/plugins\/seo\/ -->\n<title>Fundaci\u00f3n EMPUJAR abri\u00f3 la inscripci\u00f3n al programa TU EMPLEO con 50 becas gratuitas para j\u00f3venes de Escobar - Nuevo Digital de Escobar<\/title>\n<meta name=\"description\" content=\"La capacitaci\u00f3n busca brindar herramientas y acompa\u00f1amiento para facilitar la inserci\u00f3n en el mercado laboral formal, con impacto directo en el desarrollo profesional y personal de los participantes.\" \/>\n<meta name=\"robots\" content=\"index, follow, max-snippet:-1, max-image-preview:large, max-video-preview:-1\" \/>\n<link rel=\"canonical\" href=\"https:\/\/nuevodigitaldeescobar.com.ar\/?p=19669\" \/>\n<meta property=\"og:locale\" content=\"es_ES\" \/>\n<meta property=\"og:type\" content=\"article\" \/>\n<meta property=\"og:title\" content=\"Fundaci\u00f3n EMPUJAR abri\u00f3 la inscripci\u00f3n al programa TU EMPLEO con 50 becas gratuitas para j\u00f3venes de Escobar\" \/>\n<meta property=\"og:description\" content=\"La capacitaci\u00f3n busca brindar herramientas y acompa\u00f1amiento para facilitar la inserci\u00f3n en el mercado laboral formal, con impacto directo en el desarrollo profesional y personal de los participantes.\" \/>\n<meta property=\"og:url\" content=\"https:\/\/nuevodigitaldeescobar.com.ar\/?p=19669\" \/>\n<meta property=\"og:site_name\" content=\"Nuevo Digital de Escobar\" \/>\n<meta property=\"article:publisher\" content=\"https:\/\/www.facebook.com\/NUEVODigitalDeEscobar\" \/>\n<meta property=\"article:published_time\" content=\"2026-01-21T11:54:47+00:00\" \/>\n<meta property=\"article:modified_time\" content=\"2026-01-21T12:05:24+00:00\" \/>\n<meta property=\"og:image\" content=\"http:\/\/nuevodigitaldeescobar.com.ar\/wp-content\/uploads\/2026\/01\/Jovenes-en-EMPRESA-SEDE.jpeg\" \/>\n\t<meta property=\"og:image:width\" content=\"1600\" \/>\n\t<meta property=\"og:image:height\" content=\"1200\" \/>\n\t<meta property=\"og:image:type\" content=\"image\/jpeg\" \/>\n<meta name=\"author\" content=\"Redacci\u00f3n\" \/>\n<meta name=\"twitter:card\" content=\"summary_large_image\" \/>\n<meta name=\"twitter:creator\" content=\"@nuevodigescobar\" \/>\n<meta name=\"twitter:site\" content=\"@nuevodigescobar\" \/>\n<meta name=\"twitter:label1\" content=\"Escrito por\" \/>\n\t<meta name=\"twitter:data1\" content=\"Redacci\u00f3n\" \/>\n\t<meta name=\"twitter:label2\" content=\"Tiempo de lectura\" \/>\n\t<meta name=\"twitter:data2\" content=\"3 minutos\" \/>\n<script type=\"application\/ld+json\" class=\"yoast-schema-graph\">{\"@context\":\"https:\/\/schema.org\",\"@graph\":[{\"@type\":\"Article\",\"@id\":\"https:\/\/nuevodigitaldeescobar.com.ar\/?p=19669#article\",\"isPartOf\":{\"@id\":\"https:\/\/nuevodigitaldeescobar.com.ar\/?p=19669\"},\"author\":{\"name\":\"Redacci\u00f3n\",\"@id\":\"https:\/\/nuevodigitaldeescobar.com.ar\/#\/schema\/person\/035e90a8efe9a80e6eec22656ad6ea4c\"},\"headline\":\"Fundaci\u00f3n EMPUJAR abri\u00f3 la inscripci\u00f3n al programa TU EMPLEO con 50 becas gratuitas para j\u00f3venes de Escobar\",\"datePublished\":\"2026-01-21T11:54:47+00:00\",\"dateModified\":\"2026-01-21T12:05:24+00:00\",\"mainEntityOfPage\":{\"@id\":\"https:\/\/nuevodigitaldeescobar.com.ar\/?p=19669\"},\"wordCount\":447,\"commentCount\":0,\"publisher\":{\"@id\":\"https:\/\/nuevodigitaldeescobar.com.ar\/#organization\"},\"image\":{\"@id\":\"https:\/\/nuevodigitaldeescobar.com.ar\/?p=19669#primaryimage\"},\"thumbnailUrl\":\"https:\/\/nuevodigitaldeescobar.com.ar\/wp-content\/uploads\/2026\/01\/Jovenes-en-Capacitacion-ESCOBAR3.jpeg\",\"keywords\":[\"Empleos\",\"Fundaci\u00f3n Empujar\"],\"articleSection\":[\"Inter\u00e9s general\"],\"inLanguage\":\"es\",\"potentialAction\":[{\"@type\":\"CommentAction\",\"name\":\"Comment\",\"target\":[\"https:\/\/nuevodigitaldeescobar.com.ar\/?p=19669#respond\"]}]},{\"@type\":\"WebPage\",\"@id\":\"https:\/\/nuevodigitaldeescobar.com.ar\/?p=19669\",\"url\":\"https:\/\/nuevodigitaldeescobar.com.ar\/?p=19669\",\"name\":\"Fundaci\u00f3n EMPUJAR abri\u00f3 la inscripci\u00f3n al programa TU EMPLEO con 50 becas gratuitas para j\u00f3venes de Escobar - Nuevo Digital de Escobar\",\"isPartOf\":{\"@id\":\"https:\/\/nuevodigitaldeescobar.com.ar\/#website\"},\"primaryImageOfPage\":{\"@id\":\"https:\/\/nuevodigitaldeescobar.com.ar\/?p=19669#primaryimage\"},\"image\":{\"@id\":\"https:\/\/nuevodigitaldeescobar.com.ar\/?p=19669#primaryimage\"},\"thumbnailUrl\":\"https:\/\/nuevodigitaldeescobar.com.ar\/wp-content\/uploads\/2026\/01\/Jovenes-en-Capacitacion-ESCOBAR3.jpeg\",\"datePublished\":\"2026-01-21T11:54:47+00:00\",\"dateModified\":\"2026-01-21T12:05:24+00:00\",\"description\":\"La capacitaci\u00f3n busca brindar herramientas y acompa\u00f1amiento para facilitar la inserci\u00f3n en el mercado laboral formal, con impacto directo en el desarrollo profesional y personal de los participantes.\",\"breadcrumb\":{\"@id\":\"https:\/\/nuevodigitaldeescobar.com.ar\/?p=19669#breadcrumb\"},\"inLanguage\":\"es\",\"potentialAction\":[{\"@type\":\"ReadAction\",\"target\":[\"https:\/\/nuevodigitaldeescobar.com.ar\/?p=19669\"]}]},{\"@type\":\"ImageObject\",\"inLanguage\":\"es\",\"@id\":\"https:\/\/nuevodigitaldeescobar.com.ar\/?p=19669#primaryimage\",\"url\":\"https:\/\/nuevodigitaldeescobar.com.ar\/wp-content\/uploads\/2026\/01\/Jovenes-en-Capacitacion-ESCOBAR3.jpeg\",\"contentUrl\":\"https:\/\/nuevodigitaldeescobar.com.ar\/wp-content\/uploads\/2026\/01\/Jovenes-en-Capacitacion-ESCOBAR3.jpeg\",\"width\":1600,\"height\":1200},{\"@type\":\"BreadcrumbList\",\"@id\":\"https:\/\/nuevodigitaldeescobar.com.ar\/?p=19669#breadcrumb\",\"itemListElement\":[{\"@type\":\"ListItem\",\"position\":1,\"name\":\"Portada\",\"item\":\"https:\/\/nuevodigitaldeescobar.com.ar\/\"},{\"@type\":\"ListItem\",\"position\":2,\"name\":\"Fundaci\u00f3n EMPUJAR abri\u00f3 la inscripci\u00f3n al programa TU EMPLEO con 50 becas gratuitas para j\u00f3venes de Escobar\"}]},{\"@type\":\"WebSite\",\"@id\":\"https:\/\/nuevodigitaldeescobar.com.ar\/#website\",\"url\":\"https:\/\/nuevodigitaldeescobar.com.ar\/\",\"name\":\"Nuevo Digital de Escobar\",\"description\":\"La vida escobarense. Directora: Rosana Brunner\",\"publisher\":{\"@id\":\"https:\/\/nuevodigitaldeescobar.com.ar\/#organization\"},\"potentialAction\":[{\"@type\":\"SearchAction\",\"target\":{\"@type\":\"EntryPoint\",\"urlTemplate\":\"https:\/\/nuevodigitaldeescobar.com.ar\/?s={search_term_string}\"},\"query-input\":{\"@type\":\"PropertyValueSpecification\",\"valueRequired\":true,\"valueName\":\"search_term_string\"}}],\"inLanguage\":\"es\"},{\"@type\":\"Organization\",\"@id\":\"https:\/\/nuevodigitaldeescobar.com.ar\/#organization\",\"name\":\"Nuevo Digital de Escobar\",\"url\":\"https:\/\/nuevodigitaldeescobar.com.ar\/\",\"logo\":{\"@type\":\"ImageObject\",\"inLanguage\":\"es\",\"@id\":\"https:\/\/nuevodigitaldeescobar.com.ar\/#\/schema\/logo\/image\/\",\"url\":\"https:\/\/nuevodigitaldeescobar.com.ar\/wp-content\/uploads\/2025\/05\/cropped-logo-nuevo2.jpg\",\"contentUrl\":\"https:\/\/nuevodigitaldeescobar.com.ar\/wp-content\/uploads\/2025\/05\/cropped-logo-nuevo2.jpg\",\"width\":305,\"height\":305,\"caption\":\"Nuevo Digital de Escobar\"},\"image\":{\"@id\":\"https:\/\/nuevodigitaldeescobar.com.ar\/#\/schema\/logo\/image\/\"},\"sameAs\":[\"https:\/\/www.facebook.com\/NUEVODigitalDeEscobar\",\"https:\/\/x.com\/nuevodigescobar\",\"https:\/\/www.instagram.com\/nuevodigitaldeescobar\"]},{\"@type\":\"Person\",\"@id\":\"https:\/\/nuevodigitaldeescobar.com.ar\/#\/schema\/person\/035e90a8efe9a80e6eec22656ad6ea4c\",\"name\":\"Redacci\u00f3n\",\"image\":{\"@type\":\"ImageObject\",\"inLanguage\":\"es\",\"@id\":\"https:\/\/nuevodigitaldeescobar.com.ar\/#\/schema\/person\/image\/\",\"url\":\"https:\/\/secure.gravatar.com\/avatar\/8af8f40000c24e9eef3034f2be5998a372bb1389e64b1a4a36b3a7979142220d?s=96&d=mm&r=g\",\"contentUrl\":\"https:\/\/secure.gravatar.com\/avatar\/8af8f40000c24e9eef3034f2be5998a372bb1389e64b1a4a36b3a7979142220d?s=96&d=mm&r=g\",\"caption\":\"Redacci\u00f3n\"},\"sameAs\":[\"http:\/\/nuevodigitaldeescobar.com.ar\"],\"url\":\"https:\/\/nuevodigitaldeescobar.com.ar\/?author=1\"}]}<\/script>\n<!-- \/ Yoast SEO plugin. -->","yoast_head_json":{"title":"Fundaci\u00f3n EMPUJAR abri\u00f3 la inscripci\u00f3n al programa TU EMPLEO con 50 becas gratuitas para j\u00f3venes de Escobar - Nuevo Digital de Escobar","description":"La capacitaci\u00f3n busca brindar herramientas y acompa\u00f1amiento para facilitar la inserci\u00f3n en el mercado laboral formal, con impacto directo en el desarrollo profesional y personal de los participantes.","robots":{"index":"index","follow":"follow","max-snippet":"max-snippet:-1","max-image-preview":"max-image-preview:large","max-video-preview":"max-video-preview:-1"},"canonical":"https:\/\/nuevodigitaldeescobar.com.ar\/?p=19669","og_locale":"es_ES","og_type":"article","og_title":"Fundaci\u00f3n EMPUJAR abri\u00f3 la inscripci\u00f3n al programa TU EMPLEO con 50 becas gratuitas para j\u00f3venes de Escobar","og_description":"La capacitaci\u00f3n busca brindar herramientas y acompa\u00f1amiento para facilitar la inserci\u00f3n en el mercado laboral formal, con impacto directo en el desarrollo profesional y personal de los participantes.","og_url":"https:\/\/nuevodigitaldeescobar.com.ar\/?p=19669","og_site_name":"Nuevo Digital de Escobar","article_publisher":"https:\/\/www.facebook.com\/NUEVODigitalDeEscobar","article_published_time":"2026-01-21T11:54:47+00:00","article_modified_time":"2026-01-21T12:05:24+00:00","og_image":[{"width":1600,"height":1200,"url":"http:\/\/nuevodigitaldeescobar.com.ar\/wp-content\/uploads\/2026\/01\/Jovenes-en-EMPRESA-SEDE.jpeg","type":"image\/jpeg"}],"author":"Redacci\u00f3n","twitter_card":"summary_large_image","twitter_creator":"@nuevodigescobar","twitter_site":"@nuevodigescobar","twitter_misc":{"Escrito por":"Redacci\u00f3n","Tiempo de lectura":"3 minutos"},"schema":{"@context":"https:\/\/schema.org","@graph":[{"@type":"Article","@id":"https:\/\/nuevodigitaldeescobar.com.ar\/?p=19669#article","isPartOf":{"@id":"https:\/\/nuevodigitaldeescobar.com.ar\/?p=19669"},"author":{"name":"Redacci\u00f3n","@id":"https:\/\/nuevodigitaldeescobar.com.ar\/#\/schema\/person\/035e90a8efe9a80e6eec22656ad6ea4c"},"headline":"Fundaci\u00f3n EMPUJAR abri\u00f3 la inscripci\u00f3n al programa TU EMPLEO con 50 becas gratuitas para j\u00f3venes de Escobar","datePublished":"2026-01-21T11:54:47+00:00","dateModified":"2026-01-21T12:05:24+00:00","mainEntityOfPage":{"@id":"https:\/\/nuevodigitaldeescobar.com.ar\/?p=19669"},"wordCount":447,"commentCount":0,"publisher":{"@id":"https:\/\/nuevodigitaldeescobar.com.ar\/#organization"},"image":{"@id":"https:\/\/nuevodigitaldeescobar.com.ar\/?p=19669#primaryimage"},"thumbnailUrl":"https:\/\/nuevodigitaldeescobar.com.ar\/wp-content\/uploads\/2026\/01\/Jovenes-en-Capacitacion-ESCOBAR3.jpeg","keywords":["Empleos","Fundaci\u00f3n Empujar"],"articleSection":["Inter\u00e9s general"],"inLanguage":"es","potentialAction":[{"@type":"CommentAction","name":"Comment","target":["https:\/\/nuevodigitaldeescobar.com.ar\/?p=19669#respond"]}]},{"@type":"WebPage","@id":"https:\/\/nuevodigitaldeescobar.com.ar\/?p=19669","url":"https:\/\/nuevodigitaldeescobar.com.ar\/?p=19669","name":"Fundaci\u00f3n EMPUJAR abri\u00f3 la inscripci\u00f3n al programa TU EMPLEO con 50 becas gratuitas para j\u00f3venes de Escobar - Nuevo Digital de Escobar","isPartOf":{"@id":"https:\/\/nuevodigitaldeescobar.com.ar\/#website"},"primaryImageOfPage":{"@id":"https:\/\/nuevodigitaldeescobar.com.ar\/?p=19669#primaryimage"},"image":{"@id":"https:\/\/nuevodigitaldeescobar.com.ar\/?p=19669#primaryimage"},"thumbnailUrl":"https:\/\/nuevodigitaldeescobar.com.ar\/wp-content\/uploads\/2026\/01\/Jovenes-en-Capacitacion-ESCOBAR3.jpeg","datePublished":"2026-01-21T11:54:47+00:00","dateModified":"2026-01-21T12:05:24+00:00","description":"La capacitaci\u00f3n busca brindar herramientas y acompa\u00f1amiento para facilitar la inserci\u00f3n en el mercado laboral formal, con impacto directo en el desarrollo profesional y personal de los participantes.","breadcrumb":{"@id":"https:\/\/nuevodigitaldeescobar.com.ar\/?p=19669#breadcrumb"},"inLanguage":"es","potentialAction":[{"@type":"ReadAction","target":["https:\/\/nuevodigitaldeescobar.com.ar\/?p=19669"]}]},{"@type":"ImageObject","inLanguage":"es","@id":"https:\/\/nuevodigitaldeescobar.com.ar\/?p=19669#primaryimage","url":"https:\/\/nuevodigitaldeescobar.com.ar\/wp-content\/uploads\/2026\/01\/Jovenes-en-Capacitacion-ESCOBAR3.jpeg","contentUrl":"https:\/\/nuevodigitaldeescobar.com.ar\/wp-content\/uploads\/2026\/01\/Jovenes-en-Capacitacion-ESCOBAR3.jpeg","width":1600,"height":1200},{"@type":"BreadcrumbList","@id":"https:\/\/nuevodigitaldeescobar.com.ar\/?p=19669#breadcrumb","itemListElement":[{"@type":"ListItem","position":1,"name":"Portada","item":"https:\/\/nuevodigitaldeescobar.com.ar\/"},{"@type":"ListItem","position":2,"name":"Fundaci\u00f3n EMPUJAR abri\u00f3 la inscripci\u00f3n al programa TU EMPLEO con 50 becas gratuitas para j\u00f3venes de Escobar"}]},{"@type":"WebSite","@id":"https:\/\/nuevodigitaldeescobar.com.ar\/#website","url":"https:\/\/nuevodigitaldeescobar.com.ar\/","name":"Nuevo Digital de Escobar","description":"La vida escobarense. Directora: Rosana Brunner","publisher":{"@id":"https:\/\/nuevodigitaldeescobar.com.ar\/#organization"},"potentialAction":[{"@type":"SearchAction","target":{"@type":"EntryPoint","urlTemplate":"https:\/\/nuevodigitaldeescobar.com.ar\/?s={search_term_string}"},"query-input":{"@type":"PropertyValueSpecification","valueRequired":true,"valueName":"search_term_string"}}],"inLanguage":"es"},{"@type":"Organization","@id":"https:\/\/nuevodigitaldeescobar.com.ar\/#organization","name":"Nuevo Digital de Escobar","url":"https:\/\/nuevodigitaldeescobar.com.ar\/","logo":{"@type":"ImageObject","inLanguage":"es","@id":"https:\/\/nuevodigitaldeescobar.com.ar\/#\/schema\/logo\/image\/","url":"https:\/\/nuevodigitaldeescobar.com.ar\/wp-content\/uploads\/2025\/05\/cropped-logo-nuevo2.jpg","contentUrl":"https:\/\/nuevodigitaldeescobar.com.ar\/wp-content\/uploads\/2025\/05\/cropped-logo-nuevo2.jpg","width":305,"height":305,"caption":"Nuevo Digital de Escobar"},"image":{"@id":"https:\/\/nuevodigitaldeescobar.com.ar\/#\/schema\/logo\/image\/"},"sameAs":["https:\/\/www.facebook.com\/NUEVODigitalDeEscobar","https:\/\/x.com\/nuevodigescobar","https:\/\/www.instagram.com\/nuevodigitaldeescobar"]},{"@type":"Person","@id":"https:\/\/nuevodigitaldeescobar.com.ar\/#\/schema\/person\/035e90a8efe9a80e6eec22656ad6ea4c","name":"Redacci\u00f3n","image":{"@type":"ImageObject","inLanguage":"es","@id":"https:\/\/nuevodigitaldeescobar.com.ar\/#\/schema\/person\/image\/","url":"https:\/\/secure.gravatar.com\/avatar\/8af8f40000c24e9eef3034f2be5998a372bb1389e64b1a4a36b3a7979142220d?s=96&d=mm&r=g","contentUrl":"https:\/\/secure.gravatar.com\/avatar\/8af8f40000c24e9eef3034f2be5998a372bb1389e64b1a4a36b3a7979142220d?s=96&d=mm&r=g","caption":"Redacci\u00f3n"},"sameAs":["http:\/\/nuevodigitaldeescobar.com.ar"],"url":"https:\/\/nuevodigitaldeescobar.com.ar\/?author=1"}]}},"featured_image_urls":{"full":["https:\/\/nuevodigitaldeescobar.com.ar\/wp-content\/uploads\/2026\/01\/Jovenes-en-Capacitacion-ESCOBAR3.jpeg",1600,1200,false],"thumbnail":["https:\/\/nuevodigitaldeescobar.com.ar\/wp-content\/uploads\/2026\/01\/Jovenes-en-Capacitacion-ESCOBAR3-150x150.jpeg",150,150,true],"medium":["https:\/\/nuevodigitaldeescobar.com.ar\/wp-content\/uploads\/2026\/01\/Jovenes-en-Capacitacion-ESCOBAR3-300x225.jpeg",300,225,true],"medium_large":["https:\/\/nuevodigitaldeescobar.com.ar\/wp-content\/uploads\/2026\/01\/Jovenes-en-Capacitacion-ESCOBAR3-768x576.jpeg",640,480,true],"large":["https:\/\/nuevodigitaldeescobar.com.ar\/wp-content\/uploads\/2026\/01\/Jovenes-en-Capacitacion-ESCOBAR3-1024x768.jpeg",640,480,true],"1536x1536":["https:\/\/nuevodigitaldeescobar.com.ar\/wp-content\/uploads\/2026\/01\/Jovenes-en-Capacitacion-ESCOBAR3-1536x1152.jpeg",1536,1152,true],"2048x2048":["https:\/\/nuevodigitaldeescobar.com.ar\/wp-content\/uploads\/2026\/01\/Jovenes-en-Capacitacion-ESCOBAR3.jpeg",1600,1200,false]},"author_info":{"display_name":"Redacci\u00f3n","author_link":"https:\/\/nuevodigitaldeescobar.com.ar\/?author=1"},"category_info":"<a href=\"https:\/\/nuevodigitaldeescobar.com.ar\/?cat=7\" rel=\"category\">Inter\u00e9s general<\/a>","tag_info":"Inter\u00e9s general","comment_count":"0","_links":{"self":[{"href":"https:\/\/nuevodigitaldeescobar.com.ar\/index.php?rest_route=\/wp\/v2\/posts\/19669","targetHints":{"allow":["GET"]}}],"collection":[{"href":"https:\/\/nuevodigitaldeescobar.com.ar\/index.php?rest_route=\/wp\/v2\/posts"}],"about":[{"href":"https:\/\/nuevodigitaldeescobar.com.ar\/index.php?rest_route=\/wp\/v2\/types\/post"}],"author":[{"embeddable":true,"href":"https:\/\/nuevodigitaldeescobar.com.ar\/index.php?rest_route=\/wp\/v2\/users\/1"}],"replies":[{"embeddable":true,"href":"https:\/\/nuevodigitaldeescobar.com.ar\/index.php?rest_route=%2Fwp%2Fv2%2Fcomments&post=19669"}],"version-history":[{"count":3,"href":"https:\/\/nuevodigitaldeescobar.com.ar\/index.php?rest_route=\/wp\/v2\/posts\/19669\/revisions"}],"predecessor-version":[{"id":19676,"href":"https:\/\/nuevodigitaldeescobar.com.ar\/index.php?rest_route=\/wp\/v2\/posts\/19669\/revisions\/19676"}],"wp:featuredmedia":[{"embeddable":true,"href":"https:\/\/nuevodigitaldeescobar.com.ar\/index.php?rest_route=\/wp\/v2\/media\/19671"}],"wp:attachment":[{"href":"https:\/\/nuevodigitaldeescobar.com.ar\/index.php?rest_route=%2Fwp%2Fv2%2Fmedia&parent=19669"}],"wp:term":[{"taxonomy":"category","embeddable":true,"href":"https:\/\/nuevodigitaldeescobar.com.ar\/index.php?rest_route=%2Fwp%2Fv2%2Fcategories&post=19669"},{"taxonomy":"post_tag","embeddable":true,"href":"https:\/\/nuevodigitaldeescobar.com.ar\/index.php?rest_route=%2Fwp%2Fv2%2Ftags&post=19669"}],"curies":[{"name":"wp","href":"https:\/\/api.w.org\/{rel}","templated":true}]}}