{"id":19684,"date":"2026-01-21T09:45:03","date_gmt":"2026-01-21T12:45:03","guid":{"rendered":"https:\/\/nuevodigitaldeescobar.com.ar\/?p=19684"},"modified":"2026-01-21T09:47:55","modified_gmt":"2026-01-21T12:47:55","slug":"la-policia-municipal-evito-una-tragedia-al-rescatar-a-un-hombre-que-se-prendio-fuego-dentro-de-su-auto","status":"publish","type":"post","link":"https:\/\/nuevodigitaldeescobar.com.ar\/?p=19684","title":{"rendered":"La Polic\u00eda Municipal evit\u00f3 una tragedia al rescatar a un hombre que se prendi\u00f3 fuego dentro de su auto"},"content":{"rendered":"\n<p>Un dram\u00e1tico episodio se registr\u00f3 este martes por la ma\u00f1ana en el centro de Escobar, donde efectivos de la Polic\u00eda Municipal lograron salvarle la vida a un hombre que se hab\u00eda prendido fuego dentro de su veh\u00edculo, tras una discusi\u00f3n con su pareja.<\/p>\n\n\n\n<!--more-->\n\n\n\n<p>El hecho ocurri\u00f3 alrededor de las 6:25 en la avenida San Mart\u00edn al 2700. Seg\u00fan informaron fuentes oficiales, a trav\u00e9s de un aviso radial se alert\u00f3 sobre una situaci\u00f3n de conflicto en la v\u00eda p\u00fablica. <\/p>\n\n\n\n<p>Al llegar al lugar, los agentes encontraron a una pareja que hab\u00eda mantenido una fuerte discusi\u00f3n. En ese contexto, el hombre se subi\u00f3 a su autom\u00f3vil con intenciones de retirarse, pero minutos despu\u00e9s se incendi\u00f3 dentro del rodado por motivos que a\u00fan se investigan.<\/p>\n\n\n\n<p>Ante la gravedad de la escena, el personal municipal intervino de inmediato utilizando un matafuegos del m\u00f3vil para sofocar las llamas, logrando rescatar al conductor y evitar un desenlace fatal.<\/p>\n\n\n\n<p>De manera simult\u00e1nea se convoc\u00f3 a los servicios de emergencia. En el lugar trabajaron Bomberos Voluntarios, Defensa Civil y personal del SAME, quienes brindaron asistencia m\u00e9dica y trasladaron tanto al hombre como a la mujer al Hospital Erill para una mejor atenci\u00f3n.<\/p>\n\n\n\n<p>El episodio gener\u00f3 conmoci\u00f3n entre los vecinos que se encontraban en la zona a esa hora, y vuelve a poner en foco la importancia de la r\u00e1pida intervenci\u00f3n de los equipos de emergencia ante situaciones extremas.<\/p>\n","protected":false},"excerpt":{"rendered":"<p>Un dram\u00e1tico episodio se registr\u00f3 este martes por la ma\u00f1ana en el centro de Escobar, donde efectivos de la Polic\u00eda Municipal lograron salvarle la vida [&hellip;]<\/p>\n","protected":false},"author":1,"featured_media":19685,"comment_status":"open","ping_status":"open","sticky":false,"template":"","format":"standard","meta":{"footnotes":""},"categories":[13],"tags":[22],"class_list":["post-19684","post","type-post","status-publish","format-standard","has-post-thumbnail","hentry","category-policiales","tag-incendio"],"better_featured_image":{"id":19685,"alt_text":"","caption":"","description":"","media_type":"image","media_details":{"width":1080,"height":1080,"file":"2026\/01\/FB_IMG_1768999316267.jpg","filesize":215816,"sizes":{"medium":{"file":"FB_IMG_1768999316267-300x300.jpg","width":300,"height":300,"mime-type":"image\/jpeg","filesize":22741,"source_url":"https:\/\/nuevodigitaldeescobar.com.ar\/wp-content\/uploads\/2026\/01\/FB_IMG_1768999316267-300x300.jpg"},"large":{"file":"FB_IMG_1768999316267-1024x1024.jpg","width":1024,"height":1024,"mime-type":"image\/jpeg","filesize":196046,"source_url":"https:\/\/nuevodigitaldeescobar.com.ar\/wp-content\/uploads\/2026\/01\/FB_IMG_1768999316267-1024x1024.jpg"},"thumbnail":{"file":"FB_IMG_1768999316267-150x150.jpg","width":150,"height":150,"mime-type":"image\/jpeg","filesize":6829,"source_url":"https:\/\/nuevodigitaldeescobar.com.ar\/wp-content\/uploads\/2026\/01\/FB_IMG_1768999316267-150x150.jpg"},"medium_large":{"file":"FB_IMG_1768999316267-768x768.jpg","width":768,"height":768,"mime-type":"image\/jpeg","filesize":122588,"source_url":"https:\/\/nuevodigitaldeescobar.com.ar\/wp-content\/uploads\/2026\/01\/FB_IMG_1768999316267-768x768.jpg"}},"image_meta":{"aperture":"0","credit":"","camera":"","caption":"","created_timestamp":"0","copyright":"","focal_length":"0","iso":"0","shutter_speed":"0","title":"","orientation":"0","keywords":[]}},"post":19684,"source_url":"https:\/\/nuevodigitaldeescobar.com.ar\/wp-content\/uploads\/2026\/01\/FB_IMG_1768999316267.jpg"},"yoast_head":"<!-- This site is optimized with the Yoast SEO plugin v26.1.1 - https:\/\/yoast.com\/wordpress\/plugins\/seo\/ -->\n<title>La Polic\u00eda Municipal evit\u00f3 una tragedia al rescatar a un hombre que se prendi\u00f3 fuego dentro de su auto - Nuevo Digital de Escobar<\/title>\n<meta name=\"description\" content=\"Ante la gravedad de la escena, el personal municipal intervino de inmediato utilizando un matafuegos del m\u00f3vil para sofocar las llamas, logrando rescatar al conductor y evitar un desenlace fatal.\" \/>\n<meta name=\"robots\" content=\"index, follow, max-snippet:-1, max-image-preview:large, max-video-preview:-1\" \/>\n<link rel=\"canonical\" href=\"https:\/\/nuevodigitaldeescobar.com.ar\/?p=19684\" \/>\n<meta property=\"og:locale\" content=\"es_ES\" \/>\n<meta property=\"og:type\" content=\"article\" \/>\n<meta property=\"og:title\" content=\"La Polic\u00eda Municipal evit\u00f3 una tragedia al rescatar a un hombre que se prendi\u00f3 fuego dentro de su auto\" \/>\n<meta property=\"og:description\" content=\"Ante la gravedad de la escena, el personal municipal intervino de inmediato utilizando un matafuegos del m\u00f3vil para sofocar las llamas, logrando rescatar al conductor y evitar un desenlace fatal.\" \/>\n<meta property=\"og:url\" content=\"https:\/\/nuevodigitaldeescobar.com.ar\/?p=19684\" \/>\n<meta property=\"og:site_name\" content=\"Nuevo Digital de Escobar\" \/>\n<meta property=\"article:publisher\" content=\"https:\/\/www.facebook.com\/NUEVODigitalDeEscobar\" \/>\n<meta property=\"article:published_time\" content=\"2026-01-21T12:45:03+00:00\" \/>\n<meta property=\"article:modified_time\" content=\"2026-01-21T12:47:55+00:00\" \/>\n<meta property=\"og:image\" content=\"http:\/\/nuevodigitaldeescobar.com.ar\/wp-content\/uploads\/2026\/01\/FB_IMG_1768999316267.jpg\" \/>\n\t<meta property=\"og:image:width\" content=\"1080\" \/>\n\t<meta property=\"og:image:height\" content=\"1080\" \/>\n\t<meta property=\"og:image:type\" content=\"image\/jpeg\" \/>\n<meta name=\"author\" content=\"Redacci\u00f3n\" \/>\n<meta name=\"twitter:card\" content=\"summary_large_image\" \/>\n<meta name=\"twitter:creator\" content=\"@nuevodigescobar\" \/>\n<meta name=\"twitter:site\" content=\"@nuevodigescobar\" \/>\n<meta name=\"twitter:label1\" content=\"Escrito por\" \/>\n\t<meta name=\"twitter:data1\" content=\"Redacci\u00f3n\" \/>\n\t<meta name=\"twitter:label2\" content=\"Tiempo de lectura\" \/>\n\t<meta name=\"twitter:data2\" content=\"2 minutos\" \/>\n<script type=\"application\/ld+json\" class=\"yoast-schema-graph\">{\"@context\":\"https:\/\/schema.org\",\"@graph\":[{\"@type\":\"Article\",\"@id\":\"https:\/\/nuevodigitaldeescobar.com.ar\/?p=19684#article\",\"isPartOf\":{\"@id\":\"https:\/\/nuevodigitaldeescobar.com.ar\/?p=19684\"},\"author\":{\"name\":\"Redacci\u00f3n\",\"@id\":\"https:\/\/nuevodigitaldeescobar.com.ar\/#\/schema\/person\/035e90a8efe9a80e6eec22656ad6ea4c\"},\"headline\":\"La Polic\u00eda Municipal evit\u00f3 una tragedia al rescatar a un hombre que se prendi\u00f3 fuego dentro de su auto\",\"datePublished\":\"2026-01-21T12:45:03+00:00\",\"dateModified\":\"2026-01-21T12:47:55+00:00\",\"mainEntityOfPage\":{\"@id\":\"https:\/\/nuevodigitaldeescobar.com.ar\/?p=19684\"},\"wordCount\":272,\"commentCount\":0,\"publisher\":{\"@id\":\"https:\/\/nuevodigitaldeescobar.com.ar\/#organization\"},\"image\":{\"@id\":\"https:\/\/nuevodigitaldeescobar.com.ar\/?p=19684#primaryimage\"},\"thumbnailUrl\":\"https:\/\/nuevodigitaldeescobar.com.ar\/wp-content\/uploads\/2026\/01\/FB_IMG_1768999316267.jpg\",\"keywords\":[\"incendio\"],\"articleSection\":[\"Policiales\"],\"inLanguage\":\"es\",\"potentialAction\":[{\"@type\":\"CommentAction\",\"name\":\"Comment\",\"target\":[\"https:\/\/nuevodigitaldeescobar.com.ar\/?p=19684#respond\"]}]},{\"@type\":\"WebPage\",\"@id\":\"https:\/\/nuevodigitaldeescobar.com.ar\/?p=19684\",\"url\":\"https:\/\/nuevodigitaldeescobar.com.ar\/?p=19684\",\"name\":\"La Polic\u00eda Municipal evit\u00f3 una tragedia al rescatar a un hombre que se prendi\u00f3 fuego dentro de su auto - Nuevo Digital de Escobar\",\"isPartOf\":{\"@id\":\"https:\/\/nuevodigitaldeescobar.com.ar\/#website\"},\"primaryImageOfPage\":{\"@id\":\"https:\/\/nuevodigitaldeescobar.com.ar\/?p=19684#primaryimage\"},\"image\":{\"@id\":\"https:\/\/nuevodigitaldeescobar.com.ar\/?p=19684#primaryimage\"},\"thumbnailUrl\":\"https:\/\/nuevodigitaldeescobar.com.ar\/wp-content\/uploads\/2026\/01\/FB_IMG_1768999316267.jpg\",\"datePublished\":\"2026-01-21T12:45:03+00:00\",\"dateModified\":\"2026-01-21T12:47:55+00:00\",\"description\":\"Ante la gravedad de la escena, el personal municipal intervino de inmediato utilizando un matafuegos del m\u00f3vil para sofocar las llamas, logrando rescatar al conductor y evitar un desenlace fatal.\",\"breadcrumb\":{\"@id\":\"https:\/\/nuevodigitaldeescobar.com.ar\/?p=19684#breadcrumb\"},\"inLanguage\":\"es\",\"potentialAction\":[{\"@type\":\"ReadAction\",\"target\":[\"https:\/\/nuevodigitaldeescobar.com.ar\/?p=19684\"]}]},{\"@type\":\"ImageObject\",\"inLanguage\":\"es\",\"@id\":\"https:\/\/nuevodigitaldeescobar.com.ar\/?p=19684#primaryimage\",\"url\":\"https:\/\/nuevodigitaldeescobar.com.ar\/wp-content\/uploads\/2026\/01\/FB_IMG_1768999316267.jpg\",\"contentUrl\":\"https:\/\/nuevodigitaldeescobar.com.ar\/wp-content\/uploads\/2026\/01\/FB_IMG_1768999316267.jpg\",\"width\":1080,\"height\":1080},{\"@type\":\"BreadcrumbList\",\"@id\":\"https:\/\/nuevodigitaldeescobar.com.ar\/?p=19684#breadcrumb\",\"itemListElement\":[{\"@type\":\"ListItem\",\"position\":1,\"name\":\"Portada\",\"item\":\"https:\/\/nuevodigitaldeescobar.com.ar\/\"},{\"@type\":\"ListItem\",\"position\":2,\"name\":\"La Polic\u00eda Municipal evit\u00f3 una tragedia al rescatar a un hombre que se prendi\u00f3 fuego dentro de su auto\"}]},{\"@type\":\"WebSite\",\"@id\":\"https:\/\/nuevodigitaldeescobar.com.ar\/#website\",\"url\":\"https:\/\/nuevodigitaldeescobar.com.ar\/\",\"name\":\"Nuevo Digital de Escobar\",\"description\":\"La vida escobarense. Directora: Rosana Brunner\",\"publisher\":{\"@id\":\"https:\/\/nuevodigitaldeescobar.com.ar\/#organization\"},\"potentialAction\":[{\"@type\":\"SearchAction\",\"target\":{\"@type\":\"EntryPoint\",\"urlTemplate\":\"https:\/\/nuevodigitaldeescobar.com.ar\/?s={search_term_string}\"},\"query-input\":{\"@type\":\"PropertyValueSpecification\",\"valueRequired\":true,\"valueName\":\"search_term_string\"}}],\"inLanguage\":\"es\"},{\"@type\":\"Organization\",\"@id\":\"https:\/\/nuevodigitaldeescobar.com.ar\/#organization\",\"name\":\"Nuevo Digital de Escobar\",\"url\":\"https:\/\/nuevodigitaldeescobar.com.ar\/\",\"logo\":{\"@type\":\"ImageObject\",\"inLanguage\":\"es\",\"@id\":\"https:\/\/nuevodigitaldeescobar.com.ar\/#\/schema\/logo\/image\/\",\"url\":\"https:\/\/nuevodigitaldeescobar.com.ar\/wp-content\/uploads\/2025\/05\/cropped-logo-nuevo2.jpg\",\"contentUrl\":\"https:\/\/nuevodigitaldeescobar.com.ar\/wp-content\/uploads\/2025\/05\/cropped-logo-nuevo2.jpg\",\"width\":305,\"height\":305,\"caption\":\"Nuevo Digital de Escobar\"},\"image\":{\"@id\":\"https:\/\/nuevodigitaldeescobar.com.ar\/#\/schema\/logo\/image\/\"},\"sameAs\":[\"https:\/\/www.facebook.com\/NUEVODigitalDeEscobar\",\"https:\/\/x.com\/nuevodigescobar\",\"https:\/\/www.instagram.com\/nuevodigitaldeescobar\"]},{\"@type\":\"Person\",\"@id\":\"https:\/\/nuevodigitaldeescobar.com.ar\/#\/schema\/person\/035e90a8efe9a80e6eec22656ad6ea4c\",\"name\":\"Redacci\u00f3n\",\"image\":{\"@type\":\"ImageObject\",\"inLanguage\":\"es\",\"@id\":\"https:\/\/nuevodigitaldeescobar.com.ar\/#\/schema\/person\/image\/\",\"url\":\"https:\/\/secure.gravatar.com\/avatar\/8af8f40000c24e9eef3034f2be5998a372bb1389e64b1a4a36b3a7979142220d?s=96&d=mm&r=g\",\"contentUrl\":\"https:\/\/secure.gravatar.com\/avatar\/8af8f40000c24e9eef3034f2be5998a372bb1389e64b1a4a36b3a7979142220d?s=96&d=mm&r=g\",\"caption\":\"Redacci\u00f3n\"},\"sameAs\":[\"http:\/\/nuevodigitaldeescobar.com.ar\"],\"url\":\"https:\/\/nuevodigitaldeescobar.com.ar\/?author=1\"}]}<\/script>\n<!-- \/ Yoast SEO plugin. -->","yoast_head_json":{"title":"La Polic\u00eda Municipal evit\u00f3 una tragedia al rescatar a un hombre que se prendi\u00f3 fuego dentro de su auto - Nuevo Digital de Escobar","description":"Ante la gravedad de la escena, el personal municipal intervino de inmediato utilizando un matafuegos del m\u00f3vil para sofocar las llamas, logrando rescatar al conductor y evitar un desenlace fatal.","robots":{"index":"index","follow":"follow","max-snippet":"max-snippet:-1","max-image-preview":"max-image-preview:large","max-video-preview":"max-video-preview:-1"},"canonical":"https:\/\/nuevodigitaldeescobar.com.ar\/?p=19684","og_locale":"es_ES","og_type":"article","og_title":"La Polic\u00eda Municipal evit\u00f3 una tragedia al rescatar a un hombre que se prendi\u00f3 fuego dentro de su auto","og_description":"Ante la gravedad de la escena, el personal municipal intervino de inmediato utilizando un matafuegos del m\u00f3vil para sofocar las llamas, logrando rescatar al conductor y evitar un desenlace fatal.","og_url":"https:\/\/nuevodigitaldeescobar.com.ar\/?p=19684","og_site_name":"Nuevo Digital de Escobar","article_publisher":"https:\/\/www.facebook.com\/NUEVODigitalDeEscobar","article_published_time":"2026-01-21T12:45:03+00:00","article_modified_time":"2026-01-21T12:47:55+00:00","og_image":[{"width":1080,"height":1080,"url":"http:\/\/nuevodigitaldeescobar.com.ar\/wp-content\/uploads\/2026\/01\/FB_IMG_1768999316267.jpg","type":"image\/jpeg"}],"author":"Redacci\u00f3n","twitter_card":"summary_large_image","twitter_creator":"@nuevodigescobar","twitter_site":"@nuevodigescobar","twitter_misc":{"Escrito por":"Redacci\u00f3n","Tiempo de lectura":"2 minutos"},"schema":{"@context":"https:\/\/schema.org","@graph":[{"@type":"Article","@id":"https:\/\/nuevodigitaldeescobar.com.ar\/?p=19684#article","isPartOf":{"@id":"https:\/\/nuevodigitaldeescobar.com.ar\/?p=19684"},"author":{"name":"Redacci\u00f3n","@id":"https:\/\/nuevodigitaldeescobar.com.ar\/#\/schema\/person\/035e90a8efe9a80e6eec22656ad6ea4c"},"headline":"La Polic\u00eda Municipal evit\u00f3 una tragedia al rescatar a un hombre que se prendi\u00f3 fuego dentro de su auto","datePublished":"2026-01-21T12:45:03+00:00","dateModified":"2026-01-21T12:47:55+00:00","mainEntityOfPage":{"@id":"https:\/\/nuevodigitaldeescobar.com.ar\/?p=19684"},"wordCount":272,"commentCount":0,"publisher":{"@id":"https:\/\/nuevodigitaldeescobar.com.ar\/#organization"},"image":{"@id":"https:\/\/nuevodigitaldeescobar.com.ar\/?p=19684#primaryimage"},"thumbnailUrl":"https:\/\/nuevodigitaldeescobar.com.ar\/wp-content\/uploads\/2026\/01\/FB_IMG_1768999316267.jpg","keywords":["incendio"],"articleSection":["Policiales"],"inLanguage":"es","potentialAction":[{"@type":"CommentAction","name":"Comment","target":["https:\/\/nuevodigitaldeescobar.com.ar\/?p=19684#respond"]}]},{"@type":"WebPage","@id":"https:\/\/nuevodigitaldeescobar.com.ar\/?p=19684","url":"https:\/\/nuevodigitaldeescobar.com.ar\/?p=19684","name":"La Polic\u00eda Municipal evit\u00f3 una tragedia al rescatar a un hombre que se prendi\u00f3 fuego dentro de su auto - Nuevo Digital de Escobar","isPartOf":{"@id":"https:\/\/nuevodigitaldeescobar.com.ar\/#website"},"primaryImageOfPage":{"@id":"https:\/\/nuevodigitaldeescobar.com.ar\/?p=19684#primaryimage"},"image":{"@id":"https:\/\/nuevodigitaldeescobar.com.ar\/?p=19684#primaryimage"},"thumbnailUrl":"https:\/\/nuevodigitaldeescobar.com.ar\/wp-content\/uploads\/2026\/01\/FB_IMG_1768999316267.jpg","datePublished":"2026-01-21T12:45:03+00:00","dateModified":"2026-01-21T12:47:55+00:00","description":"Ante la gravedad de la escena, el personal municipal intervino de inmediato utilizando un matafuegos del m\u00f3vil para sofocar las llamas, logrando rescatar al conductor y evitar un desenlace fatal.","breadcrumb":{"@id":"https:\/\/nuevodigitaldeescobar.com.ar\/?p=19684#breadcrumb"},"inLanguage":"es","potentialAction":[{"@type":"ReadAction","target":["https:\/\/nuevodigitaldeescobar.com.ar\/?p=19684"]}]},{"@type":"ImageObject","inLanguage":"es","@id":"https:\/\/nuevodigitaldeescobar.com.ar\/?p=19684#primaryimage","url":"https:\/\/nuevodigitaldeescobar.com.ar\/wp-content\/uploads\/2026\/01\/FB_IMG_1768999316267.jpg","contentUrl":"https:\/\/nuevodigitaldeescobar.com.ar\/wp-content\/uploads\/2026\/01\/FB_IMG_1768999316267.jpg","width":1080,"height":1080},{"@type":"BreadcrumbList","@id":"https:\/\/nuevodigitaldeescobar.com.ar\/?p=19684#breadcrumb","itemListElement":[{"@type":"ListItem","position":1,"name":"Portada","item":"https:\/\/nuevodigitaldeescobar.com.ar\/"},{"@type":"ListItem","position":2,"name":"La Polic\u00eda Municipal evit\u00f3 una tragedia al rescatar a un hombre que se prendi\u00f3 fuego dentro de su auto"}]},{"@type":"WebSite","@id":"https:\/\/nuevodigitaldeescobar.com.ar\/#website","url":"https:\/\/nuevodigitaldeescobar.com.ar\/","name":"Nuevo Digital de Escobar","description":"La vida escobarense. Directora: Rosana Brunner","publisher":{"@id":"https:\/\/nuevodigitaldeescobar.com.ar\/#organization"},"potentialAction":[{"@type":"SearchAction","target":{"@type":"EntryPoint","urlTemplate":"https:\/\/nuevodigitaldeescobar.com.ar\/?s={search_term_string}"},"query-input":{"@type":"PropertyValueSpecification","valueRequired":true,"valueName":"search_term_string"}}],"inLanguage":"es"},{"@type":"Organization","@id":"https:\/\/nuevodigitaldeescobar.com.ar\/#organization","name":"Nuevo Digital de Escobar","url":"https:\/\/nuevodigitaldeescobar.com.ar\/","logo":{"@type":"ImageObject","inLanguage":"es","@id":"https:\/\/nuevodigitaldeescobar.com.ar\/#\/schema\/logo\/image\/","url":"https:\/\/nuevodigitaldeescobar.com.ar\/wp-content\/uploads\/2025\/05\/cropped-logo-nuevo2.jpg","contentUrl":"https:\/\/nuevodigitaldeescobar.com.ar\/wp-content\/uploads\/2025\/05\/cropped-logo-nuevo2.jpg","width":305,"height":305,"caption":"Nuevo Digital de Escobar"},"image":{"@id":"https:\/\/nuevodigitaldeescobar.com.ar\/#\/schema\/logo\/image\/"},"sameAs":["https:\/\/www.facebook.com\/NUEVODigitalDeEscobar","https:\/\/x.com\/nuevodigescobar","https:\/\/www.instagram.com\/nuevodigitaldeescobar"]},{"@type":"Person","@id":"https:\/\/nuevodigitaldeescobar.com.ar\/#\/schema\/person\/035e90a8efe9a80e6eec22656ad6ea4c","name":"Redacci\u00f3n","image":{"@type":"ImageObject","inLanguage":"es","@id":"https:\/\/nuevodigitaldeescobar.com.ar\/#\/schema\/person\/image\/","url":"https:\/\/secure.gravatar.com\/avatar\/8af8f40000c24e9eef3034f2be5998a372bb1389e64b1a4a36b3a7979142220d?s=96&d=mm&r=g","contentUrl":"https:\/\/secure.gravatar.com\/avatar\/8af8f40000c24e9eef3034f2be5998a372bb1389e64b1a4a36b3a7979142220d?s=96&d=mm&r=g","caption":"Redacci\u00f3n"},"sameAs":["http:\/\/nuevodigitaldeescobar.com.ar"],"url":"https:\/\/nuevodigitaldeescobar.com.ar\/?author=1"}]}},"featured_image_urls":{"full":["https:\/\/nuevodigitaldeescobar.com.ar\/wp-content\/uploads\/2026\/01\/FB_IMG_1768999316267.jpg",1080,1080,false],"thumbnail":["https:\/\/nuevodigitaldeescobar.com.ar\/wp-content\/uploads\/2026\/01\/FB_IMG_1768999316267-150x150.jpg",150,150,true],"medium":["https:\/\/nuevodigitaldeescobar.com.ar\/wp-content\/uploads\/2026\/01\/FB_IMG_1768999316267-300x300.jpg",300,300,true],"medium_large":["https:\/\/nuevodigitaldeescobar.com.ar\/wp-content\/uploads\/2026\/01\/FB_IMG_1768999316267-768x768.jpg",640,640,true],"large":["https:\/\/nuevodigitaldeescobar.com.ar\/wp-content\/uploads\/2026\/01\/FB_IMG_1768999316267-1024x1024.jpg",640,640,true],"1536x1536":["https:\/\/nuevodigitaldeescobar.com.ar\/wp-content\/uploads\/2026\/01\/FB_IMG_1768999316267.jpg",1080,1080,false],"2048x2048":["https:\/\/nuevodigitaldeescobar.com.ar\/wp-content\/uploads\/2026\/01\/FB_IMG_1768999316267.jpg",1080,1080,false]},"author_info":{"display_name":"Redacci\u00f3n","author_link":"https:\/\/nuevodigitaldeescobar.com.ar\/?author=1"},"category_info":"<a href=\"https:\/\/nuevodigitaldeescobar.com.ar\/?cat=13\" rel=\"category\">Policiales<\/a>","tag_info":"Policiales","comment_count":"0","_links":{"self":[{"href":"https:\/\/nuevodigitaldeescobar.com.ar\/index.php?rest_route=\/wp\/v2\/posts\/19684","targetHints":{"allow":["GET"]}}],"collection":[{"href":"https:\/\/nuevodigitaldeescobar.com.ar\/index.php?rest_route=\/wp\/v2\/posts"}],"about":[{"href":"https:\/\/nuevodigitaldeescobar.com.ar\/index.php?rest_route=\/wp\/v2\/types\/post"}],"author":[{"embeddable":true,"href":"https:\/\/nuevodigitaldeescobar.com.ar\/index.php?rest_route=\/wp\/v2\/users\/1"}],"replies":[{"embeddable":true,"href":"https:\/\/nuevodigitaldeescobar.com.ar\/index.php?rest_route=%2Fwp%2Fv2%2Fcomments&post=19684"}],"version-history":[{"count":2,"href":"https:\/\/nuevodigitaldeescobar.com.ar\/index.php?rest_route=\/wp\/v2\/posts\/19684\/revisions"}],"predecessor-version":[{"id":19688,"href":"https:\/\/nuevodigitaldeescobar.com.ar\/index.php?rest_route=\/wp\/v2\/posts\/19684\/revisions\/19688"}],"wp:featuredmedia":[{"embeddable":true,"href":"https:\/\/nuevodigitaldeescobar.com.ar\/index.php?rest_route=\/wp\/v2\/media\/19685"}],"wp:attachment":[{"href":"https:\/\/nuevodigitaldeescobar.com.ar\/index.php?rest_route=%2Fwp%2Fv2%2Fmedia&parent=19684"}],"wp:term":[{"taxonomy":"category","embeddable":true,"href":"https:\/\/nuevodigitaldeescobar.com.ar\/index.php?rest_route=%2Fwp%2Fv2%2Fcategories&post=19684"},{"taxonomy":"post_tag","embeddable":true,"href":"https:\/\/nuevodigitaldeescobar.com.ar\/index.php?rest_route=%2Fwp%2Fv2%2Ftags&post=19684"}],"curies":[{"name":"wp","href":"https:\/\/api.w.org\/{rel}","templated":true}]}}