{"id":19727,"date":"2026-01-24T14:44:23","date_gmt":"2026-01-24T17:44:23","guid":{"rendered":"https:\/\/nuevodigitaldeescobar.com.ar\/?p=19727"},"modified":"2026-01-24T14:47:59","modified_gmt":"2026-01-24T17:47:59","slug":"anses-compartio-el-calendario-de-pagos-de-febrero-con-modificaciones","status":"publish","type":"post","link":"https:\/\/nuevodigitaldeescobar.com.ar\/?p=19727","title":{"rendered":"Anses comparti\u00f3 el calendario de pagos de febrero con modificaciones"},"content":{"rendered":"\n<p>ANSES anunci\u00f3 el\u00a0<strong>calendario de pagos de las jubilaciones y pensiones para el segundo mes del a\u00f1o.<\/strong>\u00a0Ahora bien,\u00a0<strong>en febrero el esquema se ver\u00e1 afectado por dos feriados que alterar\u00e1n las fechas estipuladas normalmente.<\/strong><\/p>\n\n\n\n<!--more-->\n\n\n\n<p>Cabe recordar que los jubilados recibir\u00e1n este mes un&nbsp;<strong>incremento del 2,8%, en l\u00ednea con el esquema de movilidad mensual vigente. El porcentaje replica la variaci\u00f3n del \u00cdndice de Precios al Consumidor (IPC) de diciembre de 2025, difundida este martes por el Instituto Nacional de Estad\u00edstica y Censos (INDEC).1,88% en sus haberes<\/strong>.<\/p>\n\n\n\n<p>As\u00ed, el haber m\u00ednimo para los jubilados pasar\u00e1 de los<strong>\u00a0$349.299 de enero a $359.079 en febrero<\/strong>, sin contar el bono de 70.000 pesos que se otorga a las jubilaciones m\u00ednimas. En caso de que el Poder Ejecutivo ratifique dicho bono, la jubilaci\u00f3n m\u00ednima total llegar\u00eda a\u00a0<strong>$ $429.079 en febrero.<\/strong><\/p>\n\n\n\n<h2 class=\"wp-block-heading\"><strong>\u00bfCu\u00e1l es la modificaci\u00f3n en el calendario de pagos de febrero?<\/strong><\/h2>\n\n\n\n<p>Seg\u00fan inform\u00f3 Ans\u00e9s,<strong>&nbsp;el cronograma de pagos para febrero fue modificado en funci\u00f3n de los dos feriados que incluye el mes.&nbsp;<\/strong>Como siempre, los pagos se realizan tomando en consideraci\u00f3n la terminaci\u00f3n del DNI.<\/p>\n\n\n\n<p>Ahora bien, en este mes, se les adelantar\u00e1 el pago a los que cobran la m\u00ednima y tienen<strong>&nbsp;DNI terminado en 8 y 9<\/strong>. A diferencia del mes de enero que cobraron el 21 y 22,&nbsp;<strong>en febrero sus haberes se acreditar\u00e1n el 20 por los feriados de Carnaval.<\/strong><\/p>\n\n\n\n<h2 class=\"wp-block-heading\"><strong>\u00bfC\u00f3mo queda el calendario de pagos de febrero?<\/strong><\/h2>\n\n\n\n<p>Teniendo en cuenta los feriados del segundo mes del a\u00f1o, el calendario de pagos de Ans\u00e9s se organizar\u00e1 de la siguiente manera:<\/p>\n\n\n\n<p><strong>Jubilaciones y pensiones que cobren el haber m\u00ednimo:<\/strong><\/p>\n\n\n\n<ul class=\"wp-block-list\">\n<li>DNI terminados en 0: 9 de febrero<\/li>\n\n\n\n<li>DNI terminados en 1: 10 de febrero<\/li>\n\n\n\n<li>DNI terminados en 2: 11 de febrero<\/li>\n\n\n\n<li>DNI terminados en 3: 12 de febrero<\/li>\n\n\n\n<li>DNI terminados en 4: 13 de febrero<\/li>\n\n\n\n<li>DNI terminados en 5: 18 de febrero<\/li>\n\n\n\n<li>DNI terminados en 6 y 7: 19 de febrero<\/li>\n\n\n\n<li>DNI terminados en 8 y 9: 20 de febrero<\/li>\n<\/ul>\n\n\n\n<p><strong>Jubilados y pensionados con haberes superiores al m\u00ednimo:<\/strong><\/p>\n\n\n\n<ul class=\"wp-block-list\">\n<li>DNI terminados en 0 y 1: 23 de febrero<\/li>\n\n\n\n<li>DNI terminados en 2 y 3: 24 de febrero<\/li>\n\n\n\n<li>DNI terminados en 4 y 5: 25 de febrero<\/li>\n\n\n\n<li>DNI terminados en 6 y 7: 26 de febrero<\/li>\n\n\n\n<li>DNI terminados en 8 y 9: 27 de febrero<\/li>\n<\/ul>\n\n\n\n<p><\/p>\n","protected":false},"excerpt":{"rendered":"<p>ANSES anunci\u00f3 el\u00a0calendario de pagos de las jubilaciones y pensiones para el segundo mes del a\u00f1o.\u00a0Ahora bien,\u00a0en febrero el esquema se ver\u00e1 afectado por dos [&hellip;]<\/p>\n","protected":false},"author":1,"featured_media":6660,"comment_status":"open","ping_status":"open","sticky":false,"template":"","format":"standard","meta":{"footnotes":""},"categories":[7],"tags":[94,92],"class_list":["post-19727","post","type-post","status-publish","format-standard","has-post-thumbnail","hentry","category-interes-general","tag-anses","tag-jubilaciones"],"better_featured_image":{"id":6660,"alt_text":"","caption":"","description":"","media_type":"image","media_details":{"width":720,"height":405,"file":"2024\/07\/anses-jubilados-1-e1720452548751.jpg","filesize":87940,"sizes":{"medium":{"file":"anses-jubilados-1-300x169.jpg","width":300,"height":169,"mime-type":"image\/jpeg","filesize":14203,"source_url":"https:\/\/nuevodigitaldeescobar.com.ar\/wp-content\/uploads\/2024\/07\/anses-jubilados-1-300x169.jpg"},"thumbnail":{"file":"anses-jubilados-1-150x150.jpg","width":150,"height":150,"mime-type":"image\/jpeg","filesize":6982,"source_url":"https:\/\/nuevodigitaldeescobar.com.ar\/wp-content\/uploads\/2024\/07\/anses-jubilados-1-150x150.jpg"}},"image_meta":{"aperture":"0","credit":"","camera":"","caption":"","created_timestamp":"0","copyright":"","focal_length":"0","iso":"0","shutter_speed":"0","title":"","orientation":"0","keywords":[]}},"post":6659,"source_url":"https:\/\/nuevodigitaldeescobar.com.ar\/wp-content\/uploads\/2024\/07\/anses-jubilados-1-e1720452548751.jpg"},"yoast_head":"<!-- This site is optimized with the Yoast SEO plugin v26.1.1 - https:\/\/yoast.com\/wordpress\/plugins\/seo\/ -->\n<title>Anses comparti\u00f3 el calendario de pagos de febrero con modificaciones - Nuevo Digital de Escobar<\/title>\n<meta name=\"description\" content=\"Cabe recordar que los jubilados recibir\u00e1n este mes un\u00a0incremento del 2,8%, en l\u00ednea con el esquema de movilidad mensual vigente.\" \/>\n<meta name=\"robots\" content=\"index, follow, max-snippet:-1, max-image-preview:large, max-video-preview:-1\" \/>\n<link rel=\"canonical\" href=\"https:\/\/nuevodigitaldeescobar.com.ar\/?p=19727\" \/>\n<meta property=\"og:locale\" content=\"es_ES\" \/>\n<meta property=\"og:type\" content=\"article\" \/>\n<meta property=\"og:title\" content=\"Anses comparti\u00f3 el calendario de pagos de febrero con modificaciones\" \/>\n<meta property=\"og:description\" content=\"Cabe recordar que los jubilados recibir\u00e1n este mes un\u00a0incremento del 2,8%, en l\u00ednea con el esquema de movilidad mensual vigente.\" \/>\n<meta property=\"og:url\" content=\"https:\/\/nuevodigitaldeescobar.com.ar\/?p=19727\" \/>\n<meta property=\"og:site_name\" content=\"Nuevo Digital de Escobar\" \/>\n<meta property=\"article:publisher\" content=\"https:\/\/www.facebook.com\/NUEVODigitalDeEscobar\" \/>\n<meta property=\"article:published_time\" content=\"2026-01-24T17:44:23+00:00\" \/>\n<meta property=\"article:modified_time\" content=\"2026-01-24T17:47:59+00:00\" \/>\n<meta property=\"og:image\" content=\"http:\/\/nuevodigitaldeescobar.com.ar\/wp-content\/uploads\/2024\/07\/anses-jubilados-1-e1720452548751.jpg\" \/>\n\t<meta property=\"og:image:width\" content=\"720\" \/>\n\t<meta property=\"og:image:height\" content=\"405\" \/>\n\t<meta property=\"og:image:type\" content=\"image\/jpeg\" \/>\n<meta name=\"author\" content=\"Redacci\u00f3n\" \/>\n<meta name=\"twitter:card\" content=\"summary_large_image\" \/>\n<meta name=\"twitter:creator\" content=\"@nuevodigescobar\" \/>\n<meta name=\"twitter:site\" content=\"@nuevodigescobar\" \/>\n<meta name=\"twitter:label1\" content=\"Escrito por\" \/>\n\t<meta name=\"twitter:data1\" content=\"Redacci\u00f3n\" \/>\n\t<meta name=\"twitter:label2\" content=\"Tiempo de lectura\" \/>\n\t<meta name=\"twitter:data2\" content=\"2 minutos\" \/>\n<script type=\"application\/ld+json\" class=\"yoast-schema-graph\">{\"@context\":\"https:\/\/schema.org\",\"@graph\":[{\"@type\":\"Article\",\"@id\":\"https:\/\/nuevodigitaldeescobar.com.ar\/?p=19727#article\",\"isPartOf\":{\"@id\":\"https:\/\/nuevodigitaldeescobar.com.ar\/?p=19727\"},\"author\":{\"name\":\"Redacci\u00f3n\",\"@id\":\"https:\/\/nuevodigitaldeescobar.com.ar\/#\/schema\/person\/035e90a8efe9a80e6eec22656ad6ea4c\"},\"headline\":\"Anses comparti\u00f3 el calendario de pagos de febrero con modificaciones\",\"datePublished\":\"2026-01-24T17:44:23+00:00\",\"dateModified\":\"2026-01-24T17:47:59+00:00\",\"mainEntityOfPage\":{\"@id\":\"https:\/\/nuevodigitaldeescobar.com.ar\/?p=19727\"},\"wordCount\":378,\"commentCount\":0,\"publisher\":{\"@id\":\"https:\/\/nuevodigitaldeescobar.com.ar\/#organization\"},\"image\":{\"@id\":\"https:\/\/nuevodigitaldeescobar.com.ar\/?p=19727#primaryimage\"},\"thumbnailUrl\":\"https:\/\/nuevodigitaldeescobar.com.ar\/wp-content\/uploads\/2024\/07\/anses-jubilados-1-e1720452548751.jpg\",\"keywords\":[\"anses\",\"jubilaciones\"],\"articleSection\":[\"Inter\u00e9s general\"],\"inLanguage\":\"es\",\"potentialAction\":[{\"@type\":\"CommentAction\",\"name\":\"Comment\",\"target\":[\"https:\/\/nuevodigitaldeescobar.com.ar\/?p=19727#respond\"]}]},{\"@type\":\"WebPage\",\"@id\":\"https:\/\/nuevodigitaldeescobar.com.ar\/?p=19727\",\"url\":\"https:\/\/nuevodigitaldeescobar.com.ar\/?p=19727\",\"name\":\"Anses comparti\u00f3 el calendario de pagos de febrero con modificaciones - Nuevo Digital de Escobar\",\"isPartOf\":{\"@id\":\"https:\/\/nuevodigitaldeescobar.com.ar\/#website\"},\"primaryImageOfPage\":{\"@id\":\"https:\/\/nuevodigitaldeescobar.com.ar\/?p=19727#primaryimage\"},\"image\":{\"@id\":\"https:\/\/nuevodigitaldeescobar.com.ar\/?p=19727#primaryimage\"},\"thumbnailUrl\":\"https:\/\/nuevodigitaldeescobar.com.ar\/wp-content\/uploads\/2024\/07\/anses-jubilados-1-e1720452548751.jpg\",\"datePublished\":\"2026-01-24T17:44:23+00:00\",\"dateModified\":\"2026-01-24T17:47:59+00:00\",\"description\":\"Cabe recordar que los jubilados recibir\u00e1n este mes un\u00a0incremento del 2,8%, en l\u00ednea con el esquema de movilidad mensual vigente.\",\"breadcrumb\":{\"@id\":\"https:\/\/nuevodigitaldeescobar.com.ar\/?p=19727#breadcrumb\"},\"inLanguage\":\"es\",\"potentialAction\":[{\"@type\":\"ReadAction\",\"target\":[\"https:\/\/nuevodigitaldeescobar.com.ar\/?p=19727\"]}]},{\"@type\":\"ImageObject\",\"inLanguage\":\"es\",\"@id\":\"https:\/\/nuevodigitaldeescobar.com.ar\/?p=19727#primaryimage\",\"url\":\"https:\/\/nuevodigitaldeescobar.com.ar\/wp-content\/uploads\/2024\/07\/anses-jubilados-1-e1720452548751.jpg\",\"contentUrl\":\"https:\/\/nuevodigitaldeescobar.com.ar\/wp-content\/uploads\/2024\/07\/anses-jubilados-1-e1720452548751.jpg\",\"width\":720,\"height\":405},{\"@type\":\"BreadcrumbList\",\"@id\":\"https:\/\/nuevodigitaldeescobar.com.ar\/?p=19727#breadcrumb\",\"itemListElement\":[{\"@type\":\"ListItem\",\"position\":1,\"name\":\"Portada\",\"item\":\"https:\/\/nuevodigitaldeescobar.com.ar\/\"},{\"@type\":\"ListItem\",\"position\":2,\"name\":\"Anses comparti\u00f3 el calendario de pagos de febrero con modificaciones\"}]},{\"@type\":\"WebSite\",\"@id\":\"https:\/\/nuevodigitaldeescobar.com.ar\/#website\",\"url\":\"https:\/\/nuevodigitaldeescobar.com.ar\/\",\"name\":\"Nuevo Digital de Escobar\",\"description\":\"La vida escobarense. Directora: Rosana Brunner\",\"publisher\":{\"@id\":\"https:\/\/nuevodigitaldeescobar.com.ar\/#organization\"},\"potentialAction\":[{\"@type\":\"SearchAction\",\"target\":{\"@type\":\"EntryPoint\",\"urlTemplate\":\"https:\/\/nuevodigitaldeescobar.com.ar\/?s={search_term_string}\"},\"query-input\":{\"@type\":\"PropertyValueSpecification\",\"valueRequired\":true,\"valueName\":\"search_term_string\"}}],\"inLanguage\":\"es\"},{\"@type\":\"Organization\",\"@id\":\"https:\/\/nuevodigitaldeescobar.com.ar\/#organization\",\"name\":\"Nuevo Digital de Escobar\",\"url\":\"https:\/\/nuevodigitaldeescobar.com.ar\/\",\"logo\":{\"@type\":\"ImageObject\",\"inLanguage\":\"es\",\"@id\":\"https:\/\/nuevodigitaldeescobar.com.ar\/#\/schema\/logo\/image\/\",\"url\":\"https:\/\/nuevodigitaldeescobar.com.ar\/wp-content\/uploads\/2025\/05\/cropped-logo-nuevo2.jpg\",\"contentUrl\":\"https:\/\/nuevodigitaldeescobar.com.ar\/wp-content\/uploads\/2025\/05\/cropped-logo-nuevo2.jpg\",\"width\":305,\"height\":305,\"caption\":\"Nuevo Digital de Escobar\"},\"image\":{\"@id\":\"https:\/\/nuevodigitaldeescobar.com.ar\/#\/schema\/logo\/image\/\"},\"sameAs\":[\"https:\/\/www.facebook.com\/NUEVODigitalDeEscobar\",\"https:\/\/x.com\/nuevodigescobar\",\"https:\/\/www.instagram.com\/nuevodigitaldeescobar\"]},{\"@type\":\"Person\",\"@id\":\"https:\/\/nuevodigitaldeescobar.com.ar\/#\/schema\/person\/035e90a8efe9a80e6eec22656ad6ea4c\",\"name\":\"Redacci\u00f3n\",\"image\":{\"@type\":\"ImageObject\",\"inLanguage\":\"es\",\"@id\":\"https:\/\/nuevodigitaldeescobar.com.ar\/#\/schema\/person\/image\/\",\"url\":\"https:\/\/secure.gravatar.com\/avatar\/8af8f40000c24e9eef3034f2be5998a372bb1389e64b1a4a36b3a7979142220d?s=96&d=mm&r=g\",\"contentUrl\":\"https:\/\/secure.gravatar.com\/avatar\/8af8f40000c24e9eef3034f2be5998a372bb1389e64b1a4a36b3a7979142220d?s=96&d=mm&r=g\",\"caption\":\"Redacci\u00f3n\"},\"sameAs\":[\"http:\/\/nuevodigitaldeescobar.com.ar\"],\"url\":\"https:\/\/nuevodigitaldeescobar.com.ar\/?author=1\"}]}<\/script>\n<!-- \/ Yoast SEO plugin. -->","yoast_head_json":{"title":"Anses comparti\u00f3 el calendario de pagos de febrero con modificaciones - Nuevo Digital de Escobar","description":"Cabe recordar que los jubilados recibir\u00e1n este mes un\u00a0incremento del 2,8%, en l\u00ednea con el esquema de movilidad mensual vigente.","robots":{"index":"index","follow":"follow","max-snippet":"max-snippet:-1","max-image-preview":"max-image-preview:large","max-video-preview":"max-video-preview:-1"},"canonical":"https:\/\/nuevodigitaldeescobar.com.ar\/?p=19727","og_locale":"es_ES","og_type":"article","og_title":"Anses comparti\u00f3 el calendario de pagos de febrero con modificaciones","og_description":"Cabe recordar que los jubilados recibir\u00e1n este mes un\u00a0incremento del 2,8%, en l\u00ednea con el esquema de movilidad mensual vigente.","og_url":"https:\/\/nuevodigitaldeescobar.com.ar\/?p=19727","og_site_name":"Nuevo Digital de Escobar","article_publisher":"https:\/\/www.facebook.com\/NUEVODigitalDeEscobar","article_published_time":"2026-01-24T17:44:23+00:00","article_modified_time":"2026-01-24T17:47:59+00:00","og_image":[{"width":720,"height":405,"url":"http:\/\/nuevodigitaldeescobar.com.ar\/wp-content\/uploads\/2024\/07\/anses-jubilados-1-e1720452548751.jpg","type":"image\/jpeg"}],"author":"Redacci\u00f3n","twitter_card":"summary_large_image","twitter_creator":"@nuevodigescobar","twitter_site":"@nuevodigescobar","twitter_misc":{"Escrito por":"Redacci\u00f3n","Tiempo de lectura":"2 minutos"},"schema":{"@context":"https:\/\/schema.org","@graph":[{"@type":"Article","@id":"https:\/\/nuevodigitaldeescobar.com.ar\/?p=19727#article","isPartOf":{"@id":"https:\/\/nuevodigitaldeescobar.com.ar\/?p=19727"},"author":{"name":"Redacci\u00f3n","@id":"https:\/\/nuevodigitaldeescobar.com.ar\/#\/schema\/person\/035e90a8efe9a80e6eec22656ad6ea4c"},"headline":"Anses comparti\u00f3 el calendario de pagos de febrero con modificaciones","datePublished":"2026-01-24T17:44:23+00:00","dateModified":"2026-01-24T17:47:59+00:00","mainEntityOfPage":{"@id":"https:\/\/nuevodigitaldeescobar.com.ar\/?p=19727"},"wordCount":378,"commentCount":0,"publisher":{"@id":"https:\/\/nuevodigitaldeescobar.com.ar\/#organization"},"image":{"@id":"https:\/\/nuevodigitaldeescobar.com.ar\/?p=19727#primaryimage"},"thumbnailUrl":"https:\/\/nuevodigitaldeescobar.com.ar\/wp-content\/uploads\/2024\/07\/anses-jubilados-1-e1720452548751.jpg","keywords":["anses","jubilaciones"],"articleSection":["Inter\u00e9s general"],"inLanguage":"es","potentialAction":[{"@type":"CommentAction","name":"Comment","target":["https:\/\/nuevodigitaldeescobar.com.ar\/?p=19727#respond"]}]},{"@type":"WebPage","@id":"https:\/\/nuevodigitaldeescobar.com.ar\/?p=19727","url":"https:\/\/nuevodigitaldeescobar.com.ar\/?p=19727","name":"Anses comparti\u00f3 el calendario de pagos de febrero con modificaciones - Nuevo Digital de Escobar","isPartOf":{"@id":"https:\/\/nuevodigitaldeescobar.com.ar\/#website"},"primaryImageOfPage":{"@id":"https:\/\/nuevodigitaldeescobar.com.ar\/?p=19727#primaryimage"},"image":{"@id":"https:\/\/nuevodigitaldeescobar.com.ar\/?p=19727#primaryimage"},"thumbnailUrl":"https:\/\/nuevodigitaldeescobar.com.ar\/wp-content\/uploads\/2024\/07\/anses-jubilados-1-e1720452548751.jpg","datePublished":"2026-01-24T17:44:23+00:00","dateModified":"2026-01-24T17:47:59+00:00","description":"Cabe recordar que los jubilados recibir\u00e1n este mes un\u00a0incremento del 2,8%, en l\u00ednea con el esquema de movilidad mensual vigente.","breadcrumb":{"@id":"https:\/\/nuevodigitaldeescobar.com.ar\/?p=19727#breadcrumb"},"inLanguage":"es","potentialAction":[{"@type":"ReadAction","target":["https:\/\/nuevodigitaldeescobar.com.ar\/?p=19727"]}]},{"@type":"ImageObject","inLanguage":"es","@id":"https:\/\/nuevodigitaldeescobar.com.ar\/?p=19727#primaryimage","url":"https:\/\/nuevodigitaldeescobar.com.ar\/wp-content\/uploads\/2024\/07\/anses-jubilados-1-e1720452548751.jpg","contentUrl":"https:\/\/nuevodigitaldeescobar.com.ar\/wp-content\/uploads\/2024\/07\/anses-jubilados-1-e1720452548751.jpg","width":720,"height":405},{"@type":"BreadcrumbList","@id":"https:\/\/nuevodigitaldeescobar.com.ar\/?p=19727#breadcrumb","itemListElement":[{"@type":"ListItem","position":1,"name":"Portada","item":"https:\/\/nuevodigitaldeescobar.com.ar\/"},{"@type":"ListItem","position":2,"name":"Anses comparti\u00f3 el calendario de pagos de febrero con modificaciones"}]},{"@type":"WebSite","@id":"https:\/\/nuevodigitaldeescobar.com.ar\/#website","url":"https:\/\/nuevodigitaldeescobar.com.ar\/","name":"Nuevo Digital de Escobar","description":"La vida escobarense. Directora: Rosana Brunner","publisher":{"@id":"https:\/\/nuevodigitaldeescobar.com.ar\/#organization"},"potentialAction":[{"@type":"SearchAction","target":{"@type":"EntryPoint","urlTemplate":"https:\/\/nuevodigitaldeescobar.com.ar\/?s={search_term_string}"},"query-input":{"@type":"PropertyValueSpecification","valueRequired":true,"valueName":"search_term_string"}}],"inLanguage":"es"},{"@type":"Organization","@id":"https:\/\/nuevodigitaldeescobar.com.ar\/#organization","name":"Nuevo Digital de Escobar","url":"https:\/\/nuevodigitaldeescobar.com.ar\/","logo":{"@type":"ImageObject","inLanguage":"es","@id":"https:\/\/nuevodigitaldeescobar.com.ar\/#\/schema\/logo\/image\/","url":"https:\/\/nuevodigitaldeescobar.com.ar\/wp-content\/uploads\/2025\/05\/cropped-logo-nuevo2.jpg","contentUrl":"https:\/\/nuevodigitaldeescobar.com.ar\/wp-content\/uploads\/2025\/05\/cropped-logo-nuevo2.jpg","width":305,"height":305,"caption":"Nuevo Digital de Escobar"},"image":{"@id":"https:\/\/nuevodigitaldeescobar.com.ar\/#\/schema\/logo\/image\/"},"sameAs":["https:\/\/www.facebook.com\/NUEVODigitalDeEscobar","https:\/\/x.com\/nuevodigescobar","https:\/\/www.instagram.com\/nuevodigitaldeescobar"]},{"@type":"Person","@id":"https:\/\/nuevodigitaldeescobar.com.ar\/#\/schema\/person\/035e90a8efe9a80e6eec22656ad6ea4c","name":"Redacci\u00f3n","image":{"@type":"ImageObject","inLanguage":"es","@id":"https:\/\/nuevodigitaldeescobar.com.ar\/#\/schema\/person\/image\/","url":"https:\/\/secure.gravatar.com\/avatar\/8af8f40000c24e9eef3034f2be5998a372bb1389e64b1a4a36b3a7979142220d?s=96&d=mm&r=g","contentUrl":"https:\/\/secure.gravatar.com\/avatar\/8af8f40000c24e9eef3034f2be5998a372bb1389e64b1a4a36b3a7979142220d?s=96&d=mm&r=g","caption":"Redacci\u00f3n"},"sameAs":["http:\/\/nuevodigitaldeescobar.com.ar"],"url":"https:\/\/nuevodigitaldeescobar.com.ar\/?author=1"}]}},"featured_image_urls":{"full":["https:\/\/nuevodigitaldeescobar.com.ar\/wp-content\/uploads\/2024\/07\/anses-jubilados-1-e1720452548751.jpg",720,405,false],"thumbnail":["https:\/\/nuevodigitaldeescobar.com.ar\/wp-content\/uploads\/2024\/07\/anses-jubilados-1-150x150.jpg",150,150,true],"medium":["https:\/\/nuevodigitaldeescobar.com.ar\/wp-content\/uploads\/2024\/07\/anses-jubilados-1-300x169.jpg",300,169,true],"medium_large":["https:\/\/nuevodigitaldeescobar.com.ar\/wp-content\/uploads\/2024\/07\/anses-jubilados-1-e1720452548751.jpg",640,360,false],"large":["https:\/\/nuevodigitaldeescobar.com.ar\/wp-content\/uploads\/2024\/07\/anses-jubilados-1-e1720452548751.jpg",640,360,false],"1536x1536":["https:\/\/nuevodigitaldeescobar.com.ar\/wp-content\/uploads\/2024\/07\/anses-jubilados-1-e1720452548751.jpg",720,405,false],"2048x2048":["https:\/\/nuevodigitaldeescobar.com.ar\/wp-content\/uploads\/2024\/07\/anses-jubilados-1-e1720452548751.jpg",720,405,false]},"author_info":{"display_name":"Redacci\u00f3n","author_link":"https:\/\/nuevodigitaldeescobar.com.ar\/?author=1"},"category_info":"<a href=\"https:\/\/nuevodigitaldeescobar.com.ar\/?cat=7\" rel=\"category\">Inter\u00e9s general<\/a>","tag_info":"Inter\u00e9s general","comment_count":"0","_links":{"self":[{"href":"https:\/\/nuevodigitaldeescobar.com.ar\/index.php?rest_route=\/wp\/v2\/posts\/19727","targetHints":{"allow":["GET"]}}],"collection":[{"href":"https:\/\/nuevodigitaldeescobar.com.ar\/index.php?rest_route=\/wp\/v2\/posts"}],"about":[{"href":"https:\/\/nuevodigitaldeescobar.com.ar\/index.php?rest_route=\/wp\/v2\/types\/post"}],"author":[{"embeddable":true,"href":"https:\/\/nuevodigitaldeescobar.com.ar\/index.php?rest_route=\/wp\/v2\/users\/1"}],"replies":[{"embeddable":true,"href":"https:\/\/nuevodigitaldeescobar.com.ar\/index.php?rest_route=%2Fwp%2Fv2%2Fcomments&post=19727"}],"version-history":[{"count":1,"href":"https:\/\/nuevodigitaldeescobar.com.ar\/index.php?rest_route=\/wp\/v2\/posts\/19727\/revisions"}],"predecessor-version":[{"id":19728,"href":"https:\/\/nuevodigitaldeescobar.com.ar\/index.php?rest_route=\/wp\/v2\/posts\/19727\/revisions\/19728"}],"wp:featuredmedia":[{"embeddable":true,"href":"https:\/\/nuevodigitaldeescobar.com.ar\/index.php?rest_route=\/wp\/v2\/media\/6660"}],"wp:attachment":[{"href":"https:\/\/nuevodigitaldeescobar.com.ar\/index.php?rest_route=%2Fwp%2Fv2%2Fmedia&parent=19727"}],"wp:term":[{"taxonomy":"category","embeddable":true,"href":"https:\/\/nuevodigitaldeescobar.com.ar\/index.php?rest_route=%2Fwp%2Fv2%2Fcategories&post=19727"},{"taxonomy":"post_tag","embeddable":true,"href":"https:\/\/nuevodigitaldeescobar.com.ar\/index.php?rest_route=%2Fwp%2Fv2%2Ftags&post=19727"}],"curies":[{"name":"wp","href":"https:\/\/api.w.org\/{rel}","templated":true}]}}