{"id":19729,"date":"2026-01-26T10:12:34","date_gmt":"2026-01-26T13:12:34","guid":{"rendered":"https:\/\/nuevodigitaldeescobar.com.ar\/?p=19729"},"modified":"2026-01-26T10:12:55","modified_gmt":"2026-01-26T13:12:55","slug":"las-altas-temperaturas-disparan-incendios-de-pastizales-intensa-jornada-de-trabajo-para-los-bomberos-de-matheu","status":"publish","type":"post","link":"https:\/\/nuevodigitaldeescobar.com.ar\/?p=19729","title":{"rendered":"Las altas temperaturas disparan incendios de pastizales: intensa jornada de trabajo para los Bomberos de Matheu"},"content":{"rendered":"\n<p>Las elevadas temperaturas que se vienen registrando desde fines de 2025 contin\u00faan generando serias complicaciones en la regi\u00f3n. Durante la jornada del domingo, los Bomberos Voluntarios de Matheu debieron intervenir en varios incendios de pastizales y colaborar con otros cuarteles, en un escenario que ya se volvi\u00f3 habitual con la llegada del calor extremo.<\/p>\n\n\n\n<!--more-->\n\n\n\n<p>Seg\u00fan informaron desde el cuartel, se realizaron al menos tres salidas a lo largo del d\u00eda. En primer lugar, se combati\u00f3 un incendio de pastizales en las calles Vivaro y Congreve, donde trabaj\u00f3 el m\u00f3vil A-23 a cargo del Ayudante Primera Fernando Rearte. Posteriormente, otra dotaci\u00f3n intervino en un foco \u00edgneo en la intersecci\u00f3n de Los Fresnos y Los Robles, con el m\u00f3vil A-27 bajo la responsabilidad del Ayudante Mayor Fabi\u00e1n Sosa.<\/p>\n\n\n\n<p>Adem\u00e1s, los Bomberos de Matheu colaboraron con el Cuartel Central de Escobar en un incendio de basural registrado en las calles Los Gladiolos y Los Troperos. En ese operativo participaron los m\u00f3viles A-29, a cargo del Comandante Mayor Mart\u00edn Maldonado, y A-10, conducido por el Sub-Ayudante Emiliano Carmona.<\/p>\n\n\n\n<p>Desde la instituci\u00f3n remarcaron que este tipo de intervenciones se repite con frecuencia desde fines del a\u00f1o pasado, en coincidencia con la llegada de las altas temperaturas, la sequedad del suelo y la acumulaci\u00f3n de pastizales y residuos. Los incendios de estas caracter\u00edsticas no solo demandan un importante esfuerzo del personal bomberil, sino que tambi\u00e9n representan un riesgo para viviendas cercanas y para el medio ambiente.<\/p>\n\n\n<div class=\"wp-block-image\">\n<figure class=\"aligncenter size-large\"><img fetchpriority=\"high\" decoding=\"async\" width=\"1024\" height=\"576\" src=\"http:\/\/nuevodigitaldeescobar.com.ar\/wp-content\/uploads\/2026\/01\/622378620_1208764894720586_6299589194576913795_n-1024x576.jpg\" alt=\"\" class=\"wp-image-19730\" srcset=\"https:\/\/nuevodigitaldeescobar.com.ar\/wp-content\/uploads\/2026\/01\/622378620_1208764894720586_6299589194576913795_n-1024x576.jpg 1024w, https:\/\/nuevodigitaldeescobar.com.ar\/wp-content\/uploads\/2026\/01\/622378620_1208764894720586_6299589194576913795_n-300x169.jpg 300w, https:\/\/nuevodigitaldeescobar.com.ar\/wp-content\/uploads\/2026\/01\/622378620_1208764894720586_6299589194576913795_n-768x432.jpg 768w, https:\/\/nuevodigitaldeescobar.com.ar\/wp-content\/uploads\/2026\/01\/622378620_1208764894720586_6299589194576913795_n.jpg 1280w\" sizes=\"(max-width: 1024px) 100vw, 1024px\" \/><\/figure><\/div>\n\n\n<p>En ese contexto, se volvi\u00f3 a solicitar a la comunidad extremar los cuidados, evitar la quema de residuos y denunciar de inmediato cualquier foco de incendio. \u201cLa prevenci\u00f3n es clave para reducir este tipo de emergencias que, con el calor, se multiplican d\u00eda tras d\u00eda\u201d, se\u00f1alaron.<\/p>\n\n\n\n<p>Los Bomberos Voluntarios contin\u00faan trabajando a contrarreloj en un verano que, por ahora, mantiene en alerta permanente a los cuarteles de toda la regi\u00f3n.<\/p>\n","protected":false},"excerpt":{"rendered":"<p>Las elevadas temperaturas que se vienen registrando desde fines de 2025 contin\u00faan generando serias complicaciones en la regi\u00f3n. Durante la jornada del domingo, los Bomberos [&hellip;]<\/p>\n","protected":false},"author":1,"featured_media":19731,"comment_status":"open","ping_status":"open","sticky":false,"template":"","format":"standard","meta":{"footnotes":""},"categories":[7],"tags":[22,82],"class_list":["post-19729","post","type-post","status-publish","format-standard","has-post-thumbnail","hentry","category-interes-general","tag-incendio","tag-matheu"],"better_featured_image":{"id":19731,"alt_text":"","caption":"","description":"","media_type":"image","media_details":{"width":2048,"height":1538,"file":"2026\/01\/622765732_1208765391387203_7710080136098724294_n.jpg","filesize":836361,"sizes":{"medium":{"file":"622765732_1208765391387203_7710080136098724294_n-300x225.jpg","width":300,"height":225,"mime-type":"image\/jpeg","filesize":13113,"source_url":"https:\/\/nuevodigitaldeescobar.com.ar\/wp-content\/uploads\/2026\/01\/622765732_1208765391387203_7710080136098724294_n-300x225.jpg"},"large":{"file":"622765732_1208765391387203_7710080136098724294_n-1024x769.jpg","width":1024,"height":769,"mime-type":"image\/jpeg","filesize":123880,"source_url":"https:\/\/nuevodigitaldeescobar.com.ar\/wp-content\/uploads\/2026\/01\/622765732_1208765391387203_7710080136098724294_n-1024x769.jpg"},"thumbnail":{"file":"622765732_1208765391387203_7710080136098724294_n-150x150.jpg","width":150,"height":150,"mime-type":"image\/jpeg","filesize":5099,"source_url":"https:\/\/nuevodigitaldeescobar.com.ar\/wp-content\/uploads\/2026\/01\/622765732_1208765391387203_7710080136098724294_n-150x150.jpg"},"medium_large":{"file":"622765732_1208765391387203_7710080136098724294_n-768x577.jpg","width":768,"height":577,"mime-type":"image\/jpeg","filesize":72147,"source_url":"https:\/\/nuevodigitaldeescobar.com.ar\/wp-content\/uploads\/2026\/01\/622765732_1208765391387203_7710080136098724294_n-768x577.jpg"},"1536x1536":{"file":"622765732_1208765391387203_7710080136098724294_n-1536x1154.jpg","width":1536,"height":1154,"mime-type":"image\/jpeg","filesize":277885,"source_url":"https:\/\/nuevodigitaldeescobar.com.ar\/wp-content\/uploads\/2026\/01\/622765732_1208765391387203_7710080136098724294_n-1536x1154.jpg"}},"image_meta":{"aperture":"0","credit":"","camera":"","caption":"","created_timestamp":"0","copyright":"","focal_length":"0","iso":"0","shutter_speed":"0","title":"","orientation":"0","keywords":[]}},"post":19729,"source_url":"https:\/\/nuevodigitaldeescobar.com.ar\/wp-content\/uploads\/2026\/01\/622765732_1208765391387203_7710080136098724294_n.jpg"},"yoast_head":"<!-- This site is optimized with the Yoast SEO plugin v26.1.1 - https:\/\/yoast.com\/wordpress\/plugins\/seo\/ -->\n<title>Las altas temperaturas disparan incendios de pastizales: intensa jornada de trabajo para los Bomberos de Matheu - Nuevo Digital de Escobar<\/title>\n<meta name=\"description\" content=\"Las elevadas temperaturas que se vienen registrando desde fines de 2025 contin\u00faan generando serias complicaciones en la regi\u00f3n.\" \/>\n<meta name=\"robots\" content=\"index, follow, max-snippet:-1, max-image-preview:large, max-video-preview:-1\" \/>\n<link rel=\"canonical\" href=\"https:\/\/nuevodigitaldeescobar.com.ar\/?p=19729\" \/>\n<meta property=\"og:locale\" content=\"es_ES\" \/>\n<meta property=\"og:type\" content=\"article\" \/>\n<meta property=\"og:title\" content=\"Las altas temperaturas disparan incendios de pastizales: intensa jornada de trabajo para los Bomberos de Matheu\" \/>\n<meta property=\"og:description\" content=\"Las elevadas temperaturas que se vienen registrando desde fines de 2025 contin\u00faan generando serias complicaciones en la regi\u00f3n.\" \/>\n<meta property=\"og:url\" content=\"https:\/\/nuevodigitaldeescobar.com.ar\/?p=19729\" \/>\n<meta property=\"og:site_name\" content=\"Nuevo Digital de Escobar\" \/>\n<meta property=\"article:publisher\" content=\"https:\/\/www.facebook.com\/NUEVODigitalDeEscobar\" \/>\n<meta property=\"article:published_time\" content=\"2026-01-26T13:12:34+00:00\" \/>\n<meta property=\"article:modified_time\" content=\"2026-01-26T13:12:55+00:00\" \/>\n<meta property=\"og:image\" content=\"http:\/\/nuevodigitaldeescobar.com.ar\/wp-content\/uploads\/2026\/01\/622378620_1208764894720586_6299589194576913795_n.jpg\" \/>\n\t<meta property=\"og:image:width\" content=\"1280\" \/>\n\t<meta property=\"og:image:height\" content=\"720\" \/>\n\t<meta property=\"og:image:type\" content=\"image\/jpeg\" \/>\n<meta name=\"author\" content=\"Redacci\u00f3n\" \/>\n<meta name=\"twitter:card\" content=\"summary_large_image\" \/>\n<meta name=\"twitter:creator\" content=\"@nuevodigescobar\" \/>\n<meta name=\"twitter:site\" content=\"@nuevodigescobar\" \/>\n<meta name=\"twitter:label1\" content=\"Escrito por\" \/>\n\t<meta name=\"twitter:data1\" content=\"Redacci\u00f3n\" \/>\n\t<meta name=\"twitter:label2\" content=\"Tiempo de lectura\" \/>\n\t<meta name=\"twitter:data2\" content=\"2 minutos\" \/>\n<script type=\"application\/ld+json\" class=\"yoast-schema-graph\">{\"@context\":\"https:\/\/schema.org\",\"@graph\":[{\"@type\":\"Article\",\"@id\":\"https:\/\/nuevodigitaldeescobar.com.ar\/?p=19729#article\",\"isPartOf\":{\"@id\":\"https:\/\/nuevodigitaldeescobar.com.ar\/?p=19729\"},\"author\":{\"name\":\"Redacci\u00f3n\",\"@id\":\"https:\/\/nuevodigitaldeescobar.com.ar\/#\/schema\/person\/035e90a8efe9a80e6eec22656ad6ea4c\"},\"headline\":\"Las altas temperaturas disparan incendios de pastizales: intensa jornada de trabajo para los Bomberos de Matheu\",\"datePublished\":\"2026-01-26T13:12:34+00:00\",\"dateModified\":\"2026-01-26T13:12:55+00:00\",\"mainEntityOfPage\":{\"@id\":\"https:\/\/nuevodigitaldeescobar.com.ar\/?p=19729\"},\"wordCount\":348,\"commentCount\":0,\"publisher\":{\"@id\":\"https:\/\/nuevodigitaldeescobar.com.ar\/#organization\"},\"image\":{\"@id\":\"https:\/\/nuevodigitaldeescobar.com.ar\/?p=19729#primaryimage\"},\"thumbnailUrl\":\"https:\/\/nuevodigitaldeescobar.com.ar\/wp-content\/uploads\/2026\/01\/622765732_1208765391387203_7710080136098724294_n.jpg\",\"keywords\":[\"incendio\",\"Matheu\"],\"articleSection\":[\"Inter\u00e9s general\"],\"inLanguage\":\"es\",\"potentialAction\":[{\"@type\":\"CommentAction\",\"name\":\"Comment\",\"target\":[\"https:\/\/nuevodigitaldeescobar.com.ar\/?p=19729#respond\"]}]},{\"@type\":\"WebPage\",\"@id\":\"https:\/\/nuevodigitaldeescobar.com.ar\/?p=19729\",\"url\":\"https:\/\/nuevodigitaldeescobar.com.ar\/?p=19729\",\"name\":\"Las altas temperaturas disparan incendios de pastizales: intensa jornada de trabajo para los Bomberos de Matheu - Nuevo Digital de Escobar\",\"isPartOf\":{\"@id\":\"https:\/\/nuevodigitaldeescobar.com.ar\/#website\"},\"primaryImageOfPage\":{\"@id\":\"https:\/\/nuevodigitaldeescobar.com.ar\/?p=19729#primaryimage\"},\"image\":{\"@id\":\"https:\/\/nuevodigitaldeescobar.com.ar\/?p=19729#primaryimage\"},\"thumbnailUrl\":\"https:\/\/nuevodigitaldeescobar.com.ar\/wp-content\/uploads\/2026\/01\/622765732_1208765391387203_7710080136098724294_n.jpg\",\"datePublished\":\"2026-01-26T13:12:34+00:00\",\"dateModified\":\"2026-01-26T13:12:55+00:00\",\"description\":\"Las elevadas temperaturas que se vienen registrando desde fines de 2025 contin\u00faan generando serias complicaciones en la regi\u00f3n.\",\"breadcrumb\":{\"@id\":\"https:\/\/nuevodigitaldeescobar.com.ar\/?p=19729#breadcrumb\"},\"inLanguage\":\"es\",\"potentialAction\":[{\"@type\":\"ReadAction\",\"target\":[\"https:\/\/nuevodigitaldeescobar.com.ar\/?p=19729\"]}]},{\"@type\":\"ImageObject\",\"inLanguage\":\"es\",\"@id\":\"https:\/\/nuevodigitaldeescobar.com.ar\/?p=19729#primaryimage\",\"url\":\"https:\/\/nuevodigitaldeescobar.com.ar\/wp-content\/uploads\/2026\/01\/622765732_1208765391387203_7710080136098724294_n.jpg\",\"contentUrl\":\"https:\/\/nuevodigitaldeescobar.com.ar\/wp-content\/uploads\/2026\/01\/622765732_1208765391387203_7710080136098724294_n.jpg\",\"width\":2048,\"height\":1538},{\"@type\":\"BreadcrumbList\",\"@id\":\"https:\/\/nuevodigitaldeescobar.com.ar\/?p=19729#breadcrumb\",\"itemListElement\":[{\"@type\":\"ListItem\",\"position\":1,\"name\":\"Portada\",\"item\":\"https:\/\/nuevodigitaldeescobar.com.ar\/\"},{\"@type\":\"ListItem\",\"position\":2,\"name\":\"Las altas temperaturas disparan incendios de pastizales: intensa jornada de trabajo para los Bomberos de Matheu\"}]},{\"@type\":\"WebSite\",\"@id\":\"https:\/\/nuevodigitaldeescobar.com.ar\/#website\",\"url\":\"https:\/\/nuevodigitaldeescobar.com.ar\/\",\"name\":\"Nuevo Digital de Escobar\",\"description\":\"La vida escobarense. Directora: Rosana Brunner\",\"publisher\":{\"@id\":\"https:\/\/nuevodigitaldeescobar.com.ar\/#organization\"},\"potentialAction\":[{\"@type\":\"SearchAction\",\"target\":{\"@type\":\"EntryPoint\",\"urlTemplate\":\"https:\/\/nuevodigitaldeescobar.com.ar\/?s={search_term_string}\"},\"query-input\":{\"@type\":\"PropertyValueSpecification\",\"valueRequired\":true,\"valueName\":\"search_term_string\"}}],\"inLanguage\":\"es\"},{\"@type\":\"Organization\",\"@id\":\"https:\/\/nuevodigitaldeescobar.com.ar\/#organization\",\"name\":\"Nuevo Digital de Escobar\",\"url\":\"https:\/\/nuevodigitaldeescobar.com.ar\/\",\"logo\":{\"@type\":\"ImageObject\",\"inLanguage\":\"es\",\"@id\":\"https:\/\/nuevodigitaldeescobar.com.ar\/#\/schema\/logo\/image\/\",\"url\":\"https:\/\/nuevodigitaldeescobar.com.ar\/wp-content\/uploads\/2025\/05\/cropped-logo-nuevo2.jpg\",\"contentUrl\":\"https:\/\/nuevodigitaldeescobar.com.ar\/wp-content\/uploads\/2025\/05\/cropped-logo-nuevo2.jpg\",\"width\":305,\"height\":305,\"caption\":\"Nuevo Digital de Escobar\"},\"image\":{\"@id\":\"https:\/\/nuevodigitaldeescobar.com.ar\/#\/schema\/logo\/image\/\"},\"sameAs\":[\"https:\/\/www.facebook.com\/NUEVODigitalDeEscobar\",\"https:\/\/x.com\/nuevodigescobar\",\"https:\/\/www.instagram.com\/nuevodigitaldeescobar\"]},{\"@type\":\"Person\",\"@id\":\"https:\/\/nuevodigitaldeescobar.com.ar\/#\/schema\/person\/035e90a8efe9a80e6eec22656ad6ea4c\",\"name\":\"Redacci\u00f3n\",\"image\":{\"@type\":\"ImageObject\",\"inLanguage\":\"es\",\"@id\":\"https:\/\/nuevodigitaldeescobar.com.ar\/#\/schema\/person\/image\/\",\"url\":\"https:\/\/secure.gravatar.com\/avatar\/8af8f40000c24e9eef3034f2be5998a372bb1389e64b1a4a36b3a7979142220d?s=96&d=mm&r=g\",\"contentUrl\":\"https:\/\/secure.gravatar.com\/avatar\/8af8f40000c24e9eef3034f2be5998a372bb1389e64b1a4a36b3a7979142220d?s=96&d=mm&r=g\",\"caption\":\"Redacci\u00f3n\"},\"sameAs\":[\"http:\/\/nuevodigitaldeescobar.com.ar\"],\"url\":\"https:\/\/nuevodigitaldeescobar.com.ar\/?author=1\"}]}<\/script>\n<!-- \/ Yoast SEO plugin. -->","yoast_head_json":{"title":"Las altas temperaturas disparan incendios de pastizales: intensa jornada de trabajo para los Bomberos de Matheu - Nuevo Digital de Escobar","description":"Las elevadas temperaturas que se vienen registrando desde fines de 2025 contin\u00faan generando serias complicaciones en la regi\u00f3n.","robots":{"index":"index","follow":"follow","max-snippet":"max-snippet:-1","max-image-preview":"max-image-preview:large","max-video-preview":"max-video-preview:-1"},"canonical":"https:\/\/nuevodigitaldeescobar.com.ar\/?p=19729","og_locale":"es_ES","og_type":"article","og_title":"Las altas temperaturas disparan incendios de pastizales: intensa jornada de trabajo para los Bomberos de Matheu","og_description":"Las elevadas temperaturas que se vienen registrando desde fines de 2025 contin\u00faan generando serias complicaciones en la regi\u00f3n.","og_url":"https:\/\/nuevodigitaldeescobar.com.ar\/?p=19729","og_site_name":"Nuevo Digital de Escobar","article_publisher":"https:\/\/www.facebook.com\/NUEVODigitalDeEscobar","article_published_time":"2026-01-26T13:12:34+00:00","article_modified_time":"2026-01-26T13:12:55+00:00","og_image":[{"width":1280,"height":720,"url":"http:\/\/nuevodigitaldeescobar.com.ar\/wp-content\/uploads\/2026\/01\/622378620_1208764894720586_6299589194576913795_n.jpg","type":"image\/jpeg"}],"author":"Redacci\u00f3n","twitter_card":"summary_large_image","twitter_creator":"@nuevodigescobar","twitter_site":"@nuevodigescobar","twitter_misc":{"Escrito por":"Redacci\u00f3n","Tiempo de lectura":"2 minutos"},"schema":{"@context":"https:\/\/schema.org","@graph":[{"@type":"Article","@id":"https:\/\/nuevodigitaldeescobar.com.ar\/?p=19729#article","isPartOf":{"@id":"https:\/\/nuevodigitaldeescobar.com.ar\/?p=19729"},"author":{"name":"Redacci\u00f3n","@id":"https:\/\/nuevodigitaldeescobar.com.ar\/#\/schema\/person\/035e90a8efe9a80e6eec22656ad6ea4c"},"headline":"Las altas temperaturas disparan incendios de pastizales: intensa jornada de trabajo para los Bomberos de Matheu","datePublished":"2026-01-26T13:12:34+00:00","dateModified":"2026-01-26T13:12:55+00:00","mainEntityOfPage":{"@id":"https:\/\/nuevodigitaldeescobar.com.ar\/?p=19729"},"wordCount":348,"commentCount":0,"publisher":{"@id":"https:\/\/nuevodigitaldeescobar.com.ar\/#organization"},"image":{"@id":"https:\/\/nuevodigitaldeescobar.com.ar\/?p=19729#primaryimage"},"thumbnailUrl":"https:\/\/nuevodigitaldeescobar.com.ar\/wp-content\/uploads\/2026\/01\/622765732_1208765391387203_7710080136098724294_n.jpg","keywords":["incendio","Matheu"],"articleSection":["Inter\u00e9s general"],"inLanguage":"es","potentialAction":[{"@type":"CommentAction","name":"Comment","target":["https:\/\/nuevodigitaldeescobar.com.ar\/?p=19729#respond"]}]},{"@type":"WebPage","@id":"https:\/\/nuevodigitaldeescobar.com.ar\/?p=19729","url":"https:\/\/nuevodigitaldeescobar.com.ar\/?p=19729","name":"Las altas temperaturas disparan incendios de pastizales: intensa jornada de trabajo para los Bomberos de Matheu - Nuevo Digital de Escobar","isPartOf":{"@id":"https:\/\/nuevodigitaldeescobar.com.ar\/#website"},"primaryImageOfPage":{"@id":"https:\/\/nuevodigitaldeescobar.com.ar\/?p=19729#primaryimage"},"image":{"@id":"https:\/\/nuevodigitaldeescobar.com.ar\/?p=19729#primaryimage"},"thumbnailUrl":"https:\/\/nuevodigitaldeescobar.com.ar\/wp-content\/uploads\/2026\/01\/622765732_1208765391387203_7710080136098724294_n.jpg","datePublished":"2026-01-26T13:12:34+00:00","dateModified":"2026-01-26T13:12:55+00:00","description":"Las elevadas temperaturas que se vienen registrando desde fines de 2025 contin\u00faan generando serias complicaciones en la regi\u00f3n.","breadcrumb":{"@id":"https:\/\/nuevodigitaldeescobar.com.ar\/?p=19729#breadcrumb"},"inLanguage":"es","potentialAction":[{"@type":"ReadAction","target":["https:\/\/nuevodigitaldeescobar.com.ar\/?p=19729"]}]},{"@type":"ImageObject","inLanguage":"es","@id":"https:\/\/nuevodigitaldeescobar.com.ar\/?p=19729#primaryimage","url":"https:\/\/nuevodigitaldeescobar.com.ar\/wp-content\/uploads\/2026\/01\/622765732_1208765391387203_7710080136098724294_n.jpg","contentUrl":"https:\/\/nuevodigitaldeescobar.com.ar\/wp-content\/uploads\/2026\/01\/622765732_1208765391387203_7710080136098724294_n.jpg","width":2048,"height":1538},{"@type":"BreadcrumbList","@id":"https:\/\/nuevodigitaldeescobar.com.ar\/?p=19729#breadcrumb","itemListElement":[{"@type":"ListItem","position":1,"name":"Portada","item":"https:\/\/nuevodigitaldeescobar.com.ar\/"},{"@type":"ListItem","position":2,"name":"Las altas temperaturas disparan incendios de pastizales: intensa jornada de trabajo para los Bomberos de Matheu"}]},{"@type":"WebSite","@id":"https:\/\/nuevodigitaldeescobar.com.ar\/#website","url":"https:\/\/nuevodigitaldeescobar.com.ar\/","name":"Nuevo Digital de Escobar","description":"La vida escobarense. Directora: Rosana Brunner","publisher":{"@id":"https:\/\/nuevodigitaldeescobar.com.ar\/#organization"},"potentialAction":[{"@type":"SearchAction","target":{"@type":"EntryPoint","urlTemplate":"https:\/\/nuevodigitaldeescobar.com.ar\/?s={search_term_string}"},"query-input":{"@type":"PropertyValueSpecification","valueRequired":true,"valueName":"search_term_string"}}],"inLanguage":"es"},{"@type":"Organization","@id":"https:\/\/nuevodigitaldeescobar.com.ar\/#organization","name":"Nuevo Digital de Escobar","url":"https:\/\/nuevodigitaldeescobar.com.ar\/","logo":{"@type":"ImageObject","inLanguage":"es","@id":"https:\/\/nuevodigitaldeescobar.com.ar\/#\/schema\/logo\/image\/","url":"https:\/\/nuevodigitaldeescobar.com.ar\/wp-content\/uploads\/2025\/05\/cropped-logo-nuevo2.jpg","contentUrl":"https:\/\/nuevodigitaldeescobar.com.ar\/wp-content\/uploads\/2025\/05\/cropped-logo-nuevo2.jpg","width":305,"height":305,"caption":"Nuevo Digital de Escobar"},"image":{"@id":"https:\/\/nuevodigitaldeescobar.com.ar\/#\/schema\/logo\/image\/"},"sameAs":["https:\/\/www.facebook.com\/NUEVODigitalDeEscobar","https:\/\/x.com\/nuevodigescobar","https:\/\/www.instagram.com\/nuevodigitaldeescobar"]},{"@type":"Person","@id":"https:\/\/nuevodigitaldeescobar.com.ar\/#\/schema\/person\/035e90a8efe9a80e6eec22656ad6ea4c","name":"Redacci\u00f3n","image":{"@type":"ImageObject","inLanguage":"es","@id":"https:\/\/nuevodigitaldeescobar.com.ar\/#\/schema\/person\/image\/","url":"https:\/\/secure.gravatar.com\/avatar\/8af8f40000c24e9eef3034f2be5998a372bb1389e64b1a4a36b3a7979142220d?s=96&d=mm&r=g","contentUrl":"https:\/\/secure.gravatar.com\/avatar\/8af8f40000c24e9eef3034f2be5998a372bb1389e64b1a4a36b3a7979142220d?s=96&d=mm&r=g","caption":"Redacci\u00f3n"},"sameAs":["http:\/\/nuevodigitaldeescobar.com.ar"],"url":"https:\/\/nuevodigitaldeescobar.com.ar\/?author=1"}]}},"featured_image_urls":{"full":["https:\/\/nuevodigitaldeescobar.com.ar\/wp-content\/uploads\/2026\/01\/622765732_1208765391387203_7710080136098724294_n.jpg",2048,1538,false],"thumbnail":["https:\/\/nuevodigitaldeescobar.com.ar\/wp-content\/uploads\/2026\/01\/622765732_1208765391387203_7710080136098724294_n-150x150.jpg",150,150,true],"medium":["https:\/\/nuevodigitaldeescobar.com.ar\/wp-content\/uploads\/2026\/01\/622765732_1208765391387203_7710080136098724294_n-300x225.jpg",300,225,true],"medium_large":["https:\/\/nuevodigitaldeescobar.com.ar\/wp-content\/uploads\/2026\/01\/622765732_1208765391387203_7710080136098724294_n-768x577.jpg",640,481,true],"large":["https:\/\/nuevodigitaldeescobar.com.ar\/wp-content\/uploads\/2026\/01\/622765732_1208765391387203_7710080136098724294_n-1024x769.jpg",640,481,true],"1536x1536":["https:\/\/nuevodigitaldeescobar.com.ar\/wp-content\/uploads\/2026\/01\/622765732_1208765391387203_7710080136098724294_n-1536x1154.jpg",1536,1154,true],"2048x2048":["https:\/\/nuevodigitaldeescobar.com.ar\/wp-content\/uploads\/2026\/01\/622765732_1208765391387203_7710080136098724294_n.jpg",2048,1538,false]},"author_info":{"display_name":"Redacci\u00f3n","author_link":"https:\/\/nuevodigitaldeescobar.com.ar\/?author=1"},"category_info":"<a href=\"https:\/\/nuevodigitaldeescobar.com.ar\/?cat=7\" rel=\"category\">Inter\u00e9s general<\/a>","tag_info":"Inter\u00e9s general","comment_count":"0","_links":{"self":[{"href":"https:\/\/nuevodigitaldeescobar.com.ar\/index.php?rest_route=\/wp\/v2\/posts\/19729","targetHints":{"allow":["GET"]}}],"collection":[{"href":"https:\/\/nuevodigitaldeescobar.com.ar\/index.php?rest_route=\/wp\/v2\/posts"}],"about":[{"href":"https:\/\/nuevodigitaldeescobar.com.ar\/index.php?rest_route=\/wp\/v2\/types\/post"}],"author":[{"embeddable":true,"href":"https:\/\/nuevodigitaldeescobar.com.ar\/index.php?rest_route=\/wp\/v2\/users\/1"}],"replies":[{"embeddable":true,"href":"https:\/\/nuevodigitaldeescobar.com.ar\/index.php?rest_route=%2Fwp%2Fv2%2Fcomments&post=19729"}],"version-history":[{"count":1,"href":"https:\/\/nuevodigitaldeescobar.com.ar\/index.php?rest_route=\/wp\/v2\/posts\/19729\/revisions"}],"predecessor-version":[{"id":19732,"href":"https:\/\/nuevodigitaldeescobar.com.ar\/index.php?rest_route=\/wp\/v2\/posts\/19729\/revisions\/19732"}],"wp:featuredmedia":[{"embeddable":true,"href":"https:\/\/nuevodigitaldeescobar.com.ar\/index.php?rest_route=\/wp\/v2\/media\/19731"}],"wp:attachment":[{"href":"https:\/\/nuevodigitaldeescobar.com.ar\/index.php?rest_route=%2Fwp%2Fv2%2Fmedia&parent=19729"}],"wp:term":[{"taxonomy":"category","embeddable":true,"href":"https:\/\/nuevodigitaldeescobar.com.ar\/index.php?rest_route=%2Fwp%2Fv2%2Fcategories&post=19729"},{"taxonomy":"post_tag","embeddable":true,"href":"https:\/\/nuevodigitaldeescobar.com.ar\/index.php?rest_route=%2Fwp%2Fv2%2Ftags&post=19729"}],"curies":[{"name":"wp","href":"https:\/\/api.w.org\/{rel}","templated":true}]}}