{"id":19738,"date":"2026-01-26T11:35:00","date_gmt":"2026-01-26T14:35:00","guid":{"rendered":"https:\/\/nuevodigitaldeescobar.com.ar\/?p=19738"},"modified":"2026-01-26T11:35:02","modified_gmt":"2026-01-26T14:35:02","slug":"cronograma-del-sistema-municipal-de-recoleccion-de-ramas-para-esta-semana-29","status":"publish","type":"post","link":"https:\/\/nuevodigitaldeescobar.com.ar\/?p=19738","title":{"rendered":"Cronograma del sistema municipal de recolecci\u00f3n de ramas para esta semana"},"content":{"rendered":"\n<p>La Municipalidad de Escobar informa el cronograma semanal de recolecci\u00f3n de ramas y restos de podas para que los vecinos puedan depositarlos a partir de hoy, lunes 26, hasta el domingo 1\u00ba de febrero. Los equipos municipales pasar\u00e1n a retirarlos a partir del lunes 2 hasta el s\u00e1bado 7.\u00a0<\/p>\n\n\n\n<!--more-->\n\n\n\n<p>Las UGC involucradas en esta oportunidad son las siguientes: GA6 (Hip\u00f3lito Yrigoyen 2675), UGC SA1 (Carlos del Garc\u00eda 1250), SA2 (Los Claveles 1920) y SA3 (Chaco 242). Ante cualquier duda sobre las zonas que abarca cada UGC, se puede consultar el sitio web oficial <a href=\"https:\/\/www.escobar.gob.ar\/ugc\/\" target=\"_blank\" rel=\"noreferrer noopener\">www.escobar.gob.ar\/ugc<\/a>.\u00a0<\/p>\n\n\n\n<p>A su vez, para conocer el cronograma, los vecinos pueden ingresar a la web <a href=\"https:\/\/escobar.gob.ar\/recoleccion-de-ramas\" target=\"_blank\" rel=\"noreferrer noopener\">escobar.gob.ar\/recoleccion-de-ramas<\/a> o consultar v\u00eda WhatsApp a Flora, el chatbot del Municipio, al wa.me\/5491168131202. Es importante recordar que, seg\u00fan la ordenanza municipal 4526\/08, las ramas deben colocarse sin obstruir la calzada ni los desag\u00fces pluviales, y no pueden exceder un metro c\u00fabico de volumen. El cronograma es semanal, por lo que se requiere que las ramas se saquen a la calle \u00fanicamente en las fechas indicadas. De lo contrario, se aplicar\u00e1n severas multas.<\/p>\n","protected":false},"excerpt":{"rendered":"<p>La Municipalidad de Escobar informa el cronograma semanal de recolecci\u00f3n de ramas y restos de podas para que los vecinos puedan depositarlos a partir de [&hellip;]<\/p>\n","protected":false},"author":1,"featured_media":19739,"comment_status":"open","ping_status":"open","sticky":false,"template":"","format":"standard","meta":{"footnotes":""},"categories":[7],"tags":[338],"class_list":["post-19738","post","type-post","status-publish","format-standard","has-post-thumbnail","hentry","category-interes-general","tag-recoleccion-de-ramas"],"better_featured_image":{"id":19739,"alt_text":"","caption":"","description":"","media_type":"image","media_details":{"width":1600,"height":900,"file":"2026\/01\/whatsapp_image_2026_01_22_at_11_31_54.jpeg","filesize":295032,"sizes":{"medium":{"file":"whatsapp_image_2026_01_22_at_11_31_54-300x169.jpeg","width":300,"height":169,"mime-type":"image\/jpeg","filesize":15187,"source_url":"https:\/\/nuevodigitaldeescobar.com.ar\/wp-content\/uploads\/2026\/01\/whatsapp_image_2026_01_22_at_11_31_54-300x169.jpeg"},"large":{"file":"whatsapp_image_2026_01_22_at_11_31_54-1024x576.jpeg","width":1024,"height":576,"mime-type":"image\/jpeg","filesize":147369,"source_url":"https:\/\/nuevodigitaldeescobar.com.ar\/wp-content\/uploads\/2026\/01\/whatsapp_image_2026_01_22_at_11_31_54-1024x576.jpeg"},"thumbnail":{"file":"whatsapp_image_2026_01_22_at_11_31_54-150x150.jpeg","width":150,"height":150,"mime-type":"image\/jpeg","filesize":7330,"source_url":"https:\/\/nuevodigitaldeescobar.com.ar\/wp-content\/uploads\/2026\/01\/whatsapp_image_2026_01_22_at_11_31_54-150x150.jpeg"},"medium_large":{"file":"whatsapp_image_2026_01_22_at_11_31_54-768x432.jpeg","width":768,"height":432,"mime-type":"image\/jpeg","filesize":85836,"source_url":"https:\/\/nuevodigitaldeescobar.com.ar\/wp-content\/uploads\/2026\/01\/whatsapp_image_2026_01_22_at_11_31_54-768x432.jpeg"},"1536x1536":{"file":"whatsapp_image_2026_01_22_at_11_31_54-1536x864.jpeg","width":1536,"height":864,"mime-type":"image\/jpeg","filesize":298679,"source_url":"https:\/\/nuevodigitaldeescobar.com.ar\/wp-content\/uploads\/2026\/01\/whatsapp_image_2026_01_22_at_11_31_54-1536x864.jpeg"}},"image_meta":{"aperture":"0","credit":"","camera":"","caption":"","created_timestamp":"0","copyright":"","focal_length":"0","iso":"0","shutter_speed":"0","title":"","orientation":"0","keywords":[]}},"post":19738,"source_url":"https:\/\/nuevodigitaldeescobar.com.ar\/wp-content\/uploads\/2026\/01\/whatsapp_image_2026_01_22_at_11_31_54.jpeg"},"yoast_head":"<!-- This site is optimized with the Yoast SEO plugin v26.1.1 - https:\/\/yoast.com\/wordpress\/plugins\/seo\/ -->\n<title>Cronograma del sistema municipal de recolecci\u00f3n de ramas para esta semana - Nuevo Digital de Escobar<\/title>\n<meta name=\"description\" content=\"La Municipalidad de Escobar informa el cronograma semanal de recolecci\u00f3n de ramas y restos de podas para que los vecinos puedan depositarlos a partir de hoy, lunes 26, hasta el domingo 1\u00ba de febrero. Los equipos municipales pasar\u00e1n a retirarlos a partir del lunes 2 hasta el s\u00e1bado 7.\u00a0\" \/>\n<meta name=\"robots\" content=\"index, follow, max-snippet:-1, max-image-preview:large, max-video-preview:-1\" \/>\n<link rel=\"canonical\" href=\"https:\/\/nuevodigitaldeescobar.com.ar\/?p=19738\" \/>\n<meta property=\"og:locale\" content=\"es_ES\" \/>\n<meta property=\"og:type\" content=\"article\" \/>\n<meta property=\"og:title\" content=\"Cronograma del sistema municipal de recolecci\u00f3n de ramas para esta semana\" \/>\n<meta property=\"og:description\" content=\"La Municipalidad de Escobar informa el cronograma semanal de recolecci\u00f3n de ramas y restos de podas para que los vecinos puedan depositarlos a partir de hoy, lunes 26, hasta el domingo 1\u00ba de febrero. Los equipos municipales pasar\u00e1n a retirarlos a partir del lunes 2 hasta el s\u00e1bado 7.\u00a0\" \/>\n<meta property=\"og:url\" content=\"https:\/\/nuevodigitaldeescobar.com.ar\/?p=19738\" \/>\n<meta property=\"og:site_name\" content=\"Nuevo Digital de Escobar\" \/>\n<meta property=\"article:publisher\" content=\"https:\/\/www.facebook.com\/NUEVODigitalDeEscobar\" \/>\n<meta property=\"article:published_time\" content=\"2026-01-26T14:35:00+00:00\" \/>\n<meta property=\"article:modified_time\" content=\"2026-01-26T14:35:02+00:00\" \/>\n<meta property=\"og:image\" content=\"http:\/\/nuevodigitaldeescobar.com.ar\/wp-content\/uploads\/2026\/01\/whatsapp_image_2026_01_22_at_11_31_54.jpeg\" \/>\n\t<meta property=\"og:image:width\" content=\"1600\" \/>\n\t<meta property=\"og:image:height\" content=\"900\" \/>\n\t<meta property=\"og:image:type\" content=\"image\/jpeg\" \/>\n<meta name=\"author\" content=\"Redacci\u00f3n\" \/>\n<meta name=\"twitter:card\" content=\"summary_large_image\" \/>\n<meta name=\"twitter:creator\" content=\"@nuevodigescobar\" \/>\n<meta name=\"twitter:site\" content=\"@nuevodigescobar\" \/>\n<meta name=\"twitter:label1\" content=\"Escrito por\" \/>\n\t<meta name=\"twitter:data1\" content=\"Redacci\u00f3n\" \/>\n\t<meta name=\"twitter:label2\" content=\"Tiempo de lectura\" \/>\n\t<meta name=\"twitter:data2\" content=\"2 minutos\" \/>\n<script type=\"application\/ld+json\" class=\"yoast-schema-graph\">{\"@context\":\"https:\/\/schema.org\",\"@graph\":[{\"@type\":\"Article\",\"@id\":\"https:\/\/nuevodigitaldeescobar.com.ar\/?p=19738#article\",\"isPartOf\":{\"@id\":\"https:\/\/nuevodigitaldeescobar.com.ar\/?p=19738\"},\"author\":{\"name\":\"Redacci\u00f3n\",\"@id\":\"https:\/\/nuevodigitaldeescobar.com.ar\/#\/schema\/person\/035e90a8efe9a80e6eec22656ad6ea4c\"},\"headline\":\"Cronograma del sistema municipal de recolecci\u00f3n de ramas para esta semana\",\"datePublished\":\"2026-01-26T14:35:00+00:00\",\"dateModified\":\"2026-01-26T14:35:02+00:00\",\"mainEntityOfPage\":{\"@id\":\"https:\/\/nuevodigitaldeescobar.com.ar\/?p=19738\"},\"wordCount\":201,\"commentCount\":0,\"publisher\":{\"@id\":\"https:\/\/nuevodigitaldeescobar.com.ar\/#organization\"},\"image\":{\"@id\":\"https:\/\/nuevodigitaldeescobar.com.ar\/?p=19738#primaryimage\"},\"thumbnailUrl\":\"https:\/\/nuevodigitaldeescobar.com.ar\/wp-content\/uploads\/2026\/01\/whatsapp_image_2026_01_22_at_11_31_54.jpeg\",\"keywords\":[\"recolecci\u00f3n de ramas\"],\"articleSection\":[\"Inter\u00e9s general\"],\"inLanguage\":\"es\",\"potentialAction\":[{\"@type\":\"CommentAction\",\"name\":\"Comment\",\"target\":[\"https:\/\/nuevodigitaldeescobar.com.ar\/?p=19738#respond\"]}]},{\"@type\":\"WebPage\",\"@id\":\"https:\/\/nuevodigitaldeescobar.com.ar\/?p=19738\",\"url\":\"https:\/\/nuevodigitaldeescobar.com.ar\/?p=19738\",\"name\":\"Cronograma del sistema municipal de recolecci\u00f3n de ramas para esta semana - Nuevo Digital de Escobar\",\"isPartOf\":{\"@id\":\"https:\/\/nuevodigitaldeescobar.com.ar\/#website\"},\"primaryImageOfPage\":{\"@id\":\"https:\/\/nuevodigitaldeescobar.com.ar\/?p=19738#primaryimage\"},\"image\":{\"@id\":\"https:\/\/nuevodigitaldeescobar.com.ar\/?p=19738#primaryimage\"},\"thumbnailUrl\":\"https:\/\/nuevodigitaldeescobar.com.ar\/wp-content\/uploads\/2026\/01\/whatsapp_image_2026_01_22_at_11_31_54.jpeg\",\"datePublished\":\"2026-01-26T14:35:00+00:00\",\"dateModified\":\"2026-01-26T14:35:02+00:00\",\"description\":\"La Municipalidad de Escobar informa el cronograma semanal de recolecci\u00f3n de ramas y restos de podas para que los vecinos puedan depositarlos a partir de hoy, lunes 26, hasta el domingo 1\u00ba de febrero. Los equipos municipales pasar\u00e1n a retirarlos a partir del lunes 2 hasta el s\u00e1bado 7.\u00a0\",\"breadcrumb\":{\"@id\":\"https:\/\/nuevodigitaldeescobar.com.ar\/?p=19738#breadcrumb\"},\"inLanguage\":\"es\",\"potentialAction\":[{\"@type\":\"ReadAction\",\"target\":[\"https:\/\/nuevodigitaldeescobar.com.ar\/?p=19738\"]}]},{\"@type\":\"ImageObject\",\"inLanguage\":\"es\",\"@id\":\"https:\/\/nuevodigitaldeescobar.com.ar\/?p=19738#primaryimage\",\"url\":\"https:\/\/nuevodigitaldeescobar.com.ar\/wp-content\/uploads\/2026\/01\/whatsapp_image_2026_01_22_at_11_31_54.jpeg\",\"contentUrl\":\"https:\/\/nuevodigitaldeescobar.com.ar\/wp-content\/uploads\/2026\/01\/whatsapp_image_2026_01_22_at_11_31_54.jpeg\",\"width\":1600,\"height\":900},{\"@type\":\"BreadcrumbList\",\"@id\":\"https:\/\/nuevodigitaldeescobar.com.ar\/?p=19738#breadcrumb\",\"itemListElement\":[{\"@type\":\"ListItem\",\"position\":1,\"name\":\"Portada\",\"item\":\"https:\/\/nuevodigitaldeescobar.com.ar\/\"},{\"@type\":\"ListItem\",\"position\":2,\"name\":\"Cronograma del sistema municipal de recolecci\u00f3n de ramas para esta semana\"}]},{\"@type\":\"WebSite\",\"@id\":\"https:\/\/nuevodigitaldeescobar.com.ar\/#website\",\"url\":\"https:\/\/nuevodigitaldeescobar.com.ar\/\",\"name\":\"Nuevo Digital de Escobar\",\"description\":\"La vida escobarense. Directora: Rosana Brunner\",\"publisher\":{\"@id\":\"https:\/\/nuevodigitaldeescobar.com.ar\/#organization\"},\"potentialAction\":[{\"@type\":\"SearchAction\",\"target\":{\"@type\":\"EntryPoint\",\"urlTemplate\":\"https:\/\/nuevodigitaldeescobar.com.ar\/?s={search_term_string}\"},\"query-input\":{\"@type\":\"PropertyValueSpecification\",\"valueRequired\":true,\"valueName\":\"search_term_string\"}}],\"inLanguage\":\"es\"},{\"@type\":\"Organization\",\"@id\":\"https:\/\/nuevodigitaldeescobar.com.ar\/#organization\",\"name\":\"Nuevo Digital de Escobar\",\"url\":\"https:\/\/nuevodigitaldeescobar.com.ar\/\",\"logo\":{\"@type\":\"ImageObject\",\"inLanguage\":\"es\",\"@id\":\"https:\/\/nuevodigitaldeescobar.com.ar\/#\/schema\/logo\/image\/\",\"url\":\"https:\/\/nuevodigitaldeescobar.com.ar\/wp-content\/uploads\/2025\/05\/cropped-logo-nuevo2.jpg\",\"contentUrl\":\"https:\/\/nuevodigitaldeescobar.com.ar\/wp-content\/uploads\/2025\/05\/cropped-logo-nuevo2.jpg\",\"width\":305,\"height\":305,\"caption\":\"Nuevo Digital de Escobar\"},\"image\":{\"@id\":\"https:\/\/nuevodigitaldeescobar.com.ar\/#\/schema\/logo\/image\/\"},\"sameAs\":[\"https:\/\/www.facebook.com\/NUEVODigitalDeEscobar\",\"https:\/\/x.com\/nuevodigescobar\",\"https:\/\/www.instagram.com\/nuevodigitaldeescobar\"]},{\"@type\":\"Person\",\"@id\":\"https:\/\/nuevodigitaldeescobar.com.ar\/#\/schema\/person\/035e90a8efe9a80e6eec22656ad6ea4c\",\"name\":\"Redacci\u00f3n\",\"image\":{\"@type\":\"ImageObject\",\"inLanguage\":\"es\",\"@id\":\"https:\/\/nuevodigitaldeescobar.com.ar\/#\/schema\/person\/image\/\",\"url\":\"https:\/\/secure.gravatar.com\/avatar\/8af8f40000c24e9eef3034f2be5998a372bb1389e64b1a4a36b3a7979142220d?s=96&d=mm&r=g\",\"contentUrl\":\"https:\/\/secure.gravatar.com\/avatar\/8af8f40000c24e9eef3034f2be5998a372bb1389e64b1a4a36b3a7979142220d?s=96&d=mm&r=g\",\"caption\":\"Redacci\u00f3n\"},\"sameAs\":[\"http:\/\/nuevodigitaldeescobar.com.ar\"],\"url\":\"https:\/\/nuevodigitaldeescobar.com.ar\/?author=1\"}]}<\/script>\n<!-- \/ Yoast SEO plugin. -->","yoast_head_json":{"title":"Cronograma del sistema municipal de recolecci\u00f3n de ramas para esta semana - Nuevo Digital de Escobar","description":"La Municipalidad de Escobar informa el cronograma semanal de recolecci\u00f3n de ramas y restos de podas para que los vecinos puedan depositarlos a partir de hoy, lunes 26, hasta el domingo 1\u00ba de febrero. Los equipos municipales pasar\u00e1n a retirarlos a partir del lunes 2 hasta el s\u00e1bado 7.\u00a0","robots":{"index":"index","follow":"follow","max-snippet":"max-snippet:-1","max-image-preview":"max-image-preview:large","max-video-preview":"max-video-preview:-1"},"canonical":"https:\/\/nuevodigitaldeescobar.com.ar\/?p=19738","og_locale":"es_ES","og_type":"article","og_title":"Cronograma del sistema municipal de recolecci\u00f3n de ramas para esta semana","og_description":"La Municipalidad de Escobar informa el cronograma semanal de recolecci\u00f3n de ramas y restos de podas para que los vecinos puedan depositarlos a partir de hoy, lunes 26, hasta el domingo 1\u00ba de febrero. Los equipos municipales pasar\u00e1n a retirarlos a partir del lunes 2 hasta el s\u00e1bado 7.\u00a0","og_url":"https:\/\/nuevodigitaldeescobar.com.ar\/?p=19738","og_site_name":"Nuevo Digital de Escobar","article_publisher":"https:\/\/www.facebook.com\/NUEVODigitalDeEscobar","article_published_time":"2026-01-26T14:35:00+00:00","article_modified_time":"2026-01-26T14:35:02+00:00","og_image":[{"width":1600,"height":900,"url":"http:\/\/nuevodigitaldeescobar.com.ar\/wp-content\/uploads\/2026\/01\/whatsapp_image_2026_01_22_at_11_31_54.jpeg","type":"image\/jpeg"}],"author":"Redacci\u00f3n","twitter_card":"summary_large_image","twitter_creator":"@nuevodigescobar","twitter_site":"@nuevodigescobar","twitter_misc":{"Escrito por":"Redacci\u00f3n","Tiempo de lectura":"2 minutos"},"schema":{"@context":"https:\/\/schema.org","@graph":[{"@type":"Article","@id":"https:\/\/nuevodigitaldeescobar.com.ar\/?p=19738#article","isPartOf":{"@id":"https:\/\/nuevodigitaldeescobar.com.ar\/?p=19738"},"author":{"name":"Redacci\u00f3n","@id":"https:\/\/nuevodigitaldeescobar.com.ar\/#\/schema\/person\/035e90a8efe9a80e6eec22656ad6ea4c"},"headline":"Cronograma del sistema municipal de recolecci\u00f3n de ramas para esta semana","datePublished":"2026-01-26T14:35:00+00:00","dateModified":"2026-01-26T14:35:02+00:00","mainEntityOfPage":{"@id":"https:\/\/nuevodigitaldeescobar.com.ar\/?p=19738"},"wordCount":201,"commentCount":0,"publisher":{"@id":"https:\/\/nuevodigitaldeescobar.com.ar\/#organization"},"image":{"@id":"https:\/\/nuevodigitaldeescobar.com.ar\/?p=19738#primaryimage"},"thumbnailUrl":"https:\/\/nuevodigitaldeescobar.com.ar\/wp-content\/uploads\/2026\/01\/whatsapp_image_2026_01_22_at_11_31_54.jpeg","keywords":["recolecci\u00f3n de ramas"],"articleSection":["Inter\u00e9s general"],"inLanguage":"es","potentialAction":[{"@type":"CommentAction","name":"Comment","target":["https:\/\/nuevodigitaldeescobar.com.ar\/?p=19738#respond"]}]},{"@type":"WebPage","@id":"https:\/\/nuevodigitaldeescobar.com.ar\/?p=19738","url":"https:\/\/nuevodigitaldeescobar.com.ar\/?p=19738","name":"Cronograma del sistema municipal de recolecci\u00f3n de ramas para esta semana - Nuevo Digital de Escobar","isPartOf":{"@id":"https:\/\/nuevodigitaldeescobar.com.ar\/#website"},"primaryImageOfPage":{"@id":"https:\/\/nuevodigitaldeescobar.com.ar\/?p=19738#primaryimage"},"image":{"@id":"https:\/\/nuevodigitaldeescobar.com.ar\/?p=19738#primaryimage"},"thumbnailUrl":"https:\/\/nuevodigitaldeescobar.com.ar\/wp-content\/uploads\/2026\/01\/whatsapp_image_2026_01_22_at_11_31_54.jpeg","datePublished":"2026-01-26T14:35:00+00:00","dateModified":"2026-01-26T14:35:02+00:00","description":"La Municipalidad de Escobar informa el cronograma semanal de recolecci\u00f3n de ramas y restos de podas para que los vecinos puedan depositarlos a partir de hoy, lunes 26, hasta el domingo 1\u00ba de febrero. Los equipos municipales pasar\u00e1n a retirarlos a partir del lunes 2 hasta el s\u00e1bado 7.\u00a0","breadcrumb":{"@id":"https:\/\/nuevodigitaldeescobar.com.ar\/?p=19738#breadcrumb"},"inLanguage":"es","potentialAction":[{"@type":"ReadAction","target":["https:\/\/nuevodigitaldeescobar.com.ar\/?p=19738"]}]},{"@type":"ImageObject","inLanguage":"es","@id":"https:\/\/nuevodigitaldeescobar.com.ar\/?p=19738#primaryimage","url":"https:\/\/nuevodigitaldeescobar.com.ar\/wp-content\/uploads\/2026\/01\/whatsapp_image_2026_01_22_at_11_31_54.jpeg","contentUrl":"https:\/\/nuevodigitaldeescobar.com.ar\/wp-content\/uploads\/2026\/01\/whatsapp_image_2026_01_22_at_11_31_54.jpeg","width":1600,"height":900},{"@type":"BreadcrumbList","@id":"https:\/\/nuevodigitaldeescobar.com.ar\/?p=19738#breadcrumb","itemListElement":[{"@type":"ListItem","position":1,"name":"Portada","item":"https:\/\/nuevodigitaldeescobar.com.ar\/"},{"@type":"ListItem","position":2,"name":"Cronograma del sistema municipal de recolecci\u00f3n de ramas para esta semana"}]},{"@type":"WebSite","@id":"https:\/\/nuevodigitaldeescobar.com.ar\/#website","url":"https:\/\/nuevodigitaldeescobar.com.ar\/","name":"Nuevo Digital de Escobar","description":"La vida escobarense. Directora: Rosana Brunner","publisher":{"@id":"https:\/\/nuevodigitaldeescobar.com.ar\/#organization"},"potentialAction":[{"@type":"SearchAction","target":{"@type":"EntryPoint","urlTemplate":"https:\/\/nuevodigitaldeescobar.com.ar\/?s={search_term_string}"},"query-input":{"@type":"PropertyValueSpecification","valueRequired":true,"valueName":"search_term_string"}}],"inLanguage":"es"},{"@type":"Organization","@id":"https:\/\/nuevodigitaldeescobar.com.ar\/#organization","name":"Nuevo Digital de Escobar","url":"https:\/\/nuevodigitaldeescobar.com.ar\/","logo":{"@type":"ImageObject","inLanguage":"es","@id":"https:\/\/nuevodigitaldeescobar.com.ar\/#\/schema\/logo\/image\/","url":"https:\/\/nuevodigitaldeescobar.com.ar\/wp-content\/uploads\/2025\/05\/cropped-logo-nuevo2.jpg","contentUrl":"https:\/\/nuevodigitaldeescobar.com.ar\/wp-content\/uploads\/2025\/05\/cropped-logo-nuevo2.jpg","width":305,"height":305,"caption":"Nuevo Digital de Escobar"},"image":{"@id":"https:\/\/nuevodigitaldeescobar.com.ar\/#\/schema\/logo\/image\/"},"sameAs":["https:\/\/www.facebook.com\/NUEVODigitalDeEscobar","https:\/\/x.com\/nuevodigescobar","https:\/\/www.instagram.com\/nuevodigitaldeescobar"]},{"@type":"Person","@id":"https:\/\/nuevodigitaldeescobar.com.ar\/#\/schema\/person\/035e90a8efe9a80e6eec22656ad6ea4c","name":"Redacci\u00f3n","image":{"@type":"ImageObject","inLanguage":"es","@id":"https:\/\/nuevodigitaldeescobar.com.ar\/#\/schema\/person\/image\/","url":"https:\/\/secure.gravatar.com\/avatar\/8af8f40000c24e9eef3034f2be5998a372bb1389e64b1a4a36b3a7979142220d?s=96&d=mm&r=g","contentUrl":"https:\/\/secure.gravatar.com\/avatar\/8af8f40000c24e9eef3034f2be5998a372bb1389e64b1a4a36b3a7979142220d?s=96&d=mm&r=g","caption":"Redacci\u00f3n"},"sameAs":["http:\/\/nuevodigitaldeescobar.com.ar"],"url":"https:\/\/nuevodigitaldeescobar.com.ar\/?author=1"}]}},"featured_image_urls":{"full":["https:\/\/nuevodigitaldeescobar.com.ar\/wp-content\/uploads\/2026\/01\/whatsapp_image_2026_01_22_at_11_31_54.jpeg",1600,900,false],"thumbnail":["https:\/\/nuevodigitaldeescobar.com.ar\/wp-content\/uploads\/2026\/01\/whatsapp_image_2026_01_22_at_11_31_54-150x150.jpeg",150,150,true],"medium":["https:\/\/nuevodigitaldeescobar.com.ar\/wp-content\/uploads\/2026\/01\/whatsapp_image_2026_01_22_at_11_31_54-300x169.jpeg",300,169,true],"medium_large":["https:\/\/nuevodigitaldeescobar.com.ar\/wp-content\/uploads\/2026\/01\/whatsapp_image_2026_01_22_at_11_31_54-768x432.jpeg",640,360,true],"large":["https:\/\/nuevodigitaldeescobar.com.ar\/wp-content\/uploads\/2026\/01\/whatsapp_image_2026_01_22_at_11_31_54-1024x576.jpeg",640,360,true],"1536x1536":["https:\/\/nuevodigitaldeescobar.com.ar\/wp-content\/uploads\/2026\/01\/whatsapp_image_2026_01_22_at_11_31_54-1536x864.jpeg",1536,864,true],"2048x2048":["https:\/\/nuevodigitaldeescobar.com.ar\/wp-content\/uploads\/2026\/01\/whatsapp_image_2026_01_22_at_11_31_54.jpeg",1600,900,false]},"author_info":{"display_name":"Redacci\u00f3n","author_link":"https:\/\/nuevodigitaldeescobar.com.ar\/?author=1"},"category_info":"<a href=\"https:\/\/nuevodigitaldeescobar.com.ar\/?cat=7\" rel=\"category\">Inter\u00e9s general<\/a>","tag_info":"Inter\u00e9s general","comment_count":"0","_links":{"self":[{"href":"https:\/\/nuevodigitaldeescobar.com.ar\/index.php?rest_route=\/wp\/v2\/posts\/19738","targetHints":{"allow":["GET"]}}],"collection":[{"href":"https:\/\/nuevodigitaldeescobar.com.ar\/index.php?rest_route=\/wp\/v2\/posts"}],"about":[{"href":"https:\/\/nuevodigitaldeescobar.com.ar\/index.php?rest_route=\/wp\/v2\/types\/post"}],"author":[{"embeddable":true,"href":"https:\/\/nuevodigitaldeescobar.com.ar\/index.php?rest_route=\/wp\/v2\/users\/1"}],"replies":[{"embeddable":true,"href":"https:\/\/nuevodigitaldeescobar.com.ar\/index.php?rest_route=%2Fwp%2Fv2%2Fcomments&post=19738"}],"version-history":[{"count":1,"href":"https:\/\/nuevodigitaldeescobar.com.ar\/index.php?rest_route=\/wp\/v2\/posts\/19738\/revisions"}],"predecessor-version":[{"id":19740,"href":"https:\/\/nuevodigitaldeescobar.com.ar\/index.php?rest_route=\/wp\/v2\/posts\/19738\/revisions\/19740"}],"wp:featuredmedia":[{"embeddable":true,"href":"https:\/\/nuevodigitaldeescobar.com.ar\/index.php?rest_route=\/wp\/v2\/media\/19739"}],"wp:attachment":[{"href":"https:\/\/nuevodigitaldeescobar.com.ar\/index.php?rest_route=%2Fwp%2Fv2%2Fmedia&parent=19738"}],"wp:term":[{"taxonomy":"category","embeddable":true,"href":"https:\/\/nuevodigitaldeescobar.com.ar\/index.php?rest_route=%2Fwp%2Fv2%2Fcategories&post=19738"},{"taxonomy":"post_tag","embeddable":true,"href":"https:\/\/nuevodigitaldeescobar.com.ar\/index.php?rest_route=%2Fwp%2Fv2%2Ftags&post=19738"}],"curies":[{"name":"wp","href":"https:\/\/api.w.org\/{rel}","templated":true}]}}