{"id":19753,"date":"2026-01-27T14:13:34","date_gmt":"2026-01-27T17:13:34","guid":{"rendered":"https:\/\/nuevodigitaldeescobar.com.ar\/?p=19753"},"modified":"2026-01-27T14:13:46","modified_gmt":"2026-01-27T17:13:46","slug":"el-ex-sportivo-escobar-lucas-giovannetti-se-consagro-campeon-de-la-copa-de-espana","status":"publish","type":"post","link":"https:\/\/nuevodigitaldeescobar.com.ar\/?p=19753","title":{"rendered":"El ex Sportivo Escobar Lucas Giovannetti se consagr\u00f3 campe\u00f3n de la Copa de Espa\u00f1a"},"content":{"rendered":"\n<p>Lucas Giovannetti, ex base de Sportivo Escobar, volvi\u00f3 a ser protagonista en el b\u00e1squet internacional al consagrarse campe\u00f3n de la Copa de Espa\u00f1a con el Movistar Estudiantes. En una final muy pareja, el hist\u00f3rico conjunto madrile\u00f1o derrot\u00f3 73 a 69 a Palencia y se qued\u00f3 con el t\u00edtulo.<\/p>\n\n\n\n<!--more-->\n\n\n\n<p>El jugador pilarense tuvo una correcta actuaci\u00f3n en el partido decisivo, aportando 6 puntos, 2 rebotes y una asistencia, cumpliendo un rol importante dentro de la rotaci\u00f3n del equipo. Giovannetti, surgido y formado en el celeste de Escobar, contin\u00faa as\u00ed consolidando su carrera en el b\u00e1squet europeo.<\/p>\n\n\n\n<p>La celebraci\u00f3n tambi\u00e9n tuvo presencia argentina por partida doble, ya que en el plantel del Estudiantes comparten equipo otros dos compatriotas: Patricio Garino y Juan Pablo Vaulet, quienes tambi\u00e9n festejaron la obtenci\u00f3n del trofeo.<\/p>\n\n\n\n<p>Cabe destacar que Giovannetti, adem\u00e1s de su recorrido internacional, suele ser convocado a la selecci\u00f3n nacional argentina, lo que reafirma su crecimiento y vigencia en el alto nivel del b\u00e1squet. Un nuevo logro para un jugador que dej\u00f3 su huella en Sportivo Escobar y sigue representando al pa\u00eds en el exterior.<\/p>\n","protected":false},"excerpt":{"rendered":"<p>Lucas Giovannetti, ex base de Sportivo Escobar, volvi\u00f3 a ser protagonista en el b\u00e1squet internacional al consagrarse campe\u00f3n de la Copa de Espa\u00f1a con el [&hellip;]<\/p>\n","protected":false},"author":1,"featured_media":19754,"comment_status":"open","ping_status":"open","sticky":false,"template":"","format":"standard","meta":{"footnotes":""},"categories":[8],"tags":[],"class_list":["post-19753","post","type-post","status-publish","format-standard","has-post-thumbnail","hentry","category-deportes"],"better_featured_image":{"id":19754,"alt_text":"","caption":"","description":"","media_type":"image","media_details":{"width":720,"height":640,"file":"2026\/01\/38a4aed7-8c2b-45bf-b5e8-17c156982383-e1769533981300.jpg","filesize":80652,"sizes":{"medium":{"file":"38a4aed7-8c2b-45bf-b5e8-17c156982383-e1769533981300-300x267.jpg","width":300,"height":267,"mime-type":"image\/jpeg","filesize":22533,"source_url":"https:\/\/nuevodigitaldeescobar.com.ar\/wp-content\/uploads\/2026\/01\/38a4aed7-8c2b-45bf-b5e8-17c156982383-e1769533981300-300x267.jpg"},"thumbnail":{"file":"38a4aed7-8c2b-45bf-b5e8-17c156982383-e1769533981300-150x150.jpg","width":150,"height":150,"mime-type":"image\/jpeg","filesize":7869,"source_url":"https:\/\/nuevodigitaldeescobar.com.ar\/wp-content\/uploads\/2026\/01\/38a4aed7-8c2b-45bf-b5e8-17c156982383-e1769533981300-150x150.jpg"}},"image_meta":{"aperture":"0","credit":"","camera":"","caption":"","created_timestamp":"0","copyright":"","focal_length":"0","iso":"0","shutter_speed":"0","title":"","orientation":"0","keywords":[]}},"post":19753,"source_url":"https:\/\/nuevodigitaldeescobar.com.ar\/wp-content\/uploads\/2026\/01\/38a4aed7-8c2b-45bf-b5e8-17c156982383-e1769533981300.jpg"},"yoast_head":"<!-- This site is optimized with the Yoast SEO plugin v26.1.1 - https:\/\/yoast.com\/wordpress\/plugins\/seo\/ -->\n<title>El ex Sportivo Escobar Lucas Giovannetti se consagr\u00f3 campe\u00f3n de la Copa de Espa\u00f1a - Nuevo Digital de Escobar<\/title>\n<meta name=\"description\" content=\"Lucas Giovannetti volvi\u00f3 a ser protagonista en el b\u00e1squet internacional al consagrarse campe\u00f3n de la Copa de Espa\u00f1a con el Movistar Estudiantes. En una final muy pareja, el hist\u00f3rico conjunto madrile\u00f1o derrot\u00f3 73 a 69 a Palencia y se qued\u00f3 con el t\u00edtulo.\" \/>\n<meta name=\"robots\" content=\"index, follow, max-snippet:-1, max-image-preview:large, max-video-preview:-1\" \/>\n<link rel=\"canonical\" href=\"https:\/\/nuevodigitaldeescobar.com.ar\/?p=19753\" \/>\n<meta property=\"og:locale\" content=\"es_ES\" \/>\n<meta property=\"og:type\" content=\"article\" \/>\n<meta property=\"og:title\" content=\"El ex Sportivo Escobar Lucas Giovannetti se consagr\u00f3 campe\u00f3n de la Copa de Espa\u00f1a\" \/>\n<meta property=\"og:description\" content=\"Lucas Giovannetti volvi\u00f3 a ser protagonista en el b\u00e1squet internacional al consagrarse campe\u00f3n de la Copa de Espa\u00f1a con el Movistar Estudiantes. En una final muy pareja, el hist\u00f3rico conjunto madrile\u00f1o derrot\u00f3 73 a 69 a Palencia y se qued\u00f3 con el t\u00edtulo.\" \/>\n<meta property=\"og:url\" content=\"https:\/\/nuevodigitaldeescobar.com.ar\/?p=19753\" \/>\n<meta property=\"og:site_name\" content=\"Nuevo Digital de Escobar\" \/>\n<meta property=\"article:publisher\" content=\"https:\/\/www.facebook.com\/NUEVODigitalDeEscobar\" \/>\n<meta property=\"article:published_time\" content=\"2026-01-27T17:13:34+00:00\" \/>\n<meta property=\"article:modified_time\" content=\"2026-01-27T17:13:46+00:00\" \/>\n<meta property=\"og:image\" content=\"http:\/\/nuevodigitaldeescobar.com.ar\/wp-content\/uploads\/2026\/01\/38a4aed7-8c2b-45bf-b5e8-17c156982383-e1769533981300.jpg\" \/>\n\t<meta property=\"og:image:width\" content=\"720\" \/>\n\t<meta property=\"og:image:height\" content=\"640\" \/>\n\t<meta property=\"og:image:type\" content=\"image\/jpeg\" \/>\n<meta name=\"author\" content=\"Redacci\u00f3n\" \/>\n<meta name=\"twitter:card\" content=\"summary_large_image\" \/>\n<meta name=\"twitter:creator\" content=\"@nuevodigescobar\" \/>\n<meta name=\"twitter:site\" content=\"@nuevodigescobar\" \/>\n<meta name=\"twitter:label1\" content=\"Escrito por\" \/>\n\t<meta name=\"twitter:data1\" content=\"Redacci\u00f3n\" \/>\n\t<meta name=\"twitter:label2\" content=\"Tiempo de lectura\" \/>\n\t<meta name=\"twitter:data2\" content=\"2 minutos\" \/>\n<script type=\"application\/ld+json\" class=\"yoast-schema-graph\">{\"@context\":\"https:\/\/schema.org\",\"@graph\":[{\"@type\":\"Article\",\"@id\":\"https:\/\/nuevodigitaldeescobar.com.ar\/?p=19753#article\",\"isPartOf\":{\"@id\":\"https:\/\/nuevodigitaldeescobar.com.ar\/?p=19753\"},\"author\":{\"name\":\"Redacci\u00f3n\",\"@id\":\"https:\/\/nuevodigitaldeescobar.com.ar\/#\/schema\/person\/035e90a8efe9a80e6eec22656ad6ea4c\"},\"headline\":\"El ex Sportivo Escobar Lucas Giovannetti se consagr\u00f3 campe\u00f3n de la Copa de Espa\u00f1a\",\"datePublished\":\"2026-01-27T17:13:34+00:00\",\"dateModified\":\"2026-01-27T17:13:46+00:00\",\"mainEntityOfPage\":{\"@id\":\"https:\/\/nuevodigitaldeescobar.com.ar\/?p=19753\"},\"wordCount\":210,\"commentCount\":0,\"publisher\":{\"@id\":\"https:\/\/nuevodigitaldeescobar.com.ar\/#organization\"},\"image\":{\"@id\":\"https:\/\/nuevodigitaldeescobar.com.ar\/?p=19753#primaryimage\"},\"thumbnailUrl\":\"https:\/\/nuevodigitaldeescobar.com.ar\/wp-content\/uploads\/2026\/01\/38a4aed7-8c2b-45bf-b5e8-17c156982383-e1769533981300.jpg\",\"articleSection\":[\"Deportes\"],\"inLanguage\":\"es\",\"potentialAction\":[{\"@type\":\"CommentAction\",\"name\":\"Comment\",\"target\":[\"https:\/\/nuevodigitaldeescobar.com.ar\/?p=19753#respond\"]}]},{\"@type\":\"WebPage\",\"@id\":\"https:\/\/nuevodigitaldeescobar.com.ar\/?p=19753\",\"url\":\"https:\/\/nuevodigitaldeescobar.com.ar\/?p=19753\",\"name\":\"El ex Sportivo Escobar Lucas Giovannetti se consagr\u00f3 campe\u00f3n de la Copa de Espa\u00f1a - Nuevo Digital de Escobar\",\"isPartOf\":{\"@id\":\"https:\/\/nuevodigitaldeescobar.com.ar\/#website\"},\"primaryImageOfPage\":{\"@id\":\"https:\/\/nuevodigitaldeescobar.com.ar\/?p=19753#primaryimage\"},\"image\":{\"@id\":\"https:\/\/nuevodigitaldeescobar.com.ar\/?p=19753#primaryimage\"},\"thumbnailUrl\":\"https:\/\/nuevodigitaldeescobar.com.ar\/wp-content\/uploads\/2026\/01\/38a4aed7-8c2b-45bf-b5e8-17c156982383-e1769533981300.jpg\",\"datePublished\":\"2026-01-27T17:13:34+00:00\",\"dateModified\":\"2026-01-27T17:13:46+00:00\",\"description\":\"Lucas Giovannetti volvi\u00f3 a ser protagonista en el b\u00e1squet internacional al consagrarse campe\u00f3n de la Copa de Espa\u00f1a con el Movistar Estudiantes. En una final muy pareja, el hist\u00f3rico conjunto madrile\u00f1o derrot\u00f3 73 a 69 a Palencia y se qued\u00f3 con el t\u00edtulo.\",\"breadcrumb\":{\"@id\":\"https:\/\/nuevodigitaldeescobar.com.ar\/?p=19753#breadcrumb\"},\"inLanguage\":\"es\",\"potentialAction\":[{\"@type\":\"ReadAction\",\"target\":[\"https:\/\/nuevodigitaldeescobar.com.ar\/?p=19753\"]}]},{\"@type\":\"ImageObject\",\"inLanguage\":\"es\",\"@id\":\"https:\/\/nuevodigitaldeescobar.com.ar\/?p=19753#primaryimage\",\"url\":\"https:\/\/nuevodigitaldeescobar.com.ar\/wp-content\/uploads\/2026\/01\/38a4aed7-8c2b-45bf-b5e8-17c156982383-e1769533981300.jpg\",\"contentUrl\":\"https:\/\/nuevodigitaldeescobar.com.ar\/wp-content\/uploads\/2026\/01\/38a4aed7-8c2b-45bf-b5e8-17c156982383-e1769533981300.jpg\",\"width\":720,\"height\":640},{\"@type\":\"BreadcrumbList\",\"@id\":\"https:\/\/nuevodigitaldeescobar.com.ar\/?p=19753#breadcrumb\",\"itemListElement\":[{\"@type\":\"ListItem\",\"position\":1,\"name\":\"Portada\",\"item\":\"https:\/\/nuevodigitaldeescobar.com.ar\/\"},{\"@type\":\"ListItem\",\"position\":2,\"name\":\"El ex Sportivo Escobar Lucas Giovannetti se consagr\u00f3 campe\u00f3n de la Copa de Espa\u00f1a\"}]},{\"@type\":\"WebSite\",\"@id\":\"https:\/\/nuevodigitaldeescobar.com.ar\/#website\",\"url\":\"https:\/\/nuevodigitaldeescobar.com.ar\/\",\"name\":\"Nuevo Digital de Escobar\",\"description\":\"La vida escobarense. Directora: Rosana Brunner\",\"publisher\":{\"@id\":\"https:\/\/nuevodigitaldeescobar.com.ar\/#organization\"},\"potentialAction\":[{\"@type\":\"SearchAction\",\"target\":{\"@type\":\"EntryPoint\",\"urlTemplate\":\"https:\/\/nuevodigitaldeescobar.com.ar\/?s={search_term_string}\"},\"query-input\":{\"@type\":\"PropertyValueSpecification\",\"valueRequired\":true,\"valueName\":\"search_term_string\"}}],\"inLanguage\":\"es\"},{\"@type\":\"Organization\",\"@id\":\"https:\/\/nuevodigitaldeescobar.com.ar\/#organization\",\"name\":\"Nuevo Digital de Escobar\",\"url\":\"https:\/\/nuevodigitaldeescobar.com.ar\/\",\"logo\":{\"@type\":\"ImageObject\",\"inLanguage\":\"es\",\"@id\":\"https:\/\/nuevodigitaldeescobar.com.ar\/#\/schema\/logo\/image\/\",\"url\":\"https:\/\/nuevodigitaldeescobar.com.ar\/wp-content\/uploads\/2025\/05\/cropped-logo-nuevo2.jpg\",\"contentUrl\":\"https:\/\/nuevodigitaldeescobar.com.ar\/wp-content\/uploads\/2025\/05\/cropped-logo-nuevo2.jpg\",\"width\":305,\"height\":305,\"caption\":\"Nuevo Digital de Escobar\"},\"image\":{\"@id\":\"https:\/\/nuevodigitaldeescobar.com.ar\/#\/schema\/logo\/image\/\"},\"sameAs\":[\"https:\/\/www.facebook.com\/NUEVODigitalDeEscobar\",\"https:\/\/x.com\/nuevodigescobar\",\"https:\/\/www.instagram.com\/nuevodigitaldeescobar\"]},{\"@type\":\"Person\",\"@id\":\"https:\/\/nuevodigitaldeescobar.com.ar\/#\/schema\/person\/035e90a8efe9a80e6eec22656ad6ea4c\",\"name\":\"Redacci\u00f3n\",\"image\":{\"@type\":\"ImageObject\",\"inLanguage\":\"es\",\"@id\":\"https:\/\/nuevodigitaldeescobar.com.ar\/#\/schema\/person\/image\/\",\"url\":\"https:\/\/secure.gravatar.com\/avatar\/8af8f40000c24e9eef3034f2be5998a372bb1389e64b1a4a36b3a7979142220d?s=96&d=mm&r=g\",\"contentUrl\":\"https:\/\/secure.gravatar.com\/avatar\/8af8f40000c24e9eef3034f2be5998a372bb1389e64b1a4a36b3a7979142220d?s=96&d=mm&r=g\",\"caption\":\"Redacci\u00f3n\"},\"sameAs\":[\"http:\/\/nuevodigitaldeescobar.com.ar\"],\"url\":\"https:\/\/nuevodigitaldeescobar.com.ar\/?author=1\"}]}<\/script>\n<!-- \/ Yoast SEO plugin. -->","yoast_head_json":{"title":"El ex Sportivo Escobar Lucas Giovannetti se consagr\u00f3 campe\u00f3n de la Copa de Espa\u00f1a - Nuevo Digital de Escobar","description":"Lucas Giovannetti volvi\u00f3 a ser protagonista en el b\u00e1squet internacional al consagrarse campe\u00f3n de la Copa de Espa\u00f1a con el Movistar Estudiantes. En una final muy pareja, el hist\u00f3rico conjunto madrile\u00f1o derrot\u00f3 73 a 69 a Palencia y se qued\u00f3 con el t\u00edtulo.","robots":{"index":"index","follow":"follow","max-snippet":"max-snippet:-1","max-image-preview":"max-image-preview:large","max-video-preview":"max-video-preview:-1"},"canonical":"https:\/\/nuevodigitaldeescobar.com.ar\/?p=19753","og_locale":"es_ES","og_type":"article","og_title":"El ex Sportivo Escobar Lucas Giovannetti se consagr\u00f3 campe\u00f3n de la Copa de Espa\u00f1a","og_description":"Lucas Giovannetti volvi\u00f3 a ser protagonista en el b\u00e1squet internacional al consagrarse campe\u00f3n de la Copa de Espa\u00f1a con el Movistar Estudiantes. En una final muy pareja, el hist\u00f3rico conjunto madrile\u00f1o derrot\u00f3 73 a 69 a Palencia y se qued\u00f3 con el t\u00edtulo.","og_url":"https:\/\/nuevodigitaldeescobar.com.ar\/?p=19753","og_site_name":"Nuevo Digital de Escobar","article_publisher":"https:\/\/www.facebook.com\/NUEVODigitalDeEscobar","article_published_time":"2026-01-27T17:13:34+00:00","article_modified_time":"2026-01-27T17:13:46+00:00","og_image":[{"width":720,"height":640,"url":"http:\/\/nuevodigitaldeescobar.com.ar\/wp-content\/uploads\/2026\/01\/38a4aed7-8c2b-45bf-b5e8-17c156982383-e1769533981300.jpg","type":"image\/jpeg"}],"author":"Redacci\u00f3n","twitter_card":"summary_large_image","twitter_creator":"@nuevodigescobar","twitter_site":"@nuevodigescobar","twitter_misc":{"Escrito por":"Redacci\u00f3n","Tiempo de lectura":"2 minutos"},"schema":{"@context":"https:\/\/schema.org","@graph":[{"@type":"Article","@id":"https:\/\/nuevodigitaldeescobar.com.ar\/?p=19753#article","isPartOf":{"@id":"https:\/\/nuevodigitaldeescobar.com.ar\/?p=19753"},"author":{"name":"Redacci\u00f3n","@id":"https:\/\/nuevodigitaldeescobar.com.ar\/#\/schema\/person\/035e90a8efe9a80e6eec22656ad6ea4c"},"headline":"El ex Sportivo Escobar Lucas Giovannetti se consagr\u00f3 campe\u00f3n de la Copa de Espa\u00f1a","datePublished":"2026-01-27T17:13:34+00:00","dateModified":"2026-01-27T17:13:46+00:00","mainEntityOfPage":{"@id":"https:\/\/nuevodigitaldeescobar.com.ar\/?p=19753"},"wordCount":210,"commentCount":0,"publisher":{"@id":"https:\/\/nuevodigitaldeescobar.com.ar\/#organization"},"image":{"@id":"https:\/\/nuevodigitaldeescobar.com.ar\/?p=19753#primaryimage"},"thumbnailUrl":"https:\/\/nuevodigitaldeescobar.com.ar\/wp-content\/uploads\/2026\/01\/38a4aed7-8c2b-45bf-b5e8-17c156982383-e1769533981300.jpg","articleSection":["Deportes"],"inLanguage":"es","potentialAction":[{"@type":"CommentAction","name":"Comment","target":["https:\/\/nuevodigitaldeescobar.com.ar\/?p=19753#respond"]}]},{"@type":"WebPage","@id":"https:\/\/nuevodigitaldeescobar.com.ar\/?p=19753","url":"https:\/\/nuevodigitaldeescobar.com.ar\/?p=19753","name":"El ex Sportivo Escobar Lucas Giovannetti se consagr\u00f3 campe\u00f3n de la Copa de Espa\u00f1a - Nuevo Digital de Escobar","isPartOf":{"@id":"https:\/\/nuevodigitaldeescobar.com.ar\/#website"},"primaryImageOfPage":{"@id":"https:\/\/nuevodigitaldeescobar.com.ar\/?p=19753#primaryimage"},"image":{"@id":"https:\/\/nuevodigitaldeescobar.com.ar\/?p=19753#primaryimage"},"thumbnailUrl":"https:\/\/nuevodigitaldeescobar.com.ar\/wp-content\/uploads\/2026\/01\/38a4aed7-8c2b-45bf-b5e8-17c156982383-e1769533981300.jpg","datePublished":"2026-01-27T17:13:34+00:00","dateModified":"2026-01-27T17:13:46+00:00","description":"Lucas Giovannetti volvi\u00f3 a ser protagonista en el b\u00e1squet internacional al consagrarse campe\u00f3n de la Copa de Espa\u00f1a con el Movistar Estudiantes. En una final muy pareja, el hist\u00f3rico conjunto madrile\u00f1o derrot\u00f3 73 a 69 a Palencia y se qued\u00f3 con el t\u00edtulo.","breadcrumb":{"@id":"https:\/\/nuevodigitaldeescobar.com.ar\/?p=19753#breadcrumb"},"inLanguage":"es","potentialAction":[{"@type":"ReadAction","target":["https:\/\/nuevodigitaldeescobar.com.ar\/?p=19753"]}]},{"@type":"ImageObject","inLanguage":"es","@id":"https:\/\/nuevodigitaldeescobar.com.ar\/?p=19753#primaryimage","url":"https:\/\/nuevodigitaldeescobar.com.ar\/wp-content\/uploads\/2026\/01\/38a4aed7-8c2b-45bf-b5e8-17c156982383-e1769533981300.jpg","contentUrl":"https:\/\/nuevodigitaldeescobar.com.ar\/wp-content\/uploads\/2026\/01\/38a4aed7-8c2b-45bf-b5e8-17c156982383-e1769533981300.jpg","width":720,"height":640},{"@type":"BreadcrumbList","@id":"https:\/\/nuevodigitaldeescobar.com.ar\/?p=19753#breadcrumb","itemListElement":[{"@type":"ListItem","position":1,"name":"Portada","item":"https:\/\/nuevodigitaldeescobar.com.ar\/"},{"@type":"ListItem","position":2,"name":"El ex Sportivo Escobar Lucas Giovannetti se consagr\u00f3 campe\u00f3n de la Copa de Espa\u00f1a"}]},{"@type":"WebSite","@id":"https:\/\/nuevodigitaldeescobar.com.ar\/#website","url":"https:\/\/nuevodigitaldeescobar.com.ar\/","name":"Nuevo Digital de Escobar","description":"La vida escobarense. Directora: Rosana Brunner","publisher":{"@id":"https:\/\/nuevodigitaldeescobar.com.ar\/#organization"},"potentialAction":[{"@type":"SearchAction","target":{"@type":"EntryPoint","urlTemplate":"https:\/\/nuevodigitaldeescobar.com.ar\/?s={search_term_string}"},"query-input":{"@type":"PropertyValueSpecification","valueRequired":true,"valueName":"search_term_string"}}],"inLanguage":"es"},{"@type":"Organization","@id":"https:\/\/nuevodigitaldeescobar.com.ar\/#organization","name":"Nuevo Digital de Escobar","url":"https:\/\/nuevodigitaldeescobar.com.ar\/","logo":{"@type":"ImageObject","inLanguage":"es","@id":"https:\/\/nuevodigitaldeescobar.com.ar\/#\/schema\/logo\/image\/","url":"https:\/\/nuevodigitaldeescobar.com.ar\/wp-content\/uploads\/2025\/05\/cropped-logo-nuevo2.jpg","contentUrl":"https:\/\/nuevodigitaldeescobar.com.ar\/wp-content\/uploads\/2025\/05\/cropped-logo-nuevo2.jpg","width":305,"height":305,"caption":"Nuevo Digital de Escobar"},"image":{"@id":"https:\/\/nuevodigitaldeescobar.com.ar\/#\/schema\/logo\/image\/"},"sameAs":["https:\/\/www.facebook.com\/NUEVODigitalDeEscobar","https:\/\/x.com\/nuevodigescobar","https:\/\/www.instagram.com\/nuevodigitaldeescobar"]},{"@type":"Person","@id":"https:\/\/nuevodigitaldeescobar.com.ar\/#\/schema\/person\/035e90a8efe9a80e6eec22656ad6ea4c","name":"Redacci\u00f3n","image":{"@type":"ImageObject","inLanguage":"es","@id":"https:\/\/nuevodigitaldeescobar.com.ar\/#\/schema\/person\/image\/","url":"https:\/\/secure.gravatar.com\/avatar\/8af8f40000c24e9eef3034f2be5998a372bb1389e64b1a4a36b3a7979142220d?s=96&d=mm&r=g","contentUrl":"https:\/\/secure.gravatar.com\/avatar\/8af8f40000c24e9eef3034f2be5998a372bb1389e64b1a4a36b3a7979142220d?s=96&d=mm&r=g","caption":"Redacci\u00f3n"},"sameAs":["http:\/\/nuevodigitaldeescobar.com.ar"],"url":"https:\/\/nuevodigitaldeescobar.com.ar\/?author=1"}]}},"featured_image_urls":{"full":["https:\/\/nuevodigitaldeescobar.com.ar\/wp-content\/uploads\/2026\/01\/38a4aed7-8c2b-45bf-b5e8-17c156982383-e1769533981300.jpg",720,640,false],"thumbnail":["https:\/\/nuevodigitaldeescobar.com.ar\/wp-content\/uploads\/2026\/01\/38a4aed7-8c2b-45bf-b5e8-17c156982383-e1769533981300-150x150.jpg",150,150,true],"medium":["https:\/\/nuevodigitaldeescobar.com.ar\/wp-content\/uploads\/2026\/01\/38a4aed7-8c2b-45bf-b5e8-17c156982383-e1769533981300-300x267.jpg",300,267,true],"medium_large":["https:\/\/nuevodigitaldeescobar.com.ar\/wp-content\/uploads\/2026\/01\/38a4aed7-8c2b-45bf-b5e8-17c156982383-e1769533981300.jpg",640,569,false],"large":["https:\/\/nuevodigitaldeescobar.com.ar\/wp-content\/uploads\/2026\/01\/38a4aed7-8c2b-45bf-b5e8-17c156982383-e1769533981300.jpg",640,569,false],"1536x1536":["https:\/\/nuevodigitaldeescobar.com.ar\/wp-content\/uploads\/2026\/01\/38a4aed7-8c2b-45bf-b5e8-17c156982383-e1769533981300.jpg",720,640,false],"2048x2048":["https:\/\/nuevodigitaldeescobar.com.ar\/wp-content\/uploads\/2026\/01\/38a4aed7-8c2b-45bf-b5e8-17c156982383-e1769533981300.jpg",720,640,false]},"author_info":{"display_name":"Redacci\u00f3n","author_link":"https:\/\/nuevodigitaldeescobar.com.ar\/?author=1"},"category_info":"<a href=\"https:\/\/nuevodigitaldeescobar.com.ar\/?cat=8\" rel=\"category\">Deportes<\/a>","tag_info":"Deportes","comment_count":"0","_links":{"self":[{"href":"https:\/\/nuevodigitaldeescobar.com.ar\/index.php?rest_route=\/wp\/v2\/posts\/19753","targetHints":{"allow":["GET"]}}],"collection":[{"href":"https:\/\/nuevodigitaldeescobar.com.ar\/index.php?rest_route=\/wp\/v2\/posts"}],"about":[{"href":"https:\/\/nuevodigitaldeescobar.com.ar\/index.php?rest_route=\/wp\/v2\/types\/post"}],"author":[{"embeddable":true,"href":"https:\/\/nuevodigitaldeescobar.com.ar\/index.php?rest_route=\/wp\/v2\/users\/1"}],"replies":[{"embeddable":true,"href":"https:\/\/nuevodigitaldeescobar.com.ar\/index.php?rest_route=%2Fwp%2Fv2%2Fcomments&post=19753"}],"version-history":[{"count":1,"href":"https:\/\/nuevodigitaldeescobar.com.ar\/index.php?rest_route=\/wp\/v2\/posts\/19753\/revisions"}],"predecessor-version":[{"id":19755,"href":"https:\/\/nuevodigitaldeescobar.com.ar\/index.php?rest_route=\/wp\/v2\/posts\/19753\/revisions\/19755"}],"wp:featuredmedia":[{"embeddable":true,"href":"https:\/\/nuevodigitaldeescobar.com.ar\/index.php?rest_route=\/wp\/v2\/media\/19754"}],"wp:attachment":[{"href":"https:\/\/nuevodigitaldeescobar.com.ar\/index.php?rest_route=%2Fwp%2Fv2%2Fmedia&parent=19753"}],"wp:term":[{"taxonomy":"category","embeddable":true,"href":"https:\/\/nuevodigitaldeescobar.com.ar\/index.php?rest_route=%2Fwp%2Fv2%2Fcategories&post=19753"},{"taxonomy":"post_tag","embeddable":true,"href":"https:\/\/nuevodigitaldeescobar.com.ar\/index.php?rest_route=%2Fwp%2Fv2%2Ftags&post=19753"}],"curies":[{"name":"wp","href":"https:\/\/api.w.org\/{rel}","templated":true}]}}