{"id":19784,"date":"2026-01-28T11:21:53","date_gmt":"2026-01-28T14:21:53","guid":{"rendered":"https:\/\/nuevodigitaldeescobar.com.ar\/?p=19784"},"modified":"2026-01-28T11:21:57","modified_gmt":"2026-01-28T14:21:57","slug":"lo-detuvieron-tras-accionar-el-dispositivo-byrna","status":"publish","type":"post","link":"https:\/\/nuevodigitaldeescobar.com.ar\/?p=19784","title":{"rendered":"Lo detuvieron tras accionar el dispositivo Byrna"},"content":{"rendered":"\n<p>Personal de la Polic\u00eda Municipal de Escobar logr\u00f3 la aprehensi\u00f3n de un hombre que hab\u00eda ingresado a una vivienda y se dio a la fuga por los techos, tras un alerta recibido por el Centro de Monitoreo Municipal.<\/p>\n\n\n\n<!--more-->\n\n\n\n<p>El hecho ocurri\u00f3 en un domicilio ubicado sobre la calle Libertad al 200, donde a trav\u00e9s de las c\u00e1maras de seguridad se detect\u00f3 a un individuo dentro del garaje de la propiedad. Al arribar un m\u00f3vil de la Polic\u00eda Municipal y darle la voz de alto, el sospechoso hizo caso omiso y comenz\u00f3 a huir por los techos de viviendas linderas.<\/p>\n\n\n\n<p>Con la descripci\u00f3n aportada \u2014buzo negro, bermuda negra y descalzo\u2014 se despleg\u00f3 un operativo cerrojo en la zona. Minutos despu\u00e9s, un vecino de la calle Lamadrid al 600 alert\u00f3 que el sujeto se encontraba en el patio de su vivienda, donde tom\u00f3 del brazo al propietario e intent\u00f3 agredirlo.<\/p>\n\n\n\n<p>Ante esta situaci\u00f3n y con el objetivo de resguardar la integridad f\u00edsica del vecino, un agente de la Polic\u00eda Municipal utiliz\u00f3 de manera proporcional un dispositivo no letal Byrna, impactando en la pierna izquierda del agresor.<\/p>\n\n\n\n<p>La intervenci\u00f3n permiti\u00f3 reducir y aprehender al individuo, en un procedimiento realizado en conjunto con personal del Comando de Patrullas.<\/p>\n\n\n\n<p>El masculino, de 32 a\u00f1os y con antecedentes previos, fue trasladado a la Comisar\u00eda Escobar 1\u00aa, donde se le realiz\u00f3 el correspondiente examen m\u00e9dico y qued\u00f3 a disposici\u00f3n de la Justicia.<\/p>\n","protected":false},"excerpt":{"rendered":"<p>Personal de la Polic\u00eda Municipal de Escobar logr\u00f3 la aprehensi\u00f3n de un hombre que hab\u00eda ingresado a una vivienda y se dio a la fuga [&hellip;]<\/p>\n","protected":false},"author":1,"featured_media":19785,"comment_status":"open","ping_status":"open","sticky":false,"template":"","format":"standard","meta":{"footnotes":""},"categories":[13],"tags":[],"class_list":["post-19784","post","type-post","status-publish","format-standard","has-post-thumbnail","hentry","category-policiales"],"better_featured_image":{"id":19785,"alt_text":"","caption":"","description":"","media_type":"image","media_details":{"width":1440,"height":1318,"file":"2026\/01\/622152607_18305628268257206_1995093298780191439_n-e1769610096898.jpg","filesize":98945,"sizes":{"medium":{"file":"622152607_18305628268257206_1995093298780191439_n-e1769610096898-300x275.jpg","width":300,"height":275,"mime-type":"image\/jpeg","filesize":15089,"source_url":"https:\/\/nuevodigitaldeescobar.com.ar\/wp-content\/uploads\/2026\/01\/622152607_18305628268257206_1995093298780191439_n-e1769610096898-300x275.jpg"},"large":{"file":"622152607_18305628268257206_1995093298780191439_n-e1769610096898-1024x937.jpg","width":1024,"height":937,"mime-type":"image\/jpeg","filesize":77268,"source_url":"https:\/\/nuevodigitaldeescobar.com.ar\/wp-content\/uploads\/2026\/01\/622152607_18305628268257206_1995093298780191439_n-e1769610096898-1024x937.jpg"},"thumbnail":{"file":"622152607_18305628268257206_1995093298780191439_n-e1769610096898-150x150.jpg","width":150,"height":150,"mime-type":"image\/jpeg","filesize":5696,"source_url":"https:\/\/nuevodigitaldeescobar.com.ar\/wp-content\/uploads\/2026\/01\/622152607_18305628268257206_1995093298780191439_n-e1769610096898-150x150.jpg"},"medium_large":{"file":"622152607_18305628268257206_1995093298780191439_n-e1769610096898-768x703.jpg","width":768,"height":703,"mime-type":"image\/jpeg","filesize":51783,"source_url":"https:\/\/nuevodigitaldeescobar.com.ar\/wp-content\/uploads\/2026\/01\/622152607_18305628268257206_1995093298780191439_n-e1769610096898-768x703.jpg"},"1536x1536":{"file":"622152607_18305628268257206_1995093298780191439_n-1152x1536.jpg","width":1152,"height":1536,"mime-type":"image\/jpeg","filesize":111575,"source_url":"https:\/\/nuevodigitaldeescobar.com.ar\/wp-content\/uploads\/2026\/01\/622152607_18305628268257206_1995093298780191439_n-1152x1536.jpg"}},"image_meta":{"aperture":"0","credit":"","camera":"","caption":"","created_timestamp":"0","copyright":"","focal_length":"0","iso":"0","shutter_speed":"0","title":"","orientation":"0","keywords":[]}},"post":19784,"source_url":"https:\/\/nuevodigitaldeescobar.com.ar\/wp-content\/uploads\/2026\/01\/622152607_18305628268257206_1995093298780191439_n-e1769610096898.jpg"},"yoast_head":"<!-- This site is optimized with the Yoast SEO plugin v26.1.1 - https:\/\/yoast.com\/wordpress\/plugins\/seo\/ -->\n<title>Lo detuvieron tras accionar el dispositivo Byrna - Nuevo Digital de Escobar<\/title>\n<meta name=\"description\" content=\"La intervenci\u00f3n permiti\u00f3 reducir y aprehender al individuo, en un procedimiento realizado en conjunto con personal del Comando de Patrullas.\" \/>\n<meta name=\"robots\" content=\"index, follow, max-snippet:-1, max-image-preview:large, max-video-preview:-1\" \/>\n<link rel=\"canonical\" href=\"https:\/\/nuevodigitaldeescobar.com.ar\/?p=19784\" \/>\n<meta property=\"og:locale\" content=\"es_ES\" \/>\n<meta property=\"og:type\" content=\"article\" \/>\n<meta property=\"og:title\" content=\"Lo detuvieron tras accionar el dispositivo Byrna\" \/>\n<meta property=\"og:description\" content=\"La intervenci\u00f3n permiti\u00f3 reducir y aprehender al individuo, en un procedimiento realizado en conjunto con personal del Comando de Patrullas.\" \/>\n<meta property=\"og:url\" content=\"https:\/\/nuevodigitaldeescobar.com.ar\/?p=19784\" \/>\n<meta property=\"og:site_name\" content=\"Nuevo Digital de Escobar\" \/>\n<meta property=\"article:publisher\" content=\"https:\/\/www.facebook.com\/NUEVODigitalDeEscobar\" \/>\n<meta property=\"article:published_time\" content=\"2026-01-28T14:21:53+00:00\" \/>\n<meta property=\"article:modified_time\" content=\"2026-01-28T14:21:57+00:00\" \/>\n<meta property=\"og:image\" content=\"http:\/\/nuevodigitaldeescobar.com.ar\/wp-content\/uploads\/2026\/01\/622152607_18305628268257206_1995093298780191439_n-e1769610096898.jpg\" \/>\n\t<meta property=\"og:image:width\" content=\"1440\" \/>\n\t<meta property=\"og:image:height\" content=\"1318\" \/>\n\t<meta property=\"og:image:type\" content=\"image\/jpeg\" \/>\n<meta name=\"author\" content=\"Redacci\u00f3n\" \/>\n<meta name=\"twitter:card\" content=\"summary_large_image\" \/>\n<meta name=\"twitter:creator\" content=\"@nuevodigescobar\" \/>\n<meta name=\"twitter:site\" content=\"@nuevodigescobar\" \/>\n<meta name=\"twitter:label1\" content=\"Escrito por\" \/>\n\t<meta name=\"twitter:data1\" content=\"Redacci\u00f3n\" \/>\n\t<meta name=\"twitter:label2\" content=\"Tiempo de lectura\" \/>\n\t<meta name=\"twitter:data2\" content=\"2 minutos\" \/>\n<script type=\"application\/ld+json\" class=\"yoast-schema-graph\">{\"@context\":\"https:\/\/schema.org\",\"@graph\":[{\"@type\":\"Article\",\"@id\":\"https:\/\/nuevodigitaldeescobar.com.ar\/?p=19784#article\",\"isPartOf\":{\"@id\":\"https:\/\/nuevodigitaldeescobar.com.ar\/?p=19784\"},\"author\":{\"name\":\"Redacci\u00f3n\",\"@id\":\"https:\/\/nuevodigitaldeescobar.com.ar\/#\/schema\/person\/035e90a8efe9a80e6eec22656ad6ea4c\"},\"headline\":\"Lo detuvieron tras accionar el dispositivo Byrna\",\"datePublished\":\"2026-01-28T14:21:53+00:00\",\"dateModified\":\"2026-01-28T14:21:57+00:00\",\"mainEntityOfPage\":{\"@id\":\"https:\/\/nuevodigitaldeescobar.com.ar\/?p=19784\"},\"wordCount\":255,\"commentCount\":0,\"publisher\":{\"@id\":\"https:\/\/nuevodigitaldeescobar.com.ar\/#organization\"},\"image\":{\"@id\":\"https:\/\/nuevodigitaldeescobar.com.ar\/?p=19784#primaryimage\"},\"thumbnailUrl\":\"https:\/\/nuevodigitaldeescobar.com.ar\/wp-content\/uploads\/2026\/01\/622152607_18305628268257206_1995093298780191439_n-e1769610096898.jpg\",\"articleSection\":[\"Policiales\"],\"inLanguage\":\"es\",\"potentialAction\":[{\"@type\":\"CommentAction\",\"name\":\"Comment\",\"target\":[\"https:\/\/nuevodigitaldeescobar.com.ar\/?p=19784#respond\"]}]},{\"@type\":\"WebPage\",\"@id\":\"https:\/\/nuevodigitaldeescobar.com.ar\/?p=19784\",\"url\":\"https:\/\/nuevodigitaldeescobar.com.ar\/?p=19784\",\"name\":\"Lo detuvieron tras accionar el dispositivo Byrna - Nuevo Digital de Escobar\",\"isPartOf\":{\"@id\":\"https:\/\/nuevodigitaldeescobar.com.ar\/#website\"},\"primaryImageOfPage\":{\"@id\":\"https:\/\/nuevodigitaldeescobar.com.ar\/?p=19784#primaryimage\"},\"image\":{\"@id\":\"https:\/\/nuevodigitaldeescobar.com.ar\/?p=19784#primaryimage\"},\"thumbnailUrl\":\"https:\/\/nuevodigitaldeescobar.com.ar\/wp-content\/uploads\/2026\/01\/622152607_18305628268257206_1995093298780191439_n-e1769610096898.jpg\",\"datePublished\":\"2026-01-28T14:21:53+00:00\",\"dateModified\":\"2026-01-28T14:21:57+00:00\",\"description\":\"La intervenci\u00f3n permiti\u00f3 reducir y aprehender al individuo, en un procedimiento realizado en conjunto con personal del Comando de Patrullas.\",\"breadcrumb\":{\"@id\":\"https:\/\/nuevodigitaldeescobar.com.ar\/?p=19784#breadcrumb\"},\"inLanguage\":\"es\",\"potentialAction\":[{\"@type\":\"ReadAction\",\"target\":[\"https:\/\/nuevodigitaldeescobar.com.ar\/?p=19784\"]}]},{\"@type\":\"ImageObject\",\"inLanguage\":\"es\",\"@id\":\"https:\/\/nuevodigitaldeescobar.com.ar\/?p=19784#primaryimage\",\"url\":\"https:\/\/nuevodigitaldeescobar.com.ar\/wp-content\/uploads\/2026\/01\/622152607_18305628268257206_1995093298780191439_n-e1769610096898.jpg\",\"contentUrl\":\"https:\/\/nuevodigitaldeescobar.com.ar\/wp-content\/uploads\/2026\/01\/622152607_18305628268257206_1995093298780191439_n-e1769610096898.jpg\",\"width\":1440,\"height\":1318},{\"@type\":\"BreadcrumbList\",\"@id\":\"https:\/\/nuevodigitaldeescobar.com.ar\/?p=19784#breadcrumb\",\"itemListElement\":[{\"@type\":\"ListItem\",\"position\":1,\"name\":\"Portada\",\"item\":\"https:\/\/nuevodigitaldeescobar.com.ar\/\"},{\"@type\":\"ListItem\",\"position\":2,\"name\":\"Lo detuvieron tras accionar el dispositivo Byrna\"}]},{\"@type\":\"WebSite\",\"@id\":\"https:\/\/nuevodigitaldeescobar.com.ar\/#website\",\"url\":\"https:\/\/nuevodigitaldeescobar.com.ar\/\",\"name\":\"Nuevo Digital de Escobar\",\"description\":\"La vida escobarense. Directora: Rosana Brunner\",\"publisher\":{\"@id\":\"https:\/\/nuevodigitaldeescobar.com.ar\/#organization\"},\"potentialAction\":[{\"@type\":\"SearchAction\",\"target\":{\"@type\":\"EntryPoint\",\"urlTemplate\":\"https:\/\/nuevodigitaldeescobar.com.ar\/?s={search_term_string}\"},\"query-input\":{\"@type\":\"PropertyValueSpecification\",\"valueRequired\":true,\"valueName\":\"search_term_string\"}}],\"inLanguage\":\"es\"},{\"@type\":\"Organization\",\"@id\":\"https:\/\/nuevodigitaldeescobar.com.ar\/#organization\",\"name\":\"Nuevo Digital de Escobar\",\"url\":\"https:\/\/nuevodigitaldeescobar.com.ar\/\",\"logo\":{\"@type\":\"ImageObject\",\"inLanguage\":\"es\",\"@id\":\"https:\/\/nuevodigitaldeescobar.com.ar\/#\/schema\/logo\/image\/\",\"url\":\"https:\/\/nuevodigitaldeescobar.com.ar\/wp-content\/uploads\/2025\/05\/cropped-logo-nuevo2.jpg\",\"contentUrl\":\"https:\/\/nuevodigitaldeescobar.com.ar\/wp-content\/uploads\/2025\/05\/cropped-logo-nuevo2.jpg\",\"width\":305,\"height\":305,\"caption\":\"Nuevo Digital de Escobar\"},\"image\":{\"@id\":\"https:\/\/nuevodigitaldeescobar.com.ar\/#\/schema\/logo\/image\/\"},\"sameAs\":[\"https:\/\/www.facebook.com\/NUEVODigitalDeEscobar\",\"https:\/\/x.com\/nuevodigescobar\",\"https:\/\/www.instagram.com\/nuevodigitaldeescobar\"]},{\"@type\":\"Person\",\"@id\":\"https:\/\/nuevodigitaldeescobar.com.ar\/#\/schema\/person\/035e90a8efe9a80e6eec22656ad6ea4c\",\"name\":\"Redacci\u00f3n\",\"image\":{\"@type\":\"ImageObject\",\"inLanguage\":\"es\",\"@id\":\"https:\/\/nuevodigitaldeescobar.com.ar\/#\/schema\/person\/image\/\",\"url\":\"https:\/\/secure.gravatar.com\/avatar\/8af8f40000c24e9eef3034f2be5998a372bb1389e64b1a4a36b3a7979142220d?s=96&d=mm&r=g\",\"contentUrl\":\"https:\/\/secure.gravatar.com\/avatar\/8af8f40000c24e9eef3034f2be5998a372bb1389e64b1a4a36b3a7979142220d?s=96&d=mm&r=g\",\"caption\":\"Redacci\u00f3n\"},\"sameAs\":[\"http:\/\/nuevodigitaldeescobar.com.ar\"],\"url\":\"https:\/\/nuevodigitaldeescobar.com.ar\/?author=1\"}]}<\/script>\n<!-- \/ Yoast SEO plugin. -->","yoast_head_json":{"title":"Lo detuvieron tras accionar el dispositivo Byrna - Nuevo Digital de Escobar","description":"La intervenci\u00f3n permiti\u00f3 reducir y aprehender al individuo, en un procedimiento realizado en conjunto con personal del Comando de Patrullas.","robots":{"index":"index","follow":"follow","max-snippet":"max-snippet:-1","max-image-preview":"max-image-preview:large","max-video-preview":"max-video-preview:-1"},"canonical":"https:\/\/nuevodigitaldeescobar.com.ar\/?p=19784","og_locale":"es_ES","og_type":"article","og_title":"Lo detuvieron tras accionar el dispositivo Byrna","og_description":"La intervenci\u00f3n permiti\u00f3 reducir y aprehender al individuo, en un procedimiento realizado en conjunto con personal del Comando de Patrullas.","og_url":"https:\/\/nuevodigitaldeescobar.com.ar\/?p=19784","og_site_name":"Nuevo Digital de Escobar","article_publisher":"https:\/\/www.facebook.com\/NUEVODigitalDeEscobar","article_published_time":"2026-01-28T14:21:53+00:00","article_modified_time":"2026-01-28T14:21:57+00:00","og_image":[{"width":1440,"height":1318,"url":"http:\/\/nuevodigitaldeescobar.com.ar\/wp-content\/uploads\/2026\/01\/622152607_18305628268257206_1995093298780191439_n-e1769610096898.jpg","type":"image\/jpeg"}],"author":"Redacci\u00f3n","twitter_card":"summary_large_image","twitter_creator":"@nuevodigescobar","twitter_site":"@nuevodigescobar","twitter_misc":{"Escrito por":"Redacci\u00f3n","Tiempo de lectura":"2 minutos"},"schema":{"@context":"https:\/\/schema.org","@graph":[{"@type":"Article","@id":"https:\/\/nuevodigitaldeescobar.com.ar\/?p=19784#article","isPartOf":{"@id":"https:\/\/nuevodigitaldeescobar.com.ar\/?p=19784"},"author":{"name":"Redacci\u00f3n","@id":"https:\/\/nuevodigitaldeescobar.com.ar\/#\/schema\/person\/035e90a8efe9a80e6eec22656ad6ea4c"},"headline":"Lo detuvieron tras accionar el dispositivo Byrna","datePublished":"2026-01-28T14:21:53+00:00","dateModified":"2026-01-28T14:21:57+00:00","mainEntityOfPage":{"@id":"https:\/\/nuevodigitaldeescobar.com.ar\/?p=19784"},"wordCount":255,"commentCount":0,"publisher":{"@id":"https:\/\/nuevodigitaldeescobar.com.ar\/#organization"},"image":{"@id":"https:\/\/nuevodigitaldeescobar.com.ar\/?p=19784#primaryimage"},"thumbnailUrl":"https:\/\/nuevodigitaldeescobar.com.ar\/wp-content\/uploads\/2026\/01\/622152607_18305628268257206_1995093298780191439_n-e1769610096898.jpg","articleSection":["Policiales"],"inLanguage":"es","potentialAction":[{"@type":"CommentAction","name":"Comment","target":["https:\/\/nuevodigitaldeescobar.com.ar\/?p=19784#respond"]}]},{"@type":"WebPage","@id":"https:\/\/nuevodigitaldeescobar.com.ar\/?p=19784","url":"https:\/\/nuevodigitaldeescobar.com.ar\/?p=19784","name":"Lo detuvieron tras accionar el dispositivo Byrna - Nuevo Digital de Escobar","isPartOf":{"@id":"https:\/\/nuevodigitaldeescobar.com.ar\/#website"},"primaryImageOfPage":{"@id":"https:\/\/nuevodigitaldeescobar.com.ar\/?p=19784#primaryimage"},"image":{"@id":"https:\/\/nuevodigitaldeescobar.com.ar\/?p=19784#primaryimage"},"thumbnailUrl":"https:\/\/nuevodigitaldeescobar.com.ar\/wp-content\/uploads\/2026\/01\/622152607_18305628268257206_1995093298780191439_n-e1769610096898.jpg","datePublished":"2026-01-28T14:21:53+00:00","dateModified":"2026-01-28T14:21:57+00:00","description":"La intervenci\u00f3n permiti\u00f3 reducir y aprehender al individuo, en un procedimiento realizado en conjunto con personal del Comando de Patrullas.","breadcrumb":{"@id":"https:\/\/nuevodigitaldeescobar.com.ar\/?p=19784#breadcrumb"},"inLanguage":"es","potentialAction":[{"@type":"ReadAction","target":["https:\/\/nuevodigitaldeescobar.com.ar\/?p=19784"]}]},{"@type":"ImageObject","inLanguage":"es","@id":"https:\/\/nuevodigitaldeescobar.com.ar\/?p=19784#primaryimage","url":"https:\/\/nuevodigitaldeescobar.com.ar\/wp-content\/uploads\/2026\/01\/622152607_18305628268257206_1995093298780191439_n-e1769610096898.jpg","contentUrl":"https:\/\/nuevodigitaldeescobar.com.ar\/wp-content\/uploads\/2026\/01\/622152607_18305628268257206_1995093298780191439_n-e1769610096898.jpg","width":1440,"height":1318},{"@type":"BreadcrumbList","@id":"https:\/\/nuevodigitaldeescobar.com.ar\/?p=19784#breadcrumb","itemListElement":[{"@type":"ListItem","position":1,"name":"Portada","item":"https:\/\/nuevodigitaldeescobar.com.ar\/"},{"@type":"ListItem","position":2,"name":"Lo detuvieron tras accionar el dispositivo Byrna"}]},{"@type":"WebSite","@id":"https:\/\/nuevodigitaldeescobar.com.ar\/#website","url":"https:\/\/nuevodigitaldeescobar.com.ar\/","name":"Nuevo Digital de Escobar","description":"La vida escobarense. Directora: Rosana Brunner","publisher":{"@id":"https:\/\/nuevodigitaldeescobar.com.ar\/#organization"},"potentialAction":[{"@type":"SearchAction","target":{"@type":"EntryPoint","urlTemplate":"https:\/\/nuevodigitaldeescobar.com.ar\/?s={search_term_string}"},"query-input":{"@type":"PropertyValueSpecification","valueRequired":true,"valueName":"search_term_string"}}],"inLanguage":"es"},{"@type":"Organization","@id":"https:\/\/nuevodigitaldeescobar.com.ar\/#organization","name":"Nuevo Digital de Escobar","url":"https:\/\/nuevodigitaldeescobar.com.ar\/","logo":{"@type":"ImageObject","inLanguage":"es","@id":"https:\/\/nuevodigitaldeescobar.com.ar\/#\/schema\/logo\/image\/","url":"https:\/\/nuevodigitaldeescobar.com.ar\/wp-content\/uploads\/2025\/05\/cropped-logo-nuevo2.jpg","contentUrl":"https:\/\/nuevodigitaldeescobar.com.ar\/wp-content\/uploads\/2025\/05\/cropped-logo-nuevo2.jpg","width":305,"height":305,"caption":"Nuevo Digital de Escobar"},"image":{"@id":"https:\/\/nuevodigitaldeescobar.com.ar\/#\/schema\/logo\/image\/"},"sameAs":["https:\/\/www.facebook.com\/NUEVODigitalDeEscobar","https:\/\/x.com\/nuevodigescobar","https:\/\/www.instagram.com\/nuevodigitaldeescobar"]},{"@type":"Person","@id":"https:\/\/nuevodigitaldeescobar.com.ar\/#\/schema\/person\/035e90a8efe9a80e6eec22656ad6ea4c","name":"Redacci\u00f3n","image":{"@type":"ImageObject","inLanguage":"es","@id":"https:\/\/nuevodigitaldeescobar.com.ar\/#\/schema\/person\/image\/","url":"https:\/\/secure.gravatar.com\/avatar\/8af8f40000c24e9eef3034f2be5998a372bb1389e64b1a4a36b3a7979142220d?s=96&d=mm&r=g","contentUrl":"https:\/\/secure.gravatar.com\/avatar\/8af8f40000c24e9eef3034f2be5998a372bb1389e64b1a4a36b3a7979142220d?s=96&d=mm&r=g","caption":"Redacci\u00f3n"},"sameAs":["http:\/\/nuevodigitaldeescobar.com.ar"],"url":"https:\/\/nuevodigitaldeescobar.com.ar\/?author=1"}]}},"featured_image_urls":{"full":["https:\/\/nuevodigitaldeescobar.com.ar\/wp-content\/uploads\/2026\/01\/622152607_18305628268257206_1995093298780191439_n-e1769610096898.jpg",1440,1318,false],"thumbnail":["https:\/\/nuevodigitaldeescobar.com.ar\/wp-content\/uploads\/2026\/01\/622152607_18305628268257206_1995093298780191439_n-e1769610096898-150x150.jpg",150,150,true],"medium":["https:\/\/nuevodigitaldeescobar.com.ar\/wp-content\/uploads\/2026\/01\/622152607_18305628268257206_1995093298780191439_n-e1769610096898-300x275.jpg",300,275,true],"medium_large":["https:\/\/nuevodigitaldeescobar.com.ar\/wp-content\/uploads\/2026\/01\/622152607_18305628268257206_1995093298780191439_n-e1769610096898-768x703.jpg",640,586,true],"large":["https:\/\/nuevodigitaldeescobar.com.ar\/wp-content\/uploads\/2026\/01\/622152607_18305628268257206_1995093298780191439_n-e1769610096898-1024x937.jpg",640,586,true],"1536x1536":["https:\/\/nuevodigitaldeescobar.com.ar\/wp-content\/uploads\/2026\/01\/622152607_18305628268257206_1995093298780191439_n-1152x1536.jpg",1152,1536,true],"2048x2048":["https:\/\/nuevodigitaldeescobar.com.ar\/wp-content\/uploads\/2026\/01\/622152607_18305628268257206_1995093298780191439_n-e1769610096898.jpg",1440,1318,false]},"author_info":{"display_name":"Redacci\u00f3n","author_link":"https:\/\/nuevodigitaldeescobar.com.ar\/?author=1"},"category_info":"<a href=\"https:\/\/nuevodigitaldeescobar.com.ar\/?cat=13\" rel=\"category\">Policiales<\/a>","tag_info":"Policiales","comment_count":"0","_links":{"self":[{"href":"https:\/\/nuevodigitaldeescobar.com.ar\/index.php?rest_route=\/wp\/v2\/posts\/19784","targetHints":{"allow":["GET"]}}],"collection":[{"href":"https:\/\/nuevodigitaldeescobar.com.ar\/index.php?rest_route=\/wp\/v2\/posts"}],"about":[{"href":"https:\/\/nuevodigitaldeescobar.com.ar\/index.php?rest_route=\/wp\/v2\/types\/post"}],"author":[{"embeddable":true,"href":"https:\/\/nuevodigitaldeescobar.com.ar\/index.php?rest_route=\/wp\/v2\/users\/1"}],"replies":[{"embeddable":true,"href":"https:\/\/nuevodigitaldeescobar.com.ar\/index.php?rest_route=%2Fwp%2Fv2%2Fcomments&post=19784"}],"version-history":[{"count":1,"href":"https:\/\/nuevodigitaldeescobar.com.ar\/index.php?rest_route=\/wp\/v2\/posts\/19784\/revisions"}],"predecessor-version":[{"id":19786,"href":"https:\/\/nuevodigitaldeescobar.com.ar\/index.php?rest_route=\/wp\/v2\/posts\/19784\/revisions\/19786"}],"wp:featuredmedia":[{"embeddable":true,"href":"https:\/\/nuevodigitaldeescobar.com.ar\/index.php?rest_route=\/wp\/v2\/media\/19785"}],"wp:attachment":[{"href":"https:\/\/nuevodigitaldeescobar.com.ar\/index.php?rest_route=%2Fwp%2Fv2%2Fmedia&parent=19784"}],"wp:term":[{"taxonomy":"category","embeddable":true,"href":"https:\/\/nuevodigitaldeescobar.com.ar\/index.php?rest_route=%2Fwp%2Fv2%2Fcategories&post=19784"},{"taxonomy":"post_tag","embeddable":true,"href":"https:\/\/nuevodigitaldeescobar.com.ar\/index.php?rest_route=%2Fwp%2Fv2%2Ftags&post=19784"}],"curies":[{"name":"wp","href":"https:\/\/api.w.org\/{rel}","templated":true}]}}