{"id":1987,"date":"2023-12-20T07:00:00","date_gmt":"2023-12-20T10:00:00","guid":{"rendered":"https:\/\/nuevodigitaldeescobar.com.ar\/?p=1987"},"modified":"2023-12-19T20:32:54","modified_gmt":"2023-12-19T23:32:54","slug":"los-consumidores-no-convalidaron-la-suba-de-la-carne-y-el-precio-de-la-hacienda-cayo-un-12-en-canuelas","status":"publish","type":"post","link":"https:\/\/nuevodigitaldeescobar.com.ar\/?p=1987","title":{"rendered":"Los consumidores no convalidaron la suba de la carne, y el precio de la hacienda cay\u00f3 un 12% en Ca\u00f1uelas"},"content":{"rendered":"<p><span style=\"color: #003366;\"><strong><em>Los valores de la hacienda retrocedieron este martes. El secretario de Agricultura, Fernando Vilella, hab\u00eda anticipado que la demanda no respaldar\u00eda los \u00faltimos incrementos en cortes como el asado.<\/em><\/strong><\/span><\/p>\n<p><!--more--><\/p>\n<hr \/>\n<p>Los precios de la hacienda tuvieron este martes un notable retroceso en el Mercado Agroganadero de Ca\u00f1uelas (MAG). El \u00cdndice General baj\u00f3 m\u00e1s de un 12%, al pasar de un promedio de $1474,645 a $1293,612. Mientras que el \u00edndice de Novillo tuvo una merma de 11,6% al descender de $1616,737 a los $1428,567.<\/p>\n<p>En un contexto de cortes de electricidad y la merma en las ventas durante el fin de semana, la demanda de animales livianos sufri\u00f3 un duro rev\u00e9s durante la rueda. Con un ingreso de 10.012 ejemplares entre las diferentes categor\u00edas, el novillito dej\u00f3 hasta $250 en el camino y la vaquillona retrocedi\u00f3 hasta $300.<\/p>\n<p>Los novillos, por tracci\u00f3n del sector gastron\u00f3mico, tuvieron quebrantos que no superaron los $100, mientras que las vacas mantuvieron sus cotizaciones. Los consumidores respondieron as\u00ed con una negativa rotunda ante un kilo de asado que ya rondaba los $7000 en las carnicer\u00edas.<\/p>\n<p>Sobre lo ocurrido, el presidente de la C\u00e1mara de la Industria y el Comercio de Carnes de la Rep\u00fablica Argentina (CICCRA), Miguel Schiariti, afirm\u00f3 que <em>\u201cEs v\u00e1lido que el precio haya ca\u00eddo, porque fue una entrada importante de animales a pesar de la lluvia del fin de semana, que complic\u00f3 la movilidad en muchos caminos y es muy probable que la mayor\u00eda de los compradores no esperaran esa oferta. Es posible que todos los feedlots cercanos a las rutas hayan enviado la hacienda. Por otro lado, la venta en carnicer\u00edas est\u00e1 muy parada despu\u00e9s del aumento de un 60% que hubo durante la semana anterior. Aunque no quiere decir que esta baja se vaya a trasladar al mostrador de manera inmediata\u201d<\/em>.<\/p>\n<p>En una entrevista radial que brind\u00f3 antes de la rueda de remates, el flamante secretario de Agricultura, Fernando Vilella, consider\u00f3: <em>\u201cEl precio que est\u00e1 hoy dif\u00edcilmente se sostenga. Me da la impresi\u00f3n que (la disminuci\u00f3n de) el poder adquisitivo va a hacer que se deprima la demanda\u201d<\/em>.<\/p>\n<p>A su vez, el funcionario consider\u00f3 que el reciente incremento en los precios de los cortes bovinos se debe a una <em>\u201csuma de circunstancias\u201d<\/em>.<\/p>\n<p><em>\u201cEl problema que estamos visualizando en estos d\u00edas es que la carne fue el producto que menos aument\u00f3 durante los \u00faltimos dos a\u00f1os. Adem\u00e1s, la sequ\u00eda fue muy impactante y se perdi\u00f3 una parte del rodeo, lo que genera que vamos a tener unos meses con menos cantidad de oferta\u201d<\/em>, manifest\u00f3 Vilella este martes en declaraciones radiales.<\/p>\n<figure id=\"attachment_1989\" aria-describedby=\"caption-attachment-1989\" style=\"width: 720px\" class=\"wp-caption alignnone\"><img fetchpriority=\"high\" decoding=\"async\" class=\"size-full wp-image-1989\" src=\"http:\/\/nuevodigitaldeescobar.com.ar\/wp-content\/uploads\/2023\/12\/carne-epi-e1703028727806.jpg\" alt=\"\" width=\"720\" height=\"405\" \/><figcaption id=\"caption-attachment-1989\" class=\"wp-caption-text\">El kilo de asado rondaba los $7000 por kilo en algunas carnicer\u00edas. (Foto: T\u00e9lam)<\/figcaption><\/figure>\n<p>El funcionario reconoci\u00f3 que este alimento <em>\u201cest\u00e1 en un momento de muy altos precios por una suma de circunstancias\u201d<\/em>, pero remarc\u00f3 que <em>\u201cninguna\u201d<\/em> de ellas est\u00e1 <em>\u201cvinculada con las medidas que recientemente se tomaron\u201d<\/em>.<\/p>\n<p>Del mismo modo, Vilella sostuvo que la suba de retenciones a la carne que el Gobierno impulsar\u00e1 en el Congreso, del 8% al 15%, <em>\u201cva a favor de menores costos hacia el (mercado) interior\u201d<\/em>.<\/p>\n<p>En este contexto, el Consorcio de Exportadores de Carne Argentinas ABC anunci\u00f3 d\u00edas atr\u00e1s que colocar\u00eda 5 cortes a precios m\u00e1s bajos, hasta un 40% por debajo que los actuales en las carnicer\u00edas, en algunas cadenas de supermercados de cara a las fiestas de Navidad y A\u00f1o Nuevo.<\/p>\n<p>Dentro de esta promoci\u00f3n, por kilo, y hasta fin de mes, podr\u00eda conseguirse el asado a $4900, matambre a $5900, vac\u00edo a $5900, tapa de asado a $4900, y falda a $2900 en los comercios adheridos.<\/p>\n<p><em>(TN)<\/em><\/p>\n","protected":false},"excerpt":{"rendered":"<p>Los valores de la hacienda retrocedieron este martes. El secretario de Agricultura, Fernando Vilella, hab\u00eda anticipado que la demanda no respaldar\u00eda los \u00faltimos incrementos en [&hellip;]<\/p>\n","protected":false},"author":1,"featured_media":1988,"comment_status":"open","ping_status":"closed","sticky":false,"template":"","format":"standard","meta":{"footnotes":""},"categories":[10],"tags":[],"class_list":["post-1987","post","type-post","status-publish","format-standard","has-post-thumbnail","hentry","category-economia"],"better_featured_image":{"id":1988,"alt_text":"","caption":"","description":"","media_type":"image","media_details":{"width":720,"height":404,"file":"2023\/12\/carne-1-e1703028748464.jpg","filesize":124548,"sizes":{"medium":{"file":"carne-1-300x168.jpg","width":300,"height":168,"mime-type":"image\/jpeg","filesize":16765,"source_url":"https:\/\/nuevodigitaldeescobar.com.ar\/wp-content\/uploads\/2023\/12\/carne-1-300x168.jpg"},"thumbnail":{"file":"carne-1-150x150.jpg","width":150,"height":150,"mime-type":"image\/jpeg","filesize":8098,"source_url":"https:\/\/nuevodigitaldeescobar.com.ar\/wp-content\/uploads\/2023\/12\/carne-1-150x150.jpg"},"covernews-medium":{"file":"carne-1-540x340.jpg","width":540,"height":340,"mime-type":"image\/jpeg","filesize":54214,"source_url":"https:\/\/nuevodigitaldeescobar.com.ar\/wp-content\/uploads\/2023\/12\/carne-1-540x340.jpg"},"covernews-medium-square":{"file":"carne-1-400x250.jpg","width":400,"height":250,"mime-type":"image\/jpeg","filesize":31549,"source_url":"https:\/\/nuevodigitaldeescobar.com.ar\/wp-content\/uploads\/2023\/12\/carne-1-400x250.jpg"}},"image_meta":{"aperture":"0","credit":"","camera":"","caption":"","created_timestamp":"0","copyright":"","focal_length":"0","iso":"0","shutter_speed":"0","title":"","orientation":"0","keywords":[]}},"post":1987,"source_url":"https:\/\/nuevodigitaldeescobar.com.ar\/wp-content\/uploads\/2023\/12\/carne-1-e1703028748464.jpg"},"yoast_head":"<!-- This site is optimized with the Yoast SEO plugin v26.1.1 - https:\/\/yoast.com\/wordpress\/plugins\/seo\/ -->\n<title>Los consumidores no convalidaron la suba de la carne, y el precio de la hacienda cay\u00f3 un 12% en Ca\u00f1uelas - Nuevo Digital de Escobar<\/title>\n<meta name=\"robots\" content=\"index, follow, max-snippet:-1, max-image-preview:large, max-video-preview:-1\" \/>\n<link rel=\"canonical\" href=\"https:\/\/nuevodigitaldeescobar.com.ar\/?p=1987\" \/>\n<meta property=\"og:locale\" content=\"es_ES\" \/>\n<meta property=\"og:type\" content=\"article\" \/>\n<meta property=\"og:title\" content=\"Los consumidores no convalidaron la suba de la carne, y el precio de la hacienda cay\u00f3 un 12% en Ca\u00f1uelas - Nuevo Digital de Escobar\" \/>\n<meta property=\"og:description\" content=\"Los valores de la hacienda retrocedieron este martes. El secretario de Agricultura, Fernando Vilella, hab\u00eda anticipado que la demanda no respaldar\u00eda los \u00faltimos incrementos en [&hellip;]\" \/>\n<meta property=\"og:url\" content=\"https:\/\/nuevodigitaldeescobar.com.ar\/?p=1987\" \/>\n<meta property=\"og:site_name\" content=\"Nuevo Digital de Escobar\" \/>\n<meta property=\"article:publisher\" content=\"https:\/\/www.facebook.com\/NUEVODigitalDeEscobar\" \/>\n<meta property=\"article:published_time\" content=\"2023-12-20T10:00:00+00:00\" \/>\n<meta property=\"og:image\" content=\"https:\/\/nuevodigitaldeescobar.com.ar\/wp-content\/uploads\/2023\/12\/carne-1-e1703028748464.jpg\" \/>\n\t<meta property=\"og:image:width\" content=\"720\" \/>\n\t<meta property=\"og:image:height\" content=\"404\" \/>\n\t<meta property=\"og:image:type\" content=\"image\/jpeg\" \/>\n<meta name=\"author\" content=\"Redacci\u00f3n\" \/>\n<meta name=\"twitter:card\" content=\"summary_large_image\" \/>\n<meta name=\"twitter:creator\" content=\"@nuevodigescobar\" \/>\n<meta name=\"twitter:site\" content=\"@nuevodigescobar\" \/>\n<meta name=\"twitter:label1\" content=\"Escrito por\" \/>\n\t<meta name=\"twitter:data1\" content=\"Redacci\u00f3n\" \/>\n\t<meta name=\"twitter:label2\" content=\"Tiempo de lectura\" \/>\n\t<meta name=\"twitter:data2\" content=\"3 minutos\" \/>\n<script type=\"application\/ld+json\" class=\"yoast-schema-graph\">{\"@context\":\"https:\/\/schema.org\",\"@graph\":[{\"@type\":\"Article\",\"@id\":\"https:\/\/nuevodigitaldeescobar.com.ar\/?p=1987#article\",\"isPartOf\":{\"@id\":\"https:\/\/nuevodigitaldeescobar.com.ar\/?p=1987\"},\"author\":{\"name\":\"Redacci\u00f3n\",\"@id\":\"https:\/\/nuevodigitaldeescobar.com.ar\/#\/schema\/person\/035e90a8efe9a80e6eec22656ad6ea4c\"},\"headline\":\"Los consumidores no convalidaron la suba de la carne, y el precio de la hacienda cay\u00f3 un 12% en Ca\u00f1uelas\",\"datePublished\":\"2023-12-20T10:00:00+00:00\",\"mainEntityOfPage\":{\"@id\":\"https:\/\/nuevodigitaldeescobar.com.ar\/?p=1987\"},\"wordCount\":633,\"commentCount\":0,\"publisher\":{\"@id\":\"https:\/\/nuevodigitaldeescobar.com.ar\/#organization\"},\"image\":{\"@id\":\"https:\/\/nuevodigitaldeescobar.com.ar\/?p=1987#primaryimage\"},\"thumbnailUrl\":\"https:\/\/nuevodigitaldeescobar.com.ar\/wp-content\/uploads\/2023\/12\/carne-1-e1703028748464.jpg\",\"articleSection\":[\"Econom\u00eda\"],\"inLanguage\":\"es\",\"potentialAction\":[{\"@type\":\"CommentAction\",\"name\":\"Comment\",\"target\":[\"https:\/\/nuevodigitaldeescobar.com.ar\/?p=1987#respond\"]}]},{\"@type\":\"WebPage\",\"@id\":\"https:\/\/nuevodigitaldeescobar.com.ar\/?p=1987\",\"url\":\"https:\/\/nuevodigitaldeescobar.com.ar\/?p=1987\",\"name\":\"Los consumidores no convalidaron la suba de la carne, y el precio de la hacienda cay\u00f3 un 12% en Ca\u00f1uelas - Nuevo Digital de Escobar\",\"isPartOf\":{\"@id\":\"https:\/\/nuevodigitaldeescobar.com.ar\/#website\"},\"primaryImageOfPage\":{\"@id\":\"https:\/\/nuevodigitaldeescobar.com.ar\/?p=1987#primaryimage\"},\"image\":{\"@id\":\"https:\/\/nuevodigitaldeescobar.com.ar\/?p=1987#primaryimage\"},\"thumbnailUrl\":\"https:\/\/nuevodigitaldeescobar.com.ar\/wp-content\/uploads\/2023\/12\/carne-1-e1703028748464.jpg\",\"datePublished\":\"2023-12-20T10:00:00+00:00\",\"breadcrumb\":{\"@id\":\"https:\/\/nuevodigitaldeescobar.com.ar\/?p=1987#breadcrumb\"},\"inLanguage\":\"es\",\"potentialAction\":[{\"@type\":\"ReadAction\",\"target\":[\"https:\/\/nuevodigitaldeescobar.com.ar\/?p=1987\"]}]},{\"@type\":\"ImageObject\",\"inLanguage\":\"es\",\"@id\":\"https:\/\/nuevodigitaldeescobar.com.ar\/?p=1987#primaryimage\",\"url\":\"https:\/\/nuevodigitaldeescobar.com.ar\/wp-content\/uploads\/2023\/12\/carne-1-e1703028748464.jpg\",\"contentUrl\":\"https:\/\/nuevodigitaldeescobar.com.ar\/wp-content\/uploads\/2023\/12\/carne-1-e1703028748464.jpg\",\"width\":720,\"height\":404},{\"@type\":\"BreadcrumbList\",\"@id\":\"https:\/\/nuevodigitaldeescobar.com.ar\/?p=1987#breadcrumb\",\"itemListElement\":[{\"@type\":\"ListItem\",\"position\":1,\"name\":\"Portada\",\"item\":\"https:\/\/nuevodigitaldeescobar.com.ar\/\"},{\"@type\":\"ListItem\",\"position\":2,\"name\":\"Los consumidores no convalidaron la suba de la carne, y el precio de la hacienda cay\u00f3 un 12% en Ca\u00f1uelas\"}]},{\"@type\":\"WebSite\",\"@id\":\"https:\/\/nuevodigitaldeescobar.com.ar\/#website\",\"url\":\"https:\/\/nuevodigitaldeescobar.com.ar\/\",\"name\":\"Nuevo Digital de Escobar\",\"description\":\"La vida escobarense. Directora: Rosana Brunner\",\"publisher\":{\"@id\":\"https:\/\/nuevodigitaldeescobar.com.ar\/#organization\"},\"potentialAction\":[{\"@type\":\"SearchAction\",\"target\":{\"@type\":\"EntryPoint\",\"urlTemplate\":\"https:\/\/nuevodigitaldeescobar.com.ar\/?s={search_term_string}\"},\"query-input\":{\"@type\":\"PropertyValueSpecification\",\"valueRequired\":true,\"valueName\":\"search_term_string\"}}],\"inLanguage\":\"es\"},{\"@type\":\"Organization\",\"@id\":\"https:\/\/nuevodigitaldeescobar.com.ar\/#organization\",\"name\":\"Nuevo Digital de Escobar\",\"url\":\"https:\/\/nuevodigitaldeescobar.com.ar\/\",\"logo\":{\"@type\":\"ImageObject\",\"inLanguage\":\"es\",\"@id\":\"https:\/\/nuevodigitaldeescobar.com.ar\/#\/schema\/logo\/image\/\",\"url\":\"https:\/\/nuevodigitaldeescobar.com.ar\/wp-content\/uploads\/2025\/05\/cropped-logo-nuevo2.jpg\",\"contentUrl\":\"https:\/\/nuevodigitaldeescobar.com.ar\/wp-content\/uploads\/2025\/05\/cropped-logo-nuevo2.jpg\",\"width\":305,\"height\":305,\"caption\":\"Nuevo Digital de Escobar\"},\"image\":{\"@id\":\"https:\/\/nuevodigitaldeescobar.com.ar\/#\/schema\/logo\/image\/\"},\"sameAs\":[\"https:\/\/www.facebook.com\/NUEVODigitalDeEscobar\",\"https:\/\/x.com\/nuevodigescobar\",\"https:\/\/www.instagram.com\/nuevodigitaldeescobar\"]},{\"@type\":\"Person\",\"@id\":\"https:\/\/nuevodigitaldeescobar.com.ar\/#\/schema\/person\/035e90a8efe9a80e6eec22656ad6ea4c\",\"name\":\"Redacci\u00f3n\",\"image\":{\"@type\":\"ImageObject\",\"inLanguage\":\"es\",\"@id\":\"https:\/\/nuevodigitaldeescobar.com.ar\/#\/schema\/person\/image\/\",\"url\":\"https:\/\/secure.gravatar.com\/avatar\/8af8f40000c24e9eef3034f2be5998a372bb1389e64b1a4a36b3a7979142220d?s=96&d=mm&r=g\",\"contentUrl\":\"https:\/\/secure.gravatar.com\/avatar\/8af8f40000c24e9eef3034f2be5998a372bb1389e64b1a4a36b3a7979142220d?s=96&d=mm&r=g\",\"caption\":\"Redacci\u00f3n\"},\"sameAs\":[\"http:\/\/nuevodigitaldeescobar.com.ar\"],\"url\":\"https:\/\/nuevodigitaldeescobar.com.ar\/?author=1\"}]}<\/script>\n<!-- \/ Yoast SEO plugin. -->","yoast_head_json":{"title":"Los consumidores no convalidaron la suba de la carne, y el precio de la hacienda cay\u00f3 un 12% en Ca\u00f1uelas - Nuevo Digital de Escobar","robots":{"index":"index","follow":"follow","max-snippet":"max-snippet:-1","max-image-preview":"max-image-preview:large","max-video-preview":"max-video-preview:-1"},"canonical":"https:\/\/nuevodigitaldeescobar.com.ar\/?p=1987","og_locale":"es_ES","og_type":"article","og_title":"Los consumidores no convalidaron la suba de la carne, y el precio de la hacienda cay\u00f3 un 12% en Ca\u00f1uelas - Nuevo Digital de Escobar","og_description":"Los valores de la hacienda retrocedieron este martes. El secretario de Agricultura, Fernando Vilella, hab\u00eda anticipado que la demanda no respaldar\u00eda los \u00faltimos incrementos en [&hellip;]","og_url":"https:\/\/nuevodigitaldeescobar.com.ar\/?p=1987","og_site_name":"Nuevo Digital de Escobar","article_publisher":"https:\/\/www.facebook.com\/NUEVODigitalDeEscobar","article_published_time":"2023-12-20T10:00:00+00:00","og_image":[{"width":720,"height":404,"url":"https:\/\/nuevodigitaldeescobar.com.ar\/wp-content\/uploads\/2023\/12\/carne-1-e1703028748464.jpg","type":"image\/jpeg"}],"author":"Redacci\u00f3n","twitter_card":"summary_large_image","twitter_creator":"@nuevodigescobar","twitter_site":"@nuevodigescobar","twitter_misc":{"Escrito por":"Redacci\u00f3n","Tiempo de lectura":"3 minutos"},"schema":{"@context":"https:\/\/schema.org","@graph":[{"@type":"Article","@id":"https:\/\/nuevodigitaldeescobar.com.ar\/?p=1987#article","isPartOf":{"@id":"https:\/\/nuevodigitaldeescobar.com.ar\/?p=1987"},"author":{"name":"Redacci\u00f3n","@id":"https:\/\/nuevodigitaldeescobar.com.ar\/#\/schema\/person\/035e90a8efe9a80e6eec22656ad6ea4c"},"headline":"Los consumidores no convalidaron la suba de la carne, y el precio de la hacienda cay\u00f3 un 12% en Ca\u00f1uelas","datePublished":"2023-12-20T10:00:00+00:00","mainEntityOfPage":{"@id":"https:\/\/nuevodigitaldeescobar.com.ar\/?p=1987"},"wordCount":633,"commentCount":0,"publisher":{"@id":"https:\/\/nuevodigitaldeescobar.com.ar\/#organization"},"image":{"@id":"https:\/\/nuevodigitaldeescobar.com.ar\/?p=1987#primaryimage"},"thumbnailUrl":"https:\/\/nuevodigitaldeescobar.com.ar\/wp-content\/uploads\/2023\/12\/carne-1-e1703028748464.jpg","articleSection":["Econom\u00eda"],"inLanguage":"es","potentialAction":[{"@type":"CommentAction","name":"Comment","target":["https:\/\/nuevodigitaldeescobar.com.ar\/?p=1987#respond"]}]},{"@type":"WebPage","@id":"https:\/\/nuevodigitaldeescobar.com.ar\/?p=1987","url":"https:\/\/nuevodigitaldeescobar.com.ar\/?p=1987","name":"Los consumidores no convalidaron la suba de la carne, y el precio de la hacienda cay\u00f3 un 12% en Ca\u00f1uelas - Nuevo Digital de Escobar","isPartOf":{"@id":"https:\/\/nuevodigitaldeescobar.com.ar\/#website"},"primaryImageOfPage":{"@id":"https:\/\/nuevodigitaldeescobar.com.ar\/?p=1987#primaryimage"},"image":{"@id":"https:\/\/nuevodigitaldeescobar.com.ar\/?p=1987#primaryimage"},"thumbnailUrl":"https:\/\/nuevodigitaldeescobar.com.ar\/wp-content\/uploads\/2023\/12\/carne-1-e1703028748464.jpg","datePublished":"2023-12-20T10:00:00+00:00","breadcrumb":{"@id":"https:\/\/nuevodigitaldeescobar.com.ar\/?p=1987#breadcrumb"},"inLanguage":"es","potentialAction":[{"@type":"ReadAction","target":["https:\/\/nuevodigitaldeescobar.com.ar\/?p=1987"]}]},{"@type":"ImageObject","inLanguage":"es","@id":"https:\/\/nuevodigitaldeescobar.com.ar\/?p=1987#primaryimage","url":"https:\/\/nuevodigitaldeescobar.com.ar\/wp-content\/uploads\/2023\/12\/carne-1-e1703028748464.jpg","contentUrl":"https:\/\/nuevodigitaldeescobar.com.ar\/wp-content\/uploads\/2023\/12\/carne-1-e1703028748464.jpg","width":720,"height":404},{"@type":"BreadcrumbList","@id":"https:\/\/nuevodigitaldeescobar.com.ar\/?p=1987#breadcrumb","itemListElement":[{"@type":"ListItem","position":1,"name":"Portada","item":"https:\/\/nuevodigitaldeescobar.com.ar\/"},{"@type":"ListItem","position":2,"name":"Los consumidores no convalidaron la suba de la carne, y el precio de la hacienda cay\u00f3 un 12% en Ca\u00f1uelas"}]},{"@type":"WebSite","@id":"https:\/\/nuevodigitaldeescobar.com.ar\/#website","url":"https:\/\/nuevodigitaldeescobar.com.ar\/","name":"Nuevo Digital de Escobar","description":"La vida escobarense. Directora: Rosana Brunner","publisher":{"@id":"https:\/\/nuevodigitaldeescobar.com.ar\/#organization"},"potentialAction":[{"@type":"SearchAction","target":{"@type":"EntryPoint","urlTemplate":"https:\/\/nuevodigitaldeescobar.com.ar\/?s={search_term_string}"},"query-input":{"@type":"PropertyValueSpecification","valueRequired":true,"valueName":"search_term_string"}}],"inLanguage":"es"},{"@type":"Organization","@id":"https:\/\/nuevodigitaldeescobar.com.ar\/#organization","name":"Nuevo Digital de Escobar","url":"https:\/\/nuevodigitaldeescobar.com.ar\/","logo":{"@type":"ImageObject","inLanguage":"es","@id":"https:\/\/nuevodigitaldeescobar.com.ar\/#\/schema\/logo\/image\/","url":"https:\/\/nuevodigitaldeescobar.com.ar\/wp-content\/uploads\/2025\/05\/cropped-logo-nuevo2.jpg","contentUrl":"https:\/\/nuevodigitaldeescobar.com.ar\/wp-content\/uploads\/2025\/05\/cropped-logo-nuevo2.jpg","width":305,"height":305,"caption":"Nuevo Digital de Escobar"},"image":{"@id":"https:\/\/nuevodigitaldeescobar.com.ar\/#\/schema\/logo\/image\/"},"sameAs":["https:\/\/www.facebook.com\/NUEVODigitalDeEscobar","https:\/\/x.com\/nuevodigescobar","https:\/\/www.instagram.com\/nuevodigitaldeescobar"]},{"@type":"Person","@id":"https:\/\/nuevodigitaldeescobar.com.ar\/#\/schema\/person\/035e90a8efe9a80e6eec22656ad6ea4c","name":"Redacci\u00f3n","image":{"@type":"ImageObject","inLanguage":"es","@id":"https:\/\/nuevodigitaldeescobar.com.ar\/#\/schema\/person\/image\/","url":"https:\/\/secure.gravatar.com\/avatar\/8af8f40000c24e9eef3034f2be5998a372bb1389e64b1a4a36b3a7979142220d?s=96&d=mm&r=g","contentUrl":"https:\/\/secure.gravatar.com\/avatar\/8af8f40000c24e9eef3034f2be5998a372bb1389e64b1a4a36b3a7979142220d?s=96&d=mm&r=g","caption":"Redacci\u00f3n"},"sameAs":["http:\/\/nuevodigitaldeescobar.com.ar"],"url":"https:\/\/nuevodigitaldeescobar.com.ar\/?author=1"}]}},"featured_image_urls":{"full":["https:\/\/nuevodigitaldeescobar.com.ar\/wp-content\/uploads\/2023\/12\/carne-1-e1703028748464.jpg",720,404,false],"thumbnail":["https:\/\/nuevodigitaldeescobar.com.ar\/wp-content\/uploads\/2023\/12\/carne-1-150x150.jpg",150,150,true],"medium":["https:\/\/nuevodigitaldeescobar.com.ar\/wp-content\/uploads\/2023\/12\/carne-1-300x168.jpg",300,168,true],"medium_large":["https:\/\/nuevodigitaldeescobar.com.ar\/wp-content\/uploads\/2023\/12\/carne-1-e1703028748464.jpg",640,359,false],"large":["https:\/\/nuevodigitaldeescobar.com.ar\/wp-content\/uploads\/2023\/12\/carne-1-e1703028748464.jpg",640,359,false],"1536x1536":["https:\/\/nuevodigitaldeescobar.com.ar\/wp-content\/uploads\/2023\/12\/carne-1-e1703028748464.jpg",720,404,false],"2048x2048":["https:\/\/nuevodigitaldeescobar.com.ar\/wp-content\/uploads\/2023\/12\/carne-1-e1703028748464.jpg",720,404,false]},"author_info":{"display_name":"Redacci\u00f3n","author_link":"https:\/\/nuevodigitaldeescobar.com.ar\/?author=1"},"category_info":"<a href=\"https:\/\/nuevodigitaldeescobar.com.ar\/?cat=10\" rel=\"category\">Econom\u00eda<\/a>","tag_info":"Econom\u00eda","comment_count":"0","_links":{"self":[{"href":"https:\/\/nuevodigitaldeescobar.com.ar\/index.php?rest_route=\/wp\/v2\/posts\/1987","targetHints":{"allow":["GET"]}}],"collection":[{"href":"https:\/\/nuevodigitaldeescobar.com.ar\/index.php?rest_route=\/wp\/v2\/posts"}],"about":[{"href":"https:\/\/nuevodigitaldeescobar.com.ar\/index.php?rest_route=\/wp\/v2\/types\/post"}],"author":[{"embeddable":true,"href":"https:\/\/nuevodigitaldeescobar.com.ar\/index.php?rest_route=\/wp\/v2\/users\/1"}],"replies":[{"embeddable":true,"href":"https:\/\/nuevodigitaldeescobar.com.ar\/index.php?rest_route=%2Fwp%2Fv2%2Fcomments&post=1987"}],"version-history":[{"count":1,"href":"https:\/\/nuevodigitaldeescobar.com.ar\/index.php?rest_route=\/wp\/v2\/posts\/1987\/revisions"}],"predecessor-version":[{"id":1990,"href":"https:\/\/nuevodigitaldeescobar.com.ar\/index.php?rest_route=\/wp\/v2\/posts\/1987\/revisions\/1990"}],"wp:featuredmedia":[{"embeddable":true,"href":"https:\/\/nuevodigitaldeescobar.com.ar\/index.php?rest_route=\/wp\/v2\/media\/1988"}],"wp:attachment":[{"href":"https:\/\/nuevodigitaldeescobar.com.ar\/index.php?rest_route=%2Fwp%2Fv2%2Fmedia&parent=1987"}],"wp:term":[{"taxonomy":"category","embeddable":true,"href":"https:\/\/nuevodigitaldeescobar.com.ar\/index.php?rest_route=%2Fwp%2Fv2%2Fcategories&post=1987"},{"taxonomy":"post_tag","embeddable":true,"href":"https:\/\/nuevodigitaldeescobar.com.ar\/index.php?rest_route=%2Fwp%2Fv2%2Ftags&post=1987"}],"curies":[{"name":"wp","href":"https:\/\/api.w.org\/{rel}","templated":true}]}}