{"id":2008,"date":"2023-12-20T20:13:51","date_gmt":"2023-12-20T23:13:51","guid":{"rendered":"https:\/\/nuevodigitaldeescobar.com.ar\/?p=2008"},"modified":"2023-12-20T20:14:03","modified_gmt":"2023-12-20T23:14:03","slug":"en-el-estreno-del-protocolo-antipiquetes-las-organizaciones-sociales-marcharon-sin-cortar-la-9-de-julio","status":"publish","type":"post","link":"https:\/\/nuevodigitaldeescobar.com.ar\/?p=2008","title":{"rendered":"En el estreno del Protocolo Antipiquetes, las organizaciones sociales marcharon sin cortar la 9 de Julio"},"content":{"rendered":"<p><span style=\"color: #003366;\"><strong><em>Se concentraron en la Plaza de Mayo. Milei, junto a Bullrich y Pettovello, monitorearon la situaci\u00f3n desde el Departamento de la Polic\u00eda Federal.<\/em><\/strong><\/span><\/p>\n<p><!--more--><\/p>\n<hr \/>\n<p>El Polo Obrero se moviliz\u00f3 hoy a la Plaza de Mayo en el estreno del Protocolo Antipiquetes impulsado la semana pasada por la ministra de Seguridad, Patricia Bullrich.<\/p>\n<p>Si bien la concentraci\u00f3n estaba prevista en el Congreso de la Naci\u00f3n para marchar hacia la Plaza Mayo, el l\u00edder social Eduardo Belliboni cambi\u00f3 la convocatoria directamente en la plaza.<\/p>\n<p>La raz\u00f3n principal del cambio se dio por el gran despliegue de las fuerzas de seguridad federales (Polic\u00eda Federal y Gendarmer\u00eda) y de la Polic\u00eda de la Ciudad.<\/p>\n<p><em>\u00abEl fin de asegurar tanto la realizaci\u00f3n del acto en Plaza de Mayo y sortear las provocaciones que ha montado el gobierno nacional y su ministra Patricia Bullrich\u201d<\/em>, sostuvo Belliboni.<\/p>\n<figure id=\"attachment_2009\" aria-describedby=\"caption-attachment-2009\" style=\"width: 720px\" class=\"wp-caption alignnone\"><img fetchpriority=\"high\" decoding=\"async\" class=\"size-full wp-image-2009\" src=\"http:\/\/nuevodigitaldeescobar.com.ar\/wp-content\/uploads\/2023\/12\/epi-Aspecto-de-la-Plaza-de-Mayo-durante-el-acto.jpg\" alt=\"\" width=\"720\" height=\"480\" srcset=\"https:\/\/nuevodigitaldeescobar.com.ar\/wp-content\/uploads\/2023\/12\/epi-Aspecto-de-la-Plaza-de-Mayo-durante-el-acto.jpg 720w, https:\/\/nuevodigitaldeescobar.com.ar\/wp-content\/uploads\/2023\/12\/epi-Aspecto-de-la-Plaza-de-Mayo-durante-el-acto-300x200.jpg 300w\" sizes=\"(max-width: 720px) 100vw, 720px\" \/><figcaption id=\"caption-attachment-2009\" class=\"wp-caption-text\">Aspecto de la Plaza de Mayo durante el acto.<\/figcaption><\/figure>\n<p>Pasadas las 14 horas, los manifestantes comenzaron a transitar por las avenidas Diagonal Norte y Sur, caminata a la que se plegaron tambi\u00e9n dirigentes de la Izquierda.<\/p>\n<p>Entre ellos, la ex candidata a la presidencia de la Naci\u00f3n, Myriam Bregman; los ex candidatos a jefe de Gobierno Vanina Biasi y Gabriel Solano; y tambi\u00e9n el dirigente N\u00e9stor Pitrola.<\/p>\n<p>Cerca de las 16, un grupo que marchaba por Diagonal Norte se cruz\u00f3 fuertemente con agentes de la Polic\u00eda de la Ciudad.<\/p>\n<p>Por el hecho, quedaron detenidos dos manifestantes por agresiones al personal, seg\u00fan informaron fuentes oficiales de la fuerza.<\/p>\n<p>El primero fue detenido de Diagonal Norte y Maip\u00fa por herir con arma blanca en el brazo a un agente policial. El segundo, fue en Diagonal Sur por disturbios y agresiones.<\/p>\n<p>El disturbio qued\u00f3 disipado luego de una breve conversaci\u00f3n entre el l\u00edder de la fuerza, Diego Kravetz, y Belliboni.<\/p>\n<p>Al mismo tiempo, el presidente de la Naci\u00f3n, Javier Milei, arribaba al Departamento Central de la Polic\u00eda Federal para monitorear la movilizaci\u00f3n y el accionar de las fuerzas. En el lugar, estaban desde m\u00e1s temprano la ministra de Seguridad, Patricia Bullrich, y la ministra de Capital Humano, Sandra Pettovello.<\/p>\n<p>El jefe de Estado ten\u00eda previsto para este mediod\u00eda una cadena nacional para explicar los puntos centrales de las reformas legislativas que impulsar\u00e1, sumando a los decretos. Sin embargo, desde la Casa Rosada anunciaron que ese mensaje se dar\u00e1 esta noche a las 21 horas.<\/p>\n<figure id=\"attachment_2013\" aria-describedby=\"caption-attachment-2013\" style=\"width: 720px\" class=\"wp-caption alignnone\"><img decoding=\"async\" class=\"size-full wp-image-2013\" src=\"http:\/\/nuevodigitaldeescobar.com.ar\/wp-content\/uploads\/2023\/12\/bregman.jpg\" alt=\"\" width=\"720\" height=\"480\" srcset=\"https:\/\/nuevodigitaldeescobar.com.ar\/wp-content\/uploads\/2023\/12\/bregman.jpg 720w, https:\/\/nuevodigitaldeescobar.com.ar\/wp-content\/uploads\/2023\/12\/bregman-300x200.jpg 300w\" sizes=\"(max-width: 720px) 100vw, 720px\" \/><figcaption id=\"caption-attachment-2013\" class=\"wp-caption-text\">Miriam Bregman particip\u00f3 de la movilizaci\u00f3n.<\/figcaption><\/figure>\n<p>Fuentes de la Polic\u00eda de la Ciudad afirmaron que el balance fue positivo. Algo similar replic\u00f3 Kravezt en declaraciones a la prensa. <em>\u201cEl balance es positivo porque no s\u00e9 cort\u00f3 la 9 de Julio, el Metrobus y el transitar de los subtes en todo el d\u00eda. La verdad que funcion\u00f3 muy bien\u201d<\/em>, indic\u00f3.<\/p>\n<p>Para las 18 horas, y tras las lecturas de los diversos referentes sociales, los manifestantes comenzaron la desconcentraci\u00f3n.<\/p>\n<h3><span style=\"color: #003366;\"><strong>El documento que leyeron los manifestantes<\/strong><\/span><\/h3>\n<p><em>\u201cEstamos movilizando todos unidos este 20 de diciembre contra el hambre, en defensa del trabajo genuino, los salarios, las jubilaciones, la salud y la educaci\u00f3n, de todos nuestros derechos, contra la represi\u00f3n y el ataque a los planes sociales\u00bb<\/em>, dice el texto.<\/p>\n<p>En esa l\u00ednea, contin\u00faa: <em>\u00abEn unidad y movilizaci\u00f3n de los trabajadores ocupados y desocupados, de los organismos de derechos humanos, sociales, estudiantiles, ambientalistas, de g\u00e9nero, sindicales y pol\u00edticos, realizamos la primera gran acci\u00f3n unitaria de lucha contra el ajuste de Milei-Caputo y el protocolo represivo de Bullrich\u201d<\/em>.<\/p>\n<p>Adem\u00e1s, delinearon una serie de pedidos:<\/p>\n<ul>\n<li>Reapertura inmediata de paritarias y aumento general de salarios, jubilaciones y planes sociales, con un salario m\u00ednimo igual a la canasta familiar, acorde al costo de vida real, con ajuste autom\u00e1tico mensual ante la escalada inflacionaria.<\/li>\n<li>Ning\u00fan despido ni suspensiones. Pase a planta efectiva de todos los contratados. No a la precarizaci\u00f3n ni a la reforma laboral ni jubilatoria. Reparto de las horas de trabajo, sin reducci\u00f3n salarial.<\/li>\n<li>No al tarifazo de los servicios y el transporte p\u00fablico. Defensa de la educaci\u00f3n y salud p\u00fablica y la ciencia y tecnolog\u00eda. Reestatizaci\u00f3n con control de los trabajadores y usuarios de las empresas de servicios p\u00fablicos.<\/li>\n<\/ul>\n<h3><span style=\"color: #003366;\"><strong>Tensi\u00f3n, insultos contra Milei y Patricia Bullrich y dos detenidos: lo que dej\u00f3 la marcha piquetera<\/strong><\/span><\/h3>\n<p>La primera marcha piquetera contra la gesti\u00f3n de Javier Milei finaliz\u00f3 sin graves disturbios, aunque se registraron momentos de fuerte tensi\u00f3n cuando manifestantes forcejearon con efectivos policiales.<\/p>\n<p>El saldo final fue de dos detenidos y un agente herido.<\/p>\n<figure id=\"attachment_2011\" aria-describedby=\"caption-attachment-2011\" style=\"width: 540px\" class=\"wp-caption alignnone\"><img decoding=\"async\" class=\"size-full wp-image-2011\" src=\"http:\/\/nuevodigitaldeescobar.com.ar\/wp-content\/uploads\/2023\/12\/epi-Ulises-Garcia-uno-de-los-detenidos.jpg\" alt=\"\" width=\"540\" height=\"720\" srcset=\"https:\/\/nuevodigitaldeescobar.com.ar\/wp-content\/uploads\/2023\/12\/epi-Ulises-Garcia-uno-de-los-detenidos.jpg 540w, https:\/\/nuevodigitaldeescobar.com.ar\/wp-content\/uploads\/2023\/12\/epi-Ulises-Garcia-uno-de-los-detenidos-225x300.jpg 225w\" sizes=\"(max-width: 540px) 100vw, 540px\" \/><figcaption id=\"caption-attachment-2011\" class=\"wp-caption-text\">Ulises Garcia, uno de los detenidos.<\/figcaption><\/figure>\n<p>La principal columna ingres\u00f3 a la Plaza de Mayo por Diagonal Sur y fue all\u00ed, antes de arribar, cuando se produjeron los incidentes.<\/p>\n<p>Un polic\u00eda a bordo de una moto cay\u00f3 al piso cuando buscaban arrear a los manifestantes hacia las veredas y posteriormente hubo forcejeos y empujones entre piqueteros y uniformados.<\/p>\n<figure id=\"attachment_2010\" aria-describedby=\"caption-attachment-2010\" style=\"width: 540px\" class=\"wp-caption alignnone\"><img loading=\"lazy\" decoding=\"async\" class=\"size-full wp-image-2010\" src=\"http:\/\/nuevodigitaldeescobar.com.ar\/wp-content\/uploads\/2023\/12\/epi-Oficial-Cristofer-Ibarrola-herido-en-el-ingreso-de-columnas-por-la-Diagonal-Sur.jpg\" alt=\"\" width=\"540\" height=\"720\" srcset=\"https:\/\/nuevodigitaldeescobar.com.ar\/wp-content\/uploads\/2023\/12\/epi-Oficial-Cristofer-Ibarrola-herido-en-el-ingreso-de-columnas-por-la-Diagonal-Sur.jpg 540w, https:\/\/nuevodigitaldeescobar.com.ar\/wp-content\/uploads\/2023\/12\/epi-Oficial-Cristofer-Ibarrola-herido-en-el-ingreso-de-columnas-por-la-Diagonal-Sur-225x300.jpg 225w\" sizes=\"(max-width: 540px) 100vw, 540px\" \/><figcaption id=\"caption-attachment-2010\" class=\"wp-caption-text\">Oficial Cristofer Ibarrola, herido en el ingreso de columnas por la Diagonal Sur.<\/figcaption><\/figure>\n<p>Hubo en el lugar un gran despliegue de agentes de la Polic\u00eda Federal y de la Gendarmer\u00eda, algunos de ellos llevando armas largas desenfundadas, en el marco del protocolo antipiquete que implement\u00f3 la ministra de Seguridad, Patricia Bullrich.<\/p>\n<p>Posteriormente se produjeron las dos detenciones de manifestantes, uno de ellos luego de haber herido con un arma blanca a un efectivo, seg\u00fan se inform\u00f3.<\/p>\n<figure id=\"attachment_2012\" aria-describedby=\"caption-attachment-2012\" style=\"width: 540px\" class=\"wp-caption alignnone\"><img loading=\"lazy\" decoding=\"async\" class=\"size-full wp-image-2012\" src=\"http:\/\/nuevodigitaldeescobar.com.ar\/wp-content\/uploads\/2023\/12\/Epi-Hector-Ganzo-el-otro-detenido.jpg\" alt=\"\" width=\"540\" height=\"720\" srcset=\"https:\/\/nuevodigitaldeescobar.com.ar\/wp-content\/uploads\/2023\/12\/Epi-Hector-Ganzo-el-otro-detenido.jpg 540w, https:\/\/nuevodigitaldeescobar.com.ar\/wp-content\/uploads\/2023\/12\/Epi-Hector-Ganzo-el-otro-detenido-225x300.jpg 225w\" sizes=\"(max-width: 540px) 100vw, 540px\" \/><figcaption id=\"caption-attachment-2012\" class=\"wp-caption-text\">H\u00e9ctor Ganzo, el otro detenido.<\/figcaption><\/figure>\n<p>La columna, encabezada por varios referentes de partidos de izquierda sigui\u00f3 avanzando por Diagonal Sur al grito de \u00abMilei, basura, vos sos la dictadura\u00bb y \u201cque b&#8230;., el protocolo se lo meten en el c\u2026\u201d<\/p>\n<p>Pasadas las 16:30 comenzaron a llegar a la plaza, como tambi\u00e9n otra columna procedente de Diagonal Norte. All\u00ed confluyeron portando banderas del PTS, Partido Obrero, Izquierda Socialista y Nuevo MAS, entre otros espacios pol\u00edticos.<\/p>\n<p>All\u00ed leyeron un documento plagado de cr\u00edticas contra la gesti\u00f3n de Milei y sus primeras medidas, a 10 d\u00edas de haber asumido, y cerca de las 18 comenz\u00f3 la desconcentraci\u00f3n.<\/p>\n<p><em>(NA)<\/em><\/p>\n","protected":false},"excerpt":{"rendered":"<p>Se concentraron en la Plaza de Mayo. Milei, junto a Bullrich y Pettovello, monitorearon la situaci\u00f3n desde el Departamento de la Polic\u00eda Federal.<\/p>\n","protected":false},"author":1,"featured_media":2014,"comment_status":"open","ping_status":"closed","sticky":false,"template":"","format":"standard","meta":{"footnotes":""},"categories":[6],"tags":[],"class_list":["post-2008","post","type-post","status-publish","format-standard","has-post-thumbnail","hentry","category-politica"],"better_featured_image":{"id":2014,"alt_text":"","caption":"","description":"","media_type":"image","media_details":{"width":720,"height":480,"file":"2023\/12\/piqueteros-1.jpg","filesize":104820,"sizes":{"medium":{"file":"piqueteros-1-300x200.jpg","width":300,"height":200,"mime-type":"image\/jpeg","filesize":23692,"source_url":"https:\/\/nuevodigitaldeescobar.com.ar\/wp-content\/uploads\/2023\/12\/piqueteros-1-300x200.jpg"},"thumbnail":{"file":"piqueteros-1-150x150.jpg","width":150,"height":150,"mime-type":"image\/jpeg","filesize":11848,"source_url":"https:\/\/nuevodigitaldeescobar.com.ar\/wp-content\/uploads\/2023\/12\/piqueteros-1-150x150.jpg"},"covernews-medium":{"file":"piqueteros-1-540x340.jpg","width":540,"height":340,"mime-type":"image\/jpeg","filesize":58988,"source_url":"https:\/\/nuevodigitaldeescobar.com.ar\/wp-content\/uploads\/2023\/12\/piqueteros-1-540x340.jpg"},"covernews-medium-square":{"file":"piqueteros-1-400x250.jpg","width":400,"height":250,"mime-type":"image\/jpeg","filesize":35847,"source_url":"https:\/\/nuevodigitaldeescobar.com.ar\/wp-content\/uploads\/2023\/12\/piqueteros-1-400x250.jpg"}},"image_meta":{"aperture":"0","credit":"","camera":"","caption":"","created_timestamp":"0","copyright":"","focal_length":"0","iso":"0","shutter_speed":"0","title":"","orientation":"0","keywords":[]}},"post":2008,"source_url":"https:\/\/nuevodigitaldeescobar.com.ar\/wp-content\/uploads\/2023\/12\/piqueteros-1.jpg"},"yoast_head":"<!-- This site is optimized with the Yoast SEO plugin v26.1.1 - https:\/\/yoast.com\/wordpress\/plugins\/seo\/ -->\n<title>En el estreno del Protocolo Antipiquetes, las organizaciones sociales marcharon sin cortar la 9 de Julio - Nuevo Digital de Escobar<\/title>\n<meta name=\"robots\" content=\"index, follow, max-snippet:-1, max-image-preview:large, max-video-preview:-1\" \/>\n<link rel=\"canonical\" href=\"https:\/\/nuevodigitaldeescobar.com.ar\/?p=2008\" \/>\n<meta property=\"og:locale\" content=\"es_ES\" \/>\n<meta property=\"og:type\" content=\"article\" \/>\n<meta property=\"og:title\" content=\"En el estreno del Protocolo Antipiquetes, las organizaciones sociales marcharon sin cortar la 9 de Julio - Nuevo Digital de Escobar\" \/>\n<meta property=\"og:description\" content=\"Se concentraron en la Plaza de Mayo. Milei, junto a Bullrich y Pettovello, monitorearon la situaci\u00f3n desde el Departamento de la Polic\u00eda Federal.\" \/>\n<meta property=\"og:url\" content=\"https:\/\/nuevodigitaldeescobar.com.ar\/?p=2008\" \/>\n<meta property=\"og:site_name\" content=\"Nuevo Digital de Escobar\" \/>\n<meta property=\"article:publisher\" content=\"https:\/\/www.facebook.com\/NUEVODigitalDeEscobar\" \/>\n<meta property=\"article:published_time\" content=\"2023-12-20T23:13:51+00:00\" \/>\n<meta property=\"article:modified_time\" content=\"2023-12-20T23:14:03+00:00\" \/>\n<meta property=\"og:image\" content=\"https:\/\/nuevodigitaldeescobar.com.ar\/wp-content\/uploads\/2023\/12\/piqueteros-1.jpg\" \/>\n\t<meta property=\"og:image:width\" content=\"720\" \/>\n\t<meta property=\"og:image:height\" content=\"480\" \/>\n\t<meta property=\"og:image:type\" content=\"image\/jpeg\" \/>\n<meta name=\"author\" content=\"Redacci\u00f3n\" \/>\n<meta name=\"twitter:card\" content=\"summary_large_image\" \/>\n<meta name=\"twitter:creator\" content=\"@nuevodigescobar\" \/>\n<meta name=\"twitter:site\" content=\"@nuevodigescobar\" \/>\n<meta name=\"twitter:label1\" content=\"Escrito por\" \/>\n\t<meta name=\"twitter:data1\" content=\"Redacci\u00f3n\" \/>\n\t<meta name=\"twitter:label2\" content=\"Tiempo de lectura\" \/>\n\t<meta name=\"twitter:data2\" content=\"5 minutos\" \/>\n<script type=\"application\/ld+json\" class=\"yoast-schema-graph\">{\"@context\":\"https:\/\/schema.org\",\"@graph\":[{\"@type\":\"Article\",\"@id\":\"https:\/\/nuevodigitaldeescobar.com.ar\/?p=2008#article\",\"isPartOf\":{\"@id\":\"https:\/\/nuevodigitaldeescobar.com.ar\/?p=2008\"},\"author\":{\"name\":\"Redacci\u00f3n\",\"@id\":\"https:\/\/nuevodigitaldeescobar.com.ar\/#\/schema\/person\/035e90a8efe9a80e6eec22656ad6ea4c\"},\"headline\":\"En el estreno del Protocolo Antipiquetes, las organizaciones sociales marcharon sin cortar la 9 de Julio\",\"datePublished\":\"2023-12-20T23:13:51+00:00\",\"dateModified\":\"2023-12-20T23:14:03+00:00\",\"mainEntityOfPage\":{\"@id\":\"https:\/\/nuevodigitaldeescobar.com.ar\/?p=2008\"},\"wordCount\":1068,\"commentCount\":0,\"publisher\":{\"@id\":\"https:\/\/nuevodigitaldeescobar.com.ar\/#organization\"},\"image\":{\"@id\":\"https:\/\/nuevodigitaldeescobar.com.ar\/?p=2008#primaryimage\"},\"thumbnailUrl\":\"https:\/\/nuevodigitaldeescobar.com.ar\/wp-content\/uploads\/2023\/12\/piqueteros-1.jpg\",\"articleSection\":[\"Pol\u00edtica\"],\"inLanguage\":\"es\",\"potentialAction\":[{\"@type\":\"CommentAction\",\"name\":\"Comment\",\"target\":[\"https:\/\/nuevodigitaldeescobar.com.ar\/?p=2008#respond\"]}]},{\"@type\":\"WebPage\",\"@id\":\"https:\/\/nuevodigitaldeescobar.com.ar\/?p=2008\",\"url\":\"https:\/\/nuevodigitaldeescobar.com.ar\/?p=2008\",\"name\":\"En el estreno del Protocolo Antipiquetes, las organizaciones sociales marcharon sin cortar la 9 de Julio - Nuevo Digital de Escobar\",\"isPartOf\":{\"@id\":\"https:\/\/nuevodigitaldeescobar.com.ar\/#website\"},\"primaryImageOfPage\":{\"@id\":\"https:\/\/nuevodigitaldeescobar.com.ar\/?p=2008#primaryimage\"},\"image\":{\"@id\":\"https:\/\/nuevodigitaldeescobar.com.ar\/?p=2008#primaryimage\"},\"thumbnailUrl\":\"https:\/\/nuevodigitaldeescobar.com.ar\/wp-content\/uploads\/2023\/12\/piqueteros-1.jpg\",\"datePublished\":\"2023-12-20T23:13:51+00:00\",\"dateModified\":\"2023-12-20T23:14:03+00:00\",\"breadcrumb\":{\"@id\":\"https:\/\/nuevodigitaldeescobar.com.ar\/?p=2008#breadcrumb\"},\"inLanguage\":\"es\",\"potentialAction\":[{\"@type\":\"ReadAction\",\"target\":[\"https:\/\/nuevodigitaldeescobar.com.ar\/?p=2008\"]}]},{\"@type\":\"ImageObject\",\"inLanguage\":\"es\",\"@id\":\"https:\/\/nuevodigitaldeescobar.com.ar\/?p=2008#primaryimage\",\"url\":\"https:\/\/nuevodigitaldeescobar.com.ar\/wp-content\/uploads\/2023\/12\/piqueteros-1.jpg\",\"contentUrl\":\"https:\/\/nuevodigitaldeescobar.com.ar\/wp-content\/uploads\/2023\/12\/piqueteros-1.jpg\",\"width\":720,\"height\":480},{\"@type\":\"BreadcrumbList\",\"@id\":\"https:\/\/nuevodigitaldeescobar.com.ar\/?p=2008#breadcrumb\",\"itemListElement\":[{\"@type\":\"ListItem\",\"position\":1,\"name\":\"Portada\",\"item\":\"https:\/\/nuevodigitaldeescobar.com.ar\/\"},{\"@type\":\"ListItem\",\"position\":2,\"name\":\"En el estreno del Protocolo Antipiquetes, las organizaciones sociales marcharon sin cortar la 9 de Julio\"}]},{\"@type\":\"WebSite\",\"@id\":\"https:\/\/nuevodigitaldeescobar.com.ar\/#website\",\"url\":\"https:\/\/nuevodigitaldeescobar.com.ar\/\",\"name\":\"Nuevo Digital de Escobar\",\"description\":\"La vida escobarense. Directora: Rosana Brunner\",\"publisher\":{\"@id\":\"https:\/\/nuevodigitaldeescobar.com.ar\/#organization\"},\"potentialAction\":[{\"@type\":\"SearchAction\",\"target\":{\"@type\":\"EntryPoint\",\"urlTemplate\":\"https:\/\/nuevodigitaldeescobar.com.ar\/?s={search_term_string}\"},\"query-input\":{\"@type\":\"PropertyValueSpecification\",\"valueRequired\":true,\"valueName\":\"search_term_string\"}}],\"inLanguage\":\"es\"},{\"@type\":\"Organization\",\"@id\":\"https:\/\/nuevodigitaldeescobar.com.ar\/#organization\",\"name\":\"Nuevo Digital de Escobar\",\"url\":\"https:\/\/nuevodigitaldeescobar.com.ar\/\",\"logo\":{\"@type\":\"ImageObject\",\"inLanguage\":\"es\",\"@id\":\"https:\/\/nuevodigitaldeescobar.com.ar\/#\/schema\/logo\/image\/\",\"url\":\"https:\/\/nuevodigitaldeescobar.com.ar\/wp-content\/uploads\/2025\/05\/cropped-logo-nuevo2.jpg\",\"contentUrl\":\"https:\/\/nuevodigitaldeescobar.com.ar\/wp-content\/uploads\/2025\/05\/cropped-logo-nuevo2.jpg\",\"width\":305,\"height\":305,\"caption\":\"Nuevo Digital de Escobar\"},\"image\":{\"@id\":\"https:\/\/nuevodigitaldeescobar.com.ar\/#\/schema\/logo\/image\/\"},\"sameAs\":[\"https:\/\/www.facebook.com\/NUEVODigitalDeEscobar\",\"https:\/\/x.com\/nuevodigescobar\",\"https:\/\/www.instagram.com\/nuevodigitaldeescobar\"]},{\"@type\":\"Person\",\"@id\":\"https:\/\/nuevodigitaldeescobar.com.ar\/#\/schema\/person\/035e90a8efe9a80e6eec22656ad6ea4c\",\"name\":\"Redacci\u00f3n\",\"image\":{\"@type\":\"ImageObject\",\"inLanguage\":\"es\",\"@id\":\"https:\/\/nuevodigitaldeescobar.com.ar\/#\/schema\/person\/image\/\",\"url\":\"https:\/\/secure.gravatar.com\/avatar\/8af8f40000c24e9eef3034f2be5998a372bb1389e64b1a4a36b3a7979142220d?s=96&d=mm&r=g\",\"contentUrl\":\"https:\/\/secure.gravatar.com\/avatar\/8af8f40000c24e9eef3034f2be5998a372bb1389e64b1a4a36b3a7979142220d?s=96&d=mm&r=g\",\"caption\":\"Redacci\u00f3n\"},\"sameAs\":[\"http:\/\/nuevodigitaldeescobar.com.ar\"],\"url\":\"https:\/\/nuevodigitaldeescobar.com.ar\/?author=1\"}]}<\/script>\n<!-- \/ Yoast SEO plugin. -->","yoast_head_json":{"title":"En el estreno del Protocolo Antipiquetes, las organizaciones sociales marcharon sin cortar la 9 de Julio - Nuevo Digital de Escobar","robots":{"index":"index","follow":"follow","max-snippet":"max-snippet:-1","max-image-preview":"max-image-preview:large","max-video-preview":"max-video-preview:-1"},"canonical":"https:\/\/nuevodigitaldeescobar.com.ar\/?p=2008","og_locale":"es_ES","og_type":"article","og_title":"En el estreno del Protocolo Antipiquetes, las organizaciones sociales marcharon sin cortar la 9 de Julio - Nuevo Digital de Escobar","og_description":"Se concentraron en la Plaza de Mayo. Milei, junto a Bullrich y Pettovello, monitorearon la situaci\u00f3n desde el Departamento de la Polic\u00eda Federal.","og_url":"https:\/\/nuevodigitaldeescobar.com.ar\/?p=2008","og_site_name":"Nuevo Digital de Escobar","article_publisher":"https:\/\/www.facebook.com\/NUEVODigitalDeEscobar","article_published_time":"2023-12-20T23:13:51+00:00","article_modified_time":"2023-12-20T23:14:03+00:00","og_image":[{"width":720,"height":480,"url":"https:\/\/nuevodigitaldeescobar.com.ar\/wp-content\/uploads\/2023\/12\/piqueteros-1.jpg","type":"image\/jpeg"}],"author":"Redacci\u00f3n","twitter_card":"summary_large_image","twitter_creator":"@nuevodigescobar","twitter_site":"@nuevodigescobar","twitter_misc":{"Escrito por":"Redacci\u00f3n","Tiempo de lectura":"5 minutos"},"schema":{"@context":"https:\/\/schema.org","@graph":[{"@type":"Article","@id":"https:\/\/nuevodigitaldeescobar.com.ar\/?p=2008#article","isPartOf":{"@id":"https:\/\/nuevodigitaldeescobar.com.ar\/?p=2008"},"author":{"name":"Redacci\u00f3n","@id":"https:\/\/nuevodigitaldeescobar.com.ar\/#\/schema\/person\/035e90a8efe9a80e6eec22656ad6ea4c"},"headline":"En el estreno del Protocolo Antipiquetes, las organizaciones sociales marcharon sin cortar la 9 de Julio","datePublished":"2023-12-20T23:13:51+00:00","dateModified":"2023-12-20T23:14:03+00:00","mainEntityOfPage":{"@id":"https:\/\/nuevodigitaldeescobar.com.ar\/?p=2008"},"wordCount":1068,"commentCount":0,"publisher":{"@id":"https:\/\/nuevodigitaldeescobar.com.ar\/#organization"},"image":{"@id":"https:\/\/nuevodigitaldeescobar.com.ar\/?p=2008#primaryimage"},"thumbnailUrl":"https:\/\/nuevodigitaldeescobar.com.ar\/wp-content\/uploads\/2023\/12\/piqueteros-1.jpg","articleSection":["Pol\u00edtica"],"inLanguage":"es","potentialAction":[{"@type":"CommentAction","name":"Comment","target":["https:\/\/nuevodigitaldeescobar.com.ar\/?p=2008#respond"]}]},{"@type":"WebPage","@id":"https:\/\/nuevodigitaldeescobar.com.ar\/?p=2008","url":"https:\/\/nuevodigitaldeescobar.com.ar\/?p=2008","name":"En el estreno del Protocolo Antipiquetes, las organizaciones sociales marcharon sin cortar la 9 de Julio - Nuevo Digital de Escobar","isPartOf":{"@id":"https:\/\/nuevodigitaldeescobar.com.ar\/#website"},"primaryImageOfPage":{"@id":"https:\/\/nuevodigitaldeescobar.com.ar\/?p=2008#primaryimage"},"image":{"@id":"https:\/\/nuevodigitaldeescobar.com.ar\/?p=2008#primaryimage"},"thumbnailUrl":"https:\/\/nuevodigitaldeescobar.com.ar\/wp-content\/uploads\/2023\/12\/piqueteros-1.jpg","datePublished":"2023-12-20T23:13:51+00:00","dateModified":"2023-12-20T23:14:03+00:00","breadcrumb":{"@id":"https:\/\/nuevodigitaldeescobar.com.ar\/?p=2008#breadcrumb"},"inLanguage":"es","potentialAction":[{"@type":"ReadAction","target":["https:\/\/nuevodigitaldeescobar.com.ar\/?p=2008"]}]},{"@type":"ImageObject","inLanguage":"es","@id":"https:\/\/nuevodigitaldeescobar.com.ar\/?p=2008#primaryimage","url":"https:\/\/nuevodigitaldeescobar.com.ar\/wp-content\/uploads\/2023\/12\/piqueteros-1.jpg","contentUrl":"https:\/\/nuevodigitaldeescobar.com.ar\/wp-content\/uploads\/2023\/12\/piqueteros-1.jpg","width":720,"height":480},{"@type":"BreadcrumbList","@id":"https:\/\/nuevodigitaldeescobar.com.ar\/?p=2008#breadcrumb","itemListElement":[{"@type":"ListItem","position":1,"name":"Portada","item":"https:\/\/nuevodigitaldeescobar.com.ar\/"},{"@type":"ListItem","position":2,"name":"En el estreno del Protocolo Antipiquetes, las organizaciones sociales marcharon sin cortar la 9 de Julio"}]},{"@type":"WebSite","@id":"https:\/\/nuevodigitaldeescobar.com.ar\/#website","url":"https:\/\/nuevodigitaldeescobar.com.ar\/","name":"Nuevo Digital de Escobar","description":"La vida escobarense. Directora: Rosana Brunner","publisher":{"@id":"https:\/\/nuevodigitaldeescobar.com.ar\/#organization"},"potentialAction":[{"@type":"SearchAction","target":{"@type":"EntryPoint","urlTemplate":"https:\/\/nuevodigitaldeescobar.com.ar\/?s={search_term_string}"},"query-input":{"@type":"PropertyValueSpecification","valueRequired":true,"valueName":"search_term_string"}}],"inLanguage":"es"},{"@type":"Organization","@id":"https:\/\/nuevodigitaldeescobar.com.ar\/#organization","name":"Nuevo Digital de Escobar","url":"https:\/\/nuevodigitaldeescobar.com.ar\/","logo":{"@type":"ImageObject","inLanguage":"es","@id":"https:\/\/nuevodigitaldeescobar.com.ar\/#\/schema\/logo\/image\/","url":"https:\/\/nuevodigitaldeescobar.com.ar\/wp-content\/uploads\/2025\/05\/cropped-logo-nuevo2.jpg","contentUrl":"https:\/\/nuevodigitaldeescobar.com.ar\/wp-content\/uploads\/2025\/05\/cropped-logo-nuevo2.jpg","width":305,"height":305,"caption":"Nuevo Digital de Escobar"},"image":{"@id":"https:\/\/nuevodigitaldeescobar.com.ar\/#\/schema\/logo\/image\/"},"sameAs":["https:\/\/www.facebook.com\/NUEVODigitalDeEscobar","https:\/\/x.com\/nuevodigescobar","https:\/\/www.instagram.com\/nuevodigitaldeescobar"]},{"@type":"Person","@id":"https:\/\/nuevodigitaldeescobar.com.ar\/#\/schema\/person\/035e90a8efe9a80e6eec22656ad6ea4c","name":"Redacci\u00f3n","image":{"@type":"ImageObject","inLanguage":"es","@id":"https:\/\/nuevodigitaldeescobar.com.ar\/#\/schema\/person\/image\/","url":"https:\/\/secure.gravatar.com\/avatar\/8af8f40000c24e9eef3034f2be5998a372bb1389e64b1a4a36b3a7979142220d?s=96&d=mm&r=g","contentUrl":"https:\/\/secure.gravatar.com\/avatar\/8af8f40000c24e9eef3034f2be5998a372bb1389e64b1a4a36b3a7979142220d?s=96&d=mm&r=g","caption":"Redacci\u00f3n"},"sameAs":["http:\/\/nuevodigitaldeescobar.com.ar"],"url":"https:\/\/nuevodigitaldeescobar.com.ar\/?author=1"}]}},"featured_image_urls":{"full":["https:\/\/nuevodigitaldeescobar.com.ar\/wp-content\/uploads\/2023\/12\/piqueteros-1.jpg",720,480,false],"thumbnail":["https:\/\/nuevodigitaldeescobar.com.ar\/wp-content\/uploads\/2023\/12\/piqueteros-1-150x150.jpg",150,150,true],"medium":["https:\/\/nuevodigitaldeescobar.com.ar\/wp-content\/uploads\/2023\/12\/piqueteros-1-300x200.jpg",300,200,true],"medium_large":["https:\/\/nuevodigitaldeescobar.com.ar\/wp-content\/uploads\/2023\/12\/piqueteros-1.jpg",640,427,false],"large":["https:\/\/nuevodigitaldeescobar.com.ar\/wp-content\/uploads\/2023\/12\/piqueteros-1.jpg",640,427,false],"1536x1536":["https:\/\/nuevodigitaldeescobar.com.ar\/wp-content\/uploads\/2023\/12\/piqueteros-1.jpg",720,480,false],"2048x2048":["https:\/\/nuevodigitaldeescobar.com.ar\/wp-content\/uploads\/2023\/12\/piqueteros-1.jpg",720,480,false]},"author_info":{"display_name":"Redacci\u00f3n","author_link":"https:\/\/nuevodigitaldeescobar.com.ar\/?author=1"},"category_info":"<a href=\"https:\/\/nuevodigitaldeescobar.com.ar\/?cat=6\" rel=\"category\">Pol\u00edtica<\/a>","tag_info":"Pol\u00edtica","comment_count":"0","_links":{"self":[{"href":"https:\/\/nuevodigitaldeescobar.com.ar\/index.php?rest_route=\/wp\/v2\/posts\/2008","targetHints":{"allow":["GET"]}}],"collection":[{"href":"https:\/\/nuevodigitaldeescobar.com.ar\/index.php?rest_route=\/wp\/v2\/posts"}],"about":[{"href":"https:\/\/nuevodigitaldeescobar.com.ar\/index.php?rest_route=\/wp\/v2\/types\/post"}],"author":[{"embeddable":true,"href":"https:\/\/nuevodigitaldeescobar.com.ar\/index.php?rest_route=\/wp\/v2\/users\/1"}],"replies":[{"embeddable":true,"href":"https:\/\/nuevodigitaldeescobar.com.ar\/index.php?rest_route=%2Fwp%2Fv2%2Fcomments&post=2008"}],"version-history":[{"count":1,"href":"https:\/\/nuevodigitaldeescobar.com.ar\/index.php?rest_route=\/wp\/v2\/posts\/2008\/revisions"}],"predecessor-version":[{"id":2015,"href":"https:\/\/nuevodigitaldeescobar.com.ar\/index.php?rest_route=\/wp\/v2\/posts\/2008\/revisions\/2015"}],"wp:featuredmedia":[{"embeddable":true,"href":"https:\/\/nuevodigitaldeescobar.com.ar\/index.php?rest_route=\/wp\/v2\/media\/2014"}],"wp:attachment":[{"href":"https:\/\/nuevodigitaldeescobar.com.ar\/index.php?rest_route=%2Fwp%2Fv2%2Fmedia&parent=2008"}],"wp:term":[{"taxonomy":"category","embeddable":true,"href":"https:\/\/nuevodigitaldeescobar.com.ar\/index.php?rest_route=%2Fwp%2Fv2%2Fcategories&post=2008"},{"taxonomy":"post_tag","embeddable":true,"href":"https:\/\/nuevodigitaldeescobar.com.ar\/index.php?rest_route=%2Fwp%2Fv2%2Ftags&post=2008"}],"curies":[{"name":"wp","href":"https:\/\/api.w.org\/{rel}","templated":true}]}}