{"id":2018,"date":"2023-12-21T07:00:00","date_gmt":"2023-12-21T10:00:00","guid":{"rendered":"https:\/\/nuevodigitaldeescobar.com.ar\/?p=2018"},"modified":"2023-12-20T20:40:01","modified_gmt":"2023-12-20T23:40:01","slug":"inflacion-desbocada-y-desabastecimiento-hay-supermercados-que-no-admiten-mas-aumentos-de-sus-proveedores","status":"publish","type":"post","link":"https:\/\/nuevodigitaldeescobar.com.ar\/?p=2018","title":{"rendered":"Inflaci\u00f3n desbocada y desabastecimiento: hay supermercados que no admiten m\u00e1s aumentos de sus proveedores"},"content":{"rendered":"<p><span style=\"color: #003366;\"><strong><em>Carrefour y Coto hacen punta en sus g\u00f3ndolas pegando cartelitos donde explican que no hay productos porque sus proveedores env\u00edan listas con aumentos abusivos. En muchos barrios los s\u00faper \u00abchinos\u00bb dejan de lado las primeras marcas.<\/em><\/strong><\/span><\/p>\n<p><!--more--><\/p>\n<hr \/>\n<p>Hab\u00eda sucedido en octubre pasado, cuando el ministro de Econom\u00eda era Sergio Massa y en los s\u00faper de la cadena francesa aparec\u00edan cartelitos explicando a los consumidores la din\u00e1mica inflacionaria ascendente que torna irreales los precios para los <em>\u201cflacos\u201d<\/em> bolsillos de sus clientes.<\/p>\n<p>Pasada esa mil\u00e9sima devaluaci\u00f3n de la moneda nacional, sucedi\u00f3 otra, ahora bajo la responsabilidad de Luis <em>\u201cToto\u201d<\/em> Caputo y los efectos son los mismos pero potenciados. Los aumentos en las g\u00f3ndolas cuando faltan diez d\u00edas para el fin de mes hacen pr\u00e1cticamente imposible que los consumidores adquieran productos que ven\u00edan consumiendo hasta hace muy poco.<\/p>\n<p>Shoppings y supermercados son las catedrales del consumo, del segmento del retail presencial, pero la variedad de productos con la que se encuentran los consumidores finales a la hora de elegir entre opciones son cada vez menos y, adem\u00e1s, firmas como Coto y Carrefour han decidido denunciar a la industria de alimentos poni\u00e9ndose del lado de sus clientes con carteles que explican: <em>\u201cEsta g\u00f3ndola est\u00e1 defendiendo tu bolsillo. El abastecimiento est\u00e1 afectado por los aumentos desmedidos del proveedor y te pedimos disculpas por el inconveniente\u201d<\/em>.<\/p>\n<p>Estas leyendas se repiten en las g\u00f3ndolas de las 620 sucursales en todo el pa\u00eds de la cadena francesa que, de esta manera, advierte por la brutal aceleraci\u00f3n de la inflaci\u00f3n y la p\u00e9rdida del poder adquisitivo de los consumidores. Cada vez precios m\u00e1s altos, menos stock, los consumidores se llevan menos productos y el mismo escenario que se viv\u00eda antes de las elecciones y que se repite desmesuradamente en estas Navidades y fiestas de fin de a\u00f1o.<\/p>\n<p>Esta pr\u00e1ctica de alertar a los clientes acerca de lo que sucede en el mercado no es oriunda de la Argentina a pesar de su inflaci\u00f3n cr\u00f3nica. Carrefour comenz\u00f3 a implementarla en Francia, en su pa\u00eds de origen, para advertir por la reduflaci\u00f3n, otro mal que los consumidores argentinos conocen, aunque no lo tengan presente cada vez que hacen las compras anonadados y anestesiados por los precios inscriptos debajo de los productos.<\/p>\n<p>La reduflaci\u00f3n sucede cuando se paga lo mismo y se compra menos. En lugar de subir los precios directamente, los proveedores de los supermercados que incurren en esta t\u00e9cnica mantienen precios, pero hacen que las cantidades de lo que compramos se reduzcan. La bolsa de papas ya no lleva tanto, compras un paquete de 8 galletitas y antes por el mismo precio conten\u00edan 12 o la tableta de chocolate pesa menos y todo es as\u00ed. Obligan a los consumidores a hacer dieta. Esa t\u00e9cnica sutil, si se la compara con los aumentos bestiales de precios, sucede en el viejo continente y en la Argentina es norma desde hace 20 a\u00f1os.<\/p>\n<p>Los consumidores bonaerenses de Coto vieron leyendas m\u00e1s expl\u00edcitas a\u00fan, indicando con nombre y apellido de la marca la raz\u00f3n de la ausencia de productos. <em>\u201cLes informamos que la ausencia de productos es por aumentos injustificados del proveedor\u201d<\/em>, con la menci\u00f3n de cada uno. Un ejemplo fue Fargo.<\/p>\n<p>Ese tipo de elaborados, pan artesanal de marcas como Fargo o Bimbo, directamente no se encuentran en las g\u00f3ndolas de los s\u00faper de cercan\u00eda, conocidos popularmente como <em>\u201clos s\u00faper chinos\u201d<\/em>. M\u00e1s limitados en la expresi\u00f3n y en la escritura, sus due\u00f1os directamente traen segundas y terceras marcas, envasan pan com\u00fan y no hay productos que, a comienzos de diciembre, todav\u00eda se encontraban disponibles.<\/p>\n<p>La anunciada llamarada inflacionaria seguida de estancamiento con una buena dosis de desabastecimiento, anunciada por las nuevas autoridades como una novedad de los efectos por sus medidas econ\u00f3micas adoptadas para evitar una hiperinflaci\u00f3n, llegaron. Aunque no est\u00e1 claro que el temido escenario hiperinflacionario pueda evitarse a juzgar por los aumentos en las listas de proveedores de los supermercados en la Argentina.<\/p>\n<p><em>(NA)<\/em><\/p>\n","protected":false},"excerpt":{"rendered":"<p>Carrefour y Coto hacen punta en sus g\u00f3ndolas pegando cartelitos donde explican que no hay productos porque sus proveedores env\u00edan listas con aumentos abusivos. En [&hellip;]<\/p>\n","protected":false},"author":1,"featured_media":2019,"comment_status":"open","ping_status":"closed","sticky":false,"template":"","format":"standard","meta":{"footnotes":""},"categories":[10],"tags":[],"class_list":["post-2018","post","type-post","status-publish","format-standard","has-post-thumbnail","hentry","category-economia"],"better_featured_image":{"id":2019,"alt_text":"","caption":"","description":"","media_type":"image","media_details":{"width":720,"height":405,"file":"2023\/12\/carrefour-e1703115563313.jpg","filesize":77031,"sizes":{"medium":{"file":"carrefour-300x169.jpg","width":300,"height":169,"mime-type":"image\/jpeg","filesize":6771,"source_url":"https:\/\/nuevodigitaldeescobar.com.ar\/wp-content\/uploads\/2023\/12\/carrefour-300x169.jpg"},"large":{"file":"carrefour-1024x576.jpg","width":1024,"height":576,"mime-type":"image\/jpeg","filesize":38882,"source_url":"https:\/\/nuevodigitaldeescobar.com.ar\/wp-content\/uploads\/2023\/12\/carrefour-1024x576.jpg"},"thumbnail":{"file":"carrefour-150x150.jpg","width":150,"height":150,"mime-type":"image\/jpeg","filesize":3678,"source_url":"https:\/\/nuevodigitaldeescobar.com.ar\/wp-content\/uploads\/2023\/12\/carrefour-150x150.jpg"},"medium_large":{"file":"carrefour-768x432.jpg","width":768,"height":432,"mime-type":"image\/jpeg","filesize":26120,"source_url":"https:\/\/nuevodigitaldeescobar.com.ar\/wp-content\/uploads\/2023\/12\/carrefour-768x432.jpg"},"covernews-slider-full":{"file":"carrefour-1115x715.jpg","width":1115,"height":715,"mime-type":"image\/jpeg","filesize":48146,"source_url":"https:\/\/nuevodigitaldeescobar.com.ar\/wp-content\/uploads\/2023\/12\/carrefour-1115x715.jpg"},"covernews-slider-center":{"file":"carrefour-800x500.jpg","width":800,"height":500,"mime-type":"image\/jpeg","filesize":29526,"source_url":"https:\/\/nuevodigitaldeescobar.com.ar\/wp-content\/uploads\/2023\/12\/carrefour-800x500.jpg"},"covernews-featured":{"file":"carrefour-1024x576.jpg","width":1024,"height":576,"mime-type":"image\/jpeg","filesize":38882,"source_url":"https:\/\/nuevodigitaldeescobar.com.ar\/wp-content\/uploads\/2023\/12\/carrefour-1024x576.jpg"},"covernews-medium":{"file":"carrefour-540x340.jpg","width":540,"height":340,"mime-type":"image\/jpeg","filesize":17325,"source_url":"https:\/\/nuevodigitaldeescobar.com.ar\/wp-content\/uploads\/2023\/12\/carrefour-540x340.jpg"},"covernews-medium-square":{"file":"carrefour-400x250.jpg","width":400,"height":250,"mime-type":"image\/jpeg","filesize":11094,"source_url":"https:\/\/nuevodigitaldeescobar.com.ar\/wp-content\/uploads\/2023\/12\/carrefour-400x250.jpg"}},"image_meta":{"aperture":"0","credit":"","camera":"","caption":"","created_timestamp":"0","copyright":"","focal_length":"0","iso":"0","shutter_speed":"0","title":"","orientation":"0","keywords":[]}},"post":2018,"source_url":"https:\/\/nuevodigitaldeescobar.com.ar\/wp-content\/uploads\/2023\/12\/carrefour-e1703115563313.jpg"},"yoast_head":"<!-- This site is optimized with the Yoast SEO plugin v26.1.1 - https:\/\/yoast.com\/wordpress\/plugins\/seo\/ -->\n<title>Inflaci\u00f3n desbocada y desabastecimiento: hay supermercados que no admiten m\u00e1s aumentos de sus proveedores - Nuevo Digital de Escobar<\/title>\n<meta name=\"robots\" content=\"index, follow, max-snippet:-1, max-image-preview:large, max-video-preview:-1\" \/>\n<link rel=\"canonical\" href=\"https:\/\/nuevodigitaldeescobar.com.ar\/?p=2018\" \/>\n<meta property=\"og:locale\" content=\"es_ES\" \/>\n<meta property=\"og:type\" content=\"article\" \/>\n<meta property=\"og:title\" content=\"Inflaci\u00f3n desbocada y desabastecimiento: hay supermercados que no admiten m\u00e1s aumentos de sus proveedores - Nuevo Digital de Escobar\" \/>\n<meta property=\"og:description\" content=\"Carrefour y Coto hacen punta en sus g\u00f3ndolas pegando cartelitos donde explican que no hay productos porque sus proveedores env\u00edan listas con aumentos abusivos. En [&hellip;]\" \/>\n<meta property=\"og:url\" content=\"https:\/\/nuevodigitaldeescobar.com.ar\/?p=2018\" \/>\n<meta property=\"og:site_name\" content=\"Nuevo Digital de Escobar\" \/>\n<meta property=\"article:publisher\" content=\"https:\/\/www.facebook.com\/NUEVODigitalDeEscobar\" \/>\n<meta property=\"article:published_time\" content=\"2023-12-21T10:00:00+00:00\" \/>\n<meta property=\"og:image\" content=\"https:\/\/nuevodigitaldeescobar.com.ar\/wp-content\/uploads\/2023\/12\/carrefour-e1703115563313.jpg\" \/>\n\t<meta property=\"og:image:width\" content=\"720\" \/>\n\t<meta property=\"og:image:height\" content=\"405\" \/>\n\t<meta property=\"og:image:type\" content=\"image\/jpeg\" \/>\n<meta name=\"author\" content=\"Redacci\u00f3n\" \/>\n<meta name=\"twitter:card\" content=\"summary_large_image\" \/>\n<meta name=\"twitter:creator\" content=\"@nuevodigescobar\" \/>\n<meta name=\"twitter:site\" content=\"@nuevodigescobar\" \/>\n<meta name=\"twitter:label1\" content=\"Escrito por\" \/>\n\t<meta name=\"twitter:data1\" content=\"Redacci\u00f3n\" \/>\n\t<meta name=\"twitter:label2\" content=\"Tiempo de lectura\" \/>\n\t<meta name=\"twitter:data2\" content=\"3 minutos\" \/>\n<script type=\"application\/ld+json\" class=\"yoast-schema-graph\">{\"@context\":\"https:\/\/schema.org\",\"@graph\":[{\"@type\":\"Article\",\"@id\":\"https:\/\/nuevodigitaldeescobar.com.ar\/?p=2018#article\",\"isPartOf\":{\"@id\":\"https:\/\/nuevodigitaldeescobar.com.ar\/?p=2018\"},\"author\":{\"name\":\"Redacci\u00f3n\",\"@id\":\"https:\/\/nuevodigitaldeescobar.com.ar\/#\/schema\/person\/035e90a8efe9a80e6eec22656ad6ea4c\"},\"headline\":\"Inflaci\u00f3n desbocada y desabastecimiento: hay supermercados que no admiten m\u00e1s aumentos de sus proveedores\",\"datePublished\":\"2023-12-21T10:00:00+00:00\",\"mainEntityOfPage\":{\"@id\":\"https:\/\/nuevodigitaldeescobar.com.ar\/?p=2018\"},\"wordCount\":715,\"commentCount\":0,\"publisher\":{\"@id\":\"https:\/\/nuevodigitaldeescobar.com.ar\/#organization\"},\"image\":{\"@id\":\"https:\/\/nuevodigitaldeescobar.com.ar\/?p=2018#primaryimage\"},\"thumbnailUrl\":\"https:\/\/nuevodigitaldeescobar.com.ar\/wp-content\/uploads\/2023\/12\/carrefour-e1703115563313.jpg\",\"articleSection\":[\"Econom\u00eda\"],\"inLanguage\":\"es\",\"potentialAction\":[{\"@type\":\"CommentAction\",\"name\":\"Comment\",\"target\":[\"https:\/\/nuevodigitaldeescobar.com.ar\/?p=2018#respond\"]}]},{\"@type\":\"WebPage\",\"@id\":\"https:\/\/nuevodigitaldeescobar.com.ar\/?p=2018\",\"url\":\"https:\/\/nuevodigitaldeescobar.com.ar\/?p=2018\",\"name\":\"Inflaci\u00f3n desbocada y desabastecimiento: hay supermercados que no admiten m\u00e1s aumentos de sus proveedores - Nuevo Digital de Escobar\",\"isPartOf\":{\"@id\":\"https:\/\/nuevodigitaldeescobar.com.ar\/#website\"},\"primaryImageOfPage\":{\"@id\":\"https:\/\/nuevodigitaldeescobar.com.ar\/?p=2018#primaryimage\"},\"image\":{\"@id\":\"https:\/\/nuevodigitaldeescobar.com.ar\/?p=2018#primaryimage\"},\"thumbnailUrl\":\"https:\/\/nuevodigitaldeescobar.com.ar\/wp-content\/uploads\/2023\/12\/carrefour-e1703115563313.jpg\",\"datePublished\":\"2023-12-21T10:00:00+00:00\",\"breadcrumb\":{\"@id\":\"https:\/\/nuevodigitaldeescobar.com.ar\/?p=2018#breadcrumb\"},\"inLanguage\":\"es\",\"potentialAction\":[{\"@type\":\"ReadAction\",\"target\":[\"https:\/\/nuevodigitaldeescobar.com.ar\/?p=2018\"]}]},{\"@type\":\"ImageObject\",\"inLanguage\":\"es\",\"@id\":\"https:\/\/nuevodigitaldeescobar.com.ar\/?p=2018#primaryimage\",\"url\":\"https:\/\/nuevodigitaldeescobar.com.ar\/wp-content\/uploads\/2023\/12\/carrefour-e1703115563313.jpg\",\"contentUrl\":\"https:\/\/nuevodigitaldeescobar.com.ar\/wp-content\/uploads\/2023\/12\/carrefour-e1703115563313.jpg\",\"width\":720,\"height\":405},{\"@type\":\"BreadcrumbList\",\"@id\":\"https:\/\/nuevodigitaldeescobar.com.ar\/?p=2018#breadcrumb\",\"itemListElement\":[{\"@type\":\"ListItem\",\"position\":1,\"name\":\"Portada\",\"item\":\"https:\/\/nuevodigitaldeescobar.com.ar\/\"},{\"@type\":\"ListItem\",\"position\":2,\"name\":\"Inflaci\u00f3n desbocada y desabastecimiento: hay supermercados que no admiten m\u00e1s aumentos de sus proveedores\"}]},{\"@type\":\"WebSite\",\"@id\":\"https:\/\/nuevodigitaldeescobar.com.ar\/#website\",\"url\":\"https:\/\/nuevodigitaldeescobar.com.ar\/\",\"name\":\"Nuevo Digital de Escobar\",\"description\":\"La vida escobarense. Directora: Rosana Brunner\",\"publisher\":{\"@id\":\"https:\/\/nuevodigitaldeescobar.com.ar\/#organization\"},\"potentialAction\":[{\"@type\":\"SearchAction\",\"target\":{\"@type\":\"EntryPoint\",\"urlTemplate\":\"https:\/\/nuevodigitaldeescobar.com.ar\/?s={search_term_string}\"},\"query-input\":{\"@type\":\"PropertyValueSpecification\",\"valueRequired\":true,\"valueName\":\"search_term_string\"}}],\"inLanguage\":\"es\"},{\"@type\":\"Organization\",\"@id\":\"https:\/\/nuevodigitaldeescobar.com.ar\/#organization\",\"name\":\"Nuevo Digital de Escobar\",\"url\":\"https:\/\/nuevodigitaldeescobar.com.ar\/\",\"logo\":{\"@type\":\"ImageObject\",\"inLanguage\":\"es\",\"@id\":\"https:\/\/nuevodigitaldeescobar.com.ar\/#\/schema\/logo\/image\/\",\"url\":\"https:\/\/nuevodigitaldeescobar.com.ar\/wp-content\/uploads\/2025\/05\/cropped-logo-nuevo2.jpg\",\"contentUrl\":\"https:\/\/nuevodigitaldeescobar.com.ar\/wp-content\/uploads\/2025\/05\/cropped-logo-nuevo2.jpg\",\"width\":305,\"height\":305,\"caption\":\"Nuevo Digital de Escobar\"},\"image\":{\"@id\":\"https:\/\/nuevodigitaldeescobar.com.ar\/#\/schema\/logo\/image\/\"},\"sameAs\":[\"https:\/\/www.facebook.com\/NUEVODigitalDeEscobar\",\"https:\/\/x.com\/nuevodigescobar\",\"https:\/\/www.instagram.com\/nuevodigitaldeescobar\"]},{\"@type\":\"Person\",\"@id\":\"https:\/\/nuevodigitaldeescobar.com.ar\/#\/schema\/person\/035e90a8efe9a80e6eec22656ad6ea4c\",\"name\":\"Redacci\u00f3n\",\"image\":{\"@type\":\"ImageObject\",\"inLanguage\":\"es\",\"@id\":\"https:\/\/nuevodigitaldeescobar.com.ar\/#\/schema\/person\/image\/\",\"url\":\"https:\/\/secure.gravatar.com\/avatar\/8af8f40000c24e9eef3034f2be5998a372bb1389e64b1a4a36b3a7979142220d?s=96&d=mm&r=g\",\"contentUrl\":\"https:\/\/secure.gravatar.com\/avatar\/8af8f40000c24e9eef3034f2be5998a372bb1389e64b1a4a36b3a7979142220d?s=96&d=mm&r=g\",\"caption\":\"Redacci\u00f3n\"},\"sameAs\":[\"http:\/\/nuevodigitaldeescobar.com.ar\"],\"url\":\"https:\/\/nuevodigitaldeescobar.com.ar\/?author=1\"}]}<\/script>\n<!-- \/ Yoast SEO plugin. -->","yoast_head_json":{"title":"Inflaci\u00f3n desbocada y desabastecimiento: hay supermercados que no admiten m\u00e1s aumentos de sus proveedores - Nuevo Digital de Escobar","robots":{"index":"index","follow":"follow","max-snippet":"max-snippet:-1","max-image-preview":"max-image-preview:large","max-video-preview":"max-video-preview:-1"},"canonical":"https:\/\/nuevodigitaldeescobar.com.ar\/?p=2018","og_locale":"es_ES","og_type":"article","og_title":"Inflaci\u00f3n desbocada y desabastecimiento: hay supermercados que no admiten m\u00e1s aumentos de sus proveedores - Nuevo Digital de Escobar","og_description":"Carrefour y Coto hacen punta en sus g\u00f3ndolas pegando cartelitos donde explican que no hay productos porque sus proveedores env\u00edan listas con aumentos abusivos. En [&hellip;]","og_url":"https:\/\/nuevodigitaldeescobar.com.ar\/?p=2018","og_site_name":"Nuevo Digital de Escobar","article_publisher":"https:\/\/www.facebook.com\/NUEVODigitalDeEscobar","article_published_time":"2023-12-21T10:00:00+00:00","og_image":[{"width":720,"height":405,"url":"https:\/\/nuevodigitaldeescobar.com.ar\/wp-content\/uploads\/2023\/12\/carrefour-e1703115563313.jpg","type":"image\/jpeg"}],"author":"Redacci\u00f3n","twitter_card":"summary_large_image","twitter_creator":"@nuevodigescobar","twitter_site":"@nuevodigescobar","twitter_misc":{"Escrito por":"Redacci\u00f3n","Tiempo de lectura":"3 minutos"},"schema":{"@context":"https:\/\/schema.org","@graph":[{"@type":"Article","@id":"https:\/\/nuevodigitaldeescobar.com.ar\/?p=2018#article","isPartOf":{"@id":"https:\/\/nuevodigitaldeescobar.com.ar\/?p=2018"},"author":{"name":"Redacci\u00f3n","@id":"https:\/\/nuevodigitaldeescobar.com.ar\/#\/schema\/person\/035e90a8efe9a80e6eec22656ad6ea4c"},"headline":"Inflaci\u00f3n desbocada y desabastecimiento: hay supermercados que no admiten m\u00e1s aumentos de sus proveedores","datePublished":"2023-12-21T10:00:00+00:00","mainEntityOfPage":{"@id":"https:\/\/nuevodigitaldeescobar.com.ar\/?p=2018"},"wordCount":715,"commentCount":0,"publisher":{"@id":"https:\/\/nuevodigitaldeescobar.com.ar\/#organization"},"image":{"@id":"https:\/\/nuevodigitaldeescobar.com.ar\/?p=2018#primaryimage"},"thumbnailUrl":"https:\/\/nuevodigitaldeescobar.com.ar\/wp-content\/uploads\/2023\/12\/carrefour-e1703115563313.jpg","articleSection":["Econom\u00eda"],"inLanguage":"es","potentialAction":[{"@type":"CommentAction","name":"Comment","target":["https:\/\/nuevodigitaldeescobar.com.ar\/?p=2018#respond"]}]},{"@type":"WebPage","@id":"https:\/\/nuevodigitaldeescobar.com.ar\/?p=2018","url":"https:\/\/nuevodigitaldeescobar.com.ar\/?p=2018","name":"Inflaci\u00f3n desbocada y desabastecimiento: hay supermercados que no admiten m\u00e1s aumentos de sus proveedores - Nuevo Digital de Escobar","isPartOf":{"@id":"https:\/\/nuevodigitaldeescobar.com.ar\/#website"},"primaryImageOfPage":{"@id":"https:\/\/nuevodigitaldeescobar.com.ar\/?p=2018#primaryimage"},"image":{"@id":"https:\/\/nuevodigitaldeescobar.com.ar\/?p=2018#primaryimage"},"thumbnailUrl":"https:\/\/nuevodigitaldeescobar.com.ar\/wp-content\/uploads\/2023\/12\/carrefour-e1703115563313.jpg","datePublished":"2023-12-21T10:00:00+00:00","breadcrumb":{"@id":"https:\/\/nuevodigitaldeescobar.com.ar\/?p=2018#breadcrumb"},"inLanguage":"es","potentialAction":[{"@type":"ReadAction","target":["https:\/\/nuevodigitaldeescobar.com.ar\/?p=2018"]}]},{"@type":"ImageObject","inLanguage":"es","@id":"https:\/\/nuevodigitaldeescobar.com.ar\/?p=2018#primaryimage","url":"https:\/\/nuevodigitaldeescobar.com.ar\/wp-content\/uploads\/2023\/12\/carrefour-e1703115563313.jpg","contentUrl":"https:\/\/nuevodigitaldeescobar.com.ar\/wp-content\/uploads\/2023\/12\/carrefour-e1703115563313.jpg","width":720,"height":405},{"@type":"BreadcrumbList","@id":"https:\/\/nuevodigitaldeescobar.com.ar\/?p=2018#breadcrumb","itemListElement":[{"@type":"ListItem","position":1,"name":"Portada","item":"https:\/\/nuevodigitaldeescobar.com.ar\/"},{"@type":"ListItem","position":2,"name":"Inflaci\u00f3n desbocada y desabastecimiento: hay supermercados que no admiten m\u00e1s aumentos de sus proveedores"}]},{"@type":"WebSite","@id":"https:\/\/nuevodigitaldeescobar.com.ar\/#website","url":"https:\/\/nuevodigitaldeescobar.com.ar\/","name":"Nuevo Digital de Escobar","description":"La vida escobarense. Directora: Rosana Brunner","publisher":{"@id":"https:\/\/nuevodigitaldeescobar.com.ar\/#organization"},"potentialAction":[{"@type":"SearchAction","target":{"@type":"EntryPoint","urlTemplate":"https:\/\/nuevodigitaldeescobar.com.ar\/?s={search_term_string}"},"query-input":{"@type":"PropertyValueSpecification","valueRequired":true,"valueName":"search_term_string"}}],"inLanguage":"es"},{"@type":"Organization","@id":"https:\/\/nuevodigitaldeescobar.com.ar\/#organization","name":"Nuevo Digital de Escobar","url":"https:\/\/nuevodigitaldeescobar.com.ar\/","logo":{"@type":"ImageObject","inLanguage":"es","@id":"https:\/\/nuevodigitaldeescobar.com.ar\/#\/schema\/logo\/image\/","url":"https:\/\/nuevodigitaldeescobar.com.ar\/wp-content\/uploads\/2025\/05\/cropped-logo-nuevo2.jpg","contentUrl":"https:\/\/nuevodigitaldeescobar.com.ar\/wp-content\/uploads\/2025\/05\/cropped-logo-nuevo2.jpg","width":305,"height":305,"caption":"Nuevo Digital de Escobar"},"image":{"@id":"https:\/\/nuevodigitaldeescobar.com.ar\/#\/schema\/logo\/image\/"},"sameAs":["https:\/\/www.facebook.com\/NUEVODigitalDeEscobar","https:\/\/x.com\/nuevodigescobar","https:\/\/www.instagram.com\/nuevodigitaldeescobar"]},{"@type":"Person","@id":"https:\/\/nuevodigitaldeescobar.com.ar\/#\/schema\/person\/035e90a8efe9a80e6eec22656ad6ea4c","name":"Redacci\u00f3n","image":{"@type":"ImageObject","inLanguage":"es","@id":"https:\/\/nuevodigitaldeescobar.com.ar\/#\/schema\/person\/image\/","url":"https:\/\/secure.gravatar.com\/avatar\/8af8f40000c24e9eef3034f2be5998a372bb1389e64b1a4a36b3a7979142220d?s=96&d=mm&r=g","contentUrl":"https:\/\/secure.gravatar.com\/avatar\/8af8f40000c24e9eef3034f2be5998a372bb1389e64b1a4a36b3a7979142220d?s=96&d=mm&r=g","caption":"Redacci\u00f3n"},"sameAs":["http:\/\/nuevodigitaldeescobar.com.ar"],"url":"https:\/\/nuevodigitaldeescobar.com.ar\/?author=1"}]}},"featured_image_urls":{"full":["https:\/\/nuevodigitaldeescobar.com.ar\/wp-content\/uploads\/2023\/12\/carrefour-e1703115563313.jpg",720,405,false],"thumbnail":["https:\/\/nuevodigitaldeescobar.com.ar\/wp-content\/uploads\/2023\/12\/carrefour-150x150.jpg",150,150,true],"medium":["https:\/\/nuevodigitaldeescobar.com.ar\/wp-content\/uploads\/2023\/12\/carrefour-300x169.jpg",300,169,true],"medium_large":["https:\/\/nuevodigitaldeescobar.com.ar\/wp-content\/uploads\/2023\/12\/carrefour-768x432.jpg",640,360,true],"large":["https:\/\/nuevodigitaldeescobar.com.ar\/wp-content\/uploads\/2023\/12\/carrefour-1024x576.jpg",640,360,true],"1536x1536":["https:\/\/nuevodigitaldeescobar.com.ar\/wp-content\/uploads\/2023\/12\/carrefour-e1703115563313.jpg",720,405,false],"2048x2048":["https:\/\/nuevodigitaldeescobar.com.ar\/wp-content\/uploads\/2023\/12\/carrefour-e1703115563313.jpg",720,405,false]},"author_info":{"display_name":"Redacci\u00f3n","author_link":"https:\/\/nuevodigitaldeescobar.com.ar\/?author=1"},"category_info":"<a href=\"https:\/\/nuevodigitaldeescobar.com.ar\/?cat=10\" rel=\"category\">Econom\u00eda<\/a>","tag_info":"Econom\u00eda","comment_count":"0","_links":{"self":[{"href":"https:\/\/nuevodigitaldeescobar.com.ar\/index.php?rest_route=\/wp\/v2\/posts\/2018","targetHints":{"allow":["GET"]}}],"collection":[{"href":"https:\/\/nuevodigitaldeescobar.com.ar\/index.php?rest_route=\/wp\/v2\/posts"}],"about":[{"href":"https:\/\/nuevodigitaldeescobar.com.ar\/index.php?rest_route=\/wp\/v2\/types\/post"}],"author":[{"embeddable":true,"href":"https:\/\/nuevodigitaldeescobar.com.ar\/index.php?rest_route=\/wp\/v2\/users\/1"}],"replies":[{"embeddable":true,"href":"https:\/\/nuevodigitaldeescobar.com.ar\/index.php?rest_route=%2Fwp%2Fv2%2Fcomments&post=2018"}],"version-history":[{"count":1,"href":"https:\/\/nuevodigitaldeescobar.com.ar\/index.php?rest_route=\/wp\/v2\/posts\/2018\/revisions"}],"predecessor-version":[{"id":2020,"href":"https:\/\/nuevodigitaldeescobar.com.ar\/index.php?rest_route=\/wp\/v2\/posts\/2018\/revisions\/2020"}],"wp:featuredmedia":[{"embeddable":true,"href":"https:\/\/nuevodigitaldeescobar.com.ar\/index.php?rest_route=\/wp\/v2\/media\/2019"}],"wp:attachment":[{"href":"https:\/\/nuevodigitaldeescobar.com.ar\/index.php?rest_route=%2Fwp%2Fv2%2Fmedia&parent=2018"}],"wp:term":[{"taxonomy":"category","embeddable":true,"href":"https:\/\/nuevodigitaldeescobar.com.ar\/index.php?rest_route=%2Fwp%2Fv2%2Fcategories&post=2018"},{"taxonomy":"post_tag","embeddable":true,"href":"https:\/\/nuevodigitaldeescobar.com.ar\/index.php?rest_route=%2Fwp%2Fv2%2Ftags&post=2018"}],"curies":[{"name":"wp","href":"https:\/\/api.w.org\/{rel}","templated":true}]}}