{"id":20226,"date":"2026-03-11T11:41:17","date_gmt":"2026-03-11T14:41:17","guid":{"rendered":"https:\/\/nuevodigitaldeescobar.com.ar\/?p=20226"},"modified":"2026-03-11T11:41:29","modified_gmt":"2026-03-11T14:41:29","slug":"un-auto-se-incendio-en-loma-verde-y-quedo-completamente-destruido","status":"publish","type":"post","link":"https:\/\/nuevodigitaldeescobar.com.ar\/?p=20226","title":{"rendered":"Un auto se incendi\u00f3 en Loma Verde y qued\u00f3 completamente destruido"},"content":{"rendered":"\n<p>Un autom\u00f3vil fue consumido por el fuego este martes por la noche en la localidad de Loma Verde. El hecho ocurri\u00f3 alrededor de las 20 horas en la intersecci\u00f3n de las calles Las Toscas y Granaderos.<\/p>\n\n\n\n<!--more-->\n\n\n\n<p>Hasta el lugar acudi\u00f3 una dotaci\u00f3n de los Bomberos Voluntarios de Escobar a cargo del ayudante de Primera Pablo Mart\u00ednez, luego de recibir el alerta por un incendio vehicular generalizado.<\/p>\n\n\n\n<p>El veh\u00edculo afectado era un <strong>Fiat Uno de tres puertas<\/strong>, que sufri\u00f3 <strong>p\u00e9rdidas totales<\/strong> a causa de las llamas. Afortunadamente, <strong>no se registraron personas heridas<\/strong>.<\/p>\n\n\n\n<p>Los bomberos trabajaron en el lugar para extinguir el fuego y asegurar la zona, mientras se intentan establecer las causas que originaron el incendio.<\/p>\n","protected":false},"excerpt":{"rendered":"<p>Un autom\u00f3vil fue consumido por el fuego este martes por la noche en la localidad de Loma Verde. El hecho ocurri\u00f3 alrededor de las 20 [&hellip;]<\/p>\n","protected":false},"author":1,"featured_media":20227,"comment_status":"open","ping_status":"open","sticky":false,"template":"","format":"standard","meta":{"footnotes":""},"categories":[13],"tags":[435,22,114],"class_list":["post-20226","post","type-post","status-publish","format-standard","has-post-thumbnail","hentry","category-policiales","tag-auto","tag-incendio","tag-loma-verde"],"better_featured_image":{"id":20227,"alt_text":"","caption":"","description":"","media_type":"image","media_details":{"width":810,"height":670,"file":"2026\/03\/650143574_952079800810247_2337757534621008431_n-e1773240049386.jpg","filesize":74008,"sizes":{"medium":{"file":"650143574_952079800810247_2337757534621008431_n-e1773240049386-300x248.jpg","width":300,"height":248,"mime-type":"image\/jpeg","filesize":14641,"source_url":"https:\/\/nuevodigitaldeescobar.com.ar\/wp-content\/uploads\/2026\/03\/650143574_952079800810247_2337757534621008431_n-e1773240049386-300x248.jpg"},"thumbnail":{"file":"650143574_952079800810247_2337757534621008431_n-e1773240049386-150x150.jpg","width":150,"height":150,"mime-type":"image\/jpeg","filesize":5839,"source_url":"https:\/\/nuevodigitaldeescobar.com.ar\/wp-content\/uploads\/2026\/03\/650143574_952079800810247_2337757534621008431_n-e1773240049386-150x150.jpg"},"medium_large":{"file":"650143574_952079800810247_2337757534621008431_n-e1773240049386-768x635.jpg","width":768,"height":635,"mime-type":"image\/jpeg","filesize":73534,"source_url":"https:\/\/nuevodigitaldeescobar.com.ar\/wp-content\/uploads\/2026\/03\/650143574_952079800810247_2337757534621008431_n-e1773240049386-768x635.jpg"}},"image_meta":{"aperture":"0","credit":"","camera":"","caption":"","created_timestamp":"0","copyright":"","focal_length":"0","iso":"0","shutter_speed":"0","title":"","orientation":"0","keywords":[]}},"post":20226,"source_url":"https:\/\/nuevodigitaldeescobar.com.ar\/wp-content\/uploads\/2026\/03\/650143574_952079800810247_2337757534621008431_n-e1773240049386.jpg"},"yoast_head":"<!-- This site is optimized with the Yoast SEO plugin v26.1.1 - https:\/\/yoast.com\/wordpress\/plugins\/seo\/ -->\n<title>Un auto se incendi\u00f3 en Loma Verde y qued\u00f3 completamente destruido - Nuevo Digital de Escobar<\/title>\n<meta name=\"description\" content=\"El veh\u00edculo afectado era un Fiat Uno de tres puertas, que sufri\u00f3 p\u00e9rdidas totales a causa de las llamas. Afortunadamente, no se registraron personas heridas.\" \/>\n<meta name=\"robots\" content=\"index, follow, max-snippet:-1, max-image-preview:large, max-video-preview:-1\" \/>\n<link rel=\"canonical\" href=\"https:\/\/nuevodigitaldeescobar.com.ar\/?p=20226\" \/>\n<meta property=\"og:locale\" content=\"es_ES\" \/>\n<meta property=\"og:type\" content=\"article\" \/>\n<meta property=\"og:title\" content=\"Un auto se incendi\u00f3 en Loma Verde y qued\u00f3 completamente destruido\" \/>\n<meta property=\"og:description\" content=\"El veh\u00edculo afectado era un Fiat Uno de tres puertas, que sufri\u00f3 p\u00e9rdidas totales a causa de las llamas. Afortunadamente, no se registraron personas heridas.\" \/>\n<meta property=\"og:url\" content=\"https:\/\/nuevodigitaldeescobar.com.ar\/?p=20226\" \/>\n<meta property=\"og:site_name\" content=\"Nuevo Digital de Escobar\" \/>\n<meta property=\"article:publisher\" content=\"https:\/\/www.facebook.com\/NUEVODigitalDeEscobar\" \/>\n<meta property=\"article:published_time\" content=\"2026-03-11T14:41:17+00:00\" \/>\n<meta property=\"article:modified_time\" content=\"2026-03-11T14:41:29+00:00\" \/>\n<meta property=\"og:image\" content=\"http:\/\/nuevodigitaldeescobar.com.ar\/wp-content\/uploads\/2026\/03\/650143574_952079800810247_2337757534621008431_n-e1773240049386.jpg\" \/>\n\t<meta property=\"og:image:width\" content=\"810\" \/>\n\t<meta property=\"og:image:height\" content=\"670\" \/>\n\t<meta property=\"og:image:type\" content=\"image\/jpeg\" \/>\n<meta name=\"author\" content=\"Redacci\u00f3n\" \/>\n<meta name=\"twitter:card\" content=\"summary_large_image\" \/>\n<meta name=\"twitter:creator\" content=\"@nuevodigescobar\" \/>\n<meta name=\"twitter:site\" content=\"@nuevodigescobar\" \/>\n<meta name=\"twitter:label1\" content=\"Escrito por\" \/>\n\t<meta name=\"twitter:data1\" content=\"Redacci\u00f3n\" \/>\n\t<meta name=\"twitter:label2\" content=\"Tiempo de lectura\" \/>\n\t<meta name=\"twitter:data2\" content=\"1 minuto\" \/>\n<script type=\"application\/ld+json\" class=\"yoast-schema-graph\">{\"@context\":\"https:\/\/schema.org\",\"@graph\":[{\"@type\":\"Article\",\"@id\":\"https:\/\/nuevodigitaldeescobar.com.ar\/?p=20226#article\",\"isPartOf\":{\"@id\":\"https:\/\/nuevodigitaldeescobar.com.ar\/?p=20226\"},\"author\":{\"name\":\"Redacci\u00f3n\",\"@id\":\"https:\/\/nuevodigitaldeescobar.com.ar\/#\/schema\/person\/035e90a8efe9a80e6eec22656ad6ea4c\"},\"headline\":\"Un auto se incendi\u00f3 en Loma Verde y qued\u00f3 completamente destruido\",\"datePublished\":\"2026-03-11T14:41:17+00:00\",\"dateModified\":\"2026-03-11T14:41:29+00:00\",\"mainEntityOfPage\":{\"@id\":\"https:\/\/nuevodigitaldeescobar.com.ar\/?p=20226\"},\"wordCount\":131,\"commentCount\":0,\"publisher\":{\"@id\":\"https:\/\/nuevodigitaldeescobar.com.ar\/#organization\"},\"image\":{\"@id\":\"https:\/\/nuevodigitaldeescobar.com.ar\/?p=20226#primaryimage\"},\"thumbnailUrl\":\"https:\/\/nuevodigitaldeescobar.com.ar\/wp-content\/uploads\/2026\/03\/650143574_952079800810247_2337757534621008431_n-e1773240049386.jpg\",\"keywords\":[\"auto\",\"incendio\",\"Loma Verde\"],\"articleSection\":[\"Policiales\"],\"inLanguage\":\"es\",\"potentialAction\":[{\"@type\":\"CommentAction\",\"name\":\"Comment\",\"target\":[\"https:\/\/nuevodigitaldeescobar.com.ar\/?p=20226#respond\"]}]},{\"@type\":\"WebPage\",\"@id\":\"https:\/\/nuevodigitaldeescobar.com.ar\/?p=20226\",\"url\":\"https:\/\/nuevodigitaldeescobar.com.ar\/?p=20226\",\"name\":\"Un auto se incendi\u00f3 en Loma Verde y qued\u00f3 completamente destruido - Nuevo Digital de Escobar\",\"isPartOf\":{\"@id\":\"https:\/\/nuevodigitaldeescobar.com.ar\/#website\"},\"primaryImageOfPage\":{\"@id\":\"https:\/\/nuevodigitaldeescobar.com.ar\/?p=20226#primaryimage\"},\"image\":{\"@id\":\"https:\/\/nuevodigitaldeescobar.com.ar\/?p=20226#primaryimage\"},\"thumbnailUrl\":\"https:\/\/nuevodigitaldeescobar.com.ar\/wp-content\/uploads\/2026\/03\/650143574_952079800810247_2337757534621008431_n-e1773240049386.jpg\",\"datePublished\":\"2026-03-11T14:41:17+00:00\",\"dateModified\":\"2026-03-11T14:41:29+00:00\",\"description\":\"El veh\u00edculo afectado era un Fiat Uno de tres puertas, que sufri\u00f3 p\u00e9rdidas totales a causa de las llamas. Afortunadamente, no se registraron personas heridas.\",\"breadcrumb\":{\"@id\":\"https:\/\/nuevodigitaldeescobar.com.ar\/?p=20226#breadcrumb\"},\"inLanguage\":\"es\",\"potentialAction\":[{\"@type\":\"ReadAction\",\"target\":[\"https:\/\/nuevodigitaldeescobar.com.ar\/?p=20226\"]}]},{\"@type\":\"ImageObject\",\"inLanguage\":\"es\",\"@id\":\"https:\/\/nuevodigitaldeescobar.com.ar\/?p=20226#primaryimage\",\"url\":\"https:\/\/nuevodigitaldeescobar.com.ar\/wp-content\/uploads\/2026\/03\/650143574_952079800810247_2337757534621008431_n-e1773240049386.jpg\",\"contentUrl\":\"https:\/\/nuevodigitaldeescobar.com.ar\/wp-content\/uploads\/2026\/03\/650143574_952079800810247_2337757534621008431_n-e1773240049386.jpg\",\"width\":810,\"height\":670},{\"@type\":\"BreadcrumbList\",\"@id\":\"https:\/\/nuevodigitaldeescobar.com.ar\/?p=20226#breadcrumb\",\"itemListElement\":[{\"@type\":\"ListItem\",\"position\":1,\"name\":\"Portada\",\"item\":\"https:\/\/nuevodigitaldeescobar.com.ar\/\"},{\"@type\":\"ListItem\",\"position\":2,\"name\":\"Un auto se incendi\u00f3 en Loma Verde y qued\u00f3 completamente destruido\"}]},{\"@type\":\"WebSite\",\"@id\":\"https:\/\/nuevodigitaldeescobar.com.ar\/#website\",\"url\":\"https:\/\/nuevodigitaldeescobar.com.ar\/\",\"name\":\"Nuevo Digital de Escobar\",\"description\":\"La vida escobarense. Directora: Rosana Brunner\",\"publisher\":{\"@id\":\"https:\/\/nuevodigitaldeescobar.com.ar\/#organization\"},\"potentialAction\":[{\"@type\":\"SearchAction\",\"target\":{\"@type\":\"EntryPoint\",\"urlTemplate\":\"https:\/\/nuevodigitaldeescobar.com.ar\/?s={search_term_string}\"},\"query-input\":{\"@type\":\"PropertyValueSpecification\",\"valueRequired\":true,\"valueName\":\"search_term_string\"}}],\"inLanguage\":\"es\"},{\"@type\":\"Organization\",\"@id\":\"https:\/\/nuevodigitaldeescobar.com.ar\/#organization\",\"name\":\"Nuevo Digital de Escobar\",\"url\":\"https:\/\/nuevodigitaldeescobar.com.ar\/\",\"logo\":{\"@type\":\"ImageObject\",\"inLanguage\":\"es\",\"@id\":\"https:\/\/nuevodigitaldeescobar.com.ar\/#\/schema\/logo\/image\/\",\"url\":\"https:\/\/nuevodigitaldeescobar.com.ar\/wp-content\/uploads\/2025\/05\/cropped-logo-nuevo2.jpg\",\"contentUrl\":\"https:\/\/nuevodigitaldeescobar.com.ar\/wp-content\/uploads\/2025\/05\/cropped-logo-nuevo2.jpg\",\"width\":305,\"height\":305,\"caption\":\"Nuevo Digital de Escobar\"},\"image\":{\"@id\":\"https:\/\/nuevodigitaldeescobar.com.ar\/#\/schema\/logo\/image\/\"},\"sameAs\":[\"https:\/\/www.facebook.com\/NUEVODigitalDeEscobar\",\"https:\/\/x.com\/nuevodigescobar\",\"https:\/\/www.instagram.com\/nuevodigitaldeescobar\"]},{\"@type\":\"Person\",\"@id\":\"https:\/\/nuevodigitaldeescobar.com.ar\/#\/schema\/person\/035e90a8efe9a80e6eec22656ad6ea4c\",\"name\":\"Redacci\u00f3n\",\"image\":{\"@type\":\"ImageObject\",\"inLanguage\":\"es\",\"@id\":\"https:\/\/nuevodigitaldeescobar.com.ar\/#\/schema\/person\/image\/\",\"url\":\"https:\/\/secure.gravatar.com\/avatar\/8af8f40000c24e9eef3034f2be5998a372bb1389e64b1a4a36b3a7979142220d?s=96&d=mm&r=g\",\"contentUrl\":\"https:\/\/secure.gravatar.com\/avatar\/8af8f40000c24e9eef3034f2be5998a372bb1389e64b1a4a36b3a7979142220d?s=96&d=mm&r=g\",\"caption\":\"Redacci\u00f3n\"},\"sameAs\":[\"http:\/\/nuevodigitaldeescobar.com.ar\"],\"url\":\"https:\/\/nuevodigitaldeescobar.com.ar\/?author=1\"}]}<\/script>\n<!-- \/ Yoast SEO plugin. -->","yoast_head_json":{"title":"Un auto se incendi\u00f3 en Loma Verde y qued\u00f3 completamente destruido - Nuevo Digital de Escobar","description":"El veh\u00edculo afectado era un Fiat Uno de tres puertas, que sufri\u00f3 p\u00e9rdidas totales a causa de las llamas. Afortunadamente, no se registraron personas heridas.","robots":{"index":"index","follow":"follow","max-snippet":"max-snippet:-1","max-image-preview":"max-image-preview:large","max-video-preview":"max-video-preview:-1"},"canonical":"https:\/\/nuevodigitaldeescobar.com.ar\/?p=20226","og_locale":"es_ES","og_type":"article","og_title":"Un auto se incendi\u00f3 en Loma Verde y qued\u00f3 completamente destruido","og_description":"El veh\u00edculo afectado era un Fiat Uno de tres puertas, que sufri\u00f3 p\u00e9rdidas totales a causa de las llamas. Afortunadamente, no se registraron personas heridas.","og_url":"https:\/\/nuevodigitaldeescobar.com.ar\/?p=20226","og_site_name":"Nuevo Digital de Escobar","article_publisher":"https:\/\/www.facebook.com\/NUEVODigitalDeEscobar","article_published_time":"2026-03-11T14:41:17+00:00","article_modified_time":"2026-03-11T14:41:29+00:00","og_image":[{"width":810,"height":670,"url":"http:\/\/nuevodigitaldeescobar.com.ar\/wp-content\/uploads\/2026\/03\/650143574_952079800810247_2337757534621008431_n-e1773240049386.jpg","type":"image\/jpeg"}],"author":"Redacci\u00f3n","twitter_card":"summary_large_image","twitter_creator":"@nuevodigescobar","twitter_site":"@nuevodigescobar","twitter_misc":{"Escrito por":"Redacci\u00f3n","Tiempo de lectura":"1 minuto"},"schema":{"@context":"https:\/\/schema.org","@graph":[{"@type":"Article","@id":"https:\/\/nuevodigitaldeescobar.com.ar\/?p=20226#article","isPartOf":{"@id":"https:\/\/nuevodigitaldeescobar.com.ar\/?p=20226"},"author":{"name":"Redacci\u00f3n","@id":"https:\/\/nuevodigitaldeescobar.com.ar\/#\/schema\/person\/035e90a8efe9a80e6eec22656ad6ea4c"},"headline":"Un auto se incendi\u00f3 en Loma Verde y qued\u00f3 completamente destruido","datePublished":"2026-03-11T14:41:17+00:00","dateModified":"2026-03-11T14:41:29+00:00","mainEntityOfPage":{"@id":"https:\/\/nuevodigitaldeescobar.com.ar\/?p=20226"},"wordCount":131,"commentCount":0,"publisher":{"@id":"https:\/\/nuevodigitaldeescobar.com.ar\/#organization"},"image":{"@id":"https:\/\/nuevodigitaldeescobar.com.ar\/?p=20226#primaryimage"},"thumbnailUrl":"https:\/\/nuevodigitaldeescobar.com.ar\/wp-content\/uploads\/2026\/03\/650143574_952079800810247_2337757534621008431_n-e1773240049386.jpg","keywords":["auto","incendio","Loma Verde"],"articleSection":["Policiales"],"inLanguage":"es","potentialAction":[{"@type":"CommentAction","name":"Comment","target":["https:\/\/nuevodigitaldeescobar.com.ar\/?p=20226#respond"]}]},{"@type":"WebPage","@id":"https:\/\/nuevodigitaldeescobar.com.ar\/?p=20226","url":"https:\/\/nuevodigitaldeescobar.com.ar\/?p=20226","name":"Un auto se incendi\u00f3 en Loma Verde y qued\u00f3 completamente destruido - Nuevo Digital de Escobar","isPartOf":{"@id":"https:\/\/nuevodigitaldeescobar.com.ar\/#website"},"primaryImageOfPage":{"@id":"https:\/\/nuevodigitaldeescobar.com.ar\/?p=20226#primaryimage"},"image":{"@id":"https:\/\/nuevodigitaldeescobar.com.ar\/?p=20226#primaryimage"},"thumbnailUrl":"https:\/\/nuevodigitaldeescobar.com.ar\/wp-content\/uploads\/2026\/03\/650143574_952079800810247_2337757534621008431_n-e1773240049386.jpg","datePublished":"2026-03-11T14:41:17+00:00","dateModified":"2026-03-11T14:41:29+00:00","description":"El veh\u00edculo afectado era un Fiat Uno de tres puertas, que sufri\u00f3 p\u00e9rdidas totales a causa de las llamas. Afortunadamente, no se registraron personas heridas.","breadcrumb":{"@id":"https:\/\/nuevodigitaldeescobar.com.ar\/?p=20226#breadcrumb"},"inLanguage":"es","potentialAction":[{"@type":"ReadAction","target":["https:\/\/nuevodigitaldeescobar.com.ar\/?p=20226"]}]},{"@type":"ImageObject","inLanguage":"es","@id":"https:\/\/nuevodigitaldeescobar.com.ar\/?p=20226#primaryimage","url":"https:\/\/nuevodigitaldeescobar.com.ar\/wp-content\/uploads\/2026\/03\/650143574_952079800810247_2337757534621008431_n-e1773240049386.jpg","contentUrl":"https:\/\/nuevodigitaldeescobar.com.ar\/wp-content\/uploads\/2026\/03\/650143574_952079800810247_2337757534621008431_n-e1773240049386.jpg","width":810,"height":670},{"@type":"BreadcrumbList","@id":"https:\/\/nuevodigitaldeescobar.com.ar\/?p=20226#breadcrumb","itemListElement":[{"@type":"ListItem","position":1,"name":"Portada","item":"https:\/\/nuevodigitaldeescobar.com.ar\/"},{"@type":"ListItem","position":2,"name":"Un auto se incendi\u00f3 en Loma Verde y qued\u00f3 completamente destruido"}]},{"@type":"WebSite","@id":"https:\/\/nuevodigitaldeescobar.com.ar\/#website","url":"https:\/\/nuevodigitaldeescobar.com.ar\/","name":"Nuevo Digital de Escobar","description":"La vida escobarense. Directora: Rosana Brunner","publisher":{"@id":"https:\/\/nuevodigitaldeescobar.com.ar\/#organization"},"potentialAction":[{"@type":"SearchAction","target":{"@type":"EntryPoint","urlTemplate":"https:\/\/nuevodigitaldeescobar.com.ar\/?s={search_term_string}"},"query-input":{"@type":"PropertyValueSpecification","valueRequired":true,"valueName":"search_term_string"}}],"inLanguage":"es"},{"@type":"Organization","@id":"https:\/\/nuevodigitaldeescobar.com.ar\/#organization","name":"Nuevo Digital de Escobar","url":"https:\/\/nuevodigitaldeescobar.com.ar\/","logo":{"@type":"ImageObject","inLanguage":"es","@id":"https:\/\/nuevodigitaldeescobar.com.ar\/#\/schema\/logo\/image\/","url":"https:\/\/nuevodigitaldeescobar.com.ar\/wp-content\/uploads\/2025\/05\/cropped-logo-nuevo2.jpg","contentUrl":"https:\/\/nuevodigitaldeescobar.com.ar\/wp-content\/uploads\/2025\/05\/cropped-logo-nuevo2.jpg","width":305,"height":305,"caption":"Nuevo Digital de Escobar"},"image":{"@id":"https:\/\/nuevodigitaldeescobar.com.ar\/#\/schema\/logo\/image\/"},"sameAs":["https:\/\/www.facebook.com\/NUEVODigitalDeEscobar","https:\/\/x.com\/nuevodigescobar","https:\/\/www.instagram.com\/nuevodigitaldeescobar"]},{"@type":"Person","@id":"https:\/\/nuevodigitaldeescobar.com.ar\/#\/schema\/person\/035e90a8efe9a80e6eec22656ad6ea4c","name":"Redacci\u00f3n","image":{"@type":"ImageObject","inLanguage":"es","@id":"https:\/\/nuevodigitaldeescobar.com.ar\/#\/schema\/person\/image\/","url":"https:\/\/secure.gravatar.com\/avatar\/8af8f40000c24e9eef3034f2be5998a372bb1389e64b1a4a36b3a7979142220d?s=96&d=mm&r=g","contentUrl":"https:\/\/secure.gravatar.com\/avatar\/8af8f40000c24e9eef3034f2be5998a372bb1389e64b1a4a36b3a7979142220d?s=96&d=mm&r=g","caption":"Redacci\u00f3n"},"sameAs":["http:\/\/nuevodigitaldeescobar.com.ar"],"url":"https:\/\/nuevodigitaldeescobar.com.ar\/?author=1"}]}},"featured_image_urls":{"full":["https:\/\/nuevodigitaldeescobar.com.ar\/wp-content\/uploads\/2026\/03\/650143574_952079800810247_2337757534621008431_n-e1773240049386.jpg",810,670,false],"thumbnail":["https:\/\/nuevodigitaldeescobar.com.ar\/wp-content\/uploads\/2026\/03\/650143574_952079800810247_2337757534621008431_n-e1773240049386-150x150.jpg",150,150,true],"medium":["https:\/\/nuevodigitaldeescobar.com.ar\/wp-content\/uploads\/2026\/03\/650143574_952079800810247_2337757534621008431_n-e1773240049386-300x248.jpg",300,248,true],"medium_large":["https:\/\/nuevodigitaldeescobar.com.ar\/wp-content\/uploads\/2026\/03\/650143574_952079800810247_2337757534621008431_n-e1773240049386-768x635.jpg",640,529,true],"large":["https:\/\/nuevodigitaldeescobar.com.ar\/wp-content\/uploads\/2026\/03\/650143574_952079800810247_2337757534621008431_n-e1773240049386.jpg",640,529,false],"1536x1536":["https:\/\/nuevodigitaldeescobar.com.ar\/wp-content\/uploads\/2026\/03\/650143574_952079800810247_2337757534621008431_n-e1773240049386.jpg",810,670,false],"2048x2048":["https:\/\/nuevodigitaldeescobar.com.ar\/wp-content\/uploads\/2026\/03\/650143574_952079800810247_2337757534621008431_n-e1773240049386.jpg",810,670,false]},"author_info":{"display_name":"Redacci\u00f3n","author_link":"https:\/\/nuevodigitaldeescobar.com.ar\/?author=1"},"category_info":"<a href=\"https:\/\/nuevodigitaldeescobar.com.ar\/?cat=13\" rel=\"category\">Policiales<\/a>","tag_info":"Policiales","comment_count":"0","_links":{"self":[{"href":"https:\/\/nuevodigitaldeescobar.com.ar\/index.php?rest_route=\/wp\/v2\/posts\/20226","targetHints":{"allow":["GET"]}}],"collection":[{"href":"https:\/\/nuevodigitaldeescobar.com.ar\/index.php?rest_route=\/wp\/v2\/posts"}],"about":[{"href":"https:\/\/nuevodigitaldeescobar.com.ar\/index.php?rest_route=\/wp\/v2\/types\/post"}],"author":[{"embeddable":true,"href":"https:\/\/nuevodigitaldeescobar.com.ar\/index.php?rest_route=\/wp\/v2\/users\/1"}],"replies":[{"embeddable":true,"href":"https:\/\/nuevodigitaldeescobar.com.ar\/index.php?rest_route=%2Fwp%2Fv2%2Fcomments&post=20226"}],"version-history":[{"count":1,"href":"https:\/\/nuevodigitaldeescobar.com.ar\/index.php?rest_route=\/wp\/v2\/posts\/20226\/revisions"}],"predecessor-version":[{"id":20228,"href":"https:\/\/nuevodigitaldeescobar.com.ar\/index.php?rest_route=\/wp\/v2\/posts\/20226\/revisions\/20228"}],"wp:featuredmedia":[{"embeddable":true,"href":"https:\/\/nuevodigitaldeescobar.com.ar\/index.php?rest_route=\/wp\/v2\/media\/20227"}],"wp:attachment":[{"href":"https:\/\/nuevodigitaldeescobar.com.ar\/index.php?rest_route=%2Fwp%2Fv2%2Fmedia&parent=20226"}],"wp:term":[{"taxonomy":"category","embeddable":true,"href":"https:\/\/nuevodigitaldeescobar.com.ar\/index.php?rest_route=%2Fwp%2Fv2%2Fcategories&post=20226"},{"taxonomy":"post_tag","embeddable":true,"href":"https:\/\/nuevodigitaldeescobar.com.ar\/index.php?rest_route=%2Fwp%2Fv2%2Ftags&post=20226"}],"curies":[{"name":"wp","href":"https:\/\/api.w.org\/{rel}","templated":true}]}}