{"id":20231,"date":"2026-03-12T12:25:51","date_gmt":"2026-03-12T15:25:51","guid":{"rendered":"https:\/\/nuevodigitaldeescobar.com.ar\/?p=20231"},"modified":"2026-03-12T12:26:03","modified_gmt":"2026-03-12T15:26:03","slug":"terra-avstralis-choferes-solidarios-y-feria-friki-actividades-del-fin-de-semana","status":"publish","type":"post","link":"https:\/\/nuevodigitaldeescobar.com.ar\/?p=20231","title":{"rendered":"Terra Avstralis, Choferes Solidarios y Feria Friki, actividades del fin de semana"},"content":{"rendered":"\n<p>Se viene un nuevo fin de semana en el partido de Escobar con actividades para disfrutar con amigos o en familia, entre las que se destaca una nueva edici\u00f3n de la feria medieval Terra Avstralis, la exhibici\u00f3n Choferes Solidarios y la Feria Friki.<\/p>\n\n\n\n<!--more-->\n\n\n\n<p>Las actividades comienzan este s\u00e1bado, a las 12 horas en la Plaza Lambertuchi (Col\u00f3n y Ameghino, Bel\u00e9n de Escobar), con la Feria Friki que contar\u00e1 con shows en vivo, KPop, espacios de dibujo, cosplay, karaoke, trivias, puestos de manga y anim\u00e9, feria de emprendedores, y mucho m\u00e1s.<\/p>\n\n\n\n<p>Tambi\u00e9n el s\u00e1bado, a partir de las 13 horas, se realizar\u00e1 una nueva edici\u00f3n de la feria medieval Terra Avstralis. El evento tendr\u00e1 un torneo de combate, grupos recreacionistas, asedio al fuerte, patio gastron\u00f3mico, paseo de artesanos y bandas en vivo. La experiencia se repetir\u00e1 el domingo con entrada libre y gratuita. Cabe aclarar que, en caso de lluvia, el evento podr\u00eda ser suspendido. Luego, a las 19 horas en el Centro Cultural Campiglia (Mitre 797, Bel\u00e9n de Escobar), se realizar\u00e1 el ciclo de humor interactivo \u201cEn el Caos\u201d a cargo de la escritora e ilustradora Lisbeth Feinberg.&nbsp;<\/p>\n\n\n\n<p>Por \u00faltimo, el domingo desde las 10 horas en el Predio Floral (Mateo Gelves 1050, Bel\u00e9n de Escobar), tendr\u00e1 lugar la exposici\u00f3n Choferes Solidarios con una gran exhibici\u00f3n de colectivos, shows de artistas locales, DJs y mucho m\u00e1s. La entrada ser\u00e1 un alimento no perecedero a beneficio del programa Escobar Hambre Cero.<\/p>\n","protected":false},"excerpt":{"rendered":"<p>Se viene un nuevo fin de semana en el partido de Escobar con actividades para disfrutar con amigos o en familia, entre las que se [&hellip;]<\/p>\n","protected":false},"author":1,"featured_media":20232,"comment_status":"open","ping_status":"open","sticky":false,"template":"","format":"standard","meta":{"footnotes":""},"categories":[7],"tags":[],"class_list":["post-20231","post","type-post","status-publish","format-standard","has-post-thumbnail","hentry","category-interes-general"],"better_featured_image":{"id":20232,"alt_text":"","caption":"","description":"","media_type":"image","media_details":{"width":1300,"height":730,"file":"2026\/03\/whatsapp_image_2026_03_12_at_11_29_03.jpeg","filesize":202635,"sizes":{"medium":{"file":"whatsapp_image_2026_03_12_at_11_29_03-300x168.jpeg","width":300,"height":168,"mime-type":"image\/jpeg","filesize":19051,"source_url":"https:\/\/nuevodigitaldeescobar.com.ar\/wp-content\/uploads\/2026\/03\/whatsapp_image_2026_03_12_at_11_29_03-300x168.jpeg"},"large":{"file":"whatsapp_image_2026_03_12_at_11_29_03-1024x575.jpeg","width":1024,"height":575,"mime-type":"image\/jpeg","filesize":135686,"source_url":"https:\/\/nuevodigitaldeescobar.com.ar\/wp-content\/uploads\/2026\/03\/whatsapp_image_2026_03_12_at_11_29_03-1024x575.jpeg"},"thumbnail":{"file":"whatsapp_image_2026_03_12_at_11_29_03-150x150.jpeg","width":150,"height":150,"mime-type":"image\/jpeg","filesize":9144,"source_url":"https:\/\/nuevodigitaldeescobar.com.ar\/wp-content\/uploads\/2026\/03\/whatsapp_image_2026_03_12_at_11_29_03-150x150.jpeg"},"medium_large":{"file":"whatsapp_image_2026_03_12_at_11_29_03-768x431.jpeg","width":768,"height":431,"mime-type":"image\/jpeg","filesize":88315,"source_url":"https:\/\/nuevodigitaldeescobar.com.ar\/wp-content\/uploads\/2026\/03\/whatsapp_image_2026_03_12_at_11_29_03-768x431.jpeg"}},"image_meta":{"aperture":"0","credit":"","camera":"","caption":"","created_timestamp":"0","copyright":"","focal_length":"0","iso":"0","shutter_speed":"0","title":"","orientation":"0","keywords":[]}},"post":20231,"source_url":"https:\/\/nuevodigitaldeescobar.com.ar\/wp-content\/uploads\/2026\/03\/whatsapp_image_2026_03_12_at_11_29_03.jpeg"},"yoast_head":"<!-- This site is optimized with the Yoast SEO plugin v26.1.1 - https:\/\/yoast.com\/wordpress\/plugins\/seo\/ -->\n<title>Terra Avstralis, Choferes Solidarios y Feria Friki, actividades del fin de semana - Nuevo Digital de Escobar<\/title>\n<meta name=\"description\" content=\"Las actividades comienzan este s\u00e1bado, a las 12 horas en la Plaza Lambertuchi (Col\u00f3n y Ameghino, Bel\u00e9n de Escobar), con la Feria Friki que contar\u00e1 con shows en vivo, KPop, espacios de dibujo, cosplay, karaoke, trivias, puestos de manga y anim\u00e9, feria de emprendedores, y mucho m\u00e1s.\" \/>\n<meta name=\"robots\" content=\"index, follow, max-snippet:-1, max-image-preview:large, max-video-preview:-1\" \/>\n<link rel=\"canonical\" href=\"https:\/\/nuevodigitaldeescobar.com.ar\/?p=20231\" \/>\n<meta property=\"og:locale\" content=\"es_ES\" \/>\n<meta property=\"og:type\" content=\"article\" \/>\n<meta property=\"og:title\" content=\"Terra Avstralis, Choferes Solidarios y Feria Friki, actividades del fin de semana\" \/>\n<meta property=\"og:description\" content=\"Las actividades comienzan este s\u00e1bado, a las 12 horas en la Plaza Lambertuchi (Col\u00f3n y Ameghino, Bel\u00e9n de Escobar), con la Feria Friki que contar\u00e1 con shows en vivo, KPop, espacios de dibujo, cosplay, karaoke, trivias, puestos de manga y anim\u00e9, feria de emprendedores, y mucho m\u00e1s.\" \/>\n<meta property=\"og:url\" content=\"https:\/\/nuevodigitaldeescobar.com.ar\/?p=20231\" \/>\n<meta property=\"og:site_name\" content=\"Nuevo Digital de Escobar\" \/>\n<meta property=\"article:publisher\" content=\"https:\/\/www.facebook.com\/NUEVODigitalDeEscobar\" \/>\n<meta property=\"article:published_time\" content=\"2026-03-12T15:25:51+00:00\" \/>\n<meta property=\"article:modified_time\" content=\"2026-03-12T15:26:03+00:00\" \/>\n<meta property=\"og:image\" content=\"http:\/\/nuevodigitaldeescobar.com.ar\/wp-content\/uploads\/2026\/03\/whatsapp_image_2026_03_12_at_11_29_03.jpeg\" \/>\n\t<meta property=\"og:image:width\" content=\"1300\" \/>\n\t<meta property=\"og:image:height\" content=\"730\" \/>\n\t<meta property=\"og:image:type\" content=\"image\/jpeg\" \/>\n<meta name=\"author\" content=\"Redacci\u00f3n\" \/>\n<meta name=\"twitter:card\" content=\"summary_large_image\" \/>\n<meta name=\"twitter:creator\" content=\"@nuevodigescobar\" \/>\n<meta name=\"twitter:site\" content=\"@nuevodigescobar\" \/>\n<meta name=\"twitter:label1\" content=\"Escrito por\" \/>\n\t<meta name=\"twitter:data1\" content=\"Redacci\u00f3n\" \/>\n\t<meta name=\"twitter:label2\" content=\"Tiempo de lectura\" \/>\n\t<meta name=\"twitter:data2\" content=\"2 minutos\" \/>\n<script type=\"application\/ld+json\" class=\"yoast-schema-graph\">{\"@context\":\"https:\/\/schema.org\",\"@graph\":[{\"@type\":\"Article\",\"@id\":\"https:\/\/nuevodigitaldeescobar.com.ar\/?p=20231#article\",\"isPartOf\":{\"@id\":\"https:\/\/nuevodigitaldeescobar.com.ar\/?p=20231\"},\"author\":{\"name\":\"Redacci\u00f3n\",\"@id\":\"https:\/\/nuevodigitaldeescobar.com.ar\/#\/schema\/person\/035e90a8efe9a80e6eec22656ad6ea4c\"},\"headline\":\"Terra Avstralis, Choferes Solidarios y Feria Friki, actividades del fin de semana\",\"datePublished\":\"2026-03-12T15:25:51+00:00\",\"dateModified\":\"2026-03-12T15:26:03+00:00\",\"mainEntityOfPage\":{\"@id\":\"https:\/\/nuevodigitaldeescobar.com.ar\/?p=20231\"},\"wordCount\":263,\"commentCount\":0,\"publisher\":{\"@id\":\"https:\/\/nuevodigitaldeescobar.com.ar\/#organization\"},\"image\":{\"@id\":\"https:\/\/nuevodigitaldeescobar.com.ar\/?p=20231#primaryimage\"},\"thumbnailUrl\":\"https:\/\/nuevodigitaldeescobar.com.ar\/wp-content\/uploads\/2026\/03\/whatsapp_image_2026_03_12_at_11_29_03.jpeg\",\"articleSection\":[\"Inter\u00e9s general\"],\"inLanguage\":\"es\",\"potentialAction\":[{\"@type\":\"CommentAction\",\"name\":\"Comment\",\"target\":[\"https:\/\/nuevodigitaldeescobar.com.ar\/?p=20231#respond\"]}]},{\"@type\":\"WebPage\",\"@id\":\"https:\/\/nuevodigitaldeescobar.com.ar\/?p=20231\",\"url\":\"https:\/\/nuevodigitaldeescobar.com.ar\/?p=20231\",\"name\":\"Terra Avstralis, Choferes Solidarios y Feria Friki, actividades del fin de semana - Nuevo Digital de Escobar\",\"isPartOf\":{\"@id\":\"https:\/\/nuevodigitaldeescobar.com.ar\/#website\"},\"primaryImageOfPage\":{\"@id\":\"https:\/\/nuevodigitaldeescobar.com.ar\/?p=20231#primaryimage\"},\"image\":{\"@id\":\"https:\/\/nuevodigitaldeescobar.com.ar\/?p=20231#primaryimage\"},\"thumbnailUrl\":\"https:\/\/nuevodigitaldeescobar.com.ar\/wp-content\/uploads\/2026\/03\/whatsapp_image_2026_03_12_at_11_29_03.jpeg\",\"datePublished\":\"2026-03-12T15:25:51+00:00\",\"dateModified\":\"2026-03-12T15:26:03+00:00\",\"description\":\"Las actividades comienzan este s\u00e1bado, a las 12 horas en la Plaza Lambertuchi (Col\u00f3n y Ameghino, Bel\u00e9n de Escobar), con la Feria Friki que contar\u00e1 con shows en vivo, KPop, espacios de dibujo, cosplay, karaoke, trivias, puestos de manga y anim\u00e9, feria de emprendedores, y mucho m\u00e1s.\",\"breadcrumb\":{\"@id\":\"https:\/\/nuevodigitaldeescobar.com.ar\/?p=20231#breadcrumb\"},\"inLanguage\":\"es\",\"potentialAction\":[{\"@type\":\"ReadAction\",\"target\":[\"https:\/\/nuevodigitaldeescobar.com.ar\/?p=20231\"]}]},{\"@type\":\"ImageObject\",\"inLanguage\":\"es\",\"@id\":\"https:\/\/nuevodigitaldeescobar.com.ar\/?p=20231#primaryimage\",\"url\":\"https:\/\/nuevodigitaldeescobar.com.ar\/wp-content\/uploads\/2026\/03\/whatsapp_image_2026_03_12_at_11_29_03.jpeg\",\"contentUrl\":\"https:\/\/nuevodigitaldeescobar.com.ar\/wp-content\/uploads\/2026\/03\/whatsapp_image_2026_03_12_at_11_29_03.jpeg\",\"width\":1300,\"height\":730},{\"@type\":\"BreadcrumbList\",\"@id\":\"https:\/\/nuevodigitaldeescobar.com.ar\/?p=20231#breadcrumb\",\"itemListElement\":[{\"@type\":\"ListItem\",\"position\":1,\"name\":\"Portada\",\"item\":\"https:\/\/nuevodigitaldeescobar.com.ar\/\"},{\"@type\":\"ListItem\",\"position\":2,\"name\":\"Terra Avstralis, Choferes Solidarios y Feria Friki, actividades del fin de semana\"}]},{\"@type\":\"WebSite\",\"@id\":\"https:\/\/nuevodigitaldeescobar.com.ar\/#website\",\"url\":\"https:\/\/nuevodigitaldeescobar.com.ar\/\",\"name\":\"Nuevo Digital de Escobar\",\"description\":\"La vida escobarense. Directora: Rosana Brunner\",\"publisher\":{\"@id\":\"https:\/\/nuevodigitaldeescobar.com.ar\/#organization\"},\"potentialAction\":[{\"@type\":\"SearchAction\",\"target\":{\"@type\":\"EntryPoint\",\"urlTemplate\":\"https:\/\/nuevodigitaldeescobar.com.ar\/?s={search_term_string}\"},\"query-input\":{\"@type\":\"PropertyValueSpecification\",\"valueRequired\":true,\"valueName\":\"search_term_string\"}}],\"inLanguage\":\"es\"},{\"@type\":\"Organization\",\"@id\":\"https:\/\/nuevodigitaldeescobar.com.ar\/#organization\",\"name\":\"Nuevo Digital de Escobar\",\"url\":\"https:\/\/nuevodigitaldeescobar.com.ar\/\",\"logo\":{\"@type\":\"ImageObject\",\"inLanguage\":\"es\",\"@id\":\"https:\/\/nuevodigitaldeescobar.com.ar\/#\/schema\/logo\/image\/\",\"url\":\"https:\/\/nuevodigitaldeescobar.com.ar\/wp-content\/uploads\/2025\/05\/cropped-logo-nuevo2.jpg\",\"contentUrl\":\"https:\/\/nuevodigitaldeescobar.com.ar\/wp-content\/uploads\/2025\/05\/cropped-logo-nuevo2.jpg\",\"width\":305,\"height\":305,\"caption\":\"Nuevo Digital de Escobar\"},\"image\":{\"@id\":\"https:\/\/nuevodigitaldeescobar.com.ar\/#\/schema\/logo\/image\/\"},\"sameAs\":[\"https:\/\/www.facebook.com\/NUEVODigitalDeEscobar\",\"https:\/\/x.com\/nuevodigescobar\",\"https:\/\/www.instagram.com\/nuevodigitaldeescobar\"]},{\"@type\":\"Person\",\"@id\":\"https:\/\/nuevodigitaldeescobar.com.ar\/#\/schema\/person\/035e90a8efe9a80e6eec22656ad6ea4c\",\"name\":\"Redacci\u00f3n\",\"image\":{\"@type\":\"ImageObject\",\"inLanguage\":\"es\",\"@id\":\"https:\/\/nuevodigitaldeescobar.com.ar\/#\/schema\/person\/image\/\",\"url\":\"https:\/\/secure.gravatar.com\/avatar\/8af8f40000c24e9eef3034f2be5998a372bb1389e64b1a4a36b3a7979142220d?s=96&d=mm&r=g\",\"contentUrl\":\"https:\/\/secure.gravatar.com\/avatar\/8af8f40000c24e9eef3034f2be5998a372bb1389e64b1a4a36b3a7979142220d?s=96&d=mm&r=g\",\"caption\":\"Redacci\u00f3n\"},\"sameAs\":[\"http:\/\/nuevodigitaldeescobar.com.ar\"],\"url\":\"https:\/\/nuevodigitaldeescobar.com.ar\/?author=1\"}]}<\/script>\n<!-- \/ Yoast SEO plugin. -->","yoast_head_json":{"title":"Terra Avstralis, Choferes Solidarios y Feria Friki, actividades del fin de semana - Nuevo Digital de Escobar","description":"Las actividades comienzan este s\u00e1bado, a las 12 horas en la Plaza Lambertuchi (Col\u00f3n y Ameghino, Bel\u00e9n de Escobar), con la Feria Friki que contar\u00e1 con shows en vivo, KPop, espacios de dibujo, cosplay, karaoke, trivias, puestos de manga y anim\u00e9, feria de emprendedores, y mucho m\u00e1s.","robots":{"index":"index","follow":"follow","max-snippet":"max-snippet:-1","max-image-preview":"max-image-preview:large","max-video-preview":"max-video-preview:-1"},"canonical":"https:\/\/nuevodigitaldeescobar.com.ar\/?p=20231","og_locale":"es_ES","og_type":"article","og_title":"Terra Avstralis, Choferes Solidarios y Feria Friki, actividades del fin de semana","og_description":"Las actividades comienzan este s\u00e1bado, a las 12 horas en la Plaza Lambertuchi (Col\u00f3n y Ameghino, Bel\u00e9n de Escobar), con la Feria Friki que contar\u00e1 con shows en vivo, KPop, espacios de dibujo, cosplay, karaoke, trivias, puestos de manga y anim\u00e9, feria de emprendedores, y mucho m\u00e1s.","og_url":"https:\/\/nuevodigitaldeescobar.com.ar\/?p=20231","og_site_name":"Nuevo Digital de Escobar","article_publisher":"https:\/\/www.facebook.com\/NUEVODigitalDeEscobar","article_published_time":"2026-03-12T15:25:51+00:00","article_modified_time":"2026-03-12T15:26:03+00:00","og_image":[{"width":1300,"height":730,"url":"http:\/\/nuevodigitaldeescobar.com.ar\/wp-content\/uploads\/2026\/03\/whatsapp_image_2026_03_12_at_11_29_03.jpeg","type":"image\/jpeg"}],"author":"Redacci\u00f3n","twitter_card":"summary_large_image","twitter_creator":"@nuevodigescobar","twitter_site":"@nuevodigescobar","twitter_misc":{"Escrito por":"Redacci\u00f3n","Tiempo de lectura":"2 minutos"},"schema":{"@context":"https:\/\/schema.org","@graph":[{"@type":"Article","@id":"https:\/\/nuevodigitaldeescobar.com.ar\/?p=20231#article","isPartOf":{"@id":"https:\/\/nuevodigitaldeescobar.com.ar\/?p=20231"},"author":{"name":"Redacci\u00f3n","@id":"https:\/\/nuevodigitaldeescobar.com.ar\/#\/schema\/person\/035e90a8efe9a80e6eec22656ad6ea4c"},"headline":"Terra Avstralis, Choferes Solidarios y Feria Friki, actividades del fin de semana","datePublished":"2026-03-12T15:25:51+00:00","dateModified":"2026-03-12T15:26:03+00:00","mainEntityOfPage":{"@id":"https:\/\/nuevodigitaldeescobar.com.ar\/?p=20231"},"wordCount":263,"commentCount":0,"publisher":{"@id":"https:\/\/nuevodigitaldeescobar.com.ar\/#organization"},"image":{"@id":"https:\/\/nuevodigitaldeescobar.com.ar\/?p=20231#primaryimage"},"thumbnailUrl":"https:\/\/nuevodigitaldeescobar.com.ar\/wp-content\/uploads\/2026\/03\/whatsapp_image_2026_03_12_at_11_29_03.jpeg","articleSection":["Inter\u00e9s general"],"inLanguage":"es","potentialAction":[{"@type":"CommentAction","name":"Comment","target":["https:\/\/nuevodigitaldeescobar.com.ar\/?p=20231#respond"]}]},{"@type":"WebPage","@id":"https:\/\/nuevodigitaldeescobar.com.ar\/?p=20231","url":"https:\/\/nuevodigitaldeescobar.com.ar\/?p=20231","name":"Terra Avstralis, Choferes Solidarios y Feria Friki, actividades del fin de semana - Nuevo Digital de Escobar","isPartOf":{"@id":"https:\/\/nuevodigitaldeescobar.com.ar\/#website"},"primaryImageOfPage":{"@id":"https:\/\/nuevodigitaldeescobar.com.ar\/?p=20231#primaryimage"},"image":{"@id":"https:\/\/nuevodigitaldeescobar.com.ar\/?p=20231#primaryimage"},"thumbnailUrl":"https:\/\/nuevodigitaldeescobar.com.ar\/wp-content\/uploads\/2026\/03\/whatsapp_image_2026_03_12_at_11_29_03.jpeg","datePublished":"2026-03-12T15:25:51+00:00","dateModified":"2026-03-12T15:26:03+00:00","description":"Las actividades comienzan este s\u00e1bado, a las 12 horas en la Plaza Lambertuchi (Col\u00f3n y Ameghino, Bel\u00e9n de Escobar), con la Feria Friki que contar\u00e1 con shows en vivo, KPop, espacios de dibujo, cosplay, karaoke, trivias, puestos de manga y anim\u00e9, feria de emprendedores, y mucho m\u00e1s.","breadcrumb":{"@id":"https:\/\/nuevodigitaldeescobar.com.ar\/?p=20231#breadcrumb"},"inLanguage":"es","potentialAction":[{"@type":"ReadAction","target":["https:\/\/nuevodigitaldeescobar.com.ar\/?p=20231"]}]},{"@type":"ImageObject","inLanguage":"es","@id":"https:\/\/nuevodigitaldeescobar.com.ar\/?p=20231#primaryimage","url":"https:\/\/nuevodigitaldeescobar.com.ar\/wp-content\/uploads\/2026\/03\/whatsapp_image_2026_03_12_at_11_29_03.jpeg","contentUrl":"https:\/\/nuevodigitaldeescobar.com.ar\/wp-content\/uploads\/2026\/03\/whatsapp_image_2026_03_12_at_11_29_03.jpeg","width":1300,"height":730},{"@type":"BreadcrumbList","@id":"https:\/\/nuevodigitaldeescobar.com.ar\/?p=20231#breadcrumb","itemListElement":[{"@type":"ListItem","position":1,"name":"Portada","item":"https:\/\/nuevodigitaldeescobar.com.ar\/"},{"@type":"ListItem","position":2,"name":"Terra Avstralis, Choferes Solidarios y Feria Friki, actividades del fin de semana"}]},{"@type":"WebSite","@id":"https:\/\/nuevodigitaldeescobar.com.ar\/#website","url":"https:\/\/nuevodigitaldeescobar.com.ar\/","name":"Nuevo Digital de Escobar","description":"La vida escobarense. Directora: Rosana Brunner","publisher":{"@id":"https:\/\/nuevodigitaldeescobar.com.ar\/#organization"},"potentialAction":[{"@type":"SearchAction","target":{"@type":"EntryPoint","urlTemplate":"https:\/\/nuevodigitaldeescobar.com.ar\/?s={search_term_string}"},"query-input":{"@type":"PropertyValueSpecification","valueRequired":true,"valueName":"search_term_string"}}],"inLanguage":"es"},{"@type":"Organization","@id":"https:\/\/nuevodigitaldeescobar.com.ar\/#organization","name":"Nuevo Digital de Escobar","url":"https:\/\/nuevodigitaldeescobar.com.ar\/","logo":{"@type":"ImageObject","inLanguage":"es","@id":"https:\/\/nuevodigitaldeescobar.com.ar\/#\/schema\/logo\/image\/","url":"https:\/\/nuevodigitaldeescobar.com.ar\/wp-content\/uploads\/2025\/05\/cropped-logo-nuevo2.jpg","contentUrl":"https:\/\/nuevodigitaldeescobar.com.ar\/wp-content\/uploads\/2025\/05\/cropped-logo-nuevo2.jpg","width":305,"height":305,"caption":"Nuevo Digital de Escobar"},"image":{"@id":"https:\/\/nuevodigitaldeescobar.com.ar\/#\/schema\/logo\/image\/"},"sameAs":["https:\/\/www.facebook.com\/NUEVODigitalDeEscobar","https:\/\/x.com\/nuevodigescobar","https:\/\/www.instagram.com\/nuevodigitaldeescobar"]},{"@type":"Person","@id":"https:\/\/nuevodigitaldeescobar.com.ar\/#\/schema\/person\/035e90a8efe9a80e6eec22656ad6ea4c","name":"Redacci\u00f3n","image":{"@type":"ImageObject","inLanguage":"es","@id":"https:\/\/nuevodigitaldeescobar.com.ar\/#\/schema\/person\/image\/","url":"https:\/\/secure.gravatar.com\/avatar\/8af8f40000c24e9eef3034f2be5998a372bb1389e64b1a4a36b3a7979142220d?s=96&d=mm&r=g","contentUrl":"https:\/\/secure.gravatar.com\/avatar\/8af8f40000c24e9eef3034f2be5998a372bb1389e64b1a4a36b3a7979142220d?s=96&d=mm&r=g","caption":"Redacci\u00f3n"},"sameAs":["http:\/\/nuevodigitaldeescobar.com.ar"],"url":"https:\/\/nuevodigitaldeescobar.com.ar\/?author=1"}]}},"featured_image_urls":{"full":["https:\/\/nuevodigitaldeescobar.com.ar\/wp-content\/uploads\/2026\/03\/whatsapp_image_2026_03_12_at_11_29_03.jpeg",1300,730,false],"thumbnail":["https:\/\/nuevodigitaldeescobar.com.ar\/wp-content\/uploads\/2026\/03\/whatsapp_image_2026_03_12_at_11_29_03-150x150.jpeg",150,150,true],"medium":["https:\/\/nuevodigitaldeescobar.com.ar\/wp-content\/uploads\/2026\/03\/whatsapp_image_2026_03_12_at_11_29_03-300x168.jpeg",300,168,true],"medium_large":["https:\/\/nuevodigitaldeescobar.com.ar\/wp-content\/uploads\/2026\/03\/whatsapp_image_2026_03_12_at_11_29_03-768x431.jpeg",640,359,true],"large":["https:\/\/nuevodigitaldeescobar.com.ar\/wp-content\/uploads\/2026\/03\/whatsapp_image_2026_03_12_at_11_29_03-1024x575.jpeg",640,359,true],"1536x1536":["https:\/\/nuevodigitaldeescobar.com.ar\/wp-content\/uploads\/2026\/03\/whatsapp_image_2026_03_12_at_11_29_03.jpeg",1300,730,false],"2048x2048":["https:\/\/nuevodigitaldeescobar.com.ar\/wp-content\/uploads\/2026\/03\/whatsapp_image_2026_03_12_at_11_29_03.jpeg",1300,730,false]},"author_info":{"display_name":"Redacci\u00f3n","author_link":"https:\/\/nuevodigitaldeescobar.com.ar\/?author=1"},"category_info":"<a href=\"https:\/\/nuevodigitaldeescobar.com.ar\/?cat=7\" rel=\"category\">Inter\u00e9s general<\/a>","tag_info":"Inter\u00e9s general","comment_count":"0","_links":{"self":[{"href":"https:\/\/nuevodigitaldeescobar.com.ar\/index.php?rest_route=\/wp\/v2\/posts\/20231","targetHints":{"allow":["GET"]}}],"collection":[{"href":"https:\/\/nuevodigitaldeescobar.com.ar\/index.php?rest_route=\/wp\/v2\/posts"}],"about":[{"href":"https:\/\/nuevodigitaldeescobar.com.ar\/index.php?rest_route=\/wp\/v2\/types\/post"}],"author":[{"embeddable":true,"href":"https:\/\/nuevodigitaldeescobar.com.ar\/index.php?rest_route=\/wp\/v2\/users\/1"}],"replies":[{"embeddable":true,"href":"https:\/\/nuevodigitaldeescobar.com.ar\/index.php?rest_route=%2Fwp%2Fv2%2Fcomments&post=20231"}],"version-history":[{"count":1,"href":"https:\/\/nuevodigitaldeescobar.com.ar\/index.php?rest_route=\/wp\/v2\/posts\/20231\/revisions"}],"predecessor-version":[{"id":20233,"href":"https:\/\/nuevodigitaldeescobar.com.ar\/index.php?rest_route=\/wp\/v2\/posts\/20231\/revisions\/20233"}],"wp:featuredmedia":[{"embeddable":true,"href":"https:\/\/nuevodigitaldeescobar.com.ar\/index.php?rest_route=\/wp\/v2\/media\/20232"}],"wp:attachment":[{"href":"https:\/\/nuevodigitaldeescobar.com.ar\/index.php?rest_route=%2Fwp%2Fv2%2Fmedia&parent=20231"}],"wp:term":[{"taxonomy":"category","embeddable":true,"href":"https:\/\/nuevodigitaldeescobar.com.ar\/index.php?rest_route=%2Fwp%2Fv2%2Fcategories&post=20231"},{"taxonomy":"post_tag","embeddable":true,"href":"https:\/\/nuevodigitaldeescobar.com.ar\/index.php?rest_route=%2Fwp%2Fv2%2Ftags&post=20231"}],"curies":[{"name":"wp","href":"https:\/\/api.w.org\/{rel}","templated":true}]}}