{"id":20248,"date":"2026-03-14T04:48:00","date_gmt":"2026-03-14T07:48:00","guid":{"rendered":"https:\/\/nuevodigitaldeescobar.com.ar\/?p=20248"},"modified":"2026-03-13T18:49:21","modified_gmt":"2026-03-13T21:49:21","slug":"atletico-escobar-celebra-su-aniversario-con-una-gran-cena-solidaria","status":"publish","type":"post","link":"https:\/\/nuevodigitaldeescobar.com.ar\/?p=20248","title":{"rendered":"Atl\u00e9tico Escobar celebra su aniversario con una gran cena solidaria"},"content":{"rendered":"\n<p>El viernes 27 de marzo, Atl\u00e9tico Escobar celebrar\u00e1 un nuevo aniversario de su fundaci\u00f3n con un evento que promete reunir a toda la familia del reci\u00e9n ascendido al Federal A. La cita ser\u00e1 desde las 20 horas en el Centro Recreativo Lusitano (Felipe Boero 505, Bel\u00e9n de Escobar).<\/p>\n\n\n\n<!--more-->\n\n\n\n<p>Abierto a toda la comunidad, este encuentro celebrar\u00e1 los primeros 13 a\u00f1os de vida (fue fundado el 20 de febrero de 2013) y servir\u00e1 tambi\u00e9n para recaudar fondos que ser\u00e1n destinados \u00edntegramente a las obras y proyectos de crecimiento de la instituci\u00f3n.<\/p>\n\n\n\n<p>La noche promete emociones y sorpresas, en una agenda cargada de actividades para repasar la historia del club y proyectar su futuro. Habr\u00e1 reconocimientos y homenajes a las figuras clave que forjaron la identidad del club, as\u00ed como al cuerpo t\u00e9cnico y jugadores que se consagraron campeones invictos del Regional Amateur y consiguieron el ascenso al Federal A. Tambi\u00e9n habr\u00e1 bandas musicales en vivo, DJs y sorteos, en una oportunidad para fortalecer los lazos de la \u00abcomunidad fucsia\u00bb en un ambiente festivo y familiar.<\/p>\n\n\n\n<p>El valor del cubierto se fij\u00f3 en $40.000. Desde la organizaci\u00f3n invitan a todos aquellos que deseen colaborar con el club y disfrutar de una noche inolvidable a reservar su lugar con anticipaci\u00f3n, dado que los cupos son limitados. Las entradas se gestionan por WhatsApp con un mensaje escrito al n\u00famero oficial del club: 11-3000-0778.<\/p>\n\n\n\n<p>\u00abEste aniversario nos encuentra con m\u00e1s ganas que nunca de seguir so\u00f1ando juntos. Queremos que cada vecino de Escobar se sienta parte de este club que no para de crecer\u00bb, expres\u00f3 Mario \u201cTano\u201d Stampone, alma mater de la instituci\u00f3n.<\/p>\n","protected":false},"excerpt":{"rendered":"<p>El viernes 27 de marzo, Atl\u00e9tico Escobar celebrar\u00e1 un nuevo aniversario de su fundaci\u00f3n con un evento que promete reunir a toda la familia del [&hellip;]<\/p>\n","protected":false},"author":1,"featured_media":20249,"comment_status":"open","ping_status":"open","sticky":false,"template":"","format":"standard","meta":{"footnotes":""},"categories":[8],"tags":[],"class_list":["post-20248","post","type-post","status-publish","format-standard","has-post-thumbnail","hentry","category-deportes"],"better_featured_image":{"id":20249,"alt_text":"","caption":"","description":"","media_type":"image","media_details":{"width":1206,"height":789,"file":"2026\/03\/WhatsApp-Image-2026-03-13-at-5.40.11-PM.jpeg","filesize":178346,"sizes":{"medium":{"file":"WhatsApp-Image-2026-03-13-at-5.40.11-PM-300x196.jpeg","width":300,"height":196,"mime-type":"image\/jpeg","filesize":19288,"source_url":"https:\/\/nuevodigitaldeescobar.com.ar\/wp-content\/uploads\/2026\/03\/WhatsApp-Image-2026-03-13-at-5.40.11-PM-300x196.jpeg"},"large":{"file":"WhatsApp-Image-2026-03-13-at-5.40.11-PM-1024x670.jpeg","width":1024,"height":670,"mime-type":"image\/jpeg","filesize":140866,"source_url":"https:\/\/nuevodigitaldeescobar.com.ar\/wp-content\/uploads\/2026\/03\/WhatsApp-Image-2026-03-13-at-5.40.11-PM-1024x670.jpeg"},"thumbnail":{"file":"WhatsApp-Image-2026-03-13-at-5.40.11-PM-150x150.jpeg","width":150,"height":150,"mime-type":"image\/jpeg","filesize":8132,"source_url":"https:\/\/nuevodigitaldeescobar.com.ar\/wp-content\/uploads\/2026\/03\/WhatsApp-Image-2026-03-13-at-5.40.11-PM-150x150.jpeg"},"medium_large":{"file":"WhatsApp-Image-2026-03-13-at-5.40.11-PM-768x502.jpeg","width":768,"height":502,"mime-type":"image\/jpeg","filesize":90819,"source_url":"https:\/\/nuevodigitaldeescobar.com.ar\/wp-content\/uploads\/2026\/03\/WhatsApp-Image-2026-03-13-at-5.40.11-PM-768x502.jpeg"}},"image_meta":{"aperture":"0","credit":"","camera":"","caption":"","created_timestamp":"0","copyright":"","focal_length":"0","iso":"0","shutter_speed":"0","title":"","orientation":"0","keywords":[]}},"post":20248,"source_url":"https:\/\/nuevodigitaldeescobar.com.ar\/wp-content\/uploads\/2026\/03\/WhatsApp-Image-2026-03-13-at-5.40.11-PM.jpeg"},"yoast_head":"<!-- This site is optimized with the Yoast SEO plugin v26.1.1 - https:\/\/yoast.com\/wordpress\/plugins\/seo\/ -->\n<title>Atl\u00e9tico Escobar celebra su aniversario con una gran cena solidaria - Nuevo Digital de Escobar<\/title>\n<meta name=\"description\" content=\"El viernes 27 de marzo, Atl\u00e9tico Escobar celebrar\u00e1 un nuevo aniversario de su fundaci\u00f3n con un evento que promete reunir a toda la familia del reci\u00e9n ascendido al Federal A.\" \/>\n<meta name=\"robots\" content=\"index, follow, max-snippet:-1, max-image-preview:large, max-video-preview:-1\" \/>\n<link rel=\"canonical\" href=\"https:\/\/nuevodigitaldeescobar.com.ar\/?p=20248\" \/>\n<meta property=\"og:locale\" content=\"es_ES\" \/>\n<meta property=\"og:type\" content=\"article\" \/>\n<meta property=\"og:title\" content=\"Atl\u00e9tico Escobar celebra su aniversario con una gran cena solidaria\" \/>\n<meta property=\"og:description\" content=\"El viernes 27 de marzo, Atl\u00e9tico Escobar celebrar\u00e1 un nuevo aniversario de su fundaci\u00f3n con un evento que promete reunir a toda la familia del reci\u00e9n ascendido al Federal A.\" \/>\n<meta property=\"og:url\" content=\"https:\/\/nuevodigitaldeescobar.com.ar\/?p=20248\" \/>\n<meta property=\"og:site_name\" content=\"Nuevo Digital de Escobar\" \/>\n<meta property=\"article:publisher\" content=\"https:\/\/www.facebook.com\/NUEVODigitalDeEscobar\" \/>\n<meta property=\"article:published_time\" content=\"2026-03-14T07:48:00+00:00\" \/>\n<meta property=\"og:image\" content=\"https:\/\/nuevodigitaldeescobar.com.ar\/wp-content\/uploads\/2026\/03\/WhatsApp-Image-2026-03-13-at-5.40.11-PM.jpeg\" \/>\n\t<meta property=\"og:image:width\" content=\"1206\" \/>\n\t<meta property=\"og:image:height\" content=\"789\" \/>\n\t<meta property=\"og:image:type\" content=\"image\/jpeg\" \/>\n<meta name=\"author\" content=\"Redacci\u00f3n\" \/>\n<meta name=\"twitter:card\" content=\"summary_large_image\" \/>\n<meta name=\"twitter:creator\" content=\"@nuevodigescobar\" \/>\n<meta name=\"twitter:site\" content=\"@nuevodigescobar\" \/>\n<meta name=\"twitter:label1\" content=\"Escrito por\" \/>\n\t<meta name=\"twitter:data1\" content=\"Redacci\u00f3n\" \/>\n\t<meta name=\"twitter:label2\" content=\"Tiempo de lectura\" \/>\n\t<meta name=\"twitter:data2\" content=\"2 minutos\" \/>\n<script type=\"application\/ld+json\" class=\"yoast-schema-graph\">{\"@context\":\"https:\/\/schema.org\",\"@graph\":[{\"@type\":\"Article\",\"@id\":\"https:\/\/nuevodigitaldeescobar.com.ar\/?p=20248#article\",\"isPartOf\":{\"@id\":\"https:\/\/nuevodigitaldeescobar.com.ar\/?p=20248\"},\"author\":{\"name\":\"Redacci\u00f3n\",\"@id\":\"https:\/\/nuevodigitaldeescobar.com.ar\/#\/schema\/person\/035e90a8efe9a80e6eec22656ad6ea4c\"},\"headline\":\"Atl\u00e9tico Escobar celebra su aniversario con una gran cena solidaria\",\"datePublished\":\"2026-03-14T07:48:00+00:00\",\"mainEntityOfPage\":{\"@id\":\"https:\/\/nuevodigitaldeescobar.com.ar\/?p=20248\"},\"wordCount\":289,\"commentCount\":0,\"publisher\":{\"@id\":\"https:\/\/nuevodigitaldeescobar.com.ar\/#organization\"},\"image\":{\"@id\":\"https:\/\/nuevodigitaldeescobar.com.ar\/?p=20248#primaryimage\"},\"thumbnailUrl\":\"https:\/\/nuevodigitaldeescobar.com.ar\/wp-content\/uploads\/2026\/03\/WhatsApp-Image-2026-03-13-at-5.40.11-PM.jpeg\",\"articleSection\":[\"Deportes\"],\"inLanguage\":\"es\",\"potentialAction\":[{\"@type\":\"CommentAction\",\"name\":\"Comment\",\"target\":[\"https:\/\/nuevodigitaldeescobar.com.ar\/?p=20248#respond\"]}]},{\"@type\":\"WebPage\",\"@id\":\"https:\/\/nuevodigitaldeescobar.com.ar\/?p=20248\",\"url\":\"https:\/\/nuevodigitaldeescobar.com.ar\/?p=20248\",\"name\":\"Atl\u00e9tico Escobar celebra su aniversario con una gran cena solidaria - Nuevo Digital de Escobar\",\"isPartOf\":{\"@id\":\"https:\/\/nuevodigitaldeescobar.com.ar\/#website\"},\"primaryImageOfPage\":{\"@id\":\"https:\/\/nuevodigitaldeescobar.com.ar\/?p=20248#primaryimage\"},\"image\":{\"@id\":\"https:\/\/nuevodigitaldeescobar.com.ar\/?p=20248#primaryimage\"},\"thumbnailUrl\":\"https:\/\/nuevodigitaldeescobar.com.ar\/wp-content\/uploads\/2026\/03\/WhatsApp-Image-2026-03-13-at-5.40.11-PM.jpeg\",\"datePublished\":\"2026-03-14T07:48:00+00:00\",\"description\":\"El viernes 27 de marzo, Atl\u00e9tico Escobar celebrar\u00e1 un nuevo aniversario de su fundaci\u00f3n con un evento que promete reunir a toda la familia del reci\u00e9n ascendido al Federal A.\",\"breadcrumb\":{\"@id\":\"https:\/\/nuevodigitaldeescobar.com.ar\/?p=20248#breadcrumb\"},\"inLanguage\":\"es\",\"potentialAction\":[{\"@type\":\"ReadAction\",\"target\":[\"https:\/\/nuevodigitaldeescobar.com.ar\/?p=20248\"]}]},{\"@type\":\"ImageObject\",\"inLanguage\":\"es\",\"@id\":\"https:\/\/nuevodigitaldeescobar.com.ar\/?p=20248#primaryimage\",\"url\":\"https:\/\/nuevodigitaldeescobar.com.ar\/wp-content\/uploads\/2026\/03\/WhatsApp-Image-2026-03-13-at-5.40.11-PM.jpeg\",\"contentUrl\":\"https:\/\/nuevodigitaldeescobar.com.ar\/wp-content\/uploads\/2026\/03\/WhatsApp-Image-2026-03-13-at-5.40.11-PM.jpeg\",\"width\":1206,\"height\":789},{\"@type\":\"BreadcrumbList\",\"@id\":\"https:\/\/nuevodigitaldeescobar.com.ar\/?p=20248#breadcrumb\",\"itemListElement\":[{\"@type\":\"ListItem\",\"position\":1,\"name\":\"Portada\",\"item\":\"https:\/\/nuevodigitaldeescobar.com.ar\/\"},{\"@type\":\"ListItem\",\"position\":2,\"name\":\"Atl\u00e9tico Escobar celebra su aniversario con una gran cena solidaria\"}]},{\"@type\":\"WebSite\",\"@id\":\"https:\/\/nuevodigitaldeescobar.com.ar\/#website\",\"url\":\"https:\/\/nuevodigitaldeescobar.com.ar\/\",\"name\":\"Nuevo Digital de Escobar\",\"description\":\"La vida escobarense. Directora: Rosana Brunner\",\"publisher\":{\"@id\":\"https:\/\/nuevodigitaldeescobar.com.ar\/#organization\"},\"potentialAction\":[{\"@type\":\"SearchAction\",\"target\":{\"@type\":\"EntryPoint\",\"urlTemplate\":\"https:\/\/nuevodigitaldeescobar.com.ar\/?s={search_term_string}\"},\"query-input\":{\"@type\":\"PropertyValueSpecification\",\"valueRequired\":true,\"valueName\":\"search_term_string\"}}],\"inLanguage\":\"es\"},{\"@type\":\"Organization\",\"@id\":\"https:\/\/nuevodigitaldeescobar.com.ar\/#organization\",\"name\":\"Nuevo Digital de Escobar\",\"url\":\"https:\/\/nuevodigitaldeescobar.com.ar\/\",\"logo\":{\"@type\":\"ImageObject\",\"inLanguage\":\"es\",\"@id\":\"https:\/\/nuevodigitaldeescobar.com.ar\/#\/schema\/logo\/image\/\",\"url\":\"https:\/\/nuevodigitaldeescobar.com.ar\/wp-content\/uploads\/2025\/05\/cropped-logo-nuevo2.jpg\",\"contentUrl\":\"https:\/\/nuevodigitaldeescobar.com.ar\/wp-content\/uploads\/2025\/05\/cropped-logo-nuevo2.jpg\",\"width\":305,\"height\":305,\"caption\":\"Nuevo Digital de Escobar\"},\"image\":{\"@id\":\"https:\/\/nuevodigitaldeescobar.com.ar\/#\/schema\/logo\/image\/\"},\"sameAs\":[\"https:\/\/www.facebook.com\/NUEVODigitalDeEscobar\",\"https:\/\/x.com\/nuevodigescobar\",\"https:\/\/www.instagram.com\/nuevodigitaldeescobar\"]},{\"@type\":\"Person\",\"@id\":\"https:\/\/nuevodigitaldeescobar.com.ar\/#\/schema\/person\/035e90a8efe9a80e6eec22656ad6ea4c\",\"name\":\"Redacci\u00f3n\",\"image\":{\"@type\":\"ImageObject\",\"inLanguage\":\"es\",\"@id\":\"https:\/\/nuevodigitaldeescobar.com.ar\/#\/schema\/person\/image\/\",\"url\":\"https:\/\/secure.gravatar.com\/avatar\/8af8f40000c24e9eef3034f2be5998a372bb1389e64b1a4a36b3a7979142220d?s=96&d=mm&r=g\",\"contentUrl\":\"https:\/\/secure.gravatar.com\/avatar\/8af8f40000c24e9eef3034f2be5998a372bb1389e64b1a4a36b3a7979142220d?s=96&d=mm&r=g\",\"caption\":\"Redacci\u00f3n\"},\"sameAs\":[\"http:\/\/nuevodigitaldeescobar.com.ar\"],\"url\":\"https:\/\/nuevodigitaldeescobar.com.ar\/?author=1\"}]}<\/script>\n<!-- \/ Yoast SEO plugin. -->","yoast_head_json":{"title":"Atl\u00e9tico Escobar celebra su aniversario con una gran cena solidaria - Nuevo Digital de Escobar","description":"El viernes 27 de marzo, Atl\u00e9tico Escobar celebrar\u00e1 un nuevo aniversario de su fundaci\u00f3n con un evento que promete reunir a toda la familia del reci\u00e9n ascendido al Federal A.","robots":{"index":"index","follow":"follow","max-snippet":"max-snippet:-1","max-image-preview":"max-image-preview:large","max-video-preview":"max-video-preview:-1"},"canonical":"https:\/\/nuevodigitaldeescobar.com.ar\/?p=20248","og_locale":"es_ES","og_type":"article","og_title":"Atl\u00e9tico Escobar celebra su aniversario con una gran cena solidaria","og_description":"El viernes 27 de marzo, Atl\u00e9tico Escobar celebrar\u00e1 un nuevo aniversario de su fundaci\u00f3n con un evento que promete reunir a toda la familia del reci\u00e9n ascendido al Federal A.","og_url":"https:\/\/nuevodigitaldeescobar.com.ar\/?p=20248","og_site_name":"Nuevo Digital de Escobar","article_publisher":"https:\/\/www.facebook.com\/NUEVODigitalDeEscobar","article_published_time":"2026-03-14T07:48:00+00:00","og_image":[{"width":1206,"height":789,"url":"https:\/\/nuevodigitaldeescobar.com.ar\/wp-content\/uploads\/2026\/03\/WhatsApp-Image-2026-03-13-at-5.40.11-PM.jpeg","type":"image\/jpeg"}],"author":"Redacci\u00f3n","twitter_card":"summary_large_image","twitter_creator":"@nuevodigescobar","twitter_site":"@nuevodigescobar","twitter_misc":{"Escrito por":"Redacci\u00f3n","Tiempo de lectura":"2 minutos"},"schema":{"@context":"https:\/\/schema.org","@graph":[{"@type":"Article","@id":"https:\/\/nuevodigitaldeescobar.com.ar\/?p=20248#article","isPartOf":{"@id":"https:\/\/nuevodigitaldeescobar.com.ar\/?p=20248"},"author":{"name":"Redacci\u00f3n","@id":"https:\/\/nuevodigitaldeescobar.com.ar\/#\/schema\/person\/035e90a8efe9a80e6eec22656ad6ea4c"},"headline":"Atl\u00e9tico Escobar celebra su aniversario con una gran cena solidaria","datePublished":"2026-03-14T07:48:00+00:00","mainEntityOfPage":{"@id":"https:\/\/nuevodigitaldeescobar.com.ar\/?p=20248"},"wordCount":289,"commentCount":0,"publisher":{"@id":"https:\/\/nuevodigitaldeescobar.com.ar\/#organization"},"image":{"@id":"https:\/\/nuevodigitaldeescobar.com.ar\/?p=20248#primaryimage"},"thumbnailUrl":"https:\/\/nuevodigitaldeescobar.com.ar\/wp-content\/uploads\/2026\/03\/WhatsApp-Image-2026-03-13-at-5.40.11-PM.jpeg","articleSection":["Deportes"],"inLanguage":"es","potentialAction":[{"@type":"CommentAction","name":"Comment","target":["https:\/\/nuevodigitaldeescobar.com.ar\/?p=20248#respond"]}]},{"@type":"WebPage","@id":"https:\/\/nuevodigitaldeescobar.com.ar\/?p=20248","url":"https:\/\/nuevodigitaldeescobar.com.ar\/?p=20248","name":"Atl\u00e9tico Escobar celebra su aniversario con una gran cena solidaria - Nuevo Digital de Escobar","isPartOf":{"@id":"https:\/\/nuevodigitaldeescobar.com.ar\/#website"},"primaryImageOfPage":{"@id":"https:\/\/nuevodigitaldeescobar.com.ar\/?p=20248#primaryimage"},"image":{"@id":"https:\/\/nuevodigitaldeescobar.com.ar\/?p=20248#primaryimage"},"thumbnailUrl":"https:\/\/nuevodigitaldeescobar.com.ar\/wp-content\/uploads\/2026\/03\/WhatsApp-Image-2026-03-13-at-5.40.11-PM.jpeg","datePublished":"2026-03-14T07:48:00+00:00","description":"El viernes 27 de marzo, Atl\u00e9tico Escobar celebrar\u00e1 un nuevo aniversario de su fundaci\u00f3n con un evento que promete reunir a toda la familia del reci\u00e9n ascendido al Federal A.","breadcrumb":{"@id":"https:\/\/nuevodigitaldeescobar.com.ar\/?p=20248#breadcrumb"},"inLanguage":"es","potentialAction":[{"@type":"ReadAction","target":["https:\/\/nuevodigitaldeescobar.com.ar\/?p=20248"]}]},{"@type":"ImageObject","inLanguage":"es","@id":"https:\/\/nuevodigitaldeescobar.com.ar\/?p=20248#primaryimage","url":"https:\/\/nuevodigitaldeescobar.com.ar\/wp-content\/uploads\/2026\/03\/WhatsApp-Image-2026-03-13-at-5.40.11-PM.jpeg","contentUrl":"https:\/\/nuevodigitaldeescobar.com.ar\/wp-content\/uploads\/2026\/03\/WhatsApp-Image-2026-03-13-at-5.40.11-PM.jpeg","width":1206,"height":789},{"@type":"BreadcrumbList","@id":"https:\/\/nuevodigitaldeescobar.com.ar\/?p=20248#breadcrumb","itemListElement":[{"@type":"ListItem","position":1,"name":"Portada","item":"https:\/\/nuevodigitaldeescobar.com.ar\/"},{"@type":"ListItem","position":2,"name":"Atl\u00e9tico Escobar celebra su aniversario con una gran cena solidaria"}]},{"@type":"WebSite","@id":"https:\/\/nuevodigitaldeescobar.com.ar\/#website","url":"https:\/\/nuevodigitaldeescobar.com.ar\/","name":"Nuevo Digital de Escobar","description":"La vida escobarense. Directora: Rosana Brunner","publisher":{"@id":"https:\/\/nuevodigitaldeescobar.com.ar\/#organization"},"potentialAction":[{"@type":"SearchAction","target":{"@type":"EntryPoint","urlTemplate":"https:\/\/nuevodigitaldeescobar.com.ar\/?s={search_term_string}"},"query-input":{"@type":"PropertyValueSpecification","valueRequired":true,"valueName":"search_term_string"}}],"inLanguage":"es"},{"@type":"Organization","@id":"https:\/\/nuevodigitaldeescobar.com.ar\/#organization","name":"Nuevo Digital de Escobar","url":"https:\/\/nuevodigitaldeescobar.com.ar\/","logo":{"@type":"ImageObject","inLanguage":"es","@id":"https:\/\/nuevodigitaldeescobar.com.ar\/#\/schema\/logo\/image\/","url":"https:\/\/nuevodigitaldeescobar.com.ar\/wp-content\/uploads\/2025\/05\/cropped-logo-nuevo2.jpg","contentUrl":"https:\/\/nuevodigitaldeescobar.com.ar\/wp-content\/uploads\/2025\/05\/cropped-logo-nuevo2.jpg","width":305,"height":305,"caption":"Nuevo Digital de Escobar"},"image":{"@id":"https:\/\/nuevodigitaldeescobar.com.ar\/#\/schema\/logo\/image\/"},"sameAs":["https:\/\/www.facebook.com\/NUEVODigitalDeEscobar","https:\/\/x.com\/nuevodigescobar","https:\/\/www.instagram.com\/nuevodigitaldeescobar"]},{"@type":"Person","@id":"https:\/\/nuevodigitaldeescobar.com.ar\/#\/schema\/person\/035e90a8efe9a80e6eec22656ad6ea4c","name":"Redacci\u00f3n","image":{"@type":"ImageObject","inLanguage":"es","@id":"https:\/\/nuevodigitaldeescobar.com.ar\/#\/schema\/person\/image\/","url":"https:\/\/secure.gravatar.com\/avatar\/8af8f40000c24e9eef3034f2be5998a372bb1389e64b1a4a36b3a7979142220d?s=96&d=mm&r=g","contentUrl":"https:\/\/secure.gravatar.com\/avatar\/8af8f40000c24e9eef3034f2be5998a372bb1389e64b1a4a36b3a7979142220d?s=96&d=mm&r=g","caption":"Redacci\u00f3n"},"sameAs":["http:\/\/nuevodigitaldeescobar.com.ar"],"url":"https:\/\/nuevodigitaldeescobar.com.ar\/?author=1"}]}},"featured_image_urls":{"full":["https:\/\/nuevodigitaldeescobar.com.ar\/wp-content\/uploads\/2026\/03\/WhatsApp-Image-2026-03-13-at-5.40.11-PM.jpeg",1206,789,false],"thumbnail":["https:\/\/nuevodigitaldeescobar.com.ar\/wp-content\/uploads\/2026\/03\/WhatsApp-Image-2026-03-13-at-5.40.11-PM-150x150.jpeg",150,150,true],"medium":["https:\/\/nuevodigitaldeescobar.com.ar\/wp-content\/uploads\/2026\/03\/WhatsApp-Image-2026-03-13-at-5.40.11-PM-300x196.jpeg",300,196,true],"medium_large":["https:\/\/nuevodigitaldeescobar.com.ar\/wp-content\/uploads\/2026\/03\/WhatsApp-Image-2026-03-13-at-5.40.11-PM-768x502.jpeg",640,418,true],"large":["https:\/\/nuevodigitaldeescobar.com.ar\/wp-content\/uploads\/2026\/03\/WhatsApp-Image-2026-03-13-at-5.40.11-PM-1024x670.jpeg",640,419,true],"1536x1536":["https:\/\/nuevodigitaldeescobar.com.ar\/wp-content\/uploads\/2026\/03\/WhatsApp-Image-2026-03-13-at-5.40.11-PM.jpeg",1206,789,false],"2048x2048":["https:\/\/nuevodigitaldeescobar.com.ar\/wp-content\/uploads\/2026\/03\/WhatsApp-Image-2026-03-13-at-5.40.11-PM.jpeg",1206,789,false]},"author_info":{"display_name":"Redacci\u00f3n","author_link":"https:\/\/nuevodigitaldeescobar.com.ar\/?author=1"},"category_info":"<a href=\"https:\/\/nuevodigitaldeescobar.com.ar\/?cat=8\" rel=\"category\">Deportes<\/a>","tag_info":"Deportes","comment_count":"0","_links":{"self":[{"href":"https:\/\/nuevodigitaldeescobar.com.ar\/index.php?rest_route=\/wp\/v2\/posts\/20248","targetHints":{"allow":["GET"]}}],"collection":[{"href":"https:\/\/nuevodigitaldeescobar.com.ar\/index.php?rest_route=\/wp\/v2\/posts"}],"about":[{"href":"https:\/\/nuevodigitaldeescobar.com.ar\/index.php?rest_route=\/wp\/v2\/types\/post"}],"author":[{"embeddable":true,"href":"https:\/\/nuevodigitaldeescobar.com.ar\/index.php?rest_route=\/wp\/v2\/users\/1"}],"replies":[{"embeddable":true,"href":"https:\/\/nuevodigitaldeescobar.com.ar\/index.php?rest_route=%2Fwp%2Fv2%2Fcomments&post=20248"}],"version-history":[{"count":1,"href":"https:\/\/nuevodigitaldeescobar.com.ar\/index.php?rest_route=\/wp\/v2\/posts\/20248\/revisions"}],"predecessor-version":[{"id":20250,"href":"https:\/\/nuevodigitaldeescobar.com.ar\/index.php?rest_route=\/wp\/v2\/posts\/20248\/revisions\/20250"}],"wp:featuredmedia":[{"embeddable":true,"href":"https:\/\/nuevodigitaldeescobar.com.ar\/index.php?rest_route=\/wp\/v2\/media\/20249"}],"wp:attachment":[{"href":"https:\/\/nuevodigitaldeescobar.com.ar\/index.php?rest_route=%2Fwp%2Fv2%2Fmedia&parent=20248"}],"wp:term":[{"taxonomy":"category","embeddable":true,"href":"https:\/\/nuevodigitaldeescobar.com.ar\/index.php?rest_route=%2Fwp%2Fv2%2Fcategories&post=20248"},{"taxonomy":"post_tag","embeddable":true,"href":"https:\/\/nuevodigitaldeescobar.com.ar\/index.php?rest_route=%2Fwp%2Fv2%2Ftags&post=20248"}],"curies":[{"name":"wp","href":"https:\/\/api.w.org\/{rel}","templated":true}]}}