{"id":2025,"date":"2023-12-21T18:29:20","date_gmt":"2023-12-21T21:29:20","guid":{"rendered":"https:\/\/nuevodigitaldeescobar.com.ar\/?p=2025"},"modified":"2023-12-21T18:29:24","modified_gmt":"2023-12-21T21:29:24","slug":"cambios-en-la-salud-privada-los-aportes-de-los-afiliados-a-las-prepagas-ya-no-tendran-que-pasar-por-las-obras-sociales-sindicales","status":"publish","type":"post","link":"https:\/\/nuevodigitaldeescobar.com.ar\/?p=2025","title":{"rendered":"Cambios en la salud privada: los aportes de los afiliados a las prepagas ya no tendr\u00e1n que pasar por las obras sociales sindicales"},"content":{"rendered":"<p><span style=\"color: #003366;\"><strong><em>Los detalles de qu\u00e9 cambiar\u00e1 en el marco regulatorio de la medicina prepaga, que ya no tendr\u00e1 restricciones de precios, y las obras sociales. Se podr\u00e1 usar receta electr\u00f3nica.<\/em><\/strong><\/span><\/p>\n<p><!--more--><\/p>\n<hr \/>\n<p>Durante su discurso en cadena nacional, el presidente de la Naci\u00f3n, Javier Milei, anunci\u00f3 varias medidas referentes al sistema de salud. Ahora, con el DNU en mano, se puede conocer la letra chica de las modificaciones y entender qu\u00e9 cambiar\u00e1 realmente en la medicina nacional.<\/p>\n<h3><span style=\"color: #003366;\"><strong>Las medidas para el sector son:<\/strong><\/span><\/h3>\n<ul>\n<li>Modificaci\u00f3n al marco regulatorio de la medicina prepaga y las obras sociales.<\/li>\n<li>Eliminaci\u00f3n de las restricciones de precios a la industria prepaga.<\/li>\n<li>Incorporaci\u00f3n de las empresas de medicina prepaga al r\u00e9gimen de obras sociales. Es importante este punto ya que cada afiliado podr\u00e1 decidir a qu\u00e9 empresa van la totalidad de sus aportes, sin pasar por una obra social sindical. Hasta el momento, los usuarios de las prepagas derivaban sus aportes a una obra social sindical, que se quedaba con un porcentaje antes de girar los fondos a la prepaga. Esa intermediaci\u00f3n no existir\u00e1 m\u00e1s.<\/li>\n<li>Establecimiento de la receta electr\u00f3nica para agilizar el servicio y minimizar costos.<\/li>\n<li>Modificaciones al r\u00e9gimen de empresas farmac\u00e9uticas para fomentar la competencia y reducir costos.<\/li>\n<\/ul>\n<p>Para explicarlo, es importante comprender primero cu\u00e1les son los objetivos perseguidos por el Estado nacional. El DNU aclara que, frente a la crisis del sistema de salud es imperativo lograr reducciones contundentes en los costos de las prestaciones, lo que en definitiva <em>\u201credundar\u00e1 en un beneficio directo para la poblaci\u00f3n en general<\/em>\u201d.<\/p>\n<p>Asimismo, el decreto indica que, con el objetivo de aumentar la competitividad del mercado debe reformularse la ley de medicamentos y recetas, migrando a la receta electr\u00f3nica, a los fines de lograr una mayor agilidad de la industria y minimizar costos.<\/p>\n<p>Otro objetivo, advierte la normativa, es disminuir el costo de los medicamentos, facilitar su uso y acceso, as\u00ed como para lograr un mejor desarrollo de la actividad farmac\u00e9utica.<\/p>\n<p>Asimismo, el texto sostiene que, para aumentar la competitividad del sistema, se deben liberar las restricciones de precios al sistema de medicina prepaga.<\/p>\n<h3><span style=\"color: #003366;\"><strong>Qu\u00e9 se modifica<\/strong><\/span><\/h3>\n<p>Repasados los objetivos, es hora de analizar punto por punto qu\u00e9 cambiar\u00e1 en el sistema de salud nacional. Entre los art\u00edculos 267 y 269 el Gobierno introduce una serie de cambios en el marco regulatorio de la medicina prepaga.<\/p>\n<p>En primer lugar, elimina varios puntos de la Ley original. En concreto, estipula que la autoridad de aplicaci\u00f3n ya no estar\u00e1 a cargo de autorizar ni revisar los valores de las cuotas de la medicina prepaga. Tampoco deber\u00e1 transferir a los afiliados de una empresa a otra en caso de que la primera quiebre.<\/p>\n<p>Asimismo, el DNU elimina la Comisi\u00f3n Permanente que se hac\u00eda cargo de esas regulaciones y el Consejo Permanente de Concertaci\u00f3n.<\/p>\n<p>En otro punto, el decreto determina que la autoridad de aplicaci\u00f3n ya no podr\u00e1 fijar los aranceles m\u00ednimos obligatorios ni regular los modelos de contrato.<\/p>\n<p>La \u00fanica regulaci\u00f3n que se incorpora para las empresas de medicina prepaga es que <em>\u201cpodr\u00e1n establecer precios diferenciales para los planes prestacionales, al momento de su contrataci\u00f3n, seg\u00fan franjas etarias con una variaci\u00f3n m\u00e1xima de tres veces entre el precio de la primera y la \u00faltima franja etaria\u201d<\/em>.<\/p>\n<h3><span style=\"color: #003366;\"><strong>Los cambios en las obras sociales<\/strong><\/span><\/h3>\n<p>Hay varios cambios importantes en el r\u00e9gimen de obras sociales. El primero es probablemente el m\u00e1s importante. Como se mencion\u00f3 anteriormente, se incorpora a las empresas de medicina prepaga al r\u00e9gimen de obras sociales. Esto implica que los afiliados ahora podr\u00e1n decidir a qu\u00e9 empresa van la totalidad de sus aportes, sin pasar por una obra social sindical.<\/p>\n<p>Adem\u00e1s, el DNU privatiza las obras sociales de la administraci\u00f3n central del Estado Nacional, las pertenecientes a las empresas y sociedades del Estado.<\/p>\n<p>Por \u00faltimo, vale mencionar que las empresas ya no tendr\u00e1n que presentar la documentaci\u00f3n requerida (prestaciones, gastos, balances) a la Administraci\u00f3n Nacional del Seguro de la Salud (Anssal), sino que lo har\u00e1n ante la Superintendencia de Servicios de la Salud (SSS). Las compa\u00f1\u00edas tampoco tendr\u00e1n que financiar la Ansaal y tendr\u00e1n que inscribirse obligatoriamente en la SSS.<\/p>\n<p><em>(Infobae)<\/em><\/p>\n","protected":false},"excerpt":{"rendered":"<p>Los detalles de qu\u00e9 cambiar\u00e1 en el marco regulatorio de la medicina prepaga, que ya no tendr\u00e1 restricciones de precios, y las obras sociales. Se [&hellip;]<\/p>\n","protected":false},"author":1,"featured_media":1035,"comment_status":"open","ping_status":"closed","sticky":false,"template":"","format":"standard","meta":{"footnotes":""},"categories":[7,3],"tags":[],"class_list":["post-2025","post","type-post","status-publish","format-standard","has-post-thumbnail","hentry","category-interes-general","category-nutricion"],"better_featured_image":{"id":1035,"alt_text":"","caption":"","description":"","media_type":"image","media_details":{"width":720,"height":398,"file":"2023\/11\/cancer-de-colon-medico-paciente.jpg","filesize":42474,"sizes":{"medium":{"file":"cancer-de-colon-medico-paciente-300x166.jpg","width":300,"height":166,"mime-type":"image\/jpeg","filesize":13612,"source_url":"https:\/\/nuevodigitaldeescobar.com.ar\/wp-content\/uploads\/2023\/11\/cancer-de-colon-medico-paciente-300x166.jpg"},"thumbnail":{"file":"cancer-de-colon-medico-paciente-150x150.jpg","width":150,"height":150,"mime-type":"image\/jpeg","filesize":8584,"source_url":"https:\/\/nuevodigitaldeescobar.com.ar\/wp-content\/uploads\/2023\/11\/cancer-de-colon-medico-paciente-150x150.jpg"},"covernews-medium":{"file":"cancer-de-colon-medico-paciente-540x340.jpg","width":540,"height":340,"mime-type":"image\/jpeg","filesize":31031,"source_url":"https:\/\/nuevodigitaldeescobar.com.ar\/wp-content\/uploads\/2023\/11\/cancer-de-colon-medico-paciente-540x340.jpg"},"covernews-medium-square":{"file":"cancer-de-colon-medico-paciente-400x250.jpg","width":400,"height":250,"mime-type":"image\/jpeg","filesize":20754,"source_url":"https:\/\/nuevodigitaldeescobar.com.ar\/wp-content\/uploads\/2023\/11\/cancer-de-colon-medico-paciente-400x250.jpg"}},"image_meta":{"aperture":"0","credit":"","camera":"","caption":"","created_timestamp":"0","copyright":"","focal_length":"0","iso":"0","shutter_speed":"0","title":"","orientation":"0","keywords":[]}},"post":1032,"source_url":"https:\/\/nuevodigitaldeescobar.com.ar\/wp-content\/uploads\/2023\/11\/cancer-de-colon-medico-paciente.jpg"},"yoast_head":"<!-- This site is optimized with the Yoast SEO plugin v26.1.1 - https:\/\/yoast.com\/wordpress\/plugins\/seo\/ -->\n<title>Cambios en la salud privada: los aportes de los afiliados a las prepagas ya no tendr\u00e1n que pasar por las obras sociales sindicales - Nuevo Digital de Escobar<\/title>\n<meta name=\"robots\" content=\"index, follow, max-snippet:-1, max-image-preview:large, max-video-preview:-1\" \/>\n<link rel=\"canonical\" href=\"https:\/\/nuevodigitaldeescobar.com.ar\/?p=2025\" \/>\n<meta property=\"og:locale\" content=\"es_ES\" \/>\n<meta property=\"og:type\" content=\"article\" \/>\n<meta property=\"og:title\" content=\"Cambios en la salud privada: los aportes de los afiliados a las prepagas ya no tendr\u00e1n que pasar por las obras sociales sindicales - Nuevo Digital de Escobar\" \/>\n<meta property=\"og:description\" content=\"Los detalles de qu\u00e9 cambiar\u00e1 en el marco regulatorio de la medicina prepaga, que ya no tendr\u00e1 restricciones de precios, y las obras sociales. Se [&hellip;]\" \/>\n<meta property=\"og:url\" content=\"https:\/\/nuevodigitaldeescobar.com.ar\/?p=2025\" \/>\n<meta property=\"og:site_name\" content=\"Nuevo Digital de Escobar\" \/>\n<meta property=\"article:publisher\" content=\"https:\/\/www.facebook.com\/NUEVODigitalDeEscobar\" \/>\n<meta property=\"article:published_time\" content=\"2023-12-21T21:29:20+00:00\" \/>\n<meta property=\"article:modified_time\" content=\"2023-12-21T21:29:24+00:00\" \/>\n<meta property=\"og:image\" content=\"https:\/\/nuevodigitaldeescobar.com.ar\/wp-content\/uploads\/2023\/11\/cancer-de-colon-medico-paciente.jpg\" \/>\n\t<meta property=\"og:image:width\" content=\"720\" \/>\n\t<meta property=\"og:image:height\" content=\"398\" \/>\n\t<meta property=\"og:image:type\" content=\"image\/jpeg\" \/>\n<meta name=\"author\" content=\"Redacci\u00f3n\" \/>\n<meta name=\"twitter:card\" content=\"summary_large_image\" \/>\n<meta name=\"twitter:creator\" content=\"@nuevodigescobar\" \/>\n<meta name=\"twitter:site\" content=\"@nuevodigescobar\" \/>\n<meta name=\"twitter:label1\" content=\"Escrito por\" \/>\n\t<meta name=\"twitter:data1\" content=\"Redacci\u00f3n\" \/>\n\t<meta name=\"twitter:label2\" content=\"Tiempo de lectura\" \/>\n\t<meta name=\"twitter:data2\" content=\"4 minutos\" \/>\n<script type=\"application\/ld+json\" class=\"yoast-schema-graph\">{\"@context\":\"https:\/\/schema.org\",\"@graph\":[{\"@type\":\"Article\",\"@id\":\"https:\/\/nuevodigitaldeescobar.com.ar\/?p=2025#article\",\"isPartOf\":{\"@id\":\"https:\/\/nuevodigitaldeescobar.com.ar\/?p=2025\"},\"author\":{\"name\":\"Redacci\u00f3n\",\"@id\":\"https:\/\/nuevodigitaldeescobar.com.ar\/#\/schema\/person\/035e90a8efe9a80e6eec22656ad6ea4c\"},\"headline\":\"Cambios en la salud privada: los aportes de los afiliados a las prepagas ya no tendr\u00e1n que pasar por las obras sociales sindicales\",\"datePublished\":\"2023-12-21T21:29:20+00:00\",\"dateModified\":\"2023-12-21T21:29:24+00:00\",\"mainEntityOfPage\":{\"@id\":\"https:\/\/nuevodigitaldeescobar.com.ar\/?p=2025\"},\"wordCount\":741,\"commentCount\":0,\"publisher\":{\"@id\":\"https:\/\/nuevodigitaldeescobar.com.ar\/#organization\"},\"image\":{\"@id\":\"https:\/\/nuevodigitaldeescobar.com.ar\/?p=2025#primaryimage\"},\"thumbnailUrl\":\"https:\/\/nuevodigitaldeescobar.com.ar\/wp-content\/uploads\/2023\/11\/cancer-de-colon-medico-paciente.jpg\",\"articleSection\":[\"Inter\u00e9s general\",\"Salud y Nutrici\u00f3n\"],\"inLanguage\":\"es\",\"potentialAction\":[{\"@type\":\"CommentAction\",\"name\":\"Comment\",\"target\":[\"https:\/\/nuevodigitaldeescobar.com.ar\/?p=2025#respond\"]}]},{\"@type\":\"WebPage\",\"@id\":\"https:\/\/nuevodigitaldeescobar.com.ar\/?p=2025\",\"url\":\"https:\/\/nuevodigitaldeescobar.com.ar\/?p=2025\",\"name\":\"Cambios en la salud privada: los aportes de los afiliados a las prepagas ya no tendr\u00e1n que pasar por las obras sociales sindicales - Nuevo Digital de Escobar\",\"isPartOf\":{\"@id\":\"https:\/\/nuevodigitaldeescobar.com.ar\/#website\"},\"primaryImageOfPage\":{\"@id\":\"https:\/\/nuevodigitaldeescobar.com.ar\/?p=2025#primaryimage\"},\"image\":{\"@id\":\"https:\/\/nuevodigitaldeescobar.com.ar\/?p=2025#primaryimage\"},\"thumbnailUrl\":\"https:\/\/nuevodigitaldeescobar.com.ar\/wp-content\/uploads\/2023\/11\/cancer-de-colon-medico-paciente.jpg\",\"datePublished\":\"2023-12-21T21:29:20+00:00\",\"dateModified\":\"2023-12-21T21:29:24+00:00\",\"breadcrumb\":{\"@id\":\"https:\/\/nuevodigitaldeescobar.com.ar\/?p=2025#breadcrumb\"},\"inLanguage\":\"es\",\"potentialAction\":[{\"@type\":\"ReadAction\",\"target\":[\"https:\/\/nuevodigitaldeescobar.com.ar\/?p=2025\"]}]},{\"@type\":\"ImageObject\",\"inLanguage\":\"es\",\"@id\":\"https:\/\/nuevodigitaldeescobar.com.ar\/?p=2025#primaryimage\",\"url\":\"https:\/\/nuevodigitaldeescobar.com.ar\/wp-content\/uploads\/2023\/11\/cancer-de-colon-medico-paciente.jpg\",\"contentUrl\":\"https:\/\/nuevodigitaldeescobar.com.ar\/wp-content\/uploads\/2023\/11\/cancer-de-colon-medico-paciente.jpg\",\"width\":720,\"height\":398},{\"@type\":\"BreadcrumbList\",\"@id\":\"https:\/\/nuevodigitaldeescobar.com.ar\/?p=2025#breadcrumb\",\"itemListElement\":[{\"@type\":\"ListItem\",\"position\":1,\"name\":\"Portada\",\"item\":\"https:\/\/nuevodigitaldeescobar.com.ar\/\"},{\"@type\":\"ListItem\",\"position\":2,\"name\":\"Cambios en la salud privada: los aportes de los afiliados a las prepagas ya no tendr\u00e1n que pasar por las obras sociales sindicales\"}]},{\"@type\":\"WebSite\",\"@id\":\"https:\/\/nuevodigitaldeescobar.com.ar\/#website\",\"url\":\"https:\/\/nuevodigitaldeescobar.com.ar\/\",\"name\":\"Nuevo Digital de Escobar\",\"description\":\"La vida escobarense. Directora: Rosana Brunner\",\"publisher\":{\"@id\":\"https:\/\/nuevodigitaldeescobar.com.ar\/#organization\"},\"potentialAction\":[{\"@type\":\"SearchAction\",\"target\":{\"@type\":\"EntryPoint\",\"urlTemplate\":\"https:\/\/nuevodigitaldeescobar.com.ar\/?s={search_term_string}\"},\"query-input\":{\"@type\":\"PropertyValueSpecification\",\"valueRequired\":true,\"valueName\":\"search_term_string\"}}],\"inLanguage\":\"es\"},{\"@type\":\"Organization\",\"@id\":\"https:\/\/nuevodigitaldeescobar.com.ar\/#organization\",\"name\":\"Nuevo Digital de Escobar\",\"url\":\"https:\/\/nuevodigitaldeescobar.com.ar\/\",\"logo\":{\"@type\":\"ImageObject\",\"inLanguage\":\"es\",\"@id\":\"https:\/\/nuevodigitaldeescobar.com.ar\/#\/schema\/logo\/image\/\",\"url\":\"https:\/\/nuevodigitaldeescobar.com.ar\/wp-content\/uploads\/2025\/05\/cropped-logo-nuevo2.jpg\",\"contentUrl\":\"https:\/\/nuevodigitaldeescobar.com.ar\/wp-content\/uploads\/2025\/05\/cropped-logo-nuevo2.jpg\",\"width\":305,\"height\":305,\"caption\":\"Nuevo Digital de Escobar\"},\"image\":{\"@id\":\"https:\/\/nuevodigitaldeescobar.com.ar\/#\/schema\/logo\/image\/\"},\"sameAs\":[\"https:\/\/www.facebook.com\/NUEVODigitalDeEscobar\",\"https:\/\/x.com\/nuevodigescobar\",\"https:\/\/www.instagram.com\/nuevodigitaldeescobar\"]},{\"@type\":\"Person\",\"@id\":\"https:\/\/nuevodigitaldeescobar.com.ar\/#\/schema\/person\/035e90a8efe9a80e6eec22656ad6ea4c\",\"name\":\"Redacci\u00f3n\",\"image\":{\"@type\":\"ImageObject\",\"inLanguage\":\"es\",\"@id\":\"https:\/\/nuevodigitaldeescobar.com.ar\/#\/schema\/person\/image\/\",\"url\":\"https:\/\/secure.gravatar.com\/avatar\/8af8f40000c24e9eef3034f2be5998a372bb1389e64b1a4a36b3a7979142220d?s=96&d=mm&r=g\",\"contentUrl\":\"https:\/\/secure.gravatar.com\/avatar\/8af8f40000c24e9eef3034f2be5998a372bb1389e64b1a4a36b3a7979142220d?s=96&d=mm&r=g\",\"caption\":\"Redacci\u00f3n\"},\"sameAs\":[\"http:\/\/nuevodigitaldeescobar.com.ar\"],\"url\":\"https:\/\/nuevodigitaldeescobar.com.ar\/?author=1\"}]}<\/script>\n<!-- \/ Yoast SEO plugin. -->","yoast_head_json":{"title":"Cambios en la salud privada: los aportes de los afiliados a las prepagas ya no tendr\u00e1n que pasar por las obras sociales sindicales - Nuevo Digital de Escobar","robots":{"index":"index","follow":"follow","max-snippet":"max-snippet:-1","max-image-preview":"max-image-preview:large","max-video-preview":"max-video-preview:-1"},"canonical":"https:\/\/nuevodigitaldeescobar.com.ar\/?p=2025","og_locale":"es_ES","og_type":"article","og_title":"Cambios en la salud privada: los aportes de los afiliados a las prepagas ya no tendr\u00e1n que pasar por las obras sociales sindicales - Nuevo Digital de Escobar","og_description":"Los detalles de qu\u00e9 cambiar\u00e1 en el marco regulatorio de la medicina prepaga, que ya no tendr\u00e1 restricciones de precios, y las obras sociales. Se [&hellip;]","og_url":"https:\/\/nuevodigitaldeescobar.com.ar\/?p=2025","og_site_name":"Nuevo Digital de Escobar","article_publisher":"https:\/\/www.facebook.com\/NUEVODigitalDeEscobar","article_published_time":"2023-12-21T21:29:20+00:00","article_modified_time":"2023-12-21T21:29:24+00:00","og_image":[{"width":720,"height":398,"url":"https:\/\/nuevodigitaldeescobar.com.ar\/wp-content\/uploads\/2023\/11\/cancer-de-colon-medico-paciente.jpg","type":"image\/jpeg"}],"author":"Redacci\u00f3n","twitter_card":"summary_large_image","twitter_creator":"@nuevodigescobar","twitter_site":"@nuevodigescobar","twitter_misc":{"Escrito por":"Redacci\u00f3n","Tiempo de lectura":"4 minutos"},"schema":{"@context":"https:\/\/schema.org","@graph":[{"@type":"Article","@id":"https:\/\/nuevodigitaldeescobar.com.ar\/?p=2025#article","isPartOf":{"@id":"https:\/\/nuevodigitaldeescobar.com.ar\/?p=2025"},"author":{"name":"Redacci\u00f3n","@id":"https:\/\/nuevodigitaldeescobar.com.ar\/#\/schema\/person\/035e90a8efe9a80e6eec22656ad6ea4c"},"headline":"Cambios en la salud privada: los aportes de los afiliados a las prepagas ya no tendr\u00e1n que pasar por las obras sociales sindicales","datePublished":"2023-12-21T21:29:20+00:00","dateModified":"2023-12-21T21:29:24+00:00","mainEntityOfPage":{"@id":"https:\/\/nuevodigitaldeescobar.com.ar\/?p=2025"},"wordCount":741,"commentCount":0,"publisher":{"@id":"https:\/\/nuevodigitaldeescobar.com.ar\/#organization"},"image":{"@id":"https:\/\/nuevodigitaldeescobar.com.ar\/?p=2025#primaryimage"},"thumbnailUrl":"https:\/\/nuevodigitaldeescobar.com.ar\/wp-content\/uploads\/2023\/11\/cancer-de-colon-medico-paciente.jpg","articleSection":["Inter\u00e9s general","Salud y Nutrici\u00f3n"],"inLanguage":"es","potentialAction":[{"@type":"CommentAction","name":"Comment","target":["https:\/\/nuevodigitaldeescobar.com.ar\/?p=2025#respond"]}]},{"@type":"WebPage","@id":"https:\/\/nuevodigitaldeescobar.com.ar\/?p=2025","url":"https:\/\/nuevodigitaldeescobar.com.ar\/?p=2025","name":"Cambios en la salud privada: los aportes de los afiliados a las prepagas ya no tendr\u00e1n que pasar por las obras sociales sindicales - Nuevo Digital de Escobar","isPartOf":{"@id":"https:\/\/nuevodigitaldeescobar.com.ar\/#website"},"primaryImageOfPage":{"@id":"https:\/\/nuevodigitaldeescobar.com.ar\/?p=2025#primaryimage"},"image":{"@id":"https:\/\/nuevodigitaldeescobar.com.ar\/?p=2025#primaryimage"},"thumbnailUrl":"https:\/\/nuevodigitaldeescobar.com.ar\/wp-content\/uploads\/2023\/11\/cancer-de-colon-medico-paciente.jpg","datePublished":"2023-12-21T21:29:20+00:00","dateModified":"2023-12-21T21:29:24+00:00","breadcrumb":{"@id":"https:\/\/nuevodigitaldeescobar.com.ar\/?p=2025#breadcrumb"},"inLanguage":"es","potentialAction":[{"@type":"ReadAction","target":["https:\/\/nuevodigitaldeescobar.com.ar\/?p=2025"]}]},{"@type":"ImageObject","inLanguage":"es","@id":"https:\/\/nuevodigitaldeescobar.com.ar\/?p=2025#primaryimage","url":"https:\/\/nuevodigitaldeescobar.com.ar\/wp-content\/uploads\/2023\/11\/cancer-de-colon-medico-paciente.jpg","contentUrl":"https:\/\/nuevodigitaldeescobar.com.ar\/wp-content\/uploads\/2023\/11\/cancer-de-colon-medico-paciente.jpg","width":720,"height":398},{"@type":"BreadcrumbList","@id":"https:\/\/nuevodigitaldeescobar.com.ar\/?p=2025#breadcrumb","itemListElement":[{"@type":"ListItem","position":1,"name":"Portada","item":"https:\/\/nuevodigitaldeescobar.com.ar\/"},{"@type":"ListItem","position":2,"name":"Cambios en la salud privada: los aportes de los afiliados a las prepagas ya no tendr\u00e1n que pasar por las obras sociales sindicales"}]},{"@type":"WebSite","@id":"https:\/\/nuevodigitaldeescobar.com.ar\/#website","url":"https:\/\/nuevodigitaldeescobar.com.ar\/","name":"Nuevo Digital de Escobar","description":"La vida escobarense. Directora: Rosana Brunner","publisher":{"@id":"https:\/\/nuevodigitaldeescobar.com.ar\/#organization"},"potentialAction":[{"@type":"SearchAction","target":{"@type":"EntryPoint","urlTemplate":"https:\/\/nuevodigitaldeescobar.com.ar\/?s={search_term_string}"},"query-input":{"@type":"PropertyValueSpecification","valueRequired":true,"valueName":"search_term_string"}}],"inLanguage":"es"},{"@type":"Organization","@id":"https:\/\/nuevodigitaldeescobar.com.ar\/#organization","name":"Nuevo Digital de Escobar","url":"https:\/\/nuevodigitaldeescobar.com.ar\/","logo":{"@type":"ImageObject","inLanguage":"es","@id":"https:\/\/nuevodigitaldeescobar.com.ar\/#\/schema\/logo\/image\/","url":"https:\/\/nuevodigitaldeescobar.com.ar\/wp-content\/uploads\/2025\/05\/cropped-logo-nuevo2.jpg","contentUrl":"https:\/\/nuevodigitaldeescobar.com.ar\/wp-content\/uploads\/2025\/05\/cropped-logo-nuevo2.jpg","width":305,"height":305,"caption":"Nuevo Digital de Escobar"},"image":{"@id":"https:\/\/nuevodigitaldeescobar.com.ar\/#\/schema\/logo\/image\/"},"sameAs":["https:\/\/www.facebook.com\/NUEVODigitalDeEscobar","https:\/\/x.com\/nuevodigescobar","https:\/\/www.instagram.com\/nuevodigitaldeescobar"]},{"@type":"Person","@id":"https:\/\/nuevodigitaldeescobar.com.ar\/#\/schema\/person\/035e90a8efe9a80e6eec22656ad6ea4c","name":"Redacci\u00f3n","image":{"@type":"ImageObject","inLanguage":"es","@id":"https:\/\/nuevodigitaldeescobar.com.ar\/#\/schema\/person\/image\/","url":"https:\/\/secure.gravatar.com\/avatar\/8af8f40000c24e9eef3034f2be5998a372bb1389e64b1a4a36b3a7979142220d?s=96&d=mm&r=g","contentUrl":"https:\/\/secure.gravatar.com\/avatar\/8af8f40000c24e9eef3034f2be5998a372bb1389e64b1a4a36b3a7979142220d?s=96&d=mm&r=g","caption":"Redacci\u00f3n"},"sameAs":["http:\/\/nuevodigitaldeescobar.com.ar"],"url":"https:\/\/nuevodigitaldeescobar.com.ar\/?author=1"}]}},"featured_image_urls":{"full":["https:\/\/nuevodigitaldeescobar.com.ar\/wp-content\/uploads\/2023\/11\/cancer-de-colon-medico-paciente.jpg",720,398,false],"thumbnail":["https:\/\/nuevodigitaldeescobar.com.ar\/wp-content\/uploads\/2023\/11\/cancer-de-colon-medico-paciente-150x150.jpg",150,150,true],"medium":["https:\/\/nuevodigitaldeescobar.com.ar\/wp-content\/uploads\/2023\/11\/cancer-de-colon-medico-paciente-300x166.jpg",300,166,true],"medium_large":["https:\/\/nuevodigitaldeescobar.com.ar\/wp-content\/uploads\/2023\/11\/cancer-de-colon-medico-paciente.jpg",640,354,false],"large":["https:\/\/nuevodigitaldeescobar.com.ar\/wp-content\/uploads\/2023\/11\/cancer-de-colon-medico-paciente.jpg",640,354,false],"1536x1536":["https:\/\/nuevodigitaldeescobar.com.ar\/wp-content\/uploads\/2023\/11\/cancer-de-colon-medico-paciente.jpg",720,398,false],"2048x2048":["https:\/\/nuevodigitaldeescobar.com.ar\/wp-content\/uploads\/2023\/11\/cancer-de-colon-medico-paciente.jpg",720,398,false]},"author_info":{"display_name":"Redacci\u00f3n","author_link":"https:\/\/nuevodigitaldeescobar.com.ar\/?author=1"},"category_info":"<a href=\"https:\/\/nuevodigitaldeescobar.com.ar\/?cat=7\" rel=\"category\">Inter\u00e9s general<\/a> <a href=\"https:\/\/nuevodigitaldeescobar.com.ar\/?cat=3\" rel=\"category\">Salud y Nutrici\u00f3n<\/a>","tag_info":"Salud y Nutrici\u00f3n","comment_count":"0","_links":{"self":[{"href":"https:\/\/nuevodigitaldeescobar.com.ar\/index.php?rest_route=\/wp\/v2\/posts\/2025","targetHints":{"allow":["GET"]}}],"collection":[{"href":"https:\/\/nuevodigitaldeescobar.com.ar\/index.php?rest_route=\/wp\/v2\/posts"}],"about":[{"href":"https:\/\/nuevodigitaldeescobar.com.ar\/index.php?rest_route=\/wp\/v2\/types\/post"}],"author":[{"embeddable":true,"href":"https:\/\/nuevodigitaldeescobar.com.ar\/index.php?rest_route=\/wp\/v2\/users\/1"}],"replies":[{"embeddable":true,"href":"https:\/\/nuevodigitaldeescobar.com.ar\/index.php?rest_route=%2Fwp%2Fv2%2Fcomments&post=2025"}],"version-history":[{"count":1,"href":"https:\/\/nuevodigitaldeescobar.com.ar\/index.php?rest_route=\/wp\/v2\/posts\/2025\/revisions"}],"predecessor-version":[{"id":2026,"href":"https:\/\/nuevodigitaldeescobar.com.ar\/index.php?rest_route=\/wp\/v2\/posts\/2025\/revisions\/2026"}],"wp:featuredmedia":[{"embeddable":true,"href":"https:\/\/nuevodigitaldeescobar.com.ar\/index.php?rest_route=\/wp\/v2\/media\/1035"}],"wp:attachment":[{"href":"https:\/\/nuevodigitaldeescobar.com.ar\/index.php?rest_route=%2Fwp%2Fv2%2Fmedia&parent=2025"}],"wp:term":[{"taxonomy":"category","embeddable":true,"href":"https:\/\/nuevodigitaldeescobar.com.ar\/index.php?rest_route=%2Fwp%2Fv2%2Fcategories&post=2025"},{"taxonomy":"post_tag","embeddable":true,"href":"https:\/\/nuevodigitaldeescobar.com.ar\/index.php?rest_route=%2Fwp%2Fv2%2Ftags&post=2025"}],"curies":[{"name":"wp","href":"https:\/\/api.w.org\/{rel}","templated":true}]}}