{"id":20257,"date":"2026-03-15T05:35:00","date_gmt":"2026-03-15T08:35:00","guid":{"rendered":"https:\/\/nuevodigitaldeescobar.com.ar\/?p=20257"},"modified":"2026-03-14T23:23:25","modified_gmt":"2026-03-15T02:23:25","slug":"la-biblioteca-popular-20-de-diciembre-convoca-a-la-comunidad-a-acompanar-la-defensa-de-su-espacio-cultural","status":"publish","type":"post","link":"https:\/\/nuevodigitaldeescobar.com.ar\/?p=20257","title":{"rendered":"La Biblioteca Popular 20 de Diciembre convoca a la comunidad a acompa\u00f1ar la defensa de su espacio cultural"},"content":{"rendered":"\n<p>La Biblioteca Popular 20 de Diciembre, ubicada en Hip\u00f3lito Yrigoyen 514, en Bel\u00e9n de Escobar, es una instituci\u00f3n cultural con m\u00e1s de nueve d\u00e9cadas de historia al servicio de la comunidad. Actualmente atraviesa una situaci\u00f3n judicial que podr\u00eda afectar la continuidad de sus actividades, por lo que<br>convoca a vecinos, instituciones y organizaciones a acompa\u00f1ar la defensa de este espacio p\u00fablico de acceso a la cultura y la educaci\u00f3n.<\/p>\n\n\n\n<!--more-->\n\n\n\n<p>Fundada el 25 de septiembre de 1932 con el nombre de Biblioteca Popular Rivadavia, la instituci\u00f3n surgi\u00f3 por iniciativa de un grupo de j\u00f3venes vinculados al socialismo en Escobar, con el objetivo de promover el acceso a la lectura y al conocimiento. A lo largo de su historia, la biblioteca atraves\u00f3 distintos momentos y sedes: funcion\u00f3 dentro del Club Boca del Tigre y en la Sociedad Cosmopolita de Socorros Mutuos, entre otros espacios. Durante la \u00faltima dictadura militar sufri\u00f3 episodios de espionaje por parte de organismos<br>de inteligencia y debi\u00f3 cerrar sus puertas durante algunos a\u00f1os.<\/p>\n\n\n\n<p>En la d\u00e9cada de 1990 la biblioteca reabri\u00f3 sus actividades y retom\u00f3 su v\u00ednculo con la comunidad. En 1999 se traslad\u00f3 a su sede actual, donde contin\u00faa funcionando hasta el presente. En 2011 adopt\u00f3 su nombre actual: Biblioteca Popular 20 de Diciembre.<\/p>\n\n\n\n<p>Hoy la instituci\u00f3n cuenta con un fondo bibliogr\u00e1fico de m\u00e1s de 20.600 ejemplares que abarcan diversas \u00e1reas del conocimiento, con especial orientaci\u00f3n en humanidades y ciencias sociales. Entre sus colecciones se destacan las secciones de Derechos Humanos, Arte, Literatura Infantil y Juvenil, G\u00e9nero y Educaci\u00f3n Sexual Integral (ESI). Tambi\u00e9n posee una amplia colecci\u00f3n de literatura para todas las edades, con una destacada selecci\u00f3n de poes\u00eda y teatro, considerada una de las m\u00e1s completas de la<br>zona.<\/p>\n\n\n\n<p>La biblioteca funciona con sistema de estanter\u00edas abiertas, caracter\u00edstica poco frecuente en la regi\u00f3n, que permite a las y los lectores recorrer libremente las colecciones. Entre quienes visitan el espacio se encuentran beb\u00e9s, ni\u00f1as, ni\u00f1os, adolescentes, estudiantes de nivel superior y p\u00fablico en general, con diversas necesidades de lectura y formaci\u00f3n.<\/p>\n\n\n\n<p>Adem\u00e1s del pr\u00e9stamo de libros, la instituci\u00f3n desarrolla una intensa agenda cultural y educativa. Entre sus actividades se encuentran talleres y espacios de mediaci\u00f3n de lectura como Bebeteca (para lectores de 0 a 3 a\u00f1os), Traves\u00edas de lectura para adolescentes y j\u00f3venes, clubes de lectura para personas adultas, talleres de escritura, rondas de lectura familiares y encuentros de juegos para ni\u00f1os y ni\u00f1as. Tambi\u00e9n se realizan recitales de poes\u00eda, presentaciones de libros, obras de teatro, encuentros musicales y talleres art\u00edsticos de guitarra, piano, fotograf\u00eda, cer\u00e1mica, dibujo, pintura, escultura, yoga, uso de la voz, tejido e historia, entre otros.<\/p>\n\n\n\n<p>La biblioteca mantiene un fuerte v\u00ednculo con instituciones educativas y organizaciones sociales. Recibe visitas guiadas de jardines de infantes, escuelas primarias y secundarias, institutos terciarios y universidades, y es sede de pr\u00e1cticas profesionalizantes de estudiantes de bibliotecolog\u00eda del<br>Instituto Superior de Formaci\u00f3n Docente N.\u00ba 15 de Campana y del Instituto Superior de Formaci\u00f3n Docente y T\u00e9cnica N.\u00ba 55 de Escobar, as\u00ed como de pasant\u00edas de estudiantes secundarios.<\/p>\n\n\n\n<p>Desde 2017, junto al ISFDyT N.\u00ba 55 y la Universidad Nacional de Luj\u00e1n, impulsa un taller anual de mediadores de lectura, que se desarrolla tanto en la biblioteca como en las instituciones educativas. A partir de 2022, adem\u00e1s, la biblioteca fortaleci\u00f3 su rol formativo, brindando capacitaciones en<br>mediaci\u00f3n de lectura y Educaci\u00f3n Sexual Integral para quienes realizan pr\u00e1cticas y actividades en el espacio.<\/p>\n\n\n\n<p>La tarea de promoci\u00f3n de la lectura tambi\u00e9n se extiende fuera del edificio. Integrantes de la biblioteca realizan actividades en plazas, escuelas, organizaciones sociales, comedores, bachilleratos populares e institutos de formaci\u00f3n, adem\u00e1s de organizar valijas viajeras con libros para mediadores que trabajan en distintos espacios comunitarios. Asimismo, acompa\u00f1an la creaci\u00f3n de bibliotecas en escuelas, merenderos y organizaciones, y realizan donaciones de libros para fortalecer esos proyectos.<\/p>\n\n\n\n<p>A lo largo de su trayectoria, la biblioteca recibi\u00f3 la visita y el apoyo de destacadas figuras de la cultura y la defensa de los derechos humanos, entre ellas Osvaldo Bayer, Nora Corti\u00f1as y Mar\u00eda del Carmen Verd\u00fa. Tambi\u00e9n han participado de actividades y celebraciones artistas y escritores como Susy Shock, Diana Bellessi, Susana Villalba, Andy Nach\u00f3n y Daniela And\u00fajar, junto a numerosos artistas locales.<\/p>\n\n\n\n<p>Adem\u00e1s, la Biblioteca acompa\u00f1a hist\u00f3ricamente las luchas de Derechos Humanos, en el partido de Escobar y en toda la regi\u00f3n. Se realizaron festivales antirrepresivos, tambi\u00e9n por trabajadores despedidos de la zona, y en sus instalaciones se aprovecha el espacio frecuentemente para tener asambleas de<br>vecinos y organizaciones por las distintas causas populares que tienen lugar.<\/p>\n\n\n\n<p>Del mismo modo, la Biblioteca fue parte clave en el impulso a la modificaci\u00f3n de la Ordenanza Municipal que ven\u00eda desde la Dictadura y prohib\u00eda el festejo de los Carnavales en las calles. Sin embargo, desde hace aproximadamente un a\u00f1o la instituci\u00f3n tom\u00f3 conocimiento de un proceso judicial en tr\u00e1mite ante el Juzgado de Paz Letrado de Escobar. En dicha causa, un grupo de personas inici\u00f3 una demanda de prescripci\u00f3n adquisitiva sobre el inmueble que actualmente ocupa la biblioteca, alegando que sus antecesores habr\u00edan habitado la propiedad antiguamente. El inmueble, cabe destacar, se encontraba<br>desocupado y en estado de abandono. La Biblioteca refaccion\u00f3 el lugar para poder abrir las puertas a la comunidad, y as\u00ed lo ha hecho ininterrumpidamente desde 1999.<\/p>\n\n\n\n<p>La biblioteca utiliza el inmueble de manera pac\u00edfica y con fines culturales y educativos desde hace 27 a\u00f1os. Seg\u00fan informaron desde la instituci\u00f3n, durante el inicio del proceso judicial no se le dio intervenci\u00f3n ni fue incluida como parte interesada, pese a ser quien actualmente desarrolla all\u00ed<br>sus actividades.<\/p>\n\n\n\n<p>Si bien el proceso judicial se encuentra en una etapa inicial y actualmente se encuentra en litigio, la biblioteca busca visibilizar la situaci\u00f3n y convocar al acompa\u00f1amiento de la comunidad para defender la continuidad de este espacio cultural.<\/p>\n\n\n\n<p>\u201cQueremos que la comunidad conozca lo que est\u00e1 sucediendo y pueda acompa\u00f1arnos en la defensa de un lugar que desde hace d\u00e9cadas garantiza el acceso a la lectura, la cultura y la educaci\u00f3n en Escobar\u201d, se\u00f1alaron desde la instituci\u00f3n.<\/p>\n\n\n\n<p>La Biblioteca Popular 20 de Diciembre reafirma as\u00ed su compromiso con la comunidad y convoca a vecinos, organizaciones e instituciones a sumarse a la defensa de este espacio colectivo, para que la biblioteca contin\u00fae abierta y activa al servicio de la cultura y la educaci\u00f3n.<\/p>\n","protected":false},"excerpt":{"rendered":"<p>La Biblioteca Popular 20 de Diciembre, ubicada en Hip\u00f3lito Yrigoyen 514, en Bel\u00e9n de Escobar, es una instituci\u00f3n cultural con m\u00e1s de nueve d\u00e9cadas de [&hellip;]<\/p>\n","protected":false},"author":1,"featured_media":20258,"comment_status":"open","ping_status":"open","sticky":false,"template":"","format":"standard","meta":{"footnotes":""},"categories":[7],"tags":[],"class_list":["post-20257","post","type-post","status-publish","format-standard","has-post-thumbnail","hentry","category-interes-general"],"better_featured_image":{"id":20258,"alt_text":"","caption":"","description":"","media_type":"image","media_details":{"width":1600,"height":1200,"file":"2026\/03\/492539376_1138588011647460_8520054497472959972_n.jpg","filesize":232886,"sizes":{"medium":{"file":"492539376_1138588011647460_8520054497472959972_n-300x225.jpg","width":300,"height":225,"mime-type":"image\/jpeg","filesize":17688,"source_url":"https:\/\/nuevodigitaldeescobar.com.ar\/wp-content\/uploads\/2026\/03\/492539376_1138588011647460_8520054497472959972_n-300x225.jpg"},"large":{"file":"492539376_1138588011647460_8520054497472959972_n-1024x768.jpg","width":1024,"height":768,"mime-type":"image\/jpeg","filesize":123978,"source_url":"https:\/\/nuevodigitaldeescobar.com.ar\/wp-content\/uploads\/2026\/03\/492539376_1138588011647460_8520054497472959972_n-1024x768.jpg"},"thumbnail":{"file":"492539376_1138588011647460_8520054497472959972_n-150x150.jpg","width":150,"height":150,"mime-type":"image\/jpeg","filesize":7828,"source_url":"https:\/\/nuevodigitaldeescobar.com.ar\/wp-content\/uploads\/2026\/03\/492539376_1138588011647460_8520054497472959972_n-150x150.jpg"},"medium_large":{"file":"492539376_1138588011647460_8520054497472959972_n-768x576.jpg","width":768,"height":576,"mime-type":"image\/jpeg","filesize":78591,"source_url":"https:\/\/nuevodigitaldeescobar.com.ar\/wp-content\/uploads\/2026\/03\/492539376_1138588011647460_8520054497472959972_n-768x576.jpg"},"1536x1536":{"file":"492539376_1138588011647460_8520054497472959972_n-1536x1152.jpg","width":1536,"height":1152,"mime-type":"image\/jpeg","filesize":229233,"source_url":"https:\/\/nuevodigitaldeescobar.com.ar\/wp-content\/uploads\/2026\/03\/492539376_1138588011647460_8520054497472959972_n-1536x1152.jpg"}},"image_meta":{"aperture":"0","credit":"","camera":"","caption":"","created_timestamp":"0","copyright":"","focal_length":"0","iso":"0","shutter_speed":"0","title":"","orientation":"0","keywords":[]}},"post":20257,"source_url":"https:\/\/nuevodigitaldeescobar.com.ar\/wp-content\/uploads\/2026\/03\/492539376_1138588011647460_8520054497472959972_n.jpg"},"yoast_head":"<!-- This site is optimized with the Yoast SEO plugin v26.1.1 - https:\/\/yoast.com\/wordpress\/plugins\/seo\/ -->\n<title>La Biblioteca Popular 20 de Diciembre convoca a la comunidad a acompa\u00f1ar la defensa de su espacio cultural - Nuevo Digital de Escobar<\/title>\n<meta name=\"description\" content=\"Si bien el proceso judicial se encuentra en una etapa inicial y actualmente se encuentra en litigio, la biblioteca busca visibilizar la situaci\u00f3n y convocar al acompa\u00f1amiento de la comunidad para defender la continuidad de este espacio cultural.\" \/>\n<meta name=\"robots\" content=\"index, follow, max-snippet:-1, max-image-preview:large, max-video-preview:-1\" \/>\n<link rel=\"canonical\" href=\"https:\/\/nuevodigitaldeescobar.com.ar\/?p=20257\" \/>\n<meta property=\"og:locale\" content=\"es_ES\" \/>\n<meta property=\"og:type\" content=\"article\" \/>\n<meta property=\"og:title\" content=\"La Biblioteca Popular 20 de Diciembre convoca a la comunidad a acompa\u00f1ar la defensa de su espacio cultural\" \/>\n<meta property=\"og:description\" content=\"Si bien el proceso judicial se encuentra en una etapa inicial y actualmente se encuentra en litigio, la biblioteca busca visibilizar la situaci\u00f3n y convocar al acompa\u00f1amiento de la comunidad para defender la continuidad de este espacio cultural.\" \/>\n<meta property=\"og:url\" content=\"https:\/\/nuevodigitaldeescobar.com.ar\/?p=20257\" \/>\n<meta property=\"og:site_name\" content=\"Nuevo Digital de Escobar\" \/>\n<meta property=\"article:publisher\" content=\"https:\/\/www.facebook.com\/NUEVODigitalDeEscobar\" \/>\n<meta property=\"article:published_time\" content=\"2026-03-15T08:35:00+00:00\" \/>\n<meta property=\"og:image\" content=\"https:\/\/nuevodigitaldeescobar.com.ar\/wp-content\/uploads\/2026\/03\/492539376_1138588011647460_8520054497472959972_n.jpg\" \/>\n\t<meta property=\"og:image:width\" content=\"1600\" \/>\n\t<meta property=\"og:image:height\" content=\"1200\" \/>\n\t<meta property=\"og:image:type\" content=\"image\/jpeg\" \/>\n<meta name=\"author\" content=\"Redacci\u00f3n\" \/>\n<meta name=\"twitter:card\" content=\"summary_large_image\" \/>\n<meta name=\"twitter:creator\" content=\"@nuevodigescobar\" \/>\n<meta name=\"twitter:site\" content=\"@nuevodigescobar\" \/>\n<meta name=\"twitter:label1\" content=\"Escrito por\" \/>\n\t<meta name=\"twitter:data1\" content=\"Redacci\u00f3n\" \/>\n\t<meta name=\"twitter:label2\" content=\"Tiempo de lectura\" \/>\n\t<meta name=\"twitter:data2\" content=\"5 minutos\" \/>\n<script type=\"application\/ld+json\" class=\"yoast-schema-graph\">{\"@context\":\"https:\/\/schema.org\",\"@graph\":[{\"@type\":\"Article\",\"@id\":\"https:\/\/nuevodigitaldeescobar.com.ar\/?p=20257#article\",\"isPartOf\":{\"@id\":\"https:\/\/nuevodigitaldeescobar.com.ar\/?p=20257\"},\"author\":{\"name\":\"Redacci\u00f3n\",\"@id\":\"https:\/\/nuevodigitaldeescobar.com.ar\/#\/schema\/person\/035e90a8efe9a80e6eec22656ad6ea4c\"},\"headline\":\"La Biblioteca Popular 20 de Diciembre convoca a la comunidad a acompa\u00f1ar la defensa de su espacio cultural\",\"datePublished\":\"2026-03-15T08:35:00+00:00\",\"mainEntityOfPage\":{\"@id\":\"https:\/\/nuevodigitaldeescobar.com.ar\/?p=20257\"},\"wordCount\":1131,\"commentCount\":0,\"publisher\":{\"@id\":\"https:\/\/nuevodigitaldeescobar.com.ar\/#organization\"},\"image\":{\"@id\":\"https:\/\/nuevodigitaldeescobar.com.ar\/?p=20257#primaryimage\"},\"thumbnailUrl\":\"https:\/\/nuevodigitaldeescobar.com.ar\/wp-content\/uploads\/2026\/03\/492539376_1138588011647460_8520054497472959972_n.jpg\",\"articleSection\":[\"Inter\u00e9s general\"],\"inLanguage\":\"es\",\"potentialAction\":[{\"@type\":\"CommentAction\",\"name\":\"Comment\",\"target\":[\"https:\/\/nuevodigitaldeescobar.com.ar\/?p=20257#respond\"]}]},{\"@type\":\"WebPage\",\"@id\":\"https:\/\/nuevodigitaldeescobar.com.ar\/?p=20257\",\"url\":\"https:\/\/nuevodigitaldeescobar.com.ar\/?p=20257\",\"name\":\"La Biblioteca Popular 20 de Diciembre convoca a la comunidad a acompa\u00f1ar la defensa de su espacio cultural - Nuevo Digital de Escobar\",\"isPartOf\":{\"@id\":\"https:\/\/nuevodigitaldeescobar.com.ar\/#website\"},\"primaryImageOfPage\":{\"@id\":\"https:\/\/nuevodigitaldeescobar.com.ar\/?p=20257#primaryimage\"},\"image\":{\"@id\":\"https:\/\/nuevodigitaldeescobar.com.ar\/?p=20257#primaryimage\"},\"thumbnailUrl\":\"https:\/\/nuevodigitaldeescobar.com.ar\/wp-content\/uploads\/2026\/03\/492539376_1138588011647460_8520054497472959972_n.jpg\",\"datePublished\":\"2026-03-15T08:35:00+00:00\",\"description\":\"Si bien el proceso judicial se encuentra en una etapa inicial y actualmente se encuentra en litigio, la biblioteca busca visibilizar la situaci\u00f3n y convocar al acompa\u00f1amiento de la comunidad para defender la continuidad de este espacio cultural.\",\"breadcrumb\":{\"@id\":\"https:\/\/nuevodigitaldeescobar.com.ar\/?p=20257#breadcrumb\"},\"inLanguage\":\"es\",\"potentialAction\":[{\"@type\":\"ReadAction\",\"target\":[\"https:\/\/nuevodigitaldeescobar.com.ar\/?p=20257\"]}]},{\"@type\":\"ImageObject\",\"inLanguage\":\"es\",\"@id\":\"https:\/\/nuevodigitaldeescobar.com.ar\/?p=20257#primaryimage\",\"url\":\"https:\/\/nuevodigitaldeescobar.com.ar\/wp-content\/uploads\/2026\/03\/492539376_1138588011647460_8520054497472959972_n.jpg\",\"contentUrl\":\"https:\/\/nuevodigitaldeescobar.com.ar\/wp-content\/uploads\/2026\/03\/492539376_1138588011647460_8520054497472959972_n.jpg\",\"width\":1600,\"height\":1200},{\"@type\":\"BreadcrumbList\",\"@id\":\"https:\/\/nuevodigitaldeescobar.com.ar\/?p=20257#breadcrumb\",\"itemListElement\":[{\"@type\":\"ListItem\",\"position\":1,\"name\":\"Portada\",\"item\":\"https:\/\/nuevodigitaldeescobar.com.ar\/\"},{\"@type\":\"ListItem\",\"position\":2,\"name\":\"La Biblioteca Popular 20 de Diciembre convoca a la comunidad a acompa\u00f1ar la defensa de su espacio cultural\"}]},{\"@type\":\"WebSite\",\"@id\":\"https:\/\/nuevodigitaldeescobar.com.ar\/#website\",\"url\":\"https:\/\/nuevodigitaldeescobar.com.ar\/\",\"name\":\"Nuevo Digital de Escobar\",\"description\":\"La vida escobarense. Directora: Rosana Brunner\",\"publisher\":{\"@id\":\"https:\/\/nuevodigitaldeescobar.com.ar\/#organization\"},\"potentialAction\":[{\"@type\":\"SearchAction\",\"target\":{\"@type\":\"EntryPoint\",\"urlTemplate\":\"https:\/\/nuevodigitaldeescobar.com.ar\/?s={search_term_string}\"},\"query-input\":{\"@type\":\"PropertyValueSpecification\",\"valueRequired\":true,\"valueName\":\"search_term_string\"}}],\"inLanguage\":\"es\"},{\"@type\":\"Organization\",\"@id\":\"https:\/\/nuevodigitaldeescobar.com.ar\/#organization\",\"name\":\"Nuevo Digital de Escobar\",\"url\":\"https:\/\/nuevodigitaldeescobar.com.ar\/\",\"logo\":{\"@type\":\"ImageObject\",\"inLanguage\":\"es\",\"@id\":\"https:\/\/nuevodigitaldeescobar.com.ar\/#\/schema\/logo\/image\/\",\"url\":\"https:\/\/nuevodigitaldeescobar.com.ar\/wp-content\/uploads\/2025\/05\/cropped-logo-nuevo2.jpg\",\"contentUrl\":\"https:\/\/nuevodigitaldeescobar.com.ar\/wp-content\/uploads\/2025\/05\/cropped-logo-nuevo2.jpg\",\"width\":305,\"height\":305,\"caption\":\"Nuevo Digital de Escobar\"},\"image\":{\"@id\":\"https:\/\/nuevodigitaldeescobar.com.ar\/#\/schema\/logo\/image\/\"},\"sameAs\":[\"https:\/\/www.facebook.com\/NUEVODigitalDeEscobar\",\"https:\/\/x.com\/nuevodigescobar\",\"https:\/\/www.instagram.com\/nuevodigitaldeescobar\"]},{\"@type\":\"Person\",\"@id\":\"https:\/\/nuevodigitaldeescobar.com.ar\/#\/schema\/person\/035e90a8efe9a80e6eec22656ad6ea4c\",\"name\":\"Redacci\u00f3n\",\"image\":{\"@type\":\"ImageObject\",\"inLanguage\":\"es\",\"@id\":\"https:\/\/nuevodigitaldeescobar.com.ar\/#\/schema\/person\/image\/\",\"url\":\"https:\/\/secure.gravatar.com\/avatar\/8af8f40000c24e9eef3034f2be5998a372bb1389e64b1a4a36b3a7979142220d?s=96&d=mm&r=g\",\"contentUrl\":\"https:\/\/secure.gravatar.com\/avatar\/8af8f40000c24e9eef3034f2be5998a372bb1389e64b1a4a36b3a7979142220d?s=96&d=mm&r=g\",\"caption\":\"Redacci\u00f3n\"},\"sameAs\":[\"http:\/\/nuevodigitaldeescobar.com.ar\"],\"url\":\"https:\/\/nuevodigitaldeescobar.com.ar\/?author=1\"}]}<\/script>\n<!-- \/ Yoast SEO plugin. -->","yoast_head_json":{"title":"La Biblioteca Popular 20 de Diciembre convoca a la comunidad a acompa\u00f1ar la defensa de su espacio cultural - Nuevo Digital de Escobar","description":"Si bien el proceso judicial se encuentra en una etapa inicial y actualmente se encuentra en litigio, la biblioteca busca visibilizar la situaci\u00f3n y convocar al acompa\u00f1amiento de la comunidad para defender la continuidad de este espacio cultural.","robots":{"index":"index","follow":"follow","max-snippet":"max-snippet:-1","max-image-preview":"max-image-preview:large","max-video-preview":"max-video-preview:-1"},"canonical":"https:\/\/nuevodigitaldeescobar.com.ar\/?p=20257","og_locale":"es_ES","og_type":"article","og_title":"La Biblioteca Popular 20 de Diciembre convoca a la comunidad a acompa\u00f1ar la defensa de su espacio cultural","og_description":"Si bien el proceso judicial se encuentra en una etapa inicial y actualmente se encuentra en litigio, la biblioteca busca visibilizar la situaci\u00f3n y convocar al acompa\u00f1amiento de la comunidad para defender la continuidad de este espacio cultural.","og_url":"https:\/\/nuevodigitaldeescobar.com.ar\/?p=20257","og_site_name":"Nuevo Digital de Escobar","article_publisher":"https:\/\/www.facebook.com\/NUEVODigitalDeEscobar","article_published_time":"2026-03-15T08:35:00+00:00","og_image":[{"width":1600,"height":1200,"url":"https:\/\/nuevodigitaldeescobar.com.ar\/wp-content\/uploads\/2026\/03\/492539376_1138588011647460_8520054497472959972_n.jpg","type":"image\/jpeg"}],"author":"Redacci\u00f3n","twitter_card":"summary_large_image","twitter_creator":"@nuevodigescobar","twitter_site":"@nuevodigescobar","twitter_misc":{"Escrito por":"Redacci\u00f3n","Tiempo de lectura":"5 minutos"},"schema":{"@context":"https:\/\/schema.org","@graph":[{"@type":"Article","@id":"https:\/\/nuevodigitaldeescobar.com.ar\/?p=20257#article","isPartOf":{"@id":"https:\/\/nuevodigitaldeescobar.com.ar\/?p=20257"},"author":{"name":"Redacci\u00f3n","@id":"https:\/\/nuevodigitaldeescobar.com.ar\/#\/schema\/person\/035e90a8efe9a80e6eec22656ad6ea4c"},"headline":"La Biblioteca Popular 20 de Diciembre convoca a la comunidad a acompa\u00f1ar la defensa de su espacio cultural","datePublished":"2026-03-15T08:35:00+00:00","mainEntityOfPage":{"@id":"https:\/\/nuevodigitaldeescobar.com.ar\/?p=20257"},"wordCount":1131,"commentCount":0,"publisher":{"@id":"https:\/\/nuevodigitaldeescobar.com.ar\/#organization"},"image":{"@id":"https:\/\/nuevodigitaldeescobar.com.ar\/?p=20257#primaryimage"},"thumbnailUrl":"https:\/\/nuevodigitaldeescobar.com.ar\/wp-content\/uploads\/2026\/03\/492539376_1138588011647460_8520054497472959972_n.jpg","articleSection":["Inter\u00e9s general"],"inLanguage":"es","potentialAction":[{"@type":"CommentAction","name":"Comment","target":["https:\/\/nuevodigitaldeescobar.com.ar\/?p=20257#respond"]}]},{"@type":"WebPage","@id":"https:\/\/nuevodigitaldeescobar.com.ar\/?p=20257","url":"https:\/\/nuevodigitaldeescobar.com.ar\/?p=20257","name":"La Biblioteca Popular 20 de Diciembre convoca a la comunidad a acompa\u00f1ar la defensa de su espacio cultural - Nuevo Digital de Escobar","isPartOf":{"@id":"https:\/\/nuevodigitaldeescobar.com.ar\/#website"},"primaryImageOfPage":{"@id":"https:\/\/nuevodigitaldeescobar.com.ar\/?p=20257#primaryimage"},"image":{"@id":"https:\/\/nuevodigitaldeescobar.com.ar\/?p=20257#primaryimage"},"thumbnailUrl":"https:\/\/nuevodigitaldeescobar.com.ar\/wp-content\/uploads\/2026\/03\/492539376_1138588011647460_8520054497472959972_n.jpg","datePublished":"2026-03-15T08:35:00+00:00","description":"Si bien el proceso judicial se encuentra en una etapa inicial y actualmente se encuentra en litigio, la biblioteca busca visibilizar la situaci\u00f3n y convocar al acompa\u00f1amiento de la comunidad para defender la continuidad de este espacio cultural.","breadcrumb":{"@id":"https:\/\/nuevodigitaldeescobar.com.ar\/?p=20257#breadcrumb"},"inLanguage":"es","potentialAction":[{"@type":"ReadAction","target":["https:\/\/nuevodigitaldeescobar.com.ar\/?p=20257"]}]},{"@type":"ImageObject","inLanguage":"es","@id":"https:\/\/nuevodigitaldeescobar.com.ar\/?p=20257#primaryimage","url":"https:\/\/nuevodigitaldeescobar.com.ar\/wp-content\/uploads\/2026\/03\/492539376_1138588011647460_8520054497472959972_n.jpg","contentUrl":"https:\/\/nuevodigitaldeescobar.com.ar\/wp-content\/uploads\/2026\/03\/492539376_1138588011647460_8520054497472959972_n.jpg","width":1600,"height":1200},{"@type":"BreadcrumbList","@id":"https:\/\/nuevodigitaldeescobar.com.ar\/?p=20257#breadcrumb","itemListElement":[{"@type":"ListItem","position":1,"name":"Portada","item":"https:\/\/nuevodigitaldeescobar.com.ar\/"},{"@type":"ListItem","position":2,"name":"La Biblioteca Popular 20 de Diciembre convoca a la comunidad a acompa\u00f1ar la defensa de su espacio cultural"}]},{"@type":"WebSite","@id":"https:\/\/nuevodigitaldeescobar.com.ar\/#website","url":"https:\/\/nuevodigitaldeescobar.com.ar\/","name":"Nuevo Digital de Escobar","description":"La vida escobarense. Directora: Rosana Brunner","publisher":{"@id":"https:\/\/nuevodigitaldeescobar.com.ar\/#organization"},"potentialAction":[{"@type":"SearchAction","target":{"@type":"EntryPoint","urlTemplate":"https:\/\/nuevodigitaldeescobar.com.ar\/?s={search_term_string}"},"query-input":{"@type":"PropertyValueSpecification","valueRequired":true,"valueName":"search_term_string"}}],"inLanguage":"es"},{"@type":"Organization","@id":"https:\/\/nuevodigitaldeescobar.com.ar\/#organization","name":"Nuevo Digital de Escobar","url":"https:\/\/nuevodigitaldeescobar.com.ar\/","logo":{"@type":"ImageObject","inLanguage":"es","@id":"https:\/\/nuevodigitaldeescobar.com.ar\/#\/schema\/logo\/image\/","url":"https:\/\/nuevodigitaldeescobar.com.ar\/wp-content\/uploads\/2025\/05\/cropped-logo-nuevo2.jpg","contentUrl":"https:\/\/nuevodigitaldeescobar.com.ar\/wp-content\/uploads\/2025\/05\/cropped-logo-nuevo2.jpg","width":305,"height":305,"caption":"Nuevo Digital de Escobar"},"image":{"@id":"https:\/\/nuevodigitaldeescobar.com.ar\/#\/schema\/logo\/image\/"},"sameAs":["https:\/\/www.facebook.com\/NUEVODigitalDeEscobar","https:\/\/x.com\/nuevodigescobar","https:\/\/www.instagram.com\/nuevodigitaldeescobar"]},{"@type":"Person","@id":"https:\/\/nuevodigitaldeescobar.com.ar\/#\/schema\/person\/035e90a8efe9a80e6eec22656ad6ea4c","name":"Redacci\u00f3n","image":{"@type":"ImageObject","inLanguage":"es","@id":"https:\/\/nuevodigitaldeescobar.com.ar\/#\/schema\/person\/image\/","url":"https:\/\/secure.gravatar.com\/avatar\/8af8f40000c24e9eef3034f2be5998a372bb1389e64b1a4a36b3a7979142220d?s=96&d=mm&r=g","contentUrl":"https:\/\/secure.gravatar.com\/avatar\/8af8f40000c24e9eef3034f2be5998a372bb1389e64b1a4a36b3a7979142220d?s=96&d=mm&r=g","caption":"Redacci\u00f3n"},"sameAs":["http:\/\/nuevodigitaldeescobar.com.ar"],"url":"https:\/\/nuevodigitaldeescobar.com.ar\/?author=1"}]}},"featured_image_urls":{"full":["https:\/\/nuevodigitaldeescobar.com.ar\/wp-content\/uploads\/2026\/03\/492539376_1138588011647460_8520054497472959972_n.jpg",1600,1200,false],"thumbnail":["https:\/\/nuevodigitaldeescobar.com.ar\/wp-content\/uploads\/2026\/03\/492539376_1138588011647460_8520054497472959972_n-150x150.jpg",150,150,true],"medium":["https:\/\/nuevodigitaldeescobar.com.ar\/wp-content\/uploads\/2026\/03\/492539376_1138588011647460_8520054497472959972_n-300x225.jpg",300,225,true],"medium_large":["https:\/\/nuevodigitaldeescobar.com.ar\/wp-content\/uploads\/2026\/03\/492539376_1138588011647460_8520054497472959972_n-768x576.jpg",640,480,true],"large":["https:\/\/nuevodigitaldeescobar.com.ar\/wp-content\/uploads\/2026\/03\/492539376_1138588011647460_8520054497472959972_n-1024x768.jpg",640,480,true],"1536x1536":["https:\/\/nuevodigitaldeescobar.com.ar\/wp-content\/uploads\/2026\/03\/492539376_1138588011647460_8520054497472959972_n-1536x1152.jpg",1536,1152,true],"2048x2048":["https:\/\/nuevodigitaldeescobar.com.ar\/wp-content\/uploads\/2026\/03\/492539376_1138588011647460_8520054497472959972_n.jpg",1600,1200,false]},"author_info":{"display_name":"Redacci\u00f3n","author_link":"https:\/\/nuevodigitaldeescobar.com.ar\/?author=1"},"category_info":"<a href=\"https:\/\/nuevodigitaldeescobar.com.ar\/?cat=7\" rel=\"category\">Inter\u00e9s general<\/a>","tag_info":"Inter\u00e9s general","comment_count":"0","_links":{"self":[{"href":"https:\/\/nuevodigitaldeescobar.com.ar\/index.php?rest_route=\/wp\/v2\/posts\/20257","targetHints":{"allow":["GET"]}}],"collection":[{"href":"https:\/\/nuevodigitaldeescobar.com.ar\/index.php?rest_route=\/wp\/v2\/posts"}],"about":[{"href":"https:\/\/nuevodigitaldeescobar.com.ar\/index.php?rest_route=\/wp\/v2\/types\/post"}],"author":[{"embeddable":true,"href":"https:\/\/nuevodigitaldeescobar.com.ar\/index.php?rest_route=\/wp\/v2\/users\/1"}],"replies":[{"embeddable":true,"href":"https:\/\/nuevodigitaldeescobar.com.ar\/index.php?rest_route=%2Fwp%2Fv2%2Fcomments&post=20257"}],"version-history":[{"count":1,"href":"https:\/\/nuevodigitaldeescobar.com.ar\/index.php?rest_route=\/wp\/v2\/posts\/20257\/revisions"}],"predecessor-version":[{"id":20259,"href":"https:\/\/nuevodigitaldeescobar.com.ar\/index.php?rest_route=\/wp\/v2\/posts\/20257\/revisions\/20259"}],"wp:featuredmedia":[{"embeddable":true,"href":"https:\/\/nuevodigitaldeescobar.com.ar\/index.php?rest_route=\/wp\/v2\/media\/20258"}],"wp:attachment":[{"href":"https:\/\/nuevodigitaldeescobar.com.ar\/index.php?rest_route=%2Fwp%2Fv2%2Fmedia&parent=20257"}],"wp:term":[{"taxonomy":"category","embeddable":true,"href":"https:\/\/nuevodigitaldeescobar.com.ar\/index.php?rest_route=%2Fwp%2Fv2%2Fcategories&post=20257"},{"taxonomy":"post_tag","embeddable":true,"href":"https:\/\/nuevodigitaldeescobar.com.ar\/index.php?rest_route=%2Fwp%2Fv2%2Ftags&post=20257"}],"curies":[{"name":"wp","href":"https:\/\/api.w.org\/{rel}","templated":true}]}}