{"id":20264,"date":"2026-03-15T02:27:00","date_gmt":"2026-03-15T05:27:00","guid":{"rendered":"https:\/\/nuevodigitaldeescobar.com.ar\/?p=20264"},"modified":"2026-03-14T23:29:48","modified_gmt":"2026-03-15T02:29:48","slug":"bomberos-de-garin-presento-a-los-nuevos-aspirantes-del-ciclo-2026","status":"publish","type":"post","link":"https:\/\/nuevodigitaldeescobar.com.ar\/?p=20264","title":{"rendered":"Bomberos de Gar\u00edn present\u00f3 a los nuevos aspirantes del ciclo 2026"},"content":{"rendered":"\n<p>Este s\u00e1bado a la noche, en el cuartel central de los Bomberos Voluntarios de Gar\u00edn, se realiz\u00f3 la presentaci\u00f3n oficial de los nuevos aspirantes que formar\u00e1n parte del ciclo de ingreso 2026.<\/p>\n\n\n\n<!--more-->\n\n\n\n<p>El acto cont\u00f3 con la presencia del presidente de la instituci\u00f3n, <strong>Omar Le\u00f3n<\/strong>, y del jefe de cuerpo, el comandante general <strong>Adri\u00e1n Peralta<\/strong>, quienes dieron la bienvenida a <strong>55 personas<\/strong>, entre hombres y mujeres, que comenzaron su capacitaci\u00f3n inicial.<\/p>\n\n\n\n<p>Durante el encuentro se explic\u00f3 el proceso de formaci\u00f3n que deber\u00e1n atravesar durante el a\u00f1o, orientado a adquirir los conocimientos y habilidades necesarios para incorporarse al servicio activo. La capacitaci\u00f3n busca preparar a los aspirantes para cumplir con los objetivos operativos y formativos que demanda la tarea bomberil.<\/p>\n\n\n<div class=\"wp-block-image\">\n<figure class=\"aligncenter size-large\"><img fetchpriority=\"high\" decoding=\"async\" width=\"1024\" height=\"768\" src=\"http:\/\/nuevodigitaldeescobar.com.ar\/wp-content\/uploads\/2026\/03\/f6a42ab6-b442-4791-8196-f9f7ad179b69-1024x768.jpg\" alt=\"\" class=\"wp-image-20266\" srcset=\"https:\/\/nuevodigitaldeescobar.com.ar\/wp-content\/uploads\/2026\/03\/f6a42ab6-b442-4791-8196-f9f7ad179b69-1024x768.jpg 1024w, https:\/\/nuevodigitaldeescobar.com.ar\/wp-content\/uploads\/2026\/03\/f6a42ab6-b442-4791-8196-f9f7ad179b69-300x225.jpg 300w, https:\/\/nuevodigitaldeescobar.com.ar\/wp-content\/uploads\/2026\/03\/f6a42ab6-b442-4791-8196-f9f7ad179b69-768x576.jpg 768w, https:\/\/nuevodigitaldeescobar.com.ar\/wp-content\/uploads\/2026\/03\/f6a42ab6-b442-4791-8196-f9f7ad179b69-1536x1152.jpg 1536w, https:\/\/nuevodigitaldeescobar.com.ar\/wp-content\/uploads\/2026\/03\/f6a42ab6-b442-4791-8196-f9f7ad179b69.jpg 1600w\" sizes=\"(max-width: 1024px) 100vw, 1024px\" \/><\/figure><\/div>\n\n\n<p>Desde la instituci\u00f3n destacaron que la incorporaci\u00f3n de nuevos aspirantes permite <strong>seguir fortaleciendo el cuerpo de Bomberos Voluntarios de Gar\u00edn<\/strong>, con el objetivo de reforzar la cobertura del cuartel central y de sus dos destacamentos, trabajando en la protecci\u00f3n de vidas y bienes de la comunidad.<\/p>\n\n\n\n<p>Asimismo, agradecieron a los vecinos que decidieron sumarse al proceso de capacitaci\u00f3n, remarcando el valor del compromiso y de los principios que forman parte de esta vocaci\u00f3n solidaria.<\/p>\n","protected":false},"excerpt":{"rendered":"<p>Este s\u00e1bado a la noche, en el cuartel central de los Bomberos Voluntarios de Gar\u00edn, se realiz\u00f3 la presentaci\u00f3n oficial de los nuevos aspirantes que [&hellip;]<\/p>\n","protected":false},"author":1,"featured_media":20265,"comment_status":"open","ping_status":"open","sticky":false,"template":"","format":"standard","meta":{"footnotes":""},"categories":[7],"tags":[],"class_list":["post-20264","post","type-post","status-publish","format-standard","has-post-thumbnail","hentry","category-interes-general"],"better_featured_image":{"id":20265,"alt_text":"","caption":"","description":"","media_type":"image","media_details":{"width":1600,"height":1200,"file":"2026\/03\/b165417e-23f8-48ae-80f0-04fbd6047f92.jpg","filesize":359560,"sizes":{"medium":{"file":"b165417e-23f8-48ae-80f0-04fbd6047f92-300x225.jpg","width":300,"height":225,"mime-type":"image\/jpeg","filesize":19304,"source_url":"https:\/\/nuevodigitaldeescobar.com.ar\/wp-content\/uploads\/2026\/03\/b165417e-23f8-48ae-80f0-04fbd6047f92-300x225.jpg"},"large":{"file":"b165417e-23f8-48ae-80f0-04fbd6047f92-1024x768.jpg","width":1024,"height":768,"mime-type":"image\/jpeg","filesize":163446,"source_url":"https:\/\/nuevodigitaldeescobar.com.ar\/wp-content\/uploads\/2026\/03\/b165417e-23f8-48ae-80f0-04fbd6047f92-1024x768.jpg"},"thumbnail":{"file":"b165417e-23f8-48ae-80f0-04fbd6047f92-150x150.jpg","width":150,"height":150,"mime-type":"image\/jpeg","filesize":7359,"source_url":"https:\/\/nuevodigitaldeescobar.com.ar\/wp-content\/uploads\/2026\/03\/b165417e-23f8-48ae-80f0-04fbd6047f92-150x150.jpg"},"medium_large":{"file":"b165417e-23f8-48ae-80f0-04fbd6047f92-768x576.jpg","width":768,"height":576,"mime-type":"image\/jpeg","filesize":97731,"source_url":"https:\/\/nuevodigitaldeescobar.com.ar\/wp-content\/uploads\/2026\/03\/b165417e-23f8-48ae-80f0-04fbd6047f92-768x576.jpg"},"1536x1536":{"file":"b165417e-23f8-48ae-80f0-04fbd6047f92-1536x1152.jpg","width":1536,"height":1152,"mime-type":"image\/jpeg","filesize":332551,"source_url":"https:\/\/nuevodigitaldeescobar.com.ar\/wp-content\/uploads\/2026\/03\/b165417e-23f8-48ae-80f0-04fbd6047f92-1536x1152.jpg"}},"image_meta":{"aperture":"0","credit":"","camera":"","caption":"","created_timestamp":"0","copyright":"","focal_length":"0","iso":"0","shutter_speed":"0","title":"","orientation":"0","keywords":[]}},"post":20264,"source_url":"https:\/\/nuevodigitaldeescobar.com.ar\/wp-content\/uploads\/2026\/03\/b165417e-23f8-48ae-80f0-04fbd6047f92.jpg"},"yoast_head":"<!-- This site is optimized with the Yoast SEO plugin v26.1.1 - https:\/\/yoast.com\/wordpress\/plugins\/seo\/ -->\n<title>Bomberos de Gar\u00edn present\u00f3 a los nuevos aspirantes del ciclo 2026 - Nuevo Digital de Escobar<\/title>\n<meta name=\"description\" content=\"El acto cont\u00f3 con la presencia del presidente de la instituci\u00f3n, Omar Le\u00f3n, y del jefe de cuerpo, el comandante general Adri\u00e1n Peralta, quienes dieron la bienvenida a 55 personas, entre hombres y mujeres, que comenzaron su capacitaci\u00f3n inicial.\" \/>\n<meta name=\"robots\" content=\"index, follow, max-snippet:-1, max-image-preview:large, max-video-preview:-1\" \/>\n<link rel=\"canonical\" href=\"https:\/\/nuevodigitaldeescobar.com.ar\/?p=20264\" \/>\n<meta property=\"og:locale\" content=\"es_ES\" \/>\n<meta property=\"og:type\" content=\"article\" \/>\n<meta property=\"og:title\" content=\"Bomberos de Gar\u00edn present\u00f3 a los nuevos aspirantes del ciclo 2026\" \/>\n<meta property=\"og:description\" content=\"El acto cont\u00f3 con la presencia del presidente de la instituci\u00f3n, Omar Le\u00f3n, y del jefe de cuerpo, el comandante general Adri\u00e1n Peralta, quienes dieron la bienvenida a 55 personas, entre hombres y mujeres, que comenzaron su capacitaci\u00f3n inicial.\" \/>\n<meta property=\"og:url\" content=\"https:\/\/nuevodigitaldeescobar.com.ar\/?p=20264\" \/>\n<meta property=\"og:site_name\" content=\"Nuevo Digital de Escobar\" \/>\n<meta property=\"article:publisher\" content=\"https:\/\/www.facebook.com\/NUEVODigitalDeEscobar\" \/>\n<meta property=\"article:published_time\" content=\"2026-03-15T05:27:00+00:00\" \/>\n<meta property=\"og:image\" content=\"https:\/\/nuevodigitaldeescobar.com.ar\/wp-content\/uploads\/2026\/03\/b165417e-23f8-48ae-80f0-04fbd6047f92.jpg\" \/>\n\t<meta property=\"og:image:width\" content=\"1600\" \/>\n\t<meta property=\"og:image:height\" content=\"1200\" \/>\n\t<meta property=\"og:image:type\" content=\"image\/jpeg\" \/>\n<meta name=\"author\" content=\"Redacci\u00f3n\" \/>\n<meta name=\"twitter:card\" content=\"summary_large_image\" \/>\n<meta name=\"twitter:creator\" content=\"@nuevodigescobar\" \/>\n<meta name=\"twitter:site\" content=\"@nuevodigescobar\" \/>\n<meta name=\"twitter:label1\" content=\"Escrito por\" \/>\n\t<meta name=\"twitter:data1\" content=\"Redacci\u00f3n\" \/>\n\t<meta name=\"twitter:label2\" content=\"Tiempo de lectura\" \/>\n\t<meta name=\"twitter:data2\" content=\"2 minutos\" \/>\n<script type=\"application\/ld+json\" class=\"yoast-schema-graph\">{\"@context\":\"https:\/\/schema.org\",\"@graph\":[{\"@type\":\"Article\",\"@id\":\"https:\/\/nuevodigitaldeescobar.com.ar\/?p=20264#article\",\"isPartOf\":{\"@id\":\"https:\/\/nuevodigitaldeescobar.com.ar\/?p=20264\"},\"author\":{\"name\":\"Redacci\u00f3n\",\"@id\":\"https:\/\/nuevodigitaldeescobar.com.ar\/#\/schema\/person\/035e90a8efe9a80e6eec22656ad6ea4c\"},\"headline\":\"Bomberos de Gar\u00edn present\u00f3 a los nuevos aspirantes del ciclo 2026\",\"datePublished\":\"2026-03-15T05:27:00+00:00\",\"mainEntityOfPage\":{\"@id\":\"https:\/\/nuevodigitaldeescobar.com.ar\/?p=20264\"},\"wordCount\":220,\"commentCount\":0,\"publisher\":{\"@id\":\"https:\/\/nuevodigitaldeescobar.com.ar\/#organization\"},\"image\":{\"@id\":\"https:\/\/nuevodigitaldeescobar.com.ar\/?p=20264#primaryimage\"},\"thumbnailUrl\":\"https:\/\/nuevodigitaldeescobar.com.ar\/wp-content\/uploads\/2026\/03\/b165417e-23f8-48ae-80f0-04fbd6047f92.jpg\",\"articleSection\":[\"Inter\u00e9s general\"],\"inLanguage\":\"es\",\"potentialAction\":[{\"@type\":\"CommentAction\",\"name\":\"Comment\",\"target\":[\"https:\/\/nuevodigitaldeescobar.com.ar\/?p=20264#respond\"]}]},{\"@type\":\"WebPage\",\"@id\":\"https:\/\/nuevodigitaldeescobar.com.ar\/?p=20264\",\"url\":\"https:\/\/nuevodigitaldeescobar.com.ar\/?p=20264\",\"name\":\"Bomberos de Gar\u00edn present\u00f3 a los nuevos aspirantes del ciclo 2026 - Nuevo Digital de Escobar\",\"isPartOf\":{\"@id\":\"https:\/\/nuevodigitaldeescobar.com.ar\/#website\"},\"primaryImageOfPage\":{\"@id\":\"https:\/\/nuevodigitaldeescobar.com.ar\/?p=20264#primaryimage\"},\"image\":{\"@id\":\"https:\/\/nuevodigitaldeescobar.com.ar\/?p=20264#primaryimage\"},\"thumbnailUrl\":\"https:\/\/nuevodigitaldeescobar.com.ar\/wp-content\/uploads\/2026\/03\/b165417e-23f8-48ae-80f0-04fbd6047f92.jpg\",\"datePublished\":\"2026-03-15T05:27:00+00:00\",\"description\":\"El acto cont\u00f3 con la presencia del presidente de la instituci\u00f3n, Omar Le\u00f3n, y del jefe de cuerpo, el comandante general Adri\u00e1n Peralta, quienes dieron la bienvenida a 55 personas, entre hombres y mujeres, que comenzaron su capacitaci\u00f3n inicial.\",\"breadcrumb\":{\"@id\":\"https:\/\/nuevodigitaldeescobar.com.ar\/?p=20264#breadcrumb\"},\"inLanguage\":\"es\",\"potentialAction\":[{\"@type\":\"ReadAction\",\"target\":[\"https:\/\/nuevodigitaldeescobar.com.ar\/?p=20264\"]}]},{\"@type\":\"ImageObject\",\"inLanguage\":\"es\",\"@id\":\"https:\/\/nuevodigitaldeescobar.com.ar\/?p=20264#primaryimage\",\"url\":\"https:\/\/nuevodigitaldeescobar.com.ar\/wp-content\/uploads\/2026\/03\/b165417e-23f8-48ae-80f0-04fbd6047f92.jpg\",\"contentUrl\":\"https:\/\/nuevodigitaldeescobar.com.ar\/wp-content\/uploads\/2026\/03\/b165417e-23f8-48ae-80f0-04fbd6047f92.jpg\",\"width\":1600,\"height\":1200},{\"@type\":\"BreadcrumbList\",\"@id\":\"https:\/\/nuevodigitaldeescobar.com.ar\/?p=20264#breadcrumb\",\"itemListElement\":[{\"@type\":\"ListItem\",\"position\":1,\"name\":\"Portada\",\"item\":\"https:\/\/nuevodigitaldeescobar.com.ar\/\"},{\"@type\":\"ListItem\",\"position\":2,\"name\":\"Bomberos de Gar\u00edn present\u00f3 a los nuevos aspirantes del ciclo 2026\"}]},{\"@type\":\"WebSite\",\"@id\":\"https:\/\/nuevodigitaldeescobar.com.ar\/#website\",\"url\":\"https:\/\/nuevodigitaldeescobar.com.ar\/\",\"name\":\"Nuevo Digital de Escobar\",\"description\":\"La vida escobarense. Directora: Rosana Brunner\",\"publisher\":{\"@id\":\"https:\/\/nuevodigitaldeescobar.com.ar\/#organization\"},\"potentialAction\":[{\"@type\":\"SearchAction\",\"target\":{\"@type\":\"EntryPoint\",\"urlTemplate\":\"https:\/\/nuevodigitaldeescobar.com.ar\/?s={search_term_string}\"},\"query-input\":{\"@type\":\"PropertyValueSpecification\",\"valueRequired\":true,\"valueName\":\"search_term_string\"}}],\"inLanguage\":\"es\"},{\"@type\":\"Organization\",\"@id\":\"https:\/\/nuevodigitaldeescobar.com.ar\/#organization\",\"name\":\"Nuevo Digital de Escobar\",\"url\":\"https:\/\/nuevodigitaldeescobar.com.ar\/\",\"logo\":{\"@type\":\"ImageObject\",\"inLanguage\":\"es\",\"@id\":\"https:\/\/nuevodigitaldeescobar.com.ar\/#\/schema\/logo\/image\/\",\"url\":\"https:\/\/nuevodigitaldeescobar.com.ar\/wp-content\/uploads\/2025\/05\/cropped-logo-nuevo2.jpg\",\"contentUrl\":\"https:\/\/nuevodigitaldeescobar.com.ar\/wp-content\/uploads\/2025\/05\/cropped-logo-nuevo2.jpg\",\"width\":305,\"height\":305,\"caption\":\"Nuevo Digital de Escobar\"},\"image\":{\"@id\":\"https:\/\/nuevodigitaldeescobar.com.ar\/#\/schema\/logo\/image\/\"},\"sameAs\":[\"https:\/\/www.facebook.com\/NUEVODigitalDeEscobar\",\"https:\/\/x.com\/nuevodigescobar\",\"https:\/\/www.instagram.com\/nuevodigitaldeescobar\"]},{\"@type\":\"Person\",\"@id\":\"https:\/\/nuevodigitaldeescobar.com.ar\/#\/schema\/person\/035e90a8efe9a80e6eec22656ad6ea4c\",\"name\":\"Redacci\u00f3n\",\"image\":{\"@type\":\"ImageObject\",\"inLanguage\":\"es\",\"@id\":\"https:\/\/nuevodigitaldeescobar.com.ar\/#\/schema\/person\/image\/\",\"url\":\"https:\/\/secure.gravatar.com\/avatar\/8af8f40000c24e9eef3034f2be5998a372bb1389e64b1a4a36b3a7979142220d?s=96&d=mm&r=g\",\"contentUrl\":\"https:\/\/secure.gravatar.com\/avatar\/8af8f40000c24e9eef3034f2be5998a372bb1389e64b1a4a36b3a7979142220d?s=96&d=mm&r=g\",\"caption\":\"Redacci\u00f3n\"},\"sameAs\":[\"http:\/\/nuevodigitaldeescobar.com.ar\"],\"url\":\"https:\/\/nuevodigitaldeescobar.com.ar\/?author=1\"}]}<\/script>\n<!-- \/ Yoast SEO plugin. -->","yoast_head_json":{"title":"Bomberos de Gar\u00edn present\u00f3 a los nuevos aspirantes del ciclo 2026 - Nuevo Digital de Escobar","description":"El acto cont\u00f3 con la presencia del presidente de la instituci\u00f3n, Omar Le\u00f3n, y del jefe de cuerpo, el comandante general Adri\u00e1n Peralta, quienes dieron la bienvenida a 55 personas, entre hombres y mujeres, que comenzaron su capacitaci\u00f3n inicial.","robots":{"index":"index","follow":"follow","max-snippet":"max-snippet:-1","max-image-preview":"max-image-preview:large","max-video-preview":"max-video-preview:-1"},"canonical":"https:\/\/nuevodigitaldeescobar.com.ar\/?p=20264","og_locale":"es_ES","og_type":"article","og_title":"Bomberos de Gar\u00edn present\u00f3 a los nuevos aspirantes del ciclo 2026","og_description":"El acto cont\u00f3 con la presencia del presidente de la instituci\u00f3n, Omar Le\u00f3n, y del jefe de cuerpo, el comandante general Adri\u00e1n Peralta, quienes dieron la bienvenida a 55 personas, entre hombres y mujeres, que comenzaron su capacitaci\u00f3n inicial.","og_url":"https:\/\/nuevodigitaldeescobar.com.ar\/?p=20264","og_site_name":"Nuevo Digital de Escobar","article_publisher":"https:\/\/www.facebook.com\/NUEVODigitalDeEscobar","article_published_time":"2026-03-15T05:27:00+00:00","og_image":[{"width":1600,"height":1200,"url":"https:\/\/nuevodigitaldeescobar.com.ar\/wp-content\/uploads\/2026\/03\/b165417e-23f8-48ae-80f0-04fbd6047f92.jpg","type":"image\/jpeg"}],"author":"Redacci\u00f3n","twitter_card":"summary_large_image","twitter_creator":"@nuevodigescobar","twitter_site":"@nuevodigescobar","twitter_misc":{"Escrito por":"Redacci\u00f3n","Tiempo de lectura":"2 minutos"},"schema":{"@context":"https:\/\/schema.org","@graph":[{"@type":"Article","@id":"https:\/\/nuevodigitaldeescobar.com.ar\/?p=20264#article","isPartOf":{"@id":"https:\/\/nuevodigitaldeescobar.com.ar\/?p=20264"},"author":{"name":"Redacci\u00f3n","@id":"https:\/\/nuevodigitaldeescobar.com.ar\/#\/schema\/person\/035e90a8efe9a80e6eec22656ad6ea4c"},"headline":"Bomberos de Gar\u00edn present\u00f3 a los nuevos aspirantes del ciclo 2026","datePublished":"2026-03-15T05:27:00+00:00","mainEntityOfPage":{"@id":"https:\/\/nuevodigitaldeescobar.com.ar\/?p=20264"},"wordCount":220,"commentCount":0,"publisher":{"@id":"https:\/\/nuevodigitaldeescobar.com.ar\/#organization"},"image":{"@id":"https:\/\/nuevodigitaldeescobar.com.ar\/?p=20264#primaryimage"},"thumbnailUrl":"https:\/\/nuevodigitaldeescobar.com.ar\/wp-content\/uploads\/2026\/03\/b165417e-23f8-48ae-80f0-04fbd6047f92.jpg","articleSection":["Inter\u00e9s general"],"inLanguage":"es","potentialAction":[{"@type":"CommentAction","name":"Comment","target":["https:\/\/nuevodigitaldeescobar.com.ar\/?p=20264#respond"]}]},{"@type":"WebPage","@id":"https:\/\/nuevodigitaldeescobar.com.ar\/?p=20264","url":"https:\/\/nuevodigitaldeescobar.com.ar\/?p=20264","name":"Bomberos de Gar\u00edn present\u00f3 a los nuevos aspirantes del ciclo 2026 - Nuevo Digital de Escobar","isPartOf":{"@id":"https:\/\/nuevodigitaldeescobar.com.ar\/#website"},"primaryImageOfPage":{"@id":"https:\/\/nuevodigitaldeescobar.com.ar\/?p=20264#primaryimage"},"image":{"@id":"https:\/\/nuevodigitaldeescobar.com.ar\/?p=20264#primaryimage"},"thumbnailUrl":"https:\/\/nuevodigitaldeescobar.com.ar\/wp-content\/uploads\/2026\/03\/b165417e-23f8-48ae-80f0-04fbd6047f92.jpg","datePublished":"2026-03-15T05:27:00+00:00","description":"El acto cont\u00f3 con la presencia del presidente de la instituci\u00f3n, Omar Le\u00f3n, y del jefe de cuerpo, el comandante general Adri\u00e1n Peralta, quienes dieron la bienvenida a 55 personas, entre hombres y mujeres, que comenzaron su capacitaci\u00f3n inicial.","breadcrumb":{"@id":"https:\/\/nuevodigitaldeescobar.com.ar\/?p=20264#breadcrumb"},"inLanguage":"es","potentialAction":[{"@type":"ReadAction","target":["https:\/\/nuevodigitaldeescobar.com.ar\/?p=20264"]}]},{"@type":"ImageObject","inLanguage":"es","@id":"https:\/\/nuevodigitaldeescobar.com.ar\/?p=20264#primaryimage","url":"https:\/\/nuevodigitaldeescobar.com.ar\/wp-content\/uploads\/2026\/03\/b165417e-23f8-48ae-80f0-04fbd6047f92.jpg","contentUrl":"https:\/\/nuevodigitaldeescobar.com.ar\/wp-content\/uploads\/2026\/03\/b165417e-23f8-48ae-80f0-04fbd6047f92.jpg","width":1600,"height":1200},{"@type":"BreadcrumbList","@id":"https:\/\/nuevodigitaldeescobar.com.ar\/?p=20264#breadcrumb","itemListElement":[{"@type":"ListItem","position":1,"name":"Portada","item":"https:\/\/nuevodigitaldeescobar.com.ar\/"},{"@type":"ListItem","position":2,"name":"Bomberos de Gar\u00edn present\u00f3 a los nuevos aspirantes del ciclo 2026"}]},{"@type":"WebSite","@id":"https:\/\/nuevodigitaldeescobar.com.ar\/#website","url":"https:\/\/nuevodigitaldeescobar.com.ar\/","name":"Nuevo Digital de Escobar","description":"La vida escobarense. Directora: Rosana Brunner","publisher":{"@id":"https:\/\/nuevodigitaldeescobar.com.ar\/#organization"},"potentialAction":[{"@type":"SearchAction","target":{"@type":"EntryPoint","urlTemplate":"https:\/\/nuevodigitaldeescobar.com.ar\/?s={search_term_string}"},"query-input":{"@type":"PropertyValueSpecification","valueRequired":true,"valueName":"search_term_string"}}],"inLanguage":"es"},{"@type":"Organization","@id":"https:\/\/nuevodigitaldeescobar.com.ar\/#organization","name":"Nuevo Digital de Escobar","url":"https:\/\/nuevodigitaldeescobar.com.ar\/","logo":{"@type":"ImageObject","inLanguage":"es","@id":"https:\/\/nuevodigitaldeescobar.com.ar\/#\/schema\/logo\/image\/","url":"https:\/\/nuevodigitaldeescobar.com.ar\/wp-content\/uploads\/2025\/05\/cropped-logo-nuevo2.jpg","contentUrl":"https:\/\/nuevodigitaldeescobar.com.ar\/wp-content\/uploads\/2025\/05\/cropped-logo-nuevo2.jpg","width":305,"height":305,"caption":"Nuevo Digital de Escobar"},"image":{"@id":"https:\/\/nuevodigitaldeescobar.com.ar\/#\/schema\/logo\/image\/"},"sameAs":["https:\/\/www.facebook.com\/NUEVODigitalDeEscobar","https:\/\/x.com\/nuevodigescobar","https:\/\/www.instagram.com\/nuevodigitaldeescobar"]},{"@type":"Person","@id":"https:\/\/nuevodigitaldeescobar.com.ar\/#\/schema\/person\/035e90a8efe9a80e6eec22656ad6ea4c","name":"Redacci\u00f3n","image":{"@type":"ImageObject","inLanguage":"es","@id":"https:\/\/nuevodigitaldeescobar.com.ar\/#\/schema\/person\/image\/","url":"https:\/\/secure.gravatar.com\/avatar\/8af8f40000c24e9eef3034f2be5998a372bb1389e64b1a4a36b3a7979142220d?s=96&d=mm&r=g","contentUrl":"https:\/\/secure.gravatar.com\/avatar\/8af8f40000c24e9eef3034f2be5998a372bb1389e64b1a4a36b3a7979142220d?s=96&d=mm&r=g","caption":"Redacci\u00f3n"},"sameAs":["http:\/\/nuevodigitaldeescobar.com.ar"],"url":"https:\/\/nuevodigitaldeescobar.com.ar\/?author=1"}]}},"featured_image_urls":{"full":["https:\/\/nuevodigitaldeescobar.com.ar\/wp-content\/uploads\/2026\/03\/b165417e-23f8-48ae-80f0-04fbd6047f92.jpg",1600,1200,false],"thumbnail":["https:\/\/nuevodigitaldeescobar.com.ar\/wp-content\/uploads\/2026\/03\/b165417e-23f8-48ae-80f0-04fbd6047f92-150x150.jpg",150,150,true],"medium":["https:\/\/nuevodigitaldeescobar.com.ar\/wp-content\/uploads\/2026\/03\/b165417e-23f8-48ae-80f0-04fbd6047f92-300x225.jpg",300,225,true],"medium_large":["https:\/\/nuevodigitaldeescobar.com.ar\/wp-content\/uploads\/2026\/03\/b165417e-23f8-48ae-80f0-04fbd6047f92-768x576.jpg",640,480,true],"large":["https:\/\/nuevodigitaldeescobar.com.ar\/wp-content\/uploads\/2026\/03\/b165417e-23f8-48ae-80f0-04fbd6047f92-1024x768.jpg",640,480,true],"1536x1536":["https:\/\/nuevodigitaldeescobar.com.ar\/wp-content\/uploads\/2026\/03\/b165417e-23f8-48ae-80f0-04fbd6047f92-1536x1152.jpg",1536,1152,true],"2048x2048":["https:\/\/nuevodigitaldeescobar.com.ar\/wp-content\/uploads\/2026\/03\/b165417e-23f8-48ae-80f0-04fbd6047f92.jpg",1600,1200,false]},"author_info":{"display_name":"Redacci\u00f3n","author_link":"https:\/\/nuevodigitaldeescobar.com.ar\/?author=1"},"category_info":"<a href=\"https:\/\/nuevodigitaldeescobar.com.ar\/?cat=7\" rel=\"category\">Inter\u00e9s general<\/a>","tag_info":"Inter\u00e9s general","comment_count":"0","_links":{"self":[{"href":"https:\/\/nuevodigitaldeescobar.com.ar\/index.php?rest_route=\/wp\/v2\/posts\/20264","targetHints":{"allow":["GET"]}}],"collection":[{"href":"https:\/\/nuevodigitaldeescobar.com.ar\/index.php?rest_route=\/wp\/v2\/posts"}],"about":[{"href":"https:\/\/nuevodigitaldeescobar.com.ar\/index.php?rest_route=\/wp\/v2\/types\/post"}],"author":[{"embeddable":true,"href":"https:\/\/nuevodigitaldeescobar.com.ar\/index.php?rest_route=\/wp\/v2\/users\/1"}],"replies":[{"embeddable":true,"href":"https:\/\/nuevodigitaldeescobar.com.ar\/index.php?rest_route=%2Fwp%2Fv2%2Fcomments&post=20264"}],"version-history":[{"count":1,"href":"https:\/\/nuevodigitaldeescobar.com.ar\/index.php?rest_route=\/wp\/v2\/posts\/20264\/revisions"}],"predecessor-version":[{"id":20267,"href":"https:\/\/nuevodigitaldeescobar.com.ar\/index.php?rest_route=\/wp\/v2\/posts\/20264\/revisions\/20267"}],"wp:featuredmedia":[{"embeddable":true,"href":"https:\/\/nuevodigitaldeescobar.com.ar\/index.php?rest_route=\/wp\/v2\/media\/20265"}],"wp:attachment":[{"href":"https:\/\/nuevodigitaldeescobar.com.ar\/index.php?rest_route=%2Fwp%2Fv2%2Fmedia&parent=20264"}],"wp:term":[{"taxonomy":"category","embeddable":true,"href":"https:\/\/nuevodigitaldeescobar.com.ar\/index.php?rest_route=%2Fwp%2Fv2%2Fcategories&post=20264"},{"taxonomy":"post_tag","embeddable":true,"href":"https:\/\/nuevodigitaldeescobar.com.ar\/index.php?rest_route=%2Fwp%2Fv2%2Ftags&post=20264"}],"curies":[{"name":"wp","href":"https:\/\/api.w.org\/{rel}","templated":true}]}}