{"id":20268,"date":"2026-03-16T10:47:18","date_gmt":"2026-03-16T13:47:18","guid":{"rendered":"https:\/\/nuevodigitaldeescobar.com.ar\/?p=20268"},"modified":"2026-03-16T10:47:21","modified_gmt":"2026-03-16T13:47:21","slug":"murio-marcelo-araujo-una-de-las-voces-mas-emblematicas-del-relato-futbolero-argentino","status":"publish","type":"post","link":"https:\/\/nuevodigitaldeescobar.com.ar\/?p=20268","title":{"rendered":"Muri\u00f3 Marcelo Araujo, una de las voces m\u00e1s emblem\u00e1ticas del relato futbolero argentino"},"content":{"rendered":"\n<p>El periodismo deportivo argentino est\u00e1 de luto. Este lunes falleci\u00f3 a los 78 a\u00f1os el reconocido relator Marcelo Araujo, una de las voces m\u00e1s identificadas con las transmisiones televisivas del f\u00fatbol durante las \u00faltimas d\u00e9cadas.<\/p>\n\n\n\n<!--more-->\n\n\n\n<p>Nacido el 12 de junio de 1947 en el barrio porte\u00f1o de Villa Crespo con el nombre de <strong>L\u00e1zaro Jaime Zilberman<\/strong>, Araujo construy\u00f3 una extensa trayectoria que lo convirti\u00f3 en uno de los relatores m\u00e1s populares del pa\u00eds. Durante a\u00f1os fue el rostro y la voz del programa televisivo <strong>F\u00fatbol de Primera<\/strong>, ciclo que marc\u00f3 una \u00e9poca en las transmisiones del f\u00fatbol argentino desde fines de los a\u00f1os 80.<\/p>\n\n\n\n<p>Su estilo descontracturado, cargado de frases memorables y un tono apasionado para narrar los partidos, lo transformaron en una figura central del relato deportivo. Entre sus marcas registradas qued\u00f3 la frase dirigida a su compa\u00f1ero de transmisiones, el comentarista Enrique Macaya M\u00e1rquez: \u201c\u00bfEso fue penal o yo estoy crazy, Macaya?\u201d.<\/p>\n\n\n\n<p>Araujo relat\u00f3 durante d\u00e9cadas los encuentros m\u00e1s importantes del f\u00fatbol argentino y tambi\u00e9n particip\u00f3 en transmisiones internacionales. En los a\u00f1os 90 y principios de los 2000 se consolid\u00f3 como el narrador del \u201ccl\u00e1sico del domingo\u201d, acompa\u00f1ado por Macaya M\u00e1rquez en los comentarios.<\/p>\n\n\n\n<p>M\u00e1s adelante volvi\u00f3 a tener un rol protag\u00f3nico en la televisi\u00f3n abierta con el programa <strong>F\u00fatbol para Todos<\/strong>, donde volvi\u00f3 a relatar partidos del campeonato local y encuentros de la Selecci\u00f3n Argentina en eliminatorias mundialistas.<\/p>\n\n\n\n<p>A lo largo de su carrera tambi\u00e9n condujo programas deportivos, particip\u00f3 en transmisiones de torneos internacionales y fue una figura influyente para varias generaciones de relatores que llegaron despu\u00e9s.<\/p>\n\n\n\n<p>Con su muerte, el f\u00fatbol argentino pierde una de sus voces m\u00e1s caracter\u00edsticas, ligada a d\u00e9cadas de transmisiones que acompa\u00f1aron a millones de hinchas frente al televisor.<\/p>\n","protected":false},"excerpt":{"rendered":"<p>El periodismo deportivo argentino est\u00e1 de luto. Este lunes falleci\u00f3 a los 78 a\u00f1os el reconocido relator Marcelo Araujo, una de las voces m\u00e1s identificadas [&hellip;]<\/p>\n","protected":false},"author":1,"featured_media":20269,"comment_status":"open","ping_status":"open","sticky":false,"template":"","format":"standard","meta":{"footnotes":""},"categories":[8],"tags":[],"class_list":["post-20268","post","type-post","status-publish","format-standard","has-post-thumbnail","hentry","category-deportes"],"better_featured_image":{"id":20269,"alt_text":"","caption":"","description":"","media_type":"image","media_details":{"width":720,"height":410,"file":"2026\/03\/marcelo-araujo-2203524.jpg","filesize":35456,"sizes":{"medium":{"file":"marcelo-araujo-2203524-300x171.jpg","width":300,"height":171,"mime-type":"image\/jpeg","filesize":8659,"source_url":"https:\/\/nuevodigitaldeescobar.com.ar\/wp-content\/uploads\/2026\/03\/marcelo-araujo-2203524-300x171.jpg"},"thumbnail":{"file":"marcelo-araujo-2203524-150x150.jpg","width":150,"height":150,"mime-type":"image\/jpeg","filesize":4478,"source_url":"https:\/\/nuevodigitaldeescobar.com.ar\/wp-content\/uploads\/2026\/03\/marcelo-araujo-2203524-150x150.jpg"}},"image_meta":{"aperture":"0","credit":"","camera":"","caption":"","created_timestamp":"0","copyright":"","focal_length":"0","iso":"0","shutter_speed":"0","title":"","orientation":"0","keywords":[]}},"post":20268,"source_url":"https:\/\/nuevodigitaldeescobar.com.ar\/wp-content\/uploads\/2026\/03\/marcelo-araujo-2203524.jpg"},"yoast_head":"<!-- This site is optimized with the Yoast SEO plugin v26.1.1 - https:\/\/yoast.com\/wordpress\/plugins\/seo\/ -->\n<title>Muri\u00f3 Marcelo Araujo, una de las voces m\u00e1s emblem\u00e1ticas del relato futbolero argentino - Nuevo Digital de Escobar<\/title>\n<meta name=\"description\" content=\"Durante a\u00f1os fue el rostro y la voz del programa televisivo F\u00fatbol de Primera, ciclo que marc\u00f3 una \u00e9poca en las transmisiones del f\u00fatbol argentino desde fines de los a\u00f1os 80.\" \/>\n<meta name=\"robots\" content=\"index, follow, max-snippet:-1, max-image-preview:large, max-video-preview:-1\" \/>\n<link rel=\"canonical\" href=\"https:\/\/nuevodigitaldeescobar.com.ar\/?p=20268\" \/>\n<meta property=\"og:locale\" content=\"es_ES\" \/>\n<meta property=\"og:type\" content=\"article\" \/>\n<meta property=\"og:title\" content=\"Muri\u00f3 Marcelo Araujo, una de las voces m\u00e1s emblem\u00e1ticas del relato futbolero argentino\" \/>\n<meta property=\"og:description\" content=\"Durante a\u00f1os fue el rostro y la voz del programa televisivo F\u00fatbol de Primera, ciclo que marc\u00f3 una \u00e9poca en las transmisiones del f\u00fatbol argentino desde fines de los a\u00f1os 80.\" \/>\n<meta property=\"og:url\" content=\"https:\/\/nuevodigitaldeescobar.com.ar\/?p=20268\" \/>\n<meta property=\"og:site_name\" content=\"Nuevo Digital de Escobar\" \/>\n<meta property=\"article:publisher\" content=\"https:\/\/www.facebook.com\/NUEVODigitalDeEscobar\" \/>\n<meta property=\"article:published_time\" content=\"2026-03-16T13:47:18+00:00\" \/>\n<meta property=\"article:modified_time\" content=\"2026-03-16T13:47:21+00:00\" \/>\n<meta property=\"og:image\" content=\"http:\/\/nuevodigitaldeescobar.com.ar\/wp-content\/uploads\/2026\/03\/marcelo-araujo-2203524.jpg\" \/>\n\t<meta property=\"og:image:width\" content=\"720\" \/>\n\t<meta property=\"og:image:height\" content=\"410\" \/>\n\t<meta property=\"og:image:type\" content=\"image\/jpeg\" \/>\n<meta name=\"author\" content=\"Redacci\u00f3n\" \/>\n<meta name=\"twitter:card\" content=\"summary_large_image\" \/>\n<meta name=\"twitter:creator\" content=\"@nuevodigescobar\" \/>\n<meta name=\"twitter:site\" content=\"@nuevodigescobar\" \/>\n<meta name=\"twitter:label1\" content=\"Escrito por\" \/>\n\t<meta name=\"twitter:data1\" content=\"Redacci\u00f3n\" \/>\n\t<meta name=\"twitter:label2\" content=\"Tiempo de lectura\" \/>\n\t<meta name=\"twitter:data2\" content=\"2 minutos\" \/>\n<script type=\"application\/ld+json\" class=\"yoast-schema-graph\">{\"@context\":\"https:\/\/schema.org\",\"@graph\":[{\"@type\":\"Article\",\"@id\":\"https:\/\/nuevodigitaldeescobar.com.ar\/?p=20268#article\",\"isPartOf\":{\"@id\":\"https:\/\/nuevodigitaldeescobar.com.ar\/?p=20268\"},\"author\":{\"name\":\"Redacci\u00f3n\",\"@id\":\"https:\/\/nuevodigitaldeescobar.com.ar\/#\/schema\/person\/035e90a8efe9a80e6eec22656ad6ea4c\"},\"headline\":\"Muri\u00f3 Marcelo Araujo, una de las voces m\u00e1s emblem\u00e1ticas del relato futbolero argentino\",\"datePublished\":\"2026-03-16T13:47:18+00:00\",\"dateModified\":\"2026-03-16T13:47:21+00:00\",\"mainEntityOfPage\":{\"@id\":\"https:\/\/nuevodigitaldeescobar.com.ar\/?p=20268\"},\"wordCount\":330,\"commentCount\":0,\"publisher\":{\"@id\":\"https:\/\/nuevodigitaldeescobar.com.ar\/#organization\"},\"image\":{\"@id\":\"https:\/\/nuevodigitaldeescobar.com.ar\/?p=20268#primaryimage\"},\"thumbnailUrl\":\"https:\/\/nuevodigitaldeescobar.com.ar\/wp-content\/uploads\/2026\/03\/marcelo-araujo-2203524.jpg\",\"articleSection\":[\"Deportes\"],\"inLanguage\":\"es\",\"potentialAction\":[{\"@type\":\"CommentAction\",\"name\":\"Comment\",\"target\":[\"https:\/\/nuevodigitaldeescobar.com.ar\/?p=20268#respond\"]}]},{\"@type\":\"WebPage\",\"@id\":\"https:\/\/nuevodigitaldeescobar.com.ar\/?p=20268\",\"url\":\"https:\/\/nuevodigitaldeescobar.com.ar\/?p=20268\",\"name\":\"Muri\u00f3 Marcelo Araujo, una de las voces m\u00e1s emblem\u00e1ticas del relato futbolero argentino - Nuevo Digital de Escobar\",\"isPartOf\":{\"@id\":\"https:\/\/nuevodigitaldeescobar.com.ar\/#website\"},\"primaryImageOfPage\":{\"@id\":\"https:\/\/nuevodigitaldeescobar.com.ar\/?p=20268#primaryimage\"},\"image\":{\"@id\":\"https:\/\/nuevodigitaldeescobar.com.ar\/?p=20268#primaryimage\"},\"thumbnailUrl\":\"https:\/\/nuevodigitaldeescobar.com.ar\/wp-content\/uploads\/2026\/03\/marcelo-araujo-2203524.jpg\",\"datePublished\":\"2026-03-16T13:47:18+00:00\",\"dateModified\":\"2026-03-16T13:47:21+00:00\",\"description\":\"Durante a\u00f1os fue el rostro y la voz del programa televisivo F\u00fatbol de Primera, ciclo que marc\u00f3 una \u00e9poca en las transmisiones del f\u00fatbol argentino desde fines de los a\u00f1os 80.\",\"breadcrumb\":{\"@id\":\"https:\/\/nuevodigitaldeescobar.com.ar\/?p=20268#breadcrumb\"},\"inLanguage\":\"es\",\"potentialAction\":[{\"@type\":\"ReadAction\",\"target\":[\"https:\/\/nuevodigitaldeescobar.com.ar\/?p=20268\"]}]},{\"@type\":\"ImageObject\",\"inLanguage\":\"es\",\"@id\":\"https:\/\/nuevodigitaldeescobar.com.ar\/?p=20268#primaryimage\",\"url\":\"https:\/\/nuevodigitaldeescobar.com.ar\/wp-content\/uploads\/2026\/03\/marcelo-araujo-2203524.jpg\",\"contentUrl\":\"https:\/\/nuevodigitaldeescobar.com.ar\/wp-content\/uploads\/2026\/03\/marcelo-araujo-2203524.jpg\",\"width\":720,\"height\":410},{\"@type\":\"BreadcrumbList\",\"@id\":\"https:\/\/nuevodigitaldeescobar.com.ar\/?p=20268#breadcrumb\",\"itemListElement\":[{\"@type\":\"ListItem\",\"position\":1,\"name\":\"Portada\",\"item\":\"https:\/\/nuevodigitaldeescobar.com.ar\/\"},{\"@type\":\"ListItem\",\"position\":2,\"name\":\"Muri\u00f3 Marcelo Araujo, una de las voces m\u00e1s emblem\u00e1ticas del relato futbolero argentino\"}]},{\"@type\":\"WebSite\",\"@id\":\"https:\/\/nuevodigitaldeescobar.com.ar\/#website\",\"url\":\"https:\/\/nuevodigitaldeescobar.com.ar\/\",\"name\":\"Nuevo Digital de Escobar\",\"description\":\"La vida escobarense. Directora: Rosana Brunner\",\"publisher\":{\"@id\":\"https:\/\/nuevodigitaldeescobar.com.ar\/#organization\"},\"potentialAction\":[{\"@type\":\"SearchAction\",\"target\":{\"@type\":\"EntryPoint\",\"urlTemplate\":\"https:\/\/nuevodigitaldeescobar.com.ar\/?s={search_term_string}\"},\"query-input\":{\"@type\":\"PropertyValueSpecification\",\"valueRequired\":true,\"valueName\":\"search_term_string\"}}],\"inLanguage\":\"es\"},{\"@type\":\"Organization\",\"@id\":\"https:\/\/nuevodigitaldeescobar.com.ar\/#organization\",\"name\":\"Nuevo Digital de Escobar\",\"url\":\"https:\/\/nuevodigitaldeescobar.com.ar\/\",\"logo\":{\"@type\":\"ImageObject\",\"inLanguage\":\"es\",\"@id\":\"https:\/\/nuevodigitaldeescobar.com.ar\/#\/schema\/logo\/image\/\",\"url\":\"https:\/\/nuevodigitaldeescobar.com.ar\/wp-content\/uploads\/2025\/05\/cropped-logo-nuevo2.jpg\",\"contentUrl\":\"https:\/\/nuevodigitaldeescobar.com.ar\/wp-content\/uploads\/2025\/05\/cropped-logo-nuevo2.jpg\",\"width\":305,\"height\":305,\"caption\":\"Nuevo Digital de Escobar\"},\"image\":{\"@id\":\"https:\/\/nuevodigitaldeescobar.com.ar\/#\/schema\/logo\/image\/\"},\"sameAs\":[\"https:\/\/www.facebook.com\/NUEVODigitalDeEscobar\",\"https:\/\/x.com\/nuevodigescobar\",\"https:\/\/www.instagram.com\/nuevodigitaldeescobar\"]},{\"@type\":\"Person\",\"@id\":\"https:\/\/nuevodigitaldeescobar.com.ar\/#\/schema\/person\/035e90a8efe9a80e6eec22656ad6ea4c\",\"name\":\"Redacci\u00f3n\",\"image\":{\"@type\":\"ImageObject\",\"inLanguage\":\"es\",\"@id\":\"https:\/\/nuevodigitaldeescobar.com.ar\/#\/schema\/person\/image\/\",\"url\":\"https:\/\/secure.gravatar.com\/avatar\/8af8f40000c24e9eef3034f2be5998a372bb1389e64b1a4a36b3a7979142220d?s=96&d=mm&r=g\",\"contentUrl\":\"https:\/\/secure.gravatar.com\/avatar\/8af8f40000c24e9eef3034f2be5998a372bb1389e64b1a4a36b3a7979142220d?s=96&d=mm&r=g\",\"caption\":\"Redacci\u00f3n\"},\"sameAs\":[\"http:\/\/nuevodigitaldeescobar.com.ar\"],\"url\":\"https:\/\/nuevodigitaldeescobar.com.ar\/?author=1\"}]}<\/script>\n<!-- \/ Yoast SEO plugin. -->","yoast_head_json":{"title":"Muri\u00f3 Marcelo Araujo, una de las voces m\u00e1s emblem\u00e1ticas del relato futbolero argentino - Nuevo Digital de Escobar","description":"Durante a\u00f1os fue el rostro y la voz del programa televisivo F\u00fatbol de Primera, ciclo que marc\u00f3 una \u00e9poca en las transmisiones del f\u00fatbol argentino desde fines de los a\u00f1os 80.","robots":{"index":"index","follow":"follow","max-snippet":"max-snippet:-1","max-image-preview":"max-image-preview:large","max-video-preview":"max-video-preview:-1"},"canonical":"https:\/\/nuevodigitaldeescobar.com.ar\/?p=20268","og_locale":"es_ES","og_type":"article","og_title":"Muri\u00f3 Marcelo Araujo, una de las voces m\u00e1s emblem\u00e1ticas del relato futbolero argentino","og_description":"Durante a\u00f1os fue el rostro y la voz del programa televisivo F\u00fatbol de Primera, ciclo que marc\u00f3 una \u00e9poca en las transmisiones del f\u00fatbol argentino desde fines de los a\u00f1os 80.","og_url":"https:\/\/nuevodigitaldeescobar.com.ar\/?p=20268","og_site_name":"Nuevo Digital de Escobar","article_publisher":"https:\/\/www.facebook.com\/NUEVODigitalDeEscobar","article_published_time":"2026-03-16T13:47:18+00:00","article_modified_time":"2026-03-16T13:47:21+00:00","og_image":[{"width":720,"height":410,"url":"http:\/\/nuevodigitaldeescobar.com.ar\/wp-content\/uploads\/2026\/03\/marcelo-araujo-2203524.jpg","type":"image\/jpeg"}],"author":"Redacci\u00f3n","twitter_card":"summary_large_image","twitter_creator":"@nuevodigescobar","twitter_site":"@nuevodigescobar","twitter_misc":{"Escrito por":"Redacci\u00f3n","Tiempo de lectura":"2 minutos"},"schema":{"@context":"https:\/\/schema.org","@graph":[{"@type":"Article","@id":"https:\/\/nuevodigitaldeescobar.com.ar\/?p=20268#article","isPartOf":{"@id":"https:\/\/nuevodigitaldeescobar.com.ar\/?p=20268"},"author":{"name":"Redacci\u00f3n","@id":"https:\/\/nuevodigitaldeescobar.com.ar\/#\/schema\/person\/035e90a8efe9a80e6eec22656ad6ea4c"},"headline":"Muri\u00f3 Marcelo Araujo, una de las voces m\u00e1s emblem\u00e1ticas del relato futbolero argentino","datePublished":"2026-03-16T13:47:18+00:00","dateModified":"2026-03-16T13:47:21+00:00","mainEntityOfPage":{"@id":"https:\/\/nuevodigitaldeescobar.com.ar\/?p=20268"},"wordCount":330,"commentCount":0,"publisher":{"@id":"https:\/\/nuevodigitaldeescobar.com.ar\/#organization"},"image":{"@id":"https:\/\/nuevodigitaldeescobar.com.ar\/?p=20268#primaryimage"},"thumbnailUrl":"https:\/\/nuevodigitaldeescobar.com.ar\/wp-content\/uploads\/2026\/03\/marcelo-araujo-2203524.jpg","articleSection":["Deportes"],"inLanguage":"es","potentialAction":[{"@type":"CommentAction","name":"Comment","target":["https:\/\/nuevodigitaldeescobar.com.ar\/?p=20268#respond"]}]},{"@type":"WebPage","@id":"https:\/\/nuevodigitaldeescobar.com.ar\/?p=20268","url":"https:\/\/nuevodigitaldeescobar.com.ar\/?p=20268","name":"Muri\u00f3 Marcelo Araujo, una de las voces m\u00e1s emblem\u00e1ticas del relato futbolero argentino - Nuevo Digital de Escobar","isPartOf":{"@id":"https:\/\/nuevodigitaldeescobar.com.ar\/#website"},"primaryImageOfPage":{"@id":"https:\/\/nuevodigitaldeescobar.com.ar\/?p=20268#primaryimage"},"image":{"@id":"https:\/\/nuevodigitaldeescobar.com.ar\/?p=20268#primaryimage"},"thumbnailUrl":"https:\/\/nuevodigitaldeescobar.com.ar\/wp-content\/uploads\/2026\/03\/marcelo-araujo-2203524.jpg","datePublished":"2026-03-16T13:47:18+00:00","dateModified":"2026-03-16T13:47:21+00:00","description":"Durante a\u00f1os fue el rostro y la voz del programa televisivo F\u00fatbol de Primera, ciclo que marc\u00f3 una \u00e9poca en las transmisiones del f\u00fatbol argentino desde fines de los a\u00f1os 80.","breadcrumb":{"@id":"https:\/\/nuevodigitaldeescobar.com.ar\/?p=20268#breadcrumb"},"inLanguage":"es","potentialAction":[{"@type":"ReadAction","target":["https:\/\/nuevodigitaldeescobar.com.ar\/?p=20268"]}]},{"@type":"ImageObject","inLanguage":"es","@id":"https:\/\/nuevodigitaldeescobar.com.ar\/?p=20268#primaryimage","url":"https:\/\/nuevodigitaldeescobar.com.ar\/wp-content\/uploads\/2026\/03\/marcelo-araujo-2203524.jpg","contentUrl":"https:\/\/nuevodigitaldeescobar.com.ar\/wp-content\/uploads\/2026\/03\/marcelo-araujo-2203524.jpg","width":720,"height":410},{"@type":"BreadcrumbList","@id":"https:\/\/nuevodigitaldeescobar.com.ar\/?p=20268#breadcrumb","itemListElement":[{"@type":"ListItem","position":1,"name":"Portada","item":"https:\/\/nuevodigitaldeescobar.com.ar\/"},{"@type":"ListItem","position":2,"name":"Muri\u00f3 Marcelo Araujo, una de las voces m\u00e1s emblem\u00e1ticas del relato futbolero argentino"}]},{"@type":"WebSite","@id":"https:\/\/nuevodigitaldeescobar.com.ar\/#website","url":"https:\/\/nuevodigitaldeescobar.com.ar\/","name":"Nuevo Digital de Escobar","description":"La vida escobarense. Directora: Rosana Brunner","publisher":{"@id":"https:\/\/nuevodigitaldeescobar.com.ar\/#organization"},"potentialAction":[{"@type":"SearchAction","target":{"@type":"EntryPoint","urlTemplate":"https:\/\/nuevodigitaldeescobar.com.ar\/?s={search_term_string}"},"query-input":{"@type":"PropertyValueSpecification","valueRequired":true,"valueName":"search_term_string"}}],"inLanguage":"es"},{"@type":"Organization","@id":"https:\/\/nuevodigitaldeescobar.com.ar\/#organization","name":"Nuevo Digital de Escobar","url":"https:\/\/nuevodigitaldeescobar.com.ar\/","logo":{"@type":"ImageObject","inLanguage":"es","@id":"https:\/\/nuevodigitaldeescobar.com.ar\/#\/schema\/logo\/image\/","url":"https:\/\/nuevodigitaldeescobar.com.ar\/wp-content\/uploads\/2025\/05\/cropped-logo-nuevo2.jpg","contentUrl":"https:\/\/nuevodigitaldeescobar.com.ar\/wp-content\/uploads\/2025\/05\/cropped-logo-nuevo2.jpg","width":305,"height":305,"caption":"Nuevo Digital de Escobar"},"image":{"@id":"https:\/\/nuevodigitaldeescobar.com.ar\/#\/schema\/logo\/image\/"},"sameAs":["https:\/\/www.facebook.com\/NUEVODigitalDeEscobar","https:\/\/x.com\/nuevodigescobar","https:\/\/www.instagram.com\/nuevodigitaldeescobar"]},{"@type":"Person","@id":"https:\/\/nuevodigitaldeescobar.com.ar\/#\/schema\/person\/035e90a8efe9a80e6eec22656ad6ea4c","name":"Redacci\u00f3n","image":{"@type":"ImageObject","inLanguage":"es","@id":"https:\/\/nuevodigitaldeescobar.com.ar\/#\/schema\/person\/image\/","url":"https:\/\/secure.gravatar.com\/avatar\/8af8f40000c24e9eef3034f2be5998a372bb1389e64b1a4a36b3a7979142220d?s=96&d=mm&r=g","contentUrl":"https:\/\/secure.gravatar.com\/avatar\/8af8f40000c24e9eef3034f2be5998a372bb1389e64b1a4a36b3a7979142220d?s=96&d=mm&r=g","caption":"Redacci\u00f3n"},"sameAs":["http:\/\/nuevodigitaldeescobar.com.ar"],"url":"https:\/\/nuevodigitaldeescobar.com.ar\/?author=1"}]}},"featured_image_urls":{"full":["https:\/\/nuevodigitaldeescobar.com.ar\/wp-content\/uploads\/2026\/03\/marcelo-araujo-2203524.jpg",720,410,false],"thumbnail":["https:\/\/nuevodigitaldeescobar.com.ar\/wp-content\/uploads\/2026\/03\/marcelo-araujo-2203524-150x150.jpg",150,150,true],"medium":["https:\/\/nuevodigitaldeescobar.com.ar\/wp-content\/uploads\/2026\/03\/marcelo-araujo-2203524-300x171.jpg",300,171,true],"medium_large":["https:\/\/nuevodigitaldeescobar.com.ar\/wp-content\/uploads\/2026\/03\/marcelo-araujo-2203524.jpg",640,364,false],"large":["https:\/\/nuevodigitaldeescobar.com.ar\/wp-content\/uploads\/2026\/03\/marcelo-araujo-2203524.jpg",640,364,false],"1536x1536":["https:\/\/nuevodigitaldeescobar.com.ar\/wp-content\/uploads\/2026\/03\/marcelo-araujo-2203524.jpg",720,410,false],"2048x2048":["https:\/\/nuevodigitaldeescobar.com.ar\/wp-content\/uploads\/2026\/03\/marcelo-araujo-2203524.jpg",720,410,false]},"author_info":{"display_name":"Redacci\u00f3n","author_link":"https:\/\/nuevodigitaldeescobar.com.ar\/?author=1"},"category_info":"<a href=\"https:\/\/nuevodigitaldeescobar.com.ar\/?cat=8\" rel=\"category\">Deportes<\/a>","tag_info":"Deportes","comment_count":"0","_links":{"self":[{"href":"https:\/\/nuevodigitaldeescobar.com.ar\/index.php?rest_route=\/wp\/v2\/posts\/20268","targetHints":{"allow":["GET"]}}],"collection":[{"href":"https:\/\/nuevodigitaldeescobar.com.ar\/index.php?rest_route=\/wp\/v2\/posts"}],"about":[{"href":"https:\/\/nuevodigitaldeescobar.com.ar\/index.php?rest_route=\/wp\/v2\/types\/post"}],"author":[{"embeddable":true,"href":"https:\/\/nuevodigitaldeescobar.com.ar\/index.php?rest_route=\/wp\/v2\/users\/1"}],"replies":[{"embeddable":true,"href":"https:\/\/nuevodigitaldeescobar.com.ar\/index.php?rest_route=%2Fwp%2Fv2%2Fcomments&post=20268"}],"version-history":[{"count":1,"href":"https:\/\/nuevodigitaldeescobar.com.ar\/index.php?rest_route=\/wp\/v2\/posts\/20268\/revisions"}],"predecessor-version":[{"id":20270,"href":"https:\/\/nuevodigitaldeescobar.com.ar\/index.php?rest_route=\/wp\/v2\/posts\/20268\/revisions\/20270"}],"wp:featuredmedia":[{"embeddable":true,"href":"https:\/\/nuevodigitaldeescobar.com.ar\/index.php?rest_route=\/wp\/v2\/media\/20269"}],"wp:attachment":[{"href":"https:\/\/nuevodigitaldeescobar.com.ar\/index.php?rest_route=%2Fwp%2Fv2%2Fmedia&parent=20268"}],"wp:term":[{"taxonomy":"category","embeddable":true,"href":"https:\/\/nuevodigitaldeescobar.com.ar\/index.php?rest_route=%2Fwp%2Fv2%2Fcategories&post=20268"},{"taxonomy":"post_tag","embeddable":true,"href":"https:\/\/nuevodigitaldeescobar.com.ar\/index.php?rest_route=%2Fwp%2Fv2%2Ftags&post=20268"}],"curies":[{"name":"wp","href":"https:\/\/api.w.org\/{rel}","templated":true}]}}