{"id":2027,"date":"2023-12-22T07:00:00","date_gmt":"2023-12-22T10:00:00","guid":{"rendered":"https:\/\/nuevodigitaldeescobar.com.ar\/?p=2027"},"modified":"2023-12-21T19:35:51","modified_gmt":"2023-12-21T22:35:51","slug":"sorpresa-con-la-encefalomielitis-equina-en-baradero-se-contagio-una-oveja","status":"publish","type":"post","link":"https:\/\/nuevodigitaldeescobar.com.ar\/?p=2027","title":{"rendered":"Sorpresa con la encefalomielitis equina: en Baradero, se contagi\u00f3 una oveja"},"content":{"rendered":"<p class=\"MsoNormal\"><b><i><span style=\"color: #003366;\">Se diagnostic\u00f3 la presencia del virus en una hembra ovina de cuatro meses de edad que hab\u00eda presentado signos nerviosos y convivi\u00f3 con equinos afectados.<\/span><\/i><\/b><\/p>\n<p><!--more--><\/p>\n<hr \/>\n<p class=\"MsoNormal\">El avance de la encefalomielitis equina en Argentina no para de dar sorpresas, y no de las gratas: luego de que este mi\u00e9rcoles se diera a conocer el primer caso del virus en un humano, el Servicio Nacional de Sanidad y Calidad Agroalimentaria (Senasa) tambi\u00e9n inform\u00f3 sobre la aparici\u00f3n de la enfermedad en un ejemplar ovino.<b><i><\/i><\/b><\/p>\n<p class=\"MsoNormal\">Seg\u00fan indic\u00f3 el organismo sanitario, el Instituto Nacional de Enfermedades Virales Humanas Dr. Julio I. Maiztegui diagnostic\u00f3 la presencia del virus de EEO (encefalomielitis equina del oeste) en una muestra de la localidad de Baradero (Buenos Aires).<\/p>\n<p class=\"MsoNormal\">Se trata de un ovino hembra de cuatro meses de edad que hab\u00eda presentado signos nerviosos, y era conviviente con equinos que presentaron sintomatolog\u00eda cl\u00ednica y mortandades.<\/p>\n<p class=\"MsoNormal\">Del reporte del Senasa se desprende que constituye una situaci\u00f3n con pocos antecedentes registrados.<\/p>\n<p class=\"MsoNormal\"><i>\u201cLas probabilidades de que el virus de EEO afecte a otras especies animales distintas al equino son extremadamente bajas y no se encuentra descripto en la bibliograf\u00eda internacional\u201d<\/i>, mencion\u00f3 el Senasa.<\/p>\n<p class=\"MsoNormal\">De todos modos, record\u00f3 que en condiciones ecol\u00f3gicas propicias (lo que favorece la presencia del mosquito vector) resultan m\u00e1s susceptibles los individuos j\u00f3venes, tanto en especies animales como en humanos.<\/p>\n<h3 class=\"MsoNormal\"><b><span style=\"color: #003366;\">M\u00e1s provincias con encefalomielitis equina<\/span><\/b><\/h3>\n<p class=\"MsoNormal\">En paralelo, el Servicio de Sanidad tambi\u00e9n confirm\u00f3 m\u00e1s brotes y en provincias que hasta ahora estaban exentas de la enfermedad.<\/p>\n<p class=\"MsoNormal\">Se trata de La Pampa, San Luis y Salta, donde se confirm\u00f3 la presencia de EEO en muestras tomadas a equinos con s\u00edntomas nerviosos y mortandad y posteriormente procesadas en los laboratorios del INTA Castelar, <i>\u201cDr. Julio I. Maiztegui\u201d<\/i> y del Instituto Virol\u00f3gico Jos\u00e9 Vanella de la Universidad Nacional de C\u00f3rdoba (UNC).<\/p>\n<p class=\"MsoNormal\"><i>\u201cDesde el inicio de la emergencia se confirmaron un total de 922 brotes positivos, 28 por diagn\u00f3stico de laboratorio y 894 por diagn\u00f3stico cl\u00ednico (por sintomatolog\u00eda y nexo epidemiol\u00f3gico)\u201d<\/i>, precis\u00f3 el Senasa.<\/p>\n<p class=\"MsoNormal\">Hasta ahora, las provincias con presencia confirmada de la enfermedad son Buenos Aires, Chaco, Corrientes, C\u00f3rdoba, Santa Fe, Entre R\u00edos, Formosa, Santiago del Estero, R\u00edo Negro, La Pampa, San Luis y Salta.<\/p>\n<h3 class=\"MsoNormal\"><b><span style=\"color: #003366;\">Distribuyen m\u00e1s vacunas<\/span><\/b><\/h3>\n<p class=\"MsoNormal\">En este marco, el Senasa tambi\u00e9n hizo referencia a que, con relaci\u00f3n a la disponibilidad de vacunas, <i>\u201ccontin\u00faa trabajando coordinadamente con los laboratorios productores e importadores para agilizar la aprobaci\u00f3n de las series de dosis y enviarlas a las provincias y regiones m\u00e1s afectadas\u201d<\/i>.<\/p>\n<p class=\"MsoNormal\">Hasta ahora, ya se distribuyeron m\u00e1s de 1,2 millones de dosis de la vacuna, mientras que un laboratorio de producci\u00f3n nacional \u2013Tecnovax\u2013 contin\u00faa elabor\u00e1ndola para atender la demanda en todo el territorio y alcanzar la cobertura total.<\/p>\n<p class=\"MsoNormal\">Precisamente, este mi\u00e9rcoles la empresa difundi\u00f3 un mapa interactivo (que puede consultarse en la p\u00e1gina <a href=\"https:\/\/tecnovax.com\/donde-comprar-nuestra-vacuna-providean-contendor-encefalo-contra-encefalomielitis-equina\/\">https:\/\/tecnovax.com\/donde-comprar-nuestra-vacuna-providean-contendor-encefalo-contra-encefalomielitis-equina\/<\/a>) para que, quienes necesiten la vacuna, puedan saber d\u00f3nde comprarla.<\/p>\n<p class=\"MsoNormal\"><i>(Infocampo)<\/i><\/p>\n","protected":false},"excerpt":{"rendered":"<p>Se diagnostic\u00f3 la presencia del virus en una hembra ovina de cuatro meses de edad que hab\u00eda presentado signos nerviosos y convivi\u00f3 con equinos afectados.<\/p>\n","protected":false},"author":1,"featured_media":2028,"comment_status":"open","ping_status":"closed","sticky":false,"template":"","format":"standard","meta":{"footnotes":""},"categories":[14,3],"tags":[],"class_list":["post-2027","post","type-post","status-publish","format-standard","has-post-thumbnail","hentry","category-clima-medioambiente-y-sostenibilidad","category-nutricion"],"better_featured_image":{"id":2028,"alt_text":"","caption":"","description":"","media_type":"image","media_details":{"width":720,"height":410,"file":"2023\/12\/ovejas-e1703194785520.jpg","filesize":224216,"sizes":{"medium":{"file":"ovejas-300x171.jpg","width":300,"height":171,"mime-type":"image\/jpeg","filesize":16157,"source_url":"https:\/\/nuevodigitaldeescobar.com.ar\/wp-content\/uploads\/2023\/12\/ovejas-300x171.jpg"},"thumbnail":{"file":"ovejas-150x150.jpg","width":150,"height":150,"mime-type":"image\/jpeg","filesize":7284,"source_url":"https:\/\/nuevodigitaldeescobar.com.ar\/wp-content\/uploads\/2023\/12\/ovejas-150x150.jpg"},"medium_large":{"file":"ovejas-768x438.jpg","width":768,"height":438,"mime-type":"image\/jpeg","filesize":96342,"source_url":"https:\/\/nuevodigitaldeescobar.com.ar\/wp-content\/uploads\/2023\/12\/ovejas-768x438.jpg"},"covernews-slider-center":{"file":"ovejas-800x500.jpg","width":800,"height":500,"mime-type":"image\/jpeg","filesize":110254,"source_url":"https:\/\/nuevodigitaldeescobar.com.ar\/wp-content\/uploads\/2023\/12\/ovejas-800x500.jpg"},"covernews-medium":{"file":"ovejas-540x340.jpg","width":540,"height":340,"mime-type":"image\/jpeg","filesize":55672,"source_url":"https:\/\/nuevodigitaldeescobar.com.ar\/wp-content\/uploads\/2023\/12\/ovejas-540x340.jpg"},"covernews-medium-square":{"file":"ovejas-400x250.jpg","width":400,"height":250,"mime-type":"image\/jpeg","filesize":31075,"source_url":"https:\/\/nuevodigitaldeescobar.com.ar\/wp-content\/uploads\/2023\/12\/ovejas-400x250.jpg"}},"image_meta":{"aperture":"0","credit":"","camera":"","caption":"","created_timestamp":"0","copyright":"","focal_length":"0","iso":"0","shutter_speed":"0","title":"","orientation":"0","keywords":[]}},"post":2027,"source_url":"https:\/\/nuevodigitaldeescobar.com.ar\/wp-content\/uploads\/2023\/12\/ovejas-e1703194785520.jpg"},"yoast_head":"<!-- This site is optimized with the Yoast SEO plugin v26.1.1 - https:\/\/yoast.com\/wordpress\/plugins\/seo\/ -->\n<title>Sorpresa con la encefalomielitis equina: en Baradero, se contagi\u00f3 una oveja - Nuevo Digital de Escobar<\/title>\n<meta name=\"robots\" content=\"index, follow, max-snippet:-1, max-image-preview:large, max-video-preview:-1\" \/>\n<link rel=\"canonical\" href=\"https:\/\/nuevodigitaldeescobar.com.ar\/?p=2027\" \/>\n<meta property=\"og:locale\" content=\"es_ES\" \/>\n<meta property=\"og:type\" content=\"article\" \/>\n<meta property=\"og:title\" content=\"Sorpresa con la encefalomielitis equina: en Baradero, se contagi\u00f3 una oveja - Nuevo Digital de Escobar\" \/>\n<meta property=\"og:description\" content=\"Se diagnostic\u00f3 la presencia del virus en una hembra ovina de cuatro meses de edad que hab\u00eda presentado signos nerviosos y convivi\u00f3 con equinos afectados.\" \/>\n<meta property=\"og:url\" content=\"https:\/\/nuevodigitaldeescobar.com.ar\/?p=2027\" \/>\n<meta property=\"og:site_name\" content=\"Nuevo Digital de Escobar\" \/>\n<meta property=\"article:publisher\" content=\"https:\/\/www.facebook.com\/NUEVODigitalDeEscobar\" \/>\n<meta property=\"article:published_time\" content=\"2023-12-22T10:00:00+00:00\" \/>\n<meta property=\"og:image\" content=\"https:\/\/nuevodigitaldeescobar.com.ar\/wp-content\/uploads\/2023\/12\/ovejas-e1703194785520.jpg\" \/>\n\t<meta property=\"og:image:width\" content=\"720\" \/>\n\t<meta property=\"og:image:height\" content=\"410\" \/>\n\t<meta property=\"og:image:type\" content=\"image\/jpeg\" \/>\n<meta name=\"author\" content=\"Redacci\u00f3n\" \/>\n<meta name=\"twitter:card\" content=\"summary_large_image\" \/>\n<meta name=\"twitter:creator\" content=\"@nuevodigescobar\" \/>\n<meta name=\"twitter:site\" content=\"@nuevodigescobar\" \/>\n<meta name=\"twitter:label1\" content=\"Escrito por\" \/>\n\t<meta name=\"twitter:data1\" content=\"Redacci\u00f3n\" \/>\n\t<meta name=\"twitter:label2\" content=\"Tiempo de lectura\" \/>\n\t<meta name=\"twitter:data2\" content=\"3 minutos\" \/>\n<script type=\"application\/ld+json\" class=\"yoast-schema-graph\">{\"@context\":\"https:\/\/schema.org\",\"@graph\":[{\"@type\":\"Article\",\"@id\":\"https:\/\/nuevodigitaldeescobar.com.ar\/?p=2027#article\",\"isPartOf\":{\"@id\":\"https:\/\/nuevodigitaldeescobar.com.ar\/?p=2027\"},\"author\":{\"name\":\"Redacci\u00f3n\",\"@id\":\"https:\/\/nuevodigitaldeescobar.com.ar\/#\/schema\/person\/035e90a8efe9a80e6eec22656ad6ea4c\"},\"headline\":\"Sorpresa con la encefalomielitis equina: en Baradero, se contagi\u00f3 una oveja\",\"datePublished\":\"2023-12-22T10:00:00+00:00\",\"mainEntityOfPage\":{\"@id\":\"https:\/\/nuevodigitaldeescobar.com.ar\/?p=2027\"},\"wordCount\":523,\"commentCount\":0,\"publisher\":{\"@id\":\"https:\/\/nuevodigitaldeescobar.com.ar\/#organization\"},\"image\":{\"@id\":\"https:\/\/nuevodigitaldeescobar.com.ar\/?p=2027#primaryimage\"},\"thumbnailUrl\":\"https:\/\/nuevodigitaldeescobar.com.ar\/wp-content\/uploads\/2023\/12\/ovejas-e1703194785520.jpg\",\"articleSection\":[\"Clima, Medioambiente y Sostenibilidad\",\"Salud y Nutrici\u00f3n\"],\"inLanguage\":\"es\",\"potentialAction\":[{\"@type\":\"CommentAction\",\"name\":\"Comment\",\"target\":[\"https:\/\/nuevodigitaldeescobar.com.ar\/?p=2027#respond\"]}]},{\"@type\":\"WebPage\",\"@id\":\"https:\/\/nuevodigitaldeescobar.com.ar\/?p=2027\",\"url\":\"https:\/\/nuevodigitaldeescobar.com.ar\/?p=2027\",\"name\":\"Sorpresa con la encefalomielitis equina: en Baradero, se contagi\u00f3 una oveja - Nuevo Digital de Escobar\",\"isPartOf\":{\"@id\":\"https:\/\/nuevodigitaldeescobar.com.ar\/#website\"},\"primaryImageOfPage\":{\"@id\":\"https:\/\/nuevodigitaldeescobar.com.ar\/?p=2027#primaryimage\"},\"image\":{\"@id\":\"https:\/\/nuevodigitaldeescobar.com.ar\/?p=2027#primaryimage\"},\"thumbnailUrl\":\"https:\/\/nuevodigitaldeescobar.com.ar\/wp-content\/uploads\/2023\/12\/ovejas-e1703194785520.jpg\",\"datePublished\":\"2023-12-22T10:00:00+00:00\",\"breadcrumb\":{\"@id\":\"https:\/\/nuevodigitaldeescobar.com.ar\/?p=2027#breadcrumb\"},\"inLanguage\":\"es\",\"potentialAction\":[{\"@type\":\"ReadAction\",\"target\":[\"https:\/\/nuevodigitaldeescobar.com.ar\/?p=2027\"]}]},{\"@type\":\"ImageObject\",\"inLanguage\":\"es\",\"@id\":\"https:\/\/nuevodigitaldeescobar.com.ar\/?p=2027#primaryimage\",\"url\":\"https:\/\/nuevodigitaldeescobar.com.ar\/wp-content\/uploads\/2023\/12\/ovejas-e1703194785520.jpg\",\"contentUrl\":\"https:\/\/nuevodigitaldeescobar.com.ar\/wp-content\/uploads\/2023\/12\/ovejas-e1703194785520.jpg\",\"width\":720,\"height\":410},{\"@type\":\"BreadcrumbList\",\"@id\":\"https:\/\/nuevodigitaldeescobar.com.ar\/?p=2027#breadcrumb\",\"itemListElement\":[{\"@type\":\"ListItem\",\"position\":1,\"name\":\"Portada\",\"item\":\"https:\/\/nuevodigitaldeescobar.com.ar\/\"},{\"@type\":\"ListItem\",\"position\":2,\"name\":\"Sorpresa con la encefalomielitis equina: en Baradero, se contagi\u00f3 una oveja\"}]},{\"@type\":\"WebSite\",\"@id\":\"https:\/\/nuevodigitaldeescobar.com.ar\/#website\",\"url\":\"https:\/\/nuevodigitaldeescobar.com.ar\/\",\"name\":\"Nuevo Digital de Escobar\",\"description\":\"La vida escobarense. Directora: Rosana Brunner\",\"publisher\":{\"@id\":\"https:\/\/nuevodigitaldeescobar.com.ar\/#organization\"},\"potentialAction\":[{\"@type\":\"SearchAction\",\"target\":{\"@type\":\"EntryPoint\",\"urlTemplate\":\"https:\/\/nuevodigitaldeescobar.com.ar\/?s={search_term_string}\"},\"query-input\":{\"@type\":\"PropertyValueSpecification\",\"valueRequired\":true,\"valueName\":\"search_term_string\"}}],\"inLanguage\":\"es\"},{\"@type\":\"Organization\",\"@id\":\"https:\/\/nuevodigitaldeescobar.com.ar\/#organization\",\"name\":\"Nuevo Digital de Escobar\",\"url\":\"https:\/\/nuevodigitaldeescobar.com.ar\/\",\"logo\":{\"@type\":\"ImageObject\",\"inLanguage\":\"es\",\"@id\":\"https:\/\/nuevodigitaldeescobar.com.ar\/#\/schema\/logo\/image\/\",\"url\":\"https:\/\/nuevodigitaldeescobar.com.ar\/wp-content\/uploads\/2025\/05\/cropped-logo-nuevo2.jpg\",\"contentUrl\":\"https:\/\/nuevodigitaldeescobar.com.ar\/wp-content\/uploads\/2025\/05\/cropped-logo-nuevo2.jpg\",\"width\":305,\"height\":305,\"caption\":\"Nuevo Digital de Escobar\"},\"image\":{\"@id\":\"https:\/\/nuevodigitaldeescobar.com.ar\/#\/schema\/logo\/image\/\"},\"sameAs\":[\"https:\/\/www.facebook.com\/NUEVODigitalDeEscobar\",\"https:\/\/x.com\/nuevodigescobar\",\"https:\/\/www.instagram.com\/nuevodigitaldeescobar\"]},{\"@type\":\"Person\",\"@id\":\"https:\/\/nuevodigitaldeescobar.com.ar\/#\/schema\/person\/035e90a8efe9a80e6eec22656ad6ea4c\",\"name\":\"Redacci\u00f3n\",\"image\":{\"@type\":\"ImageObject\",\"inLanguage\":\"es\",\"@id\":\"https:\/\/nuevodigitaldeescobar.com.ar\/#\/schema\/person\/image\/\",\"url\":\"https:\/\/secure.gravatar.com\/avatar\/8af8f40000c24e9eef3034f2be5998a372bb1389e64b1a4a36b3a7979142220d?s=96&d=mm&r=g\",\"contentUrl\":\"https:\/\/secure.gravatar.com\/avatar\/8af8f40000c24e9eef3034f2be5998a372bb1389e64b1a4a36b3a7979142220d?s=96&d=mm&r=g\",\"caption\":\"Redacci\u00f3n\"},\"sameAs\":[\"http:\/\/nuevodigitaldeescobar.com.ar\"],\"url\":\"https:\/\/nuevodigitaldeescobar.com.ar\/?author=1\"}]}<\/script>\n<!-- \/ Yoast SEO plugin. -->","yoast_head_json":{"title":"Sorpresa con la encefalomielitis equina: en Baradero, se contagi\u00f3 una oveja - Nuevo Digital de Escobar","robots":{"index":"index","follow":"follow","max-snippet":"max-snippet:-1","max-image-preview":"max-image-preview:large","max-video-preview":"max-video-preview:-1"},"canonical":"https:\/\/nuevodigitaldeescobar.com.ar\/?p=2027","og_locale":"es_ES","og_type":"article","og_title":"Sorpresa con la encefalomielitis equina: en Baradero, se contagi\u00f3 una oveja - Nuevo Digital de Escobar","og_description":"Se diagnostic\u00f3 la presencia del virus en una hembra ovina de cuatro meses de edad que hab\u00eda presentado signos nerviosos y convivi\u00f3 con equinos afectados.","og_url":"https:\/\/nuevodigitaldeescobar.com.ar\/?p=2027","og_site_name":"Nuevo Digital de Escobar","article_publisher":"https:\/\/www.facebook.com\/NUEVODigitalDeEscobar","article_published_time":"2023-12-22T10:00:00+00:00","og_image":[{"width":720,"height":410,"url":"https:\/\/nuevodigitaldeescobar.com.ar\/wp-content\/uploads\/2023\/12\/ovejas-e1703194785520.jpg","type":"image\/jpeg"}],"author":"Redacci\u00f3n","twitter_card":"summary_large_image","twitter_creator":"@nuevodigescobar","twitter_site":"@nuevodigescobar","twitter_misc":{"Escrito por":"Redacci\u00f3n","Tiempo de lectura":"3 minutos"},"schema":{"@context":"https:\/\/schema.org","@graph":[{"@type":"Article","@id":"https:\/\/nuevodigitaldeescobar.com.ar\/?p=2027#article","isPartOf":{"@id":"https:\/\/nuevodigitaldeescobar.com.ar\/?p=2027"},"author":{"name":"Redacci\u00f3n","@id":"https:\/\/nuevodigitaldeescobar.com.ar\/#\/schema\/person\/035e90a8efe9a80e6eec22656ad6ea4c"},"headline":"Sorpresa con la encefalomielitis equina: en Baradero, se contagi\u00f3 una oveja","datePublished":"2023-12-22T10:00:00+00:00","mainEntityOfPage":{"@id":"https:\/\/nuevodigitaldeescobar.com.ar\/?p=2027"},"wordCount":523,"commentCount":0,"publisher":{"@id":"https:\/\/nuevodigitaldeescobar.com.ar\/#organization"},"image":{"@id":"https:\/\/nuevodigitaldeescobar.com.ar\/?p=2027#primaryimage"},"thumbnailUrl":"https:\/\/nuevodigitaldeescobar.com.ar\/wp-content\/uploads\/2023\/12\/ovejas-e1703194785520.jpg","articleSection":["Clima, Medioambiente y Sostenibilidad","Salud y Nutrici\u00f3n"],"inLanguage":"es","potentialAction":[{"@type":"CommentAction","name":"Comment","target":["https:\/\/nuevodigitaldeescobar.com.ar\/?p=2027#respond"]}]},{"@type":"WebPage","@id":"https:\/\/nuevodigitaldeescobar.com.ar\/?p=2027","url":"https:\/\/nuevodigitaldeescobar.com.ar\/?p=2027","name":"Sorpresa con la encefalomielitis equina: en Baradero, se contagi\u00f3 una oveja - Nuevo Digital de Escobar","isPartOf":{"@id":"https:\/\/nuevodigitaldeescobar.com.ar\/#website"},"primaryImageOfPage":{"@id":"https:\/\/nuevodigitaldeescobar.com.ar\/?p=2027#primaryimage"},"image":{"@id":"https:\/\/nuevodigitaldeescobar.com.ar\/?p=2027#primaryimage"},"thumbnailUrl":"https:\/\/nuevodigitaldeescobar.com.ar\/wp-content\/uploads\/2023\/12\/ovejas-e1703194785520.jpg","datePublished":"2023-12-22T10:00:00+00:00","breadcrumb":{"@id":"https:\/\/nuevodigitaldeescobar.com.ar\/?p=2027#breadcrumb"},"inLanguage":"es","potentialAction":[{"@type":"ReadAction","target":["https:\/\/nuevodigitaldeescobar.com.ar\/?p=2027"]}]},{"@type":"ImageObject","inLanguage":"es","@id":"https:\/\/nuevodigitaldeescobar.com.ar\/?p=2027#primaryimage","url":"https:\/\/nuevodigitaldeescobar.com.ar\/wp-content\/uploads\/2023\/12\/ovejas-e1703194785520.jpg","contentUrl":"https:\/\/nuevodigitaldeescobar.com.ar\/wp-content\/uploads\/2023\/12\/ovejas-e1703194785520.jpg","width":720,"height":410},{"@type":"BreadcrumbList","@id":"https:\/\/nuevodigitaldeescobar.com.ar\/?p=2027#breadcrumb","itemListElement":[{"@type":"ListItem","position":1,"name":"Portada","item":"https:\/\/nuevodigitaldeescobar.com.ar\/"},{"@type":"ListItem","position":2,"name":"Sorpresa con la encefalomielitis equina: en Baradero, se contagi\u00f3 una oveja"}]},{"@type":"WebSite","@id":"https:\/\/nuevodigitaldeescobar.com.ar\/#website","url":"https:\/\/nuevodigitaldeescobar.com.ar\/","name":"Nuevo Digital de Escobar","description":"La vida escobarense. Directora: Rosana Brunner","publisher":{"@id":"https:\/\/nuevodigitaldeescobar.com.ar\/#organization"},"potentialAction":[{"@type":"SearchAction","target":{"@type":"EntryPoint","urlTemplate":"https:\/\/nuevodigitaldeescobar.com.ar\/?s={search_term_string}"},"query-input":{"@type":"PropertyValueSpecification","valueRequired":true,"valueName":"search_term_string"}}],"inLanguage":"es"},{"@type":"Organization","@id":"https:\/\/nuevodigitaldeescobar.com.ar\/#organization","name":"Nuevo Digital de Escobar","url":"https:\/\/nuevodigitaldeescobar.com.ar\/","logo":{"@type":"ImageObject","inLanguage":"es","@id":"https:\/\/nuevodigitaldeescobar.com.ar\/#\/schema\/logo\/image\/","url":"https:\/\/nuevodigitaldeescobar.com.ar\/wp-content\/uploads\/2025\/05\/cropped-logo-nuevo2.jpg","contentUrl":"https:\/\/nuevodigitaldeescobar.com.ar\/wp-content\/uploads\/2025\/05\/cropped-logo-nuevo2.jpg","width":305,"height":305,"caption":"Nuevo Digital de Escobar"},"image":{"@id":"https:\/\/nuevodigitaldeescobar.com.ar\/#\/schema\/logo\/image\/"},"sameAs":["https:\/\/www.facebook.com\/NUEVODigitalDeEscobar","https:\/\/x.com\/nuevodigescobar","https:\/\/www.instagram.com\/nuevodigitaldeescobar"]},{"@type":"Person","@id":"https:\/\/nuevodigitaldeescobar.com.ar\/#\/schema\/person\/035e90a8efe9a80e6eec22656ad6ea4c","name":"Redacci\u00f3n","image":{"@type":"ImageObject","inLanguage":"es","@id":"https:\/\/nuevodigitaldeescobar.com.ar\/#\/schema\/person\/image\/","url":"https:\/\/secure.gravatar.com\/avatar\/8af8f40000c24e9eef3034f2be5998a372bb1389e64b1a4a36b3a7979142220d?s=96&d=mm&r=g","contentUrl":"https:\/\/secure.gravatar.com\/avatar\/8af8f40000c24e9eef3034f2be5998a372bb1389e64b1a4a36b3a7979142220d?s=96&d=mm&r=g","caption":"Redacci\u00f3n"},"sameAs":["http:\/\/nuevodigitaldeescobar.com.ar"],"url":"https:\/\/nuevodigitaldeescobar.com.ar\/?author=1"}]}},"featured_image_urls":{"full":["https:\/\/nuevodigitaldeescobar.com.ar\/wp-content\/uploads\/2023\/12\/ovejas-e1703194785520.jpg",720,410,false],"thumbnail":["https:\/\/nuevodigitaldeescobar.com.ar\/wp-content\/uploads\/2023\/12\/ovejas-150x150.jpg",150,150,true],"medium":["https:\/\/nuevodigitaldeescobar.com.ar\/wp-content\/uploads\/2023\/12\/ovejas-300x171.jpg",300,171,true],"medium_large":["https:\/\/nuevodigitaldeescobar.com.ar\/wp-content\/uploads\/2023\/12\/ovejas-768x438.jpg",640,365,true],"large":["https:\/\/nuevodigitaldeescobar.com.ar\/wp-content\/uploads\/2023\/12\/ovejas-e1703194785520.jpg",640,364,false],"1536x1536":["https:\/\/nuevodigitaldeescobar.com.ar\/wp-content\/uploads\/2023\/12\/ovejas-e1703194785520.jpg",720,410,false],"2048x2048":["https:\/\/nuevodigitaldeescobar.com.ar\/wp-content\/uploads\/2023\/12\/ovejas-e1703194785520.jpg",720,410,false]},"author_info":{"display_name":"Redacci\u00f3n","author_link":"https:\/\/nuevodigitaldeescobar.com.ar\/?author=1"},"category_info":"<a href=\"https:\/\/nuevodigitaldeescobar.com.ar\/?cat=14\" rel=\"category\">Clima, Medioambiente y Sostenibilidad<\/a> <a href=\"https:\/\/nuevodigitaldeescobar.com.ar\/?cat=3\" rel=\"category\">Salud y Nutrici\u00f3n<\/a>","tag_info":"Salud y Nutrici\u00f3n","comment_count":"0","_links":{"self":[{"href":"https:\/\/nuevodigitaldeescobar.com.ar\/index.php?rest_route=\/wp\/v2\/posts\/2027","targetHints":{"allow":["GET"]}}],"collection":[{"href":"https:\/\/nuevodigitaldeescobar.com.ar\/index.php?rest_route=\/wp\/v2\/posts"}],"about":[{"href":"https:\/\/nuevodigitaldeescobar.com.ar\/index.php?rest_route=\/wp\/v2\/types\/post"}],"author":[{"embeddable":true,"href":"https:\/\/nuevodigitaldeescobar.com.ar\/index.php?rest_route=\/wp\/v2\/users\/1"}],"replies":[{"embeddable":true,"href":"https:\/\/nuevodigitaldeescobar.com.ar\/index.php?rest_route=%2Fwp%2Fv2%2Fcomments&post=2027"}],"version-history":[{"count":1,"href":"https:\/\/nuevodigitaldeescobar.com.ar\/index.php?rest_route=\/wp\/v2\/posts\/2027\/revisions"}],"predecessor-version":[{"id":2029,"href":"https:\/\/nuevodigitaldeescobar.com.ar\/index.php?rest_route=\/wp\/v2\/posts\/2027\/revisions\/2029"}],"wp:featuredmedia":[{"embeddable":true,"href":"https:\/\/nuevodigitaldeescobar.com.ar\/index.php?rest_route=\/wp\/v2\/media\/2028"}],"wp:attachment":[{"href":"https:\/\/nuevodigitaldeescobar.com.ar\/index.php?rest_route=%2Fwp%2Fv2%2Fmedia&parent=2027"}],"wp:term":[{"taxonomy":"category","embeddable":true,"href":"https:\/\/nuevodigitaldeescobar.com.ar\/index.php?rest_route=%2Fwp%2Fv2%2Fcategories&post=2027"},{"taxonomy":"post_tag","embeddable":true,"href":"https:\/\/nuevodigitaldeescobar.com.ar\/index.php?rest_route=%2Fwp%2Fv2%2Ftags&post=2027"}],"curies":[{"name":"wp","href":"https:\/\/api.w.org\/{rel}","templated":true}]}}