{"id":20274,"date":"2026-03-16T11:02:42","date_gmt":"2026-03-16T14:02:42","guid":{"rendered":"https:\/\/nuevodigitaldeescobar.com.ar\/?p=20274"},"modified":"2026-03-16T11:02:45","modified_gmt":"2026-03-16T14:02:45","slug":"escuela-tecnica-n1-de-escobar-una-crisis-silenciosa-que-afecta-a-miles-de-estudiantes","status":"publish","type":"post","link":"https:\/\/nuevodigitaldeescobar.com.ar\/?p=20274","title":{"rendered":"Escuela T\u00e9cnica N\u00b01 de Escobar: una crisis silenciosa que afecta a miles de estudiantes"},"content":{"rendered":"\n<p>En el coraz\u00f3n de Bel\u00e9n de Escobar funciona una de las instituciones educativas m\u00e1s grandes y emblem\u00e1ticas del distrito: la Escuela de Educaci\u00f3n Secundaria T\u00e9cnica N\u00b01 \u201cCapit\u00e1n Hip\u00f3lito Bouchard\u201d, ubicada en la calle Independencia 450. Con una matr\u00edcula que ronda los 2.600 estudiantes distribuidos en tres turnos, es una de las escuelas t\u00e9cnicas m\u00e1s numerosas de la regi\u00f3n y un pilar de la educaci\u00f3n p\u00fablica local.<\/p>\n\n\n\n<!--more-->\n\n\n\n<p>Sin embargo, detr\u00e1s de esa dimensi\u00f3n institucional se esconde una realidad que preocupa a estudiantes, familias y parte de la comunidad educativa: la falta de mobiliario y los problemas edilicios que se repiten a\u00f1o tras a\u00f1o.<\/p>\n\n\n\n<hr class=\"wp-block-separator has-alpha-channel-opacity\"\/>\n\n\n\n<p><strong>Una escuela grande con problemas b\u00e1sicos<\/strong><\/p>\n\n\n\n<p><br>Desde hace tiempo, alumnos y docentes describen una escena que se repite casi a diario: al comenzar la jornada, muchos estudiantes deben salir a buscar sillas o mesas para poder sentarse en clase.<\/p>\n\n\n\n<p>La falta de mobiliario genera situaciones de tensi\u00f3n en los primeros minutos de la ma\u00f1ana. En algunos cursos, quienes llegan tarde a las aulas deben recorrer pasillos o subir escaleras r\u00e1pidamente para conseguir una silla disponible en otros salones.<\/p>\n\n\n\n<p>Esta din\u00e1mica no solo interrumpe el inicio normal de las clases, sino que adem\u00e1s plantea riesgos de seguridad: la circulaci\u00f3n apurada por escaleras y pasillos para conseguir un asiento se vuelve parte de la rutina escolar.<\/p>\n\n\n\n<p>La problem\u00e1tica no ser\u00eda nueva. De acuerdo con testimonios de miembros de la comunidad educativa, el d\u00e9ficit de sillas y pupitres se arrastrar\u00eda desde hace m\u00e1s de una d\u00e9cada, con referencias que sit\u00faan el inicio del problema alrededor de 2013. A pesar del crecimiento de la matr\u00edcula, el equipamiento no habr\u00eda acompa\u00f1ado esa expansi\u00f3n.<\/p>\n\n\n\n<hr class=\"wp-block-separator has-alpha-channel-opacity\"\/>\n\n\n\n<p><strong>Infraestructura deteriorada<\/strong><\/p>\n\n\n\n<p><br>El mobiliario no es el \u00fanico problema que preocupa a estudiantes y familias. Distintos integrantes de la comunidad escolar se\u00f1alan que el edificio presenta falencias edilicias que afectan el desarrollo normal de las clases.<\/p>\n\n\n\n<p><br>Entre las principales dificultades mencionadas se encuentran:<br>\u25cf Falta o deterioro de puertas y vidrios en algunas ventanas<br>\u25cf Ventiladores que no funcionan en varias aulas<br>\u25cf Problemas con el suministro de agua<br>\u25cf Limitaciones el\u00e9ctricas que impedir\u00edan instalar aires acondicionados o equipamiento tecnol\u00f3gico, como proyectores<\/p>\n\n\n\n<p><br>Estas condiciones se vuelven especialmente cr\u00edticas durante los meses de calor. Sin ventilaci\u00f3n adecuada, las aulas pueden transformarse en espacios dif\u00edciles para el aprendizaje, situaci\u00f3n que se agrava cuando los estudiantes deben permanecer varias horas en clase.<\/p>\n\n\n\n<p>Parad\u00f3jicamente, en algunas materias te\u00f3ricas los alumnos deben asistir con guardapolvo, lo que incrementa la incomodidad cuando las temperaturas son elevadas.<\/p>\n\n\n\n<hr class=\"wp-block-separator has-alpha-channel-opacity\"\/>\n\n\n\n<p><strong>Antecedentes de problemas edilicios<\/strong><\/p>\n\n\n\n<p>Las dificultades en la infraestructura no son un fen\u00f3meno aislado. En 2023, por ejemplo, el desprendimiento de parte de un cielorraso en una de las aulas provoc\u00f3 la intervenci\u00f3n del Consejo Escolar de Escobar y oblig\u00f3 a realizar tareas de reparaci\u00f3n. En ese episodio, cuatro estudiantes debieron ser asistidos tras el incidente.<\/p>\n\n\n\n<p>Este hecho volvi\u00f3 a poner en agenda el estado del edificio y la necesidad de inversiones sostenidas en mantenimiento y seguridad. Cabe recordar que la escuela es considerada hist\u00f3ricamente una instituci\u00f3n emblem\u00e1tica de la educaci\u00f3n t\u00e9cnica en el distrito, y en distintos momentos se anunciaron inversiones para su refacci\u00f3n y puesta en valor.<\/p>\n\n\n\n<p>Sin embargo, para muchos integrantes de la comunidad educativa, esas intervenciones no lograron resolver los problemas estructurales.<\/p>\n","protected":false},"excerpt":{"rendered":"<p>En el coraz\u00f3n de Bel\u00e9n de Escobar funciona una de las instituciones educativas m\u00e1s grandes y emblem\u00e1ticas del distrito: la Escuela de Educaci\u00f3n Secundaria T\u00e9cnica [&hellip;]<\/p>\n","protected":false},"author":1,"featured_media":18562,"comment_status":"open","ping_status":"open","sticky":false,"template":"","format":"standard","meta":{"footnotes":""},"categories":[4],"tags":[],"class_list":["post-20274","post","type-post","status-publish","format-standard","has-post-thumbnail","hentry","category-educacion"],"better_featured_image":{"id":18562,"alt_text":"","caption":"","description":"","media_type":"image","media_details":{"width":1280,"height":960,"file":"2025\/10\/tecnica20.jpg","filesize":138730,"sizes":{"medium":{"file":"tecnica20-300x225.jpg","width":300,"height":225,"mime-type":"image\/jpeg","filesize":12692,"source_url":"https:\/\/nuevodigitaldeescobar.com.ar\/wp-content\/uploads\/2025\/10\/tecnica20-300x225.jpg"},"large":{"file":"tecnica20-1024x768.jpg","width":1024,"height":768,"mime-type":"image\/jpeg","filesize":106335,"source_url":"https:\/\/nuevodigitaldeescobar.com.ar\/wp-content\/uploads\/2025\/10\/tecnica20-1024x768.jpg"},"thumbnail":{"file":"tecnica20-150x150.jpg","width":150,"height":150,"mime-type":"image\/jpeg","filesize":4979,"source_url":"https:\/\/nuevodigitaldeescobar.com.ar\/wp-content\/uploads\/2025\/10\/tecnica20-150x150.jpg"},"medium_large":{"file":"tecnica20-768x576.jpg","width":768,"height":576,"mime-type":"image\/jpeg","filesize":64579,"source_url":"https:\/\/nuevodigitaldeescobar.com.ar\/wp-content\/uploads\/2025\/10\/tecnica20-768x576.jpg"}},"image_meta":{"aperture":"0","credit":"","camera":"","caption":"","created_timestamp":"0","copyright":"","focal_length":"0","iso":"0","shutter_speed":"0","title":"","orientation":"0","keywords":[]}},"post":18561,"source_url":"https:\/\/nuevodigitaldeescobar.com.ar\/wp-content\/uploads\/2025\/10\/tecnica20.jpg"},"yoast_head":"<!-- This site is optimized with the Yoast SEO plugin v26.1.1 - https:\/\/yoast.com\/wordpress\/plugins\/seo\/ -->\n<title>Escuela T\u00e9cnica N\u00b01 de Escobar: una crisis silenciosa que afecta a miles de estudiantes - Nuevo Digital de Escobar<\/title>\n<meta name=\"description\" content=\"El mobiliario no es el \u00fanico problema que preocupa a estudiantes y familias. Distintos integrantes de la comunidad escolar se\u00f1alan que el edificio presenta falencias edilicias que afectan el desarrollo normal de las clases.\" \/>\n<meta name=\"robots\" content=\"index, follow, max-snippet:-1, max-image-preview:large, max-video-preview:-1\" \/>\n<link rel=\"canonical\" href=\"https:\/\/nuevodigitaldeescobar.com.ar\/?p=20274\" \/>\n<meta property=\"og:locale\" content=\"es_ES\" \/>\n<meta property=\"og:type\" content=\"article\" \/>\n<meta property=\"og:title\" content=\"Escuela T\u00e9cnica N\u00b01 de Escobar: una crisis silenciosa que afecta a miles de estudiantes\" \/>\n<meta property=\"og:description\" content=\"El mobiliario no es el \u00fanico problema que preocupa a estudiantes y familias. Distintos integrantes de la comunidad escolar se\u00f1alan que el edificio presenta falencias edilicias que afectan el desarrollo normal de las clases.\" \/>\n<meta property=\"og:url\" content=\"https:\/\/nuevodigitaldeescobar.com.ar\/?p=20274\" \/>\n<meta property=\"og:site_name\" content=\"Nuevo Digital de Escobar\" \/>\n<meta property=\"article:publisher\" content=\"https:\/\/www.facebook.com\/NUEVODigitalDeEscobar\" \/>\n<meta property=\"article:published_time\" content=\"2026-03-16T14:02:42+00:00\" \/>\n<meta property=\"article:modified_time\" content=\"2026-03-16T14:02:45+00:00\" \/>\n<meta property=\"og:image\" content=\"http:\/\/nuevodigitaldeescobar.com.ar\/wp-content\/uploads\/2025\/10\/tecnica20.jpg\" \/>\n\t<meta property=\"og:image:width\" content=\"1280\" \/>\n\t<meta property=\"og:image:height\" content=\"960\" \/>\n\t<meta property=\"og:image:type\" content=\"image\/jpeg\" \/>\n<meta name=\"author\" content=\"Redacci\u00f3n\" \/>\n<meta name=\"twitter:card\" content=\"summary_large_image\" \/>\n<meta name=\"twitter:creator\" content=\"@nuevodigescobar\" \/>\n<meta name=\"twitter:site\" content=\"@nuevodigescobar\" \/>\n<meta name=\"twitter:label1\" content=\"Escrito por\" \/>\n\t<meta name=\"twitter:data1\" content=\"Redacci\u00f3n\" \/>\n\t<meta name=\"twitter:label2\" content=\"Tiempo de lectura\" \/>\n\t<meta name=\"twitter:data2\" content=\"3 minutos\" \/>\n<script type=\"application\/ld+json\" class=\"yoast-schema-graph\">{\"@context\":\"https:\/\/schema.org\",\"@graph\":[{\"@type\":\"Article\",\"@id\":\"https:\/\/nuevodigitaldeescobar.com.ar\/?p=20274#article\",\"isPartOf\":{\"@id\":\"https:\/\/nuevodigitaldeescobar.com.ar\/?p=20274\"},\"author\":{\"name\":\"Redacci\u00f3n\",\"@id\":\"https:\/\/nuevodigitaldeescobar.com.ar\/#\/schema\/person\/035e90a8efe9a80e6eec22656ad6ea4c\"},\"headline\":\"Escuela T\u00e9cnica N\u00b01 de Escobar: una crisis silenciosa que afecta a miles de estudiantes\",\"datePublished\":\"2026-03-16T14:02:42+00:00\",\"dateModified\":\"2026-03-16T14:02:45+00:00\",\"mainEntityOfPage\":{\"@id\":\"https:\/\/nuevodigitaldeescobar.com.ar\/?p=20274\"},\"wordCount\":598,\"commentCount\":0,\"publisher\":{\"@id\":\"https:\/\/nuevodigitaldeescobar.com.ar\/#organization\"},\"image\":{\"@id\":\"https:\/\/nuevodigitaldeescobar.com.ar\/?p=20274#primaryimage\"},\"thumbnailUrl\":\"https:\/\/nuevodigitaldeescobar.com.ar\/wp-content\/uploads\/2025\/10\/tecnica20.jpg\",\"articleSection\":[\"Educaci\u00f3n\"],\"inLanguage\":\"es\",\"potentialAction\":[{\"@type\":\"CommentAction\",\"name\":\"Comment\",\"target\":[\"https:\/\/nuevodigitaldeescobar.com.ar\/?p=20274#respond\"]}]},{\"@type\":\"WebPage\",\"@id\":\"https:\/\/nuevodigitaldeescobar.com.ar\/?p=20274\",\"url\":\"https:\/\/nuevodigitaldeescobar.com.ar\/?p=20274\",\"name\":\"Escuela T\u00e9cnica N\u00b01 de Escobar: una crisis silenciosa que afecta a miles de estudiantes - Nuevo Digital de Escobar\",\"isPartOf\":{\"@id\":\"https:\/\/nuevodigitaldeescobar.com.ar\/#website\"},\"primaryImageOfPage\":{\"@id\":\"https:\/\/nuevodigitaldeescobar.com.ar\/?p=20274#primaryimage\"},\"image\":{\"@id\":\"https:\/\/nuevodigitaldeescobar.com.ar\/?p=20274#primaryimage\"},\"thumbnailUrl\":\"https:\/\/nuevodigitaldeescobar.com.ar\/wp-content\/uploads\/2025\/10\/tecnica20.jpg\",\"datePublished\":\"2026-03-16T14:02:42+00:00\",\"dateModified\":\"2026-03-16T14:02:45+00:00\",\"description\":\"El mobiliario no es el \u00fanico problema que preocupa a estudiantes y familias. Distintos integrantes de la comunidad escolar se\u00f1alan que el edificio presenta falencias edilicias que afectan el desarrollo normal de las clases.\",\"breadcrumb\":{\"@id\":\"https:\/\/nuevodigitaldeescobar.com.ar\/?p=20274#breadcrumb\"},\"inLanguage\":\"es\",\"potentialAction\":[{\"@type\":\"ReadAction\",\"target\":[\"https:\/\/nuevodigitaldeescobar.com.ar\/?p=20274\"]}]},{\"@type\":\"ImageObject\",\"inLanguage\":\"es\",\"@id\":\"https:\/\/nuevodigitaldeescobar.com.ar\/?p=20274#primaryimage\",\"url\":\"https:\/\/nuevodigitaldeescobar.com.ar\/wp-content\/uploads\/2025\/10\/tecnica20.jpg\",\"contentUrl\":\"https:\/\/nuevodigitaldeescobar.com.ar\/wp-content\/uploads\/2025\/10\/tecnica20.jpg\",\"width\":1280,\"height\":960},{\"@type\":\"BreadcrumbList\",\"@id\":\"https:\/\/nuevodigitaldeescobar.com.ar\/?p=20274#breadcrumb\",\"itemListElement\":[{\"@type\":\"ListItem\",\"position\":1,\"name\":\"Portada\",\"item\":\"https:\/\/nuevodigitaldeescobar.com.ar\/\"},{\"@type\":\"ListItem\",\"position\":2,\"name\":\"Escuela T\u00e9cnica N\u00b01 de Escobar: una crisis silenciosa que afecta a miles de estudiantes\"}]},{\"@type\":\"WebSite\",\"@id\":\"https:\/\/nuevodigitaldeescobar.com.ar\/#website\",\"url\":\"https:\/\/nuevodigitaldeescobar.com.ar\/\",\"name\":\"Nuevo Digital de Escobar\",\"description\":\"La vida escobarense. Directora: Rosana Brunner\",\"publisher\":{\"@id\":\"https:\/\/nuevodigitaldeescobar.com.ar\/#organization\"},\"potentialAction\":[{\"@type\":\"SearchAction\",\"target\":{\"@type\":\"EntryPoint\",\"urlTemplate\":\"https:\/\/nuevodigitaldeescobar.com.ar\/?s={search_term_string}\"},\"query-input\":{\"@type\":\"PropertyValueSpecification\",\"valueRequired\":true,\"valueName\":\"search_term_string\"}}],\"inLanguage\":\"es\"},{\"@type\":\"Organization\",\"@id\":\"https:\/\/nuevodigitaldeescobar.com.ar\/#organization\",\"name\":\"Nuevo Digital de Escobar\",\"url\":\"https:\/\/nuevodigitaldeescobar.com.ar\/\",\"logo\":{\"@type\":\"ImageObject\",\"inLanguage\":\"es\",\"@id\":\"https:\/\/nuevodigitaldeescobar.com.ar\/#\/schema\/logo\/image\/\",\"url\":\"https:\/\/nuevodigitaldeescobar.com.ar\/wp-content\/uploads\/2025\/05\/cropped-logo-nuevo2.jpg\",\"contentUrl\":\"https:\/\/nuevodigitaldeescobar.com.ar\/wp-content\/uploads\/2025\/05\/cropped-logo-nuevo2.jpg\",\"width\":305,\"height\":305,\"caption\":\"Nuevo Digital de Escobar\"},\"image\":{\"@id\":\"https:\/\/nuevodigitaldeescobar.com.ar\/#\/schema\/logo\/image\/\"},\"sameAs\":[\"https:\/\/www.facebook.com\/NUEVODigitalDeEscobar\",\"https:\/\/x.com\/nuevodigescobar\",\"https:\/\/www.instagram.com\/nuevodigitaldeescobar\"]},{\"@type\":\"Person\",\"@id\":\"https:\/\/nuevodigitaldeescobar.com.ar\/#\/schema\/person\/035e90a8efe9a80e6eec22656ad6ea4c\",\"name\":\"Redacci\u00f3n\",\"image\":{\"@type\":\"ImageObject\",\"inLanguage\":\"es\",\"@id\":\"https:\/\/nuevodigitaldeescobar.com.ar\/#\/schema\/person\/image\/\",\"url\":\"https:\/\/secure.gravatar.com\/avatar\/8af8f40000c24e9eef3034f2be5998a372bb1389e64b1a4a36b3a7979142220d?s=96&d=mm&r=g\",\"contentUrl\":\"https:\/\/secure.gravatar.com\/avatar\/8af8f40000c24e9eef3034f2be5998a372bb1389e64b1a4a36b3a7979142220d?s=96&d=mm&r=g\",\"caption\":\"Redacci\u00f3n\"},\"sameAs\":[\"http:\/\/nuevodigitaldeescobar.com.ar\"],\"url\":\"https:\/\/nuevodigitaldeescobar.com.ar\/?author=1\"}]}<\/script>\n<!-- \/ Yoast SEO plugin. -->","yoast_head_json":{"title":"Escuela T\u00e9cnica N\u00b01 de Escobar: una crisis silenciosa que afecta a miles de estudiantes - Nuevo Digital de Escobar","description":"El mobiliario no es el \u00fanico problema que preocupa a estudiantes y familias. Distintos integrantes de la comunidad escolar se\u00f1alan que el edificio presenta falencias edilicias que afectan el desarrollo normal de las clases.","robots":{"index":"index","follow":"follow","max-snippet":"max-snippet:-1","max-image-preview":"max-image-preview:large","max-video-preview":"max-video-preview:-1"},"canonical":"https:\/\/nuevodigitaldeescobar.com.ar\/?p=20274","og_locale":"es_ES","og_type":"article","og_title":"Escuela T\u00e9cnica N\u00b01 de Escobar: una crisis silenciosa que afecta a miles de estudiantes","og_description":"El mobiliario no es el \u00fanico problema que preocupa a estudiantes y familias. Distintos integrantes de la comunidad escolar se\u00f1alan que el edificio presenta falencias edilicias que afectan el desarrollo normal de las clases.","og_url":"https:\/\/nuevodigitaldeescobar.com.ar\/?p=20274","og_site_name":"Nuevo Digital de Escobar","article_publisher":"https:\/\/www.facebook.com\/NUEVODigitalDeEscobar","article_published_time":"2026-03-16T14:02:42+00:00","article_modified_time":"2026-03-16T14:02:45+00:00","og_image":[{"width":1280,"height":960,"url":"http:\/\/nuevodigitaldeescobar.com.ar\/wp-content\/uploads\/2025\/10\/tecnica20.jpg","type":"image\/jpeg"}],"author":"Redacci\u00f3n","twitter_card":"summary_large_image","twitter_creator":"@nuevodigescobar","twitter_site":"@nuevodigescobar","twitter_misc":{"Escrito por":"Redacci\u00f3n","Tiempo de lectura":"3 minutos"},"schema":{"@context":"https:\/\/schema.org","@graph":[{"@type":"Article","@id":"https:\/\/nuevodigitaldeescobar.com.ar\/?p=20274#article","isPartOf":{"@id":"https:\/\/nuevodigitaldeescobar.com.ar\/?p=20274"},"author":{"name":"Redacci\u00f3n","@id":"https:\/\/nuevodigitaldeescobar.com.ar\/#\/schema\/person\/035e90a8efe9a80e6eec22656ad6ea4c"},"headline":"Escuela T\u00e9cnica N\u00b01 de Escobar: una crisis silenciosa que afecta a miles de estudiantes","datePublished":"2026-03-16T14:02:42+00:00","dateModified":"2026-03-16T14:02:45+00:00","mainEntityOfPage":{"@id":"https:\/\/nuevodigitaldeescobar.com.ar\/?p=20274"},"wordCount":598,"commentCount":0,"publisher":{"@id":"https:\/\/nuevodigitaldeescobar.com.ar\/#organization"},"image":{"@id":"https:\/\/nuevodigitaldeescobar.com.ar\/?p=20274#primaryimage"},"thumbnailUrl":"https:\/\/nuevodigitaldeescobar.com.ar\/wp-content\/uploads\/2025\/10\/tecnica20.jpg","articleSection":["Educaci\u00f3n"],"inLanguage":"es","potentialAction":[{"@type":"CommentAction","name":"Comment","target":["https:\/\/nuevodigitaldeescobar.com.ar\/?p=20274#respond"]}]},{"@type":"WebPage","@id":"https:\/\/nuevodigitaldeescobar.com.ar\/?p=20274","url":"https:\/\/nuevodigitaldeescobar.com.ar\/?p=20274","name":"Escuela T\u00e9cnica N\u00b01 de Escobar: una crisis silenciosa que afecta a miles de estudiantes - Nuevo Digital de Escobar","isPartOf":{"@id":"https:\/\/nuevodigitaldeescobar.com.ar\/#website"},"primaryImageOfPage":{"@id":"https:\/\/nuevodigitaldeescobar.com.ar\/?p=20274#primaryimage"},"image":{"@id":"https:\/\/nuevodigitaldeescobar.com.ar\/?p=20274#primaryimage"},"thumbnailUrl":"https:\/\/nuevodigitaldeescobar.com.ar\/wp-content\/uploads\/2025\/10\/tecnica20.jpg","datePublished":"2026-03-16T14:02:42+00:00","dateModified":"2026-03-16T14:02:45+00:00","description":"El mobiliario no es el \u00fanico problema que preocupa a estudiantes y familias. Distintos integrantes de la comunidad escolar se\u00f1alan que el edificio presenta falencias edilicias que afectan el desarrollo normal de las clases.","breadcrumb":{"@id":"https:\/\/nuevodigitaldeescobar.com.ar\/?p=20274#breadcrumb"},"inLanguage":"es","potentialAction":[{"@type":"ReadAction","target":["https:\/\/nuevodigitaldeescobar.com.ar\/?p=20274"]}]},{"@type":"ImageObject","inLanguage":"es","@id":"https:\/\/nuevodigitaldeescobar.com.ar\/?p=20274#primaryimage","url":"https:\/\/nuevodigitaldeescobar.com.ar\/wp-content\/uploads\/2025\/10\/tecnica20.jpg","contentUrl":"https:\/\/nuevodigitaldeescobar.com.ar\/wp-content\/uploads\/2025\/10\/tecnica20.jpg","width":1280,"height":960},{"@type":"BreadcrumbList","@id":"https:\/\/nuevodigitaldeescobar.com.ar\/?p=20274#breadcrumb","itemListElement":[{"@type":"ListItem","position":1,"name":"Portada","item":"https:\/\/nuevodigitaldeescobar.com.ar\/"},{"@type":"ListItem","position":2,"name":"Escuela T\u00e9cnica N\u00b01 de Escobar: una crisis silenciosa que afecta a miles de estudiantes"}]},{"@type":"WebSite","@id":"https:\/\/nuevodigitaldeescobar.com.ar\/#website","url":"https:\/\/nuevodigitaldeescobar.com.ar\/","name":"Nuevo Digital de Escobar","description":"La vida escobarense. Directora: Rosana Brunner","publisher":{"@id":"https:\/\/nuevodigitaldeescobar.com.ar\/#organization"},"potentialAction":[{"@type":"SearchAction","target":{"@type":"EntryPoint","urlTemplate":"https:\/\/nuevodigitaldeescobar.com.ar\/?s={search_term_string}"},"query-input":{"@type":"PropertyValueSpecification","valueRequired":true,"valueName":"search_term_string"}}],"inLanguage":"es"},{"@type":"Organization","@id":"https:\/\/nuevodigitaldeescobar.com.ar\/#organization","name":"Nuevo Digital de Escobar","url":"https:\/\/nuevodigitaldeescobar.com.ar\/","logo":{"@type":"ImageObject","inLanguage":"es","@id":"https:\/\/nuevodigitaldeescobar.com.ar\/#\/schema\/logo\/image\/","url":"https:\/\/nuevodigitaldeescobar.com.ar\/wp-content\/uploads\/2025\/05\/cropped-logo-nuevo2.jpg","contentUrl":"https:\/\/nuevodigitaldeescobar.com.ar\/wp-content\/uploads\/2025\/05\/cropped-logo-nuevo2.jpg","width":305,"height":305,"caption":"Nuevo Digital de Escobar"},"image":{"@id":"https:\/\/nuevodigitaldeescobar.com.ar\/#\/schema\/logo\/image\/"},"sameAs":["https:\/\/www.facebook.com\/NUEVODigitalDeEscobar","https:\/\/x.com\/nuevodigescobar","https:\/\/www.instagram.com\/nuevodigitaldeescobar"]},{"@type":"Person","@id":"https:\/\/nuevodigitaldeescobar.com.ar\/#\/schema\/person\/035e90a8efe9a80e6eec22656ad6ea4c","name":"Redacci\u00f3n","image":{"@type":"ImageObject","inLanguage":"es","@id":"https:\/\/nuevodigitaldeescobar.com.ar\/#\/schema\/person\/image\/","url":"https:\/\/secure.gravatar.com\/avatar\/8af8f40000c24e9eef3034f2be5998a372bb1389e64b1a4a36b3a7979142220d?s=96&d=mm&r=g","contentUrl":"https:\/\/secure.gravatar.com\/avatar\/8af8f40000c24e9eef3034f2be5998a372bb1389e64b1a4a36b3a7979142220d?s=96&d=mm&r=g","caption":"Redacci\u00f3n"},"sameAs":["http:\/\/nuevodigitaldeescobar.com.ar"],"url":"https:\/\/nuevodigitaldeescobar.com.ar\/?author=1"}]}},"featured_image_urls":{"full":["https:\/\/nuevodigitaldeescobar.com.ar\/wp-content\/uploads\/2025\/10\/tecnica20.jpg",1280,960,false],"thumbnail":["https:\/\/nuevodigitaldeescobar.com.ar\/wp-content\/uploads\/2025\/10\/tecnica20-150x150.jpg",150,150,true],"medium":["https:\/\/nuevodigitaldeescobar.com.ar\/wp-content\/uploads\/2025\/10\/tecnica20-300x225.jpg",300,225,true],"medium_large":["https:\/\/nuevodigitaldeescobar.com.ar\/wp-content\/uploads\/2025\/10\/tecnica20-768x576.jpg",640,480,true],"large":["https:\/\/nuevodigitaldeescobar.com.ar\/wp-content\/uploads\/2025\/10\/tecnica20-1024x768.jpg",640,480,true],"1536x1536":["https:\/\/nuevodigitaldeescobar.com.ar\/wp-content\/uploads\/2025\/10\/tecnica20.jpg",1280,960,false],"2048x2048":["https:\/\/nuevodigitaldeescobar.com.ar\/wp-content\/uploads\/2025\/10\/tecnica20.jpg",1280,960,false]},"author_info":{"display_name":"Redacci\u00f3n","author_link":"https:\/\/nuevodigitaldeescobar.com.ar\/?author=1"},"category_info":"<a href=\"https:\/\/nuevodigitaldeescobar.com.ar\/?cat=4\" rel=\"category\">Educaci\u00f3n<\/a>","tag_info":"Educaci\u00f3n","comment_count":"0","_links":{"self":[{"href":"https:\/\/nuevodigitaldeescobar.com.ar\/index.php?rest_route=\/wp\/v2\/posts\/20274","targetHints":{"allow":["GET"]}}],"collection":[{"href":"https:\/\/nuevodigitaldeescobar.com.ar\/index.php?rest_route=\/wp\/v2\/posts"}],"about":[{"href":"https:\/\/nuevodigitaldeescobar.com.ar\/index.php?rest_route=\/wp\/v2\/types\/post"}],"author":[{"embeddable":true,"href":"https:\/\/nuevodigitaldeescobar.com.ar\/index.php?rest_route=\/wp\/v2\/users\/1"}],"replies":[{"embeddable":true,"href":"https:\/\/nuevodigitaldeescobar.com.ar\/index.php?rest_route=%2Fwp%2Fv2%2Fcomments&post=20274"}],"version-history":[{"count":1,"href":"https:\/\/nuevodigitaldeescobar.com.ar\/index.php?rest_route=\/wp\/v2\/posts\/20274\/revisions"}],"predecessor-version":[{"id":20275,"href":"https:\/\/nuevodigitaldeescobar.com.ar\/index.php?rest_route=\/wp\/v2\/posts\/20274\/revisions\/20275"}],"wp:featuredmedia":[{"embeddable":true,"href":"https:\/\/nuevodigitaldeescobar.com.ar\/index.php?rest_route=\/wp\/v2\/media\/18562"}],"wp:attachment":[{"href":"https:\/\/nuevodigitaldeescobar.com.ar\/index.php?rest_route=%2Fwp%2Fv2%2Fmedia&parent=20274"}],"wp:term":[{"taxonomy":"category","embeddable":true,"href":"https:\/\/nuevodigitaldeescobar.com.ar\/index.php?rest_route=%2Fwp%2Fv2%2Fcategories&post=20274"},{"taxonomy":"post_tag","embeddable":true,"href":"https:\/\/nuevodigitaldeescobar.com.ar\/index.php?rest_route=%2Fwp%2Fv2%2Ftags&post=20274"}],"curies":[{"name":"wp","href":"https:\/\/api.w.org\/{rel}","templated":true}]}}