{"id":20804,"date":"2026-04-27T10:04:18","date_gmt":"2026-04-27T13:04:18","guid":{"rendered":"https:\/\/nuevodigitaldeescobar.com.ar\/?p=20804"},"modified":"2026-04-27T10:04:22","modified_gmt":"2026-04-27T13:04:22","slug":"economia-y-corrupcion-82-de-los-hogares-resigno-gastos-para-sostenerse-y-67-cree-que-el-gobierno-rompio-el-pacto-anticasta","status":"publish","type":"post","link":"https:\/\/nuevodigitaldeescobar.com.ar\/?p=20804","title":{"rendered":"Econom\u00eda y corrupci\u00f3n: 82% de los hogares resign\u00f3 gastos para sostenerse y 67% cree que el Gobierno rompi\u00f3 el pacto \u00abanticasta\u00bb"},"content":{"rendered":"\n<p class=\"has-vivid-cyan-blue-color has-text-color has-link-color wp-elements-fc4428d400bdd99a73cc7804f1c1064e\"><em><strong>La promesa de enfrentar a la denominada casta, que durante meses funcion\u00f3 como n\u00facleo de legitimidad pol\u00edtica y moral del oficialismo, aparece hoy m\u00e1s debilitada frente a una opini\u00f3n p\u00fablica que empieza a simbolizar al Gobierno como esa continuidad de pr\u00e1cticas que dec\u00eda venir a combatir. <\/strong><\/em><\/p>\n\n\n\n<!--more-->\n\n\n\n<p><\/p>\n\n\n\n<p>El\u00a0<strong>Monitor de Opini\u00f3n P\u00fablica (MOP)<\/strong>\u00a0de\u00a0<strong><u>Zentrix Consultora<\/u><\/strong>\u00a0muestra que la percepci\u00f3n de corrupci\u00f3n en el gobierno de Javier Milei ya dej\u00f3 de ser un tema lateral para convertirse en un factor central del desgaste oficialista. El dato m\u00e1s delicado para la Casa Rosada no es s\u00f3lo que el\u00a0<strong>57,3%<\/strong>\u00a0perciba corrupci\u00f3n generalizada en la gesti\u00f3n o que el\u00a0<strong>60,2%<\/strong>\u00a0interprete las denuncias como parte de un problema general de gobierno, sino que esa lectura empieza a golpear directamente sobre la promesa con la que Milei construy\u00f3 su legitimidad: la idea de venir a enfrentar a \u00abla casta\u00bb. <\/p>\n\n\n\n<p>Cuando el\u00a0<strong>66,6%<\/strong>\u00a0afirma que ese pacto se rompi\u00f3 y que el Gobierno termin\u00f3 siendo parte de aquello que promet\u00eda combatir, lo que se erosiona no es \u00fanicamente la imagen de una administraci\u00f3n, sino el n\u00facleo simb\u00f3lico que le daba sentido pol\u00edtico a su discurso. En otras palabras, la sociedad empieza a percibir una contradicci\u00f3n entre el relato fundacional del mile\u00edsmo y la forma en que hoy se interpreta su ejercicio del poder.<\/p>\n\n\n\n<p>Ese deterioro, adem\u00e1s, no puede leerse s\u00f3lo como un fen\u00f3meno opositor. La corrupci\u00f3n aparece como el principal desaf\u00edo del pa\u00eds, incluso entre quienes votaron al oficialismo en 2025, por encima del desempleo, la inflaci\u00f3n o el salario, lo que muestra que el problema ya perfora al propio universo simb\u00f3lico del mile\u00edsmo. Sin embargo, la manera de procesarlo sigue siendo distinta seg\u00fan el posicionamiento pol\u00edtico: entre oficialistas todav\u00eda predomina una lectura que busca encapsular el problema en casos aislados y preservar parte de la excepcionalidad moral del Gobierno; entre opositores, en cambio, se consolida una mirada mucho m\u00e1s dura, donde la corrupci\u00f3n ya no aparece como desv\u00edo sino como rasgo de \u00e9poca del oficialismo. <\/p>\n\n\n\n<p>Esa diferencia revela dos cosas al mismo tiempo: que Milei todav\u00eda conserva un n\u00facleo dispuesto a amortiguar el costo reputacional, pero tambi\u00e9n que por fuera de ese n\u00facleo el veredicto social se volvi\u00f3 mucho m\u00e1s severo. Por eso, el problema de fondo para el Gobierno no es s\u00f3lo el impacto coyuntural de las denuncias, sino que la bandera anticasta, que durante meses funcion\u00f3 como fuente de autoridad moral y de tolerancia pol\u00edtica frente al ajuste, empieza ahora a invertirse y a transformarse en un punto de vulnerabilidad.<\/p>\n\n\n\n<p>En esa misma l\u00ednea, el&nbsp;<strong>MOP<\/strong>&nbsp;muestra que la p\u00e9rdida de credibilidad del Gobierno frente a los casos de corrupci\u00f3n no se agota en la percepci\u00f3n sobre hechos ya conocidos, sino que empieza a comprometer algo todav\u00eda m\u00e1s profundo: la confianza en su voluntad real de prevenirlos. El&nbsp;<strong>66,6%<\/strong>&nbsp;de los consultados considera que la administraci\u00f3n de Javier Milei no est\u00e1 comprometida con evitar hechos de corrupci\u00f3n, contra apenas un&nbsp;<strong>32,2%<\/strong>&nbsp;que le reconoce alg\u00fan grado de compromiso. Ese dato es pol\u00edticamente delicado porque corre la discusi\u00f3n desde las denuncias puntuales hacia una sospecha m\u00e1s estructural sobre la forma de ejercicio del poder.<\/p>\n\n\n\n<p>Ya no se trata de cu\u00e1nto da\u00f1o hacen los episodios concretos, sino de la sensaci\u00f3n de que el Gobierno dej\u00f3 de encarnar aquella promesa de limpieza institucional que fue uno de los n\u00facleos de su construcci\u00f3n pol\u00edtica. Cuando la percepci\u00f3n de lucha contra la corrupci\u00f3n empieza a desgastarse, tambi\u00e9n se erosiona uno de los blindajes simb\u00f3licos con los que el oficialismo ven\u00eda amortiguando otros costos, especialmente los econ\u00f3micos. En ese contexto, el deterioro moral se superpone con el desgaste de gesti\u00f3n: cae la aprobaci\u00f3n presidencial hasta el&nbsp;<strong>33,1%<\/strong>, mientras crece la idea de que el pacto anticasta se rompi\u00f3 y que el Gobierno termin\u00f3 pareci\u00e9ndose a aquello que dec\u00eda venir a combatir. Ah\u00ed aparece uno de los movimientos m\u00e1s sensibles del clima social actual: las denuncias no s\u00f3lo afectan la imagen p\u00fablica del oficialismo, sino que empiezan a tocar su zona m\u00e1s \u00edntima, el n\u00facleo identitario que lo diferenciaba del resto del sistema pol\u00edtico.<\/p>\n\n\n\n<p>A este desgaste por las denuncias de corrupci\u00f3n y por la ruptura del pacto anticasta se le suma, adem\u00e1s, un malestar econ\u00f3mico que Zentrix ya viene registrando en las mediciones previas y que en abril vuelve a aparecer con mucha fuerza en la vida cotidiana de los hogares. Los datos sobre econom\u00eda dom\u00e9stica terminan de darle cuerpo concreto a ese malestar:\u00a0<strong>el 81,6% de los consultados reconoce que en los \u00faltimos seis meses tuvo que resignar algo para sostenerse, desde salidas, ocio o consumos no esenciales hasta compras habituales del hogar y, en los casos m\u00e1s delicados, gastos b\u00e1sicos como alimentos, salud o servicios<\/strong>.<br><\/p>\n\n\n\n<p>El ajuste, as\u00ed, dej\u00f3 de ser una discusi\u00f3n abstracta sobre variables macroecon\u00f3micas para convertirse en una experiencia cotidiana de privaci\u00f3n, donde una parte importante de la sociedad ya no est\u00e1 recortando excedentes, sino aspectos centrales de su vida diaria.<\/p>\n\n\n\n<p>Sobre esa base material se monta buena parte del desgaste pol\u00edtico que hoy exhibe la gesti\u00f3n de Javier Milei: cuando el\u00a0<strong>86,6% siente que su salario no le gana a la inflaci\u00f3n<\/strong>\u00a0y el\u00a0<strong>60,4% afirma que sus ingresos le alcanzan s\u00f3lo hasta el d\u00eda 20 del mes<\/strong>, la tolerancia social frente al ajuste empieza a depender cada vez m\u00e1s de la credibilidad del Gobierno. Y ah\u00ed es donde las denuncias por corrupci\u00f3n adquieren un efecto mucho m\u00e1s corrosivo: no irrumpen sobre una sociedad estable, sino sobre hogares que ya vienen haciendo esfuerzos, resignando consumos y administrando privaciones. <\/p>\n\n\n\n<p>En ese contexto, la percepci\u00f3n de que el Gobierno podr\u00eda estar reproduciendo pr\u00e1cticas asociadas a la misma \u00abcasta\u00bb que promet\u00eda combatir termina agravando la decepci\u00f3n y traslad\u00e1ndola al plano de la evaluaci\u00f3n pol\u00edtica. Por eso, la ca\u00edda en la aprobaci\u00f3n no parece responder a un \u00fanico episodio, sino a la combinaci\u00f3n entre malestar econ\u00f3mico cotidiano y p\u00e9rdida de autoridad moral, una mezcla que ayuda a explicar por qu\u00e9 la desaprobaci\u00f3n viene creciendo sostenidamente desde febrero.\u00a0<\/p>\n\n\n\n<p><\/p>\n","protected":false},"excerpt":{"rendered":"<p>La promesa de enfrentar a la denominada casta, que durante meses funcion\u00f3 como n\u00facleo de legitimidad pol\u00edtica y moral del oficialismo, aparece hoy m\u00e1s debilitada [&hellip;]<\/p>\n","protected":false},"author":1,"featured_media":10199,"comment_status":"open","ping_status":"open","sticky":false,"template":"","format":"standard","meta":{"footnotes":""},"categories":[10],"tags":[160,41],"class_list":["post-20804","post","type-post","status-publish","format-standard","has-post-thumbnail","hentry","category-economia","tag-encuesta","tag-javier-milei"],"better_featured_image":{"id":10199,"alt_text":"","caption":"","description":"","media_type":"image","media_details":{"width":800,"height":534,"file":"2024\/12\/Javier-Milei-12366.jpg","filesize":95443,"sizes":{"medium":{"file":"Javier-Milei-12366-300x200.jpg","width":300,"height":200,"mime-type":"image\/jpeg","filesize":14595,"source_url":"https:\/\/nuevodigitaldeescobar.com.ar\/wp-content\/uploads\/2024\/12\/Javier-Milei-12366-300x200.jpg"},"thumbnail":{"file":"Javier-Milei-12366-150x150.jpg","width":150,"height":150,"mime-type":"image\/jpeg","filesize":9662,"source_url":"https:\/\/nuevodigitaldeescobar.com.ar\/wp-content\/uploads\/2024\/12\/Javier-Milei-12366-150x150.jpg"},"medium_large":{"file":"Javier-Milei-12366-768x513.jpg","width":768,"height":513,"mime-type":"image\/jpeg","filesize":56553,"source_url":"https:\/\/nuevodigitaldeescobar.com.ar\/wp-content\/uploads\/2024\/12\/Javier-Milei-12366-768x513.jpg"}},"image_meta":{"aperture":"0","credit":"","camera":"","caption":"","created_timestamp":"0","copyright":"","focal_length":"0","iso":"0","shutter_speed":"0","title":"","orientation":"0","keywords":[]}},"post":10198,"source_url":"https:\/\/nuevodigitaldeescobar.com.ar\/wp-content\/uploads\/2024\/12\/Javier-Milei-12366.jpg"},"yoast_head":"<!-- This site is optimized with the Yoast SEO plugin v26.1.1 - https:\/\/yoast.com\/wordpress\/plugins\/seo\/ -->\n<title>Econom\u00eda y corrupci\u00f3n: 82% de los hogares resign\u00f3 gastos para sostenerse y 67% cree que el Gobierno rompi\u00f3 el pacto &quot;anticasta&quot; - Nuevo Digital de Escobar<\/title>\n<meta name=\"robots\" content=\"index, follow, max-snippet:-1, max-image-preview:large, max-video-preview:-1\" \/>\n<link rel=\"canonical\" href=\"https:\/\/nuevodigitaldeescobar.com.ar\/?p=20804\" \/>\n<meta property=\"og:locale\" content=\"es_ES\" \/>\n<meta property=\"og:type\" content=\"article\" \/>\n<meta property=\"og:title\" content=\"Econom\u00eda y corrupci\u00f3n: 82% de los hogares resign\u00f3 gastos para sostenerse y 67% cree que el Gobierno rompi\u00f3 el pacto &quot;anticasta&quot;\" \/>\n<meta property=\"og:description\" content=\"La promesa de enfrentar a la denominada casta, que durante meses funcion\u00f3 como n\u00facleo de legitimidad pol\u00edtica y moral del oficialismo, aparece hoy m\u00e1s debilitada [&hellip;]\" \/>\n<meta property=\"og:url\" content=\"https:\/\/nuevodigitaldeescobar.com.ar\/?p=20804\" \/>\n<meta property=\"og:site_name\" content=\"Nuevo Digital de Escobar\" \/>\n<meta property=\"article:publisher\" content=\"https:\/\/www.facebook.com\/NUEVODigitalDeEscobar\" \/>\n<meta property=\"article:published_time\" content=\"2026-04-27T13:04:18+00:00\" \/>\n<meta property=\"article:modified_time\" content=\"2026-04-27T13:04:22+00:00\" \/>\n<meta property=\"og:image\" content=\"http:\/\/nuevodigitaldeescobar.com.ar\/wp-content\/uploads\/2024\/09\/milei-onu-e1727287601457.jpg\" \/>\n\t<meta property=\"og:image:width\" content=\"720\" \/>\n\t<meta property=\"og:image:height\" content=\"540\" \/>\n\t<meta property=\"og:image:type\" content=\"image\/jpeg\" \/>\n<meta name=\"author\" content=\"Redacci\u00f3n\" \/>\n<meta name=\"twitter:card\" content=\"summary_large_image\" \/>\n<meta name=\"twitter:creator\" content=\"@nuevodigescobar\" \/>\n<meta name=\"twitter:site\" content=\"@nuevodigescobar\" \/>\n<meta name=\"twitter:label1\" content=\"Escrito por\" \/>\n\t<meta name=\"twitter:data1\" content=\"Redacci\u00f3n\" \/>\n\t<meta name=\"twitter:label2\" content=\"Tiempo de lectura\" \/>\n\t<meta name=\"twitter:data2\" content=\"5 minutos\" \/>\n<script type=\"application\/ld+json\" class=\"yoast-schema-graph\">{\"@context\":\"https:\/\/schema.org\",\"@graph\":[{\"@type\":\"Article\",\"@id\":\"https:\/\/nuevodigitaldeescobar.com.ar\/?p=20804#article\",\"isPartOf\":{\"@id\":\"https:\/\/nuevodigitaldeescobar.com.ar\/?p=20804\"},\"author\":{\"name\":\"Redacci\u00f3n\",\"@id\":\"https:\/\/nuevodigitaldeescobar.com.ar\/#\/schema\/person\/035e90a8efe9a80e6eec22656ad6ea4c\"},\"headline\":\"Econom\u00eda y corrupci\u00f3n: 82% de los hogares resign\u00f3 gastos para sostenerse y 67% cree que el Gobierno rompi\u00f3 el pacto \u00abanticasta\u00bb\",\"datePublished\":\"2026-04-27T13:04:18+00:00\",\"dateModified\":\"2026-04-27T13:04:22+00:00\",\"mainEntityOfPage\":{\"@id\":\"https:\/\/nuevodigitaldeescobar.com.ar\/?p=20804\"},\"wordCount\":1118,\"commentCount\":0,\"publisher\":{\"@id\":\"https:\/\/nuevodigitaldeescobar.com.ar\/#organization\"},\"image\":{\"@id\":\"https:\/\/nuevodigitaldeescobar.com.ar\/?p=20804#primaryimage\"},\"thumbnailUrl\":\"https:\/\/nuevodigitaldeescobar.com.ar\/wp-content\/uploads\/2024\/12\/Javier-Milei-12366.jpg\",\"keywords\":[\"encuesta\",\"Javier Milei\"],\"articleSection\":[\"Econom\u00eda\"],\"inLanguage\":\"es\",\"potentialAction\":[{\"@type\":\"CommentAction\",\"name\":\"Comment\",\"target\":[\"https:\/\/nuevodigitaldeescobar.com.ar\/?p=20804#respond\"]}]},{\"@type\":\"WebPage\",\"@id\":\"https:\/\/nuevodigitaldeescobar.com.ar\/?p=20804\",\"url\":\"https:\/\/nuevodigitaldeescobar.com.ar\/?p=20804\",\"name\":\"Econom\u00eda y corrupci\u00f3n: 82% de los hogares resign\u00f3 gastos para sostenerse y 67% cree que el Gobierno rompi\u00f3 el pacto \\\"anticasta\\\" - Nuevo Digital de Escobar\",\"isPartOf\":{\"@id\":\"https:\/\/nuevodigitaldeescobar.com.ar\/#website\"},\"primaryImageOfPage\":{\"@id\":\"https:\/\/nuevodigitaldeescobar.com.ar\/?p=20804#primaryimage\"},\"image\":{\"@id\":\"https:\/\/nuevodigitaldeescobar.com.ar\/?p=20804#primaryimage\"},\"thumbnailUrl\":\"https:\/\/nuevodigitaldeescobar.com.ar\/wp-content\/uploads\/2024\/12\/Javier-Milei-12366.jpg\",\"datePublished\":\"2026-04-27T13:04:18+00:00\",\"dateModified\":\"2026-04-27T13:04:22+00:00\",\"breadcrumb\":{\"@id\":\"https:\/\/nuevodigitaldeescobar.com.ar\/?p=20804#breadcrumb\"},\"inLanguage\":\"es\",\"potentialAction\":[{\"@type\":\"ReadAction\",\"target\":[\"https:\/\/nuevodigitaldeescobar.com.ar\/?p=20804\"]}]},{\"@type\":\"ImageObject\",\"inLanguage\":\"es\",\"@id\":\"https:\/\/nuevodigitaldeescobar.com.ar\/?p=20804#primaryimage\",\"url\":\"https:\/\/nuevodigitaldeescobar.com.ar\/wp-content\/uploads\/2024\/12\/Javier-Milei-12366.jpg\",\"contentUrl\":\"https:\/\/nuevodigitaldeescobar.com.ar\/wp-content\/uploads\/2024\/12\/Javier-Milei-12366.jpg\",\"width\":800,\"height\":534},{\"@type\":\"BreadcrumbList\",\"@id\":\"https:\/\/nuevodigitaldeescobar.com.ar\/?p=20804#breadcrumb\",\"itemListElement\":[{\"@type\":\"ListItem\",\"position\":1,\"name\":\"Portada\",\"item\":\"https:\/\/nuevodigitaldeescobar.com.ar\/\"},{\"@type\":\"ListItem\",\"position\":2,\"name\":\"Econom\u00eda y corrupci\u00f3n: 82% de los hogares resign\u00f3 gastos para sostenerse y 67% cree que el Gobierno rompi\u00f3 el pacto \u00abanticasta\u00bb\"}]},{\"@type\":\"WebSite\",\"@id\":\"https:\/\/nuevodigitaldeescobar.com.ar\/#website\",\"url\":\"https:\/\/nuevodigitaldeescobar.com.ar\/\",\"name\":\"Nuevo Digital de Escobar\",\"description\":\"La vida escobarense. Directora: Rosana Brunner\",\"publisher\":{\"@id\":\"https:\/\/nuevodigitaldeescobar.com.ar\/#organization\"},\"potentialAction\":[{\"@type\":\"SearchAction\",\"target\":{\"@type\":\"EntryPoint\",\"urlTemplate\":\"https:\/\/nuevodigitaldeescobar.com.ar\/?s={search_term_string}\"},\"query-input\":{\"@type\":\"PropertyValueSpecification\",\"valueRequired\":true,\"valueName\":\"search_term_string\"}}],\"inLanguage\":\"es\"},{\"@type\":\"Organization\",\"@id\":\"https:\/\/nuevodigitaldeescobar.com.ar\/#organization\",\"name\":\"Nuevo Digital de Escobar\",\"url\":\"https:\/\/nuevodigitaldeescobar.com.ar\/\",\"logo\":{\"@type\":\"ImageObject\",\"inLanguage\":\"es\",\"@id\":\"https:\/\/nuevodigitaldeescobar.com.ar\/#\/schema\/logo\/image\/\",\"url\":\"https:\/\/nuevodigitaldeescobar.com.ar\/wp-content\/uploads\/2025\/05\/cropped-logo-nuevo2.jpg\",\"contentUrl\":\"https:\/\/nuevodigitaldeescobar.com.ar\/wp-content\/uploads\/2025\/05\/cropped-logo-nuevo2.jpg\",\"width\":305,\"height\":305,\"caption\":\"Nuevo Digital de Escobar\"},\"image\":{\"@id\":\"https:\/\/nuevodigitaldeescobar.com.ar\/#\/schema\/logo\/image\/\"},\"sameAs\":[\"https:\/\/www.facebook.com\/NUEVODigitalDeEscobar\",\"https:\/\/x.com\/nuevodigescobar\",\"https:\/\/www.instagram.com\/nuevodigitaldeescobar\"]},{\"@type\":\"Person\",\"@id\":\"https:\/\/nuevodigitaldeescobar.com.ar\/#\/schema\/person\/035e90a8efe9a80e6eec22656ad6ea4c\",\"name\":\"Redacci\u00f3n\",\"image\":{\"@type\":\"ImageObject\",\"inLanguage\":\"es\",\"@id\":\"https:\/\/nuevodigitaldeescobar.com.ar\/#\/schema\/person\/image\/\",\"url\":\"https:\/\/secure.gravatar.com\/avatar\/8af8f40000c24e9eef3034f2be5998a372bb1389e64b1a4a36b3a7979142220d?s=96&d=mm&r=g\",\"contentUrl\":\"https:\/\/secure.gravatar.com\/avatar\/8af8f40000c24e9eef3034f2be5998a372bb1389e64b1a4a36b3a7979142220d?s=96&d=mm&r=g\",\"caption\":\"Redacci\u00f3n\"},\"sameAs\":[\"http:\/\/nuevodigitaldeescobar.com.ar\"],\"url\":\"https:\/\/nuevodigitaldeescobar.com.ar\/?author=1\"}]}<\/script>\n<!-- \/ Yoast SEO plugin. -->","yoast_head_json":{"title":"Econom\u00eda y corrupci\u00f3n: 82% de los hogares resign\u00f3 gastos para sostenerse y 67% cree que el Gobierno rompi\u00f3 el pacto \"anticasta\" - Nuevo Digital de Escobar","robots":{"index":"index","follow":"follow","max-snippet":"max-snippet:-1","max-image-preview":"max-image-preview:large","max-video-preview":"max-video-preview:-1"},"canonical":"https:\/\/nuevodigitaldeescobar.com.ar\/?p=20804","og_locale":"es_ES","og_type":"article","og_title":"Econom\u00eda y corrupci\u00f3n: 82% de los hogares resign\u00f3 gastos para sostenerse y 67% cree que el Gobierno rompi\u00f3 el pacto \"anticasta\"","og_description":"La promesa de enfrentar a la denominada casta, que durante meses funcion\u00f3 como n\u00facleo de legitimidad pol\u00edtica y moral del oficialismo, aparece hoy m\u00e1s debilitada [&hellip;]","og_url":"https:\/\/nuevodigitaldeescobar.com.ar\/?p=20804","og_site_name":"Nuevo Digital de Escobar","article_publisher":"https:\/\/www.facebook.com\/NUEVODigitalDeEscobar","article_published_time":"2026-04-27T13:04:18+00:00","article_modified_time":"2026-04-27T13:04:22+00:00","og_image":[{"width":720,"height":540,"url":"http:\/\/nuevodigitaldeescobar.com.ar\/wp-content\/uploads\/2024\/09\/milei-onu-e1727287601457.jpg","type":"image\/jpeg"}],"author":"Redacci\u00f3n","twitter_card":"summary_large_image","twitter_creator":"@nuevodigescobar","twitter_site":"@nuevodigescobar","twitter_misc":{"Escrito por":"Redacci\u00f3n","Tiempo de lectura":"5 minutos"},"schema":{"@context":"https:\/\/schema.org","@graph":[{"@type":"Article","@id":"https:\/\/nuevodigitaldeescobar.com.ar\/?p=20804#article","isPartOf":{"@id":"https:\/\/nuevodigitaldeescobar.com.ar\/?p=20804"},"author":{"name":"Redacci\u00f3n","@id":"https:\/\/nuevodigitaldeescobar.com.ar\/#\/schema\/person\/035e90a8efe9a80e6eec22656ad6ea4c"},"headline":"Econom\u00eda y corrupci\u00f3n: 82% de los hogares resign\u00f3 gastos para sostenerse y 67% cree que el Gobierno rompi\u00f3 el pacto \u00abanticasta\u00bb","datePublished":"2026-04-27T13:04:18+00:00","dateModified":"2026-04-27T13:04:22+00:00","mainEntityOfPage":{"@id":"https:\/\/nuevodigitaldeescobar.com.ar\/?p=20804"},"wordCount":1118,"commentCount":0,"publisher":{"@id":"https:\/\/nuevodigitaldeescobar.com.ar\/#organization"},"image":{"@id":"https:\/\/nuevodigitaldeescobar.com.ar\/?p=20804#primaryimage"},"thumbnailUrl":"https:\/\/nuevodigitaldeescobar.com.ar\/wp-content\/uploads\/2024\/12\/Javier-Milei-12366.jpg","keywords":["encuesta","Javier Milei"],"articleSection":["Econom\u00eda"],"inLanguage":"es","potentialAction":[{"@type":"CommentAction","name":"Comment","target":["https:\/\/nuevodigitaldeescobar.com.ar\/?p=20804#respond"]}]},{"@type":"WebPage","@id":"https:\/\/nuevodigitaldeescobar.com.ar\/?p=20804","url":"https:\/\/nuevodigitaldeescobar.com.ar\/?p=20804","name":"Econom\u00eda y corrupci\u00f3n: 82% de los hogares resign\u00f3 gastos para sostenerse y 67% cree que el Gobierno rompi\u00f3 el pacto \"anticasta\" - Nuevo Digital de Escobar","isPartOf":{"@id":"https:\/\/nuevodigitaldeescobar.com.ar\/#website"},"primaryImageOfPage":{"@id":"https:\/\/nuevodigitaldeescobar.com.ar\/?p=20804#primaryimage"},"image":{"@id":"https:\/\/nuevodigitaldeescobar.com.ar\/?p=20804#primaryimage"},"thumbnailUrl":"https:\/\/nuevodigitaldeescobar.com.ar\/wp-content\/uploads\/2024\/12\/Javier-Milei-12366.jpg","datePublished":"2026-04-27T13:04:18+00:00","dateModified":"2026-04-27T13:04:22+00:00","breadcrumb":{"@id":"https:\/\/nuevodigitaldeescobar.com.ar\/?p=20804#breadcrumb"},"inLanguage":"es","potentialAction":[{"@type":"ReadAction","target":["https:\/\/nuevodigitaldeescobar.com.ar\/?p=20804"]}]},{"@type":"ImageObject","inLanguage":"es","@id":"https:\/\/nuevodigitaldeescobar.com.ar\/?p=20804#primaryimage","url":"https:\/\/nuevodigitaldeescobar.com.ar\/wp-content\/uploads\/2024\/12\/Javier-Milei-12366.jpg","contentUrl":"https:\/\/nuevodigitaldeescobar.com.ar\/wp-content\/uploads\/2024\/12\/Javier-Milei-12366.jpg","width":800,"height":534},{"@type":"BreadcrumbList","@id":"https:\/\/nuevodigitaldeescobar.com.ar\/?p=20804#breadcrumb","itemListElement":[{"@type":"ListItem","position":1,"name":"Portada","item":"https:\/\/nuevodigitaldeescobar.com.ar\/"},{"@type":"ListItem","position":2,"name":"Econom\u00eda y corrupci\u00f3n: 82% de los hogares resign\u00f3 gastos para sostenerse y 67% cree que el Gobierno rompi\u00f3 el pacto \u00abanticasta\u00bb"}]},{"@type":"WebSite","@id":"https:\/\/nuevodigitaldeescobar.com.ar\/#website","url":"https:\/\/nuevodigitaldeescobar.com.ar\/","name":"Nuevo Digital de Escobar","description":"La vida escobarense. Directora: Rosana Brunner","publisher":{"@id":"https:\/\/nuevodigitaldeescobar.com.ar\/#organization"},"potentialAction":[{"@type":"SearchAction","target":{"@type":"EntryPoint","urlTemplate":"https:\/\/nuevodigitaldeescobar.com.ar\/?s={search_term_string}"},"query-input":{"@type":"PropertyValueSpecification","valueRequired":true,"valueName":"search_term_string"}}],"inLanguage":"es"},{"@type":"Organization","@id":"https:\/\/nuevodigitaldeescobar.com.ar\/#organization","name":"Nuevo Digital de Escobar","url":"https:\/\/nuevodigitaldeescobar.com.ar\/","logo":{"@type":"ImageObject","inLanguage":"es","@id":"https:\/\/nuevodigitaldeescobar.com.ar\/#\/schema\/logo\/image\/","url":"https:\/\/nuevodigitaldeescobar.com.ar\/wp-content\/uploads\/2025\/05\/cropped-logo-nuevo2.jpg","contentUrl":"https:\/\/nuevodigitaldeescobar.com.ar\/wp-content\/uploads\/2025\/05\/cropped-logo-nuevo2.jpg","width":305,"height":305,"caption":"Nuevo Digital de Escobar"},"image":{"@id":"https:\/\/nuevodigitaldeescobar.com.ar\/#\/schema\/logo\/image\/"},"sameAs":["https:\/\/www.facebook.com\/NUEVODigitalDeEscobar","https:\/\/x.com\/nuevodigescobar","https:\/\/www.instagram.com\/nuevodigitaldeescobar"]},{"@type":"Person","@id":"https:\/\/nuevodigitaldeescobar.com.ar\/#\/schema\/person\/035e90a8efe9a80e6eec22656ad6ea4c","name":"Redacci\u00f3n","image":{"@type":"ImageObject","inLanguage":"es","@id":"https:\/\/nuevodigitaldeescobar.com.ar\/#\/schema\/person\/image\/","url":"https:\/\/secure.gravatar.com\/avatar\/8af8f40000c24e9eef3034f2be5998a372bb1389e64b1a4a36b3a7979142220d?s=96&d=mm&r=g","contentUrl":"https:\/\/secure.gravatar.com\/avatar\/8af8f40000c24e9eef3034f2be5998a372bb1389e64b1a4a36b3a7979142220d?s=96&d=mm&r=g","caption":"Redacci\u00f3n"},"sameAs":["http:\/\/nuevodigitaldeescobar.com.ar"],"url":"https:\/\/nuevodigitaldeescobar.com.ar\/?author=1"}]}},"featured_image_urls":{"full":["https:\/\/nuevodigitaldeescobar.com.ar\/wp-content\/uploads\/2024\/12\/Javier-Milei-12366.jpg",800,534,false],"thumbnail":["https:\/\/nuevodigitaldeescobar.com.ar\/wp-content\/uploads\/2024\/12\/Javier-Milei-12366-150x150.jpg",150,150,true],"medium":["https:\/\/nuevodigitaldeescobar.com.ar\/wp-content\/uploads\/2024\/12\/Javier-Milei-12366-300x200.jpg",300,200,true],"medium_large":["https:\/\/nuevodigitaldeescobar.com.ar\/wp-content\/uploads\/2024\/12\/Javier-Milei-12366-768x513.jpg",640,428,true],"large":["https:\/\/nuevodigitaldeescobar.com.ar\/wp-content\/uploads\/2024\/12\/Javier-Milei-12366.jpg",640,427,false],"1536x1536":["https:\/\/nuevodigitaldeescobar.com.ar\/wp-content\/uploads\/2024\/12\/Javier-Milei-12366.jpg",800,534,false],"2048x2048":["https:\/\/nuevodigitaldeescobar.com.ar\/wp-content\/uploads\/2024\/12\/Javier-Milei-12366.jpg",800,534,false]},"author_info":{"display_name":"Redacci\u00f3n","author_link":"https:\/\/nuevodigitaldeescobar.com.ar\/?author=1"},"category_info":"<a href=\"https:\/\/nuevodigitaldeescobar.com.ar\/?cat=10\" rel=\"category\">Econom\u00eda<\/a>","tag_info":"Econom\u00eda","comment_count":"0","_links":{"self":[{"href":"https:\/\/nuevodigitaldeescobar.com.ar\/index.php?rest_route=\/wp\/v2\/posts\/20804","targetHints":{"allow":["GET"]}}],"collection":[{"href":"https:\/\/nuevodigitaldeescobar.com.ar\/index.php?rest_route=\/wp\/v2\/posts"}],"about":[{"href":"https:\/\/nuevodigitaldeescobar.com.ar\/index.php?rest_route=\/wp\/v2\/types\/post"}],"author":[{"embeddable":true,"href":"https:\/\/nuevodigitaldeescobar.com.ar\/index.php?rest_route=\/wp\/v2\/users\/1"}],"replies":[{"embeddable":true,"href":"https:\/\/nuevodigitaldeescobar.com.ar\/index.php?rest_route=%2Fwp%2Fv2%2Fcomments&post=20804"}],"version-history":[{"count":1,"href":"https:\/\/nuevodigitaldeescobar.com.ar\/index.php?rest_route=\/wp\/v2\/posts\/20804\/revisions"}],"predecessor-version":[{"id":20805,"href":"https:\/\/nuevodigitaldeescobar.com.ar\/index.php?rest_route=\/wp\/v2\/posts\/20804\/revisions\/20805"}],"wp:featuredmedia":[{"embeddable":true,"href":"https:\/\/nuevodigitaldeescobar.com.ar\/index.php?rest_route=\/wp\/v2\/media\/10199"}],"wp:attachment":[{"href":"https:\/\/nuevodigitaldeescobar.com.ar\/index.php?rest_route=%2Fwp%2Fv2%2Fmedia&parent=20804"}],"wp:term":[{"taxonomy":"category","embeddable":true,"href":"https:\/\/nuevodigitaldeescobar.com.ar\/index.php?rest_route=%2Fwp%2Fv2%2Fcategories&post=20804"},{"taxonomy":"post_tag","embeddable":true,"href":"https:\/\/nuevodigitaldeescobar.com.ar\/index.php?rest_route=%2Fwp%2Fv2%2Ftags&post=20804"}],"curies":[{"name":"wp","href":"https:\/\/api.w.org\/{rel}","templated":true}]}}