{"id":20806,"date":"2026-04-27T10:07:35","date_gmt":"2026-04-27T13:07:35","guid":{"rendered":"https:\/\/nuevodigitaldeescobar.com.ar\/?p=20806"},"modified":"2026-04-27T10:07:38","modified_gmt":"2026-04-27T13:07:38","slug":"comenzaron-las-obras-de-refaccion-en-la-udp-de-maschwitz-y-el-centro-de-salud-mental-papa-francisco","status":"publish","type":"post","link":"https:\/\/nuevodigitaldeescobar.com.ar\/?p=20806","title":{"rendered":"Comenzaron las obras de refacci\u00f3n en la UDP de Maschwitz y el Centro de Salud Mental Papa Francisco"},"content":{"rendered":"\n<p>La Municipalidad de Escobar comenz\u00f3 las obras de puesta en valor y refacci\u00f3n en la Unidad de Diagn\u00f3stico Precoz (UDP) \u00abDr. Carlos Legaria\u00bb de Ingeniero Maschwitz y en el Centro de Salud Mental y Adicciones \u00abPapa Francisco\u00bb de Bel\u00e9n de Escobar. Estas tareas tienen como objetivo modernizar y mejorar las instalaciones para la comodidad de los vecinos y el personal de trabajo.<\/p>\n\n\n\n<!--more-->\n\n\n\n<figure class=\"wp-block-image size-large\"><img fetchpriority=\"high\" decoding=\"async\" width=\"768\" height=\"1024\" src=\"http:\/\/nuevodigitaldeescobar.com.ar\/wp-content\/uploads\/2026\/04\/whatsapp_image_2026_04_24_at_11_14_24-768x1024.jpeg\" alt=\"\" class=\"wp-image-20808\" srcset=\"https:\/\/nuevodigitaldeescobar.com.ar\/wp-content\/uploads\/2026\/04\/whatsapp_image_2026_04_24_at_11_14_24-768x1024.jpeg 768w, https:\/\/nuevodigitaldeescobar.com.ar\/wp-content\/uploads\/2026\/04\/whatsapp_image_2026_04_24_at_11_14_24-225x300.jpeg 225w, https:\/\/nuevodigitaldeescobar.com.ar\/wp-content\/uploads\/2026\/04\/whatsapp_image_2026_04_24_at_11_14_24-1152x1536.jpeg 1152w, https:\/\/nuevodigitaldeescobar.com.ar\/wp-content\/uploads\/2026\/04\/whatsapp_image_2026_04_24_at_11_14_24.jpeg 1200w\" sizes=\"(max-width: 768px) 100vw, 768px\" \/><\/figure>\n\n\n\n<p>En el caso de la UDP de Ingeniero Maschwitz, las mejoras est\u00e1n enfocadas en la renovaci\u00f3n de los espacios de atenci\u00f3n y recepci\u00f3n. Se est\u00e1 realizando la pintura integral de los interiores, la limpieza especializada de los vidrios de altura en la fachada y la renovaci\u00f3n de herrajes y picaportes. Adem\u00e1s, se est\u00e1n poniendo a punto los sanitarios y se instalaron protecciones de acr\u00edlico en los mostradores de entrada.<\/p>\n\n\n\n<p>Por otro lado, en el Centro de Salud Mental \u00abPapa Francisco\u00bb, los trabajos incluyen el arreglo de techos y cubiertas para solucionar problemas de humedad, la reparaci\u00f3n de cielorrasos y la adecuaci\u00f3n de las instalaciones el\u00e9ctricas y sanitarias. Con estas obras, no solo se busca embellecer el edificio, sino garantizar que el personal m\u00e9dico y los pacientes cuenten con un entorno seguro y funcional, cuidando el bienestar de quienes atraviesan tratamientos de salud mental.<\/p>\n\n\n\n<figure class=\"wp-block-image size-large\"><img decoding=\"async\" width=\"768\" height=\"1024\" src=\"http:\/\/nuevodigitaldeescobar.com.ar\/wp-content\/uploads\/2026\/04\/whatsapp_image_2026_04_24_at_11_14_34-768x1024.jpeg\" alt=\"\" class=\"wp-image-20809\" srcset=\"https:\/\/nuevodigitaldeescobar.com.ar\/wp-content\/uploads\/2026\/04\/whatsapp_image_2026_04_24_at_11_14_34-768x1024.jpeg 768w, https:\/\/nuevodigitaldeescobar.com.ar\/wp-content\/uploads\/2026\/04\/whatsapp_image_2026_04_24_at_11_14_34-225x300.jpeg 225w, https:\/\/nuevodigitaldeescobar.com.ar\/wp-content\/uploads\/2026\/04\/whatsapp_image_2026_04_24_at_11_14_34-1152x1536.jpeg 1152w, https:\/\/nuevodigitaldeescobar.com.ar\/wp-content\/uploads\/2026\/04\/whatsapp_image_2026_04_24_at_11_14_34.jpeg 1200w\" sizes=\"(max-width: 768px) 100vw, 768px\" \/><\/figure>\n\n\n\n<p>Este plan de mantenimiento constante permite que los centros de salud no solo se mantengan en pie, sino que evolucionen a la par de las necesidades de la comunidad.<\/p>\n","protected":false},"excerpt":{"rendered":"<p>La Municipalidad de Escobar comenz\u00f3 las obras de puesta en valor y refacci\u00f3n en la Unidad de Diagn\u00f3stico Precoz (UDP) \u00abDr. Carlos Legaria\u00bb de Ingeniero [&hellip;]<\/p>\n","protected":false},"author":1,"featured_media":20807,"comment_status":"open","ping_status":"open","sticky":false,"template":"","format":"standard","meta":{"footnotes":""},"categories":[3],"tags":[],"class_list":["post-20806","post","type-post","status-publish","format-standard","has-post-thumbnail","hentry","category-nutricion"],"better_featured_image":{"id":20807,"alt_text":"","caption":"","description":"","media_type":"image","media_details":{"width":1600,"height":1066,"file":"2026\/04\/whatsapp_image_2026_04_24_at_11_14_22.jpeg","filesize":584246,"sizes":{"medium":{"file":"whatsapp_image_2026_04_24_at_11_14_22-300x200.jpeg","width":300,"height":200,"mime-type":"image\/jpeg","filesize":15905,"source_url":"https:\/\/nuevodigitaldeescobar.com.ar\/wp-content\/uploads\/2026\/04\/whatsapp_image_2026_04_24_at_11_14_22-300x200.jpeg"},"large":{"file":"whatsapp_image_2026_04_24_at_11_14_22-1024x682.jpeg","width":1024,"height":682,"mime-type":"image\/jpeg","filesize":151049,"source_url":"https:\/\/nuevodigitaldeescobar.com.ar\/wp-content\/uploads\/2026\/04\/whatsapp_image_2026_04_24_at_11_14_22-1024x682.jpeg"},"thumbnail":{"file":"whatsapp_image_2026_04_24_at_11_14_22-150x150.jpeg","width":150,"height":150,"mime-type":"image\/jpeg","filesize":6601,"source_url":"https:\/\/nuevodigitaldeescobar.com.ar\/wp-content\/uploads\/2026\/04\/whatsapp_image_2026_04_24_at_11_14_22-150x150.jpeg"},"medium_large":{"file":"whatsapp_image_2026_04_24_at_11_14_22-768x512.jpeg","width":768,"height":512,"mime-type":"image\/jpeg","filesize":88301,"source_url":"https:\/\/nuevodigitaldeescobar.com.ar\/wp-content\/uploads\/2026\/04\/whatsapp_image_2026_04_24_at_11_14_22-768x512.jpeg"},"1536x1536":{"file":"whatsapp_image_2026_04_24_at_11_14_22-1536x1023.jpeg","width":1536,"height":1023,"mime-type":"image\/jpeg","filesize":319253,"source_url":"https:\/\/nuevodigitaldeescobar.com.ar\/wp-content\/uploads\/2026\/04\/whatsapp_image_2026_04_24_at_11_14_22-1536x1023.jpeg"}},"image_meta":{"aperture":"0","credit":"","camera":"","caption":"","created_timestamp":"0","copyright":"","focal_length":"0","iso":"0","shutter_speed":"0","title":"","orientation":"0","keywords":[]}},"post":20806,"source_url":"https:\/\/nuevodigitaldeescobar.com.ar\/wp-content\/uploads\/2026\/04\/whatsapp_image_2026_04_24_at_11_14_22.jpeg"},"yoast_head":"<!-- This site is optimized with the Yoast SEO plugin v26.1.1 - https:\/\/yoast.com\/wordpress\/plugins\/seo\/ -->\n<title>Comenzaron las obras de refacci\u00f3n en la UDP de Maschwitz y el Centro de Salud Mental Papa Francisco - Nuevo Digital de Escobar<\/title>\n<meta name=\"description\" content=\"Estas tareas tienen como objetivo modernizar y mejorar las instalaciones para la comodidad de los vecinos y el personal de trabajo.\" \/>\n<meta name=\"robots\" content=\"index, follow, max-snippet:-1, max-image-preview:large, max-video-preview:-1\" \/>\n<link rel=\"canonical\" href=\"https:\/\/nuevodigitaldeescobar.com.ar\/?p=20806\" \/>\n<meta property=\"og:locale\" content=\"es_ES\" \/>\n<meta property=\"og:type\" content=\"article\" \/>\n<meta property=\"og:title\" content=\"Comenzaron las obras de refacci\u00f3n en la UDP de Maschwitz y el Centro de Salud Mental Papa Francisco\" \/>\n<meta property=\"og:description\" content=\"Estas tareas tienen como objetivo modernizar y mejorar las instalaciones para la comodidad de los vecinos y el personal de trabajo.\" \/>\n<meta property=\"og:url\" content=\"https:\/\/nuevodigitaldeescobar.com.ar\/?p=20806\" \/>\n<meta property=\"og:site_name\" content=\"Nuevo Digital de Escobar\" \/>\n<meta property=\"article:publisher\" content=\"https:\/\/www.facebook.com\/NUEVODigitalDeEscobar\" \/>\n<meta property=\"article:published_time\" content=\"2026-04-27T13:07:35+00:00\" \/>\n<meta property=\"article:modified_time\" content=\"2026-04-27T13:07:38+00:00\" \/>\n<meta property=\"og:image\" content=\"http:\/\/nuevodigitaldeescobar.com.ar\/wp-content\/uploads\/2026\/04\/whatsapp_image_2026_04_24_at_11_14_22.jpeg\" \/>\n\t<meta property=\"og:image:width\" content=\"1600\" \/>\n\t<meta property=\"og:image:height\" content=\"1066\" \/>\n\t<meta property=\"og:image:type\" content=\"image\/jpeg\" \/>\n<meta name=\"author\" content=\"Redacci\u00f3n\" \/>\n<meta name=\"twitter:card\" content=\"summary_large_image\" \/>\n<meta name=\"twitter:creator\" content=\"@nuevodigescobar\" \/>\n<meta name=\"twitter:site\" content=\"@nuevodigescobar\" \/>\n<meta name=\"twitter:label1\" content=\"Escrito por\" \/>\n\t<meta name=\"twitter:data1\" content=\"Redacci\u00f3n\" \/>\n\t<meta name=\"twitter:label2\" content=\"Tiempo de lectura\" \/>\n\t<meta name=\"twitter:data2\" content=\"2 minutos\" \/>\n<script type=\"application\/ld+json\" class=\"yoast-schema-graph\">{\"@context\":\"https:\/\/schema.org\",\"@graph\":[{\"@type\":\"Article\",\"@id\":\"https:\/\/nuevodigitaldeescobar.com.ar\/?p=20806#article\",\"isPartOf\":{\"@id\":\"https:\/\/nuevodigitaldeescobar.com.ar\/?p=20806\"},\"author\":{\"name\":\"Redacci\u00f3n\",\"@id\":\"https:\/\/nuevodigitaldeescobar.com.ar\/#\/schema\/person\/035e90a8efe9a80e6eec22656ad6ea4c\"},\"headline\":\"Comenzaron las obras de refacci\u00f3n en la UDP de Maschwitz y el Centro de Salud Mental Papa Francisco\",\"datePublished\":\"2026-04-27T13:07:35+00:00\",\"dateModified\":\"2026-04-27T13:07:38+00:00\",\"mainEntityOfPage\":{\"@id\":\"https:\/\/nuevodigitaldeescobar.com.ar\/?p=20806\"},\"wordCount\":268,\"commentCount\":0,\"publisher\":{\"@id\":\"https:\/\/nuevodigitaldeescobar.com.ar\/#organization\"},\"image\":{\"@id\":\"https:\/\/nuevodigitaldeescobar.com.ar\/?p=20806#primaryimage\"},\"thumbnailUrl\":\"https:\/\/nuevodigitaldeescobar.com.ar\/wp-content\/uploads\/2026\/04\/whatsapp_image_2026_04_24_at_11_14_22.jpeg\",\"articleSection\":[\"Salud y Nutrici\u00f3n\"],\"inLanguage\":\"es\",\"potentialAction\":[{\"@type\":\"CommentAction\",\"name\":\"Comment\",\"target\":[\"https:\/\/nuevodigitaldeescobar.com.ar\/?p=20806#respond\"]}]},{\"@type\":\"WebPage\",\"@id\":\"https:\/\/nuevodigitaldeescobar.com.ar\/?p=20806\",\"url\":\"https:\/\/nuevodigitaldeescobar.com.ar\/?p=20806\",\"name\":\"Comenzaron las obras de refacci\u00f3n en la UDP de Maschwitz y el Centro de Salud Mental Papa Francisco - Nuevo Digital de Escobar\",\"isPartOf\":{\"@id\":\"https:\/\/nuevodigitaldeescobar.com.ar\/#website\"},\"primaryImageOfPage\":{\"@id\":\"https:\/\/nuevodigitaldeescobar.com.ar\/?p=20806#primaryimage\"},\"image\":{\"@id\":\"https:\/\/nuevodigitaldeescobar.com.ar\/?p=20806#primaryimage\"},\"thumbnailUrl\":\"https:\/\/nuevodigitaldeescobar.com.ar\/wp-content\/uploads\/2026\/04\/whatsapp_image_2026_04_24_at_11_14_22.jpeg\",\"datePublished\":\"2026-04-27T13:07:35+00:00\",\"dateModified\":\"2026-04-27T13:07:38+00:00\",\"description\":\"Estas tareas tienen como objetivo modernizar y mejorar las instalaciones para la comodidad de los vecinos y el personal de trabajo.\",\"breadcrumb\":{\"@id\":\"https:\/\/nuevodigitaldeescobar.com.ar\/?p=20806#breadcrumb\"},\"inLanguage\":\"es\",\"potentialAction\":[{\"@type\":\"ReadAction\",\"target\":[\"https:\/\/nuevodigitaldeescobar.com.ar\/?p=20806\"]}]},{\"@type\":\"ImageObject\",\"inLanguage\":\"es\",\"@id\":\"https:\/\/nuevodigitaldeescobar.com.ar\/?p=20806#primaryimage\",\"url\":\"https:\/\/nuevodigitaldeescobar.com.ar\/wp-content\/uploads\/2026\/04\/whatsapp_image_2026_04_24_at_11_14_22.jpeg\",\"contentUrl\":\"https:\/\/nuevodigitaldeescobar.com.ar\/wp-content\/uploads\/2026\/04\/whatsapp_image_2026_04_24_at_11_14_22.jpeg\",\"width\":1600,\"height\":1066},{\"@type\":\"BreadcrumbList\",\"@id\":\"https:\/\/nuevodigitaldeescobar.com.ar\/?p=20806#breadcrumb\",\"itemListElement\":[{\"@type\":\"ListItem\",\"position\":1,\"name\":\"Portada\",\"item\":\"https:\/\/nuevodigitaldeescobar.com.ar\/\"},{\"@type\":\"ListItem\",\"position\":2,\"name\":\"Comenzaron las obras de refacci\u00f3n en la UDP de Maschwitz y el Centro de Salud Mental Papa Francisco\"}]},{\"@type\":\"WebSite\",\"@id\":\"https:\/\/nuevodigitaldeescobar.com.ar\/#website\",\"url\":\"https:\/\/nuevodigitaldeescobar.com.ar\/\",\"name\":\"Nuevo Digital de Escobar\",\"description\":\"La vida escobarense. Directora: Rosana Brunner\",\"publisher\":{\"@id\":\"https:\/\/nuevodigitaldeescobar.com.ar\/#organization\"},\"potentialAction\":[{\"@type\":\"SearchAction\",\"target\":{\"@type\":\"EntryPoint\",\"urlTemplate\":\"https:\/\/nuevodigitaldeescobar.com.ar\/?s={search_term_string}\"},\"query-input\":{\"@type\":\"PropertyValueSpecification\",\"valueRequired\":true,\"valueName\":\"search_term_string\"}}],\"inLanguage\":\"es\"},{\"@type\":\"Organization\",\"@id\":\"https:\/\/nuevodigitaldeescobar.com.ar\/#organization\",\"name\":\"Nuevo Digital de Escobar\",\"url\":\"https:\/\/nuevodigitaldeescobar.com.ar\/\",\"logo\":{\"@type\":\"ImageObject\",\"inLanguage\":\"es\",\"@id\":\"https:\/\/nuevodigitaldeescobar.com.ar\/#\/schema\/logo\/image\/\",\"url\":\"https:\/\/nuevodigitaldeescobar.com.ar\/wp-content\/uploads\/2025\/05\/cropped-logo-nuevo2.jpg\",\"contentUrl\":\"https:\/\/nuevodigitaldeescobar.com.ar\/wp-content\/uploads\/2025\/05\/cropped-logo-nuevo2.jpg\",\"width\":305,\"height\":305,\"caption\":\"Nuevo Digital de Escobar\"},\"image\":{\"@id\":\"https:\/\/nuevodigitaldeescobar.com.ar\/#\/schema\/logo\/image\/\"},\"sameAs\":[\"https:\/\/www.facebook.com\/NUEVODigitalDeEscobar\",\"https:\/\/x.com\/nuevodigescobar\",\"https:\/\/www.instagram.com\/nuevodigitaldeescobar\"]},{\"@type\":\"Person\",\"@id\":\"https:\/\/nuevodigitaldeescobar.com.ar\/#\/schema\/person\/035e90a8efe9a80e6eec22656ad6ea4c\",\"name\":\"Redacci\u00f3n\",\"image\":{\"@type\":\"ImageObject\",\"inLanguage\":\"es\",\"@id\":\"https:\/\/nuevodigitaldeescobar.com.ar\/#\/schema\/person\/image\/\",\"url\":\"https:\/\/secure.gravatar.com\/avatar\/8af8f40000c24e9eef3034f2be5998a372bb1389e64b1a4a36b3a7979142220d?s=96&d=mm&r=g\",\"contentUrl\":\"https:\/\/secure.gravatar.com\/avatar\/8af8f40000c24e9eef3034f2be5998a372bb1389e64b1a4a36b3a7979142220d?s=96&d=mm&r=g\",\"caption\":\"Redacci\u00f3n\"},\"sameAs\":[\"http:\/\/nuevodigitaldeescobar.com.ar\"],\"url\":\"https:\/\/nuevodigitaldeescobar.com.ar\/?author=1\"}]}<\/script>\n<!-- \/ Yoast SEO plugin. -->","yoast_head_json":{"title":"Comenzaron las obras de refacci\u00f3n en la UDP de Maschwitz y el Centro de Salud Mental Papa Francisco - Nuevo Digital de Escobar","description":"Estas tareas tienen como objetivo modernizar y mejorar las instalaciones para la comodidad de los vecinos y el personal de trabajo.","robots":{"index":"index","follow":"follow","max-snippet":"max-snippet:-1","max-image-preview":"max-image-preview:large","max-video-preview":"max-video-preview:-1"},"canonical":"https:\/\/nuevodigitaldeescobar.com.ar\/?p=20806","og_locale":"es_ES","og_type":"article","og_title":"Comenzaron las obras de refacci\u00f3n en la UDP de Maschwitz y el Centro de Salud Mental Papa Francisco","og_description":"Estas tareas tienen como objetivo modernizar y mejorar las instalaciones para la comodidad de los vecinos y el personal de trabajo.","og_url":"https:\/\/nuevodigitaldeescobar.com.ar\/?p=20806","og_site_name":"Nuevo Digital de Escobar","article_publisher":"https:\/\/www.facebook.com\/NUEVODigitalDeEscobar","article_published_time":"2026-04-27T13:07:35+00:00","article_modified_time":"2026-04-27T13:07:38+00:00","og_image":[{"width":1600,"height":1066,"url":"http:\/\/nuevodigitaldeescobar.com.ar\/wp-content\/uploads\/2026\/04\/whatsapp_image_2026_04_24_at_11_14_22.jpeg","type":"image\/jpeg"}],"author":"Redacci\u00f3n","twitter_card":"summary_large_image","twitter_creator":"@nuevodigescobar","twitter_site":"@nuevodigescobar","twitter_misc":{"Escrito por":"Redacci\u00f3n","Tiempo de lectura":"2 minutos"},"schema":{"@context":"https:\/\/schema.org","@graph":[{"@type":"Article","@id":"https:\/\/nuevodigitaldeescobar.com.ar\/?p=20806#article","isPartOf":{"@id":"https:\/\/nuevodigitaldeescobar.com.ar\/?p=20806"},"author":{"name":"Redacci\u00f3n","@id":"https:\/\/nuevodigitaldeescobar.com.ar\/#\/schema\/person\/035e90a8efe9a80e6eec22656ad6ea4c"},"headline":"Comenzaron las obras de refacci\u00f3n en la UDP de Maschwitz y el Centro de Salud Mental Papa Francisco","datePublished":"2026-04-27T13:07:35+00:00","dateModified":"2026-04-27T13:07:38+00:00","mainEntityOfPage":{"@id":"https:\/\/nuevodigitaldeescobar.com.ar\/?p=20806"},"wordCount":268,"commentCount":0,"publisher":{"@id":"https:\/\/nuevodigitaldeescobar.com.ar\/#organization"},"image":{"@id":"https:\/\/nuevodigitaldeescobar.com.ar\/?p=20806#primaryimage"},"thumbnailUrl":"https:\/\/nuevodigitaldeescobar.com.ar\/wp-content\/uploads\/2026\/04\/whatsapp_image_2026_04_24_at_11_14_22.jpeg","articleSection":["Salud y Nutrici\u00f3n"],"inLanguage":"es","potentialAction":[{"@type":"CommentAction","name":"Comment","target":["https:\/\/nuevodigitaldeescobar.com.ar\/?p=20806#respond"]}]},{"@type":"WebPage","@id":"https:\/\/nuevodigitaldeescobar.com.ar\/?p=20806","url":"https:\/\/nuevodigitaldeescobar.com.ar\/?p=20806","name":"Comenzaron las obras de refacci\u00f3n en la UDP de Maschwitz y el Centro de Salud Mental Papa Francisco - Nuevo Digital de Escobar","isPartOf":{"@id":"https:\/\/nuevodigitaldeescobar.com.ar\/#website"},"primaryImageOfPage":{"@id":"https:\/\/nuevodigitaldeescobar.com.ar\/?p=20806#primaryimage"},"image":{"@id":"https:\/\/nuevodigitaldeescobar.com.ar\/?p=20806#primaryimage"},"thumbnailUrl":"https:\/\/nuevodigitaldeescobar.com.ar\/wp-content\/uploads\/2026\/04\/whatsapp_image_2026_04_24_at_11_14_22.jpeg","datePublished":"2026-04-27T13:07:35+00:00","dateModified":"2026-04-27T13:07:38+00:00","description":"Estas tareas tienen como objetivo modernizar y mejorar las instalaciones para la comodidad de los vecinos y el personal de trabajo.","breadcrumb":{"@id":"https:\/\/nuevodigitaldeescobar.com.ar\/?p=20806#breadcrumb"},"inLanguage":"es","potentialAction":[{"@type":"ReadAction","target":["https:\/\/nuevodigitaldeescobar.com.ar\/?p=20806"]}]},{"@type":"ImageObject","inLanguage":"es","@id":"https:\/\/nuevodigitaldeescobar.com.ar\/?p=20806#primaryimage","url":"https:\/\/nuevodigitaldeescobar.com.ar\/wp-content\/uploads\/2026\/04\/whatsapp_image_2026_04_24_at_11_14_22.jpeg","contentUrl":"https:\/\/nuevodigitaldeescobar.com.ar\/wp-content\/uploads\/2026\/04\/whatsapp_image_2026_04_24_at_11_14_22.jpeg","width":1600,"height":1066},{"@type":"BreadcrumbList","@id":"https:\/\/nuevodigitaldeescobar.com.ar\/?p=20806#breadcrumb","itemListElement":[{"@type":"ListItem","position":1,"name":"Portada","item":"https:\/\/nuevodigitaldeescobar.com.ar\/"},{"@type":"ListItem","position":2,"name":"Comenzaron las obras de refacci\u00f3n en la UDP de Maschwitz y el Centro de Salud Mental Papa Francisco"}]},{"@type":"WebSite","@id":"https:\/\/nuevodigitaldeescobar.com.ar\/#website","url":"https:\/\/nuevodigitaldeescobar.com.ar\/","name":"Nuevo Digital de Escobar","description":"La vida escobarense. Directora: Rosana Brunner","publisher":{"@id":"https:\/\/nuevodigitaldeescobar.com.ar\/#organization"},"potentialAction":[{"@type":"SearchAction","target":{"@type":"EntryPoint","urlTemplate":"https:\/\/nuevodigitaldeescobar.com.ar\/?s={search_term_string}"},"query-input":{"@type":"PropertyValueSpecification","valueRequired":true,"valueName":"search_term_string"}}],"inLanguage":"es"},{"@type":"Organization","@id":"https:\/\/nuevodigitaldeescobar.com.ar\/#organization","name":"Nuevo Digital de Escobar","url":"https:\/\/nuevodigitaldeescobar.com.ar\/","logo":{"@type":"ImageObject","inLanguage":"es","@id":"https:\/\/nuevodigitaldeescobar.com.ar\/#\/schema\/logo\/image\/","url":"https:\/\/nuevodigitaldeescobar.com.ar\/wp-content\/uploads\/2025\/05\/cropped-logo-nuevo2.jpg","contentUrl":"https:\/\/nuevodigitaldeescobar.com.ar\/wp-content\/uploads\/2025\/05\/cropped-logo-nuevo2.jpg","width":305,"height":305,"caption":"Nuevo Digital de Escobar"},"image":{"@id":"https:\/\/nuevodigitaldeescobar.com.ar\/#\/schema\/logo\/image\/"},"sameAs":["https:\/\/www.facebook.com\/NUEVODigitalDeEscobar","https:\/\/x.com\/nuevodigescobar","https:\/\/www.instagram.com\/nuevodigitaldeescobar"]},{"@type":"Person","@id":"https:\/\/nuevodigitaldeescobar.com.ar\/#\/schema\/person\/035e90a8efe9a80e6eec22656ad6ea4c","name":"Redacci\u00f3n","image":{"@type":"ImageObject","inLanguage":"es","@id":"https:\/\/nuevodigitaldeescobar.com.ar\/#\/schema\/person\/image\/","url":"https:\/\/secure.gravatar.com\/avatar\/8af8f40000c24e9eef3034f2be5998a372bb1389e64b1a4a36b3a7979142220d?s=96&d=mm&r=g","contentUrl":"https:\/\/secure.gravatar.com\/avatar\/8af8f40000c24e9eef3034f2be5998a372bb1389e64b1a4a36b3a7979142220d?s=96&d=mm&r=g","caption":"Redacci\u00f3n"},"sameAs":["http:\/\/nuevodigitaldeescobar.com.ar"],"url":"https:\/\/nuevodigitaldeescobar.com.ar\/?author=1"}]}},"featured_image_urls":{"full":["https:\/\/nuevodigitaldeescobar.com.ar\/wp-content\/uploads\/2026\/04\/whatsapp_image_2026_04_24_at_11_14_22.jpeg",1600,1066,false],"thumbnail":["https:\/\/nuevodigitaldeescobar.com.ar\/wp-content\/uploads\/2026\/04\/whatsapp_image_2026_04_24_at_11_14_22-150x150.jpeg",150,150,true],"medium":["https:\/\/nuevodigitaldeescobar.com.ar\/wp-content\/uploads\/2026\/04\/whatsapp_image_2026_04_24_at_11_14_22-300x200.jpeg",300,200,true],"medium_large":["https:\/\/nuevodigitaldeescobar.com.ar\/wp-content\/uploads\/2026\/04\/whatsapp_image_2026_04_24_at_11_14_22-768x512.jpeg",640,427,true],"large":["https:\/\/nuevodigitaldeescobar.com.ar\/wp-content\/uploads\/2026\/04\/whatsapp_image_2026_04_24_at_11_14_22-1024x682.jpeg",640,426,true],"1536x1536":["https:\/\/nuevodigitaldeescobar.com.ar\/wp-content\/uploads\/2026\/04\/whatsapp_image_2026_04_24_at_11_14_22-1536x1023.jpeg",1536,1023,true],"2048x2048":["https:\/\/nuevodigitaldeescobar.com.ar\/wp-content\/uploads\/2026\/04\/whatsapp_image_2026_04_24_at_11_14_22.jpeg",1600,1066,false]},"author_info":{"display_name":"Redacci\u00f3n","author_link":"https:\/\/nuevodigitaldeescobar.com.ar\/?author=1"},"category_info":"<a href=\"https:\/\/nuevodigitaldeescobar.com.ar\/?cat=3\" rel=\"category\">Salud y Nutrici\u00f3n<\/a>","tag_info":"Salud y Nutrici\u00f3n","comment_count":"0","_links":{"self":[{"href":"https:\/\/nuevodigitaldeescobar.com.ar\/index.php?rest_route=\/wp\/v2\/posts\/20806","targetHints":{"allow":["GET"]}}],"collection":[{"href":"https:\/\/nuevodigitaldeescobar.com.ar\/index.php?rest_route=\/wp\/v2\/posts"}],"about":[{"href":"https:\/\/nuevodigitaldeescobar.com.ar\/index.php?rest_route=\/wp\/v2\/types\/post"}],"author":[{"embeddable":true,"href":"https:\/\/nuevodigitaldeescobar.com.ar\/index.php?rest_route=\/wp\/v2\/users\/1"}],"replies":[{"embeddable":true,"href":"https:\/\/nuevodigitaldeescobar.com.ar\/index.php?rest_route=%2Fwp%2Fv2%2Fcomments&post=20806"}],"version-history":[{"count":1,"href":"https:\/\/nuevodigitaldeescobar.com.ar\/index.php?rest_route=\/wp\/v2\/posts\/20806\/revisions"}],"predecessor-version":[{"id":20810,"href":"https:\/\/nuevodigitaldeescobar.com.ar\/index.php?rest_route=\/wp\/v2\/posts\/20806\/revisions\/20810"}],"wp:featuredmedia":[{"embeddable":true,"href":"https:\/\/nuevodigitaldeescobar.com.ar\/index.php?rest_route=\/wp\/v2\/media\/20807"}],"wp:attachment":[{"href":"https:\/\/nuevodigitaldeescobar.com.ar\/index.php?rest_route=%2Fwp%2Fv2%2Fmedia&parent=20806"}],"wp:term":[{"taxonomy":"category","embeddable":true,"href":"https:\/\/nuevodigitaldeescobar.com.ar\/index.php?rest_route=%2Fwp%2Fv2%2Fcategories&post=20806"},{"taxonomy":"post_tag","embeddable":true,"href":"https:\/\/nuevodigitaldeescobar.com.ar\/index.php?rest_route=%2Fwp%2Fv2%2Ftags&post=20806"}],"curies":[{"name":"wp","href":"https:\/\/api.w.org\/{rel}","templated":true}]}}