{"id":20821,"date":"2026-04-28T15:59:48","date_gmt":"2026-04-28T18:59:48","guid":{"rendered":"https:\/\/nuevodigitaldeescobar.com.ar\/?p=20821"},"modified":"2026-04-28T16:03:15","modified_gmt":"2026-04-28T19:03:15","slug":"tragedia-en-maschwitz-una-mujer-murio-tras-ser-arrollada-por-el-tren","status":"publish","type":"post","link":"https:\/\/nuevodigitaldeescobar.com.ar\/?p=20821","title":{"rendered":"Tragedia en Maschwitz: una mujer muri\u00f3 tras ser arrollada por el tren"},"content":{"rendered":"\n<p class=\"has-vivid-cyan-blue-color has-text-color has-link-color wp-elements-12c5d40dcaac7c311c60dd4f6a9a148e\"><em><strong>La v\u00edctima ten\u00eda 44 a\u00f1os y era vecina de Maquinista Savio. El hecho ocurri\u00f3 en horas de la tarde y la principal hip\u00f3tesis apunta a un suicidio.<\/strong><\/em><\/p>\n\n\n\n<!--more-->\n\n\n\n<p><\/p>\n\n\n\n<p>Una mujer de 44 a\u00f1os perdi\u00f3 la vida este lunes por la tarde luego de ser arrollada por una formaci\u00f3n del tren de la l\u00ednea Mitre en la localidad de Ingeniero Maschwitz, en un hecho que gener\u00f3 conmoci\u00f3n entre vecinos y transe\u00fantes de la zona.<\/p>\n\n\n\n<p>El episodio se registr\u00f3 alrededor de las 16, en las inmediaciones del cruce peatonal ubicado entre la subestaci\u00f3n de Edenor y el Polo de Educaci\u00f3n Superior. Seg\u00fan se inform\u00f3, la v\u00edctima fue identificada como Karina Sosa, domiciliada en el barrio Amancay de Maquinista Savio.<\/p>\n\n\n\n<p>De acuerdo a las primeras reconstrucciones, la mujer se desplazaba en bicicleta cuando fue embestida por una formaci\u00f3n que circulaba en direcci\u00f3n a Z\u00e1rate. En un primer momento circularon distintas versiones sobre lo ocurrido, aunque con el correr de las horas cobr\u00f3 fuerza la hip\u00f3tesis de un suicidio.<\/p>\n\n\n\n<p>En ese sentido, el testimonio del maquinista result\u00f3 clave para los investigadores. Seg\u00fan trascendi\u00f3, el conductor habr\u00eda declarado que la mujer \u201cesper\u00f3 la llegada del tren para cruzarse sobre las v\u00edas\u201d, lo que refuerza la principal l\u00ednea de investigaci\u00f3n.<\/p>\n\n\n\n<p>Tras el impacto, personal policial y servicios de emergencia trabajaron en el lugar, donde se mont\u00f3 un operativo que interrumpi\u00f3 moment\u00e1neamente la circulaci\u00f3n ferroviaria. La Justicia intervino para determinar con precisi\u00f3n las circunstancias del hecho.<\/p>\n\n\n\n<p><\/p>\n\n\n\n<p><strong>Foto: El Diario de Escobar<\/strong><\/p>\n\n\n\n<p><\/p>\n","protected":false},"excerpt":{"rendered":"<p>La v\u00edctima ten\u00eda 44 a\u00f1os y era vecina de Maquinista Savio. El hecho ocurri\u00f3 en horas de la tarde y la principal hip\u00f3tesis apunta a [&hellip;]<\/p>\n","protected":false},"author":1,"featured_media":20823,"comment_status":"open","ping_status":"open","sticky":false,"template":"","format":"standard","meta":{"footnotes":""},"categories":[13],"tags":[],"class_list":["post-20821","post","type-post","status-publish","format-standard","has-post-thumbnail","hentry","category-policiales"],"better_featured_image":{"id":20823,"alt_text":"","caption":"","description":"","media_type":"image","media_details":{"width":1354,"height":950,"file":"2026\/04\/9805312d-cd7c-4e25-a5be-74305058518f-e1777402950768.png","filesize":2761955,"sizes":{"medium":{"file":"9805312d-cd7c-4e25-a5be-74305058518f-e1777402950768-300x210.png","width":300,"height":210,"mime-type":"image\/png","filesize":54510,"source_url":"https:\/\/nuevodigitaldeescobar.com.ar\/wp-content\/uploads\/2026\/04\/9805312d-cd7c-4e25-a5be-74305058518f-e1777402950768-300x210.png"},"large":{"file":"9805312d-cd7c-4e25-a5be-74305058518f-e1777402950768-1024x718.png","width":1024,"height":718,"mime-type":"image\/png","filesize":546983,"source_url":"https:\/\/nuevodigitaldeescobar.com.ar\/wp-content\/uploads\/2026\/04\/9805312d-cd7c-4e25-a5be-74305058518f-e1777402950768-1024x718.png"},"thumbnail":{"file":"9805312d-cd7c-4e25-a5be-74305058518f-e1777402950768-150x150.png","width":150,"height":150,"mime-type":"image\/png","filesize":21211,"source_url":"https:\/\/nuevodigitaldeescobar.com.ar\/wp-content\/uploads\/2026\/04\/9805312d-cd7c-4e25-a5be-74305058518f-e1777402950768-150x150.png"},"medium_large":{"file":"9805312d-cd7c-4e25-a5be-74305058518f-e1777402950768-768x539.png","width":768,"height":539,"mime-type":"image\/png","filesize":316376,"source_url":"https:\/\/nuevodigitaldeescobar.com.ar\/wp-content\/uploads\/2026\/04\/9805312d-cd7c-4e25-a5be-74305058518f-e1777402950768-768x539.png"},"1536x1536":{"file":"9805312d-cd7c-4e25-a5be-74305058518f-1536x864.png","width":1536,"height":864,"mime-type":"image\/png","filesize":961654,"source_url":"https:\/\/nuevodigitaldeescobar.com.ar\/wp-content\/uploads\/2026\/04\/9805312d-cd7c-4e25-a5be-74305058518f-1536x864.png"}},"image_meta":{"aperture":"0","credit":"","camera":"","caption":"","created_timestamp":"0","copyright":"","focal_length":"0","iso":"0","shutter_speed":"0","title":"","orientation":"0","keywords":[]}},"post":20821,"source_url":"https:\/\/nuevodigitaldeescobar.com.ar\/wp-content\/uploads\/2026\/04\/9805312d-cd7c-4e25-a5be-74305058518f-e1777402950768.png"},"yoast_head":"<!-- This site is optimized with the Yoast SEO plugin v26.1.1 - https:\/\/yoast.com\/wordpress\/plugins\/seo\/ -->\n<title>Tragedia en Maschwitz: una mujer muri\u00f3 tras ser arrollada por el tren - Nuevo Digital de Escobar<\/title>\n<meta name=\"description\" content=\"La v\u00edctima ten\u00eda 44 a\u00f1os y era vecina de Maquinista Savio. El hecho ocurri\u00f3 en horas de la tarde y la principal hip\u00f3tesis apunta a un suicidio.\" \/>\n<meta name=\"robots\" content=\"index, follow, max-snippet:-1, max-image-preview:large, max-video-preview:-1\" \/>\n<link rel=\"canonical\" href=\"https:\/\/nuevodigitaldeescobar.com.ar\/?p=20821\" \/>\n<meta property=\"og:locale\" content=\"es_ES\" \/>\n<meta property=\"og:type\" content=\"article\" \/>\n<meta property=\"og:title\" content=\"Tragedia en Maschwitz: una mujer muri\u00f3 tras ser arrollada por el tren\" \/>\n<meta property=\"og:description\" content=\"La v\u00edctima ten\u00eda 44 a\u00f1os y era vecina de Maquinista Savio. El hecho ocurri\u00f3 en horas de la tarde y la principal hip\u00f3tesis apunta a un suicidio.\" \/>\n<meta property=\"og:url\" content=\"https:\/\/nuevodigitaldeescobar.com.ar\/?p=20821\" \/>\n<meta property=\"og:site_name\" content=\"Nuevo Digital de Escobar\" \/>\n<meta property=\"article:publisher\" content=\"https:\/\/www.facebook.com\/NUEVODigitalDeEscobar\" \/>\n<meta property=\"article:published_time\" content=\"2026-04-28T18:59:48+00:00\" \/>\n<meta property=\"article:modified_time\" content=\"2026-04-28T19:03:15+00:00\" \/>\n<meta property=\"og:image\" content=\"http:\/\/nuevodigitaldeescobar.com.ar\/wp-content\/uploads\/2026\/04\/9805312d-cd7c-4e25-a5be-74305058518f-e1777402950768-1024x718.png\" \/>\n\t<meta property=\"og:image:width\" content=\"1024\" \/>\n\t<meta property=\"og:image:height\" content=\"718\" \/>\n\t<meta property=\"og:image:type\" content=\"image\/png\" \/>\n<meta name=\"author\" content=\"Redacci\u00f3n\" \/>\n<meta name=\"twitter:card\" content=\"summary_large_image\" \/>\n<meta name=\"twitter:creator\" content=\"@nuevodigescobar\" \/>\n<meta name=\"twitter:site\" content=\"@nuevodigescobar\" \/>\n<meta name=\"twitter:label1\" content=\"Escrito por\" \/>\n\t<meta name=\"twitter:data1\" content=\"Redacci\u00f3n\" \/>\n\t<meta name=\"twitter:label2\" content=\"Tiempo de lectura\" \/>\n\t<meta name=\"twitter:data2\" content=\"2 minutos\" \/>\n<script type=\"application\/ld+json\" class=\"yoast-schema-graph\">{\"@context\":\"https:\/\/schema.org\",\"@graph\":[{\"@type\":\"Article\",\"@id\":\"https:\/\/nuevodigitaldeescobar.com.ar\/?p=20821#article\",\"isPartOf\":{\"@id\":\"https:\/\/nuevodigitaldeescobar.com.ar\/?p=20821\"},\"author\":{\"name\":\"Redacci\u00f3n\",\"@id\":\"https:\/\/nuevodigitaldeescobar.com.ar\/#\/schema\/person\/035e90a8efe9a80e6eec22656ad6ea4c\"},\"headline\":\"Tragedia en Maschwitz: una mujer muri\u00f3 tras ser arrollada por el tren\",\"datePublished\":\"2026-04-28T18:59:48+00:00\",\"dateModified\":\"2026-04-28T19:03:15+00:00\",\"mainEntityOfPage\":{\"@id\":\"https:\/\/nuevodigitaldeescobar.com.ar\/?p=20821\"},\"wordCount\":277,\"commentCount\":0,\"publisher\":{\"@id\":\"https:\/\/nuevodigitaldeescobar.com.ar\/#organization\"},\"image\":{\"@id\":\"https:\/\/nuevodigitaldeescobar.com.ar\/?p=20821#primaryimage\"},\"thumbnailUrl\":\"https:\/\/nuevodigitaldeescobar.com.ar\/wp-content\/uploads\/2026\/04\/9805312d-cd7c-4e25-a5be-74305058518f-e1777402950768.png\",\"articleSection\":[\"Policiales\"],\"inLanguage\":\"es\",\"potentialAction\":[{\"@type\":\"CommentAction\",\"name\":\"Comment\",\"target\":[\"https:\/\/nuevodigitaldeescobar.com.ar\/?p=20821#respond\"]}]},{\"@type\":\"WebPage\",\"@id\":\"https:\/\/nuevodigitaldeescobar.com.ar\/?p=20821\",\"url\":\"https:\/\/nuevodigitaldeescobar.com.ar\/?p=20821\",\"name\":\"Tragedia en Maschwitz: una mujer muri\u00f3 tras ser arrollada por el tren - Nuevo Digital de Escobar\",\"isPartOf\":{\"@id\":\"https:\/\/nuevodigitaldeescobar.com.ar\/#website\"},\"primaryImageOfPage\":{\"@id\":\"https:\/\/nuevodigitaldeescobar.com.ar\/?p=20821#primaryimage\"},\"image\":{\"@id\":\"https:\/\/nuevodigitaldeescobar.com.ar\/?p=20821#primaryimage\"},\"thumbnailUrl\":\"https:\/\/nuevodigitaldeescobar.com.ar\/wp-content\/uploads\/2026\/04\/9805312d-cd7c-4e25-a5be-74305058518f-e1777402950768.png\",\"datePublished\":\"2026-04-28T18:59:48+00:00\",\"dateModified\":\"2026-04-28T19:03:15+00:00\",\"description\":\"La v\u00edctima ten\u00eda 44 a\u00f1os y era vecina de Maquinista Savio. El hecho ocurri\u00f3 en horas de la tarde y la principal hip\u00f3tesis apunta a un suicidio.\",\"breadcrumb\":{\"@id\":\"https:\/\/nuevodigitaldeescobar.com.ar\/?p=20821#breadcrumb\"},\"inLanguage\":\"es\",\"potentialAction\":[{\"@type\":\"ReadAction\",\"target\":[\"https:\/\/nuevodigitaldeescobar.com.ar\/?p=20821\"]}]},{\"@type\":\"ImageObject\",\"inLanguage\":\"es\",\"@id\":\"https:\/\/nuevodigitaldeescobar.com.ar\/?p=20821#primaryimage\",\"url\":\"https:\/\/nuevodigitaldeescobar.com.ar\/wp-content\/uploads\/2026\/04\/9805312d-cd7c-4e25-a5be-74305058518f-e1777402950768.png\",\"contentUrl\":\"https:\/\/nuevodigitaldeescobar.com.ar\/wp-content\/uploads\/2026\/04\/9805312d-cd7c-4e25-a5be-74305058518f-e1777402950768.png\",\"width\":1354,\"height\":950},{\"@type\":\"BreadcrumbList\",\"@id\":\"https:\/\/nuevodigitaldeescobar.com.ar\/?p=20821#breadcrumb\",\"itemListElement\":[{\"@type\":\"ListItem\",\"position\":1,\"name\":\"Portada\",\"item\":\"https:\/\/nuevodigitaldeescobar.com.ar\/\"},{\"@type\":\"ListItem\",\"position\":2,\"name\":\"Tragedia en Maschwitz: una mujer muri\u00f3 tras ser arrollada por el tren\"}]},{\"@type\":\"WebSite\",\"@id\":\"https:\/\/nuevodigitaldeescobar.com.ar\/#website\",\"url\":\"https:\/\/nuevodigitaldeescobar.com.ar\/\",\"name\":\"Nuevo Digital de Escobar\",\"description\":\"La vida escobarense. Directora: Rosana Brunner\",\"publisher\":{\"@id\":\"https:\/\/nuevodigitaldeescobar.com.ar\/#organization\"},\"potentialAction\":[{\"@type\":\"SearchAction\",\"target\":{\"@type\":\"EntryPoint\",\"urlTemplate\":\"https:\/\/nuevodigitaldeescobar.com.ar\/?s={search_term_string}\"},\"query-input\":{\"@type\":\"PropertyValueSpecification\",\"valueRequired\":true,\"valueName\":\"search_term_string\"}}],\"inLanguage\":\"es\"},{\"@type\":\"Organization\",\"@id\":\"https:\/\/nuevodigitaldeescobar.com.ar\/#organization\",\"name\":\"Nuevo Digital de Escobar\",\"url\":\"https:\/\/nuevodigitaldeescobar.com.ar\/\",\"logo\":{\"@type\":\"ImageObject\",\"inLanguage\":\"es\",\"@id\":\"https:\/\/nuevodigitaldeescobar.com.ar\/#\/schema\/logo\/image\/\",\"url\":\"https:\/\/nuevodigitaldeescobar.com.ar\/wp-content\/uploads\/2025\/05\/cropped-logo-nuevo2.jpg\",\"contentUrl\":\"https:\/\/nuevodigitaldeescobar.com.ar\/wp-content\/uploads\/2025\/05\/cropped-logo-nuevo2.jpg\",\"width\":305,\"height\":305,\"caption\":\"Nuevo Digital de Escobar\"},\"image\":{\"@id\":\"https:\/\/nuevodigitaldeescobar.com.ar\/#\/schema\/logo\/image\/\"},\"sameAs\":[\"https:\/\/www.facebook.com\/NUEVODigitalDeEscobar\",\"https:\/\/x.com\/nuevodigescobar\",\"https:\/\/www.instagram.com\/nuevodigitaldeescobar\"]},{\"@type\":\"Person\",\"@id\":\"https:\/\/nuevodigitaldeescobar.com.ar\/#\/schema\/person\/035e90a8efe9a80e6eec22656ad6ea4c\",\"name\":\"Redacci\u00f3n\",\"image\":{\"@type\":\"ImageObject\",\"inLanguage\":\"es\",\"@id\":\"https:\/\/nuevodigitaldeescobar.com.ar\/#\/schema\/person\/image\/\",\"url\":\"https:\/\/secure.gravatar.com\/avatar\/8af8f40000c24e9eef3034f2be5998a372bb1389e64b1a4a36b3a7979142220d?s=96&d=mm&r=g\",\"contentUrl\":\"https:\/\/secure.gravatar.com\/avatar\/8af8f40000c24e9eef3034f2be5998a372bb1389e64b1a4a36b3a7979142220d?s=96&d=mm&r=g\",\"caption\":\"Redacci\u00f3n\"},\"sameAs\":[\"http:\/\/nuevodigitaldeescobar.com.ar\"],\"url\":\"https:\/\/nuevodigitaldeescobar.com.ar\/?author=1\"}]}<\/script>\n<!-- \/ Yoast SEO plugin. -->","yoast_head_json":{"title":"Tragedia en Maschwitz: una mujer muri\u00f3 tras ser arrollada por el tren - Nuevo Digital de Escobar","description":"La v\u00edctima ten\u00eda 44 a\u00f1os y era vecina de Maquinista Savio. El hecho ocurri\u00f3 en horas de la tarde y la principal hip\u00f3tesis apunta a un suicidio.","robots":{"index":"index","follow":"follow","max-snippet":"max-snippet:-1","max-image-preview":"max-image-preview:large","max-video-preview":"max-video-preview:-1"},"canonical":"https:\/\/nuevodigitaldeescobar.com.ar\/?p=20821","og_locale":"es_ES","og_type":"article","og_title":"Tragedia en Maschwitz: una mujer muri\u00f3 tras ser arrollada por el tren","og_description":"La v\u00edctima ten\u00eda 44 a\u00f1os y era vecina de Maquinista Savio. El hecho ocurri\u00f3 en horas de la tarde y la principal hip\u00f3tesis apunta a un suicidio.","og_url":"https:\/\/nuevodigitaldeescobar.com.ar\/?p=20821","og_site_name":"Nuevo Digital de Escobar","article_publisher":"https:\/\/www.facebook.com\/NUEVODigitalDeEscobar","article_published_time":"2026-04-28T18:59:48+00:00","article_modified_time":"2026-04-28T19:03:15+00:00","og_image":[{"width":1024,"height":718,"url":"http:\/\/nuevodigitaldeescobar.com.ar\/wp-content\/uploads\/2026\/04\/9805312d-cd7c-4e25-a5be-74305058518f-e1777402950768-1024x718.png","type":"image\/png"}],"author":"Redacci\u00f3n","twitter_card":"summary_large_image","twitter_creator":"@nuevodigescobar","twitter_site":"@nuevodigescobar","twitter_misc":{"Escrito por":"Redacci\u00f3n","Tiempo de lectura":"2 minutos"},"schema":{"@context":"https:\/\/schema.org","@graph":[{"@type":"Article","@id":"https:\/\/nuevodigitaldeescobar.com.ar\/?p=20821#article","isPartOf":{"@id":"https:\/\/nuevodigitaldeescobar.com.ar\/?p=20821"},"author":{"name":"Redacci\u00f3n","@id":"https:\/\/nuevodigitaldeescobar.com.ar\/#\/schema\/person\/035e90a8efe9a80e6eec22656ad6ea4c"},"headline":"Tragedia en Maschwitz: una mujer muri\u00f3 tras ser arrollada por el tren","datePublished":"2026-04-28T18:59:48+00:00","dateModified":"2026-04-28T19:03:15+00:00","mainEntityOfPage":{"@id":"https:\/\/nuevodigitaldeescobar.com.ar\/?p=20821"},"wordCount":277,"commentCount":0,"publisher":{"@id":"https:\/\/nuevodigitaldeescobar.com.ar\/#organization"},"image":{"@id":"https:\/\/nuevodigitaldeescobar.com.ar\/?p=20821#primaryimage"},"thumbnailUrl":"https:\/\/nuevodigitaldeescobar.com.ar\/wp-content\/uploads\/2026\/04\/9805312d-cd7c-4e25-a5be-74305058518f-e1777402950768.png","articleSection":["Policiales"],"inLanguage":"es","potentialAction":[{"@type":"CommentAction","name":"Comment","target":["https:\/\/nuevodigitaldeescobar.com.ar\/?p=20821#respond"]}]},{"@type":"WebPage","@id":"https:\/\/nuevodigitaldeescobar.com.ar\/?p=20821","url":"https:\/\/nuevodigitaldeescobar.com.ar\/?p=20821","name":"Tragedia en Maschwitz: una mujer muri\u00f3 tras ser arrollada por el tren - Nuevo Digital de Escobar","isPartOf":{"@id":"https:\/\/nuevodigitaldeescobar.com.ar\/#website"},"primaryImageOfPage":{"@id":"https:\/\/nuevodigitaldeescobar.com.ar\/?p=20821#primaryimage"},"image":{"@id":"https:\/\/nuevodigitaldeescobar.com.ar\/?p=20821#primaryimage"},"thumbnailUrl":"https:\/\/nuevodigitaldeescobar.com.ar\/wp-content\/uploads\/2026\/04\/9805312d-cd7c-4e25-a5be-74305058518f-e1777402950768.png","datePublished":"2026-04-28T18:59:48+00:00","dateModified":"2026-04-28T19:03:15+00:00","description":"La v\u00edctima ten\u00eda 44 a\u00f1os y era vecina de Maquinista Savio. El hecho ocurri\u00f3 en horas de la tarde y la principal hip\u00f3tesis apunta a un suicidio.","breadcrumb":{"@id":"https:\/\/nuevodigitaldeescobar.com.ar\/?p=20821#breadcrumb"},"inLanguage":"es","potentialAction":[{"@type":"ReadAction","target":["https:\/\/nuevodigitaldeescobar.com.ar\/?p=20821"]}]},{"@type":"ImageObject","inLanguage":"es","@id":"https:\/\/nuevodigitaldeescobar.com.ar\/?p=20821#primaryimage","url":"https:\/\/nuevodigitaldeescobar.com.ar\/wp-content\/uploads\/2026\/04\/9805312d-cd7c-4e25-a5be-74305058518f-e1777402950768.png","contentUrl":"https:\/\/nuevodigitaldeescobar.com.ar\/wp-content\/uploads\/2026\/04\/9805312d-cd7c-4e25-a5be-74305058518f-e1777402950768.png","width":1354,"height":950},{"@type":"BreadcrumbList","@id":"https:\/\/nuevodigitaldeescobar.com.ar\/?p=20821#breadcrumb","itemListElement":[{"@type":"ListItem","position":1,"name":"Portada","item":"https:\/\/nuevodigitaldeescobar.com.ar\/"},{"@type":"ListItem","position":2,"name":"Tragedia en Maschwitz: una mujer muri\u00f3 tras ser arrollada por el tren"}]},{"@type":"WebSite","@id":"https:\/\/nuevodigitaldeescobar.com.ar\/#website","url":"https:\/\/nuevodigitaldeescobar.com.ar\/","name":"Nuevo Digital de Escobar","description":"La vida escobarense. Directora: Rosana Brunner","publisher":{"@id":"https:\/\/nuevodigitaldeescobar.com.ar\/#organization"},"potentialAction":[{"@type":"SearchAction","target":{"@type":"EntryPoint","urlTemplate":"https:\/\/nuevodigitaldeescobar.com.ar\/?s={search_term_string}"},"query-input":{"@type":"PropertyValueSpecification","valueRequired":true,"valueName":"search_term_string"}}],"inLanguage":"es"},{"@type":"Organization","@id":"https:\/\/nuevodigitaldeescobar.com.ar\/#organization","name":"Nuevo Digital de Escobar","url":"https:\/\/nuevodigitaldeescobar.com.ar\/","logo":{"@type":"ImageObject","inLanguage":"es","@id":"https:\/\/nuevodigitaldeescobar.com.ar\/#\/schema\/logo\/image\/","url":"https:\/\/nuevodigitaldeescobar.com.ar\/wp-content\/uploads\/2025\/05\/cropped-logo-nuevo2.jpg","contentUrl":"https:\/\/nuevodigitaldeescobar.com.ar\/wp-content\/uploads\/2025\/05\/cropped-logo-nuevo2.jpg","width":305,"height":305,"caption":"Nuevo Digital de Escobar"},"image":{"@id":"https:\/\/nuevodigitaldeescobar.com.ar\/#\/schema\/logo\/image\/"},"sameAs":["https:\/\/www.facebook.com\/NUEVODigitalDeEscobar","https:\/\/x.com\/nuevodigescobar","https:\/\/www.instagram.com\/nuevodigitaldeescobar"]},{"@type":"Person","@id":"https:\/\/nuevodigitaldeescobar.com.ar\/#\/schema\/person\/035e90a8efe9a80e6eec22656ad6ea4c","name":"Redacci\u00f3n","image":{"@type":"ImageObject","inLanguage":"es","@id":"https:\/\/nuevodigitaldeescobar.com.ar\/#\/schema\/person\/image\/","url":"https:\/\/secure.gravatar.com\/avatar\/8af8f40000c24e9eef3034f2be5998a372bb1389e64b1a4a36b3a7979142220d?s=96&d=mm&r=g","contentUrl":"https:\/\/secure.gravatar.com\/avatar\/8af8f40000c24e9eef3034f2be5998a372bb1389e64b1a4a36b3a7979142220d?s=96&d=mm&r=g","caption":"Redacci\u00f3n"},"sameAs":["http:\/\/nuevodigitaldeescobar.com.ar"],"url":"https:\/\/nuevodigitaldeescobar.com.ar\/?author=1"}]}},"featured_image_urls":{"full":["https:\/\/nuevodigitaldeescobar.com.ar\/wp-content\/uploads\/2026\/04\/9805312d-cd7c-4e25-a5be-74305058518f-e1777402950768.png",1354,950,false],"thumbnail":["https:\/\/nuevodigitaldeescobar.com.ar\/wp-content\/uploads\/2026\/04\/9805312d-cd7c-4e25-a5be-74305058518f-e1777402950768-150x150.png",150,150,true],"medium":["https:\/\/nuevodigitaldeescobar.com.ar\/wp-content\/uploads\/2026\/04\/9805312d-cd7c-4e25-a5be-74305058518f-e1777402950768-300x210.png",300,210,true],"medium_large":["https:\/\/nuevodigitaldeescobar.com.ar\/wp-content\/uploads\/2026\/04\/9805312d-cd7c-4e25-a5be-74305058518f-e1777402950768-768x539.png",640,449,true],"large":["https:\/\/nuevodigitaldeescobar.com.ar\/wp-content\/uploads\/2026\/04\/9805312d-cd7c-4e25-a5be-74305058518f-e1777402950768-1024x718.png",640,449,true],"1536x1536":["https:\/\/nuevodigitaldeescobar.com.ar\/wp-content\/uploads\/2026\/04\/9805312d-cd7c-4e25-a5be-74305058518f-1536x864.png",1536,864,true],"2048x2048":["https:\/\/nuevodigitaldeescobar.com.ar\/wp-content\/uploads\/2026\/04\/9805312d-cd7c-4e25-a5be-74305058518f-e1777402950768.png",1354,950,false]},"author_info":{"display_name":"Redacci\u00f3n","author_link":"https:\/\/nuevodigitaldeescobar.com.ar\/?author=1"},"category_info":"<a href=\"https:\/\/nuevodigitaldeescobar.com.ar\/?cat=13\" rel=\"category\">Policiales<\/a>","tag_info":"Policiales","comment_count":"0","_links":{"self":[{"href":"https:\/\/nuevodigitaldeescobar.com.ar\/index.php?rest_route=\/wp\/v2\/posts\/20821","targetHints":{"allow":["GET"]}}],"collection":[{"href":"https:\/\/nuevodigitaldeescobar.com.ar\/index.php?rest_route=\/wp\/v2\/posts"}],"about":[{"href":"https:\/\/nuevodigitaldeescobar.com.ar\/index.php?rest_route=\/wp\/v2\/types\/post"}],"author":[{"embeddable":true,"href":"https:\/\/nuevodigitaldeescobar.com.ar\/index.php?rest_route=\/wp\/v2\/users\/1"}],"replies":[{"embeddable":true,"href":"https:\/\/nuevodigitaldeescobar.com.ar\/index.php?rest_route=%2Fwp%2Fv2%2Fcomments&post=20821"}],"version-history":[{"count":2,"href":"https:\/\/nuevodigitaldeescobar.com.ar\/index.php?rest_route=\/wp\/v2\/posts\/20821\/revisions"}],"predecessor-version":[{"id":20825,"href":"https:\/\/nuevodigitaldeescobar.com.ar\/index.php?rest_route=\/wp\/v2\/posts\/20821\/revisions\/20825"}],"wp:featuredmedia":[{"embeddable":true,"href":"https:\/\/nuevodigitaldeescobar.com.ar\/index.php?rest_route=\/wp\/v2\/media\/20823"}],"wp:attachment":[{"href":"https:\/\/nuevodigitaldeescobar.com.ar\/index.php?rest_route=%2Fwp%2Fv2%2Fmedia&parent=20821"}],"wp:term":[{"taxonomy":"category","embeddable":true,"href":"https:\/\/nuevodigitaldeescobar.com.ar\/index.php?rest_route=%2Fwp%2Fv2%2Fcategories&post=20821"},{"taxonomy":"post_tag","embeddable":true,"href":"https:\/\/nuevodigitaldeescobar.com.ar\/index.php?rest_route=%2Fwp%2Fv2%2Ftags&post=20821"}],"curies":[{"name":"wp","href":"https:\/\/api.w.org\/{rel}","templated":true}]}}