{"id":20844,"date":"2026-04-30T13:11:07","date_gmt":"2026-04-30T16:11:07","guid":{"rendered":"https:\/\/nuevodigitaldeescobar.com.ar\/?p=20844"},"modified":"2026-04-30T13:11:10","modified_gmt":"2026-04-30T16:11:10","slug":"imputaron-a-tres-responsables-por-la-muerte-de-una-adolescente-en-un-centro-terapeutico-de-maschwitz","status":"publish","type":"post","link":"https:\/\/nuevodigitaldeescobar.com.ar\/?p=20844","title":{"rendered":"Imputaron a tres responsables por la muerte de una adolescente en un centro terap\u00e9utico de Maschwitz"},"content":{"rendered":"\n<p>Mientras avanza la investigaci\u00f3n judicial por la muerte de una adolescente con discapacidad en un centro terap\u00e9utico de Ingeniero Maschwitz, la causa ya tiene imputados y empieza a delinear posibles responsabilidades por lo ocurrido.<\/p>\n\n\n\n<!--more-->\n\n\n\n<p>La Justicia caratul\u00f3 el caso como \u201chomicidio culposo\u201d y avanz\u00f3 contra tres personas vinculadas al establecimiento: una guardavidas y dos cuidadores, quienes estaban a cargo de la supervisi\u00f3n durante la actividad en la pileta.<\/p>\n\n\n\n<p>La fiscal\u00eda busca determinar si existi\u00f3 negligencia en el cuidado de la menor, en un hecho que gener\u00f3 profunda conmoci\u00f3n en la comunidad y reaviv\u00f3 el debate sobre los controles en instituciones destinadas a personas con discapacidad.<\/p>\n\n\n\n<h3 class=\"wp-block-heading\">Qu\u00e9 pas\u00f3<\/h3>\n\n\n\n<p>La v\u00edctima, una adolescente de 12\/13 a\u00f1os que asist\u00eda regularmente al centro terap\u00e9utico, muri\u00f3 ahogada durante una actividad recreativa en una pileta del predio ubicado en Ingeniero Maschwitz.<\/p>\n\n\n\n<p>Seg\u00fan las primeras reconstrucciones, la joven habr\u00eda permanecido varios minutos bajo el agua sin ser advertida por el personal. Incluso, fuentes del caso indican que el tiempo podr\u00eda haber sido cercano a los 30 minutos sin asistencia.<\/p>\n\n\n\n<p>Las c\u00e1maras de seguridad del lugar son clave para la investigaci\u00f3n. De acuerdo a lo trascendido, en las im\u00e1genes se observa que la menor ingresa a la pileta acompa\u00f1ada, pero en un momento queda sola sin supervisi\u00f3n directa.<\/p>\n\n\n\n<p>Reci\u00e9n cuando se detect\u00f3 la situaci\u00f3n, el personal intent\u00f3 asistirla con maniobras de reanimaci\u00f3n y se solicit\u00f3 una ambulancia, pero la adolescente ya no presentaba signos vitales al momento de ser trasladada a un centro de salud.<\/p>\n\n\n\n<h3 class=\"wp-block-heading\">La denuncia de la familia<\/h3>\n\n\n\n<p>El padre de la v\u00edctima fue contundente al se\u00f1alar presuntas fallas graves en el cuidado de su hija. Sostuvo que la menor no pod\u00eda permanecer sola en el agua debido a sus limitaciones f\u00edsicas, algo que \u2014seg\u00fan afirm\u00f3\u2014 era conocido por el centro terap\u00e9utico.<\/p>\n\n\n\n<p>Adem\u00e1s, cuestion\u00f3 el accionar del personal durante la actividad, asegurando que no hubo controles adecuados ni atenci\u00f3n permanente en un contexto que requer\u00eda m\u00e1xima supervisi\u00f3n.<\/p>\n\n\n\n<h3 class=\"wp-block-heading\">Una investigaci\u00f3n en curso<\/h3>\n\n\n\n<p>La causa qued\u00f3 en manos de la UFI N\u00b010 de Escobar, que ya tom\u00f3 declaraciones a responsables del establecimiento y analiza las pruebas recolectadas, entre ellas registros f\u00edlmicos y pericias.<\/p>\n\n\n\n<p>El eje de la investigaci\u00f3n pasa por determinar si hubo abandono de persona o negligencia en el cumplimiento de los deberes de cuidado, lo que podr\u00eda agravar la situaci\u00f3n procesal de los imputados.<\/p>\n\n\n\n<p>Mientras tanto, la familia de la adolescente exige justicia y reclama que se esclarezcan las responsabilidades en una tragedia que, seg\u00fan sostienen, podr\u00eda haberse evitado.<\/p>\n","protected":false},"excerpt":{"rendered":"<p>Mientras avanza la investigaci\u00f3n judicial por la muerte de una adolescente con discapacidad en un centro terap\u00e9utico de Ingeniero Maschwitz, la causa ya tiene imputados [&hellip;]<\/p>\n","protected":false},"author":1,"featured_media":20845,"comment_status":"open","ping_status":"open","sticky":false,"template":"","format":"standard","meta":{"footnotes":""},"categories":[235],"tags":[],"class_list":["post-20844","post","type-post","status-publish","format-standard","has-post-thumbnail","hentry","category-judiciales"],"better_featured_image":{"id":20845,"alt_text":"","caption":"","description":"","media_type":"image","media_details":{"width":1256,"height":620,"file":"2026\/04\/aupa.jpg","filesize":119166,"sizes":{"medium":{"file":"aupa-300x148.jpg","width":300,"height":148,"mime-type":"image\/jpeg","filesize":10047,"source_url":"https:\/\/nuevodigitaldeescobar.com.ar\/wp-content\/uploads\/2026\/04\/aupa-300x148.jpg"},"large":{"file":"aupa-1024x505.jpg","width":1024,"height":505,"mime-type":"image\/jpeg","filesize":64823,"source_url":"https:\/\/nuevodigitaldeescobar.com.ar\/wp-content\/uploads\/2026\/04\/aupa-1024x505.jpg"},"thumbnail":{"file":"aupa-150x150.jpg","width":150,"height":150,"mime-type":"image\/jpeg","filesize":5395,"source_url":"https:\/\/nuevodigitaldeescobar.com.ar\/wp-content\/uploads\/2026\/04\/aupa-150x150.jpg"},"medium_large":{"file":"aupa-768x379.jpg","width":768,"height":379,"mime-type":"image\/jpeg","filesize":42651,"source_url":"https:\/\/nuevodigitaldeescobar.com.ar\/wp-content\/uploads\/2026\/04\/aupa-768x379.jpg"}},"image_meta":{"aperture":"0","credit":"","camera":"","caption":"","created_timestamp":"0","copyright":"","focal_length":"0","iso":"0","shutter_speed":"0","title":"","orientation":"0","keywords":[]}},"post":20844,"source_url":"https:\/\/nuevodigitaldeescobar.com.ar\/wp-content\/uploads\/2026\/04\/aupa.jpg"},"yoast_head":"<!-- This site is optimized with the Yoast SEO plugin v26.1.1 - https:\/\/yoast.com\/wordpress\/plugins\/seo\/ -->\n<title>Imputaron a tres responsables por la muerte de una adolescente en un centro terap\u00e9utico de Maschwitz - Nuevo Digital de Escobar<\/title>\n<meta name=\"description\" content=\"Mientras avanza la investigaci\u00f3n judicial por la muerte de una adolescente con discapacidad en un centro terap\u00e9utico de Ingeniero Maschwitz, la causa ya tiene imputados y empieza a delinear posibles responsabilidades por lo ocurrido.\" \/>\n<meta name=\"robots\" content=\"index, follow, max-snippet:-1, max-image-preview:large, max-video-preview:-1\" \/>\n<link rel=\"canonical\" href=\"https:\/\/nuevodigitaldeescobar.com.ar\/?p=20844\" \/>\n<meta property=\"og:locale\" content=\"es_ES\" \/>\n<meta property=\"og:type\" content=\"article\" \/>\n<meta property=\"og:title\" content=\"Imputaron a tres responsables por la muerte de una adolescente en un centro terap\u00e9utico de Maschwitz\" \/>\n<meta property=\"og:description\" content=\"Mientras avanza la investigaci\u00f3n judicial por la muerte de una adolescente con discapacidad en un centro terap\u00e9utico de Ingeniero Maschwitz, la causa ya tiene imputados y empieza a delinear posibles responsabilidades por lo ocurrido.\" \/>\n<meta property=\"og:url\" content=\"https:\/\/nuevodigitaldeescobar.com.ar\/?p=20844\" \/>\n<meta property=\"og:site_name\" content=\"Nuevo Digital de Escobar\" \/>\n<meta property=\"article:publisher\" content=\"https:\/\/www.facebook.com\/NUEVODigitalDeEscobar\" \/>\n<meta property=\"article:published_time\" content=\"2026-04-30T16:11:07+00:00\" \/>\n<meta property=\"article:modified_time\" content=\"2026-04-30T16:11:10+00:00\" \/>\n<meta property=\"og:image\" content=\"http:\/\/nuevodigitaldeescobar.com.ar\/wp-content\/uploads\/2026\/04\/aupa.jpg\" \/>\n\t<meta property=\"og:image:width\" content=\"1256\" \/>\n\t<meta property=\"og:image:height\" content=\"620\" \/>\n\t<meta property=\"og:image:type\" content=\"image\/jpeg\" \/>\n<meta name=\"author\" content=\"Redacci\u00f3n\" \/>\n<meta name=\"twitter:card\" content=\"summary_large_image\" \/>\n<meta name=\"twitter:creator\" content=\"@nuevodigescobar\" \/>\n<meta name=\"twitter:site\" content=\"@nuevodigescobar\" \/>\n<meta name=\"twitter:label1\" content=\"Escrito por\" \/>\n\t<meta name=\"twitter:data1\" content=\"Redacci\u00f3n\" \/>\n\t<meta name=\"twitter:label2\" content=\"Tiempo de lectura\" \/>\n\t<meta name=\"twitter:data2\" content=\"3 minutos\" \/>\n<script type=\"application\/ld+json\" class=\"yoast-schema-graph\">{\"@context\":\"https:\/\/schema.org\",\"@graph\":[{\"@type\":\"Article\",\"@id\":\"https:\/\/nuevodigitaldeescobar.com.ar\/?p=20844#article\",\"isPartOf\":{\"@id\":\"https:\/\/nuevodigitaldeescobar.com.ar\/?p=20844\"},\"author\":{\"name\":\"Redacci\u00f3n\",\"@id\":\"https:\/\/nuevodigitaldeescobar.com.ar\/#\/schema\/person\/035e90a8efe9a80e6eec22656ad6ea4c\"},\"headline\":\"Imputaron a tres responsables por la muerte de una adolescente en un centro terap\u00e9utico de Maschwitz\",\"datePublished\":\"2026-04-30T16:11:07+00:00\",\"dateModified\":\"2026-04-30T16:11:10+00:00\",\"mainEntityOfPage\":{\"@id\":\"https:\/\/nuevodigitaldeescobar.com.ar\/?p=20844\"},\"wordCount\":466,\"commentCount\":0,\"publisher\":{\"@id\":\"https:\/\/nuevodigitaldeescobar.com.ar\/#organization\"},\"image\":{\"@id\":\"https:\/\/nuevodigitaldeescobar.com.ar\/?p=20844#primaryimage\"},\"thumbnailUrl\":\"https:\/\/nuevodigitaldeescobar.com.ar\/wp-content\/uploads\/2026\/04\/aupa.jpg\",\"articleSection\":[\"Judiciales\"],\"inLanguage\":\"es\",\"potentialAction\":[{\"@type\":\"CommentAction\",\"name\":\"Comment\",\"target\":[\"https:\/\/nuevodigitaldeescobar.com.ar\/?p=20844#respond\"]}]},{\"@type\":\"WebPage\",\"@id\":\"https:\/\/nuevodigitaldeescobar.com.ar\/?p=20844\",\"url\":\"https:\/\/nuevodigitaldeescobar.com.ar\/?p=20844\",\"name\":\"Imputaron a tres responsables por la muerte de una adolescente en un centro terap\u00e9utico de Maschwitz - Nuevo Digital de Escobar\",\"isPartOf\":{\"@id\":\"https:\/\/nuevodigitaldeescobar.com.ar\/#website\"},\"primaryImageOfPage\":{\"@id\":\"https:\/\/nuevodigitaldeescobar.com.ar\/?p=20844#primaryimage\"},\"image\":{\"@id\":\"https:\/\/nuevodigitaldeescobar.com.ar\/?p=20844#primaryimage\"},\"thumbnailUrl\":\"https:\/\/nuevodigitaldeescobar.com.ar\/wp-content\/uploads\/2026\/04\/aupa.jpg\",\"datePublished\":\"2026-04-30T16:11:07+00:00\",\"dateModified\":\"2026-04-30T16:11:10+00:00\",\"description\":\"Mientras avanza la investigaci\u00f3n judicial por la muerte de una adolescente con discapacidad en un centro terap\u00e9utico de Ingeniero Maschwitz, la causa ya tiene imputados y empieza a delinear posibles responsabilidades por lo ocurrido.\",\"breadcrumb\":{\"@id\":\"https:\/\/nuevodigitaldeescobar.com.ar\/?p=20844#breadcrumb\"},\"inLanguage\":\"es\",\"potentialAction\":[{\"@type\":\"ReadAction\",\"target\":[\"https:\/\/nuevodigitaldeescobar.com.ar\/?p=20844\"]}]},{\"@type\":\"ImageObject\",\"inLanguage\":\"es\",\"@id\":\"https:\/\/nuevodigitaldeescobar.com.ar\/?p=20844#primaryimage\",\"url\":\"https:\/\/nuevodigitaldeescobar.com.ar\/wp-content\/uploads\/2026\/04\/aupa.jpg\",\"contentUrl\":\"https:\/\/nuevodigitaldeescobar.com.ar\/wp-content\/uploads\/2026\/04\/aupa.jpg\",\"width\":1256,\"height\":620},{\"@type\":\"BreadcrumbList\",\"@id\":\"https:\/\/nuevodigitaldeescobar.com.ar\/?p=20844#breadcrumb\",\"itemListElement\":[{\"@type\":\"ListItem\",\"position\":1,\"name\":\"Portada\",\"item\":\"https:\/\/nuevodigitaldeescobar.com.ar\/\"},{\"@type\":\"ListItem\",\"position\":2,\"name\":\"Imputaron a tres responsables por la muerte de una adolescente en un centro terap\u00e9utico de Maschwitz\"}]},{\"@type\":\"WebSite\",\"@id\":\"https:\/\/nuevodigitaldeescobar.com.ar\/#website\",\"url\":\"https:\/\/nuevodigitaldeescobar.com.ar\/\",\"name\":\"Nuevo Digital de Escobar\",\"description\":\"La vida escobarense. Directora: Rosana Brunner\",\"publisher\":{\"@id\":\"https:\/\/nuevodigitaldeescobar.com.ar\/#organization\"},\"potentialAction\":[{\"@type\":\"SearchAction\",\"target\":{\"@type\":\"EntryPoint\",\"urlTemplate\":\"https:\/\/nuevodigitaldeescobar.com.ar\/?s={search_term_string}\"},\"query-input\":{\"@type\":\"PropertyValueSpecification\",\"valueRequired\":true,\"valueName\":\"search_term_string\"}}],\"inLanguage\":\"es\"},{\"@type\":\"Organization\",\"@id\":\"https:\/\/nuevodigitaldeescobar.com.ar\/#organization\",\"name\":\"Nuevo Digital de Escobar\",\"url\":\"https:\/\/nuevodigitaldeescobar.com.ar\/\",\"logo\":{\"@type\":\"ImageObject\",\"inLanguage\":\"es\",\"@id\":\"https:\/\/nuevodigitaldeescobar.com.ar\/#\/schema\/logo\/image\/\",\"url\":\"https:\/\/nuevodigitaldeescobar.com.ar\/wp-content\/uploads\/2025\/05\/cropped-logo-nuevo2.jpg\",\"contentUrl\":\"https:\/\/nuevodigitaldeescobar.com.ar\/wp-content\/uploads\/2025\/05\/cropped-logo-nuevo2.jpg\",\"width\":305,\"height\":305,\"caption\":\"Nuevo Digital de Escobar\"},\"image\":{\"@id\":\"https:\/\/nuevodigitaldeescobar.com.ar\/#\/schema\/logo\/image\/\"},\"sameAs\":[\"https:\/\/www.facebook.com\/NUEVODigitalDeEscobar\",\"https:\/\/x.com\/nuevodigescobar\",\"https:\/\/www.instagram.com\/nuevodigitaldeescobar\"]},{\"@type\":\"Person\",\"@id\":\"https:\/\/nuevodigitaldeescobar.com.ar\/#\/schema\/person\/035e90a8efe9a80e6eec22656ad6ea4c\",\"name\":\"Redacci\u00f3n\",\"image\":{\"@type\":\"ImageObject\",\"inLanguage\":\"es\",\"@id\":\"https:\/\/nuevodigitaldeescobar.com.ar\/#\/schema\/person\/image\/\",\"url\":\"https:\/\/secure.gravatar.com\/avatar\/8af8f40000c24e9eef3034f2be5998a372bb1389e64b1a4a36b3a7979142220d?s=96&d=mm&r=g\",\"contentUrl\":\"https:\/\/secure.gravatar.com\/avatar\/8af8f40000c24e9eef3034f2be5998a372bb1389e64b1a4a36b3a7979142220d?s=96&d=mm&r=g\",\"caption\":\"Redacci\u00f3n\"},\"sameAs\":[\"http:\/\/nuevodigitaldeescobar.com.ar\"],\"url\":\"https:\/\/nuevodigitaldeescobar.com.ar\/?author=1\"}]}<\/script>\n<!-- \/ Yoast SEO plugin. -->","yoast_head_json":{"title":"Imputaron a tres responsables por la muerte de una adolescente en un centro terap\u00e9utico de Maschwitz - Nuevo Digital de Escobar","description":"Mientras avanza la investigaci\u00f3n judicial por la muerte de una adolescente con discapacidad en un centro terap\u00e9utico de Ingeniero Maschwitz, la causa ya tiene imputados y empieza a delinear posibles responsabilidades por lo ocurrido.","robots":{"index":"index","follow":"follow","max-snippet":"max-snippet:-1","max-image-preview":"max-image-preview:large","max-video-preview":"max-video-preview:-1"},"canonical":"https:\/\/nuevodigitaldeescobar.com.ar\/?p=20844","og_locale":"es_ES","og_type":"article","og_title":"Imputaron a tres responsables por la muerte de una adolescente en un centro terap\u00e9utico de Maschwitz","og_description":"Mientras avanza la investigaci\u00f3n judicial por la muerte de una adolescente con discapacidad en un centro terap\u00e9utico de Ingeniero Maschwitz, la causa ya tiene imputados y empieza a delinear posibles responsabilidades por lo ocurrido.","og_url":"https:\/\/nuevodigitaldeescobar.com.ar\/?p=20844","og_site_name":"Nuevo Digital de Escobar","article_publisher":"https:\/\/www.facebook.com\/NUEVODigitalDeEscobar","article_published_time":"2026-04-30T16:11:07+00:00","article_modified_time":"2026-04-30T16:11:10+00:00","og_image":[{"width":1256,"height":620,"url":"http:\/\/nuevodigitaldeescobar.com.ar\/wp-content\/uploads\/2026\/04\/aupa.jpg","type":"image\/jpeg"}],"author":"Redacci\u00f3n","twitter_card":"summary_large_image","twitter_creator":"@nuevodigescobar","twitter_site":"@nuevodigescobar","twitter_misc":{"Escrito por":"Redacci\u00f3n","Tiempo de lectura":"3 minutos"},"schema":{"@context":"https:\/\/schema.org","@graph":[{"@type":"Article","@id":"https:\/\/nuevodigitaldeescobar.com.ar\/?p=20844#article","isPartOf":{"@id":"https:\/\/nuevodigitaldeescobar.com.ar\/?p=20844"},"author":{"name":"Redacci\u00f3n","@id":"https:\/\/nuevodigitaldeescobar.com.ar\/#\/schema\/person\/035e90a8efe9a80e6eec22656ad6ea4c"},"headline":"Imputaron a tres responsables por la muerte de una adolescente en un centro terap\u00e9utico de Maschwitz","datePublished":"2026-04-30T16:11:07+00:00","dateModified":"2026-04-30T16:11:10+00:00","mainEntityOfPage":{"@id":"https:\/\/nuevodigitaldeescobar.com.ar\/?p=20844"},"wordCount":466,"commentCount":0,"publisher":{"@id":"https:\/\/nuevodigitaldeescobar.com.ar\/#organization"},"image":{"@id":"https:\/\/nuevodigitaldeescobar.com.ar\/?p=20844#primaryimage"},"thumbnailUrl":"https:\/\/nuevodigitaldeescobar.com.ar\/wp-content\/uploads\/2026\/04\/aupa.jpg","articleSection":["Judiciales"],"inLanguage":"es","potentialAction":[{"@type":"CommentAction","name":"Comment","target":["https:\/\/nuevodigitaldeescobar.com.ar\/?p=20844#respond"]}]},{"@type":"WebPage","@id":"https:\/\/nuevodigitaldeescobar.com.ar\/?p=20844","url":"https:\/\/nuevodigitaldeescobar.com.ar\/?p=20844","name":"Imputaron a tres responsables por la muerte de una adolescente en un centro terap\u00e9utico de Maschwitz - Nuevo Digital de Escobar","isPartOf":{"@id":"https:\/\/nuevodigitaldeescobar.com.ar\/#website"},"primaryImageOfPage":{"@id":"https:\/\/nuevodigitaldeescobar.com.ar\/?p=20844#primaryimage"},"image":{"@id":"https:\/\/nuevodigitaldeescobar.com.ar\/?p=20844#primaryimage"},"thumbnailUrl":"https:\/\/nuevodigitaldeescobar.com.ar\/wp-content\/uploads\/2026\/04\/aupa.jpg","datePublished":"2026-04-30T16:11:07+00:00","dateModified":"2026-04-30T16:11:10+00:00","description":"Mientras avanza la investigaci\u00f3n judicial por la muerte de una adolescente con discapacidad en un centro terap\u00e9utico de Ingeniero Maschwitz, la causa ya tiene imputados y empieza a delinear posibles responsabilidades por lo ocurrido.","breadcrumb":{"@id":"https:\/\/nuevodigitaldeescobar.com.ar\/?p=20844#breadcrumb"},"inLanguage":"es","potentialAction":[{"@type":"ReadAction","target":["https:\/\/nuevodigitaldeescobar.com.ar\/?p=20844"]}]},{"@type":"ImageObject","inLanguage":"es","@id":"https:\/\/nuevodigitaldeescobar.com.ar\/?p=20844#primaryimage","url":"https:\/\/nuevodigitaldeescobar.com.ar\/wp-content\/uploads\/2026\/04\/aupa.jpg","contentUrl":"https:\/\/nuevodigitaldeescobar.com.ar\/wp-content\/uploads\/2026\/04\/aupa.jpg","width":1256,"height":620},{"@type":"BreadcrumbList","@id":"https:\/\/nuevodigitaldeescobar.com.ar\/?p=20844#breadcrumb","itemListElement":[{"@type":"ListItem","position":1,"name":"Portada","item":"https:\/\/nuevodigitaldeescobar.com.ar\/"},{"@type":"ListItem","position":2,"name":"Imputaron a tres responsables por la muerte de una adolescente en un centro terap\u00e9utico de Maschwitz"}]},{"@type":"WebSite","@id":"https:\/\/nuevodigitaldeescobar.com.ar\/#website","url":"https:\/\/nuevodigitaldeescobar.com.ar\/","name":"Nuevo Digital de Escobar","description":"La vida escobarense. Directora: Rosana Brunner","publisher":{"@id":"https:\/\/nuevodigitaldeescobar.com.ar\/#organization"},"potentialAction":[{"@type":"SearchAction","target":{"@type":"EntryPoint","urlTemplate":"https:\/\/nuevodigitaldeescobar.com.ar\/?s={search_term_string}"},"query-input":{"@type":"PropertyValueSpecification","valueRequired":true,"valueName":"search_term_string"}}],"inLanguage":"es"},{"@type":"Organization","@id":"https:\/\/nuevodigitaldeescobar.com.ar\/#organization","name":"Nuevo Digital de Escobar","url":"https:\/\/nuevodigitaldeescobar.com.ar\/","logo":{"@type":"ImageObject","inLanguage":"es","@id":"https:\/\/nuevodigitaldeescobar.com.ar\/#\/schema\/logo\/image\/","url":"https:\/\/nuevodigitaldeescobar.com.ar\/wp-content\/uploads\/2025\/05\/cropped-logo-nuevo2.jpg","contentUrl":"https:\/\/nuevodigitaldeescobar.com.ar\/wp-content\/uploads\/2025\/05\/cropped-logo-nuevo2.jpg","width":305,"height":305,"caption":"Nuevo Digital de Escobar"},"image":{"@id":"https:\/\/nuevodigitaldeescobar.com.ar\/#\/schema\/logo\/image\/"},"sameAs":["https:\/\/www.facebook.com\/NUEVODigitalDeEscobar","https:\/\/x.com\/nuevodigescobar","https:\/\/www.instagram.com\/nuevodigitaldeescobar"]},{"@type":"Person","@id":"https:\/\/nuevodigitaldeescobar.com.ar\/#\/schema\/person\/035e90a8efe9a80e6eec22656ad6ea4c","name":"Redacci\u00f3n","image":{"@type":"ImageObject","inLanguage":"es","@id":"https:\/\/nuevodigitaldeescobar.com.ar\/#\/schema\/person\/image\/","url":"https:\/\/secure.gravatar.com\/avatar\/8af8f40000c24e9eef3034f2be5998a372bb1389e64b1a4a36b3a7979142220d?s=96&d=mm&r=g","contentUrl":"https:\/\/secure.gravatar.com\/avatar\/8af8f40000c24e9eef3034f2be5998a372bb1389e64b1a4a36b3a7979142220d?s=96&d=mm&r=g","caption":"Redacci\u00f3n"},"sameAs":["http:\/\/nuevodigitaldeescobar.com.ar"],"url":"https:\/\/nuevodigitaldeescobar.com.ar\/?author=1"}]}},"featured_image_urls":{"full":["https:\/\/nuevodigitaldeescobar.com.ar\/wp-content\/uploads\/2026\/04\/aupa.jpg",1256,620,false],"thumbnail":["https:\/\/nuevodigitaldeescobar.com.ar\/wp-content\/uploads\/2026\/04\/aupa-150x150.jpg",150,150,true],"medium":["https:\/\/nuevodigitaldeescobar.com.ar\/wp-content\/uploads\/2026\/04\/aupa-300x148.jpg",300,148,true],"medium_large":["https:\/\/nuevodigitaldeescobar.com.ar\/wp-content\/uploads\/2026\/04\/aupa-768x379.jpg",640,316,true],"large":["https:\/\/nuevodigitaldeescobar.com.ar\/wp-content\/uploads\/2026\/04\/aupa-1024x505.jpg",640,316,true],"1536x1536":["https:\/\/nuevodigitaldeescobar.com.ar\/wp-content\/uploads\/2026\/04\/aupa.jpg",1256,620,false],"2048x2048":["https:\/\/nuevodigitaldeescobar.com.ar\/wp-content\/uploads\/2026\/04\/aupa.jpg",1256,620,false]},"author_info":{"display_name":"Redacci\u00f3n","author_link":"https:\/\/nuevodigitaldeescobar.com.ar\/?author=1"},"category_info":"<a href=\"https:\/\/nuevodigitaldeescobar.com.ar\/?cat=235\" rel=\"category\">Judiciales<\/a>","tag_info":"Judiciales","comment_count":"0","_links":{"self":[{"href":"https:\/\/nuevodigitaldeescobar.com.ar\/index.php?rest_route=\/wp\/v2\/posts\/20844","targetHints":{"allow":["GET"]}}],"collection":[{"href":"https:\/\/nuevodigitaldeescobar.com.ar\/index.php?rest_route=\/wp\/v2\/posts"}],"about":[{"href":"https:\/\/nuevodigitaldeescobar.com.ar\/index.php?rest_route=\/wp\/v2\/types\/post"}],"author":[{"embeddable":true,"href":"https:\/\/nuevodigitaldeescobar.com.ar\/index.php?rest_route=\/wp\/v2\/users\/1"}],"replies":[{"embeddable":true,"href":"https:\/\/nuevodigitaldeescobar.com.ar\/index.php?rest_route=%2Fwp%2Fv2%2Fcomments&post=20844"}],"version-history":[{"count":1,"href":"https:\/\/nuevodigitaldeescobar.com.ar\/index.php?rest_route=\/wp\/v2\/posts\/20844\/revisions"}],"predecessor-version":[{"id":20846,"href":"https:\/\/nuevodigitaldeescobar.com.ar\/index.php?rest_route=\/wp\/v2\/posts\/20844\/revisions\/20846"}],"wp:featuredmedia":[{"embeddable":true,"href":"https:\/\/nuevodigitaldeescobar.com.ar\/index.php?rest_route=\/wp\/v2\/media\/20845"}],"wp:attachment":[{"href":"https:\/\/nuevodigitaldeescobar.com.ar\/index.php?rest_route=%2Fwp%2Fv2%2Fmedia&parent=20844"}],"wp:term":[{"taxonomy":"category","embeddable":true,"href":"https:\/\/nuevodigitaldeescobar.com.ar\/index.php?rest_route=%2Fwp%2Fv2%2Fcategories&post=20844"},{"taxonomy":"post_tag","embeddable":true,"href":"https:\/\/nuevodigitaldeescobar.com.ar\/index.php?rest_route=%2Fwp%2Fv2%2Ftags&post=20844"}],"curies":[{"name":"wp","href":"https:\/\/api.w.org\/{rel}","templated":true}]}}