{"id":20850,"date":"2026-04-30T13:45:54","date_gmt":"2026-04-30T16:45:54","guid":{"rendered":"https:\/\/nuevodigitaldeescobar.com.ar\/?p=20850"},"modified":"2026-04-30T13:46:07","modified_gmt":"2026-04-30T16:46:07","slug":"calendario-de-pagos-para-mayo","status":"publish","type":"post","link":"https:\/\/nuevodigitaldeescobar.com.ar\/?p=20850","title":{"rendered":"Calendario de pagos para mayo"},"content":{"rendered":"\n<p>ANSES, organismo dependiente del Ministerio de Capital Humano, comunic\u00f3 los calendarios de pagos de\u00a0<strong>mayo<\/strong>\u00a0para jubilados, pensionados y titulares de Pensiones No Contributivas, Asignaci\u00f3n Universal por Hijo, Asignaciones Familiares, Asignaci\u00f3n por Embarazo, por Prenatal, por Maternidad, de Pago \u00danico y Prestaci\u00f3n por Desempleo.<\/p>\n\n\n\n<!--more-->\n\n\n\n<p><strong>Jubilaciones y pensiones que no superen un haber m\u00ednimo<\/strong><\/p>\n\n\n\n<p>\u2022 DNI terminados en 0: 11 de mayo<\/p>\n\n\n\n<p>\u2022 DNI terminados en 1: 12 de mayo<\/p>\n\n\n\n<p>\u2022 DNI terminados en 2: 13 de mayo<\/p>\n\n\n\n<p>\u2022 DNI terminados en 3: 14 de mayo<\/p>\n\n\n\n<p>\u2022 DNI terminados en 4: 15 de mayo&nbsp;&nbsp;&nbsp;&nbsp;&nbsp;&nbsp;&nbsp;<\/p>\n\n\n\n<p>\u2022 DNI terminados en 5: 18 de mayo<\/p>\n\n\n\n<p>\u2022 DNI terminados en 6: 19 de mayo<\/p>\n\n\n\n<p>\u2022 DNI terminados en 7: 20 de mayo<\/p>\n\n\n\n<p>\u2022 DNI terminados en 8 y 9: 21 de mayo<\/p>\n\n\n\n<p><strong>Jubilaciones y pensiones que superen un haber m\u00ednimo<\/strong><\/p>\n\n\n\n<p>\u2022 DNI terminados en 0 y 1: 22 de mayo<\/p>\n\n\n\n<p>\u2022 DNI terminados en 2 y 3: 26 de mayo<\/p>\n\n\n\n<p>\u2022 DNI terminados en 4 y 5: 27 de mayo<\/p>\n\n\n\n<p>\u2022 DNI terminados en 6 y 7: 28 de mayo<\/p>\n\n\n\n<p>\u2022 DNI terminados en 8 y 9: 29 de mayo<\/p>\n\n\n\n<p><strong>Asignaci\u00f3n Universal por Hijo y Asignaci\u00f3n Familiar por Hijo<\/strong><\/p>\n\n\n\n<p>\u2022 DNI terminados en 0: 11 de mayo<\/p>\n\n\n\n<p>\u2022 DNI terminados en 1: 12 de mayo<\/p>\n\n\n\n<p>\u2022 DNI terminados en 2: 13 de mayo<\/p>\n\n\n\n<p>\u2022 DNI terminados en 3: 14 de mayo<\/p>\n\n\n\n<p>\u2022 DNI terminados en 4: 15 de mayo<\/p>\n\n\n\n<p>\u2022 DNI terminados en 5: 18 de mayo<\/p>\n\n\n\n<p>\u2022 DNI terminados en 6: 19 de mayo<\/p>\n\n\n\n<p>\u2022 DNI terminados en 7: 20 de mayo<\/p>\n\n\n\n<p>\u2022 DNI terminados en 8: 21 de mayo<\/p>\n\n\n\n<p>\u2022 DNI terminados en 9: 22 de mayo<\/p>\n\n\n\n<p><strong>Asignaci\u00f3n por Embarazo<\/strong><\/p>\n\n\n\n<p>\u2022 DNI terminados en 0: 11 de mayo<\/p>\n\n\n\n<p>\u2022 DNI terminados en 1: 12 de mayo<\/p>\n\n\n\n<p>\u2022 DNI terminados en 2: 13 de mayo<\/p>\n\n\n\n<p>\u2022 DNI terminados en 3: 14 de mayo<\/p>\n\n\n\n<p>\u2022 DNI terminados en 4: 15 de mayo<\/p>\n\n\n\n<p>\u2022 DNI terminados en 5: 18 de mayo<\/p>\n\n\n\n<p>\u2022 DNI terminados en 6: 19 de mayo<\/p>\n\n\n\n<p>\u2022 DNI terminados en 7: 20 de mayo<\/p>\n\n\n\n<p>\u2022 DNI terminados en 8: 21 de mayo<\/p>\n\n\n\n<p>\u2022 DNI terminados en 9: 22 de mayo<\/p>\n\n\n\n<p><strong>Asignaci\u00f3n por Prenatal<\/strong><\/p>\n\n\n\n<p>\u2022 DNI terminados en 0 y 1: 13 de mayo<\/p>\n\n\n\n<p>\u2022 DNI terminados en 2 y 3: 14 de mayo<\/p>\n\n\n\n<p>\u2022 DNI terminados en 4 y 5: 15 de mayo<\/p>\n\n\n\n<p>\u2022 DNI terminados en 6 y 7: 18 de mayo<\/p>\n\n\n\n<p>\u2022 DNI terminados en 8 y 9: 19 de mayo<\/p>\n\n\n\n<p><strong>Asignaci\u00f3n por Maternidad<\/strong><\/p>\n\n\n\n<p>\u2022 Todas las terminaciones de documento: 13 de mayo al 10 de junio<\/p>\n\n\n\n<p><strong>Asignaciones Pago \u00danico (Matrimonio, Nacimiento, Adopci\u00f3n)<\/strong><\/p>\n\n\n\n<p>\u2022 Todas las terminaciones de documento: 12 de mayo al 10 de junio<\/p>\n\n\n\n<p><strong>Pensiones No Contributivas<\/strong><\/p>\n\n\n\n<p>\u2022 DNI terminados en 0 y 1: 11 de mayo<\/p>\n\n\n\n<p>\u2022 DNI terminados en 2 y 3: 12 de mayo<\/p>\n\n\n\n<p>\u2022 DNI terminados en 4 y 5: 13 de mayo<\/p>\n\n\n\n<p>\u2022 DNI terminados en 6 y 7: 14 de mayo<\/p>\n\n\n\n<p>\u2022 DNI terminados en 8 y 9: 15 de mayo<\/p>\n\n\n\n<p><strong>Asignaciones Familiares de Pensiones No Contributivas<\/strong><\/p>\n\n\n\n<p>\u2022 Todas las terminaciones de documento: 11 de mayo al 10 de junio<\/p>\n\n\n\n<p><strong>Prestaci\u00f3n por Desempleo<\/strong><\/p>\n\n\n\n<p>\u2022 DNI terminados en 0 y 1: 22 de mayo<\/p>\n\n\n\n<p>\u2022 DNI terminados en 2 y 3: 26 de mayo<\/p>\n\n\n\n<p>\u2022 DNI terminados en 4 y 5: 27 de mayo<\/p>\n\n\n\n<p>\u2022 DNI terminados en 6 y 7: 28 de mayo<\/p>\n\n\n\n<p>\u2022 DNI terminados en 8 y 9: 29 de mayo<\/p>\n","protected":false},"excerpt":{"rendered":"<p>ANSES, organismo dependiente del Ministerio de Capital Humano, comunic\u00f3 los calendarios de pagos de\u00a0mayo\u00a0para jubilados, pensionados y titulares de Pensiones No Contributivas, Asignaci\u00f3n Universal por [&hellip;]<\/p>\n","protected":false},"author":1,"featured_media":6660,"comment_status":"open","ping_status":"open","sticky":false,"template":"","format":"standard","meta":{"footnotes":""},"categories":[7],"tags":[],"class_list":["post-20850","post","type-post","status-publish","format-standard","has-post-thumbnail","hentry","category-interes-general"],"better_featured_image":{"id":6660,"alt_text":"","caption":"","description":"","media_type":"image","media_details":{"width":720,"height":405,"file":"2024\/07\/anses-jubilados-1-e1720452548751.jpg","filesize":87940,"sizes":{"medium":{"file":"anses-jubilados-1-300x169.jpg","width":300,"height":169,"mime-type":"image\/jpeg","filesize":14203,"source_url":"https:\/\/nuevodigitaldeescobar.com.ar\/wp-content\/uploads\/2024\/07\/anses-jubilados-1-300x169.jpg"},"thumbnail":{"file":"anses-jubilados-1-150x150.jpg","width":150,"height":150,"mime-type":"image\/jpeg","filesize":6982,"source_url":"https:\/\/nuevodigitaldeescobar.com.ar\/wp-content\/uploads\/2024\/07\/anses-jubilados-1-150x150.jpg"}},"image_meta":{"aperture":"0","credit":"","camera":"","caption":"","created_timestamp":"0","copyright":"","focal_length":"0","iso":"0","shutter_speed":"0","title":"","orientation":"0","keywords":[]}},"post":6659,"source_url":"https:\/\/nuevodigitaldeescobar.com.ar\/wp-content\/uploads\/2024\/07\/anses-jubilados-1-e1720452548751.jpg"},"yoast_head":"<!-- This site is optimized with the Yoast SEO plugin v26.1.1 - https:\/\/yoast.com\/wordpress\/plugins\/seo\/ -->\n<title>Calendario de pagos para mayo - Nuevo Digital de Escobar<\/title>\n<meta name=\"description\" content=\"ANSES comunic\u00f3 los calendarios de pagos de\u00a0mayo\u00a0para jubilados, pensionados y titulares de Pensiones No Contributivas, Asignaci\u00f3n Universal por Hijo, Asignaciones Familiares, Asignaci\u00f3n por Embarazo, por Prenatal, por Maternidad, de Pago \u00danico y Prestaci\u00f3n por Desempleo.\" \/>\n<meta name=\"robots\" content=\"index, follow, max-snippet:-1, max-image-preview:large, max-video-preview:-1\" \/>\n<link rel=\"canonical\" href=\"https:\/\/nuevodigitaldeescobar.com.ar\/?p=20850\" \/>\n<meta property=\"og:locale\" content=\"es_ES\" \/>\n<meta property=\"og:type\" content=\"article\" \/>\n<meta property=\"og:title\" content=\"Calendario de pagos para mayo\" \/>\n<meta property=\"og:description\" content=\"ANSES comunic\u00f3 los calendarios de pagos de\u00a0mayo\u00a0para jubilados, pensionados y titulares de Pensiones No Contributivas, Asignaci\u00f3n Universal por Hijo, Asignaciones Familiares, Asignaci\u00f3n por Embarazo, por Prenatal, por Maternidad, de Pago \u00danico y Prestaci\u00f3n por Desempleo.\" \/>\n<meta property=\"og:url\" content=\"https:\/\/nuevodigitaldeescobar.com.ar\/?p=20850\" \/>\n<meta property=\"og:site_name\" content=\"Nuevo Digital de Escobar\" \/>\n<meta property=\"article:publisher\" content=\"https:\/\/www.facebook.com\/NUEVODigitalDeEscobar\" \/>\n<meta property=\"article:published_time\" content=\"2026-04-30T16:45:54+00:00\" \/>\n<meta property=\"article:modified_time\" content=\"2026-04-30T16:46:07+00:00\" \/>\n<meta property=\"og:image\" content=\"http:\/\/nuevodigitaldeescobar.com.ar\/wp-content\/uploads\/2024\/07\/anses-jubilados-1-e1720452548751.jpg\" \/>\n\t<meta property=\"og:image:width\" content=\"720\" \/>\n\t<meta property=\"og:image:height\" content=\"405\" \/>\n\t<meta property=\"og:image:type\" content=\"image\/jpeg\" \/>\n<meta name=\"author\" content=\"Redacci\u00f3n\" \/>\n<meta name=\"twitter:card\" content=\"summary_large_image\" \/>\n<meta name=\"twitter:creator\" content=\"@nuevodigescobar\" \/>\n<meta name=\"twitter:site\" content=\"@nuevodigescobar\" \/>\n<meta name=\"twitter:label1\" content=\"Escrito por\" \/>\n\t<meta name=\"twitter:data1\" content=\"Redacci\u00f3n\" \/>\n\t<meta name=\"twitter:label2\" content=\"Tiempo de lectura\" \/>\n\t<meta name=\"twitter:data2\" content=\"3 minutos\" \/>\n<script type=\"application\/ld+json\" class=\"yoast-schema-graph\">{\"@context\":\"https:\/\/schema.org\",\"@graph\":[{\"@type\":\"Article\",\"@id\":\"https:\/\/nuevodigitaldeescobar.com.ar\/?p=20850#article\",\"isPartOf\":{\"@id\":\"https:\/\/nuevodigitaldeescobar.com.ar\/?p=20850\"},\"author\":{\"name\":\"Redacci\u00f3n\",\"@id\":\"https:\/\/nuevodigitaldeescobar.com.ar\/#\/schema\/person\/035e90a8efe9a80e6eec22656ad6ea4c\"},\"headline\":\"Calendario de pagos para mayo\",\"datePublished\":\"2026-04-30T16:45:54+00:00\",\"dateModified\":\"2026-04-30T16:46:07+00:00\",\"mainEntityOfPage\":{\"@id\":\"https:\/\/nuevodigitaldeescobar.com.ar\/?p=20850\"},\"wordCount\":417,\"commentCount\":0,\"publisher\":{\"@id\":\"https:\/\/nuevodigitaldeescobar.com.ar\/#organization\"},\"image\":{\"@id\":\"https:\/\/nuevodigitaldeescobar.com.ar\/?p=20850#primaryimage\"},\"thumbnailUrl\":\"https:\/\/nuevodigitaldeescobar.com.ar\/wp-content\/uploads\/2024\/07\/anses-jubilados-1-e1720452548751.jpg\",\"articleSection\":[\"Inter\u00e9s general\"],\"inLanguage\":\"es\",\"potentialAction\":[{\"@type\":\"CommentAction\",\"name\":\"Comment\",\"target\":[\"https:\/\/nuevodigitaldeescobar.com.ar\/?p=20850#respond\"]}]},{\"@type\":\"WebPage\",\"@id\":\"https:\/\/nuevodigitaldeescobar.com.ar\/?p=20850\",\"url\":\"https:\/\/nuevodigitaldeescobar.com.ar\/?p=20850\",\"name\":\"Calendario de pagos para mayo - Nuevo Digital de Escobar\",\"isPartOf\":{\"@id\":\"https:\/\/nuevodigitaldeescobar.com.ar\/#website\"},\"primaryImageOfPage\":{\"@id\":\"https:\/\/nuevodigitaldeescobar.com.ar\/?p=20850#primaryimage\"},\"image\":{\"@id\":\"https:\/\/nuevodigitaldeescobar.com.ar\/?p=20850#primaryimage\"},\"thumbnailUrl\":\"https:\/\/nuevodigitaldeescobar.com.ar\/wp-content\/uploads\/2024\/07\/anses-jubilados-1-e1720452548751.jpg\",\"datePublished\":\"2026-04-30T16:45:54+00:00\",\"dateModified\":\"2026-04-30T16:46:07+00:00\",\"description\":\"ANSES comunic\u00f3 los calendarios de pagos de\u00a0mayo\u00a0para jubilados, pensionados y titulares de Pensiones No Contributivas, Asignaci\u00f3n Universal por Hijo, Asignaciones Familiares, Asignaci\u00f3n por Embarazo, por Prenatal, por Maternidad, de Pago \u00danico y Prestaci\u00f3n por Desempleo.\",\"breadcrumb\":{\"@id\":\"https:\/\/nuevodigitaldeescobar.com.ar\/?p=20850#breadcrumb\"},\"inLanguage\":\"es\",\"potentialAction\":[{\"@type\":\"ReadAction\",\"target\":[\"https:\/\/nuevodigitaldeescobar.com.ar\/?p=20850\"]}]},{\"@type\":\"ImageObject\",\"inLanguage\":\"es\",\"@id\":\"https:\/\/nuevodigitaldeescobar.com.ar\/?p=20850#primaryimage\",\"url\":\"https:\/\/nuevodigitaldeescobar.com.ar\/wp-content\/uploads\/2024\/07\/anses-jubilados-1-e1720452548751.jpg\",\"contentUrl\":\"https:\/\/nuevodigitaldeescobar.com.ar\/wp-content\/uploads\/2024\/07\/anses-jubilados-1-e1720452548751.jpg\",\"width\":720,\"height\":405},{\"@type\":\"BreadcrumbList\",\"@id\":\"https:\/\/nuevodigitaldeescobar.com.ar\/?p=20850#breadcrumb\",\"itemListElement\":[{\"@type\":\"ListItem\",\"position\":1,\"name\":\"Portada\",\"item\":\"https:\/\/nuevodigitaldeescobar.com.ar\/\"},{\"@type\":\"ListItem\",\"position\":2,\"name\":\"Calendario de pagos para mayo\"}]},{\"@type\":\"WebSite\",\"@id\":\"https:\/\/nuevodigitaldeescobar.com.ar\/#website\",\"url\":\"https:\/\/nuevodigitaldeescobar.com.ar\/\",\"name\":\"Nuevo Digital de Escobar\",\"description\":\"La vida escobarense. Directora: Rosana Brunner\",\"publisher\":{\"@id\":\"https:\/\/nuevodigitaldeescobar.com.ar\/#organization\"},\"potentialAction\":[{\"@type\":\"SearchAction\",\"target\":{\"@type\":\"EntryPoint\",\"urlTemplate\":\"https:\/\/nuevodigitaldeescobar.com.ar\/?s={search_term_string}\"},\"query-input\":{\"@type\":\"PropertyValueSpecification\",\"valueRequired\":true,\"valueName\":\"search_term_string\"}}],\"inLanguage\":\"es\"},{\"@type\":\"Organization\",\"@id\":\"https:\/\/nuevodigitaldeescobar.com.ar\/#organization\",\"name\":\"Nuevo Digital de Escobar\",\"url\":\"https:\/\/nuevodigitaldeescobar.com.ar\/\",\"logo\":{\"@type\":\"ImageObject\",\"inLanguage\":\"es\",\"@id\":\"https:\/\/nuevodigitaldeescobar.com.ar\/#\/schema\/logo\/image\/\",\"url\":\"https:\/\/nuevodigitaldeescobar.com.ar\/wp-content\/uploads\/2025\/05\/cropped-logo-nuevo2.jpg\",\"contentUrl\":\"https:\/\/nuevodigitaldeescobar.com.ar\/wp-content\/uploads\/2025\/05\/cropped-logo-nuevo2.jpg\",\"width\":305,\"height\":305,\"caption\":\"Nuevo Digital de Escobar\"},\"image\":{\"@id\":\"https:\/\/nuevodigitaldeescobar.com.ar\/#\/schema\/logo\/image\/\"},\"sameAs\":[\"https:\/\/www.facebook.com\/NUEVODigitalDeEscobar\",\"https:\/\/x.com\/nuevodigescobar\",\"https:\/\/www.instagram.com\/nuevodigitaldeescobar\"]},{\"@type\":\"Person\",\"@id\":\"https:\/\/nuevodigitaldeescobar.com.ar\/#\/schema\/person\/035e90a8efe9a80e6eec22656ad6ea4c\",\"name\":\"Redacci\u00f3n\",\"image\":{\"@type\":\"ImageObject\",\"inLanguage\":\"es\",\"@id\":\"https:\/\/nuevodigitaldeescobar.com.ar\/#\/schema\/person\/image\/\",\"url\":\"https:\/\/secure.gravatar.com\/avatar\/8af8f40000c24e9eef3034f2be5998a372bb1389e64b1a4a36b3a7979142220d?s=96&d=mm&r=g\",\"contentUrl\":\"https:\/\/secure.gravatar.com\/avatar\/8af8f40000c24e9eef3034f2be5998a372bb1389e64b1a4a36b3a7979142220d?s=96&d=mm&r=g\",\"caption\":\"Redacci\u00f3n\"},\"sameAs\":[\"http:\/\/nuevodigitaldeescobar.com.ar\"],\"url\":\"https:\/\/nuevodigitaldeescobar.com.ar\/?author=1\"}]}<\/script>\n<!-- \/ Yoast SEO plugin. -->","yoast_head_json":{"title":"Calendario de pagos para mayo - Nuevo Digital de Escobar","description":"ANSES comunic\u00f3 los calendarios de pagos de\u00a0mayo\u00a0para jubilados, pensionados y titulares de Pensiones No Contributivas, Asignaci\u00f3n Universal por Hijo, Asignaciones Familiares, Asignaci\u00f3n por Embarazo, por Prenatal, por Maternidad, de Pago \u00danico y Prestaci\u00f3n por Desempleo.","robots":{"index":"index","follow":"follow","max-snippet":"max-snippet:-1","max-image-preview":"max-image-preview:large","max-video-preview":"max-video-preview:-1"},"canonical":"https:\/\/nuevodigitaldeescobar.com.ar\/?p=20850","og_locale":"es_ES","og_type":"article","og_title":"Calendario de pagos para mayo","og_description":"ANSES comunic\u00f3 los calendarios de pagos de\u00a0mayo\u00a0para jubilados, pensionados y titulares de Pensiones No Contributivas, Asignaci\u00f3n Universal por Hijo, Asignaciones Familiares, Asignaci\u00f3n por Embarazo, por Prenatal, por Maternidad, de Pago \u00danico y Prestaci\u00f3n por Desempleo.","og_url":"https:\/\/nuevodigitaldeescobar.com.ar\/?p=20850","og_site_name":"Nuevo Digital de Escobar","article_publisher":"https:\/\/www.facebook.com\/NUEVODigitalDeEscobar","article_published_time":"2026-04-30T16:45:54+00:00","article_modified_time":"2026-04-30T16:46:07+00:00","og_image":[{"width":720,"height":405,"url":"http:\/\/nuevodigitaldeescobar.com.ar\/wp-content\/uploads\/2024\/07\/anses-jubilados-1-e1720452548751.jpg","type":"image\/jpeg"}],"author":"Redacci\u00f3n","twitter_card":"summary_large_image","twitter_creator":"@nuevodigescobar","twitter_site":"@nuevodigescobar","twitter_misc":{"Escrito por":"Redacci\u00f3n","Tiempo de lectura":"3 minutos"},"schema":{"@context":"https:\/\/schema.org","@graph":[{"@type":"Article","@id":"https:\/\/nuevodigitaldeescobar.com.ar\/?p=20850#article","isPartOf":{"@id":"https:\/\/nuevodigitaldeescobar.com.ar\/?p=20850"},"author":{"name":"Redacci\u00f3n","@id":"https:\/\/nuevodigitaldeescobar.com.ar\/#\/schema\/person\/035e90a8efe9a80e6eec22656ad6ea4c"},"headline":"Calendario de pagos para mayo","datePublished":"2026-04-30T16:45:54+00:00","dateModified":"2026-04-30T16:46:07+00:00","mainEntityOfPage":{"@id":"https:\/\/nuevodigitaldeescobar.com.ar\/?p=20850"},"wordCount":417,"commentCount":0,"publisher":{"@id":"https:\/\/nuevodigitaldeescobar.com.ar\/#organization"},"image":{"@id":"https:\/\/nuevodigitaldeescobar.com.ar\/?p=20850#primaryimage"},"thumbnailUrl":"https:\/\/nuevodigitaldeescobar.com.ar\/wp-content\/uploads\/2024\/07\/anses-jubilados-1-e1720452548751.jpg","articleSection":["Inter\u00e9s general"],"inLanguage":"es","potentialAction":[{"@type":"CommentAction","name":"Comment","target":["https:\/\/nuevodigitaldeescobar.com.ar\/?p=20850#respond"]}]},{"@type":"WebPage","@id":"https:\/\/nuevodigitaldeescobar.com.ar\/?p=20850","url":"https:\/\/nuevodigitaldeescobar.com.ar\/?p=20850","name":"Calendario de pagos para mayo - Nuevo Digital de Escobar","isPartOf":{"@id":"https:\/\/nuevodigitaldeescobar.com.ar\/#website"},"primaryImageOfPage":{"@id":"https:\/\/nuevodigitaldeescobar.com.ar\/?p=20850#primaryimage"},"image":{"@id":"https:\/\/nuevodigitaldeescobar.com.ar\/?p=20850#primaryimage"},"thumbnailUrl":"https:\/\/nuevodigitaldeescobar.com.ar\/wp-content\/uploads\/2024\/07\/anses-jubilados-1-e1720452548751.jpg","datePublished":"2026-04-30T16:45:54+00:00","dateModified":"2026-04-30T16:46:07+00:00","description":"ANSES comunic\u00f3 los calendarios de pagos de\u00a0mayo\u00a0para jubilados, pensionados y titulares de Pensiones No Contributivas, Asignaci\u00f3n Universal por Hijo, Asignaciones Familiares, Asignaci\u00f3n por Embarazo, por Prenatal, por Maternidad, de Pago \u00danico y Prestaci\u00f3n por Desempleo.","breadcrumb":{"@id":"https:\/\/nuevodigitaldeescobar.com.ar\/?p=20850#breadcrumb"},"inLanguage":"es","potentialAction":[{"@type":"ReadAction","target":["https:\/\/nuevodigitaldeescobar.com.ar\/?p=20850"]}]},{"@type":"ImageObject","inLanguage":"es","@id":"https:\/\/nuevodigitaldeescobar.com.ar\/?p=20850#primaryimage","url":"https:\/\/nuevodigitaldeescobar.com.ar\/wp-content\/uploads\/2024\/07\/anses-jubilados-1-e1720452548751.jpg","contentUrl":"https:\/\/nuevodigitaldeescobar.com.ar\/wp-content\/uploads\/2024\/07\/anses-jubilados-1-e1720452548751.jpg","width":720,"height":405},{"@type":"BreadcrumbList","@id":"https:\/\/nuevodigitaldeescobar.com.ar\/?p=20850#breadcrumb","itemListElement":[{"@type":"ListItem","position":1,"name":"Portada","item":"https:\/\/nuevodigitaldeescobar.com.ar\/"},{"@type":"ListItem","position":2,"name":"Calendario de pagos para mayo"}]},{"@type":"WebSite","@id":"https:\/\/nuevodigitaldeescobar.com.ar\/#website","url":"https:\/\/nuevodigitaldeescobar.com.ar\/","name":"Nuevo Digital de Escobar","description":"La vida escobarense. Directora: Rosana Brunner","publisher":{"@id":"https:\/\/nuevodigitaldeescobar.com.ar\/#organization"},"potentialAction":[{"@type":"SearchAction","target":{"@type":"EntryPoint","urlTemplate":"https:\/\/nuevodigitaldeescobar.com.ar\/?s={search_term_string}"},"query-input":{"@type":"PropertyValueSpecification","valueRequired":true,"valueName":"search_term_string"}}],"inLanguage":"es"},{"@type":"Organization","@id":"https:\/\/nuevodigitaldeescobar.com.ar\/#organization","name":"Nuevo Digital de Escobar","url":"https:\/\/nuevodigitaldeescobar.com.ar\/","logo":{"@type":"ImageObject","inLanguage":"es","@id":"https:\/\/nuevodigitaldeescobar.com.ar\/#\/schema\/logo\/image\/","url":"https:\/\/nuevodigitaldeescobar.com.ar\/wp-content\/uploads\/2025\/05\/cropped-logo-nuevo2.jpg","contentUrl":"https:\/\/nuevodigitaldeescobar.com.ar\/wp-content\/uploads\/2025\/05\/cropped-logo-nuevo2.jpg","width":305,"height":305,"caption":"Nuevo Digital de Escobar"},"image":{"@id":"https:\/\/nuevodigitaldeescobar.com.ar\/#\/schema\/logo\/image\/"},"sameAs":["https:\/\/www.facebook.com\/NUEVODigitalDeEscobar","https:\/\/x.com\/nuevodigescobar","https:\/\/www.instagram.com\/nuevodigitaldeescobar"]},{"@type":"Person","@id":"https:\/\/nuevodigitaldeescobar.com.ar\/#\/schema\/person\/035e90a8efe9a80e6eec22656ad6ea4c","name":"Redacci\u00f3n","image":{"@type":"ImageObject","inLanguage":"es","@id":"https:\/\/nuevodigitaldeescobar.com.ar\/#\/schema\/person\/image\/","url":"https:\/\/secure.gravatar.com\/avatar\/8af8f40000c24e9eef3034f2be5998a372bb1389e64b1a4a36b3a7979142220d?s=96&d=mm&r=g","contentUrl":"https:\/\/secure.gravatar.com\/avatar\/8af8f40000c24e9eef3034f2be5998a372bb1389e64b1a4a36b3a7979142220d?s=96&d=mm&r=g","caption":"Redacci\u00f3n"},"sameAs":["http:\/\/nuevodigitaldeescobar.com.ar"],"url":"https:\/\/nuevodigitaldeescobar.com.ar\/?author=1"}]}},"featured_image_urls":{"full":["https:\/\/nuevodigitaldeescobar.com.ar\/wp-content\/uploads\/2024\/07\/anses-jubilados-1-e1720452548751.jpg",720,405,false],"thumbnail":["https:\/\/nuevodigitaldeescobar.com.ar\/wp-content\/uploads\/2024\/07\/anses-jubilados-1-150x150.jpg",150,150,true],"medium":["https:\/\/nuevodigitaldeescobar.com.ar\/wp-content\/uploads\/2024\/07\/anses-jubilados-1-300x169.jpg",300,169,true],"medium_large":["https:\/\/nuevodigitaldeescobar.com.ar\/wp-content\/uploads\/2024\/07\/anses-jubilados-1-e1720452548751.jpg",640,360,false],"large":["https:\/\/nuevodigitaldeescobar.com.ar\/wp-content\/uploads\/2024\/07\/anses-jubilados-1-e1720452548751.jpg",640,360,false],"1536x1536":["https:\/\/nuevodigitaldeescobar.com.ar\/wp-content\/uploads\/2024\/07\/anses-jubilados-1-e1720452548751.jpg",720,405,false],"2048x2048":["https:\/\/nuevodigitaldeescobar.com.ar\/wp-content\/uploads\/2024\/07\/anses-jubilados-1-e1720452548751.jpg",720,405,false]},"author_info":{"display_name":"Redacci\u00f3n","author_link":"https:\/\/nuevodigitaldeescobar.com.ar\/?author=1"},"category_info":"<a href=\"https:\/\/nuevodigitaldeescobar.com.ar\/?cat=7\" rel=\"category\">Inter\u00e9s general<\/a>","tag_info":"Inter\u00e9s general","comment_count":"0","_links":{"self":[{"href":"https:\/\/nuevodigitaldeescobar.com.ar\/index.php?rest_route=\/wp\/v2\/posts\/20850","targetHints":{"allow":["GET"]}}],"collection":[{"href":"https:\/\/nuevodigitaldeescobar.com.ar\/index.php?rest_route=\/wp\/v2\/posts"}],"about":[{"href":"https:\/\/nuevodigitaldeescobar.com.ar\/index.php?rest_route=\/wp\/v2\/types\/post"}],"author":[{"embeddable":true,"href":"https:\/\/nuevodigitaldeescobar.com.ar\/index.php?rest_route=\/wp\/v2\/users\/1"}],"replies":[{"embeddable":true,"href":"https:\/\/nuevodigitaldeescobar.com.ar\/index.php?rest_route=%2Fwp%2Fv2%2Fcomments&post=20850"}],"version-history":[{"count":1,"href":"https:\/\/nuevodigitaldeescobar.com.ar\/index.php?rest_route=\/wp\/v2\/posts\/20850\/revisions"}],"predecessor-version":[{"id":20851,"href":"https:\/\/nuevodigitaldeescobar.com.ar\/index.php?rest_route=\/wp\/v2\/posts\/20850\/revisions\/20851"}],"wp:featuredmedia":[{"embeddable":true,"href":"https:\/\/nuevodigitaldeescobar.com.ar\/index.php?rest_route=\/wp\/v2\/media\/6660"}],"wp:attachment":[{"href":"https:\/\/nuevodigitaldeescobar.com.ar\/index.php?rest_route=%2Fwp%2Fv2%2Fmedia&parent=20850"}],"wp:term":[{"taxonomy":"category","embeddable":true,"href":"https:\/\/nuevodigitaldeescobar.com.ar\/index.php?rest_route=%2Fwp%2Fv2%2Fcategories&post=20850"},{"taxonomy":"post_tag","embeddable":true,"href":"https:\/\/nuevodigitaldeescobar.com.ar\/index.php?rest_route=%2Fwp%2Fv2%2Ftags&post=20850"}],"curies":[{"name":"wp","href":"https:\/\/api.w.org\/{rel}","templated":true}]}}