{"id":20873,"date":"2026-05-03T10:03:53","date_gmt":"2026-05-03T13:03:53","guid":{"rendered":"https:\/\/nuevodigitaldeescobar.com.ar\/?p=20873"},"modified":"2026-05-03T10:12:51","modified_gmt":"2026-05-03T13:12:51","slug":"escobar-conmemoro-el-44-aniversario-del-hundimiento-del-ara-general-belgrano","status":"publish","type":"post","link":"https:\/\/nuevodigitaldeescobar.com.ar\/?p=20873","title":{"rendered":"Escobar conmemor\u00f3 el 44\u00b0 aniversario del hundimiento del ARA General Belgrano"},"content":{"rendered":"\n<p>Junto a excombatientes, sobrevivientes y familiares, la Municipalidad de Escobar conmemor\u00f3 el 44\u00b0 aniversario del hundimiento del ARA General Belgrano con un acto realizado en la localidad de Gar\u00edn, en homenaje a los ca\u00eddos en la Guerra de Malvinas.<\/p>\n\n\n\n<!--more-->\n\n\n\n<p>\u201cVer a tantos vecinos y vecinas participando de este acto nos llena de orgullo y nos demuestra que, con el paso del tiempo, la memoria no se apaga: crece. Malvinas no admite grietas, es una causa que nos une a todos los argentinos, de Ushuaia a La Quiaca, y tenemos la responsabilidad de sostener viva esa memoria, honrar a quienes dieron la vida y mantener vigente el reclamo de que las Malvinas fueron, son y ser\u00e1n argentinas\u201d, expres\u00f3 el intendente Ariel Sujarchuk. La ceremonia incluy\u00f3 la entonaci\u00f3n del Himno Nacional a cargo de la banda municipal, la colocaci\u00f3n de palmas y un minuto de silencio en homenaje a los ca\u00eddos.<\/p>\n\n\n\n<p>El hundimiento del crucero ARA General Belgrano ocurri\u00f3 el 2 de mayo de 1982, cuando fue atacado en aguas del Atl\u00e1ntico Sur, provocando la muerte de 323 argentinos, m\u00e1s de la mitad de los ca\u00eddos en el conflicto. Este hecho se convirti\u00f3 en uno de los episodios m\u00e1s recordados de la guerra y en un s\u00edmbolo del sacrificio de quienes defendieron la soberan\u00eda nacional.<\/p>\n\n\n\n<figure class=\"wp-block-image size-large\"><img fetchpriority=\"high\" decoding=\"async\" width=\"1024\" height=\"682\" src=\"http:\/\/nuevodigitaldeescobar.com.ar\/wp-content\/uploads\/2026\/05\/whatsapp_image_2026_05_02_at_11_46_59-1024x682.jpeg\" alt=\"\" class=\"wp-image-20874\" srcset=\"https:\/\/nuevodigitaldeescobar.com.ar\/wp-content\/uploads\/2026\/05\/whatsapp_image_2026_05_02_at_11_46_59-1024x682.jpeg 1024w, https:\/\/nuevodigitaldeescobar.com.ar\/wp-content\/uploads\/2026\/05\/whatsapp_image_2026_05_02_at_11_46_59-300x200.jpeg 300w, https:\/\/nuevodigitaldeescobar.com.ar\/wp-content\/uploads\/2026\/05\/whatsapp_image_2026_05_02_at_11_46_59-768x512.jpeg 768w, https:\/\/nuevodigitaldeescobar.com.ar\/wp-content\/uploads\/2026\/05\/whatsapp_image_2026_05_02_at_11_46_59-1536x1023.jpeg 1536w, https:\/\/nuevodigitaldeescobar.com.ar\/wp-content\/uploads\/2026\/05\/whatsapp_image_2026_05_02_at_11_46_59.jpeg 1600w\" sizes=\"(max-width: 1024px) 100vw, 1024px\" \/><\/figure>\n\n\n\n<p>A 44 a\u00f1os de aquel acontecimiento, se renueva el compromiso con la memoria, el reconocimiento a los veteranos y la defensa permanente de la soberan\u00eda sobre las Islas Malvinas.<\/p>\n","protected":false},"excerpt":{"rendered":"<p>Junto a excombatientes, sobrevivientes y familiares, la Municipalidad de Escobar conmemor\u00f3 el 44\u00b0 aniversario del hundimiento del ARA General Belgrano con un acto realizado en [&hellip;]<\/p>\n","protected":false},"author":1,"featured_media":20875,"comment_status":"open","ping_status":"open","sticky":false,"template":"","format":"standard","meta":{"footnotes":""},"categories":[7],"tags":[540,373],"class_list":["post-20873","post","type-post","status-publish","format-standard","has-post-thumbnail","hentry","category-interes-general","tag-ara-general-belgrano","tag-malvinas"],"better_featured_image":{"id":20875,"alt_text":"","caption":"","description":"","media_type":"image","media_details":{"width":1600,"height":1066,"file":"2026\/05\/whatsapp_image_2026_05_02_at_11_46_59__1_.jpeg","filesize":234309,"sizes":{"medium":{"file":"whatsapp_image_2026_05_02_at_11_46_59__1_-300x200.jpeg","width":300,"height":200,"mime-type":"image\/jpeg","filesize":18446,"source_url":"https:\/\/nuevodigitaldeescobar.com.ar\/wp-content\/uploads\/2026\/05\/whatsapp_image_2026_05_02_at_11_46_59__1_-300x200.jpeg"},"large":{"file":"whatsapp_image_2026_05_02_at_11_46_59__1_-1024x682.jpeg","width":1024,"height":682,"mime-type":"image\/jpeg","filesize":123186,"source_url":"https:\/\/nuevodigitaldeescobar.com.ar\/wp-content\/uploads\/2026\/05\/whatsapp_image_2026_05_02_at_11_46_59__1_-1024x682.jpeg"},"thumbnail":{"file":"whatsapp_image_2026_05_02_at_11_46_59__1_-150x150.jpeg","width":150,"height":150,"mime-type":"image\/jpeg","filesize":7837,"source_url":"https:\/\/nuevodigitaldeescobar.com.ar\/wp-content\/uploads\/2026\/05\/whatsapp_image_2026_05_02_at_11_46_59__1_-150x150.jpeg"},"medium_large":{"file":"whatsapp_image_2026_05_02_at_11_46_59__1_-768x512.jpeg","width":768,"height":512,"mime-type":"image\/jpeg","filesize":79358,"source_url":"https:\/\/nuevodigitaldeescobar.com.ar\/wp-content\/uploads\/2026\/05\/whatsapp_image_2026_05_02_at_11_46_59__1_-768x512.jpeg"},"1536x1536":{"file":"whatsapp_image_2026_05_02_at_11_46_59__1_-1536x1023.jpeg","width":1536,"height":1023,"mime-type":"image\/jpeg","filesize":224247,"source_url":"https:\/\/nuevodigitaldeescobar.com.ar\/wp-content\/uploads\/2026\/05\/whatsapp_image_2026_05_02_at_11_46_59__1_-1536x1023.jpeg"}},"image_meta":{"aperture":"0","credit":"","camera":"","caption":"","created_timestamp":"0","copyright":"","focal_length":"0","iso":"0","shutter_speed":"0","title":"","orientation":"0","keywords":[]}},"post":20873,"source_url":"https:\/\/nuevodigitaldeescobar.com.ar\/wp-content\/uploads\/2026\/05\/whatsapp_image_2026_05_02_at_11_46_59__1_.jpeg"},"yoast_head":"<!-- This site is optimized with the Yoast SEO plugin v26.1.1 - https:\/\/yoast.com\/wordpress\/plugins\/seo\/ -->\n<title>Escobar conmemor\u00f3 el 44\u00b0 aniversario del hundimiento del ARA General Belgrano - Nuevo Digital de Escobar<\/title>\n<meta name=\"description\" content=\"Junto a excombatientes, sobrevivientes y familiares, la Municipalidad de Escobar conmemor\u00f3 el 44\u00b0 aniversario del hundimiento del ARA General Belgrano con un acto realizado en la localidad de Gar\u00edn, en homenaje a los ca\u00eddos en la Guerra de Malvinas.\" \/>\n<meta name=\"robots\" content=\"index, follow, max-snippet:-1, max-image-preview:large, max-video-preview:-1\" \/>\n<link rel=\"canonical\" href=\"https:\/\/nuevodigitaldeescobar.com.ar\/?p=20873\" \/>\n<meta property=\"og:locale\" content=\"es_ES\" \/>\n<meta property=\"og:type\" content=\"article\" \/>\n<meta property=\"og:title\" content=\"Escobar conmemor\u00f3 el 44\u00b0 aniversario del hundimiento del ARA General Belgrano\" \/>\n<meta property=\"og:description\" content=\"Junto a excombatientes, sobrevivientes y familiares, la Municipalidad de Escobar conmemor\u00f3 el 44\u00b0 aniversario del hundimiento del ARA General Belgrano con un acto realizado en la localidad de Gar\u00edn, en homenaje a los ca\u00eddos en la Guerra de Malvinas.\" \/>\n<meta property=\"og:url\" content=\"https:\/\/nuevodigitaldeescobar.com.ar\/?p=20873\" \/>\n<meta property=\"og:site_name\" content=\"Nuevo Digital de Escobar\" \/>\n<meta property=\"article:publisher\" content=\"https:\/\/www.facebook.com\/NUEVODigitalDeEscobar\" \/>\n<meta property=\"article:published_time\" content=\"2026-05-03T13:03:53+00:00\" \/>\n<meta property=\"article:modified_time\" content=\"2026-05-03T13:12:51+00:00\" \/>\n<meta property=\"og:image\" content=\"http:\/\/nuevodigitaldeescobar.com.ar\/wp-content\/uploads\/2026\/05\/whatsapp_image_2026_05_02_at_11_46_59__1_.jpeg\" \/>\n\t<meta property=\"og:image:width\" content=\"1600\" \/>\n\t<meta property=\"og:image:height\" content=\"1066\" \/>\n\t<meta property=\"og:image:type\" content=\"image\/jpeg\" \/>\n<meta name=\"author\" content=\"Redacci\u00f3n\" \/>\n<meta name=\"twitter:card\" content=\"summary_large_image\" \/>\n<meta name=\"twitter:creator\" content=\"@nuevodigescobar\" \/>\n<meta name=\"twitter:site\" content=\"@nuevodigescobar\" \/>\n<meta name=\"twitter:label1\" content=\"Escrito por\" \/>\n\t<meta name=\"twitter:data1\" content=\"Redacci\u00f3n\" \/>\n\t<meta name=\"twitter:label2\" content=\"Tiempo de lectura\" \/>\n\t<meta name=\"twitter:data2\" content=\"2 minutos\" \/>\n<script type=\"application\/ld+json\" class=\"yoast-schema-graph\">{\"@context\":\"https:\/\/schema.org\",\"@graph\":[{\"@type\":\"Article\",\"@id\":\"https:\/\/nuevodigitaldeescobar.com.ar\/?p=20873#article\",\"isPartOf\":{\"@id\":\"https:\/\/nuevodigitaldeescobar.com.ar\/?p=20873\"},\"author\":{\"name\":\"Redacci\u00f3n\",\"@id\":\"https:\/\/nuevodigitaldeescobar.com.ar\/#\/schema\/person\/035e90a8efe9a80e6eec22656ad6ea4c\"},\"headline\":\"Escobar conmemor\u00f3 el 44\u00b0 aniversario del hundimiento del ARA General Belgrano\",\"datePublished\":\"2026-05-03T13:03:53+00:00\",\"dateModified\":\"2026-05-03T13:12:51+00:00\",\"mainEntityOfPage\":{\"@id\":\"https:\/\/nuevodigitaldeescobar.com.ar\/?p=20873\"},\"wordCount\":261,\"commentCount\":0,\"publisher\":{\"@id\":\"https:\/\/nuevodigitaldeescobar.com.ar\/#organization\"},\"image\":{\"@id\":\"https:\/\/nuevodigitaldeescobar.com.ar\/?p=20873#primaryimage\"},\"thumbnailUrl\":\"https:\/\/nuevodigitaldeescobar.com.ar\/wp-content\/uploads\/2026\/05\/whatsapp_image_2026_05_02_at_11_46_59__1_.jpeg\",\"keywords\":[\"ARA General Belgrano\",\"Malvinas\"],\"articleSection\":[\"Inter\u00e9s general\"],\"inLanguage\":\"es\",\"potentialAction\":[{\"@type\":\"CommentAction\",\"name\":\"Comment\",\"target\":[\"https:\/\/nuevodigitaldeescobar.com.ar\/?p=20873#respond\"]}]},{\"@type\":\"WebPage\",\"@id\":\"https:\/\/nuevodigitaldeescobar.com.ar\/?p=20873\",\"url\":\"https:\/\/nuevodigitaldeescobar.com.ar\/?p=20873\",\"name\":\"Escobar conmemor\u00f3 el 44\u00b0 aniversario del hundimiento del ARA General Belgrano - Nuevo Digital de Escobar\",\"isPartOf\":{\"@id\":\"https:\/\/nuevodigitaldeescobar.com.ar\/#website\"},\"primaryImageOfPage\":{\"@id\":\"https:\/\/nuevodigitaldeescobar.com.ar\/?p=20873#primaryimage\"},\"image\":{\"@id\":\"https:\/\/nuevodigitaldeescobar.com.ar\/?p=20873#primaryimage\"},\"thumbnailUrl\":\"https:\/\/nuevodigitaldeescobar.com.ar\/wp-content\/uploads\/2026\/05\/whatsapp_image_2026_05_02_at_11_46_59__1_.jpeg\",\"datePublished\":\"2026-05-03T13:03:53+00:00\",\"dateModified\":\"2026-05-03T13:12:51+00:00\",\"description\":\"Junto a excombatientes, sobrevivientes y familiares, la Municipalidad de Escobar conmemor\u00f3 el 44\u00b0 aniversario del hundimiento del ARA General Belgrano con un acto realizado en la localidad de Gar\u00edn, en homenaje a los ca\u00eddos en la Guerra de Malvinas.\",\"breadcrumb\":{\"@id\":\"https:\/\/nuevodigitaldeescobar.com.ar\/?p=20873#breadcrumb\"},\"inLanguage\":\"es\",\"potentialAction\":[{\"@type\":\"ReadAction\",\"target\":[\"https:\/\/nuevodigitaldeescobar.com.ar\/?p=20873\"]}]},{\"@type\":\"ImageObject\",\"inLanguage\":\"es\",\"@id\":\"https:\/\/nuevodigitaldeescobar.com.ar\/?p=20873#primaryimage\",\"url\":\"https:\/\/nuevodigitaldeescobar.com.ar\/wp-content\/uploads\/2026\/05\/whatsapp_image_2026_05_02_at_11_46_59__1_.jpeg\",\"contentUrl\":\"https:\/\/nuevodigitaldeescobar.com.ar\/wp-content\/uploads\/2026\/05\/whatsapp_image_2026_05_02_at_11_46_59__1_.jpeg\",\"width\":1600,\"height\":1066},{\"@type\":\"BreadcrumbList\",\"@id\":\"https:\/\/nuevodigitaldeescobar.com.ar\/?p=20873#breadcrumb\",\"itemListElement\":[{\"@type\":\"ListItem\",\"position\":1,\"name\":\"Portada\",\"item\":\"https:\/\/nuevodigitaldeescobar.com.ar\/\"},{\"@type\":\"ListItem\",\"position\":2,\"name\":\"Escobar conmemor\u00f3 el 44\u00b0 aniversario del hundimiento del ARA General Belgrano\"}]},{\"@type\":\"WebSite\",\"@id\":\"https:\/\/nuevodigitaldeescobar.com.ar\/#website\",\"url\":\"https:\/\/nuevodigitaldeescobar.com.ar\/\",\"name\":\"Nuevo Digital de Escobar\",\"description\":\"La vida escobarense. Directora: Rosana Brunner\",\"publisher\":{\"@id\":\"https:\/\/nuevodigitaldeescobar.com.ar\/#organization\"},\"potentialAction\":[{\"@type\":\"SearchAction\",\"target\":{\"@type\":\"EntryPoint\",\"urlTemplate\":\"https:\/\/nuevodigitaldeescobar.com.ar\/?s={search_term_string}\"},\"query-input\":{\"@type\":\"PropertyValueSpecification\",\"valueRequired\":true,\"valueName\":\"search_term_string\"}}],\"inLanguage\":\"es\"},{\"@type\":\"Organization\",\"@id\":\"https:\/\/nuevodigitaldeescobar.com.ar\/#organization\",\"name\":\"Nuevo Digital de Escobar\",\"url\":\"https:\/\/nuevodigitaldeescobar.com.ar\/\",\"logo\":{\"@type\":\"ImageObject\",\"inLanguage\":\"es\",\"@id\":\"https:\/\/nuevodigitaldeescobar.com.ar\/#\/schema\/logo\/image\/\",\"url\":\"https:\/\/nuevodigitaldeescobar.com.ar\/wp-content\/uploads\/2025\/05\/cropped-logo-nuevo2.jpg\",\"contentUrl\":\"https:\/\/nuevodigitaldeescobar.com.ar\/wp-content\/uploads\/2025\/05\/cropped-logo-nuevo2.jpg\",\"width\":305,\"height\":305,\"caption\":\"Nuevo Digital de Escobar\"},\"image\":{\"@id\":\"https:\/\/nuevodigitaldeescobar.com.ar\/#\/schema\/logo\/image\/\"},\"sameAs\":[\"https:\/\/www.facebook.com\/NUEVODigitalDeEscobar\",\"https:\/\/x.com\/nuevodigescobar\",\"https:\/\/www.instagram.com\/nuevodigitaldeescobar\"]},{\"@type\":\"Person\",\"@id\":\"https:\/\/nuevodigitaldeescobar.com.ar\/#\/schema\/person\/035e90a8efe9a80e6eec22656ad6ea4c\",\"name\":\"Redacci\u00f3n\",\"image\":{\"@type\":\"ImageObject\",\"inLanguage\":\"es\",\"@id\":\"https:\/\/nuevodigitaldeescobar.com.ar\/#\/schema\/person\/image\/\",\"url\":\"https:\/\/secure.gravatar.com\/avatar\/8af8f40000c24e9eef3034f2be5998a372bb1389e64b1a4a36b3a7979142220d?s=96&d=mm&r=g\",\"contentUrl\":\"https:\/\/secure.gravatar.com\/avatar\/8af8f40000c24e9eef3034f2be5998a372bb1389e64b1a4a36b3a7979142220d?s=96&d=mm&r=g\",\"caption\":\"Redacci\u00f3n\"},\"sameAs\":[\"http:\/\/nuevodigitaldeescobar.com.ar\"],\"url\":\"https:\/\/nuevodigitaldeescobar.com.ar\/?author=1\"}]}<\/script>\n<!-- \/ Yoast SEO plugin. -->","yoast_head_json":{"title":"Escobar conmemor\u00f3 el 44\u00b0 aniversario del hundimiento del ARA General Belgrano - Nuevo Digital de Escobar","description":"Junto a excombatientes, sobrevivientes y familiares, la Municipalidad de Escobar conmemor\u00f3 el 44\u00b0 aniversario del hundimiento del ARA General Belgrano con un acto realizado en la localidad de Gar\u00edn, en homenaje a los ca\u00eddos en la Guerra de Malvinas.","robots":{"index":"index","follow":"follow","max-snippet":"max-snippet:-1","max-image-preview":"max-image-preview:large","max-video-preview":"max-video-preview:-1"},"canonical":"https:\/\/nuevodigitaldeescobar.com.ar\/?p=20873","og_locale":"es_ES","og_type":"article","og_title":"Escobar conmemor\u00f3 el 44\u00b0 aniversario del hundimiento del ARA General Belgrano","og_description":"Junto a excombatientes, sobrevivientes y familiares, la Municipalidad de Escobar conmemor\u00f3 el 44\u00b0 aniversario del hundimiento del ARA General Belgrano con un acto realizado en la localidad de Gar\u00edn, en homenaje a los ca\u00eddos en la Guerra de Malvinas.","og_url":"https:\/\/nuevodigitaldeescobar.com.ar\/?p=20873","og_site_name":"Nuevo Digital de Escobar","article_publisher":"https:\/\/www.facebook.com\/NUEVODigitalDeEscobar","article_published_time":"2026-05-03T13:03:53+00:00","article_modified_time":"2026-05-03T13:12:51+00:00","og_image":[{"width":1600,"height":1066,"url":"http:\/\/nuevodigitaldeescobar.com.ar\/wp-content\/uploads\/2026\/05\/whatsapp_image_2026_05_02_at_11_46_59__1_.jpeg","type":"image\/jpeg"}],"author":"Redacci\u00f3n","twitter_card":"summary_large_image","twitter_creator":"@nuevodigescobar","twitter_site":"@nuevodigescobar","twitter_misc":{"Escrito por":"Redacci\u00f3n","Tiempo de lectura":"2 minutos"},"schema":{"@context":"https:\/\/schema.org","@graph":[{"@type":"Article","@id":"https:\/\/nuevodigitaldeescobar.com.ar\/?p=20873#article","isPartOf":{"@id":"https:\/\/nuevodigitaldeescobar.com.ar\/?p=20873"},"author":{"name":"Redacci\u00f3n","@id":"https:\/\/nuevodigitaldeescobar.com.ar\/#\/schema\/person\/035e90a8efe9a80e6eec22656ad6ea4c"},"headline":"Escobar conmemor\u00f3 el 44\u00b0 aniversario del hundimiento del ARA General Belgrano","datePublished":"2026-05-03T13:03:53+00:00","dateModified":"2026-05-03T13:12:51+00:00","mainEntityOfPage":{"@id":"https:\/\/nuevodigitaldeescobar.com.ar\/?p=20873"},"wordCount":261,"commentCount":0,"publisher":{"@id":"https:\/\/nuevodigitaldeescobar.com.ar\/#organization"},"image":{"@id":"https:\/\/nuevodigitaldeescobar.com.ar\/?p=20873#primaryimage"},"thumbnailUrl":"https:\/\/nuevodigitaldeescobar.com.ar\/wp-content\/uploads\/2026\/05\/whatsapp_image_2026_05_02_at_11_46_59__1_.jpeg","keywords":["ARA General Belgrano","Malvinas"],"articleSection":["Inter\u00e9s general"],"inLanguage":"es","potentialAction":[{"@type":"CommentAction","name":"Comment","target":["https:\/\/nuevodigitaldeescobar.com.ar\/?p=20873#respond"]}]},{"@type":"WebPage","@id":"https:\/\/nuevodigitaldeescobar.com.ar\/?p=20873","url":"https:\/\/nuevodigitaldeescobar.com.ar\/?p=20873","name":"Escobar conmemor\u00f3 el 44\u00b0 aniversario del hundimiento del ARA General Belgrano - Nuevo Digital de Escobar","isPartOf":{"@id":"https:\/\/nuevodigitaldeescobar.com.ar\/#website"},"primaryImageOfPage":{"@id":"https:\/\/nuevodigitaldeescobar.com.ar\/?p=20873#primaryimage"},"image":{"@id":"https:\/\/nuevodigitaldeescobar.com.ar\/?p=20873#primaryimage"},"thumbnailUrl":"https:\/\/nuevodigitaldeescobar.com.ar\/wp-content\/uploads\/2026\/05\/whatsapp_image_2026_05_02_at_11_46_59__1_.jpeg","datePublished":"2026-05-03T13:03:53+00:00","dateModified":"2026-05-03T13:12:51+00:00","description":"Junto a excombatientes, sobrevivientes y familiares, la Municipalidad de Escobar conmemor\u00f3 el 44\u00b0 aniversario del hundimiento del ARA General Belgrano con un acto realizado en la localidad de Gar\u00edn, en homenaje a los ca\u00eddos en la Guerra de Malvinas.","breadcrumb":{"@id":"https:\/\/nuevodigitaldeescobar.com.ar\/?p=20873#breadcrumb"},"inLanguage":"es","potentialAction":[{"@type":"ReadAction","target":["https:\/\/nuevodigitaldeescobar.com.ar\/?p=20873"]}]},{"@type":"ImageObject","inLanguage":"es","@id":"https:\/\/nuevodigitaldeescobar.com.ar\/?p=20873#primaryimage","url":"https:\/\/nuevodigitaldeescobar.com.ar\/wp-content\/uploads\/2026\/05\/whatsapp_image_2026_05_02_at_11_46_59__1_.jpeg","contentUrl":"https:\/\/nuevodigitaldeescobar.com.ar\/wp-content\/uploads\/2026\/05\/whatsapp_image_2026_05_02_at_11_46_59__1_.jpeg","width":1600,"height":1066},{"@type":"BreadcrumbList","@id":"https:\/\/nuevodigitaldeescobar.com.ar\/?p=20873#breadcrumb","itemListElement":[{"@type":"ListItem","position":1,"name":"Portada","item":"https:\/\/nuevodigitaldeescobar.com.ar\/"},{"@type":"ListItem","position":2,"name":"Escobar conmemor\u00f3 el 44\u00b0 aniversario del hundimiento del ARA General Belgrano"}]},{"@type":"WebSite","@id":"https:\/\/nuevodigitaldeescobar.com.ar\/#website","url":"https:\/\/nuevodigitaldeescobar.com.ar\/","name":"Nuevo Digital de Escobar","description":"La vida escobarense. Directora: Rosana Brunner","publisher":{"@id":"https:\/\/nuevodigitaldeescobar.com.ar\/#organization"},"potentialAction":[{"@type":"SearchAction","target":{"@type":"EntryPoint","urlTemplate":"https:\/\/nuevodigitaldeescobar.com.ar\/?s={search_term_string}"},"query-input":{"@type":"PropertyValueSpecification","valueRequired":true,"valueName":"search_term_string"}}],"inLanguage":"es"},{"@type":"Organization","@id":"https:\/\/nuevodigitaldeescobar.com.ar\/#organization","name":"Nuevo Digital de Escobar","url":"https:\/\/nuevodigitaldeescobar.com.ar\/","logo":{"@type":"ImageObject","inLanguage":"es","@id":"https:\/\/nuevodigitaldeescobar.com.ar\/#\/schema\/logo\/image\/","url":"https:\/\/nuevodigitaldeescobar.com.ar\/wp-content\/uploads\/2025\/05\/cropped-logo-nuevo2.jpg","contentUrl":"https:\/\/nuevodigitaldeescobar.com.ar\/wp-content\/uploads\/2025\/05\/cropped-logo-nuevo2.jpg","width":305,"height":305,"caption":"Nuevo Digital de Escobar"},"image":{"@id":"https:\/\/nuevodigitaldeescobar.com.ar\/#\/schema\/logo\/image\/"},"sameAs":["https:\/\/www.facebook.com\/NUEVODigitalDeEscobar","https:\/\/x.com\/nuevodigescobar","https:\/\/www.instagram.com\/nuevodigitaldeescobar"]},{"@type":"Person","@id":"https:\/\/nuevodigitaldeescobar.com.ar\/#\/schema\/person\/035e90a8efe9a80e6eec22656ad6ea4c","name":"Redacci\u00f3n","image":{"@type":"ImageObject","inLanguage":"es","@id":"https:\/\/nuevodigitaldeescobar.com.ar\/#\/schema\/person\/image\/","url":"https:\/\/secure.gravatar.com\/avatar\/8af8f40000c24e9eef3034f2be5998a372bb1389e64b1a4a36b3a7979142220d?s=96&d=mm&r=g","contentUrl":"https:\/\/secure.gravatar.com\/avatar\/8af8f40000c24e9eef3034f2be5998a372bb1389e64b1a4a36b3a7979142220d?s=96&d=mm&r=g","caption":"Redacci\u00f3n"},"sameAs":["http:\/\/nuevodigitaldeescobar.com.ar"],"url":"https:\/\/nuevodigitaldeescobar.com.ar\/?author=1"}]}},"featured_image_urls":{"full":["https:\/\/nuevodigitaldeescobar.com.ar\/wp-content\/uploads\/2026\/05\/whatsapp_image_2026_05_02_at_11_46_59__1_.jpeg",1600,1066,false],"thumbnail":["https:\/\/nuevodigitaldeescobar.com.ar\/wp-content\/uploads\/2026\/05\/whatsapp_image_2026_05_02_at_11_46_59__1_-150x150.jpeg",150,150,true],"medium":["https:\/\/nuevodigitaldeescobar.com.ar\/wp-content\/uploads\/2026\/05\/whatsapp_image_2026_05_02_at_11_46_59__1_-300x200.jpeg",300,200,true],"medium_large":["https:\/\/nuevodigitaldeescobar.com.ar\/wp-content\/uploads\/2026\/05\/whatsapp_image_2026_05_02_at_11_46_59__1_-768x512.jpeg",640,427,true],"large":["https:\/\/nuevodigitaldeescobar.com.ar\/wp-content\/uploads\/2026\/05\/whatsapp_image_2026_05_02_at_11_46_59__1_-1024x682.jpeg",640,426,true],"1536x1536":["https:\/\/nuevodigitaldeescobar.com.ar\/wp-content\/uploads\/2026\/05\/whatsapp_image_2026_05_02_at_11_46_59__1_-1536x1023.jpeg",1536,1023,true],"2048x2048":["https:\/\/nuevodigitaldeescobar.com.ar\/wp-content\/uploads\/2026\/05\/whatsapp_image_2026_05_02_at_11_46_59__1_.jpeg",1600,1066,false]},"author_info":{"display_name":"Redacci\u00f3n","author_link":"https:\/\/nuevodigitaldeescobar.com.ar\/?author=1"},"category_info":"<a href=\"https:\/\/nuevodigitaldeescobar.com.ar\/?cat=7\" rel=\"category\">Inter\u00e9s general<\/a>","tag_info":"Inter\u00e9s general","comment_count":"0","_links":{"self":[{"href":"https:\/\/nuevodigitaldeescobar.com.ar\/index.php?rest_route=\/wp\/v2\/posts\/20873","targetHints":{"allow":["GET"]}}],"collection":[{"href":"https:\/\/nuevodigitaldeescobar.com.ar\/index.php?rest_route=\/wp\/v2\/posts"}],"about":[{"href":"https:\/\/nuevodigitaldeescobar.com.ar\/index.php?rest_route=\/wp\/v2\/types\/post"}],"author":[{"embeddable":true,"href":"https:\/\/nuevodigitaldeescobar.com.ar\/index.php?rest_route=\/wp\/v2\/users\/1"}],"replies":[{"embeddable":true,"href":"https:\/\/nuevodigitaldeescobar.com.ar\/index.php?rest_route=%2Fwp%2Fv2%2Fcomments&post=20873"}],"version-history":[{"count":1,"href":"https:\/\/nuevodigitaldeescobar.com.ar\/index.php?rest_route=\/wp\/v2\/posts\/20873\/revisions"}],"predecessor-version":[{"id":20876,"href":"https:\/\/nuevodigitaldeescobar.com.ar\/index.php?rest_route=\/wp\/v2\/posts\/20873\/revisions\/20876"}],"wp:featuredmedia":[{"embeddable":true,"href":"https:\/\/nuevodigitaldeescobar.com.ar\/index.php?rest_route=\/wp\/v2\/media\/20875"}],"wp:attachment":[{"href":"https:\/\/nuevodigitaldeescobar.com.ar\/index.php?rest_route=%2Fwp%2Fv2%2Fmedia&parent=20873"}],"wp:term":[{"taxonomy":"category","embeddable":true,"href":"https:\/\/nuevodigitaldeescobar.com.ar\/index.php?rest_route=%2Fwp%2Fv2%2Fcategories&post=20873"},{"taxonomy":"post_tag","embeddable":true,"href":"https:\/\/nuevodigitaldeescobar.com.ar\/index.php?rest_route=%2Fwp%2Fv2%2Ftags&post=20873"}],"curies":[{"name":"wp","href":"https:\/\/api.w.org\/{rel}","templated":true}]}}