{"id":2102,"date":"2023-12-26T19:17:50","date_gmt":"2023-12-26T22:17:50","guid":{"rendered":"https:\/\/nuevodigitaldeescobar.com.ar\/?p=2102"},"modified":"2023-12-26T19:18:02","modified_gmt":"2023-12-26T22:18:02","slug":"kicillof-quiere-subir-hasta-300-el-impuesto-inmobiliario-270-las-patentes-y-aumentar-fuerte-el-endeudamiento","status":"publish","type":"post","link":"https:\/\/nuevodigitaldeescobar.com.ar\/?p=2102","title":{"rendered":"Kicillof quiere subir hasta 300% el impuesto inmobiliario, 270% las patentes, y aumentar fuerte el endeudamiento"},"content":{"rendered":"<p><span style=\"color: #003366;\"><strong><em>El gobernador bonaerense hilvan\u00f3 un proyecto de Ley Impositiva que prev\u00e9 una ca\u00edda real de las transferencias de la Naci\u00f3n, ahora que gobierna Javier Milei.<\/em><\/strong><\/span><\/p>\n<p><!--more--><\/p>\n<hr \/>\n<p>El gobernador bonaerense, Axel Kicillof, le propuso a la Legislatura subir hasta un 300% el impuesto inmobiliario y 270% las patentes, mientras busca aumentar los niveles de endeudamiento hasta los 1.800 millones de d\u00f3lares, seg\u00fan el proyecto de Ley Impositiva 2024 que se tratar\u00eda este jueves.<\/p>\n<p>El paquete de ajuste de las cuentas combina suba de impuestos por inflaci\u00f3n, m\u00e1s presi\u00f3n impositiva para el campo y un endeudamiento millonario. El gobernador kirchnerista se suma as\u00ed con su propio ajuste a los recortes que ya hab\u00edan anunciado sus colegas del interior semanas atr\u00e1s.<\/p>\n<p>En la \u00faltima semana del a\u00f1o, las c\u00e1maras del parlamento provincial est\u00e1n convocadas para sesionar el 28 de diciembre. El gobierno provincial deber\u00e1 pulsear con una oposici\u00f3n atomizada \u2013los libertarios tienen varios bloques en diputados y JxC no arm\u00f3 bancada unificada\u2013 para conseguir los votos y aprobar este paquete de aumentos en los grav\u00e1menes que administra la Agencia de Recaudaci\u00f3n de Buenos Aires (ARBA).<\/p>\n<p>La propuesta ingres\u00f3 antes del fin de semana largo de Navidad y busca obtener recursos para equiparar la casi segura suspensi\u00f3n de los aportes que la Naci\u00f3n giraba todos los a\u00f1os a Buenos Aires.<\/p>\n<p>En 2023, Kicillof habr\u00eda recibido m\u00e1s de 623.000 millones de pesos de Naci\u00f3n, m\u00e1s de la mitad de lo que se reparti\u00f3 al resto de las jurisdicciones, a partir de su buena sinton\u00eda con el presidente Alberto Fern\u00e1ndez.<\/p>\n<p>El gobernador tiene decidido prorrogar el presupuesto de 2023, porque <em>\u00abno hay precisiones o proyecciones por parte de Naci\u00f3n, que tampoco envi\u00f3 la ley al Congreso\u00bb<\/em>, indicaron en el Ministerio de Hacienda provincial.<\/p>\n<p>Seg\u00fan el art\u00edculo 139 de la Ley Impositiva, los due\u00f1os de tierras con valuaci\u00f3n fiscal superior a 39 millones de pesos tendr\u00e1n que pagar una cuota m\u00e1s del inmobiliario rural. Ese impuesto se liquida en cuatro cuotas. El adicional ser\u00e1n sobre fines de 2024, explicaron.<\/p>\n<p><em>\u201cSe busca continuar con la premisa de dotar de mayor progresividad a la estructura tributaria, haciendo hincapi\u00e9 en la solidaridad de los sectores con mayor capacidad contributiva, y atendiendo la realidad de las pymes\u00bb<\/em>, as\u00ed explican en las oficinas de la Gobernaci\u00f3n la mayor presi\u00f3n al sector rural.<\/p>\n<p>El proyecto incluye un pedido de autorizaci\u00f3n para modificar el valor de los impuestos provinciales seg\u00fan los \u00edndices inflacionarios, ante la certeza de una escalada de los precios de la econom\u00eda dom\u00e9stica.<\/p>\n<p>Ser\u00e1 para las partidas del inmobiliario urbano y para el impuesto a los automotores (Patentes). Tambi\u00e9n se eliminar\u00eda la posibilidad de cancelar todo en una sola cuota, como rige hasta ahora, con un beneficio por pago anticipado.<\/p>\n<p>Seg\u00fan el gobierno bonaerense, el Impuesto Inmobiliario establece topes progresivos de aumentos respecto del a\u00f1o anterior, los cuales son ascendentes a mayor patrimonio: el 90% de los contribuyentes tendr\u00e1 subas de hasta 200%. Y el 10% restante del orden del 300%.<\/p>\n<p>Las Patentes vendr\u00e1n con un incremento promedio del 145% para los veh\u00edculos modelos 2013 a 2024, de acuerdo con los valores que fija la Direcci\u00f3n Nacional de Registro de la Propiedad Automotor. El tope m\u00e1ximo para el incremento es del 270% para los autos de gama m\u00e1s alta.<\/p>\n<p>El gobernador le pedir\u00e1 a la Legislatura el equivalente a 1.800 millones de d\u00f3lares. Es, dicen en el oficialismo, para afrontar vencimientos de deuda en 2024, incluyendo pagos en moneda extranjera derivados de la reestructuraci\u00f3n de la deuda heredada de la gesti\u00f3n anterior.<\/p>\n<p>En la oposici\u00f3n, Juntos por el Cambio ya cuestiona la iniciativa, con el argumento de que el presupuesto prorrogado ser\u00e1 de 6,9 billones de pesos y Kicillof est\u00e1 pidiendo casi 3 billones de deuda. Explican que, a los 1.800 millones de endeudamiento, hay que sumarle otros 800 millones que se pedir\u00e1n a organismos multilaterales. <em>\u00abEst\u00e1 pidiendo casi 15 veces m\u00e1s que el a\u00f1o pasado\u201d<\/em>, dicen en el bloque de senadores de JxC.<\/p>\n<p>Igual, los principales bloques opositores anticiparon que dar\u00e1n el visto bueno a la iniciativa, aunque esperan poder atenuar la suba de impuestos.<\/p>\n<p><em>(NA)<\/em><\/p>\n","protected":false},"excerpt":{"rendered":"<p>El gobernador bonaerense hilvan\u00f3 un proyecto de Ley Impositiva que prev\u00e9 una ca\u00edda real de las transferencias de la Naci\u00f3n, ahora que gobierna Javier Milei.<\/p>\n","protected":false},"author":1,"featured_media":2103,"comment_status":"open","ping_status":"closed","sticky":false,"template":"","format":"standard","meta":{"footnotes":""},"categories":[10,6],"tags":[],"class_list":["post-2102","post","type-post","status-publish","format-standard","has-post-thumbnail","hentry","category-economia","category-politica"],"better_featured_image":{"id":2103,"alt_text":"","caption":"","description":"","media_type":"image","media_details":{"width":720,"height":480,"file":"2023\/12\/kicillof-2-e1703629065573.jpg","filesize":98988,"sizes":{"medium":{"file":"kicillof-2-300x200.jpg","width":300,"height":200,"mime-type":"image\/jpeg","filesize":11639,"source_url":"https:\/\/nuevodigitaldeescobar.com.ar\/wp-content\/uploads\/2023\/12\/kicillof-2-300x200.jpg"},"large":{"file":"kicillof-2-1024x683.jpg","width":1024,"height":683,"mime-type":"image\/jpeg","filesize":64644,"source_url":"https:\/\/nuevodigitaldeescobar.com.ar\/wp-content\/uploads\/2023\/12\/kicillof-2-1024x683.jpg"},"thumbnail":{"file":"kicillof-2-150x150.jpg","width":150,"height":150,"mime-type":"image\/jpeg","filesize":5652,"source_url":"https:\/\/nuevodigitaldeescobar.com.ar\/wp-content\/uploads\/2023\/12\/kicillof-2-150x150.jpg"},"medium_large":{"file":"kicillof-2-768x512.jpg","width":768,"height":512,"mime-type":"image\/jpeg","filesize":42532,"source_url":"https:\/\/nuevodigitaldeescobar.com.ar\/wp-content\/uploads\/2023\/12\/kicillof-2-768x512.jpg"},"covernews-slider-full":{"file":"kicillof-2-1080x715.jpg","width":1080,"height":715,"mime-type":"image\/jpeg","filesize":72223,"source_url":"https:\/\/nuevodigitaldeescobar.com.ar\/wp-content\/uploads\/2023\/12\/kicillof-2-1080x715.jpg"},"covernews-slider-center":{"file":"kicillof-2-800x500.jpg","width":800,"height":500,"mime-type":"image\/jpeg","filesize":43348,"source_url":"https:\/\/nuevodigitaldeescobar.com.ar\/wp-content\/uploads\/2023\/12\/kicillof-2-800x500.jpg"},"covernews-featured":{"file":"kicillof-2-1024x683.jpg","width":1024,"height":683,"mime-type":"image\/jpeg","filesize":64644,"source_url":"https:\/\/nuevodigitaldeescobar.com.ar\/wp-content\/uploads\/2023\/12\/kicillof-2-1024x683.jpg"},"covernews-medium":{"file":"kicillof-2-540x340.jpg","width":540,"height":340,"mime-type":"image\/jpeg","filesize":24897,"source_url":"https:\/\/nuevodigitaldeescobar.com.ar\/wp-content\/uploads\/2023\/12\/kicillof-2-540x340.jpg"},"covernews-medium-square":{"file":"kicillof-2-400x250.jpg","width":400,"height":250,"mime-type":"image\/jpeg","filesize":16368,"source_url":"https:\/\/nuevodigitaldeescobar.com.ar\/wp-content\/uploads\/2023\/12\/kicillof-2-400x250.jpg"}},"image_meta":{"aperture":"0","credit":"","camera":"","caption":"","created_timestamp":"0","copyright":"","focal_length":"0","iso":"0","shutter_speed":"0","title":"","orientation":"0","keywords":[]}},"post":2102,"source_url":"https:\/\/nuevodigitaldeescobar.com.ar\/wp-content\/uploads\/2023\/12\/kicillof-2-e1703629065573.jpg"},"yoast_head":"<!-- This site is optimized with the Yoast SEO plugin v26.1.1 - https:\/\/yoast.com\/wordpress\/plugins\/seo\/ -->\n<title>Kicillof quiere subir hasta 300% el impuesto inmobiliario, 270% las patentes, y aumentar fuerte el endeudamiento - Nuevo Digital de Escobar<\/title>\n<meta name=\"robots\" content=\"index, follow, max-snippet:-1, max-image-preview:large, max-video-preview:-1\" \/>\n<link rel=\"canonical\" href=\"https:\/\/nuevodigitaldeescobar.com.ar\/?p=2102\" \/>\n<meta property=\"og:locale\" content=\"es_ES\" \/>\n<meta property=\"og:type\" content=\"article\" \/>\n<meta property=\"og:title\" content=\"Kicillof quiere subir hasta 300% el impuesto inmobiliario, 270% las patentes, y aumentar fuerte el endeudamiento - Nuevo Digital de Escobar\" \/>\n<meta property=\"og:description\" content=\"El gobernador bonaerense hilvan\u00f3 un proyecto de Ley Impositiva que prev\u00e9 una ca\u00edda real de las transferencias de la Naci\u00f3n, ahora que gobierna Javier Milei.\" \/>\n<meta property=\"og:url\" content=\"https:\/\/nuevodigitaldeescobar.com.ar\/?p=2102\" \/>\n<meta property=\"og:site_name\" content=\"Nuevo Digital de Escobar\" \/>\n<meta property=\"article:publisher\" content=\"https:\/\/www.facebook.com\/NUEVODigitalDeEscobar\" \/>\n<meta property=\"article:published_time\" content=\"2023-12-26T22:17:50+00:00\" \/>\n<meta property=\"article:modified_time\" content=\"2023-12-26T22:18:02+00:00\" \/>\n<meta property=\"og:image\" content=\"https:\/\/nuevodigitaldeescobar.com.ar\/wp-content\/uploads\/2023\/12\/kicillof-2-e1703629065573.jpg\" \/>\n\t<meta property=\"og:image:width\" content=\"720\" \/>\n\t<meta property=\"og:image:height\" content=\"480\" \/>\n\t<meta property=\"og:image:type\" content=\"image\/jpeg\" \/>\n<meta name=\"author\" content=\"Redacci\u00f3n\" \/>\n<meta name=\"twitter:card\" content=\"summary_large_image\" \/>\n<meta name=\"twitter:creator\" content=\"@nuevodigescobar\" \/>\n<meta name=\"twitter:site\" content=\"@nuevodigescobar\" \/>\n<meta name=\"twitter:label1\" content=\"Escrito por\" \/>\n\t<meta name=\"twitter:data1\" content=\"Redacci\u00f3n\" \/>\n\t<meta name=\"twitter:label2\" content=\"Tiempo de lectura\" \/>\n\t<meta name=\"twitter:data2\" content=\"4 minutos\" \/>\n<script type=\"application\/ld+json\" class=\"yoast-schema-graph\">{\"@context\":\"https:\/\/schema.org\",\"@graph\":[{\"@type\":\"Article\",\"@id\":\"https:\/\/nuevodigitaldeescobar.com.ar\/?p=2102#article\",\"isPartOf\":{\"@id\":\"https:\/\/nuevodigitaldeescobar.com.ar\/?p=2102\"},\"author\":{\"name\":\"Redacci\u00f3n\",\"@id\":\"https:\/\/nuevodigitaldeescobar.com.ar\/#\/schema\/person\/035e90a8efe9a80e6eec22656ad6ea4c\"},\"headline\":\"Kicillof quiere subir hasta 300% el impuesto inmobiliario, 270% las patentes, y aumentar fuerte el endeudamiento\",\"datePublished\":\"2023-12-26T22:17:50+00:00\",\"dateModified\":\"2023-12-26T22:18:02+00:00\",\"mainEntityOfPage\":{\"@id\":\"https:\/\/nuevodigitaldeescobar.com.ar\/?p=2102\"},\"wordCount\":719,\"commentCount\":0,\"publisher\":{\"@id\":\"https:\/\/nuevodigitaldeescobar.com.ar\/#organization\"},\"image\":{\"@id\":\"https:\/\/nuevodigitaldeescobar.com.ar\/?p=2102#primaryimage\"},\"thumbnailUrl\":\"https:\/\/nuevodigitaldeescobar.com.ar\/wp-content\/uploads\/2023\/12\/kicillof-2-e1703629065573.jpg\",\"articleSection\":[\"Econom\u00eda\",\"Pol\u00edtica\"],\"inLanguage\":\"es\",\"potentialAction\":[{\"@type\":\"CommentAction\",\"name\":\"Comment\",\"target\":[\"https:\/\/nuevodigitaldeescobar.com.ar\/?p=2102#respond\"]}]},{\"@type\":\"WebPage\",\"@id\":\"https:\/\/nuevodigitaldeescobar.com.ar\/?p=2102\",\"url\":\"https:\/\/nuevodigitaldeescobar.com.ar\/?p=2102\",\"name\":\"Kicillof quiere subir hasta 300% el impuesto inmobiliario, 270% las patentes, y aumentar fuerte el endeudamiento - Nuevo Digital de Escobar\",\"isPartOf\":{\"@id\":\"https:\/\/nuevodigitaldeescobar.com.ar\/#website\"},\"primaryImageOfPage\":{\"@id\":\"https:\/\/nuevodigitaldeescobar.com.ar\/?p=2102#primaryimage\"},\"image\":{\"@id\":\"https:\/\/nuevodigitaldeescobar.com.ar\/?p=2102#primaryimage\"},\"thumbnailUrl\":\"https:\/\/nuevodigitaldeescobar.com.ar\/wp-content\/uploads\/2023\/12\/kicillof-2-e1703629065573.jpg\",\"datePublished\":\"2023-12-26T22:17:50+00:00\",\"dateModified\":\"2023-12-26T22:18:02+00:00\",\"breadcrumb\":{\"@id\":\"https:\/\/nuevodigitaldeescobar.com.ar\/?p=2102#breadcrumb\"},\"inLanguage\":\"es\",\"potentialAction\":[{\"@type\":\"ReadAction\",\"target\":[\"https:\/\/nuevodigitaldeescobar.com.ar\/?p=2102\"]}]},{\"@type\":\"ImageObject\",\"inLanguage\":\"es\",\"@id\":\"https:\/\/nuevodigitaldeescobar.com.ar\/?p=2102#primaryimage\",\"url\":\"https:\/\/nuevodigitaldeescobar.com.ar\/wp-content\/uploads\/2023\/12\/kicillof-2-e1703629065573.jpg\",\"contentUrl\":\"https:\/\/nuevodigitaldeescobar.com.ar\/wp-content\/uploads\/2023\/12\/kicillof-2-e1703629065573.jpg\",\"width\":720,\"height\":480},{\"@type\":\"BreadcrumbList\",\"@id\":\"https:\/\/nuevodigitaldeescobar.com.ar\/?p=2102#breadcrumb\",\"itemListElement\":[{\"@type\":\"ListItem\",\"position\":1,\"name\":\"Portada\",\"item\":\"https:\/\/nuevodigitaldeescobar.com.ar\/\"},{\"@type\":\"ListItem\",\"position\":2,\"name\":\"Kicillof quiere subir hasta 300% el impuesto inmobiliario, 270% las patentes, y aumentar fuerte el endeudamiento\"}]},{\"@type\":\"WebSite\",\"@id\":\"https:\/\/nuevodigitaldeescobar.com.ar\/#website\",\"url\":\"https:\/\/nuevodigitaldeescobar.com.ar\/\",\"name\":\"Nuevo Digital de Escobar\",\"description\":\"La vida escobarense. Directora: Rosana Brunner\",\"publisher\":{\"@id\":\"https:\/\/nuevodigitaldeescobar.com.ar\/#organization\"},\"potentialAction\":[{\"@type\":\"SearchAction\",\"target\":{\"@type\":\"EntryPoint\",\"urlTemplate\":\"https:\/\/nuevodigitaldeescobar.com.ar\/?s={search_term_string}\"},\"query-input\":{\"@type\":\"PropertyValueSpecification\",\"valueRequired\":true,\"valueName\":\"search_term_string\"}}],\"inLanguage\":\"es\"},{\"@type\":\"Organization\",\"@id\":\"https:\/\/nuevodigitaldeescobar.com.ar\/#organization\",\"name\":\"Nuevo Digital de Escobar\",\"url\":\"https:\/\/nuevodigitaldeescobar.com.ar\/\",\"logo\":{\"@type\":\"ImageObject\",\"inLanguage\":\"es\",\"@id\":\"https:\/\/nuevodigitaldeescobar.com.ar\/#\/schema\/logo\/image\/\",\"url\":\"https:\/\/nuevodigitaldeescobar.com.ar\/wp-content\/uploads\/2025\/05\/cropped-logo-nuevo2.jpg\",\"contentUrl\":\"https:\/\/nuevodigitaldeescobar.com.ar\/wp-content\/uploads\/2025\/05\/cropped-logo-nuevo2.jpg\",\"width\":305,\"height\":305,\"caption\":\"Nuevo Digital de Escobar\"},\"image\":{\"@id\":\"https:\/\/nuevodigitaldeescobar.com.ar\/#\/schema\/logo\/image\/\"},\"sameAs\":[\"https:\/\/www.facebook.com\/NUEVODigitalDeEscobar\",\"https:\/\/x.com\/nuevodigescobar\",\"https:\/\/www.instagram.com\/nuevodigitaldeescobar\"]},{\"@type\":\"Person\",\"@id\":\"https:\/\/nuevodigitaldeescobar.com.ar\/#\/schema\/person\/035e90a8efe9a80e6eec22656ad6ea4c\",\"name\":\"Redacci\u00f3n\",\"image\":{\"@type\":\"ImageObject\",\"inLanguage\":\"es\",\"@id\":\"https:\/\/nuevodigitaldeescobar.com.ar\/#\/schema\/person\/image\/\",\"url\":\"https:\/\/secure.gravatar.com\/avatar\/8af8f40000c24e9eef3034f2be5998a372bb1389e64b1a4a36b3a7979142220d?s=96&d=mm&r=g\",\"contentUrl\":\"https:\/\/secure.gravatar.com\/avatar\/8af8f40000c24e9eef3034f2be5998a372bb1389e64b1a4a36b3a7979142220d?s=96&d=mm&r=g\",\"caption\":\"Redacci\u00f3n\"},\"sameAs\":[\"http:\/\/nuevodigitaldeescobar.com.ar\"],\"url\":\"https:\/\/nuevodigitaldeescobar.com.ar\/?author=1\"}]}<\/script>\n<!-- \/ Yoast SEO plugin. -->","yoast_head_json":{"title":"Kicillof quiere subir hasta 300% el impuesto inmobiliario, 270% las patentes, y aumentar fuerte el endeudamiento - Nuevo Digital de Escobar","robots":{"index":"index","follow":"follow","max-snippet":"max-snippet:-1","max-image-preview":"max-image-preview:large","max-video-preview":"max-video-preview:-1"},"canonical":"https:\/\/nuevodigitaldeescobar.com.ar\/?p=2102","og_locale":"es_ES","og_type":"article","og_title":"Kicillof quiere subir hasta 300% el impuesto inmobiliario, 270% las patentes, y aumentar fuerte el endeudamiento - Nuevo Digital de Escobar","og_description":"El gobernador bonaerense hilvan\u00f3 un proyecto de Ley Impositiva que prev\u00e9 una ca\u00edda real de las transferencias de la Naci\u00f3n, ahora que gobierna Javier Milei.","og_url":"https:\/\/nuevodigitaldeescobar.com.ar\/?p=2102","og_site_name":"Nuevo Digital de Escobar","article_publisher":"https:\/\/www.facebook.com\/NUEVODigitalDeEscobar","article_published_time":"2023-12-26T22:17:50+00:00","article_modified_time":"2023-12-26T22:18:02+00:00","og_image":[{"width":720,"height":480,"url":"https:\/\/nuevodigitaldeescobar.com.ar\/wp-content\/uploads\/2023\/12\/kicillof-2-e1703629065573.jpg","type":"image\/jpeg"}],"author":"Redacci\u00f3n","twitter_card":"summary_large_image","twitter_creator":"@nuevodigescobar","twitter_site":"@nuevodigescobar","twitter_misc":{"Escrito por":"Redacci\u00f3n","Tiempo de lectura":"4 minutos"},"schema":{"@context":"https:\/\/schema.org","@graph":[{"@type":"Article","@id":"https:\/\/nuevodigitaldeescobar.com.ar\/?p=2102#article","isPartOf":{"@id":"https:\/\/nuevodigitaldeescobar.com.ar\/?p=2102"},"author":{"name":"Redacci\u00f3n","@id":"https:\/\/nuevodigitaldeescobar.com.ar\/#\/schema\/person\/035e90a8efe9a80e6eec22656ad6ea4c"},"headline":"Kicillof quiere subir hasta 300% el impuesto inmobiliario, 270% las patentes, y aumentar fuerte el endeudamiento","datePublished":"2023-12-26T22:17:50+00:00","dateModified":"2023-12-26T22:18:02+00:00","mainEntityOfPage":{"@id":"https:\/\/nuevodigitaldeescobar.com.ar\/?p=2102"},"wordCount":719,"commentCount":0,"publisher":{"@id":"https:\/\/nuevodigitaldeescobar.com.ar\/#organization"},"image":{"@id":"https:\/\/nuevodigitaldeescobar.com.ar\/?p=2102#primaryimage"},"thumbnailUrl":"https:\/\/nuevodigitaldeescobar.com.ar\/wp-content\/uploads\/2023\/12\/kicillof-2-e1703629065573.jpg","articleSection":["Econom\u00eda","Pol\u00edtica"],"inLanguage":"es","potentialAction":[{"@type":"CommentAction","name":"Comment","target":["https:\/\/nuevodigitaldeescobar.com.ar\/?p=2102#respond"]}]},{"@type":"WebPage","@id":"https:\/\/nuevodigitaldeescobar.com.ar\/?p=2102","url":"https:\/\/nuevodigitaldeescobar.com.ar\/?p=2102","name":"Kicillof quiere subir hasta 300% el impuesto inmobiliario, 270% las patentes, y aumentar fuerte el endeudamiento - Nuevo Digital de Escobar","isPartOf":{"@id":"https:\/\/nuevodigitaldeescobar.com.ar\/#website"},"primaryImageOfPage":{"@id":"https:\/\/nuevodigitaldeescobar.com.ar\/?p=2102#primaryimage"},"image":{"@id":"https:\/\/nuevodigitaldeescobar.com.ar\/?p=2102#primaryimage"},"thumbnailUrl":"https:\/\/nuevodigitaldeescobar.com.ar\/wp-content\/uploads\/2023\/12\/kicillof-2-e1703629065573.jpg","datePublished":"2023-12-26T22:17:50+00:00","dateModified":"2023-12-26T22:18:02+00:00","breadcrumb":{"@id":"https:\/\/nuevodigitaldeescobar.com.ar\/?p=2102#breadcrumb"},"inLanguage":"es","potentialAction":[{"@type":"ReadAction","target":["https:\/\/nuevodigitaldeescobar.com.ar\/?p=2102"]}]},{"@type":"ImageObject","inLanguage":"es","@id":"https:\/\/nuevodigitaldeescobar.com.ar\/?p=2102#primaryimage","url":"https:\/\/nuevodigitaldeescobar.com.ar\/wp-content\/uploads\/2023\/12\/kicillof-2-e1703629065573.jpg","contentUrl":"https:\/\/nuevodigitaldeescobar.com.ar\/wp-content\/uploads\/2023\/12\/kicillof-2-e1703629065573.jpg","width":720,"height":480},{"@type":"BreadcrumbList","@id":"https:\/\/nuevodigitaldeescobar.com.ar\/?p=2102#breadcrumb","itemListElement":[{"@type":"ListItem","position":1,"name":"Portada","item":"https:\/\/nuevodigitaldeescobar.com.ar\/"},{"@type":"ListItem","position":2,"name":"Kicillof quiere subir hasta 300% el impuesto inmobiliario, 270% las patentes, y aumentar fuerte el endeudamiento"}]},{"@type":"WebSite","@id":"https:\/\/nuevodigitaldeescobar.com.ar\/#website","url":"https:\/\/nuevodigitaldeescobar.com.ar\/","name":"Nuevo Digital de Escobar","description":"La vida escobarense. Directora: Rosana Brunner","publisher":{"@id":"https:\/\/nuevodigitaldeescobar.com.ar\/#organization"},"potentialAction":[{"@type":"SearchAction","target":{"@type":"EntryPoint","urlTemplate":"https:\/\/nuevodigitaldeescobar.com.ar\/?s={search_term_string}"},"query-input":{"@type":"PropertyValueSpecification","valueRequired":true,"valueName":"search_term_string"}}],"inLanguage":"es"},{"@type":"Organization","@id":"https:\/\/nuevodigitaldeescobar.com.ar\/#organization","name":"Nuevo Digital de Escobar","url":"https:\/\/nuevodigitaldeescobar.com.ar\/","logo":{"@type":"ImageObject","inLanguage":"es","@id":"https:\/\/nuevodigitaldeescobar.com.ar\/#\/schema\/logo\/image\/","url":"https:\/\/nuevodigitaldeescobar.com.ar\/wp-content\/uploads\/2025\/05\/cropped-logo-nuevo2.jpg","contentUrl":"https:\/\/nuevodigitaldeescobar.com.ar\/wp-content\/uploads\/2025\/05\/cropped-logo-nuevo2.jpg","width":305,"height":305,"caption":"Nuevo Digital de Escobar"},"image":{"@id":"https:\/\/nuevodigitaldeescobar.com.ar\/#\/schema\/logo\/image\/"},"sameAs":["https:\/\/www.facebook.com\/NUEVODigitalDeEscobar","https:\/\/x.com\/nuevodigescobar","https:\/\/www.instagram.com\/nuevodigitaldeescobar"]},{"@type":"Person","@id":"https:\/\/nuevodigitaldeescobar.com.ar\/#\/schema\/person\/035e90a8efe9a80e6eec22656ad6ea4c","name":"Redacci\u00f3n","image":{"@type":"ImageObject","inLanguage":"es","@id":"https:\/\/nuevodigitaldeescobar.com.ar\/#\/schema\/person\/image\/","url":"https:\/\/secure.gravatar.com\/avatar\/8af8f40000c24e9eef3034f2be5998a372bb1389e64b1a4a36b3a7979142220d?s=96&d=mm&r=g","contentUrl":"https:\/\/secure.gravatar.com\/avatar\/8af8f40000c24e9eef3034f2be5998a372bb1389e64b1a4a36b3a7979142220d?s=96&d=mm&r=g","caption":"Redacci\u00f3n"},"sameAs":["http:\/\/nuevodigitaldeescobar.com.ar"],"url":"https:\/\/nuevodigitaldeescobar.com.ar\/?author=1"}]}},"featured_image_urls":{"full":["https:\/\/nuevodigitaldeescobar.com.ar\/wp-content\/uploads\/2023\/12\/kicillof-2-e1703629065573.jpg",720,480,false],"thumbnail":["https:\/\/nuevodigitaldeescobar.com.ar\/wp-content\/uploads\/2023\/12\/kicillof-2-150x150.jpg",150,150,true],"medium":["https:\/\/nuevodigitaldeescobar.com.ar\/wp-content\/uploads\/2023\/12\/kicillof-2-300x200.jpg",300,200,true],"medium_large":["https:\/\/nuevodigitaldeescobar.com.ar\/wp-content\/uploads\/2023\/12\/kicillof-2-768x512.jpg",640,427,true],"large":["https:\/\/nuevodigitaldeescobar.com.ar\/wp-content\/uploads\/2023\/12\/kicillof-2-1024x683.jpg",640,427,true],"1536x1536":["https:\/\/nuevodigitaldeescobar.com.ar\/wp-content\/uploads\/2023\/12\/kicillof-2-e1703629065573.jpg",720,480,false],"2048x2048":["https:\/\/nuevodigitaldeescobar.com.ar\/wp-content\/uploads\/2023\/12\/kicillof-2-e1703629065573.jpg",720,480,false]},"author_info":{"display_name":"Redacci\u00f3n","author_link":"https:\/\/nuevodigitaldeescobar.com.ar\/?author=1"},"category_info":"<a href=\"https:\/\/nuevodigitaldeescobar.com.ar\/?cat=10\" rel=\"category\">Econom\u00eda<\/a> <a href=\"https:\/\/nuevodigitaldeescobar.com.ar\/?cat=6\" rel=\"category\">Pol\u00edtica<\/a>","tag_info":"Pol\u00edtica","comment_count":"0","_links":{"self":[{"href":"https:\/\/nuevodigitaldeescobar.com.ar\/index.php?rest_route=\/wp\/v2\/posts\/2102","targetHints":{"allow":["GET"]}}],"collection":[{"href":"https:\/\/nuevodigitaldeescobar.com.ar\/index.php?rest_route=\/wp\/v2\/posts"}],"about":[{"href":"https:\/\/nuevodigitaldeescobar.com.ar\/index.php?rest_route=\/wp\/v2\/types\/post"}],"author":[{"embeddable":true,"href":"https:\/\/nuevodigitaldeescobar.com.ar\/index.php?rest_route=\/wp\/v2\/users\/1"}],"replies":[{"embeddable":true,"href":"https:\/\/nuevodigitaldeescobar.com.ar\/index.php?rest_route=%2Fwp%2Fv2%2Fcomments&post=2102"}],"version-history":[{"count":1,"href":"https:\/\/nuevodigitaldeescobar.com.ar\/index.php?rest_route=\/wp\/v2\/posts\/2102\/revisions"}],"predecessor-version":[{"id":2104,"href":"https:\/\/nuevodigitaldeescobar.com.ar\/index.php?rest_route=\/wp\/v2\/posts\/2102\/revisions\/2104"}],"wp:featuredmedia":[{"embeddable":true,"href":"https:\/\/nuevodigitaldeescobar.com.ar\/index.php?rest_route=\/wp\/v2\/media\/2103"}],"wp:attachment":[{"href":"https:\/\/nuevodigitaldeescobar.com.ar\/index.php?rest_route=%2Fwp%2Fv2%2Fmedia&parent=2102"}],"wp:term":[{"taxonomy":"category","embeddable":true,"href":"https:\/\/nuevodigitaldeescobar.com.ar\/index.php?rest_route=%2Fwp%2Fv2%2Fcategories&post=2102"},{"taxonomy":"post_tag","embeddable":true,"href":"https:\/\/nuevodigitaldeescobar.com.ar\/index.php?rest_route=%2Fwp%2Fv2%2Ftags&post=2102"}],"curies":[{"name":"wp","href":"https:\/\/api.w.org\/{rel}","templated":true}]}}