{"id":211,"date":"2023-10-18T22:40:00","date_gmt":"2023-10-18T20:40:00","guid":{"rendered":"https:\/\/nuevodigitaldeescobar.com.ar\/?p=211"},"modified":"2023-10-19T00:19:47","modified_gmt":"2023-10-18T22:19:47","slug":"devolucion-del-iva-donde-reclamar-si-no-me-hicieron-el-reintegro","status":"publish","type":"post","link":"https:\/\/nuevodigitaldeescobar.com.ar\/?p=211","title":{"rendered":"Devoluci\u00f3n del IVA: d\u00f3nde reclamar si no me hicieron el reintegro"},"content":{"rendered":"<p><span style=\"color: #ff6600;\"><strong><em>Se multiplican las quejas de los que no logran hacerse del reintegro del programa del \u00abCompre sin IVA\u00bb. Pero hay pasos que se deben hacer previo a quejarse, como <a style=\"color: #ff6600;\" href=\"https:\/\/www.afip.gob.ar\/reintegro\/compre-sin-iva\/\">verificar que uno est\u00e9 habilitado<\/a>, efectivamente, para recibir la devoluci\u00f3n del 21% por las compras con tarjeta de d\u00e9bito (con tope de devoluci\u00f3n de $ 18.800). Tambi\u00e9n hay que <a style=\"color: #ff6600;\" href=\"https:\/\/auth.afip.gob.ar\/contribuyente_\/login.xhtml?action=SYSTEM&amp;system=registracbu\">chequear tener registrada una CBU en la AFIP<\/a> y haber tildado la opci\u00f3n \u00abreintegro del IVA\u00bb.<\/em><\/strong><\/span><\/p>\n<p><!--more--><\/p>\n<p>Hay que tener en cuenta que aun habiendo sido aprobado para recuperar ese 21% en compras hechas en supermercados, farmacias y otras entidades nomencladas dentro del universo de productos de la canasta b\u00e1sica (aunque la devoluci\u00f3n sea por el total del ticket), el beneficiario debe s\u00ed o s\u00ed chequear si tiene una CBU asociada en AFIP.<\/p>\n<p>Semanas atr\u00e1s, desde AFIP aclararon que a partir de este mes se har\u00e1n m\u00e1s cruces entre ANSeS, AFIP y las tarjetas, para achicar la cantidad de errores que pueden dejar a los usuarios sin reintegro.<\/p>\n<p>Para recibir la devoluci\u00f3n hay que tener en cuenta, por ejemplo, que los salarios brutos no pueden superar los $708.000 por mes, que la persona para estar habilitada no debe estar obligada a tributar el impuesto sobre los bienes personales (siempre que dicha obligaci\u00f3n no surja exclusivamente de la tenencia de un inmueble para vivienda \u00fanica).<\/p>\n<p>Aquellas personas que no vean reflejado el reintegro en su cuenta bancaria, y habiendo chequeado que tienen una Clave Bancaria \u00danica asociada, pueden hacer el reclamo en la p\u00e1gina web de la Agencia Federal de Ingresos P\u00fablicos (AFIP) o a trav\u00e9s de una l\u00ednea telef\u00f3nica.<\/p>\n<p>El tr\u00e1mite de reclamo se hace completando el formulario del <a href=\"https:\/\/servicioscf.afip.gob.ar\/publico\/crmdef\/NuevaPresentacion.aspx\">Programa de Asistencia al Usuario<\/a> en la p\u00e1gina oficial del organismo que dirige Carlos Castagneto.<\/p>\n<h4><strong>Para iniciar el reclamo en la web:<\/strong><\/h4>\n<ul>\n<li>Ingresar a la web de AFIP con Clave Fiscal y CUIT\/CUIL.<\/li>\n<li>En la secci\u00f3n Reclamos y Sugerencias hacer click en el <em>\u201cPrograma de Asistencia al Ciudadano\u201d<\/em>.<\/li>\n<li>Completar el formulario con datos personales, n\u00famero de tel\u00e9fono y mail.<\/li>\n<li>Detallar los motivos del reclamo, en este caso, la no devoluci\u00f3n del IVA.<\/li>\n<\/ul>\n<h4><strong>El solicitante deber\u00e1 ingresar:<\/strong><\/h4>\n<ul>\n<li>Nombre y apellido.<\/li>\n<li>Raz\u00f3n social.<\/li>\n<li>CUIT, CUIL o n\u00famero de documento.<\/li>\n<li>N\u00famero de tel\u00e9fono y direcci\u00f3n del correo electr\u00f3nico.<\/li>\n<li>Detalle de la presentaci\u00f3n.<\/li>\n<\/ul>\n<p>O comunicarse al 0800 999 2347, con atenci\u00f3n de lunes a viernes de 9 a 16 horas.<\/p>\n<p>Desde AFIP aclararon que los reclamos que presenten ciertas irregularidades no ser\u00e1n tenidos en cuenta:<\/p>\n<ul>\n<li>Se presenten sin la informaci\u00f3n necesaria.<\/li>\n<li>Los datos de identificaci\u00f3n fuesen falsos o no se pudiese verificar su autenticidad.<\/li>\n<li>No resulte claro el motivo del reclamo o sugerencia realizada y no se pueda establecer un contacto con el reclamante para aclarar dicha situaci\u00f3n.<\/li>\n<li>Se pretenda tramitar acciones, recursos o derechos como si fueran un reclamo o sugerencia.<\/li>\n<li>Se presenten reclamos referidos a pedidos de resoluci\u00f3n de procedimientos ya iniciados, sujetas a plazos espec\u00edficos, antes del vencimiento del respectivo plazo.<\/li>\n<li>Se reiteren reclamos o sugerencias que ya fueron atendidos.<\/li>\n<li>Los reclamos o sugerencias no est\u00e9n vinculados con la competencia de la AFIP.<\/li>\n<\/ul>\n<p>Quedar\u00e1n excluidos tambi\u00e9n aquellos que cobren jubilaciones, pensiones por fallecimiento o pensiones no contributivas nacionales que excedan los 6 haberes m\u00ednimos (por debajo de ese rango est\u00e1n incluidos en el programa).<\/p>\n<p>Se suman dentro de los que quedan afuera <em>\u00abCompre sin IVA\u00bb<\/em> quienes cobren jubilaciones o pensiones por cajas provinciales; sean titulares de la asignaci\u00f3n universal por hijo (AUH), por un importe superior a los 6 haberes m\u00ednimos; o trabajen en relaci\u00f3n de dependencia, con un ingreso mensual superior a 6 veces el salario m\u00ednimo, vital y m\u00f3vil.<\/p>\n<p>Otros m\u00e1s que no recibir\u00e1n el reintegro: monotributistas que obtienen ingresos provenientes de: cargos p\u00fablicos; o que ejerzan la direcci\u00f3n, administraci\u00f3n o conducci\u00f3n de sociedades; o la direcci\u00f3n, administraci\u00f3n o conducci\u00f3n de sociedades. Locaci\u00f3n de bienes muebles o inmuebles.<\/p>\n<h4><strong>Cu\u00e1ndo deber\u00eda ver el reintegro en mi cuenta<\/strong><\/h4>\n<p>La persona que compre con tarjeta de d\u00e9bito recibir\u00e1 el reintegro se manera inmediata, pero ver\u00e1 la devoluci\u00f3n reflejada en un plazo de 24 horas, si la compra se realiz\u00f3 antes de las 17. O a las 48 horas, si hizo despu\u00e9s de las 17 horas. La devoluci\u00f3n llevar\u00e1 la leyenda de: <em>\u00abReintegro programa Compre sin IVA\u00bb<\/em>.<\/p>\n<h4><strong>Qui\u00e9nes est\u00e1n alcanzados por el beneficio<\/strong><\/h4>\n<p>Podr\u00e1n acceder al beneficio las personas que:<\/p>\n<ul>\n<li>Cobren jubilaciones, pensiones por fallecimiento o pensiones no contributivas nacionales, que no excedan de 6 haberes m\u00ednimos.<\/li>\n<li>Sean titulares de la asignaci\u00f3n universal por hijo (AUH), hasta 6 haberes m\u00ednimos.<\/li>\n<li>Cobren jubilaciones, pensiones por fallecimiento o pensiones no contributivas nacionales, que no excedan de 6 haberes m\u00ednimos.<\/li>\n<li>Sean titulares de la asignaci\u00f3n universal por hijo (AUH), hasta 6 haberes m\u00ednimos.<\/li>\n<li>Sean titulares de la asignaci\u00f3n universal por embarazo (AUE).<\/li>\n<li>Trabajen en relaci\u00f3n de dependencia, con un ingreso mensual de hasta 6 veces el salario m\u00ednimo, vital y m\u00f3vil, considerando la remuneraci\u00f3n bruta devengada en el per\u00edodo fiscal vencido en el mismo mes que se env\u00ede la informaci\u00f3n de los sujetos beneficiarios a las entidades administradoras de sistemas de tarjetas de d\u00e9bito. En caso de pluriempleo se considerar\u00e1 la sumatoria de las remuneratorias brutas.<\/li>\n<li>Sean trabajadores o trabajadoras de casas particulares.<\/li>\n<li>Sean monotributistas, excepto que obtengan ingresos provenientes de: cargos p\u00fablicos; el ejercicio de la direcci\u00f3n, administraci\u00f3n o conducci\u00f3n de sociedades; prestaciones e inversiones financieras, compraventa de valores mobiliarios y de participaciones en las utilidades de cualquier sociedad; locaci\u00f3n de bienes muebles o inmuebles; cobren jubilaciones, pensiones por fallecimiento o pensiones no contributivas nacionales, que no excedan de 6 haberes m\u00ednimos; sean titulares de la asignaci\u00f3n universal por hijo (AUH), hasta 6 haberes m\u00ednimos; sean titulares de la asignaci\u00f3n universal por embarazo (AUE).<\/li>\n<\/ul>\n<p><em>(Clar\u00edn)<\/em><\/p>\n","protected":false},"excerpt":{"rendered":"<p>Se multiplican las quejas de los que no logran hacerse del reintegro del programa del \u00abCompre sin IVA\u00bb. Pero hay pasos que se deben hacer [&hellip;]<\/p>\n","protected":false},"author":1,"featured_media":213,"comment_status":"open","ping_status":"closed","sticky":false,"template":"","format":"standard","meta":{"footnotes":""},"categories":[10],"tags":[],"class_list":["post-211","post","type-post","status-publish","format-standard","has-post-thumbnail","hentry","category-economia"],"better_featured_image":{"id":213,"alt_text":"","caption":"","description":"","media_type":"image","media_details":{"width":720,"height":480,"file":"2023\/10\/compre-sin-iva.jpg","filesize":32892,"sizes":{"medium":{"file":"compre-sin-iva-300x200.jpg","width":300,"height":200,"mime-type":"image\/jpeg","filesize":13004,"source_url":"https:\/\/nuevodigitaldeescobar.com.ar\/wp-content\/uploads\/2023\/10\/compre-sin-iva-300x200.jpg"},"thumbnail":{"file":"compre-sin-iva-150x150.jpg","width":150,"height":150,"mime-type":"image\/jpeg","filesize":8313,"source_url":"https:\/\/nuevodigitaldeescobar.com.ar\/wp-content\/uploads\/2023\/10\/compre-sin-iva-150x150.jpg"},"covernews-medium":{"file":"compre-sin-iva-540x340.jpg","width":540,"height":340,"mime-type":"image\/jpeg","filesize":24474,"source_url":"https:\/\/nuevodigitaldeescobar.com.ar\/wp-content\/uploads\/2023\/10\/compre-sin-iva-540x340.jpg"},"covernews-medium-square":{"file":"compre-sin-iva-400x250.jpg","width":400,"height":250,"mime-type":"image\/jpeg","filesize":17074,"source_url":"https:\/\/nuevodigitaldeescobar.com.ar\/wp-content\/uploads\/2023\/10\/compre-sin-iva-400x250.jpg"}},"image_meta":{"aperture":"0","credit":"","camera":"","caption":"","created_timestamp":"0","copyright":"","focal_length":"0","iso":"0","shutter_speed":"0","title":"","orientation":"0","keywords":[]}},"post":211,"source_url":"https:\/\/nuevodigitaldeescobar.com.ar\/wp-content\/uploads\/2023\/10\/compre-sin-iva.jpg"},"yoast_head":"<!-- This site is optimized with the Yoast SEO plugin v26.1.1 - https:\/\/yoast.com\/wordpress\/plugins\/seo\/ -->\n<title>Devoluci\u00f3n del IVA: d\u00f3nde reclamar si no me hicieron el reintegro - Nuevo Digital de Escobar<\/title>\n<meta name=\"robots\" content=\"index, follow, max-snippet:-1, max-image-preview:large, max-video-preview:-1\" \/>\n<link rel=\"canonical\" href=\"https:\/\/nuevodigitaldeescobar.com.ar\/?p=211\" \/>\n<meta property=\"og:locale\" content=\"es_ES\" \/>\n<meta property=\"og:type\" content=\"article\" \/>\n<meta property=\"og:title\" content=\"Devoluci\u00f3n del IVA: d\u00f3nde reclamar si no me hicieron el reintegro - Nuevo Digital de Escobar\" \/>\n<meta property=\"og:description\" content=\"Se multiplican las quejas de los que no logran hacerse del reintegro del programa del \u00abCompre sin IVA\u00bb. Pero hay pasos que se deben hacer [&hellip;]\" \/>\n<meta property=\"og:url\" content=\"https:\/\/nuevodigitaldeescobar.com.ar\/?p=211\" \/>\n<meta property=\"og:site_name\" content=\"Nuevo Digital de Escobar\" \/>\n<meta property=\"article:publisher\" content=\"https:\/\/www.facebook.com\/NUEVODigitalDeEscobar\" \/>\n<meta property=\"article:published_time\" content=\"2023-10-18T20:40:00+00:00\" \/>\n<meta property=\"article:modified_time\" content=\"2023-10-18T22:19:47+00:00\" \/>\n<meta property=\"og:image\" content=\"https:\/\/nuevodigitaldeescobar.com.ar\/wp-content\/uploads\/2023\/10\/compre-sin-iva.jpg\" \/>\n\t<meta property=\"og:image:width\" content=\"720\" \/>\n\t<meta property=\"og:image:height\" content=\"480\" \/>\n\t<meta property=\"og:image:type\" content=\"image\/jpeg\" \/>\n<meta name=\"author\" content=\"Redacci\u00f3n\" \/>\n<meta name=\"twitter:card\" content=\"summary_large_image\" \/>\n<meta name=\"twitter:creator\" content=\"@nuevodigescobar\" \/>\n<meta name=\"twitter:site\" content=\"@nuevodigescobar\" \/>\n<meta name=\"twitter:label1\" content=\"Escrito por\" \/>\n\t<meta name=\"twitter:data1\" content=\"Redacci\u00f3n\" \/>\n\t<meta name=\"twitter:label2\" content=\"Tiempo de lectura\" \/>\n\t<meta name=\"twitter:data2\" content=\"5 minutos\" \/>\n<script type=\"application\/ld+json\" class=\"yoast-schema-graph\">{\"@context\":\"https:\/\/schema.org\",\"@graph\":[{\"@type\":\"Article\",\"@id\":\"https:\/\/nuevodigitaldeescobar.com.ar\/?p=211#article\",\"isPartOf\":{\"@id\":\"https:\/\/nuevodigitaldeescobar.com.ar\/?p=211\"},\"author\":{\"name\":\"Redacci\u00f3n\",\"@id\":\"https:\/\/nuevodigitaldeescobar.com.ar\/#\/schema\/person\/035e90a8efe9a80e6eec22656ad6ea4c\"},\"headline\":\"Devoluci\u00f3n del IVA: d\u00f3nde reclamar si no me hicieron el reintegro\",\"datePublished\":\"2023-10-18T20:40:00+00:00\",\"dateModified\":\"2023-10-18T22:19:47+00:00\",\"mainEntityOfPage\":{\"@id\":\"https:\/\/nuevodigitaldeescobar.com.ar\/?p=211\"},\"wordCount\":1017,\"commentCount\":0,\"publisher\":{\"@id\":\"https:\/\/nuevodigitaldeescobar.com.ar\/#organization\"},\"image\":{\"@id\":\"https:\/\/nuevodigitaldeescobar.com.ar\/?p=211#primaryimage\"},\"thumbnailUrl\":\"https:\/\/nuevodigitaldeescobar.com.ar\/wp-content\/uploads\/2023\/10\/compre-sin-iva.jpg\",\"articleSection\":[\"Econom\u00eda\"],\"inLanguage\":\"es\",\"potentialAction\":[{\"@type\":\"CommentAction\",\"name\":\"Comment\",\"target\":[\"https:\/\/nuevodigitaldeescobar.com.ar\/?p=211#respond\"]}]},{\"@type\":\"WebPage\",\"@id\":\"https:\/\/nuevodigitaldeescobar.com.ar\/?p=211\",\"url\":\"https:\/\/nuevodigitaldeescobar.com.ar\/?p=211\",\"name\":\"Devoluci\u00f3n del IVA: d\u00f3nde reclamar si no me hicieron el reintegro - Nuevo Digital de Escobar\",\"isPartOf\":{\"@id\":\"https:\/\/nuevodigitaldeescobar.com.ar\/#website\"},\"primaryImageOfPage\":{\"@id\":\"https:\/\/nuevodigitaldeescobar.com.ar\/?p=211#primaryimage\"},\"image\":{\"@id\":\"https:\/\/nuevodigitaldeescobar.com.ar\/?p=211#primaryimage\"},\"thumbnailUrl\":\"https:\/\/nuevodigitaldeescobar.com.ar\/wp-content\/uploads\/2023\/10\/compre-sin-iva.jpg\",\"datePublished\":\"2023-10-18T20:40:00+00:00\",\"dateModified\":\"2023-10-18T22:19:47+00:00\",\"breadcrumb\":{\"@id\":\"https:\/\/nuevodigitaldeescobar.com.ar\/?p=211#breadcrumb\"},\"inLanguage\":\"es\",\"potentialAction\":[{\"@type\":\"ReadAction\",\"target\":[\"https:\/\/nuevodigitaldeescobar.com.ar\/?p=211\"]}]},{\"@type\":\"ImageObject\",\"inLanguage\":\"es\",\"@id\":\"https:\/\/nuevodigitaldeescobar.com.ar\/?p=211#primaryimage\",\"url\":\"https:\/\/nuevodigitaldeescobar.com.ar\/wp-content\/uploads\/2023\/10\/compre-sin-iva.jpg\",\"contentUrl\":\"https:\/\/nuevodigitaldeescobar.com.ar\/wp-content\/uploads\/2023\/10\/compre-sin-iva.jpg\",\"width\":720,\"height\":480},{\"@type\":\"BreadcrumbList\",\"@id\":\"https:\/\/nuevodigitaldeescobar.com.ar\/?p=211#breadcrumb\",\"itemListElement\":[{\"@type\":\"ListItem\",\"position\":1,\"name\":\"Portada\",\"item\":\"https:\/\/nuevodigitaldeescobar.com.ar\/\"},{\"@type\":\"ListItem\",\"position\":2,\"name\":\"Devoluci\u00f3n del IVA: d\u00f3nde reclamar si no me hicieron el reintegro\"}]},{\"@type\":\"WebSite\",\"@id\":\"https:\/\/nuevodigitaldeescobar.com.ar\/#website\",\"url\":\"https:\/\/nuevodigitaldeescobar.com.ar\/\",\"name\":\"Nuevo Digital de Escobar\",\"description\":\"La vida escobarense. Directora: Rosana Brunner\",\"publisher\":{\"@id\":\"https:\/\/nuevodigitaldeescobar.com.ar\/#organization\"},\"potentialAction\":[{\"@type\":\"SearchAction\",\"target\":{\"@type\":\"EntryPoint\",\"urlTemplate\":\"https:\/\/nuevodigitaldeescobar.com.ar\/?s={search_term_string}\"},\"query-input\":{\"@type\":\"PropertyValueSpecification\",\"valueRequired\":true,\"valueName\":\"search_term_string\"}}],\"inLanguage\":\"es\"},{\"@type\":\"Organization\",\"@id\":\"https:\/\/nuevodigitaldeescobar.com.ar\/#organization\",\"name\":\"Nuevo Digital de Escobar\",\"url\":\"https:\/\/nuevodigitaldeescobar.com.ar\/\",\"logo\":{\"@type\":\"ImageObject\",\"inLanguage\":\"es\",\"@id\":\"https:\/\/nuevodigitaldeescobar.com.ar\/#\/schema\/logo\/image\/\",\"url\":\"https:\/\/nuevodigitaldeescobar.com.ar\/wp-content\/uploads\/2025\/05\/cropped-logo-nuevo2.jpg\",\"contentUrl\":\"https:\/\/nuevodigitaldeescobar.com.ar\/wp-content\/uploads\/2025\/05\/cropped-logo-nuevo2.jpg\",\"width\":305,\"height\":305,\"caption\":\"Nuevo Digital de Escobar\"},\"image\":{\"@id\":\"https:\/\/nuevodigitaldeescobar.com.ar\/#\/schema\/logo\/image\/\"},\"sameAs\":[\"https:\/\/www.facebook.com\/NUEVODigitalDeEscobar\",\"https:\/\/x.com\/nuevodigescobar\",\"https:\/\/www.instagram.com\/nuevodigitaldeescobar\"]},{\"@type\":\"Person\",\"@id\":\"https:\/\/nuevodigitaldeescobar.com.ar\/#\/schema\/person\/035e90a8efe9a80e6eec22656ad6ea4c\",\"name\":\"Redacci\u00f3n\",\"image\":{\"@type\":\"ImageObject\",\"inLanguage\":\"es\",\"@id\":\"https:\/\/nuevodigitaldeescobar.com.ar\/#\/schema\/person\/image\/\",\"url\":\"https:\/\/secure.gravatar.com\/avatar\/8af8f40000c24e9eef3034f2be5998a372bb1389e64b1a4a36b3a7979142220d?s=96&d=mm&r=g\",\"contentUrl\":\"https:\/\/secure.gravatar.com\/avatar\/8af8f40000c24e9eef3034f2be5998a372bb1389e64b1a4a36b3a7979142220d?s=96&d=mm&r=g\",\"caption\":\"Redacci\u00f3n\"},\"sameAs\":[\"http:\/\/nuevodigitaldeescobar.com.ar\"],\"url\":\"https:\/\/nuevodigitaldeescobar.com.ar\/?author=1\"}]}<\/script>\n<!-- \/ Yoast SEO plugin. -->","yoast_head_json":{"title":"Devoluci\u00f3n del IVA: d\u00f3nde reclamar si no me hicieron el reintegro - Nuevo Digital de Escobar","robots":{"index":"index","follow":"follow","max-snippet":"max-snippet:-1","max-image-preview":"max-image-preview:large","max-video-preview":"max-video-preview:-1"},"canonical":"https:\/\/nuevodigitaldeescobar.com.ar\/?p=211","og_locale":"es_ES","og_type":"article","og_title":"Devoluci\u00f3n del IVA: d\u00f3nde reclamar si no me hicieron el reintegro - Nuevo Digital de Escobar","og_description":"Se multiplican las quejas de los que no logran hacerse del reintegro del programa del \u00abCompre sin IVA\u00bb. Pero hay pasos que se deben hacer [&hellip;]","og_url":"https:\/\/nuevodigitaldeescobar.com.ar\/?p=211","og_site_name":"Nuevo Digital de Escobar","article_publisher":"https:\/\/www.facebook.com\/NUEVODigitalDeEscobar","article_published_time":"2023-10-18T20:40:00+00:00","article_modified_time":"2023-10-18T22:19:47+00:00","og_image":[{"width":720,"height":480,"url":"https:\/\/nuevodigitaldeescobar.com.ar\/wp-content\/uploads\/2023\/10\/compre-sin-iva.jpg","type":"image\/jpeg"}],"author":"Redacci\u00f3n","twitter_card":"summary_large_image","twitter_creator":"@nuevodigescobar","twitter_site":"@nuevodigescobar","twitter_misc":{"Escrito por":"Redacci\u00f3n","Tiempo de lectura":"5 minutos"},"schema":{"@context":"https:\/\/schema.org","@graph":[{"@type":"Article","@id":"https:\/\/nuevodigitaldeescobar.com.ar\/?p=211#article","isPartOf":{"@id":"https:\/\/nuevodigitaldeescobar.com.ar\/?p=211"},"author":{"name":"Redacci\u00f3n","@id":"https:\/\/nuevodigitaldeescobar.com.ar\/#\/schema\/person\/035e90a8efe9a80e6eec22656ad6ea4c"},"headline":"Devoluci\u00f3n del IVA: d\u00f3nde reclamar si no me hicieron el reintegro","datePublished":"2023-10-18T20:40:00+00:00","dateModified":"2023-10-18T22:19:47+00:00","mainEntityOfPage":{"@id":"https:\/\/nuevodigitaldeescobar.com.ar\/?p=211"},"wordCount":1017,"commentCount":0,"publisher":{"@id":"https:\/\/nuevodigitaldeescobar.com.ar\/#organization"},"image":{"@id":"https:\/\/nuevodigitaldeescobar.com.ar\/?p=211#primaryimage"},"thumbnailUrl":"https:\/\/nuevodigitaldeescobar.com.ar\/wp-content\/uploads\/2023\/10\/compre-sin-iva.jpg","articleSection":["Econom\u00eda"],"inLanguage":"es","potentialAction":[{"@type":"CommentAction","name":"Comment","target":["https:\/\/nuevodigitaldeescobar.com.ar\/?p=211#respond"]}]},{"@type":"WebPage","@id":"https:\/\/nuevodigitaldeescobar.com.ar\/?p=211","url":"https:\/\/nuevodigitaldeescobar.com.ar\/?p=211","name":"Devoluci\u00f3n del IVA: d\u00f3nde reclamar si no me hicieron el reintegro - Nuevo Digital de Escobar","isPartOf":{"@id":"https:\/\/nuevodigitaldeescobar.com.ar\/#website"},"primaryImageOfPage":{"@id":"https:\/\/nuevodigitaldeescobar.com.ar\/?p=211#primaryimage"},"image":{"@id":"https:\/\/nuevodigitaldeescobar.com.ar\/?p=211#primaryimage"},"thumbnailUrl":"https:\/\/nuevodigitaldeescobar.com.ar\/wp-content\/uploads\/2023\/10\/compre-sin-iva.jpg","datePublished":"2023-10-18T20:40:00+00:00","dateModified":"2023-10-18T22:19:47+00:00","breadcrumb":{"@id":"https:\/\/nuevodigitaldeescobar.com.ar\/?p=211#breadcrumb"},"inLanguage":"es","potentialAction":[{"@type":"ReadAction","target":["https:\/\/nuevodigitaldeescobar.com.ar\/?p=211"]}]},{"@type":"ImageObject","inLanguage":"es","@id":"https:\/\/nuevodigitaldeescobar.com.ar\/?p=211#primaryimage","url":"https:\/\/nuevodigitaldeescobar.com.ar\/wp-content\/uploads\/2023\/10\/compre-sin-iva.jpg","contentUrl":"https:\/\/nuevodigitaldeescobar.com.ar\/wp-content\/uploads\/2023\/10\/compre-sin-iva.jpg","width":720,"height":480},{"@type":"BreadcrumbList","@id":"https:\/\/nuevodigitaldeescobar.com.ar\/?p=211#breadcrumb","itemListElement":[{"@type":"ListItem","position":1,"name":"Portada","item":"https:\/\/nuevodigitaldeescobar.com.ar\/"},{"@type":"ListItem","position":2,"name":"Devoluci\u00f3n del IVA: d\u00f3nde reclamar si no me hicieron el reintegro"}]},{"@type":"WebSite","@id":"https:\/\/nuevodigitaldeescobar.com.ar\/#website","url":"https:\/\/nuevodigitaldeescobar.com.ar\/","name":"Nuevo Digital de Escobar","description":"La vida escobarense. Directora: Rosana Brunner","publisher":{"@id":"https:\/\/nuevodigitaldeescobar.com.ar\/#organization"},"potentialAction":[{"@type":"SearchAction","target":{"@type":"EntryPoint","urlTemplate":"https:\/\/nuevodigitaldeescobar.com.ar\/?s={search_term_string}"},"query-input":{"@type":"PropertyValueSpecification","valueRequired":true,"valueName":"search_term_string"}}],"inLanguage":"es"},{"@type":"Organization","@id":"https:\/\/nuevodigitaldeescobar.com.ar\/#organization","name":"Nuevo Digital de Escobar","url":"https:\/\/nuevodigitaldeescobar.com.ar\/","logo":{"@type":"ImageObject","inLanguage":"es","@id":"https:\/\/nuevodigitaldeescobar.com.ar\/#\/schema\/logo\/image\/","url":"https:\/\/nuevodigitaldeescobar.com.ar\/wp-content\/uploads\/2025\/05\/cropped-logo-nuevo2.jpg","contentUrl":"https:\/\/nuevodigitaldeescobar.com.ar\/wp-content\/uploads\/2025\/05\/cropped-logo-nuevo2.jpg","width":305,"height":305,"caption":"Nuevo Digital de Escobar"},"image":{"@id":"https:\/\/nuevodigitaldeescobar.com.ar\/#\/schema\/logo\/image\/"},"sameAs":["https:\/\/www.facebook.com\/NUEVODigitalDeEscobar","https:\/\/x.com\/nuevodigescobar","https:\/\/www.instagram.com\/nuevodigitaldeescobar"]},{"@type":"Person","@id":"https:\/\/nuevodigitaldeescobar.com.ar\/#\/schema\/person\/035e90a8efe9a80e6eec22656ad6ea4c","name":"Redacci\u00f3n","image":{"@type":"ImageObject","inLanguage":"es","@id":"https:\/\/nuevodigitaldeescobar.com.ar\/#\/schema\/person\/image\/","url":"https:\/\/secure.gravatar.com\/avatar\/8af8f40000c24e9eef3034f2be5998a372bb1389e64b1a4a36b3a7979142220d?s=96&d=mm&r=g","contentUrl":"https:\/\/secure.gravatar.com\/avatar\/8af8f40000c24e9eef3034f2be5998a372bb1389e64b1a4a36b3a7979142220d?s=96&d=mm&r=g","caption":"Redacci\u00f3n"},"sameAs":["http:\/\/nuevodigitaldeescobar.com.ar"],"url":"https:\/\/nuevodigitaldeescobar.com.ar\/?author=1"}]}},"featured_image_urls":{"full":["https:\/\/nuevodigitaldeescobar.com.ar\/wp-content\/uploads\/2023\/10\/compre-sin-iva.jpg",720,480,false],"thumbnail":["https:\/\/nuevodigitaldeescobar.com.ar\/wp-content\/uploads\/2023\/10\/compre-sin-iva-150x150.jpg",150,150,true],"medium":["https:\/\/nuevodigitaldeescobar.com.ar\/wp-content\/uploads\/2023\/10\/compre-sin-iva-300x200.jpg",300,200,true],"medium_large":["https:\/\/nuevodigitaldeescobar.com.ar\/wp-content\/uploads\/2023\/10\/compre-sin-iva.jpg",640,427,false],"large":["https:\/\/nuevodigitaldeescobar.com.ar\/wp-content\/uploads\/2023\/10\/compre-sin-iva.jpg",640,427,false],"1536x1536":["https:\/\/nuevodigitaldeescobar.com.ar\/wp-content\/uploads\/2023\/10\/compre-sin-iva.jpg",720,480,false],"2048x2048":["https:\/\/nuevodigitaldeescobar.com.ar\/wp-content\/uploads\/2023\/10\/compre-sin-iva.jpg",720,480,false]},"author_info":{"display_name":"Redacci\u00f3n","author_link":"https:\/\/nuevodigitaldeescobar.com.ar\/?author=1"},"category_info":"<a href=\"https:\/\/nuevodigitaldeescobar.com.ar\/?cat=10\" rel=\"category\">Econom\u00eda<\/a>","tag_info":"Econom\u00eda","comment_count":"0","_links":{"self":[{"href":"https:\/\/nuevodigitaldeescobar.com.ar\/index.php?rest_route=\/wp\/v2\/posts\/211","targetHints":{"allow":["GET"]}}],"collection":[{"href":"https:\/\/nuevodigitaldeescobar.com.ar\/index.php?rest_route=\/wp\/v2\/posts"}],"about":[{"href":"https:\/\/nuevodigitaldeescobar.com.ar\/index.php?rest_route=\/wp\/v2\/types\/post"}],"author":[{"embeddable":true,"href":"https:\/\/nuevodigitaldeescobar.com.ar\/index.php?rest_route=\/wp\/v2\/users\/1"}],"replies":[{"embeddable":true,"href":"https:\/\/nuevodigitaldeescobar.com.ar\/index.php?rest_route=%2Fwp%2Fv2%2Fcomments&post=211"}],"version-history":[{"count":2,"href":"https:\/\/nuevodigitaldeescobar.com.ar\/index.php?rest_route=\/wp\/v2\/posts\/211\/revisions"}],"predecessor-version":[{"id":215,"href":"https:\/\/nuevodigitaldeescobar.com.ar\/index.php?rest_route=\/wp\/v2\/posts\/211\/revisions\/215"}],"wp:featuredmedia":[{"embeddable":true,"href":"https:\/\/nuevodigitaldeescobar.com.ar\/index.php?rest_route=\/wp\/v2\/media\/213"}],"wp:attachment":[{"href":"https:\/\/nuevodigitaldeescobar.com.ar\/index.php?rest_route=%2Fwp%2Fv2%2Fmedia&parent=211"}],"wp:term":[{"taxonomy":"category","embeddable":true,"href":"https:\/\/nuevodigitaldeescobar.com.ar\/index.php?rest_route=%2Fwp%2Fv2%2Fcategories&post=211"},{"taxonomy":"post_tag","embeddable":true,"href":"https:\/\/nuevodigitaldeescobar.com.ar\/index.php?rest_route=%2Fwp%2Fv2%2Ftags&post=211"}],"curies":[{"name":"wp","href":"https:\/\/api.w.org\/{rel}","templated":true}]}}